{"id":65196,"date":"2021-05-14T18:22:11","date_gmt":"2021-05-14T21:22:11","guid":{"rendered":"https:\/\/portalnpm.com\/index.php\/2021\/05\/14\/tite-convoca-selecao-para-eliminatorias-com-gabigol-e-daniel-alves-lista\/"},"modified":"2024-01-15T23:20:26","modified_gmt":"2024-01-16T02:20:26","slug":"tite-convoca-selecao-para-eliminatorias-com-gabigol-e-daniel-alves-lista","status":"publish","type":"post","link":"https:\/\/portalnpm.com\/index.php\/2021\/05\/14\/tite-convoca-selecao-para-eliminatorias-com-gabigol-e-daniel-alves-lista\/","title":{"rendered":"Tite convoca Sele\u00e7\u00e3o para Eliminat\u00f3rias com Gabigol e Daniel Alves; lista!"},"content":{"rendered":"<p><p style=\"text-align: justify;\">A Sele&ccedil;&atilde;o Brasileira est&aacute; convocada para as pr&oacute;ximas duas rodadas das Eliminat&oacute;rias da Copa do Mundo FIFA Catar 2022. Nesta sexta-feira (14), na sede da CBF, o t&eacute;cnico Tite divulgou a lista com 24 jogadores para os confrontos com Equador e Paraguai. As partidas est&atilde;o marcadas para os dias 4 e 8 de junho, respectivamente.<\/p>\n<p style=\"text-align: justify;\">&#8220;O momento &eacute; de ter contato humano com os atletas e repetir desempenho do jogo do Uruguai. Tentar retomar o padr&atilde;o, que &eacute; o objetivo e a ess&ecirc;ncia, desempenho, resultado e seguir vencendo&#8221;, projetou o t&eacute;cnico Tite.<\/p>\n<p style=\"text-align: justify;\"><img decoding=\"async\" class=\"i-amphtml-fill-content i-amphtml-replaced-content\" src=\"https:\/\/portalnpm.com\/wp-content\/uploads\/2024\/01\/tite-convoca-selecao-para-eliminatorias-com-novidade-e-retornos-a12f41be-b955-4a82-991b-ecbf2056de42.jpg\" alt=\"Tite convoca Sele&ccedil;&atilde;o Brasileira para duelos contra Equador e Paraguai pelas Eliminat&oacute;rias (Foto: Lucas Figueiredo\/CBF)\"><\/p>\n<p style=\"text-align: justify;\"><span class=\"fr-inner\">Tite convoca Sele&ccedil;&atilde;o Brasileira para duelos contra Equador e Paraguai pelas Eliminat&oacute;rias (Foto: Lucas Figueiredo\/CBF)<\/span><\/p>\n<p style=\"text-align: justify;\">Brasil e Equador se enfrentam no Est&aacute;dio Beira-Rio, no dia 4 de junho, &agrave;s 21h30. Quatro dias depois, tamb&eacute;m &agrave;s 21h30 (hor&aacute;rio de Bras&iacute;lia), ser&aacute; a vez de duelar com o Paraguai em Assun&ccedil;&atilde;o.&nbsp;Com 24 jogadores convocados, a lista conta com um estreante. Trata-se do zagueiro Lucas Ver&iacute;ssimo, ex-Santos e atualmente no Benfica, de Portugual. Aos 25 anos, o paulista natural de Jundia&iacute; ter&aacute; sua primeira oportunidade com a Amarelinha.<\/p>\n<p style=\"text-align: justify;\"><img decoding=\"async\" class=\"i-amphtml-fill-content i-amphtml-replaced-content\" src=\"https:\/\/portalnpm.com\/wp-content\/uploads\/2024\/01\/tite-convoca-selecao-para-eliminatorias-com-novidade-e-retornos-6475faf0-602e-41fd-8744-31f45d8c9dd7.jpg\" alt=\"Gabigol do Flamengo e Daniel Alves do S&atilde;o Paulo est&atilde;o de volta (Foto: Marcelo Cortes e Bruno Ulivieri\/AGIF )\"><\/p>\n<p style=\"text-align: justify;\"><span class=\"fr-inner\">Gabigol do Flamengo e Daniel Alves do S&atilde;o Paulo est&atilde;o de volta (Foto: Marcelo Cortes e Bruno Ulivieri\/AGIF )<\/span><\/p>\n<p style=\"text-align: justify;\">L&iacute;der das Eliminat&oacute;rias Sul-Americanas da Copa do Mundo ap&oacute;s o&nbsp;<a href=\"https:\/\/www.cbf.com.br\/selecao-brasileira\/noticias\/selecao-masculina\/selecao-brasileira-tem-melhor-inicio-nas-eliminatorias-em-50-anos\">melhor in&iacute;cio na competi&ccedil;&atilde;o em mais de 50 anos<\/a>, a Sele&ccedil;&atilde;o Brasileira contabiliza 12 pontos conquistados em quatro jogos disputados na competi&ccedil;&atilde;o. &Eacute; a &uacute;nica equipe com 100% de aproveitamento at&eacute; aqui. Na &uacute;ltima rodada, o Brasil derrotou o Uruguai, fora de casa, por 2 a 0.<\/p>\n<p style=\"text-align: justify;\"><strong>Confira a lista de convocados:<\/strong><\/p>\n<p style=\"text-align: justify;\"><strong>GOLEIROS<\/strong><\/p>\n<p style=\"text-align: justify;\">Alisson &#8211; Liverpool (ING)<\/p>\n<p style=\"text-align: justify;\">Ederson &#8211; Manchester City (ING)<\/p>\n<p style=\"text-align: justify;\">Weverton &#8211; Palmeiras<\/p>\n<p style=\"text-align: justify;\"><strong>LATERAIS<\/strong><\/p>\n<p style=\"text-align: justify;\">Dani Alves &#8211; S&atilde;o Paulo<\/p>\n<p style=\"text-align: justify;\">Danilo &#8211; Juventus (ITA)<\/p>\n<p style=\"text-align: justify;\">Renan Lodi &#8211; Atl&eacute;tico de Madrid (ESP)<\/p>\n<p style=\"text-align: justify;\">Alex Sandro &#8211; Juventus (ITA)<\/p>\n<p style=\"text-align: justify;\"><strong>ZAGUEIROS<\/strong><\/p>\n<p style=\"text-align: justify;\">Thiago Silva &#8211; Chelsea (ING)<\/p>\n<p style=\"text-align: justify;\">Marquinhos &#8211; Paris Saint Germain (FRA)<\/p>\n<p style=\"text-align: justify;\">Lucas Ver&iacute;ssimo &#8211; Benfica (POR)<\/p>\n<p style=\"text-align: justify;\">&Eacute;der Milit&atilde;o &#8211; Real Madrid (ESP)<\/p>\n<p style=\"text-align: justify;\"><strong>MEIAS<\/strong><\/p>\n<p style=\"text-align: justify;\">Casemiro &#8211; Real Madrid (ESP)<\/p>\n<p style=\"text-align: justify;\">Douglas Luiz &#8211; Aston Villa (ING)<\/p>\n<p style=\"text-align: justify;\">Fred &#8211; Manchester United (ING)<\/p>\n<p style=\"text-align: justify;\">Fabinho &#8211; Liverpool (ING)<\/p>\n<p style=\"text-align: justify;\">Lucas Paquet&aacute; &#8211; Lyon (FRA)<\/p>\n<p style=\"text-align: justify;\">Everton Ribeiro &#8211; Flamengo<\/p>\n<p style=\"text-align: justify;\"><strong>ATACANTES<\/strong><\/p>\n<p style=\"text-align: justify;\">Everton &#8211; Benfica (POR)<\/p>\n<p style=\"text-align: justify;\">Roberto Firmino &#8211; Liverpool (ING)<\/p>\n<p style=\"text-align: justify;\">Gabriel Barbosa &#8211; Flamengo<\/p>\n<p style=\"text-align: justify;\">Gabriel Jesus &#8211; Manchester City (ING)<\/p>\n<p style=\"text-align: justify;\">Neymar Jr. &#8211; Paris Saint Germain (FRA)<\/p>\n<p style=\"text-align: justify;\">Richarlison &#8211; Everton (ING)<\/p>\n<p style=\"text-align: justify;\">Vin&iacute;cius J&uacute;nior &#8211; Real Madrid (ESP)<\/p>\n<p style=\"text-align: justify;\">Fonte: CBF<\/p><\/p>\n","protected":false},"excerpt":{"rendered":"<p>A Sele&ccedil;&atilde;o Brasileira est&aacute; convocada para as pr&oacute;ximas duas rodadas das Eliminat&oacute;rias da Copa do Mundo FIFA Catar 2022. Nesta sexta-feira (14), na sede da CBF, o t&eacute;cnico Tite divulgou a lista com 24 jogadores para os confrontos com Equador e Paraguai. As partidas est&atilde;o marcadas para os dias 4 e 8 de junho, respectivamente. &hellip;<\/p>\n","protected":false},"author":2,"featured_media":65197,"comment_status":"open","ping_status":"open","sticky":false,"template":"","format":"standard","meta":{"content-type":"","rop_custom_images_group":[],"rop_custom_messages_group":[],"rop_publish_now":"initial","rop_publish_now_accounts":{"facebook_2648258775420054_1618374048415101":""},"rop_publish_now_history":[],"rop_publish_now_status":"pending","footnotes":"","_jetpack_memberships_contains_paid_content":false},"categories":[113,108],"tags":[3180,1160,1077],"yoast_head":"<!-- This site is optimized with the Yoast SEO plugin v22.3 - https:\/\/yoast.com\/wordpress\/plugins\/seo\/ -->\n<title>Tite convoca Sele\u00e7\u00e3o para Eliminat\u00f3rias com Gabigol e Daniel Alves; lista!<\/title>\n<meta name=\"robots\" content=\"index, follow, max-snippet:-1, max-image-preview:large, max-video-preview:-1\" \/>\n<link rel=\"canonical\" href=\"https:\/\/portalnpm.com\/index.php\/2021\/05\/14\/tite-convoca-selecao-para-eliminatorias-com-gabigol-e-daniel-alves-lista\/\" \/>\n<meta property=\"og:locale\" content=\"pt_BR\" \/>\n<meta property=\"og:type\" content=\"article\" \/>\n<meta property=\"og:title\" content=\"Tite convoca Sele\u00e7\u00e3o para Eliminat\u00f3rias com Gabigol e Daniel Alves; lista!\" \/>\n<meta property=\"og:description\" content=\"A Sele&ccedil;&atilde;o Brasileira est&aacute; convocada para as pr&oacute;ximas duas rodadas das Eliminat&oacute;rias da Copa do Mundo FIFA Catar 2022. Nesta sexta-feira (14), na sede da CBF, o t&eacute;cnico Tite divulgou a lista com 24 jogadores para os confrontos com Equador e Paraguai. As partidas est&atilde;o marcadas para os dias 4 e 8 de junho, respectivamente. &hellip;\" \/>\n<meta property=\"og:url\" content=\"https:\/\/portalnpm.com\/index.php\/2021\/05\/14\/tite-convoca-selecao-para-eliminatorias-com-gabigol-e-daniel-alves-lista\/\" \/>\n<meta property=\"og:site_name\" content=\"Portal NPM\" \/>\n<meta property=\"article:published_time\" content=\"2021-05-14T21:22:11+00:00\" \/>\n<meta property=\"article:modified_time\" content=\"2024-01-16T02:20:26+00:00\" \/>\n<meta property=\"og:image\" content=\"https:\/\/portalnpm.com\/wp-content\/uploads\/2024\/01\/20210514_182224.jpg\" \/>\n\t<meta property=\"og:image:width\" content=\"910\" \/>\n\t<meta property=\"og:image:height\" content=\"575\" \/>\n\t<meta property=\"og:image:type\" content=\"image\/jpeg\" \/>\n<meta name=\"author\" content=\"Genival Barbosa\" \/>\n<meta name=\"twitter:card\" content=\"summary_large_image\" \/>\n<meta name=\"twitter:label1\" content=\"Escrito por\" \/>\n\t<meta name=\"twitter:data1\" content=\"Genival Barbosa\" \/>\n\t<meta name=\"twitter:label2\" content=\"Est. tempo de leitura\" \/>\n\t<meta name=\"twitter:data2\" content=\"2 minutos\" \/>\n<script type=\"application\/ld+json\" class=\"yoast-schema-graph\">{\"@context\":\"https:\/\/schema.org\",\"@graph\":[{\"@type\":\"WebPage\",\"@id\":\"https:\/\/portalnpm.com\/index.php\/2021\/05\/14\/tite-convoca-selecao-para-eliminatorias-com-gabigol-e-daniel-alves-lista\/\",\"url\":\"https:\/\/portalnpm.com\/index.php\/2021\/05\/14\/tite-convoca-selecao-para-eliminatorias-com-gabigol-e-daniel-alves-lista\/\",\"name\":\"Tite convoca Sele\u00e7\u00e3o para Eliminat\u00f3rias com Gabigol e Daniel Alves; lista!\",\"isPartOf\":{\"@id\":\"https:\/\/portalnpm.com\/#website\"},\"primaryImageOfPage\":{\"@id\":\"https:\/\/portalnpm.com\/index.php\/2021\/05\/14\/tite-convoca-selecao-para-eliminatorias-com-gabigol-e-daniel-alves-lista\/#primaryimage\"},\"image\":{\"@id\":\"https:\/\/portalnpm.com\/index.php\/2021\/05\/14\/tite-convoca-selecao-para-eliminatorias-com-gabigol-e-daniel-alves-lista\/#primaryimage\"},\"thumbnailUrl\":\"https:\/\/portalnpm.com\/wp-content\/uploads\/2024\/01\/20210514_182224.jpg\",\"datePublished\":\"2021-05-14T21:22:11+00:00\",\"dateModified\":\"2024-01-16T02:20:26+00:00\",\"author\":{\"@id\":\"https:\/\/portalnpm.com\/#\/schema\/person\/49313e563cfdefcc167f1ee4c017c294\"},\"breadcrumb\":{\"@id\":\"https:\/\/portalnpm.com\/index.php\/2021\/05\/14\/tite-convoca-selecao-para-eliminatorias-com-gabigol-e-daniel-alves-lista\/#breadcrumb\"},\"inLanguage\":\"pt-BR\",\"potentialAction\":[{\"@type\":\"ReadAction\",\"target\":[\"https:\/\/portalnpm.com\/index.php\/2021\/05\/14\/tite-convoca-selecao-para-eliminatorias-com-gabigol-e-daniel-alves-lista\/\"]}]},{\"@type\":\"ImageObject\",\"inLanguage\":\"pt-BR\",\"@id\":\"https:\/\/portalnpm.com\/index.php\/2021\/05\/14\/tite-convoca-selecao-para-eliminatorias-com-gabigol-e-daniel-alves-lista\/#primaryimage\",\"url\":\"https:\/\/portalnpm.com\/wp-content\/uploads\/2024\/01\/20210514_182224.jpg\",\"contentUrl\":\"https:\/\/portalnpm.com\/wp-content\/uploads\/2024\/01\/20210514_182224.jpg\",\"width\":910,\"height\":575},{\"@type\":\"BreadcrumbList\",\"@id\":\"https:\/\/portalnpm.com\/index.php\/2021\/05\/14\/tite-convoca-selecao-para-eliminatorias-com-gabigol-e-daniel-alves-lista\/#breadcrumb\",\"itemListElement\":[{\"@type\":\"ListItem\",\"position\":1,\"name\":\"In\u00edcio\",\"item\":\"https:\/\/portalnpm.com\/\"},{\"@type\":\"ListItem\",\"position\":2,\"name\":\"Tite convoca Sele\u00e7\u00e3o para Eliminat\u00f3rias com Gabigol e Daniel Alves; lista!\"}]},{\"@type\":\"WebSite\",\"@id\":\"https:\/\/portalnpm.com\/#website\",\"url\":\"https:\/\/portalnpm.com\/\",\"name\":\"Portal NPM\",\"description\":\"Not\u00edcias em Primeira M\u00e3o\",\"potentialAction\":[{\"@type\":\"SearchAction\",\"target\":{\"@type\":\"EntryPoint\",\"urlTemplate\":\"https:\/\/portalnpm.com\/?s={search_term_string}\"},\"query-input\":\"required name=search_term_string\"}],\"inLanguage\":\"pt-BR\"},{\"@type\":\"Person\",\"@id\":\"https:\/\/portalnpm.com\/#\/schema\/person\/49313e563cfdefcc167f1ee4c017c294\",\"name\":\"Genival Barbosa\",\"image\":{\"@type\":\"ImageObject\",\"inLanguage\":\"pt-BR\",\"@id\":\"https:\/\/portalnpm.com\/#\/schema\/person\/image\/\",\"url\":\"https:\/\/portalnpm.com\/wp-content\/uploads\/2024\/02\/avatar_user_2_1707743258-96x96.jpeg\",\"contentUrl\":\"https:\/\/portalnpm.com\/wp-content\/uploads\/2024\/02\/avatar_user_2_1707743258-96x96.jpeg\",\"caption\":\"Genival Barbosa\"},\"url\":\"https:\/\/portalnpm.com\/index.php\/author\/genival\/\"}]}<\/script>\n<!-- \/ Yoast SEO plugin. -->","yoast_head_json":{"title":"Tite convoca Sele\u00e7\u00e3o para Eliminat\u00f3rias com Gabigol e Daniel Alves; lista!","robots":{"index":"index","follow":"follow","max-snippet":"max-snippet:-1","max-image-preview":"max-image-preview:large","max-video-preview":"max-video-preview:-1"},"canonical":"https:\/\/portalnpm.com\/index.php\/2021\/05\/14\/tite-convoca-selecao-para-eliminatorias-com-gabigol-e-daniel-alves-lista\/","og_locale":"pt_BR","og_type":"article","og_title":"Tite convoca Sele\u00e7\u00e3o para Eliminat\u00f3rias com Gabigol e Daniel Alves; lista!","og_description":"A Sele&ccedil;&atilde;o Brasileira est&aacute; convocada para as pr&oacute;ximas duas rodadas das Eliminat&oacute;rias da Copa do Mundo FIFA Catar 2022. Nesta sexta-feira (14), na sede da CBF, o t&eacute;cnico Tite divulgou a lista com 24 jogadores para os confrontos com Equador e Paraguai. As partidas est&atilde;o marcadas para os dias 4 e 8 de junho, respectivamente. &hellip;","og_url":"https:\/\/portalnpm.com\/index.php\/2021\/05\/14\/tite-convoca-selecao-para-eliminatorias-com-gabigol-e-daniel-alves-lista\/","og_site_name":"Portal NPM","article_published_time":"2021-05-14T21:22:11+00:00","article_modified_time":"2024-01-16T02:20:26+00:00","og_image":[{"width":910,"height":575,"url":"https:\/\/portalnpm.com\/wp-content\/uploads\/2024\/01\/20210514_182224.jpg","type":"image\/jpeg"}],"author":"Genival Barbosa","twitter_card":"summary_large_image","twitter_misc":{"Escrito por":"Genival Barbosa","Est. tempo de leitura":"2 minutos"},"schema":{"@context":"https:\/\/schema.org","@graph":[{"@type":"WebPage","@id":"https:\/\/portalnpm.com\/index.php\/2021\/05\/14\/tite-convoca-selecao-para-eliminatorias-com-gabigol-e-daniel-alves-lista\/","url":"https:\/\/portalnpm.com\/index.php\/2021\/05\/14\/tite-convoca-selecao-para-eliminatorias-com-gabigol-e-daniel-alves-lista\/","name":"Tite convoca Sele\u00e7\u00e3o para Eliminat\u00f3rias com Gabigol e Daniel Alves; lista!","isPartOf":{"@id":"https:\/\/portalnpm.com\/#website"},"primaryImageOfPage":{"@id":"https:\/\/portalnpm.com\/index.php\/2021\/05\/14\/tite-convoca-selecao-para-eliminatorias-com-gabigol-e-daniel-alves-lista\/#primaryimage"},"image":{"@id":"https:\/\/portalnpm.com\/index.php\/2021\/05\/14\/tite-convoca-selecao-para-eliminatorias-com-gabigol-e-daniel-alves-lista\/#primaryimage"},"thumbnailUrl":"https:\/\/portalnpm.com\/wp-content\/uploads\/2024\/01\/20210514_182224.jpg","datePublished":"2021-05-14T21:22:11+00:00","dateModified":"2024-01-16T02:20:26+00:00","author":{"@id":"https:\/\/portalnpm.com\/#\/schema\/person\/49313e563cfdefcc167f1ee4c017c294"},"breadcrumb":{"@id":"https:\/\/portalnpm.com\/index.php\/2021\/05\/14\/tite-convoca-selecao-para-eliminatorias-com-gabigol-e-daniel-alves-lista\/#breadcrumb"},"inLanguage":"pt-BR","potentialAction":[{"@type":"ReadAction","target":["https:\/\/portalnpm.com\/index.php\/2021\/05\/14\/tite-convoca-selecao-para-eliminatorias-com-gabigol-e-daniel-alves-lista\/"]}]},{"@type":"ImageObject","inLanguage":"pt-BR","@id":"https:\/\/portalnpm.com\/index.php\/2021\/05\/14\/tite-convoca-selecao-para-eliminatorias-com-gabigol-e-daniel-alves-lista\/#primaryimage","url":"https:\/\/portalnpm.com\/wp-content\/uploads\/2024\/01\/20210514_182224.jpg","contentUrl":"https:\/\/portalnpm.com\/wp-content\/uploads\/2024\/01\/20210514_182224.jpg","width":910,"height":575},{"@type":"BreadcrumbList","@id":"https:\/\/portalnpm.com\/index.php\/2021\/05\/14\/tite-convoca-selecao-para-eliminatorias-com-gabigol-e-daniel-alves-lista\/#breadcrumb","itemListElement":[{"@type":"ListItem","position":1,"name":"In\u00edcio","item":"https:\/\/portalnpm.com\/"},{"@type":"ListItem","position":2,"name":"Tite convoca Sele\u00e7\u00e3o para Eliminat\u00f3rias com Gabigol e Daniel Alves; lista!"}]},{"@type":"WebSite","@id":"https:\/\/portalnpm.com\/#website","url":"https:\/\/portalnpm.com\/","name":"Portal NPM","description":"Not\u00edcias em Primeira M\u00e3o","potentialAction":[{"@type":"SearchAction","target":{"@type":"EntryPoint","urlTemplate":"https:\/\/portalnpm.com\/?s={search_term_string}"},"query-input":"required name=search_term_string"}],"inLanguage":"pt-BR"},{"@type":"Person","@id":"https:\/\/portalnpm.com\/#\/schema\/person\/49313e563cfdefcc167f1ee4c017c294","name":"Genival Barbosa","image":{"@type":"ImageObject","inLanguage":"pt-BR","@id":"https:\/\/portalnpm.com\/#\/schema\/person\/image\/","url":"https:\/\/portalnpm.com\/wp-content\/uploads\/2024\/02\/avatar_user_2_1707743258-96x96.jpeg","contentUrl":"https:\/\/portalnpm.com\/wp-content\/uploads\/2024\/02\/avatar_user_2_1707743258-96x96.jpeg","caption":"Genival Barbosa"},"url":"https:\/\/portalnpm.com\/index.php\/author\/genival\/"}]}},"jetpack_sharing_enabled":true,"jetpack_featured_media_url":"https:\/\/portalnpm.com\/wp-content\/uploads\/2024\/01\/20210514_182224.jpg","_links":{"self":[{"href":"https:\/\/portalnpm.com\/index.php\/wp-json\/wp\/v2\/posts\/65196"}],"collection":[{"href":"https:\/\/portalnpm.com\/index.php\/wp-json\/wp\/v2\/posts"}],"about":[{"href":"https:\/\/portalnpm.com\/index.php\/wp-json\/wp\/v2\/types\/post"}],"author":[{"embeddable":true,"href":"https:\/\/portalnpm.com\/index.php\/wp-json\/wp\/v2\/users\/2"}],"replies":[{"embeddable":true,"href":"https:\/\/portalnpm.com\/index.php\/wp-json\/wp\/v2\/comments?post=65196"}],"version-history":[{"count":1,"href":"https:\/\/portalnpm.com\/index.php\/wp-json\/wp\/v2\/posts\/65196\/revisions"}],"predecessor-version":[{"id":65206,"href":"https:\/\/portalnpm.com\/index.php\/wp-json\/wp\/v2\/posts\/65196\/revisions\/65206"}],"wp:featuredmedia":[{"embeddable":true,"href":"https:\/\/portalnpm.com\/index.php\/wp-json\/wp\/v2\/media\/65197"}],"wp:attachment":[{"href":"https:\/\/portalnpm.com\/index.php\/wp-json\/wp\/v2\/media?parent=65196"}],"wp:term":[{"taxonomy":"category","embeddable":true,"href":"https:\/\/portalnpm.com\/index.php\/wp-json\/wp\/v2\/categories?post=65196"},{"taxonomy":"post_tag","embeddable":true,"href":"https:\/\/portalnpm.com\/index.php\/wp-json\/wp\/v2\/tags?post=65196"}],"curies":[{"name":"wp","href":"https:\/\/api.w.org\/{rel}","templated":true}]}}