{"id":65317,"date":"2021-06-11T13:19:46","date_gmt":"2021-06-11T16:19:46","guid":{"rendered":"https:\/\/portalnpm.com\/index.php\/2021\/06\/11\/bolsonaro-quer-desobrigar-uso-de-mascara-em-brasileiros-vacinados\/"},"modified":"2021-06-11T13:19:46","modified_gmt":"2021-06-11T16:19:46","slug":"bolsonaro-quer-desobrigar-uso-de-mascara-em-brasileiros-vacinados","status":"publish","type":"post","link":"https:\/\/portalnpm.com\/index.php\/2021\/06\/11\/bolsonaro-quer-desobrigar-uso-de-mascara-em-brasileiros-vacinados\/","title":{"rendered":"Bolsonaro quer desobrigar uso de m\u00e1scara em Brasileiros vacinados"},"content":{"rendered":"<div class=\"texto\">\n<p style=\"text-align: justify;\">O presidente\u00a0Jair Bolsonaro\u00a0afirmou nesta quinta-feira (10) que pediu ao ministro da Sa\u00fade,\u00a0Marcelo Queiroga, um &#8220;parecer&#8221; para desobrigar o uso de m\u00e1scaras por quem estiver vacinado contra a Covid ou por quem j\u00e1 tiver contra\u00eddo a doen\u00e7a.<\/p>\n<p style=\"text-align: justify;\">\n<p style=\"text-align: justify;\">\n<p style=\"text-align: justify;\">O ministro informou ter recebido do presidente o pedido de um estudo sobre as m\u00e1scaras, mas especialistas ouvidos pelo G1 consideram a medida uma temeridade neste momento cr\u00edtico da pandemia de Covid no Brasil (leia mais abaixo).<\/p>\n<p style=\"text-align: justify;\">Bolsonaro deu a declara\u00e7\u00e3o no Pal\u00e1cio do Planalto, ao discursar durante solenidade de lan\u00e7amento de programas do Minist\u00e9rio do Turismo. O presidente usou m\u00e1scara antes e depois do evento \u2014 ele s\u00f3 retirou a prote\u00e7\u00e3o para discursar.<\/p>\n<div class=\"pos-ads-texto ads-txt-1\" style=\"text-align: justify;\"><\/div>\n<blockquote><p>&#8220;Acabei de conversar com um tal de Queiroga \u2014 n\u00e3o sei se voc\u00eas sabem quem \u00e9 \u2014, nosso ministro da Sa\u00fade. Ele vai ultimar um parecer visando a desobrigar o uso de m\u00e1scara por parte daqueles que estejam vacinados ou que j\u00e1 foram contaminados. Para tirar esse s\u00edmbolo, que obviamente tem a sua utilidade para quem est\u00e1 infectado&#8221;, declarou.<\/p><\/blockquote>\n<p style=\"text-align: justify;\">Depois de participar do evento no Planalto, Bolsonaro fez uma transmiss\u00e3o ao vivo em uma rede social e voltou a falar no assunto.<\/p>\n<p style=\"text-align: justify;\">Durante a transmiss\u00e3o, disse que n\u00e3o imp\u00f4s &#8216;nada&#8217; ao ministro da Sa\u00fade, mas que pediu o estudo sobre as pessoas poderem transitar sem m\u00e1scara.<\/p>\n<blockquote><p>&#8220;Eu falei com o Queiroga agora. N\u00e3o impus nada a ele. Se bem que tamb\u00e9m tenho que dar minhas piruadas a\u00ed, no bom sentido. &#8216;\u00c9 poss\u00edvel a Sa\u00fade apresentar um estudo a\u00ed da desobrigatoriedade da m\u00e1scara para quem j\u00e1 foi vacinado ou para quem j\u00e1 foi contaminado e curado, poxa?&#8217;. Ele falou: &#8216;\u00c9 poss\u00edvel, \u00e9 poss\u00edvel&#8217;. Vamos fazer isso. Vamos ficar ref\u00e9ns de m\u00e1scara at\u00e9 quando? Est\u00e1 servindo para multar gente, pessoal. Est\u00e1 servindo para multar. Eu fui amea\u00e7ado agora de multa em S\u00e3o Paulo&#8221;, declarou.<\/p><\/blockquote>\n<h3 style=\"text-align: justify;\">Bolsonaro j\u00e1 ficou sem m\u00e1scara e criticou uso<\/h3>\n<p style=\"text-align: justify;\">De acordo com dados do cons\u00f3rcio de ve\u00edculos de imprensa, 11,06% da popula\u00e7\u00e3o receberam a segunda dose da vacina contra a Covid at\u00e9 esta quarta-feira (9) \u2014 24,48% receberam somente a primeira dose. No total, at\u00e9 esta quinta, o Brasil tinha mais de 480 mil mortos por Covid, segundo o cons\u00f3rcio, e 17,1 milh\u00f5es j\u00e1 tinham contra\u00eddo a doen\u00e7a.<\/p>\n<p style=\"text-align: justify;\">Em outras ocasi\u00f5es, Bolsonaro j\u00e1 demonstrou n\u00e3o ter apre\u00e7o pelas m\u00e1scaras como forma de prote\u00e7\u00e3o contra a Covid.<\/p>\n<p style=\"text-align: justify;\">Em fevereiro, ele\u00a0usou uma enquete alem\u00e3 distorcida\u00a0para criticar o uso de m\u00e1scaras. Em agosto do ano passado, contrariando a opini\u00e3o da maioria dos cientistas e especialistas, ele disse a apoiadores que a\u00a0efic\u00e1cia de m\u00e1scara \u00e9 &#8220;quase nenhuma&#8221;. Um m\u00eas antes, havia\u00a0vetado parte de uma lei que estabelecia o uso de m\u00e1scaras em locais p\u00fablicos \u2014 vetou a obriga\u00e7\u00e3o no com\u00e9rcio, em escolas, igrejas e templos.<\/p>\n<p style=\"text-align: justify;\">No discurso no Planalto, Bolsonaro tamb\u00e9m repetiu a prega\u00e7\u00e3o que costuma fazer contra o isolamento social. Disse que provoca depress\u00e3o, fome, viol\u00eancia dom\u00e9stica e elimina empregos.<\/p>\n<p style=\"text-align: justify;\">&#8220;A quarentena \u00e9 para quem est\u00e1 infectado, n\u00e3o \u00e9 para todo mundo. Isso destr\u00f3i empregos, mata de outra forma o cidad\u00e3o, mata de fome, de depress\u00e3o, aumenta viol\u00eancia em casa, abuso contra crian\u00e7a.&#8221;<\/p>\n<p style=\"text-align: justify;\">Queiroga sobre m\u00e1scara: &#8216;Presidente me pediu que fizesse um estudo para avaliar situa\u00e7\u00e3o&#8217;<\/p>\n<h2 style=\"text-align: justify;\">Ministro confirma &#8216;estudo&#8217;<\/h2>\n<p style=\"text-align: justify;\">\u00c0 noite, em v\u00eddeo gravado pela assessoria do Minist\u00e9rio da Sa\u00fade, o ministro Marcelo Queiroga disse ter recebido um pedido de Bolsonaro para fazer um estudo sobre as m\u00e1scaras (v\u00eddeo acima).<\/p>\n<p style=\"text-align: justify;\">&#8220;Recebi do presidente Bolsonaro hoje uma solicita\u00e7\u00e3o para fazer um estudo acerca do uso das m\u00e1scaras&#8221;, afirmou Queiroga, que vem defendendo o uso da prote\u00e7\u00e3o. Ele\u00a0reiterou essa afirma\u00e7\u00e3o em depoimento \u00e0 CPI\u00a0da Covid..<\/p>\n<p style=\"text-align: justify;\">Segundo o ministro, Bolsonaro &#8220;acompanha o cen\u00e1rio internacional&#8221; e &#8220;v\u00ea que em outros pa\u00edses onde a campanha de vacina\u00e7\u00e3o j\u00e1 avan\u00e7ou, as pessoas j\u00e1 est\u00e3o flexibilizando&#8221; o uso das m\u00e1scaras.<\/p>\n<p style=\"text-align: justify;\">&#8220;Ent\u00e3o, vamos atender essa demanda do presidente Bolsonaro, que est\u00e1 sempre preocupado com pesquisas em rela\u00e7\u00e3o \u00e0 Covid&#8221;, declaro.<\/p>\n<p style=\"text-align: justify;\">&#8216;As vacinas n\u00e3o fazem milagre quando a transmiss\u00e3o na comunidade est\u00e1 muito alta&#8217;, afirma Margareth Dalcomo.<\/p>\n<\/div>\n<div class=\"env\" style=\"text-align: justify;\"><b>Fonte:\u00a0<\/b>G1<\/div>\n","protected":false},"excerpt":{"rendered":"<p>O presidente\u00a0Jair Bolsonaro\u00a0afirmou nesta quinta-feira (10) que pediu ao ministro da Sa\u00fade,\u00a0Marcelo Queiroga, um &#8220;parecer&#8221; para desobrigar o uso de m\u00e1scaras por quem estiver vacinado contra a Covid ou por quem j\u00e1 tiver contra\u00eddo a doen\u00e7a. O ministro informou ter recebido do presidente o pedido de um estudo sobre as m\u00e1scaras, mas especialistas ouvidos pelo &hellip;<\/p>\n","protected":false},"author":2,"featured_media":65318,"comment_status":"open","ping_status":"open","sticky":false,"template":"","format":"standard","meta":{"content-type":"","rop_custom_images_group":[],"rop_custom_messages_group":[],"rop_publish_now":"initial","rop_publish_now_accounts":{"facebook_2648258775420054_1618374048415101":""},"rop_publish_now_history":[],"rop_publish_now_status":"pending","footnotes":"","_jetpack_memberships_contains_paid_content":false},"categories":[125,118],"tags":[680,3376,11404],"yoast_head":"<!-- This site is optimized with the Yoast SEO plugin v22.3 - https:\/\/yoast.com\/wordpress\/plugins\/seo\/ -->\n<title>Bolsonaro quer desobrigar uso de m\u00e1scara em Brasileiros vacinados<\/title>\n<meta name=\"robots\" content=\"index, follow, max-snippet:-1, max-image-preview:large, max-video-preview:-1\" \/>\n<link rel=\"canonical\" href=\"https:\/\/portalnpm.com\/index.php\/2021\/06\/11\/bolsonaro-quer-desobrigar-uso-de-mascara-em-brasileiros-vacinados\/\" \/>\n<meta property=\"og:locale\" content=\"pt_BR\" \/>\n<meta property=\"og:type\" content=\"article\" \/>\n<meta property=\"og:title\" content=\"Bolsonaro quer desobrigar uso de m\u00e1scara em Brasileiros vacinados\" \/>\n<meta property=\"og:description\" content=\"O presidente\u00a0Jair Bolsonaro\u00a0afirmou nesta quinta-feira (10) que pediu ao ministro da Sa\u00fade,\u00a0Marcelo Queiroga, um &#8220;parecer&#8221; para desobrigar o uso de m\u00e1scaras por quem estiver vacinado contra a Covid ou por quem j\u00e1 tiver contra\u00eddo a doen\u00e7a. O ministro informou ter recebido do presidente o pedido de um estudo sobre as m\u00e1scaras, mas especialistas ouvidos pelo &hellip;\" \/>\n<meta property=\"og:url\" content=\"https:\/\/portalnpm.com\/index.php\/2021\/06\/11\/bolsonaro-quer-desobrigar-uso-de-mascara-em-brasileiros-vacinados\/\" \/>\n<meta property=\"og:site_name\" content=\"Portal NPM\" \/>\n<meta property=\"article:published_time\" content=\"2021-06-11T16:19:46+00:00\" \/>\n<meta property=\"og:image\" content=\"https:\/\/portalnpm.com\/wp-content\/uploads\/2024\/01\/6b11e35a61d2f0543385307579a35e73.jpg\" \/>\n\t<meta property=\"og:image:width\" content=\"600\" \/>\n\t<meta property=\"og:image:height\" content=\"399\" \/>\n\t<meta property=\"og:image:type\" content=\"image\/jpeg\" \/>\n<meta name=\"author\" content=\"Genival Barbosa\" \/>\n<meta name=\"twitter:card\" content=\"summary_large_image\" \/>\n<meta name=\"twitter:label1\" content=\"Escrito por\" \/>\n\t<meta name=\"twitter:data1\" content=\"Genival Barbosa\" \/>\n\t<meta name=\"twitter:label2\" content=\"Est. tempo de leitura\" \/>\n\t<meta name=\"twitter:data2\" content=\"3 minutos\" \/>\n<script type=\"application\/ld+json\" class=\"yoast-schema-graph\">{\"@context\":\"https:\/\/schema.org\",\"@graph\":[{\"@type\":\"WebPage\",\"@id\":\"https:\/\/portalnpm.com\/index.php\/2021\/06\/11\/bolsonaro-quer-desobrigar-uso-de-mascara-em-brasileiros-vacinados\/\",\"url\":\"https:\/\/portalnpm.com\/index.php\/2021\/06\/11\/bolsonaro-quer-desobrigar-uso-de-mascara-em-brasileiros-vacinados\/\",\"name\":\"Bolsonaro quer desobrigar uso de m\u00e1scara em Brasileiros vacinados\",\"isPartOf\":{\"@id\":\"https:\/\/portalnpm.com\/#website\"},\"primaryImageOfPage\":{\"@id\":\"https:\/\/portalnpm.com\/index.php\/2021\/06\/11\/bolsonaro-quer-desobrigar-uso-de-mascara-em-brasileiros-vacinados\/#primaryimage\"},\"image\":{\"@id\":\"https:\/\/portalnpm.com\/index.php\/2021\/06\/11\/bolsonaro-quer-desobrigar-uso-de-mascara-em-brasileiros-vacinados\/#primaryimage\"},\"thumbnailUrl\":\"https:\/\/portalnpm.com\/wp-content\/uploads\/2024\/01\/6b11e35a61d2f0543385307579a35e73.jpg\",\"datePublished\":\"2021-06-11T16:19:46+00:00\",\"dateModified\":\"2021-06-11T16:19:46+00:00\",\"author\":{\"@id\":\"https:\/\/portalnpm.com\/#\/schema\/person\/49313e563cfdefcc167f1ee4c017c294\"},\"breadcrumb\":{\"@id\":\"https:\/\/portalnpm.com\/index.php\/2021\/06\/11\/bolsonaro-quer-desobrigar-uso-de-mascara-em-brasileiros-vacinados\/#breadcrumb\"},\"inLanguage\":\"pt-BR\",\"potentialAction\":[{\"@type\":\"ReadAction\",\"target\":[\"https:\/\/portalnpm.com\/index.php\/2021\/06\/11\/bolsonaro-quer-desobrigar-uso-de-mascara-em-brasileiros-vacinados\/\"]}]},{\"@type\":\"ImageObject\",\"inLanguage\":\"pt-BR\",\"@id\":\"https:\/\/portalnpm.com\/index.php\/2021\/06\/11\/bolsonaro-quer-desobrigar-uso-de-mascara-em-brasileiros-vacinados\/#primaryimage\",\"url\":\"https:\/\/portalnpm.com\/wp-content\/uploads\/2024\/01\/6b11e35a61d2f0543385307579a35e73.jpg\",\"contentUrl\":\"https:\/\/portalnpm.com\/wp-content\/uploads\/2024\/01\/6b11e35a61d2f0543385307579a35e73.jpg\",\"width\":600,\"height\":399},{\"@type\":\"BreadcrumbList\",\"@id\":\"https:\/\/portalnpm.com\/index.php\/2021\/06\/11\/bolsonaro-quer-desobrigar-uso-de-mascara-em-brasileiros-vacinados\/#breadcrumb\",\"itemListElement\":[{\"@type\":\"ListItem\",\"position\":1,\"name\":\"In\u00edcio\",\"item\":\"https:\/\/portalnpm.com\/\"},{\"@type\":\"ListItem\",\"position\":2,\"name\":\"Bolsonaro quer desobrigar uso de m\u00e1scara em Brasileiros vacinados\"}]},{\"@type\":\"WebSite\",\"@id\":\"https:\/\/portalnpm.com\/#website\",\"url\":\"https:\/\/portalnpm.com\/\",\"name\":\"Portal NPM\",\"description\":\"Not\u00edcias em Primeira M\u00e3o\",\"potentialAction\":[{\"@type\":\"SearchAction\",\"target\":{\"@type\":\"EntryPoint\",\"urlTemplate\":\"https:\/\/portalnpm.com\/?s={search_term_string}\"},\"query-input\":\"required name=search_term_string\"}],\"inLanguage\":\"pt-BR\"},{\"@type\":\"Person\",\"@id\":\"https:\/\/portalnpm.com\/#\/schema\/person\/49313e563cfdefcc167f1ee4c017c294\",\"name\":\"Genival Barbosa\",\"image\":{\"@type\":\"ImageObject\",\"inLanguage\":\"pt-BR\",\"@id\":\"https:\/\/portalnpm.com\/#\/schema\/person\/image\/\",\"url\":\"https:\/\/portalnpm.com\/wp-content\/uploads\/2024\/02\/avatar_user_2_1707743258-96x96.jpeg\",\"contentUrl\":\"https:\/\/portalnpm.com\/wp-content\/uploads\/2024\/02\/avatar_user_2_1707743258-96x96.jpeg\",\"caption\":\"Genival Barbosa\"},\"url\":\"https:\/\/portalnpm.com\/index.php\/author\/genival\/\"}]}<\/script>\n<!-- \/ Yoast SEO plugin. -->","yoast_head_json":{"title":"Bolsonaro quer desobrigar uso de m\u00e1scara em Brasileiros vacinados","robots":{"index":"index","follow":"follow","max-snippet":"max-snippet:-1","max-image-preview":"max-image-preview:large","max-video-preview":"max-video-preview:-1"},"canonical":"https:\/\/portalnpm.com\/index.php\/2021\/06\/11\/bolsonaro-quer-desobrigar-uso-de-mascara-em-brasileiros-vacinados\/","og_locale":"pt_BR","og_type":"article","og_title":"Bolsonaro quer desobrigar uso de m\u00e1scara em Brasileiros vacinados","og_description":"O presidente\u00a0Jair Bolsonaro\u00a0afirmou nesta quinta-feira (10) que pediu ao ministro da Sa\u00fade,\u00a0Marcelo Queiroga, um &#8220;parecer&#8221; para desobrigar o uso de m\u00e1scaras por quem estiver vacinado contra a Covid ou por quem j\u00e1 tiver contra\u00eddo a doen\u00e7a. O ministro informou ter recebido do presidente o pedido de um estudo sobre as m\u00e1scaras, mas especialistas ouvidos pelo &hellip;","og_url":"https:\/\/portalnpm.com\/index.php\/2021\/06\/11\/bolsonaro-quer-desobrigar-uso-de-mascara-em-brasileiros-vacinados\/","og_site_name":"Portal NPM","article_published_time":"2021-06-11T16:19:46+00:00","og_image":[{"width":600,"height":399,"url":"https:\/\/portalnpm.com\/wp-content\/uploads\/2024\/01\/6b11e35a61d2f0543385307579a35e73.jpg","type":"image\/jpeg"}],"author":"Genival Barbosa","twitter_card":"summary_large_image","twitter_misc":{"Escrito por":"Genival Barbosa","Est. tempo de leitura":"3 minutos"},"schema":{"@context":"https:\/\/schema.org","@graph":[{"@type":"WebPage","@id":"https:\/\/portalnpm.com\/index.php\/2021\/06\/11\/bolsonaro-quer-desobrigar-uso-de-mascara-em-brasileiros-vacinados\/","url":"https:\/\/portalnpm.com\/index.php\/2021\/06\/11\/bolsonaro-quer-desobrigar-uso-de-mascara-em-brasileiros-vacinados\/","name":"Bolsonaro quer desobrigar uso de m\u00e1scara em Brasileiros vacinados","isPartOf":{"@id":"https:\/\/portalnpm.com\/#website"},"primaryImageOfPage":{"@id":"https:\/\/portalnpm.com\/index.php\/2021\/06\/11\/bolsonaro-quer-desobrigar-uso-de-mascara-em-brasileiros-vacinados\/#primaryimage"},"image":{"@id":"https:\/\/portalnpm.com\/index.php\/2021\/06\/11\/bolsonaro-quer-desobrigar-uso-de-mascara-em-brasileiros-vacinados\/#primaryimage"},"thumbnailUrl":"https:\/\/portalnpm.com\/wp-content\/uploads\/2024\/01\/6b11e35a61d2f0543385307579a35e73.jpg","datePublished":"2021-06-11T16:19:46+00:00","dateModified":"2021-06-11T16:19:46+00:00","author":{"@id":"https:\/\/portalnpm.com\/#\/schema\/person\/49313e563cfdefcc167f1ee4c017c294"},"breadcrumb":{"@id":"https:\/\/portalnpm.com\/index.php\/2021\/06\/11\/bolsonaro-quer-desobrigar-uso-de-mascara-em-brasileiros-vacinados\/#breadcrumb"},"inLanguage":"pt-BR","potentialAction":[{"@type":"ReadAction","target":["https:\/\/portalnpm.com\/index.php\/2021\/06\/11\/bolsonaro-quer-desobrigar-uso-de-mascara-em-brasileiros-vacinados\/"]}]},{"@type":"ImageObject","inLanguage":"pt-BR","@id":"https:\/\/portalnpm.com\/index.php\/2021\/06\/11\/bolsonaro-quer-desobrigar-uso-de-mascara-em-brasileiros-vacinados\/#primaryimage","url":"https:\/\/portalnpm.com\/wp-content\/uploads\/2024\/01\/6b11e35a61d2f0543385307579a35e73.jpg","contentUrl":"https:\/\/portalnpm.com\/wp-content\/uploads\/2024\/01\/6b11e35a61d2f0543385307579a35e73.jpg","width":600,"height":399},{"@type":"BreadcrumbList","@id":"https:\/\/portalnpm.com\/index.php\/2021\/06\/11\/bolsonaro-quer-desobrigar-uso-de-mascara-em-brasileiros-vacinados\/#breadcrumb","itemListElement":[{"@type":"ListItem","position":1,"name":"In\u00edcio","item":"https:\/\/portalnpm.com\/"},{"@type":"ListItem","position":2,"name":"Bolsonaro quer desobrigar uso de m\u00e1scara em Brasileiros vacinados"}]},{"@type":"WebSite","@id":"https:\/\/portalnpm.com\/#website","url":"https:\/\/portalnpm.com\/","name":"Portal NPM","description":"Not\u00edcias em Primeira M\u00e3o","potentialAction":[{"@type":"SearchAction","target":{"@type":"EntryPoint","urlTemplate":"https:\/\/portalnpm.com\/?s={search_term_string}"},"query-input":"required name=search_term_string"}],"inLanguage":"pt-BR"},{"@type":"Person","@id":"https:\/\/portalnpm.com\/#\/schema\/person\/49313e563cfdefcc167f1ee4c017c294","name":"Genival Barbosa","image":{"@type":"ImageObject","inLanguage":"pt-BR","@id":"https:\/\/portalnpm.com\/#\/schema\/person\/image\/","url":"https:\/\/portalnpm.com\/wp-content\/uploads\/2024\/02\/avatar_user_2_1707743258-96x96.jpeg","contentUrl":"https:\/\/portalnpm.com\/wp-content\/uploads\/2024\/02\/avatar_user_2_1707743258-96x96.jpeg","caption":"Genival Barbosa"},"url":"https:\/\/portalnpm.com\/index.php\/author\/genival\/"}]}},"jetpack_sharing_enabled":true,"jetpack_featured_media_url":"https:\/\/portalnpm.com\/wp-content\/uploads\/2024\/01\/6b11e35a61d2f0543385307579a35e73.jpg","_links":{"self":[{"href":"https:\/\/portalnpm.com\/index.php\/wp-json\/wp\/v2\/posts\/65317"}],"collection":[{"href":"https:\/\/portalnpm.com\/index.php\/wp-json\/wp\/v2\/posts"}],"about":[{"href":"https:\/\/portalnpm.com\/index.php\/wp-json\/wp\/v2\/types\/post"}],"author":[{"embeddable":true,"href":"https:\/\/portalnpm.com\/index.php\/wp-json\/wp\/v2\/users\/2"}],"replies":[{"embeddable":true,"href":"https:\/\/portalnpm.com\/index.php\/wp-json\/wp\/v2\/comments?post=65317"}],"version-history":[{"count":0,"href":"https:\/\/portalnpm.com\/index.php\/wp-json\/wp\/v2\/posts\/65317\/revisions"}],"wp:featuredmedia":[{"embeddable":true,"href":"https:\/\/portalnpm.com\/index.php\/wp-json\/wp\/v2\/media\/65318"}],"wp:attachment":[{"href":"https:\/\/portalnpm.com\/index.php\/wp-json\/wp\/v2\/media?parent=65317"}],"wp:term":[{"taxonomy":"category","embeddable":true,"href":"https:\/\/portalnpm.com\/index.php\/wp-json\/wp\/v2\/categories?post=65317"},{"taxonomy":"post_tag","embeddable":true,"href":"https:\/\/portalnpm.com\/index.php\/wp-json\/wp\/v2\/tags?post=65317"}],"curies":[{"name":"wp","href":"https:\/\/api.w.org\/{rel}","templated":true}]}}