{"id":6538,"date":"2019-03-26T13:40:25","date_gmt":"2019-03-26T16:40:25","guid":{"rendered":"http:\/\/srv.portalnpm.com.br\/?p=6538"},"modified":"2019-03-26T13:40:25","modified_gmt":"2019-03-26T16:40:25","slug":"furto-e-roubo-de-celulares-cresce-em-picos","status":"publish","type":"post","link":"https:\/\/portalnpm.com\/index.php\/2019\/03\/26\/furto-e-roubo-de-celulares-cresce-em-picos\/","title":{"rendered":"Furto e roubo de celulares cresce em Picos"},"content":{"rendered":"<p style=\"text-align: justify;\">Sentar na cal\u00e7ada ou sair nas ruas est\u00e1 cada vez mais perigoso na cidade de Picos, por conta dos frequentes roubos e furtos de aparelhos de celulares que cresce \u00e0 cada dia . \u00c9 cada vez mais comum chegar diariamente na Central de Flagrantes de Picos den\u00fancia e registro de boletim de ocorr\u00eancia em rela\u00e7\u00e3o a essa pratica criminosa.<\/p>\n<p style=\"text-align: justify;\">O chefe de plant\u00e3o da Central de Flagrantes de Picos, Abelardo Jos\u00e9 de Oliveira, orienta as pessoas da necessidade de levar a nota fiscal ou a caixa do aparelho do celular quando forem registrar o boletim de ocorr\u00eancia.<\/p>\n<p style=\"text-align: justify;\">\u201cNesses documentos existem o chamado IMEI do celular que \u00e9 como se fosse o chassi do ve\u00edculo, e essa numera\u00e7\u00e3o \u00e9 inclusa no BO e facilita para que os policiais fa\u00e7am o rastreamento e consiga recuperar. N\u00e3o \u00e9 todos que s\u00e3o recuperados, mas muitos j\u00e1 foram recuperados pelos policiais que trabalham na investiga\u00e7\u00e3o na Delegacia Regional de Picos\u201d, esclareceu .<\/p>\n<p style=\"text-align: justify;\">A orienta\u00e7\u00e3o da pol\u00edcia \u00e9 para n\u00e3o abandonar o celular no balc\u00e3o de lojas, ag\u00eancias bancaria ou outros lugares longe dos olhos. A pol\u00edcia ainda \u00a0pede para que as v\u00edtimas n\u00e3o deixem de registrar o BO, isso \u00e9 muito importante.<\/p>\n<p style=\"text-align: justify;\"><strong>FONTE :<\/strong>\u00a0Fala Piau\u00ed<\/p>\n<p style=\"text-align: justify;\">\u201cNesses documentos existem o chamado IMEI do celular que \u00e9 como se fosse o chassi do ve\u00edculo, e essa numera\u00e7\u00e3o \u00e9 inclusa no BO e facilita para que os policiais fa\u00e7am o rastreamento e consiga recuperar. N\u00e3o \u00e9 todos que s\u00e3o recuperados, mas muitos j\u00e1 foram recuperados pelos policiais que trabalham na investiga\u00e7\u00e3o na Delegacia Regional de Picos\u201d, esclareceu .<\/p>\n<p style=\"text-align: justify;\">A orienta\u00e7\u00e3o da pol\u00edcia \u00e9 para n\u00e3o abandonar o celular no balc\u00e3o de lojas, ag\u00eancias bancaria ou outros lugares longe dos olhos. A pol\u00edcia ainda \u00a0pede para que as v\u00edtimas n\u00e3o deixem de registrar o BO, isso \u00e9 muito importante.<\/p>\n<p style=\"text-align: justify;\"><strong>Fonte:<\/strong>\u00a0<strong>Fala Piau\u00ed<\/strong><\/p>\n","protected":false},"excerpt":{"rendered":"<p>Sentar na cal\u00e7ada ou sair nas ruas est\u00e1 cada vez mais perigoso na cidade de Picos, por conta dos frequentes roubos e furtos de aparelhos de celulares que cresce \u00e0 cada dia . \u00c9 cada vez mais comum chegar diariamente na Central de Flagrantes de Picos den\u00fancia e registro de boletim de ocorr\u00eancia em rela\u00e7\u00e3o &hellip;<\/p>\n","protected":false},"author":4,"featured_media":6539,"comment_status":"open","ping_status":"open","sticky":false,"template":"","format":"standard","meta":{"content-type":"","rop_custom_images_group":[],"rop_custom_messages_group":[],"rop_publish_now":"initial","rop_publish_now_accounts":{"facebook_2648258775420054_1618374048415101":""},"rop_publish_now_history":[],"rop_publish_now_status":"pending","footnotes":"","_jetpack_memberships_contains_paid_content":false},"categories":[113,118],"tags":[2501,2502,2503,2045],"yoast_head":"<!-- This site is optimized with the Yoast SEO plugin v22.3 - https:\/\/yoast.com\/wordpress\/plugins\/seo\/ -->\n<title>Furto e roubo de celulares cresce em Picos - Portal NPM<\/title>\n<meta name=\"robots\" content=\"index, follow, max-snippet:-1, max-image-preview:large, max-video-preview:-1\" \/>\n<link rel=\"canonical\" href=\"https:\/\/portalnpm.com\/index.php\/2019\/03\/26\/furto-e-roubo-de-celulares-cresce-em-picos\/\" \/>\n<meta property=\"og:locale\" content=\"pt_BR\" \/>\n<meta property=\"og:type\" content=\"article\" \/>\n<meta property=\"og:title\" content=\"Furto e roubo de celulares cresce em Picos - Portal NPM\" \/>\n<meta property=\"og:description\" content=\"Sentar na cal\u00e7ada ou sair nas ruas est\u00e1 cada vez mais perigoso na cidade de Picos, por conta dos frequentes roubos e furtos de aparelhos de celulares que cresce \u00e0 cada dia . \u00c9 cada vez mais comum chegar diariamente na Central de Flagrantes de Picos den\u00fancia e registro de boletim de ocorr\u00eancia em rela\u00e7\u00e3o &hellip;\" \/>\n<meta property=\"og:url\" content=\"https:\/\/portalnpm.com\/index.php\/2019\/03\/26\/furto-e-roubo-de-celulares-cresce-em-picos\/\" \/>\n<meta property=\"og:site_name\" content=\"Portal NPM\" \/>\n<meta property=\"article:published_time\" content=\"2019-03-26T16:40:25+00:00\" \/>\n<meta name=\"author\" content=\"Reda\u00e7\u00e3o\" \/>\n<meta name=\"twitter:card\" content=\"summary_large_image\" \/>\n<meta name=\"twitter:label1\" content=\"Escrito por\" \/>\n\t<meta name=\"twitter:data1\" content=\"Reda\u00e7\u00e3o\" \/>\n\t<meta name=\"twitter:label2\" content=\"Est. tempo de leitura\" \/>\n\t<meta name=\"twitter:data2\" content=\"2 minutos\" \/>\n<script type=\"application\/ld+json\" class=\"yoast-schema-graph\">{\"@context\":\"https:\/\/schema.org\",\"@graph\":[{\"@type\":\"WebPage\",\"@id\":\"https:\/\/portalnpm.com\/index.php\/2019\/03\/26\/furto-e-roubo-de-celulares-cresce-em-picos\/\",\"url\":\"https:\/\/portalnpm.com\/index.php\/2019\/03\/26\/furto-e-roubo-de-celulares-cresce-em-picos\/\",\"name\":\"Furto e roubo de celulares cresce em Picos - Portal NPM\",\"isPartOf\":{\"@id\":\"https:\/\/portalnpm.com\/#website\"},\"primaryImageOfPage\":{\"@id\":\"https:\/\/portalnpm.com\/index.php\/2019\/03\/26\/furto-e-roubo-de-celulares-cresce-em-picos\/#primaryimage\"},\"image\":{\"@id\":\"https:\/\/portalnpm.com\/index.php\/2019\/03\/26\/furto-e-roubo-de-celulares-cresce-em-picos\/#primaryimage\"},\"thumbnailUrl\":\"\",\"datePublished\":\"2019-03-26T16:40:25+00:00\",\"dateModified\":\"2019-03-26T16:40:25+00:00\",\"author\":{\"@id\":\"https:\/\/portalnpm.com\/#\/schema\/person\/0b5f230ec96cee25504fa328e7f2b733\"},\"breadcrumb\":{\"@id\":\"https:\/\/portalnpm.com\/index.php\/2019\/03\/26\/furto-e-roubo-de-celulares-cresce-em-picos\/#breadcrumb\"},\"inLanguage\":\"pt-BR\",\"potentialAction\":[{\"@type\":\"ReadAction\",\"target\":[\"https:\/\/portalnpm.com\/index.php\/2019\/03\/26\/furto-e-roubo-de-celulares-cresce-em-picos\/\"]}]},{\"@type\":\"ImageObject\",\"inLanguage\":\"pt-BR\",\"@id\":\"https:\/\/portalnpm.com\/index.php\/2019\/03\/26\/furto-e-roubo-de-celulares-cresce-em-picos\/#primaryimage\",\"url\":\"\",\"contentUrl\":\"\"},{\"@type\":\"BreadcrumbList\",\"@id\":\"https:\/\/portalnpm.com\/index.php\/2019\/03\/26\/furto-e-roubo-de-celulares-cresce-em-picos\/#breadcrumb\",\"itemListElement\":[{\"@type\":\"ListItem\",\"position\":1,\"name\":\"In\u00edcio\",\"item\":\"https:\/\/portalnpm.com\/\"},{\"@type\":\"ListItem\",\"position\":2,\"name\":\"Furto e roubo de celulares cresce em Picos\"}]},{\"@type\":\"WebSite\",\"@id\":\"https:\/\/portalnpm.com\/#website\",\"url\":\"https:\/\/portalnpm.com\/\",\"name\":\"Portal NPM\",\"description\":\"Not\u00edcias em Primeira M\u00e3o\",\"potentialAction\":[{\"@type\":\"SearchAction\",\"target\":{\"@type\":\"EntryPoint\",\"urlTemplate\":\"https:\/\/portalnpm.com\/?s={search_term_string}\"},\"query-input\":\"required name=search_term_string\"}],\"inLanguage\":\"pt-BR\"},{\"@type\":\"Person\",\"@id\":\"https:\/\/portalnpm.com\/#\/schema\/person\/0b5f230ec96cee25504fa328e7f2b733\",\"name\":\"Reda\u00e7\u00e3o\",\"image\":{\"@type\":\"ImageObject\",\"inLanguage\":\"pt-BR\",\"@id\":\"https:\/\/portalnpm.com\/#\/schema\/person\/image\/\",\"url\":\"https:\/\/portalnpm.com\/wp-content\/uploads\/2024\/03\/avatar_user_4_1710097212-96x96.png\",\"contentUrl\":\"https:\/\/portalnpm.com\/wp-content\/uploads\/2024\/03\/avatar_user_4_1710097212-96x96.png\",\"caption\":\"Reda\u00e7\u00e3o\"},\"url\":\"https:\/\/portalnpm.com\/index.php\/author\/redacao\/\"}]}<\/script>\n<!-- \/ Yoast SEO plugin. -->","yoast_head_json":{"title":"Furto e roubo de celulares cresce em Picos - Portal NPM","robots":{"index":"index","follow":"follow","max-snippet":"max-snippet:-1","max-image-preview":"max-image-preview:large","max-video-preview":"max-video-preview:-1"},"canonical":"https:\/\/portalnpm.com\/index.php\/2019\/03\/26\/furto-e-roubo-de-celulares-cresce-em-picos\/","og_locale":"pt_BR","og_type":"article","og_title":"Furto e roubo de celulares cresce em Picos - Portal NPM","og_description":"Sentar na cal\u00e7ada ou sair nas ruas est\u00e1 cada vez mais perigoso na cidade de Picos, por conta dos frequentes roubos e furtos de aparelhos de celulares que cresce \u00e0 cada dia . \u00c9 cada vez mais comum chegar diariamente na Central de Flagrantes de Picos den\u00fancia e registro de boletim de ocorr\u00eancia em rela\u00e7\u00e3o &hellip;","og_url":"https:\/\/portalnpm.com\/index.php\/2019\/03\/26\/furto-e-roubo-de-celulares-cresce-em-picos\/","og_site_name":"Portal NPM","article_published_time":"2019-03-26T16:40:25+00:00","author":"Reda\u00e7\u00e3o","twitter_card":"summary_large_image","twitter_misc":{"Escrito por":"Reda\u00e7\u00e3o","Est. tempo de leitura":"2 minutos"},"schema":{"@context":"https:\/\/schema.org","@graph":[{"@type":"WebPage","@id":"https:\/\/portalnpm.com\/index.php\/2019\/03\/26\/furto-e-roubo-de-celulares-cresce-em-picos\/","url":"https:\/\/portalnpm.com\/index.php\/2019\/03\/26\/furto-e-roubo-de-celulares-cresce-em-picos\/","name":"Furto e roubo de celulares cresce em Picos - Portal NPM","isPartOf":{"@id":"https:\/\/portalnpm.com\/#website"},"primaryImageOfPage":{"@id":"https:\/\/portalnpm.com\/index.php\/2019\/03\/26\/furto-e-roubo-de-celulares-cresce-em-picos\/#primaryimage"},"image":{"@id":"https:\/\/portalnpm.com\/index.php\/2019\/03\/26\/furto-e-roubo-de-celulares-cresce-em-picos\/#primaryimage"},"thumbnailUrl":"","datePublished":"2019-03-26T16:40:25+00:00","dateModified":"2019-03-26T16:40:25+00:00","author":{"@id":"https:\/\/portalnpm.com\/#\/schema\/person\/0b5f230ec96cee25504fa328e7f2b733"},"breadcrumb":{"@id":"https:\/\/portalnpm.com\/index.php\/2019\/03\/26\/furto-e-roubo-de-celulares-cresce-em-picos\/#breadcrumb"},"inLanguage":"pt-BR","potentialAction":[{"@type":"ReadAction","target":["https:\/\/portalnpm.com\/index.php\/2019\/03\/26\/furto-e-roubo-de-celulares-cresce-em-picos\/"]}]},{"@type":"ImageObject","inLanguage":"pt-BR","@id":"https:\/\/portalnpm.com\/index.php\/2019\/03\/26\/furto-e-roubo-de-celulares-cresce-em-picos\/#primaryimage","url":"","contentUrl":""},{"@type":"BreadcrumbList","@id":"https:\/\/portalnpm.com\/index.php\/2019\/03\/26\/furto-e-roubo-de-celulares-cresce-em-picos\/#breadcrumb","itemListElement":[{"@type":"ListItem","position":1,"name":"In\u00edcio","item":"https:\/\/portalnpm.com\/"},{"@type":"ListItem","position":2,"name":"Furto e roubo de celulares cresce em Picos"}]},{"@type":"WebSite","@id":"https:\/\/portalnpm.com\/#website","url":"https:\/\/portalnpm.com\/","name":"Portal NPM","description":"Not\u00edcias em Primeira M\u00e3o","potentialAction":[{"@type":"SearchAction","target":{"@type":"EntryPoint","urlTemplate":"https:\/\/portalnpm.com\/?s={search_term_string}"},"query-input":"required name=search_term_string"}],"inLanguage":"pt-BR"},{"@type":"Person","@id":"https:\/\/portalnpm.com\/#\/schema\/person\/0b5f230ec96cee25504fa328e7f2b733","name":"Reda\u00e7\u00e3o","image":{"@type":"ImageObject","inLanguage":"pt-BR","@id":"https:\/\/portalnpm.com\/#\/schema\/person\/image\/","url":"https:\/\/portalnpm.com\/wp-content\/uploads\/2024\/03\/avatar_user_4_1710097212-96x96.png","contentUrl":"https:\/\/portalnpm.com\/wp-content\/uploads\/2024\/03\/avatar_user_4_1710097212-96x96.png","caption":"Reda\u00e7\u00e3o"},"url":"https:\/\/portalnpm.com\/index.php\/author\/redacao\/"}]}},"jetpack_sharing_enabled":true,"jetpack_featured_media_url":"","_links":{"self":[{"href":"https:\/\/portalnpm.com\/index.php\/wp-json\/wp\/v2\/posts\/6538"}],"collection":[{"href":"https:\/\/portalnpm.com\/index.php\/wp-json\/wp\/v2\/posts"}],"about":[{"href":"https:\/\/portalnpm.com\/index.php\/wp-json\/wp\/v2\/types\/post"}],"author":[{"embeddable":true,"href":"https:\/\/portalnpm.com\/index.php\/wp-json\/wp\/v2\/users\/4"}],"replies":[{"embeddable":true,"href":"https:\/\/portalnpm.com\/index.php\/wp-json\/wp\/v2\/comments?post=6538"}],"version-history":[{"count":0,"href":"https:\/\/portalnpm.com\/index.php\/wp-json\/wp\/v2\/posts\/6538\/revisions"}],"wp:featuredmedia":[{"embeddable":true,"href":"https:\/\/portalnpm.com\/index.php\/wp-json\/"}],"wp:attachment":[{"href":"https:\/\/portalnpm.com\/index.php\/wp-json\/wp\/v2\/media?parent=6538"}],"wp:term":[{"taxonomy":"category","embeddable":true,"href":"https:\/\/portalnpm.com\/index.php\/wp-json\/wp\/v2\/categories?post=6538"},{"taxonomy":"post_tag","embeddable":true,"href":"https:\/\/portalnpm.com\/index.php\/wp-json\/wp\/v2\/tags?post=6538"}],"curies":[{"name":"wp","href":"https:\/\/api.w.org\/{rel}","templated":true}]}}