{"id":65404,"date":"2021-06-14T11:41:25","date_gmt":"2021-06-14T14:41:25","guid":{"rendered":"https:\/\/portalnpm.com\/index.php\/2021\/06\/14\/auxilio-emergencial-sera-prorrogado-ate-outubro-confirma-ministro\/"},"modified":"2021-06-14T11:41:25","modified_gmt":"2021-06-14T14:41:25","slug":"auxilio-emergencial-sera-prorrogado-ate-outubro-confirma-ministro","status":"publish","type":"post","link":"https:\/\/portalnpm.com\/index.php\/2021\/06\/14\/auxilio-emergencial-sera-prorrogado-ate-outubro-confirma-ministro\/","title":{"rendered":"Aux\u00edlio emergencial ser\u00e1 prorrogado at\u00e9 outubro, confirma Ministro"},"content":{"rendered":"<p style=\"text-align: justify;\">O Governo Federal deve\u00a0<strong>prorrogar<\/strong>\u00a0o aux\u00edlio emergencial por mais\u00a0<strong>tr\u00eas meses<\/strong>, segundo o ministro da Economia, Paulo Guedes, confirmou ao colunista Igor Gadelha do portal\u00a0<em>Metr\u00f3poles<\/em>.<\/p>\n<p>\u00a0<\/p>\n<p style=\"text-align: justify;\">Na semana passada, o gestor j\u00e1 havia adiantado que o\u00a0<a href=\"https:\/\/diariodonordeste.verdesmares.com.br\/negocios\/auxilio-emergencial-sera-renovado-por-mais-dois-ou-tres-meses-diz-paulo-guedes-1.3095195\" target=\"_top\" rel=\"noopener\">programa poderia ser ampliado<\/a>\u00a0por mais tempo.<\/p>\n<blockquote class=\"blockquote m-u-py-4 m-u-px-2 m-u-text-2xl m-u-text-sans m-u-display-flex m-u-direction-col m-u-text-center\">\n<div class=\"blockquote__text m-u-color-gray-600\">\u201cPossivelmente n\u00f3s vamos estender agora o auxilio emergencial por mais dois ou tr\u00eas meses, porque a pandemia est\u00e1 a\u00ed\u201d, afirmou o titular da pasta no dia 8.<\/div>\n<\/blockquote>\n<p style=\"text-align: justify;\">Dessa forma, os pagamentos, que antes se encerrariam em julho, podem\u00a0<strong>seguir at\u00e9 outubro<\/strong>\u00a0deste ano.<\/p>\n<p style=\"text-align: justify;\">Na ocasi\u00e3o, Guedes ainda disse que governadores afirmaram que no per\u00edodo de tr\u00eas meses a popula\u00e7\u00e3o adulta brasileira estar\u00e1 vacinada. Dessa forma, ele explicou que, ap\u00f3s a renova\u00e7\u00e3o do aux\u00edlio, o\u00a0<strong>Bolsa Fam\u00edlia<\/strong>\u00a0deve ser\u00a0<strong>refor\u00e7ado<\/strong>.<\/p>\n<p style=\"text-align: justify;\">Conforme o\u00a0<em>Metr\u00f3poles<\/em>, a decis\u00e3o de prorrogar o aux\u00edlio foi fechada em uma reuni\u00e3o realizada na semana passada, no Pal\u00e1cio do Planalto, com os ministros que acompanham o tema, entre eles, Guedes, Luiz Eduardo Ramos, da Casa Civil, e Onyx Lorenzoni, da Secretaria-Geral da Presid\u00eancia.<\/p>\n<p style=\"text-align: justify;\">O\u00a0<strong>valores do pagamento<\/strong>\u00a0devem se manter os mesmos na nova rodada do aux\u00edlio emergencial: variando entre\u00a0<strong>R$ 150 a R$ 375<\/strong>. A prorroga\u00e7\u00e3o deve ser formalizada com a publica\u00e7\u00e3o por meio da edi\u00e7\u00e3o de uma medida provis\u00f3rio (MP) a ser publicada em breve.<\/p>\n<h2 style=\"text-align: justify;\"><strong>3\u00aa PARCELA DO BENEF\u00cdCIO<\/strong><\/h2>\n<p style=\"text-align: justify;\">A Caixa Econ\u00f4mica come\u00e7a a liberar a\u00a0<a href=\"https:\/\/diariodonordeste.verdesmares.com.br\/negocios\/3-parcela-do-auxilio-emergencial-comeca-a-ser-paga-nesta-semana-confira-calendario-1.3096505\" target=\"_top\" rel=\"noopener\">terceira parcela do aux\u00edlio<\/a>\u00a0emergencial ao<strong>\u00a0p\u00fablico geral<\/strong>\u00a0no domingo (20) para trabalhadores\u00a0<strong>nascidos em janeiro<\/strong>.<\/p>\n<p style=\"text-align: justify;\">J\u00e1 os benefici\u00e1rios d<strong>o Bolsa Fam\u00edlia<\/strong>\u00a0come\u00e7am a receber o dinheiro na quinta-feira (17), conforme o calend\u00e1rio regular de pagamentos do benef\u00edcio.<\/p>\n<p style=\"text-align: justify;\">A data de\u00a0<strong>saque em esp\u00e9cie<\/strong>\u00a0se inicia no dia 13 de julho e segue at\u00e9 o dia 12 de agosto. No entanto, vale lembrar que o Banco Central informou que, desde o dia 30 de abril, os benefici\u00e1rios poder\u00e3o\u00a0<a href=\"https:\/\/diariodonordeste.verdesmares.com.br\/negocios\/dinheiro-do-auxilio-emergencial-podera-ser-movimentado-via-pix-diz-banco-central-1.3076389\" target=\"_top\" rel=\"noopener\">usar o Pix para movimentar<\/a>\u00a0o dinheiro recebido.<\/p>\n<p style=\"text-align: justify;\">Os trabalhadores devem consultar se est\u00e3o aptos a receber a terceira parcela do aux\u00edlio emergencial atrav\u00e9s do\u00a0<a href=\"https:\/\/consultaauxilio.cidadania.gov.br\/consulta\/#\/\" target=\"_top\" rel=\"noopener\">site da Dataprev<\/a>. Isso porque o Minist\u00e9rio da Cidadania vai reavaliar mensalmente os crit\u00e9rios de elegibilidade de todos os benefici\u00e1rios.<\/p>\n<p style=\"text-align: justify;\">Em caso de pedido negado, a pasta deve divulgar o novo per\u00edodo de contesta\u00e7\u00e3o que deve ocorrer, tamb\u00e9m, no site da Dataprev.<\/p>\n<p style=\"text-align: justify;\">A Caixa Econ\u00f4mica Federal poder\u00e1 ainda antecipar o calend\u00e1rio de pagamentos da terceira parcela, assim como ocorreu com a\u00a0<a href=\"https:\/\/diariodonordeste.verdesmares.com.br\/negocios\/caixa-antecipa-pagamentos-da-2-parcela-do-auxilio-emergencial-veja-novo-calendario-1.3085216\" target=\"_top\" rel=\"noopener\">segunda rodada<\/a>.<\/p>\n<h2 style=\"text-align: justify;\"><strong>AUX\u00cdLIO NA PANDEMIA<\/strong><\/h2>\n<p style=\"text-align: justify;\">O programa \u2018Aux\u00edlio Emergencial\u2019 foi criado ainda em 2020, com o in\u00edcio da pandemia e o fechamento de diversas atividades econ\u00f4micas em solo brasileiro.<\/p>\n<p style=\"text-align: justify;\">Somente em 2020, o governo disponibilizou cerca de R$ 300 bilh\u00f5es com o aux\u00edlio. Inicialmente, o valor das parcelas era de R$ 600, mas logo depois caiu para R$ 300.<\/p>\n<h2 style=\"text-align: justify;\"><strong>CONFIRA CALEND\u00c1RIO COMPLETO DO AUX\u00cdLIO EMERGENCIAL<\/strong><\/h2>\n<h3 style=\"text-align: justify;\"><strong>NASCIDOS EM JANEIRO<\/strong><\/h3>\n<p style=\"text-align: justify;\">1\u00aa parcela \u2013 6\/4<br \/>\nSaque \u2013 4\/5<\/p>\n<p style=\"text-align: justify;\">2\u00aa parcela \u2013 16\/5<br \/>\nSaque \u2013 31\/5<\/p>\n<p style=\"text-align: justify;\">3\u00aa parcela \u2013 20\/6<br \/>\nSaque \u2013 13\/7<\/p>\n<p style=\"text-align: justify;\">4\u00aa parcela \u2013 23\/7<br \/>\nSaque \u2013 13\/8<\/p>\n<h3 style=\"text-align: justify;\"><strong>NASCIDOS EM FEVEREIRO<\/strong><\/h3>\n<p style=\"text-align: justify;\">1\u00aa parcela \u2013 9\/4<br \/>\nSaque \u2013 6\/5<\/p>\n<p style=\"text-align: justify;\">2\u00aa parcela \u2013 18\/5<br \/>\nSaque \u2013 1\/6<\/p>\n<p style=\"text-align: justify;\">3\u00aa parcela \u2013 23\/6<br \/>\nSaque \u2013 15\/7<\/p>\n<p style=\"text-align: justify;\">4\u00aa parcela \u2013 25\/7<br \/>\nSaque \u2013 17\/8<\/p>\n<h3 style=\"text-align: justify;\"><strong>NASCIDOS EM MAR\u00c7O<\/strong><\/h3>\n<p style=\"text-align: justify;\">1\u00aa parcela \u2013 11\/4<br \/>\nSaque \u2013 10\/5<\/p>\n<p style=\"text-align: justify;\">2\u00aa parcela \u2013 19\/5<br \/>\nSaque \u2013 2\/6<\/p>\n<p style=\"text-align: justify;\">3\u00aa parcela \u2013 25\/6<br \/>\nSaque \u2013 16\/7<\/p>\n<p style=\"text-align: justify;\">4\u00aa parcela \u2013 28\/7<br \/>\nSaque \u2013 19\/8<\/p>\n<h3 style=\"text-align: justify;\"><strong>NASCIDOS EM ABRIL<\/strong><\/h3>\n<p style=\"text-align: justify;\">1\u00aa parcela \u2013 13\/4<br \/>\nSaque \u2013 12\/5<\/p>\n<p style=\"text-align: justify;\">2\u00aa parcela \u2013 20\/5<br \/>\nSaque \u2013 4\/6<\/p>\n<p style=\"text-align: justify;\">3\u00aa parcela \u2013 27\/6<br \/>\nSaque \u2013 20\/7<\/p>\n<p style=\"text-align: justify;\">4\u00aa parcela \u2013 1\/8<br \/>\nSaque \u2013 23\/8<\/p>\n<h3 style=\"text-align: justify;\"><strong>NASCIDOS EM MAIO<\/strong><\/h3>\n<p style=\"text-align: justify;\">1\u00aa parcela \u2013 15\/4<br \/>\nSaque \u2013 14\/5<\/p>\n<p style=\"text-align: justify;\">2\u00aa parcela \u2013 21\/5<br \/>\nSaque \u2013 8\/6<\/p>\n<p style=\"text-align: justify;\">3\u00aa parcela \u2013 30\/6<br \/>\nSaque \u2013 22\/7<\/p>\n<p style=\"text-align: justify;\">4\u00aa parcela \u2013 3\/8<br \/>\nSaque \u2013 25\/8<\/p>\n<h3 style=\"text-align: justify;\"><strong>NASCIDOS EM JUNHO<\/strong><\/h3>\n<p style=\"text-align: justify;\">1\u00aa parcela \u2013 18\/4<br \/>\nSaque \u2013 18\/5<\/p>\n<p style=\"text-align: justify;\">2\u00aa parcela \u2013 22\/5<br \/>\nSaque \u2013 9\/6<\/p>\n<p style=\"text-align: justify;\">3\u00aa parcela \u2013 4\/7<br \/>\nSaque \u2013 27\/7<\/p>\n<p style=\"text-align: justify;\">4\u00aa parcela \u2013 5\/8<br \/>\nSaque \u2013 27\/8<\/p>\n<h3 style=\"text-align: justify;\"><strong>NASCIDOS EM JULHO<\/strong><\/h3>\n<p style=\"text-align: justify;\">1\u00aa parcela \u2013 20\/4<br \/>\nSaque \u2013 20\/5<\/p>\n<p style=\"text-align: justify;\">2\u00aa parcela \u2013 23\/5<br \/>\nSaque \u2013 10\/6<\/p>\n<p style=\"text-align: justify;\">3\u00aa parcela \u2013 6\/7<br \/>\nSaque \u2013 29\/7<\/p>\n<p style=\"text-align: justify;\">4\u00aa parcela \u2013 8\/8<br \/>\nSaque \u2013 30\/8<\/p>\n<h3 style=\"text-align: justify;\"><strong>NASCIDOS EM AGOSTO<\/strong><\/h3>\n<p style=\"text-align: justify;\">1\u00aa parcela \u2013 22\/4<br \/>\nSaque \u2013 21\/5<\/p>\n<p style=\"text-align: justify;\">2\u00aa parcela \u2013 25\/5<br \/>\nSaque \u2013 11\/6<\/p>\n<p style=\"text-align: justify;\">3\u00aa parcela \u2013 9\/7<br \/>\nSaque \u2013 30\/7<\/p>\n<p style=\"text-align: justify;\">4\u00aa parcela \u2013 11\/8<br \/>\nSaque \u2013 1\/9<\/p>\n<h3 style=\"text-align: justify;\"><strong>NASCIDOS EM SETEMBRO<\/strong><\/h3>\n<p style=\"text-align: justify;\">1\u00aa parcela \u2013 25\/4<br \/>\nSaque \u2013 25\/5<\/p>\n<p style=\"text-align: justify;\">2\u00aa parcela \u2013 26\/5<br \/>\nSaque \u2013 14\/6<\/p>\n<p style=\"text-align: justify;\">3\u00aa parcela \u2013 11\/7<br \/>\nSaque \u2013 4\/8<\/p>\n<p style=\"text-align: justify;\">4\u00aa parcela \u2013 15\/8<br \/>\nSaque \u2013 3\/9<\/p>\n<h3 style=\"text-align: justify;\"><strong>NASCIDOS EM OUTUBRO<\/strong><\/h3>\n<p style=\"text-align: justify;\">1\u00aa parcela \u2013 27\/4<br \/>\nSaque \u2013 27\/5<\/p>\n<p style=\"text-align: justify;\">2\u00aa parcela \u2013 27\/5<br \/>\nSaque \u2013 15\/6<\/p>\n<p style=\"text-align: justify;\">3\u00aa parcela \u2013 14\/7<br \/>\nSaque \u2013 6\/8<\/p>\n<p style=\"text-align: justify;\">4\u00aa parcela \u2013 18\/8<br \/>\nSaque \u2013 6\/9<\/p>\n<h3 style=\"text-align: justify;\"><strong>NASCIDOS EM NOVEMBRO<\/strong><\/h3>\n<p style=\"text-align: justify;\">1\u00aa parcela \u2013 29\/4<br \/>\nSaque \u2013 1\/6<\/p>\n<p style=\"text-align: justify;\">2\u00aa parcela \u2013 28\/5<br \/>\nSaque \u2013 16\/6<\/p>\n<p style=\"text-align: justify;\">3\u00aa parcela \u2013 18\/7<br \/>\nSaque \u2013 10\/8<\/p>\n<p style=\"text-align: justify;\">4\u00aa parcela \u2013 20\/8<br \/>\nSaque \u2013 9\/9<\/p>\n<h3 style=\"text-align: justify;\"><strong>NASCIDOS EM DEZEMBRO<\/strong><\/h3>\n<p style=\"text-align: justify;\">1\u00aa parcela \u2013 30\/4<br \/>\nSaque \u2013 4\/6<\/p>\n<p style=\"text-align: justify;\">2\u00aa parcela \u2013 30\/5<br \/>\nSaque \u2013 17\/6<\/p>\n<p style=\"text-align: justify;\">3\u00aa parcela \u2013 21\/7<br \/>\nSaque \u2013 12\/8<\/p>\n<p style=\"text-align: justify;\">4\u00aa parcela \u2013 22\/8<br \/>\nSaque \u2013 10\/9<\/p>\n<p style=\"text-align: justify;\"><strong>Fonte<\/strong>: Di\u00e1rio do Nordeste<\/p>\n","protected":false},"excerpt":{"rendered":"<p>O Governo Federal deve\u00a0prorrogar\u00a0o aux\u00edlio emergencial por mais\u00a0tr\u00eas meses, segundo o ministro da Economia, Paulo Guedes, confirmou ao colunista Igor Gadelha do portal\u00a0Metr\u00f3poles. \u00a0 Na semana passada, o gestor j\u00e1 havia adiantado que o\u00a0programa poderia ser ampliado\u00a0por mais tempo. \u201cPossivelmente n\u00f3s vamos estender agora o auxilio emergencial por mais dois ou tr\u00eas meses, porque a &hellip;<\/p>\n","protected":false},"author":8,"featured_media":65405,"comment_status":"open","ping_status":"open","sticky":false,"template":"","format":"standard","meta":{"content-type":"","rop_custom_images_group":[],"rop_custom_messages_group":[],"rop_publish_now":"initial","rop_publish_now_accounts":{"facebook_2648258775420054_1618374048415101":""},"rop_publish_now_history":[],"rop_publish_now_status":"pending","footnotes":"","_jetpack_memberships_contains_paid_content":false},"categories":[113,125],"tags":[3975,5441,1311],"yoast_head":"<!-- This site is optimized with the Yoast SEO plugin v22.3 - https:\/\/yoast.com\/wordpress\/plugins\/seo\/ -->\n<title>Aux\u00edlio emergencial ser\u00e1 prorrogado at\u00e9 outubro, confirma Ministro<\/title>\n<meta name=\"robots\" content=\"index, follow, max-snippet:-1, max-image-preview:large, max-video-preview:-1\" \/>\n<link rel=\"canonical\" href=\"https:\/\/portalnpm.com\/index.php\/2021\/06\/14\/auxilio-emergencial-sera-prorrogado-ate-outubro-confirma-ministro\/\" \/>\n<meta property=\"og:locale\" content=\"pt_BR\" \/>\n<meta property=\"og:type\" content=\"article\" \/>\n<meta property=\"og:title\" content=\"Aux\u00edlio emergencial ser\u00e1 prorrogado at\u00e9 outubro, confirma Ministro\" \/>\n<meta property=\"og:description\" content=\"O Governo Federal deve\u00a0prorrogar\u00a0o aux\u00edlio emergencial por mais\u00a0tr\u00eas meses, segundo o ministro da Economia, Paulo Guedes, confirmou ao colunista Igor Gadelha do portal\u00a0Metr\u00f3poles. \u00a0 Na semana passada, o gestor j\u00e1 havia adiantado que o\u00a0programa poderia ser ampliado\u00a0por mais tempo. \u201cPossivelmente n\u00f3s vamos estender agora o auxilio emergencial por mais dois ou tr\u00eas meses, porque a &hellip;\" \/>\n<meta property=\"og:url\" content=\"https:\/\/portalnpm.com\/index.php\/2021\/06\/14\/auxilio-emergencial-sera-prorrogado-ate-outubro-confirma-ministro\/\" \/>\n<meta property=\"og:site_name\" content=\"Portal NPM\" \/>\n<meta property=\"article:published_time\" content=\"2021-06-14T14:41:25+00:00\" \/>\n<meta property=\"og:image\" content=\"https:\/\/portalnpm.com\/wp-content\/uploads\/2024\/01\/Paulo-Guedes.jpeg\" \/>\n\t<meta property=\"og:image:width\" content=\"768\" \/>\n\t<meta property=\"og:image:height\" content=\"432\" \/>\n\t<meta property=\"og:image:type\" content=\"image\/jpeg\" \/>\n<meta name=\"author\" content=\"Zenilton Lima\" \/>\n<meta name=\"twitter:card\" content=\"summary_large_image\" \/>\n<meta name=\"twitter:label1\" content=\"Escrito por\" \/>\n\t<meta name=\"twitter:data1\" content=\"Zenilton Lima\" \/>\n\t<meta name=\"twitter:label2\" content=\"Est. tempo de leitura\" \/>\n\t<meta name=\"twitter:data2\" content=\"4 minutos\" \/>\n<script type=\"application\/ld+json\" class=\"yoast-schema-graph\">{\"@context\":\"https:\/\/schema.org\",\"@graph\":[{\"@type\":\"WebPage\",\"@id\":\"https:\/\/portalnpm.com\/index.php\/2021\/06\/14\/auxilio-emergencial-sera-prorrogado-ate-outubro-confirma-ministro\/\",\"url\":\"https:\/\/portalnpm.com\/index.php\/2021\/06\/14\/auxilio-emergencial-sera-prorrogado-ate-outubro-confirma-ministro\/\",\"name\":\"Aux\u00edlio emergencial ser\u00e1 prorrogado at\u00e9 outubro, confirma Ministro\",\"isPartOf\":{\"@id\":\"https:\/\/portalnpm.com\/#website\"},\"primaryImageOfPage\":{\"@id\":\"https:\/\/portalnpm.com\/index.php\/2021\/06\/14\/auxilio-emergencial-sera-prorrogado-ate-outubro-confirma-ministro\/#primaryimage\"},\"image\":{\"@id\":\"https:\/\/portalnpm.com\/index.php\/2021\/06\/14\/auxilio-emergencial-sera-prorrogado-ate-outubro-confirma-ministro\/#primaryimage\"},\"thumbnailUrl\":\"https:\/\/portalnpm.com\/wp-content\/uploads\/2024\/01\/Paulo-Guedes.jpeg\",\"datePublished\":\"2021-06-14T14:41:25+00:00\",\"dateModified\":\"2021-06-14T14:41:25+00:00\",\"author\":{\"@id\":\"https:\/\/portalnpm.com\/#\/schema\/person\/35cb55186eae3f074b6783da6d35591e\"},\"breadcrumb\":{\"@id\":\"https:\/\/portalnpm.com\/index.php\/2021\/06\/14\/auxilio-emergencial-sera-prorrogado-ate-outubro-confirma-ministro\/#breadcrumb\"},\"inLanguage\":\"pt-BR\",\"potentialAction\":[{\"@type\":\"ReadAction\",\"target\":[\"https:\/\/portalnpm.com\/index.php\/2021\/06\/14\/auxilio-emergencial-sera-prorrogado-ate-outubro-confirma-ministro\/\"]}]},{\"@type\":\"ImageObject\",\"inLanguage\":\"pt-BR\",\"@id\":\"https:\/\/portalnpm.com\/index.php\/2021\/06\/14\/auxilio-emergencial-sera-prorrogado-ate-outubro-confirma-ministro\/#primaryimage\",\"url\":\"https:\/\/portalnpm.com\/wp-content\/uploads\/2024\/01\/Paulo-Guedes.jpeg\",\"contentUrl\":\"https:\/\/portalnpm.com\/wp-content\/uploads\/2024\/01\/Paulo-Guedes.jpeg\",\"width\":768,\"height\":432},{\"@type\":\"BreadcrumbList\",\"@id\":\"https:\/\/portalnpm.com\/index.php\/2021\/06\/14\/auxilio-emergencial-sera-prorrogado-ate-outubro-confirma-ministro\/#breadcrumb\",\"itemListElement\":[{\"@type\":\"ListItem\",\"position\":1,\"name\":\"In\u00edcio\",\"item\":\"https:\/\/portalnpm.com\/\"},{\"@type\":\"ListItem\",\"position\":2,\"name\":\"Aux\u00edlio emergencial ser\u00e1 prorrogado at\u00e9 outubro, confirma Ministro\"}]},{\"@type\":\"WebSite\",\"@id\":\"https:\/\/portalnpm.com\/#website\",\"url\":\"https:\/\/portalnpm.com\/\",\"name\":\"Portal NPM\",\"description\":\"Not\u00edcias em Primeira M\u00e3o\",\"potentialAction\":[{\"@type\":\"SearchAction\",\"target\":{\"@type\":\"EntryPoint\",\"urlTemplate\":\"https:\/\/portalnpm.com\/?s={search_term_string}\"},\"query-input\":\"required name=search_term_string\"}],\"inLanguage\":\"pt-BR\"},{\"@type\":\"Person\",\"@id\":\"https:\/\/portalnpm.com\/#\/schema\/person\/35cb55186eae3f074b6783da6d35591e\",\"name\":\"Zenilton Lima\",\"image\":{\"@type\":\"ImageObject\",\"inLanguage\":\"pt-BR\",\"@id\":\"https:\/\/portalnpm.com\/#\/schema\/person\/image\/\",\"url\":\"https:\/\/portalnpm.com\/wp-content\/uploads\/2024\/12\/avatar_user_8_1733658137-96x96.jpeg\",\"contentUrl\":\"https:\/\/portalnpm.com\/wp-content\/uploads\/2024\/12\/avatar_user_8_1733658137-96x96.jpeg\",\"caption\":\"Zenilton Lima\"},\"url\":\"https:\/\/portalnpm.com\/index.php\/author\/zenilton\/\"}]}<\/script>\n<!-- \/ Yoast SEO plugin. -->","yoast_head_json":{"title":"Aux\u00edlio emergencial ser\u00e1 prorrogado at\u00e9 outubro, confirma Ministro","robots":{"index":"index","follow":"follow","max-snippet":"max-snippet:-1","max-image-preview":"max-image-preview:large","max-video-preview":"max-video-preview:-1"},"canonical":"https:\/\/portalnpm.com\/index.php\/2021\/06\/14\/auxilio-emergencial-sera-prorrogado-ate-outubro-confirma-ministro\/","og_locale":"pt_BR","og_type":"article","og_title":"Aux\u00edlio emergencial ser\u00e1 prorrogado at\u00e9 outubro, confirma Ministro","og_description":"O Governo Federal deve\u00a0prorrogar\u00a0o aux\u00edlio emergencial por mais\u00a0tr\u00eas meses, segundo o ministro da Economia, Paulo Guedes, confirmou ao colunista Igor Gadelha do portal\u00a0Metr\u00f3poles. \u00a0 Na semana passada, o gestor j\u00e1 havia adiantado que o\u00a0programa poderia ser ampliado\u00a0por mais tempo. \u201cPossivelmente n\u00f3s vamos estender agora o auxilio emergencial por mais dois ou tr\u00eas meses, porque a &hellip;","og_url":"https:\/\/portalnpm.com\/index.php\/2021\/06\/14\/auxilio-emergencial-sera-prorrogado-ate-outubro-confirma-ministro\/","og_site_name":"Portal NPM","article_published_time":"2021-06-14T14:41:25+00:00","og_image":[{"width":768,"height":432,"url":"https:\/\/portalnpm.com\/wp-content\/uploads\/2024\/01\/Paulo-Guedes.jpeg","type":"image\/jpeg"}],"author":"Zenilton Lima","twitter_card":"summary_large_image","twitter_misc":{"Escrito por":"Zenilton Lima","Est. tempo de leitura":"4 minutos"},"schema":{"@context":"https:\/\/schema.org","@graph":[{"@type":"WebPage","@id":"https:\/\/portalnpm.com\/index.php\/2021\/06\/14\/auxilio-emergencial-sera-prorrogado-ate-outubro-confirma-ministro\/","url":"https:\/\/portalnpm.com\/index.php\/2021\/06\/14\/auxilio-emergencial-sera-prorrogado-ate-outubro-confirma-ministro\/","name":"Aux\u00edlio emergencial ser\u00e1 prorrogado at\u00e9 outubro, confirma Ministro","isPartOf":{"@id":"https:\/\/portalnpm.com\/#website"},"primaryImageOfPage":{"@id":"https:\/\/portalnpm.com\/index.php\/2021\/06\/14\/auxilio-emergencial-sera-prorrogado-ate-outubro-confirma-ministro\/#primaryimage"},"image":{"@id":"https:\/\/portalnpm.com\/index.php\/2021\/06\/14\/auxilio-emergencial-sera-prorrogado-ate-outubro-confirma-ministro\/#primaryimage"},"thumbnailUrl":"https:\/\/portalnpm.com\/wp-content\/uploads\/2024\/01\/Paulo-Guedes.jpeg","datePublished":"2021-06-14T14:41:25+00:00","dateModified":"2021-06-14T14:41:25+00:00","author":{"@id":"https:\/\/portalnpm.com\/#\/schema\/person\/35cb55186eae3f074b6783da6d35591e"},"breadcrumb":{"@id":"https:\/\/portalnpm.com\/index.php\/2021\/06\/14\/auxilio-emergencial-sera-prorrogado-ate-outubro-confirma-ministro\/#breadcrumb"},"inLanguage":"pt-BR","potentialAction":[{"@type":"ReadAction","target":["https:\/\/portalnpm.com\/index.php\/2021\/06\/14\/auxilio-emergencial-sera-prorrogado-ate-outubro-confirma-ministro\/"]}]},{"@type":"ImageObject","inLanguage":"pt-BR","@id":"https:\/\/portalnpm.com\/index.php\/2021\/06\/14\/auxilio-emergencial-sera-prorrogado-ate-outubro-confirma-ministro\/#primaryimage","url":"https:\/\/portalnpm.com\/wp-content\/uploads\/2024\/01\/Paulo-Guedes.jpeg","contentUrl":"https:\/\/portalnpm.com\/wp-content\/uploads\/2024\/01\/Paulo-Guedes.jpeg","width":768,"height":432},{"@type":"BreadcrumbList","@id":"https:\/\/portalnpm.com\/index.php\/2021\/06\/14\/auxilio-emergencial-sera-prorrogado-ate-outubro-confirma-ministro\/#breadcrumb","itemListElement":[{"@type":"ListItem","position":1,"name":"In\u00edcio","item":"https:\/\/portalnpm.com\/"},{"@type":"ListItem","position":2,"name":"Aux\u00edlio emergencial ser\u00e1 prorrogado at\u00e9 outubro, confirma Ministro"}]},{"@type":"WebSite","@id":"https:\/\/portalnpm.com\/#website","url":"https:\/\/portalnpm.com\/","name":"Portal NPM","description":"Not\u00edcias em Primeira M\u00e3o","potentialAction":[{"@type":"SearchAction","target":{"@type":"EntryPoint","urlTemplate":"https:\/\/portalnpm.com\/?s={search_term_string}"},"query-input":"required name=search_term_string"}],"inLanguage":"pt-BR"},{"@type":"Person","@id":"https:\/\/portalnpm.com\/#\/schema\/person\/35cb55186eae3f074b6783da6d35591e","name":"Zenilton Lima","image":{"@type":"ImageObject","inLanguage":"pt-BR","@id":"https:\/\/portalnpm.com\/#\/schema\/person\/image\/","url":"https:\/\/portalnpm.com\/wp-content\/uploads\/2024\/12\/avatar_user_8_1733658137-96x96.jpeg","contentUrl":"https:\/\/portalnpm.com\/wp-content\/uploads\/2024\/12\/avatar_user_8_1733658137-96x96.jpeg","caption":"Zenilton Lima"},"url":"https:\/\/portalnpm.com\/index.php\/author\/zenilton\/"}]}},"jetpack_sharing_enabled":true,"jetpack_featured_media_url":"https:\/\/portalnpm.com\/wp-content\/uploads\/2024\/01\/Paulo-Guedes.jpeg","_links":{"self":[{"href":"https:\/\/portalnpm.com\/index.php\/wp-json\/wp\/v2\/posts\/65404"}],"collection":[{"href":"https:\/\/portalnpm.com\/index.php\/wp-json\/wp\/v2\/posts"}],"about":[{"href":"https:\/\/portalnpm.com\/index.php\/wp-json\/wp\/v2\/types\/post"}],"author":[{"embeddable":true,"href":"https:\/\/portalnpm.com\/index.php\/wp-json\/wp\/v2\/users\/8"}],"replies":[{"embeddable":true,"href":"https:\/\/portalnpm.com\/index.php\/wp-json\/wp\/v2\/comments?post=65404"}],"version-history":[{"count":0,"href":"https:\/\/portalnpm.com\/index.php\/wp-json\/wp\/v2\/posts\/65404\/revisions"}],"wp:featuredmedia":[{"embeddable":true,"href":"https:\/\/portalnpm.com\/index.php\/wp-json\/wp\/v2\/media\/65405"}],"wp:attachment":[{"href":"https:\/\/portalnpm.com\/index.php\/wp-json\/wp\/v2\/media?parent=65404"}],"wp:term":[{"taxonomy":"category","embeddable":true,"href":"https:\/\/portalnpm.com\/index.php\/wp-json\/wp\/v2\/categories?post=65404"},{"taxonomy":"post_tag","embeddable":true,"href":"https:\/\/portalnpm.com\/index.php\/wp-json\/wp\/v2\/tags?post=65404"}],"curies":[{"name":"wp","href":"https:\/\/api.w.org\/{rel}","templated":true}]}}