{"id":6542,"date":"2019-03-26T13:51:34","date_gmt":"2019-03-26T16:51:34","guid":{"rendered":"http:\/\/srv.portalnpm.com.br\/?p=6542"},"modified":"2019-03-26T13:51:34","modified_gmt":"2019-03-26T16:51:34","slug":"cantor-piauiense-erismar-do-acordeon-participara-do-programa-do-ratinho-no-sbt","status":"publish","type":"post","link":"https:\/\/portalnpm.com\/index.php\/2019\/03\/26\/cantor-piauiense-erismar-do-acordeon-participara-do-programa-do-ratinho-no-sbt\/","title":{"rendered":"Cantor piauiense Erismar do Acordeon participar\u00e1 do Programa do Ratinho no SBT"},"content":{"rendered":"<p style=\"text-align: justify;\">O dom para musica come\u00e7ou desde cedo, aos 12 anos de idade, o cantor Erismar do Acordeon j\u00e1 mostrava seu talento para o povo do munic\u00edpio de S\u00e3o Francisco de Assis \u2013 PI, cidade no qual o cantor de forr\u00f3 e vaquejada \u00e9 natural e tamb\u00e9m reside.<\/p>\n<p style=\"text-align: justify;\">Atualmente com 29 anos, Erismar do Acordeon agora mostra todo o seu talento para regi\u00e3o. Filho de agricultores, o mesmo conta em conversa com nossa equipe que trabalhou muito tempo na ro\u00e7a para conseguir sua primeira sanfona.\u00a0O mesmo relata que dos seus 12 anos para c\u00e1, com muito esfor\u00e7o, dedica\u00e7\u00e3o e humildade, vem conquistando o seu espa\u00e7o no mundo da m\u00fasica.<\/p>\n<p style=\"text-align: justify;\">Esse espa\u00e7o tem aumentado para o piauiense. Aos 29 anos,\u00a0<strong>Erismar do Acordeon ir\u00e1 participar do quadro \u201cdez ou mil\u201d do Programa do Ratinho, na emissora SBT, j\u00e1 no pr\u00f3ximo dia 08 de abril.<\/strong><\/p>\n<p style=\"text-align: justify;\">Em conversa com nosso rep\u00f3rter, o piauiense conta a sua rea\u00e7\u00e3o quando recebeu a liga\u00e7\u00e3o e foi convidado a participar do quadro do Programa do Ratinho. \u201cQuando recebi a liga\u00e7\u00e3o fiquei at\u00e9 um pouco sem acreditar, apesar de que eu vinha a muito tempo se inscrevendo, mandado v\u00eddeo para o programa do ratinho, e de repente, gra\u00e7as a Deus, com a for\u00e7a e o poder de Deus, eu fui aprovado\u201d, conta o cantor.<\/p>\n<p style=\"text-align: justify;\">Ainda na conversa com o<strong>\u00a0Piau\u00ed em Foco<\/strong>,\u00a0<strong>Erismar do Acordeon<\/strong>\u00a0relatou que ficou sem saber o que dizer ap\u00f3s receber a liga\u00e7\u00e3o do Programa do Ratinho confirmando sua participa\u00e7\u00e3o para o dia 08 de abril.<\/p>\n<p style=\"text-align: justify;\">\u201cNa hora que eles pediram para que eu fosse se apresentar dia 08 de abril eu fiquei at\u00e9 um pouco sem saber o que falar para eles, porque eu estava sem acreditar, porque n\u00e3o \u00e9 f\u00e1cil a gente chegar a um canal de televis\u00e3o que nem o SBT, n\u00e3o \u00e9 f\u00e1cil\u201d, disse o piauiense.<\/p>\n<p style=\"text-align: justify;\">Erismar n\u00e3o escondeu sua felicidade ao contar que participar de um Programa como o do Ratinho \u00e9 a realiza\u00e7\u00e3o de um sonho em sua vida profissional. \u201cPara mim \u00e9 uma realiza\u00e7\u00e3o, mais um sonho que realizei na minha vida, porque sempre sonhei em participar de um Programa como o do Ratinho, ou um do Raul Gil, e n\u00e3o \u00e9 f\u00e1cil, mas com Deus na frente a gente consegue tudo\u201d, afirmou o piauiense.<\/p>\n<p style=\"text-align: justify;\">Encerrando a entrevista, nosso rep\u00f3rter questionou qual era a expectativa do cantor em estar no dia 08 de abril participando do Programa, e o mesmo foi enf\u00e1tico ao falar que ser chamado para participar do quadro \u2018dez ou mil\u2019 \u00e9 uma oportunidade de mostrar seu trabalho para todo Brasil.<\/p>\n<p style=\"text-align: justify;\">\u201cEstou muito feliz com essa maravilhosa oportunidade que surgiu de mostrar o meu trabalho em rede nacional, sempre sonhei com isso, e tenho certeza que ser\u00e1 um divisor de \u00e1guas em minha carreira. Com Deus no comando e muita humildade n\u00f3s vamos \u2018tocar o barco pra frente\u2019 \u201d, finalizou o cantor.<\/p>\n<p style=\"text-align: justify;\"><strong>FONTE: Web Newss\u00a0<\/strong><\/p>\n","protected":false},"excerpt":{"rendered":"<p>O dom para musica come\u00e7ou desde cedo, aos 12 anos de idade, o cantor Erismar do Acordeon j\u00e1 mostrava seu talento para o povo do munic\u00edpio de S\u00e3o Francisco de Assis \u2013 PI, cidade no qual o cantor de forr\u00f3 e vaquejada \u00e9 natural e tamb\u00e9m reside. Atualmente com 29 anos, Erismar do Acordeon agora &hellip;<\/p>\n","protected":false},"author":4,"featured_media":6546,"comment_status":"open","ping_status":"open","sticky":false,"template":"","format":"standard","meta":{"content-type":"","rop_custom_images_group":[],"rop_custom_messages_group":[],"rop_publish_now":"initial","rop_publish_now_accounts":{"facebook_2648258775420054_1618374048415101":""},"rop_publish_now_history":[],"rop_publish_now_status":"pending","footnotes":"","_jetpack_memberships_contains_paid_content":false},"categories":[147,118],"tags":[155,608,1894,2504],"yoast_head":"<!-- This site is optimized with the Yoast SEO plugin v22.3 - https:\/\/yoast.com\/wordpress\/plugins\/seo\/ -->\n<title>Cantor piauiense Erismar do Acordeon participar\u00e1 do Programa do Ratinho no SBT - Portal NPM<\/title>\n<meta name=\"robots\" content=\"index, follow, max-snippet:-1, max-image-preview:large, max-video-preview:-1\" \/>\n<link rel=\"canonical\" href=\"https:\/\/portalnpm.com\/index.php\/2019\/03\/26\/cantor-piauiense-erismar-do-acordeon-participara-do-programa-do-ratinho-no-sbt\/\" \/>\n<meta property=\"og:locale\" content=\"pt_BR\" \/>\n<meta property=\"og:type\" content=\"article\" \/>\n<meta property=\"og:title\" content=\"Cantor piauiense Erismar do Acordeon participar\u00e1 do Programa do Ratinho no SBT - Portal NPM\" \/>\n<meta property=\"og:description\" content=\"O dom para musica come\u00e7ou desde cedo, aos 12 anos de idade, o cantor Erismar do Acordeon j\u00e1 mostrava seu talento para o povo do munic\u00edpio de S\u00e3o Francisco de Assis \u2013 PI, cidade no qual o cantor de forr\u00f3 e vaquejada \u00e9 natural e tamb\u00e9m reside. Atualmente com 29 anos, Erismar do Acordeon agora &hellip;\" \/>\n<meta property=\"og:url\" content=\"https:\/\/portalnpm.com\/index.php\/2019\/03\/26\/cantor-piauiense-erismar-do-acordeon-participara-do-programa-do-ratinho-no-sbt\/\" \/>\n<meta property=\"og:site_name\" content=\"Portal NPM\" \/>\n<meta property=\"article:published_time\" content=\"2019-03-26T16:51:34+00:00\" \/>\n<meta name=\"author\" content=\"Reda\u00e7\u00e3o\" \/>\n<meta name=\"twitter:card\" content=\"summary_large_image\" \/>\n<meta name=\"twitter:label1\" content=\"Escrito por\" \/>\n\t<meta name=\"twitter:data1\" content=\"Reda\u00e7\u00e3o\" \/>\n\t<meta name=\"twitter:label2\" content=\"Est. tempo de leitura\" \/>\n\t<meta name=\"twitter:data2\" content=\"2 minutos\" \/>\n<script type=\"application\/ld+json\" class=\"yoast-schema-graph\">{\"@context\":\"https:\/\/schema.org\",\"@graph\":[{\"@type\":\"WebPage\",\"@id\":\"https:\/\/portalnpm.com\/index.php\/2019\/03\/26\/cantor-piauiense-erismar-do-acordeon-participara-do-programa-do-ratinho-no-sbt\/\",\"url\":\"https:\/\/portalnpm.com\/index.php\/2019\/03\/26\/cantor-piauiense-erismar-do-acordeon-participara-do-programa-do-ratinho-no-sbt\/\",\"name\":\"Cantor piauiense Erismar do Acordeon participar\u00e1 do Programa do Ratinho no SBT - Portal NPM\",\"isPartOf\":{\"@id\":\"https:\/\/portalnpm.com\/#website\"},\"primaryImageOfPage\":{\"@id\":\"https:\/\/portalnpm.com\/index.php\/2019\/03\/26\/cantor-piauiense-erismar-do-acordeon-participara-do-programa-do-ratinho-no-sbt\/#primaryimage\"},\"image\":{\"@id\":\"https:\/\/portalnpm.com\/index.php\/2019\/03\/26\/cantor-piauiense-erismar-do-acordeon-participara-do-programa-do-ratinho-no-sbt\/#primaryimage\"},\"thumbnailUrl\":\"\",\"datePublished\":\"2019-03-26T16:51:34+00:00\",\"dateModified\":\"2019-03-26T16:51:34+00:00\",\"author\":{\"@id\":\"https:\/\/portalnpm.com\/#\/schema\/person\/0b5f230ec96cee25504fa328e7f2b733\"},\"breadcrumb\":{\"@id\":\"https:\/\/portalnpm.com\/index.php\/2019\/03\/26\/cantor-piauiense-erismar-do-acordeon-participara-do-programa-do-ratinho-no-sbt\/#breadcrumb\"},\"inLanguage\":\"pt-BR\",\"potentialAction\":[{\"@type\":\"ReadAction\",\"target\":[\"https:\/\/portalnpm.com\/index.php\/2019\/03\/26\/cantor-piauiense-erismar-do-acordeon-participara-do-programa-do-ratinho-no-sbt\/\"]}]},{\"@type\":\"ImageObject\",\"inLanguage\":\"pt-BR\",\"@id\":\"https:\/\/portalnpm.com\/index.php\/2019\/03\/26\/cantor-piauiense-erismar-do-acordeon-participara-do-programa-do-ratinho-no-sbt\/#primaryimage\",\"url\":\"\",\"contentUrl\":\"\"},{\"@type\":\"BreadcrumbList\",\"@id\":\"https:\/\/portalnpm.com\/index.php\/2019\/03\/26\/cantor-piauiense-erismar-do-acordeon-participara-do-programa-do-ratinho-no-sbt\/#breadcrumb\",\"itemListElement\":[{\"@type\":\"ListItem\",\"position\":1,\"name\":\"In\u00edcio\",\"item\":\"https:\/\/portalnpm.com\/\"},{\"@type\":\"ListItem\",\"position\":2,\"name\":\"Cantor piauiense Erismar do Acordeon participar\u00e1 do Programa do Ratinho no SBT\"}]},{\"@type\":\"WebSite\",\"@id\":\"https:\/\/portalnpm.com\/#website\",\"url\":\"https:\/\/portalnpm.com\/\",\"name\":\"Portal NPM\",\"description\":\"Not\u00edcias em Primeira M\u00e3o\",\"potentialAction\":[{\"@type\":\"SearchAction\",\"target\":{\"@type\":\"EntryPoint\",\"urlTemplate\":\"https:\/\/portalnpm.com\/?s={search_term_string}\"},\"query-input\":\"required name=search_term_string\"}],\"inLanguage\":\"pt-BR\"},{\"@type\":\"Person\",\"@id\":\"https:\/\/portalnpm.com\/#\/schema\/person\/0b5f230ec96cee25504fa328e7f2b733\",\"name\":\"Reda\u00e7\u00e3o\",\"image\":{\"@type\":\"ImageObject\",\"inLanguage\":\"pt-BR\",\"@id\":\"https:\/\/portalnpm.com\/#\/schema\/person\/image\/\",\"url\":\"https:\/\/portalnpm.com\/wp-content\/uploads\/2024\/03\/avatar_user_4_1710097212-96x96.png\",\"contentUrl\":\"https:\/\/portalnpm.com\/wp-content\/uploads\/2024\/03\/avatar_user_4_1710097212-96x96.png\",\"caption\":\"Reda\u00e7\u00e3o\"},\"url\":\"https:\/\/portalnpm.com\/index.php\/author\/redacao\/\"}]}<\/script>\n<!-- \/ Yoast SEO plugin. -->","yoast_head_json":{"title":"Cantor piauiense Erismar do Acordeon participar\u00e1 do Programa do Ratinho no SBT - Portal NPM","robots":{"index":"index","follow":"follow","max-snippet":"max-snippet:-1","max-image-preview":"max-image-preview:large","max-video-preview":"max-video-preview:-1"},"canonical":"https:\/\/portalnpm.com\/index.php\/2019\/03\/26\/cantor-piauiense-erismar-do-acordeon-participara-do-programa-do-ratinho-no-sbt\/","og_locale":"pt_BR","og_type":"article","og_title":"Cantor piauiense Erismar do Acordeon participar\u00e1 do Programa do Ratinho no SBT - Portal NPM","og_description":"O dom para musica come\u00e7ou desde cedo, aos 12 anos de idade, o cantor Erismar do Acordeon j\u00e1 mostrava seu talento para o povo do munic\u00edpio de S\u00e3o Francisco de Assis \u2013 PI, cidade no qual o cantor de forr\u00f3 e vaquejada \u00e9 natural e tamb\u00e9m reside. Atualmente com 29 anos, Erismar do Acordeon agora &hellip;","og_url":"https:\/\/portalnpm.com\/index.php\/2019\/03\/26\/cantor-piauiense-erismar-do-acordeon-participara-do-programa-do-ratinho-no-sbt\/","og_site_name":"Portal NPM","article_published_time":"2019-03-26T16:51:34+00:00","author":"Reda\u00e7\u00e3o","twitter_card":"summary_large_image","twitter_misc":{"Escrito por":"Reda\u00e7\u00e3o","Est. tempo de leitura":"2 minutos"},"schema":{"@context":"https:\/\/schema.org","@graph":[{"@type":"WebPage","@id":"https:\/\/portalnpm.com\/index.php\/2019\/03\/26\/cantor-piauiense-erismar-do-acordeon-participara-do-programa-do-ratinho-no-sbt\/","url":"https:\/\/portalnpm.com\/index.php\/2019\/03\/26\/cantor-piauiense-erismar-do-acordeon-participara-do-programa-do-ratinho-no-sbt\/","name":"Cantor piauiense Erismar do Acordeon participar\u00e1 do Programa do Ratinho no SBT - Portal NPM","isPartOf":{"@id":"https:\/\/portalnpm.com\/#website"},"primaryImageOfPage":{"@id":"https:\/\/portalnpm.com\/index.php\/2019\/03\/26\/cantor-piauiense-erismar-do-acordeon-participara-do-programa-do-ratinho-no-sbt\/#primaryimage"},"image":{"@id":"https:\/\/portalnpm.com\/index.php\/2019\/03\/26\/cantor-piauiense-erismar-do-acordeon-participara-do-programa-do-ratinho-no-sbt\/#primaryimage"},"thumbnailUrl":"","datePublished":"2019-03-26T16:51:34+00:00","dateModified":"2019-03-26T16:51:34+00:00","author":{"@id":"https:\/\/portalnpm.com\/#\/schema\/person\/0b5f230ec96cee25504fa328e7f2b733"},"breadcrumb":{"@id":"https:\/\/portalnpm.com\/index.php\/2019\/03\/26\/cantor-piauiense-erismar-do-acordeon-participara-do-programa-do-ratinho-no-sbt\/#breadcrumb"},"inLanguage":"pt-BR","potentialAction":[{"@type":"ReadAction","target":["https:\/\/portalnpm.com\/index.php\/2019\/03\/26\/cantor-piauiense-erismar-do-acordeon-participara-do-programa-do-ratinho-no-sbt\/"]}]},{"@type":"ImageObject","inLanguage":"pt-BR","@id":"https:\/\/portalnpm.com\/index.php\/2019\/03\/26\/cantor-piauiense-erismar-do-acordeon-participara-do-programa-do-ratinho-no-sbt\/#primaryimage","url":"","contentUrl":""},{"@type":"BreadcrumbList","@id":"https:\/\/portalnpm.com\/index.php\/2019\/03\/26\/cantor-piauiense-erismar-do-acordeon-participara-do-programa-do-ratinho-no-sbt\/#breadcrumb","itemListElement":[{"@type":"ListItem","position":1,"name":"In\u00edcio","item":"https:\/\/portalnpm.com\/"},{"@type":"ListItem","position":2,"name":"Cantor piauiense Erismar do Acordeon participar\u00e1 do Programa do Ratinho no SBT"}]},{"@type":"WebSite","@id":"https:\/\/portalnpm.com\/#website","url":"https:\/\/portalnpm.com\/","name":"Portal NPM","description":"Not\u00edcias em Primeira M\u00e3o","potentialAction":[{"@type":"SearchAction","target":{"@type":"EntryPoint","urlTemplate":"https:\/\/portalnpm.com\/?s={search_term_string}"},"query-input":"required name=search_term_string"}],"inLanguage":"pt-BR"},{"@type":"Person","@id":"https:\/\/portalnpm.com\/#\/schema\/person\/0b5f230ec96cee25504fa328e7f2b733","name":"Reda\u00e7\u00e3o","image":{"@type":"ImageObject","inLanguage":"pt-BR","@id":"https:\/\/portalnpm.com\/#\/schema\/person\/image\/","url":"https:\/\/portalnpm.com\/wp-content\/uploads\/2024\/03\/avatar_user_4_1710097212-96x96.png","contentUrl":"https:\/\/portalnpm.com\/wp-content\/uploads\/2024\/03\/avatar_user_4_1710097212-96x96.png","caption":"Reda\u00e7\u00e3o"},"url":"https:\/\/portalnpm.com\/index.php\/author\/redacao\/"}]}},"jetpack_sharing_enabled":true,"jetpack_featured_media_url":"","_links":{"self":[{"href":"https:\/\/portalnpm.com\/index.php\/wp-json\/wp\/v2\/posts\/6542"}],"collection":[{"href":"https:\/\/portalnpm.com\/index.php\/wp-json\/wp\/v2\/posts"}],"about":[{"href":"https:\/\/portalnpm.com\/index.php\/wp-json\/wp\/v2\/types\/post"}],"author":[{"embeddable":true,"href":"https:\/\/portalnpm.com\/index.php\/wp-json\/wp\/v2\/users\/4"}],"replies":[{"embeddable":true,"href":"https:\/\/portalnpm.com\/index.php\/wp-json\/wp\/v2\/comments?post=6542"}],"version-history":[{"count":0,"href":"https:\/\/portalnpm.com\/index.php\/wp-json\/wp\/v2\/posts\/6542\/revisions"}],"wp:featuredmedia":[{"embeddable":true,"href":"https:\/\/portalnpm.com\/index.php\/wp-json\/"}],"wp:attachment":[{"href":"https:\/\/portalnpm.com\/index.php\/wp-json\/wp\/v2\/media?parent=6542"}],"wp:term":[{"taxonomy":"category","embeddable":true,"href":"https:\/\/portalnpm.com\/index.php\/wp-json\/wp\/v2\/categories?post=6542"},{"taxonomy":"post_tag","embeddable":true,"href":"https:\/\/portalnpm.com\/index.php\/wp-json\/wp\/v2\/tags?post=6542"}],"curies":[{"name":"wp","href":"https:\/\/api.w.org\/{rel}","templated":true}]}}