{"id":65436,"date":"2021-06-15T07:16:36","date_gmt":"2021-06-15T10:16:36","guid":{"rendered":"https:\/\/portalnpm.com\/index.php\/2021\/06\/15\/piaui-registra-608-novos-casos-e-14-obitos-por-covid-em-24h\/"},"modified":"2021-06-15T07:16:36","modified_gmt":"2021-06-15T10:16:36","slug":"piaui-registra-608-novos-casos-e-14-obitos-por-covid-em-24h","status":"publish","type":"post","link":"https:\/\/portalnpm.com\/index.php\/2021\/06\/15\/piaui-registra-608-novos-casos-e-14-obitos-por-covid-em-24h\/","title":{"rendered":"Piau\u00ed registra 608 novos casos e 14 \u00f3bitos por Covid em 24h"},"content":{"rendered":"<p style=\"text-align: justify;\">O estado do Piau\u00ed registrou nesta segunda-feira (14) o total de 608 novos casos confirmados e mais sete mortes devido a Covid-19. Hoje, tamb\u00e9m foram confirmados mais 11 \u00f3bitos acumulados de per\u00edodos anteriores e que estavam em investiga\u00e7\u00e3o epidemiol\u00f3gica. Os dados foram informados pela Secretaria de Estado da Sa\u00fade (Sesapi) na noite de segunda-feira.<\/p>\n<p style=\"text-align: justify;\">\n<p style=\"text-align: justify;\">\n<p style=\"text-align: justify;\">Dos 608 casos confirmados da doen\u00e7a 329 s\u00e3o mulheres e 279 s\u00e3o homens, com idades entre um e 96 anos. Cinco homens e nove mulheres foram v\u00edtimas da Covid-19.<\/p>\n<div style=\"text-align: justify;\">Um homem de: Elesb\u00e3o Veloso (41 anos)<br \/>\nUm homem nascido em: Luzil\u00e2ndia (75 anos)<br \/>\nUm homem natural de: Pedro II (65 anos)<br \/>\nUm homem de: Regenera\u00e7\u00e3o (32 anos)<br \/>\nUm homem nascido em: Uru\u00e7u\u00ed (81 anos)<br \/>\nUma mulher de: An\u00edsio de Abreu (40 anos)<br \/>\nUma mulher nascida em: Gilbu\u00e9s (18 anos)<br \/>\nTr\u00eas mulheres de: Parna\u00edba (53, 61 e 63 anos)<br \/>\nUma mulher de: S\u00e3o Pedro do Piau\u00ed (55 anos)<br \/>\nDuas mulheres de: Teresina (57 e 38 anos)<br \/>\nUma mulher da cidade de: V\u00e1rzea Branca (70 anos)<\/div>\n<p style=\"text-align: justify;\">Dos \u00f3bitos acumulados as quatro mulheres eram de Teresina (55, 61 e 89 anos) e Uni\u00e3o (34 anos). Os sete homens eram das cidades de Col\u00f4nia do Piau\u00ed (74 anos), Cristino Castro (86 anos), Floriano (57 anos) Luzil\u00e2ndia (84 anos) e Teresina (56, 58 e 87 anos).<\/p>\n<p style=\"text-align: justify;\">Os casos confirmados no estado somam 285.644 distribu\u00eddos em todos os munic\u00edpios piauienses. J\u00e1 os \u00f3bitos pelo novo coronav\u00edrus chegam a 6.265 e foram registrados em 222 munic\u00edpios.<\/p>\n<p style=\"text-align: justify;\">Dos leitos existentes na rede de sa\u00fade do Piau\u00ed para atendimento \u00e0 Covid-19, h\u00e1 820 ocupados, sendo 476 leitos cl\u00ednicos, 325 UTIs e 19 em leitos de estabiliza\u00e7\u00e3o. As altas acumuladas somam 18.512 at\u00e9 o dia 14 de junho de 2021.<\/p>\n<p style=\"text-align: justify;\">A Sesapi estima que 278.559 pessoas est\u00e3o recuperadas ou seguem em acompanhamento m\u00e9dico.<\/p>\n<p style=\"text-align: justify;\">\n<p style=\"text-align: justify;\">\n<p style=\"text-align: justify;\">\n<div id=\"ig-0573b046-0e77-b44d-e742-e31504391f93\" class=\"infogram-embed\" style=\"text-align: justify;\" data-id=\"fa661263-651a-4888-9802-f1641c2f0437\" data-title=\"Covid-19\u00a0 Piau\u00ed\" data-type=\"interactive\" data-processed=\"1\">\u00a0<iframe title=\"Covid-19\u00a0 Piau\u00ed\" src=\"https:\/\/e.infogram.com\/fa661263-651a-4888-9802-f1641c2f0437?parent_url=https%3A%2F%2Fcidadeverde.com%2Fnoticias%2F348689%2Fpiaui-registra-608-novos-casos-e-14-obitos-por-covid-em-24h&#038;src=embed#async_embed\" frameborder=\"0\" scrolling=\"no\" allowfullscreen=\"allowfullscreen\" data-mce-fragment=\"1\"><\/iframe><\/div>\n<div style=\"text-align: justify;\"><a href=\"https:\/\/infogram.com\/fa661263-651a-4888-9802-f1641c2f0437\" target=\"_blank\" rel=\"noopener\">Covid-19\u00a0 Piau\u00ed<\/a><br \/>\n<a href=\"https:\/\/infogram.com\/\" target=\"_blank\" rel=\"nofollow noopener\">Infogram<\/a><\/div>\n<p style=\"text-align: justify;\">\n<p style=\"text-align: justify;\">\n<p style=\"text-align: justify;\">\n<p style=\"text-align: justify;\"><em>P\u00e2mella Maranh\u00e3o com informa\u00e7\u00f5es da Sesapi<br \/>\nredacao@cidadeverde.com<\/em><\/p>\n","protected":false},"excerpt":{"rendered":"<p>O estado do Piau\u00ed registrou nesta segunda-feira (14) o total de 608 novos casos confirmados e mais sete mortes devido a Covid-19. Hoje, tamb\u00e9m foram confirmados mais 11 \u00f3bitos acumulados de per\u00edodos anteriores e que estavam em investiga\u00e7\u00e3o epidemiol\u00f3gica. Os dados foram informados pela Secretaria de Estado da Sa\u00fade (Sesapi) na noite de segunda-feira. Dos &hellip;<\/p>\n","protected":false},"author":2,"featured_media":65437,"comment_status":"open","ping_status":"open","sticky":false,"template":"","format":"standard","meta":{"content-type":"","rop_custom_images_group":[],"rop_custom_messages_group":[],"rop_publish_now":"initial","rop_publish_now_accounts":{"facebook_2648258775420054_1618374048415101":""},"rop_publish_now_history":[],"rop_publish_now_status":"pending","footnotes":"","_jetpack_memberships_contains_paid_content":false},"categories":[384],"tags":[8309,187],"yoast_head":"<!-- This site is optimized with the Yoast SEO plugin v22.3 - https:\/\/yoast.com\/wordpress\/plugins\/seo\/ -->\n<title>Piau\u00ed registra 608 novos casos e 14 \u00f3bitos por Covid em 24h<\/title>\n<meta name=\"robots\" content=\"index, follow, max-snippet:-1, max-image-preview:large, max-video-preview:-1\" \/>\n<link rel=\"canonical\" href=\"https:\/\/portalnpm.com\/index.php\/2021\/06\/15\/piaui-registra-608-novos-casos-e-14-obitos-por-covid-em-24h\/\" \/>\n<meta property=\"og:locale\" content=\"pt_BR\" \/>\n<meta property=\"og:type\" content=\"article\" \/>\n<meta property=\"og:title\" content=\"Piau\u00ed registra 608 novos casos e 14 \u00f3bitos por Covid em 24h\" \/>\n<meta property=\"og:description\" content=\"O estado do Piau\u00ed registrou nesta segunda-feira (14) o total de 608 novos casos confirmados e mais sete mortes devido a Covid-19. Hoje, tamb\u00e9m foram confirmados mais 11 \u00f3bitos acumulados de per\u00edodos anteriores e que estavam em investiga\u00e7\u00e3o epidemiol\u00f3gica. Os dados foram informados pela Secretaria de Estado da Sa\u00fade (Sesapi) na noite de segunda-feira. Dos &hellip;\" \/>\n<meta property=\"og:url\" content=\"https:\/\/portalnpm.com\/index.php\/2021\/06\/15\/piaui-registra-608-novos-casos-e-14-obitos-por-covid-em-24h\/\" \/>\n<meta property=\"og:site_name\" content=\"Portal NPM\" \/>\n<meta property=\"article:published_time\" content=\"2021-06-15T10:16:36+00:00\" \/>\n<meta property=\"og:image\" content=\"https:\/\/portalnpm.com\/wp-content\/uploads\/2024\/01\/1496f6dfd086fec67706ee7a866cfd2a.jpg\" \/>\n\t<meta property=\"og:image:width\" content=\"790\" \/>\n\t<meta property=\"og:image:height\" content=\"526\" \/>\n\t<meta property=\"og:image:type\" content=\"image\/jpeg\" \/>\n<meta name=\"author\" content=\"Genival Barbosa\" \/>\n<meta name=\"twitter:card\" content=\"summary_large_image\" \/>\n<meta name=\"twitter:label1\" content=\"Escrito por\" \/>\n\t<meta name=\"twitter:data1\" content=\"Genival Barbosa\" \/>\n\t<meta name=\"twitter:label2\" content=\"Est. tempo de leitura\" \/>\n\t<meta name=\"twitter:data2\" content=\"2 minutos\" \/>\n<script type=\"application\/ld+json\" class=\"yoast-schema-graph\">{\"@context\":\"https:\/\/schema.org\",\"@graph\":[{\"@type\":\"WebPage\",\"@id\":\"https:\/\/portalnpm.com\/index.php\/2021\/06\/15\/piaui-registra-608-novos-casos-e-14-obitos-por-covid-em-24h\/\",\"url\":\"https:\/\/portalnpm.com\/index.php\/2021\/06\/15\/piaui-registra-608-novos-casos-e-14-obitos-por-covid-em-24h\/\",\"name\":\"Piau\u00ed registra 608 novos casos e 14 \u00f3bitos por Covid em 24h\",\"isPartOf\":{\"@id\":\"https:\/\/portalnpm.com\/#website\"},\"primaryImageOfPage\":{\"@id\":\"https:\/\/portalnpm.com\/index.php\/2021\/06\/15\/piaui-registra-608-novos-casos-e-14-obitos-por-covid-em-24h\/#primaryimage\"},\"image\":{\"@id\":\"https:\/\/portalnpm.com\/index.php\/2021\/06\/15\/piaui-registra-608-novos-casos-e-14-obitos-por-covid-em-24h\/#primaryimage\"},\"thumbnailUrl\":\"https:\/\/portalnpm.com\/wp-content\/uploads\/2024\/01\/1496f6dfd086fec67706ee7a866cfd2a.jpg\",\"datePublished\":\"2021-06-15T10:16:36+00:00\",\"dateModified\":\"2021-06-15T10:16:36+00:00\",\"author\":{\"@id\":\"https:\/\/portalnpm.com\/#\/schema\/person\/49313e563cfdefcc167f1ee4c017c294\"},\"breadcrumb\":{\"@id\":\"https:\/\/portalnpm.com\/index.php\/2021\/06\/15\/piaui-registra-608-novos-casos-e-14-obitos-por-covid-em-24h\/#breadcrumb\"},\"inLanguage\":\"pt-BR\",\"potentialAction\":[{\"@type\":\"ReadAction\",\"target\":[\"https:\/\/portalnpm.com\/index.php\/2021\/06\/15\/piaui-registra-608-novos-casos-e-14-obitos-por-covid-em-24h\/\"]}]},{\"@type\":\"ImageObject\",\"inLanguage\":\"pt-BR\",\"@id\":\"https:\/\/portalnpm.com\/index.php\/2021\/06\/15\/piaui-registra-608-novos-casos-e-14-obitos-por-covid-em-24h\/#primaryimage\",\"url\":\"https:\/\/portalnpm.com\/wp-content\/uploads\/2024\/01\/1496f6dfd086fec67706ee7a866cfd2a.jpg\",\"contentUrl\":\"https:\/\/portalnpm.com\/wp-content\/uploads\/2024\/01\/1496f6dfd086fec67706ee7a866cfd2a.jpg\",\"width\":790,\"height\":526},{\"@type\":\"BreadcrumbList\",\"@id\":\"https:\/\/portalnpm.com\/index.php\/2021\/06\/15\/piaui-registra-608-novos-casos-e-14-obitos-por-covid-em-24h\/#breadcrumb\",\"itemListElement\":[{\"@type\":\"ListItem\",\"position\":1,\"name\":\"In\u00edcio\",\"item\":\"https:\/\/portalnpm.com\/\"},{\"@type\":\"ListItem\",\"position\":2,\"name\":\"Piau\u00ed registra 608 novos casos e 14 \u00f3bitos por Covid em 24h\"}]},{\"@type\":\"WebSite\",\"@id\":\"https:\/\/portalnpm.com\/#website\",\"url\":\"https:\/\/portalnpm.com\/\",\"name\":\"Portal NPM\",\"description\":\"Not\u00edcias em Primeira M\u00e3o\",\"potentialAction\":[{\"@type\":\"SearchAction\",\"target\":{\"@type\":\"EntryPoint\",\"urlTemplate\":\"https:\/\/portalnpm.com\/?s={search_term_string}\"},\"query-input\":\"required name=search_term_string\"}],\"inLanguage\":\"pt-BR\"},{\"@type\":\"Person\",\"@id\":\"https:\/\/portalnpm.com\/#\/schema\/person\/49313e563cfdefcc167f1ee4c017c294\",\"name\":\"Genival Barbosa\",\"image\":{\"@type\":\"ImageObject\",\"inLanguage\":\"pt-BR\",\"@id\":\"https:\/\/portalnpm.com\/#\/schema\/person\/image\/\",\"url\":\"https:\/\/portalnpm.com\/wp-content\/uploads\/2024\/02\/avatar_user_2_1707743258-96x96.jpeg\",\"contentUrl\":\"https:\/\/portalnpm.com\/wp-content\/uploads\/2024\/02\/avatar_user_2_1707743258-96x96.jpeg\",\"caption\":\"Genival Barbosa\"},\"url\":\"https:\/\/portalnpm.com\/index.php\/author\/genival\/\"}]}<\/script>\n<!-- \/ Yoast SEO plugin. -->","yoast_head_json":{"title":"Piau\u00ed registra 608 novos casos e 14 \u00f3bitos por Covid em 24h","robots":{"index":"index","follow":"follow","max-snippet":"max-snippet:-1","max-image-preview":"max-image-preview:large","max-video-preview":"max-video-preview:-1"},"canonical":"https:\/\/portalnpm.com\/index.php\/2021\/06\/15\/piaui-registra-608-novos-casos-e-14-obitos-por-covid-em-24h\/","og_locale":"pt_BR","og_type":"article","og_title":"Piau\u00ed registra 608 novos casos e 14 \u00f3bitos por Covid em 24h","og_description":"O estado do Piau\u00ed registrou nesta segunda-feira (14) o total de 608 novos casos confirmados e mais sete mortes devido a Covid-19. Hoje, tamb\u00e9m foram confirmados mais 11 \u00f3bitos acumulados de per\u00edodos anteriores e que estavam em investiga\u00e7\u00e3o epidemiol\u00f3gica. Os dados foram informados pela Secretaria de Estado da Sa\u00fade (Sesapi) na noite de segunda-feira. Dos &hellip;","og_url":"https:\/\/portalnpm.com\/index.php\/2021\/06\/15\/piaui-registra-608-novos-casos-e-14-obitos-por-covid-em-24h\/","og_site_name":"Portal NPM","article_published_time":"2021-06-15T10:16:36+00:00","og_image":[{"width":790,"height":526,"url":"https:\/\/portalnpm.com\/wp-content\/uploads\/2024\/01\/1496f6dfd086fec67706ee7a866cfd2a.jpg","type":"image\/jpeg"}],"author":"Genival Barbosa","twitter_card":"summary_large_image","twitter_misc":{"Escrito por":"Genival Barbosa","Est. tempo de leitura":"2 minutos"},"schema":{"@context":"https:\/\/schema.org","@graph":[{"@type":"WebPage","@id":"https:\/\/portalnpm.com\/index.php\/2021\/06\/15\/piaui-registra-608-novos-casos-e-14-obitos-por-covid-em-24h\/","url":"https:\/\/portalnpm.com\/index.php\/2021\/06\/15\/piaui-registra-608-novos-casos-e-14-obitos-por-covid-em-24h\/","name":"Piau\u00ed registra 608 novos casos e 14 \u00f3bitos por Covid em 24h","isPartOf":{"@id":"https:\/\/portalnpm.com\/#website"},"primaryImageOfPage":{"@id":"https:\/\/portalnpm.com\/index.php\/2021\/06\/15\/piaui-registra-608-novos-casos-e-14-obitos-por-covid-em-24h\/#primaryimage"},"image":{"@id":"https:\/\/portalnpm.com\/index.php\/2021\/06\/15\/piaui-registra-608-novos-casos-e-14-obitos-por-covid-em-24h\/#primaryimage"},"thumbnailUrl":"https:\/\/portalnpm.com\/wp-content\/uploads\/2024\/01\/1496f6dfd086fec67706ee7a866cfd2a.jpg","datePublished":"2021-06-15T10:16:36+00:00","dateModified":"2021-06-15T10:16:36+00:00","author":{"@id":"https:\/\/portalnpm.com\/#\/schema\/person\/49313e563cfdefcc167f1ee4c017c294"},"breadcrumb":{"@id":"https:\/\/portalnpm.com\/index.php\/2021\/06\/15\/piaui-registra-608-novos-casos-e-14-obitos-por-covid-em-24h\/#breadcrumb"},"inLanguage":"pt-BR","potentialAction":[{"@type":"ReadAction","target":["https:\/\/portalnpm.com\/index.php\/2021\/06\/15\/piaui-registra-608-novos-casos-e-14-obitos-por-covid-em-24h\/"]}]},{"@type":"ImageObject","inLanguage":"pt-BR","@id":"https:\/\/portalnpm.com\/index.php\/2021\/06\/15\/piaui-registra-608-novos-casos-e-14-obitos-por-covid-em-24h\/#primaryimage","url":"https:\/\/portalnpm.com\/wp-content\/uploads\/2024\/01\/1496f6dfd086fec67706ee7a866cfd2a.jpg","contentUrl":"https:\/\/portalnpm.com\/wp-content\/uploads\/2024\/01\/1496f6dfd086fec67706ee7a866cfd2a.jpg","width":790,"height":526},{"@type":"BreadcrumbList","@id":"https:\/\/portalnpm.com\/index.php\/2021\/06\/15\/piaui-registra-608-novos-casos-e-14-obitos-por-covid-em-24h\/#breadcrumb","itemListElement":[{"@type":"ListItem","position":1,"name":"In\u00edcio","item":"https:\/\/portalnpm.com\/"},{"@type":"ListItem","position":2,"name":"Piau\u00ed registra 608 novos casos e 14 \u00f3bitos por Covid em 24h"}]},{"@type":"WebSite","@id":"https:\/\/portalnpm.com\/#website","url":"https:\/\/portalnpm.com\/","name":"Portal NPM","description":"Not\u00edcias em Primeira M\u00e3o","potentialAction":[{"@type":"SearchAction","target":{"@type":"EntryPoint","urlTemplate":"https:\/\/portalnpm.com\/?s={search_term_string}"},"query-input":"required name=search_term_string"}],"inLanguage":"pt-BR"},{"@type":"Person","@id":"https:\/\/portalnpm.com\/#\/schema\/person\/49313e563cfdefcc167f1ee4c017c294","name":"Genival Barbosa","image":{"@type":"ImageObject","inLanguage":"pt-BR","@id":"https:\/\/portalnpm.com\/#\/schema\/person\/image\/","url":"https:\/\/portalnpm.com\/wp-content\/uploads\/2024\/02\/avatar_user_2_1707743258-96x96.jpeg","contentUrl":"https:\/\/portalnpm.com\/wp-content\/uploads\/2024\/02\/avatar_user_2_1707743258-96x96.jpeg","caption":"Genival Barbosa"},"url":"https:\/\/portalnpm.com\/index.php\/author\/genival\/"}]}},"jetpack_sharing_enabled":true,"jetpack_featured_media_url":"https:\/\/portalnpm.com\/wp-content\/uploads\/2024\/01\/1496f6dfd086fec67706ee7a866cfd2a.jpg","_links":{"self":[{"href":"https:\/\/portalnpm.com\/index.php\/wp-json\/wp\/v2\/posts\/65436"}],"collection":[{"href":"https:\/\/portalnpm.com\/index.php\/wp-json\/wp\/v2\/posts"}],"about":[{"href":"https:\/\/portalnpm.com\/index.php\/wp-json\/wp\/v2\/types\/post"}],"author":[{"embeddable":true,"href":"https:\/\/portalnpm.com\/index.php\/wp-json\/wp\/v2\/users\/2"}],"replies":[{"embeddable":true,"href":"https:\/\/portalnpm.com\/index.php\/wp-json\/wp\/v2\/comments?post=65436"}],"version-history":[{"count":0,"href":"https:\/\/portalnpm.com\/index.php\/wp-json\/wp\/v2\/posts\/65436\/revisions"}],"wp:featuredmedia":[{"embeddable":true,"href":"https:\/\/portalnpm.com\/index.php\/wp-json\/wp\/v2\/media\/65437"}],"wp:attachment":[{"href":"https:\/\/portalnpm.com\/index.php\/wp-json\/wp\/v2\/media?parent=65436"}],"wp:term":[{"taxonomy":"category","embeddable":true,"href":"https:\/\/portalnpm.com\/index.php\/wp-json\/wp\/v2\/categories?post=65436"},{"taxonomy":"post_tag","embeddable":true,"href":"https:\/\/portalnpm.com\/index.php\/wp-json\/wp\/v2\/tags?post=65436"}],"curies":[{"name":"wp","href":"https:\/\/api.w.org\/{rel}","templated":true}]}}