{"id":6551,"date":"2019-03-26T14:01:58","date_gmt":"2019-03-26T17:01:58","guid":{"rendered":"http:\/\/srv.portalnpm.com.br\/?p=6551"},"modified":"2019-03-26T14:01:58","modified_gmt":"2019-03-26T17:01:58","slug":"falece-esposa-de-ex-presidente-da-camara-de-picos","status":"publish","type":"post","link":"https:\/\/portalnpm.com\/index.php\/2019\/03\/26\/falece-esposa-de-ex-presidente-da-camara-de-picos\/","title":{"rendered":"Falece esposa de ex-presidente da C\u00e2mara de Picos"},"content":{"rendered":"<p style=\"text-align: justify;\">Faleceu na manh\u00e3 desta ter\u00e7a-feira, 26, na cidade de Picos, a professora aposentada Maria do Amparo de Ara\u00fajo Barros, de 83 anos. A educadora, que j\u00e1 estava debilitada h\u00e1 algum tempo, sofreu fal\u00eancia m\u00faltipla dos \u00f3rg\u00e3os.<\/p>\n<p style=\"text-align: justify;\">O corpo de Dona Amparo est\u00e1 sendo velado em sua resid\u00eancia na Rua S\u00e3o Sebasti\u00e3o, 976, Canto da V\u00e1rzea. Nesta quarta-feira, 27, \u00e0s 7 horas da manh\u00e3 ser\u00e1 rezada uma missa de corpo presente na Catedral de Picos, seguido do sepultamento no cemit\u00e9rio S\u00e3o Pedro de Alc\u00e2ntara.<\/p>\n<p style=\"text-align: justify;\">Maria do Amparo de Ara\u00fajo Barros \u00e9 irm\u00e3 de dois ex-prefeitos de Picos, Abel de Barros Ara\u00fajo, (administrou o munic\u00edpio de 1983-1988\/1993-1996) e Ant\u00f4nio de Barros Ara\u00fajo (administrou o munic\u00edpio de 1971 a 1973).<\/p>\n<p style=\"text-align: justify;\">A educadora era casada com o ex-presidente da C\u00e2mara Municipal de Picos, professor In\u00e1cio Baldoino de Barros (presidente da casa em exerc\u00edcio no ano de 1987 e presidente de 1989 a 1990) com quem teve quatro filhos, dois j\u00e1 falecidos.<\/p>\n<p style=\"text-align: justify;\">O presidente da C\u00e2mara Municipal de Picos, vereador Hugo Victor (MDB), divulgou nota de pesar lamentando a morte de Dona Amparo.<\/p>\n<p style=\"text-align: justify;\">Confira a nota:<\/p>\n<p style=\"text-align: justify;\">NOTA DE PESAR DA C\u00c2MARA MUNICIPAL DE PICOS A FAM\u00cdLIA MARIA DO AMPARO DE ARA\u00daJO BARROS<\/p>\n<p style=\"text-align: justify;\">\u201cBem-aventurados os que t\u00eam fome e sede de justi\u00e7a, pois ser\u00e3o satisfeitos.\u201d (Mateus 5:6)<\/p>\n<p style=\"text-align: justify;\">A C\u00e2mara Municipal de Picos (PI), atrav\u00e9s do Excelent\u00edssimo Senhor presidente, vereador Hugo Victor Saunders Martins, vem a publico apresentar votos de pesar pelo falecimento da professora aposentada, Maria do Amparo de Ara\u00fajo Barros, de 83 anos, ocorrido neste dia 26 de mar\u00e7o de 2019, em Picos (PI).<\/p>\n<p style=\"text-align: justify;\">O Poder Legislativo, tomado de uma profunda tristeza neste momento de dor em que a aus\u00eancia de uma pessoa querida deixa lacunas impreench\u00edveis, se solidariza com familiares e amigos desta serva de Deus que procurou servir a comunidade, exercendo com dignidade e dedica\u00e7\u00e3o a profiss\u00e3o de Educadora.<\/p>\n<p style=\"text-align: justify;\">Picos (PI), 26 de mar\u00e7o de 2019.<\/p>\n<p style=\"text-align: justify;\"><strong>FONTE: Web Piau\u00ed<\/strong><\/p>\n","protected":false},"excerpt":{"rendered":"<p>Faleceu na manh\u00e3 desta ter\u00e7a-feira, 26, na cidade de Picos, a professora aposentada Maria do Amparo de Ara\u00fajo Barros, de 83 anos. A educadora, que j\u00e1 estava debilitada h\u00e1 algum tempo, sofreu fal\u00eancia m\u00faltipla dos \u00f3rg\u00e3os. O corpo de Dona Amparo est\u00e1 sendo velado em sua resid\u00eancia na Rua S\u00e3o Sebasti\u00e3o, 976, Canto da V\u00e1rzea. &hellip;<\/p>\n","protected":false},"author":4,"featured_media":6552,"comment_status":"open","ping_status":"open","sticky":false,"template":"","format":"standard","meta":{"content-type":"","rop_custom_images_group":[],"rop_custom_messages_group":[],"rop_publish_now":"initial","rop_publish_now_accounts":{"facebook_2648258775420054_1618374048415101":""},"rop_publish_now_history":[],"rop_publish_now_status":"pending","footnotes":"","_jetpack_memberships_contains_paid_content":false},"categories":[109,118,127],"tags":[1604,1481,2125,725],"yoast_head":"<!-- This site is optimized with the Yoast SEO plugin v22.3 - https:\/\/yoast.com\/wordpress\/plugins\/seo\/ -->\n<title>Falece esposa de ex-presidente da C\u00e2mara de Picos - Portal NPM<\/title>\n<meta name=\"robots\" content=\"index, follow, max-snippet:-1, max-image-preview:large, max-video-preview:-1\" \/>\n<link rel=\"canonical\" href=\"https:\/\/portalnpm.com\/index.php\/2019\/03\/26\/falece-esposa-de-ex-presidente-da-camara-de-picos\/\" \/>\n<meta property=\"og:locale\" content=\"pt_BR\" \/>\n<meta property=\"og:type\" content=\"article\" \/>\n<meta property=\"og:title\" content=\"Falece esposa de ex-presidente da C\u00e2mara de Picos - Portal NPM\" \/>\n<meta property=\"og:description\" content=\"Faleceu na manh\u00e3 desta ter\u00e7a-feira, 26, na cidade de Picos, a professora aposentada Maria do Amparo de Ara\u00fajo Barros, de 83 anos. A educadora, que j\u00e1 estava debilitada h\u00e1 algum tempo, sofreu fal\u00eancia m\u00faltipla dos \u00f3rg\u00e3os. O corpo de Dona Amparo est\u00e1 sendo velado em sua resid\u00eancia na Rua S\u00e3o Sebasti\u00e3o, 976, Canto da V\u00e1rzea. &hellip;\" \/>\n<meta property=\"og:url\" content=\"https:\/\/portalnpm.com\/index.php\/2019\/03\/26\/falece-esposa-de-ex-presidente-da-camara-de-picos\/\" \/>\n<meta property=\"og:site_name\" content=\"Portal NPM\" \/>\n<meta property=\"article:published_time\" content=\"2019-03-26T17:01:58+00:00\" \/>\n<meta name=\"author\" content=\"Reda\u00e7\u00e3o\" \/>\n<meta name=\"twitter:card\" content=\"summary_large_image\" \/>\n<meta name=\"twitter:label1\" content=\"Escrito por\" \/>\n\t<meta name=\"twitter:data1\" content=\"Reda\u00e7\u00e3o\" \/>\n\t<meta name=\"twitter:label2\" content=\"Est. tempo de leitura\" \/>\n\t<meta name=\"twitter:data2\" content=\"2 minutos\" \/>\n<script type=\"application\/ld+json\" class=\"yoast-schema-graph\">{\"@context\":\"https:\/\/schema.org\",\"@graph\":[{\"@type\":\"WebPage\",\"@id\":\"https:\/\/portalnpm.com\/index.php\/2019\/03\/26\/falece-esposa-de-ex-presidente-da-camara-de-picos\/\",\"url\":\"https:\/\/portalnpm.com\/index.php\/2019\/03\/26\/falece-esposa-de-ex-presidente-da-camara-de-picos\/\",\"name\":\"Falece esposa de ex-presidente da C\u00e2mara de Picos - Portal NPM\",\"isPartOf\":{\"@id\":\"https:\/\/portalnpm.com\/#website\"},\"primaryImageOfPage\":{\"@id\":\"https:\/\/portalnpm.com\/index.php\/2019\/03\/26\/falece-esposa-de-ex-presidente-da-camara-de-picos\/#primaryimage\"},\"image\":{\"@id\":\"https:\/\/portalnpm.com\/index.php\/2019\/03\/26\/falece-esposa-de-ex-presidente-da-camara-de-picos\/#primaryimage\"},\"thumbnailUrl\":\"\",\"datePublished\":\"2019-03-26T17:01:58+00:00\",\"dateModified\":\"2019-03-26T17:01:58+00:00\",\"author\":{\"@id\":\"https:\/\/portalnpm.com\/#\/schema\/person\/0b5f230ec96cee25504fa328e7f2b733\"},\"breadcrumb\":{\"@id\":\"https:\/\/portalnpm.com\/index.php\/2019\/03\/26\/falece-esposa-de-ex-presidente-da-camara-de-picos\/#breadcrumb\"},\"inLanguage\":\"pt-BR\",\"potentialAction\":[{\"@type\":\"ReadAction\",\"target\":[\"https:\/\/portalnpm.com\/index.php\/2019\/03\/26\/falece-esposa-de-ex-presidente-da-camara-de-picos\/\"]}]},{\"@type\":\"ImageObject\",\"inLanguage\":\"pt-BR\",\"@id\":\"https:\/\/portalnpm.com\/index.php\/2019\/03\/26\/falece-esposa-de-ex-presidente-da-camara-de-picos\/#primaryimage\",\"url\":\"\",\"contentUrl\":\"\"},{\"@type\":\"BreadcrumbList\",\"@id\":\"https:\/\/portalnpm.com\/index.php\/2019\/03\/26\/falece-esposa-de-ex-presidente-da-camara-de-picos\/#breadcrumb\",\"itemListElement\":[{\"@type\":\"ListItem\",\"position\":1,\"name\":\"In\u00edcio\",\"item\":\"https:\/\/portalnpm.com\/\"},{\"@type\":\"ListItem\",\"position\":2,\"name\":\"Falece esposa de ex-presidente da C\u00e2mara de Picos\"}]},{\"@type\":\"WebSite\",\"@id\":\"https:\/\/portalnpm.com\/#website\",\"url\":\"https:\/\/portalnpm.com\/\",\"name\":\"Portal NPM\",\"description\":\"Not\u00edcias em Primeira M\u00e3o\",\"potentialAction\":[{\"@type\":\"SearchAction\",\"target\":{\"@type\":\"EntryPoint\",\"urlTemplate\":\"https:\/\/portalnpm.com\/?s={search_term_string}\"},\"query-input\":\"required name=search_term_string\"}],\"inLanguage\":\"pt-BR\"},{\"@type\":\"Person\",\"@id\":\"https:\/\/portalnpm.com\/#\/schema\/person\/0b5f230ec96cee25504fa328e7f2b733\",\"name\":\"Reda\u00e7\u00e3o\",\"image\":{\"@type\":\"ImageObject\",\"inLanguage\":\"pt-BR\",\"@id\":\"https:\/\/portalnpm.com\/#\/schema\/person\/image\/\",\"url\":\"https:\/\/portalnpm.com\/wp-content\/uploads\/2024\/03\/avatar_user_4_1710097212-96x96.png\",\"contentUrl\":\"https:\/\/portalnpm.com\/wp-content\/uploads\/2024\/03\/avatar_user_4_1710097212-96x96.png\",\"caption\":\"Reda\u00e7\u00e3o\"},\"url\":\"https:\/\/portalnpm.com\/index.php\/author\/redacao\/\"}]}<\/script>\n<!-- \/ Yoast SEO plugin. -->","yoast_head_json":{"title":"Falece esposa de ex-presidente da C\u00e2mara de Picos - Portal NPM","robots":{"index":"index","follow":"follow","max-snippet":"max-snippet:-1","max-image-preview":"max-image-preview:large","max-video-preview":"max-video-preview:-1"},"canonical":"https:\/\/portalnpm.com\/index.php\/2019\/03\/26\/falece-esposa-de-ex-presidente-da-camara-de-picos\/","og_locale":"pt_BR","og_type":"article","og_title":"Falece esposa de ex-presidente da C\u00e2mara de Picos - Portal NPM","og_description":"Faleceu na manh\u00e3 desta ter\u00e7a-feira, 26, na cidade de Picos, a professora aposentada Maria do Amparo de Ara\u00fajo Barros, de 83 anos. A educadora, que j\u00e1 estava debilitada h\u00e1 algum tempo, sofreu fal\u00eancia m\u00faltipla dos \u00f3rg\u00e3os. O corpo de Dona Amparo est\u00e1 sendo velado em sua resid\u00eancia na Rua S\u00e3o Sebasti\u00e3o, 976, Canto da V\u00e1rzea. &hellip;","og_url":"https:\/\/portalnpm.com\/index.php\/2019\/03\/26\/falece-esposa-de-ex-presidente-da-camara-de-picos\/","og_site_name":"Portal NPM","article_published_time":"2019-03-26T17:01:58+00:00","author":"Reda\u00e7\u00e3o","twitter_card":"summary_large_image","twitter_misc":{"Escrito por":"Reda\u00e7\u00e3o","Est. tempo de leitura":"2 minutos"},"schema":{"@context":"https:\/\/schema.org","@graph":[{"@type":"WebPage","@id":"https:\/\/portalnpm.com\/index.php\/2019\/03\/26\/falece-esposa-de-ex-presidente-da-camara-de-picos\/","url":"https:\/\/portalnpm.com\/index.php\/2019\/03\/26\/falece-esposa-de-ex-presidente-da-camara-de-picos\/","name":"Falece esposa de ex-presidente da C\u00e2mara de Picos - Portal NPM","isPartOf":{"@id":"https:\/\/portalnpm.com\/#website"},"primaryImageOfPage":{"@id":"https:\/\/portalnpm.com\/index.php\/2019\/03\/26\/falece-esposa-de-ex-presidente-da-camara-de-picos\/#primaryimage"},"image":{"@id":"https:\/\/portalnpm.com\/index.php\/2019\/03\/26\/falece-esposa-de-ex-presidente-da-camara-de-picos\/#primaryimage"},"thumbnailUrl":"","datePublished":"2019-03-26T17:01:58+00:00","dateModified":"2019-03-26T17:01:58+00:00","author":{"@id":"https:\/\/portalnpm.com\/#\/schema\/person\/0b5f230ec96cee25504fa328e7f2b733"},"breadcrumb":{"@id":"https:\/\/portalnpm.com\/index.php\/2019\/03\/26\/falece-esposa-de-ex-presidente-da-camara-de-picos\/#breadcrumb"},"inLanguage":"pt-BR","potentialAction":[{"@type":"ReadAction","target":["https:\/\/portalnpm.com\/index.php\/2019\/03\/26\/falece-esposa-de-ex-presidente-da-camara-de-picos\/"]}]},{"@type":"ImageObject","inLanguage":"pt-BR","@id":"https:\/\/portalnpm.com\/index.php\/2019\/03\/26\/falece-esposa-de-ex-presidente-da-camara-de-picos\/#primaryimage","url":"","contentUrl":""},{"@type":"BreadcrumbList","@id":"https:\/\/portalnpm.com\/index.php\/2019\/03\/26\/falece-esposa-de-ex-presidente-da-camara-de-picos\/#breadcrumb","itemListElement":[{"@type":"ListItem","position":1,"name":"In\u00edcio","item":"https:\/\/portalnpm.com\/"},{"@type":"ListItem","position":2,"name":"Falece esposa de ex-presidente da C\u00e2mara de Picos"}]},{"@type":"WebSite","@id":"https:\/\/portalnpm.com\/#website","url":"https:\/\/portalnpm.com\/","name":"Portal NPM","description":"Not\u00edcias em Primeira M\u00e3o","potentialAction":[{"@type":"SearchAction","target":{"@type":"EntryPoint","urlTemplate":"https:\/\/portalnpm.com\/?s={search_term_string}"},"query-input":"required name=search_term_string"}],"inLanguage":"pt-BR"},{"@type":"Person","@id":"https:\/\/portalnpm.com\/#\/schema\/person\/0b5f230ec96cee25504fa328e7f2b733","name":"Reda\u00e7\u00e3o","image":{"@type":"ImageObject","inLanguage":"pt-BR","@id":"https:\/\/portalnpm.com\/#\/schema\/person\/image\/","url":"https:\/\/portalnpm.com\/wp-content\/uploads\/2024\/03\/avatar_user_4_1710097212-96x96.png","contentUrl":"https:\/\/portalnpm.com\/wp-content\/uploads\/2024\/03\/avatar_user_4_1710097212-96x96.png","caption":"Reda\u00e7\u00e3o"},"url":"https:\/\/portalnpm.com\/index.php\/author\/redacao\/"}]}},"jetpack_sharing_enabled":true,"jetpack_featured_media_url":"","_links":{"self":[{"href":"https:\/\/portalnpm.com\/index.php\/wp-json\/wp\/v2\/posts\/6551"}],"collection":[{"href":"https:\/\/portalnpm.com\/index.php\/wp-json\/wp\/v2\/posts"}],"about":[{"href":"https:\/\/portalnpm.com\/index.php\/wp-json\/wp\/v2\/types\/post"}],"author":[{"embeddable":true,"href":"https:\/\/portalnpm.com\/index.php\/wp-json\/wp\/v2\/users\/4"}],"replies":[{"embeddable":true,"href":"https:\/\/portalnpm.com\/index.php\/wp-json\/wp\/v2\/comments?post=6551"}],"version-history":[{"count":0,"href":"https:\/\/portalnpm.com\/index.php\/wp-json\/wp\/v2\/posts\/6551\/revisions"}],"wp:featuredmedia":[{"embeddable":true,"href":"https:\/\/portalnpm.com\/index.php\/wp-json\/"}],"wp:attachment":[{"href":"https:\/\/portalnpm.com\/index.php\/wp-json\/wp\/v2\/media?parent=6551"}],"wp:term":[{"taxonomy":"category","embeddable":true,"href":"https:\/\/portalnpm.com\/index.php\/wp-json\/wp\/v2\/categories?post=6551"},{"taxonomy":"post_tag","embeddable":true,"href":"https:\/\/portalnpm.com\/index.php\/wp-json\/wp\/v2\/tags?post=6551"}],"curies":[{"name":"wp","href":"https:\/\/api.w.org\/{rel}","templated":true}]}}