{"id":6554,"date":"2019-03-26T20:11:10","date_gmt":"2019-03-26T23:11:10","guid":{"rendered":"http:\/\/srv.portalnpm.com.br\/?p=6554"},"modified":"2019-03-26T20:11:10","modified_gmt":"2019-03-26T23:11:10","slug":"em-um-resgate-da-cultura-nordestina-grupo-de-amigos-de-sao-juliao-alegrete-e-regiao-farao-cavalgada-no-domingo-de-ramos","status":"publish","type":"post","link":"https:\/\/portalnpm.com\/index.php\/2019\/03\/26\/em-um-resgate-da-cultura-nordestina-grupo-de-amigos-de-sao-juliao-alegrete-e-regiao-farao-cavalgada-no-domingo-de-ramos\/","title":{"rendered":"Em um resgate da cultura nordestina, grupo de amigos de S\u00e3o Juli\u00e3o , Alegrete e regi\u00e3o far\u00e3o cavalgada no domingo de ramos"},"content":{"rendered":"<p style=\"text-align: justify;\">Um grupo de amigos de S\u00e3o Juli\u00e3o e Alegrete do Piau\u00ed e regi\u00e3o, est\u00e3o realizando a\u00a0 II cavalgada do amigos,\u00a0 amantes da cultura nordestina, sobretudo da cavalgada, atividades que retratam a vida do sertanejo homem do campo, estar\u00e3o realizando no dia 14 de abril, no domingo de Ramos, a II Cavalgada no munic\u00edpio de S\u00e3o Juli\u00e3o, com um percurso de aproximadamente 20km.<\/p>\n<p style=\"text-align: justify;\">Segundo a organiza\u00e7\u00e3o, boa parte dos vaqueiros ir\u00e3o sair da Fazenda Tamboril em S\u00e3o Juli\u00e3o, as 6hrs, passando pela localidade Olho D\u2019aguinha j\u00e1 no munic\u00edpio de Alegrete do Piau\u00ed onde ser\u00e1 o encontro geral de ambas as regi\u00f5es.<\/p>\n<p style=\"text-align: justify;\">Ainda segundo a organiza\u00e7\u00e3o, os vaqueiros se deslocar\u00e3o ao povoado Pocinhos, continuando o trajeto pelo munic\u00edpio de Alegrete do Piau\u00ed, onde ter\u00e1 uma recep\u00e7\u00e3o na ch\u00e1cara Nossa Senhora Aparecida. Em seguida, haver\u00e1 um churrasco no \u2018Bar do Juvenal\u2019 e depois os vaqueiros seguiram ao povoado Mandacaru, e depois para o parque (Valderi Lu\u00eds) na Fazenda Jurema.<\/p>\n<p style=\"text-align: justify;\">A II Cavalgada ainda contar\u00e1 com o Forr\u00f3 P\u00e9 de Serra com o Sanfoneiro\u00a0<strong>Francisco Carlos<\/strong>\u00a0e participa\u00e7\u00f5es.\u00a0\u00a0Segundo os organizadores, a estimativa \u00e9 que o evento re\u00fana cerca de 150 vaqueiros de toda regi\u00e3o, com caravanas de dez cidades participando.<\/p>\n<p style=\"text-align: justify;\">\u00a0Apoiando a cultura local, a prefeitura municipal de Alegrete do Piau\u00ed , que tem a frente o prefeito M\u00e1rcio Alencar, est\u00e1 organizando uma grande caravana de vaqueiros do munic\u00edpio para o evento, a\u00a0 cavalgada ter\u00e1 a presen\u00e7a de dois \u00edcones da cultura da vaquejada e da cavalgada no Nordeste, o \u2018Galego Aboiador\u2019 e \u2018Rog\u00e9rio Aboiador\u2019.<\/p>\n<p style=\"text-align: justify;\">Segundo os organizadores, Agnaldo Ramos, Soraia Luz, Izalberto Luz, Edilberto Luz, Dr. Samuel Alencar e demais amigos que est\u00e3o a frente da cavalgada, o evento \u00e9 uma forma de preservar a cultura nordestina na regi\u00e3o.<\/p>\n<p><strong>FONTE<\/strong>: Piau\u00ed em Foco<\/p>\n","protected":false},"excerpt":{"rendered":"<p>Um grupo de amigos de S\u00e3o Juli\u00e3o e Alegrete do Piau\u00ed e regi\u00e3o, est\u00e3o realizando a\u00a0 II cavalgada do amigos,\u00a0 amantes da cultura nordestina, sobretudo da cavalgada, atividades que retratam a vida do sertanejo homem do campo, estar\u00e3o realizando no dia 14 de abril, no domingo de Ramos, a II Cavalgada no munic\u00edpio de S\u00e3o &hellip;<\/p>\n","protected":false},"author":8,"featured_media":6555,"comment_status":"open","ping_status":"open","sticky":false,"template":"","format":"standard","meta":{"content-type":"","rop_custom_images_group":[],"rop_custom_messages_group":[],"rop_publish_now":"initial","rop_publish_now_accounts":{"facebook_2648258775420054_1618374048415101":""},"rop_publish_now_history":[],"rop_publish_now_status":"pending","footnotes":"","_jetpack_memberships_contains_paid_content":false},"categories":[109,118],"tags":[2124,2508,2509],"yoast_head":"<!-- This site is optimized with the Yoast SEO plugin v22.3 - https:\/\/yoast.com\/wordpress\/plugins\/seo\/ -->\n<title>Em um resgate da cultura nordestina, grupo de amigos de S\u00e3o Juli\u00e3o , Alegrete e regi\u00e3o far\u00e3o cavalgada no domingo de ramos - Portal NPM<\/title>\n<meta name=\"robots\" content=\"index, follow, max-snippet:-1, max-image-preview:large, max-video-preview:-1\" \/>\n<link rel=\"canonical\" href=\"https:\/\/portalnpm.com\/index.php\/2019\/03\/26\/em-um-resgate-da-cultura-nordestina-grupo-de-amigos-de-sao-juliao-alegrete-e-regiao-farao-cavalgada-no-domingo-de-ramos\/\" \/>\n<meta property=\"og:locale\" content=\"pt_BR\" \/>\n<meta property=\"og:type\" content=\"article\" \/>\n<meta property=\"og:title\" content=\"Em um resgate da cultura nordestina, grupo de amigos de S\u00e3o Juli\u00e3o , Alegrete e regi\u00e3o far\u00e3o cavalgada no domingo de ramos - Portal NPM\" \/>\n<meta property=\"og:description\" content=\"Um grupo de amigos de S\u00e3o Juli\u00e3o e Alegrete do Piau\u00ed e regi\u00e3o, est\u00e3o realizando a\u00a0 II cavalgada do amigos,\u00a0 amantes da cultura nordestina, sobretudo da cavalgada, atividades que retratam a vida do sertanejo homem do campo, estar\u00e3o realizando no dia 14 de abril, no domingo de Ramos, a II Cavalgada no munic\u00edpio de S\u00e3o &hellip;\" \/>\n<meta property=\"og:url\" content=\"https:\/\/portalnpm.com\/index.php\/2019\/03\/26\/em-um-resgate-da-cultura-nordestina-grupo-de-amigos-de-sao-juliao-alegrete-e-regiao-farao-cavalgada-no-domingo-de-ramos\/\" \/>\n<meta property=\"og:site_name\" content=\"Portal NPM\" \/>\n<meta property=\"article:published_time\" content=\"2019-03-26T23:11:10+00:00\" \/>\n<meta name=\"author\" content=\"Zenilton Lima\" \/>\n<meta name=\"twitter:card\" content=\"summary_large_image\" \/>\n<meta name=\"twitter:label1\" content=\"Escrito por\" \/>\n\t<meta name=\"twitter:data1\" content=\"Zenilton Lima\" \/>\n\t<meta name=\"twitter:label2\" content=\"Est. tempo de leitura\" \/>\n\t<meta name=\"twitter:data2\" content=\"2 minutos\" \/>\n<script type=\"application\/ld+json\" class=\"yoast-schema-graph\">{\"@context\":\"https:\/\/schema.org\",\"@graph\":[{\"@type\":\"WebPage\",\"@id\":\"https:\/\/portalnpm.com\/index.php\/2019\/03\/26\/em-um-resgate-da-cultura-nordestina-grupo-de-amigos-de-sao-juliao-alegrete-e-regiao-farao-cavalgada-no-domingo-de-ramos\/\",\"url\":\"https:\/\/portalnpm.com\/index.php\/2019\/03\/26\/em-um-resgate-da-cultura-nordestina-grupo-de-amigos-de-sao-juliao-alegrete-e-regiao-farao-cavalgada-no-domingo-de-ramos\/\",\"name\":\"Em um resgate da cultura nordestina, grupo de amigos de S\u00e3o Juli\u00e3o , Alegrete e regi\u00e3o far\u00e3o cavalgada no domingo de ramos - Portal NPM\",\"isPartOf\":{\"@id\":\"https:\/\/portalnpm.com\/#website\"},\"primaryImageOfPage\":{\"@id\":\"https:\/\/portalnpm.com\/index.php\/2019\/03\/26\/em-um-resgate-da-cultura-nordestina-grupo-de-amigos-de-sao-juliao-alegrete-e-regiao-farao-cavalgada-no-domingo-de-ramos\/#primaryimage\"},\"image\":{\"@id\":\"https:\/\/portalnpm.com\/index.php\/2019\/03\/26\/em-um-resgate-da-cultura-nordestina-grupo-de-amigos-de-sao-juliao-alegrete-e-regiao-farao-cavalgada-no-domingo-de-ramos\/#primaryimage\"},\"thumbnailUrl\":\"\",\"datePublished\":\"2019-03-26T23:11:10+00:00\",\"dateModified\":\"2019-03-26T23:11:10+00:00\",\"author\":{\"@id\":\"https:\/\/portalnpm.com\/#\/schema\/person\/35cb55186eae3f074b6783da6d35591e\"},\"breadcrumb\":{\"@id\":\"https:\/\/portalnpm.com\/index.php\/2019\/03\/26\/em-um-resgate-da-cultura-nordestina-grupo-de-amigos-de-sao-juliao-alegrete-e-regiao-farao-cavalgada-no-domingo-de-ramos\/#breadcrumb\"},\"inLanguage\":\"pt-BR\",\"potentialAction\":[{\"@type\":\"ReadAction\",\"target\":[\"https:\/\/portalnpm.com\/index.php\/2019\/03\/26\/em-um-resgate-da-cultura-nordestina-grupo-de-amigos-de-sao-juliao-alegrete-e-regiao-farao-cavalgada-no-domingo-de-ramos\/\"]}]},{\"@type\":\"ImageObject\",\"inLanguage\":\"pt-BR\",\"@id\":\"https:\/\/portalnpm.com\/index.php\/2019\/03\/26\/em-um-resgate-da-cultura-nordestina-grupo-de-amigos-de-sao-juliao-alegrete-e-regiao-farao-cavalgada-no-domingo-de-ramos\/#primaryimage\",\"url\":\"\",\"contentUrl\":\"\"},{\"@type\":\"BreadcrumbList\",\"@id\":\"https:\/\/portalnpm.com\/index.php\/2019\/03\/26\/em-um-resgate-da-cultura-nordestina-grupo-de-amigos-de-sao-juliao-alegrete-e-regiao-farao-cavalgada-no-domingo-de-ramos\/#breadcrumb\",\"itemListElement\":[{\"@type\":\"ListItem\",\"position\":1,\"name\":\"In\u00edcio\",\"item\":\"https:\/\/portalnpm.com\/\"},{\"@type\":\"ListItem\",\"position\":2,\"name\":\"Em um resgate da cultura nordestina, grupo de amigos de S\u00e3o Juli\u00e3o , Alegrete e regi\u00e3o far\u00e3o cavalgada no domingo de ramos\"}]},{\"@type\":\"WebSite\",\"@id\":\"https:\/\/portalnpm.com\/#website\",\"url\":\"https:\/\/portalnpm.com\/\",\"name\":\"Portal NPM\",\"description\":\"Not\u00edcias em Primeira M\u00e3o\",\"potentialAction\":[{\"@type\":\"SearchAction\",\"target\":{\"@type\":\"EntryPoint\",\"urlTemplate\":\"https:\/\/portalnpm.com\/?s={search_term_string}\"},\"query-input\":\"required name=search_term_string\"}],\"inLanguage\":\"pt-BR\"},{\"@type\":\"Person\",\"@id\":\"https:\/\/portalnpm.com\/#\/schema\/person\/35cb55186eae3f074b6783da6d35591e\",\"name\":\"Zenilton Lima\",\"image\":{\"@type\":\"ImageObject\",\"inLanguage\":\"pt-BR\",\"@id\":\"https:\/\/portalnpm.com\/#\/schema\/person\/image\/\",\"url\":\"https:\/\/portalnpm.com\/wp-content\/uploads\/2024\/12\/avatar_user_8_1733658137-96x96.jpeg\",\"contentUrl\":\"https:\/\/portalnpm.com\/wp-content\/uploads\/2024\/12\/avatar_user_8_1733658137-96x96.jpeg\",\"caption\":\"Zenilton Lima\"},\"url\":\"https:\/\/portalnpm.com\/index.php\/author\/zenilton\/\"}]}<\/script>\n<!-- \/ Yoast SEO plugin. -->","yoast_head_json":{"title":"Em um resgate da cultura nordestina, grupo de amigos de S\u00e3o Juli\u00e3o , Alegrete e regi\u00e3o far\u00e3o cavalgada no domingo de ramos - Portal NPM","robots":{"index":"index","follow":"follow","max-snippet":"max-snippet:-1","max-image-preview":"max-image-preview:large","max-video-preview":"max-video-preview:-1"},"canonical":"https:\/\/portalnpm.com\/index.php\/2019\/03\/26\/em-um-resgate-da-cultura-nordestina-grupo-de-amigos-de-sao-juliao-alegrete-e-regiao-farao-cavalgada-no-domingo-de-ramos\/","og_locale":"pt_BR","og_type":"article","og_title":"Em um resgate da cultura nordestina, grupo de amigos de S\u00e3o Juli\u00e3o , Alegrete e regi\u00e3o far\u00e3o cavalgada no domingo de ramos - Portal NPM","og_description":"Um grupo de amigos de S\u00e3o Juli\u00e3o e Alegrete do Piau\u00ed e regi\u00e3o, est\u00e3o realizando a\u00a0 II cavalgada do amigos,\u00a0 amantes da cultura nordestina, sobretudo da cavalgada, atividades que retratam a vida do sertanejo homem do campo, estar\u00e3o realizando no dia 14 de abril, no domingo de Ramos, a II Cavalgada no munic\u00edpio de S\u00e3o &hellip;","og_url":"https:\/\/portalnpm.com\/index.php\/2019\/03\/26\/em-um-resgate-da-cultura-nordestina-grupo-de-amigos-de-sao-juliao-alegrete-e-regiao-farao-cavalgada-no-domingo-de-ramos\/","og_site_name":"Portal NPM","article_published_time":"2019-03-26T23:11:10+00:00","author":"Zenilton Lima","twitter_card":"summary_large_image","twitter_misc":{"Escrito por":"Zenilton Lima","Est. tempo de leitura":"2 minutos"},"schema":{"@context":"https:\/\/schema.org","@graph":[{"@type":"WebPage","@id":"https:\/\/portalnpm.com\/index.php\/2019\/03\/26\/em-um-resgate-da-cultura-nordestina-grupo-de-amigos-de-sao-juliao-alegrete-e-regiao-farao-cavalgada-no-domingo-de-ramos\/","url":"https:\/\/portalnpm.com\/index.php\/2019\/03\/26\/em-um-resgate-da-cultura-nordestina-grupo-de-amigos-de-sao-juliao-alegrete-e-regiao-farao-cavalgada-no-domingo-de-ramos\/","name":"Em um resgate da cultura nordestina, grupo de amigos de S\u00e3o Juli\u00e3o , Alegrete e regi\u00e3o far\u00e3o cavalgada no domingo de ramos - Portal NPM","isPartOf":{"@id":"https:\/\/portalnpm.com\/#website"},"primaryImageOfPage":{"@id":"https:\/\/portalnpm.com\/index.php\/2019\/03\/26\/em-um-resgate-da-cultura-nordestina-grupo-de-amigos-de-sao-juliao-alegrete-e-regiao-farao-cavalgada-no-domingo-de-ramos\/#primaryimage"},"image":{"@id":"https:\/\/portalnpm.com\/index.php\/2019\/03\/26\/em-um-resgate-da-cultura-nordestina-grupo-de-amigos-de-sao-juliao-alegrete-e-regiao-farao-cavalgada-no-domingo-de-ramos\/#primaryimage"},"thumbnailUrl":"","datePublished":"2019-03-26T23:11:10+00:00","dateModified":"2019-03-26T23:11:10+00:00","author":{"@id":"https:\/\/portalnpm.com\/#\/schema\/person\/35cb55186eae3f074b6783da6d35591e"},"breadcrumb":{"@id":"https:\/\/portalnpm.com\/index.php\/2019\/03\/26\/em-um-resgate-da-cultura-nordestina-grupo-de-amigos-de-sao-juliao-alegrete-e-regiao-farao-cavalgada-no-domingo-de-ramos\/#breadcrumb"},"inLanguage":"pt-BR","potentialAction":[{"@type":"ReadAction","target":["https:\/\/portalnpm.com\/index.php\/2019\/03\/26\/em-um-resgate-da-cultura-nordestina-grupo-de-amigos-de-sao-juliao-alegrete-e-regiao-farao-cavalgada-no-domingo-de-ramos\/"]}]},{"@type":"ImageObject","inLanguage":"pt-BR","@id":"https:\/\/portalnpm.com\/index.php\/2019\/03\/26\/em-um-resgate-da-cultura-nordestina-grupo-de-amigos-de-sao-juliao-alegrete-e-regiao-farao-cavalgada-no-domingo-de-ramos\/#primaryimage","url":"","contentUrl":""},{"@type":"BreadcrumbList","@id":"https:\/\/portalnpm.com\/index.php\/2019\/03\/26\/em-um-resgate-da-cultura-nordestina-grupo-de-amigos-de-sao-juliao-alegrete-e-regiao-farao-cavalgada-no-domingo-de-ramos\/#breadcrumb","itemListElement":[{"@type":"ListItem","position":1,"name":"In\u00edcio","item":"https:\/\/portalnpm.com\/"},{"@type":"ListItem","position":2,"name":"Em um resgate da cultura nordestina, grupo de amigos de S\u00e3o Juli\u00e3o , Alegrete e regi\u00e3o far\u00e3o cavalgada no domingo de ramos"}]},{"@type":"WebSite","@id":"https:\/\/portalnpm.com\/#website","url":"https:\/\/portalnpm.com\/","name":"Portal NPM","description":"Not\u00edcias em Primeira M\u00e3o","potentialAction":[{"@type":"SearchAction","target":{"@type":"EntryPoint","urlTemplate":"https:\/\/portalnpm.com\/?s={search_term_string}"},"query-input":"required name=search_term_string"}],"inLanguage":"pt-BR"},{"@type":"Person","@id":"https:\/\/portalnpm.com\/#\/schema\/person\/35cb55186eae3f074b6783da6d35591e","name":"Zenilton Lima","image":{"@type":"ImageObject","inLanguage":"pt-BR","@id":"https:\/\/portalnpm.com\/#\/schema\/person\/image\/","url":"https:\/\/portalnpm.com\/wp-content\/uploads\/2024\/12\/avatar_user_8_1733658137-96x96.jpeg","contentUrl":"https:\/\/portalnpm.com\/wp-content\/uploads\/2024\/12\/avatar_user_8_1733658137-96x96.jpeg","caption":"Zenilton Lima"},"url":"https:\/\/portalnpm.com\/index.php\/author\/zenilton\/"}]}},"jetpack_sharing_enabled":true,"jetpack_featured_media_url":"","_links":{"self":[{"href":"https:\/\/portalnpm.com\/index.php\/wp-json\/wp\/v2\/posts\/6554"}],"collection":[{"href":"https:\/\/portalnpm.com\/index.php\/wp-json\/wp\/v2\/posts"}],"about":[{"href":"https:\/\/portalnpm.com\/index.php\/wp-json\/wp\/v2\/types\/post"}],"author":[{"embeddable":true,"href":"https:\/\/portalnpm.com\/index.php\/wp-json\/wp\/v2\/users\/8"}],"replies":[{"embeddable":true,"href":"https:\/\/portalnpm.com\/index.php\/wp-json\/wp\/v2\/comments?post=6554"}],"version-history":[{"count":0,"href":"https:\/\/portalnpm.com\/index.php\/wp-json\/wp\/v2\/posts\/6554\/revisions"}],"wp:featuredmedia":[{"embeddable":true,"href":"https:\/\/portalnpm.com\/index.php\/wp-json\/"}],"wp:attachment":[{"href":"https:\/\/portalnpm.com\/index.php\/wp-json\/wp\/v2\/media?parent=6554"}],"wp:term":[{"taxonomy":"category","embeddable":true,"href":"https:\/\/portalnpm.com\/index.php\/wp-json\/wp\/v2\/categories?post=6554"},{"taxonomy":"post_tag","embeddable":true,"href":"https:\/\/portalnpm.com\/index.php\/wp-json\/wp\/v2\/tags?post=6554"}],"curies":[{"name":"wp","href":"https:\/\/api.w.org\/{rel}","templated":true}]}}