{"id":65547,"date":"2021-06-16T18:16:03","date_gmt":"2021-06-16T21:16:03","guid":{"rendered":"https:\/\/portalnpm.com\/index.php\/2021\/06\/16\/coordenadora-do-colegio-gilberto-campelo-morre-vitima-da-covid-19-em-teresina\/"},"modified":"2021-06-16T18:16:03","modified_gmt":"2021-06-16T21:16:03","slug":"coordenadora-do-colegio-gilberto-campelo-morre-vitima-da-covid-19-em-teresina","status":"publish","type":"post","link":"https:\/\/portalnpm.com\/index.php\/2021\/06\/16\/coordenadora-do-colegio-gilberto-campelo-morre-vitima-da-covid-19-em-teresina\/","title":{"rendered":"Coordenadora do Col\u00e9gio Gilberto Campelo morre v\u00edtima da covid-19 em Teresina"},"content":{"rendered":"<div class=\"descricao\" style=\"text-align: justify;\"><em>\u00c9 com pesar que informamos o falecimento da Coordenadora do Ensino Fundamental 2, K\u00e1tia Lima-verde, agora pela manh\u00e3 (16\/06). Agradecemos a Deus e sua fam\u00edlia pelo relevante trabalho desenvolvido por Katya.<\/em><\/div>\n<div class=\"texto\" style=\"text-align: justify;\">\n<div class=\"text-fala\">\n<div id=\"supertag-ad-ufapyh0f0\"><\/div>\n<p><em>Que Deus a receba na gl\u00f3ria e conforte sua fam\u00edlia. Katya deixar\u00e1 saudades eternas a todos que tiveram o prazer de conviver com ela: professores, alunos, pais, amigos e parentes.<\/em><\/p>\n<p><em>Por isso as atividades escolares ficam paralisadas a partir de agora, retornam amanh\u00e3.<\/em><\/p>\n<p><em>Col\u00e9gio Gilberto Campelo<\/em><\/p>\n<p><iframe id=\"instagram-embed-0\" class=\"instagram-media twitter-tweet instagram-media-rendered\" src=\"https:\/\/www.instagram.com\/p\/CQLiit-p_lI\/embed\/captioned\/?cr=1&#038;v=7&#038;wp=647&#038;rd=https%3A%2F%2Fwww.falapiaui.com&#038;rp=%2Fnoticia%2F11266%2Fcoordenadora-do-colacgio-gilberto-campelo-morre-vastima-da-covid-19-em-teresina#%7B%22ci%22%3A0%2C%22os%22%3A8073.4000000059605%7D\" height=\"577\" frameborder=\"0\" scrolling=\"no\" allowfullscreen=\"allowfullscreen\" data-instgrm-payload-id=\"instagram-media-payload-0\" data-mce-fragment=\"1\"><\/iframe><\/div>\n<\/div>\n<div class=\"env termos\">\n<p style=\"text-align: justify;\">Por Fala Piau\u00ed<\/p>\n<\/div>\n","protected":false},"excerpt":{"rendered":"<p>\u00c9 com pesar que informamos o falecimento da Coordenadora do Ensino Fundamental 2, K\u00e1tia Lima-verde, agora pela manh\u00e3 (16\/06). Agradecemos a Deus e sua fam\u00edlia pelo relevante trabalho desenvolvido por Katya. Que Deus a receba na gl\u00f3ria e conforte sua fam\u00edlia. Katya deixar\u00e1 saudades eternas a todos que tiveram o prazer de conviver com ela: &hellip;<\/p>\n","protected":false},"author":2,"featured_media":65548,"comment_status":"open","ping_status":"open","sticky":false,"template":"","format":"standard","meta":{"content-type":"","rop_custom_images_group":[],"rop_custom_messages_group":[],"rop_publish_now":"initial","rop_publish_now_accounts":{"facebook_2648258775420054_1618374048415101":""},"rop_publish_now_history":[],"rop_publish_now_status":"pending","footnotes":"","_jetpack_memberships_contains_paid_content":false},"categories":[125],"tags":[11461,132,766],"yoast_head":"<!-- This site is optimized with the Yoast SEO plugin v22.3 - https:\/\/yoast.com\/wordpress\/plugins\/seo\/ -->\n<title>Coordenadora do Col\u00e9gio Gilberto Campelo morre v\u00edtima da covid-19 em Teresina<\/title>\n<meta name=\"robots\" content=\"index, follow, max-snippet:-1, max-image-preview:large, max-video-preview:-1\" \/>\n<link rel=\"canonical\" href=\"https:\/\/portalnpm.com\/index.php\/2021\/06\/16\/coordenadora-do-colegio-gilberto-campelo-morre-vitima-da-covid-19-em-teresina\/\" \/>\n<meta property=\"og:locale\" content=\"pt_BR\" \/>\n<meta property=\"og:type\" content=\"article\" \/>\n<meta property=\"og:title\" content=\"Coordenadora do Col\u00e9gio Gilberto Campelo morre v\u00edtima da covid-19 em Teresina\" \/>\n<meta property=\"og:description\" content=\"\u00c9 com pesar que informamos o falecimento da Coordenadora do Ensino Fundamental 2, K\u00e1tia Lima-verde, agora pela manh\u00e3 (16\/06). Agradecemos a Deus e sua fam\u00edlia pelo relevante trabalho desenvolvido por Katya. Que Deus a receba na gl\u00f3ria e conforte sua fam\u00edlia. Katya deixar\u00e1 saudades eternas a todos que tiveram o prazer de conviver com ela: &hellip;\" \/>\n<meta property=\"og:url\" content=\"https:\/\/portalnpm.com\/index.php\/2021\/06\/16\/coordenadora-do-colegio-gilberto-campelo-morre-vitima-da-covid-19-em-teresina\/\" \/>\n<meta property=\"og:site_name\" content=\"Portal NPM\" \/>\n<meta property=\"article:published_time\" content=\"2021-06-16T21:16:03+00:00\" \/>\n<meta property=\"og:image\" content=\"https:\/\/portalnpm.com\/wp-content\/uploads\/2024\/01\/183927407.jpg\" \/>\n\t<meta property=\"og:image:width\" content=\"608\" \/>\n\t<meta property=\"og:image:height\" content=\"558\" \/>\n\t<meta property=\"og:image:type\" content=\"image\/jpeg\" \/>\n<meta name=\"author\" content=\"Genival Barbosa\" \/>\n<meta name=\"twitter:card\" content=\"summary_large_image\" \/>\n<meta name=\"twitter:label1\" content=\"Escrito por\" \/>\n\t<meta name=\"twitter:data1\" content=\"Genival Barbosa\" \/>\n\t<meta name=\"twitter:label2\" content=\"Est. tempo de leitura\" \/>\n\t<meta name=\"twitter:data2\" content=\"1 minuto\" \/>\n<script type=\"application\/ld+json\" class=\"yoast-schema-graph\">{\"@context\":\"https:\/\/schema.org\",\"@graph\":[{\"@type\":\"WebPage\",\"@id\":\"https:\/\/portalnpm.com\/index.php\/2021\/06\/16\/coordenadora-do-colegio-gilberto-campelo-morre-vitima-da-covid-19-em-teresina\/\",\"url\":\"https:\/\/portalnpm.com\/index.php\/2021\/06\/16\/coordenadora-do-colegio-gilberto-campelo-morre-vitima-da-covid-19-em-teresina\/\",\"name\":\"Coordenadora do Col\u00e9gio Gilberto Campelo morre v\u00edtima da covid-19 em Teresina\",\"isPartOf\":{\"@id\":\"https:\/\/portalnpm.com\/#website\"},\"primaryImageOfPage\":{\"@id\":\"https:\/\/portalnpm.com\/index.php\/2021\/06\/16\/coordenadora-do-colegio-gilberto-campelo-morre-vitima-da-covid-19-em-teresina\/#primaryimage\"},\"image\":{\"@id\":\"https:\/\/portalnpm.com\/index.php\/2021\/06\/16\/coordenadora-do-colegio-gilberto-campelo-morre-vitima-da-covid-19-em-teresina\/#primaryimage\"},\"thumbnailUrl\":\"https:\/\/portalnpm.com\/wp-content\/uploads\/2024\/01\/183927407.jpg\",\"datePublished\":\"2021-06-16T21:16:03+00:00\",\"dateModified\":\"2021-06-16T21:16:03+00:00\",\"author\":{\"@id\":\"https:\/\/portalnpm.com\/#\/schema\/person\/49313e563cfdefcc167f1ee4c017c294\"},\"breadcrumb\":{\"@id\":\"https:\/\/portalnpm.com\/index.php\/2021\/06\/16\/coordenadora-do-colegio-gilberto-campelo-morre-vitima-da-covid-19-em-teresina\/#breadcrumb\"},\"inLanguage\":\"pt-BR\",\"potentialAction\":[{\"@type\":\"ReadAction\",\"target\":[\"https:\/\/portalnpm.com\/index.php\/2021\/06\/16\/coordenadora-do-colegio-gilberto-campelo-morre-vitima-da-covid-19-em-teresina\/\"]}]},{\"@type\":\"ImageObject\",\"inLanguage\":\"pt-BR\",\"@id\":\"https:\/\/portalnpm.com\/index.php\/2021\/06\/16\/coordenadora-do-colegio-gilberto-campelo-morre-vitima-da-covid-19-em-teresina\/#primaryimage\",\"url\":\"https:\/\/portalnpm.com\/wp-content\/uploads\/2024\/01\/183927407.jpg\",\"contentUrl\":\"https:\/\/portalnpm.com\/wp-content\/uploads\/2024\/01\/183927407.jpg\",\"width\":608,\"height\":558},{\"@type\":\"BreadcrumbList\",\"@id\":\"https:\/\/portalnpm.com\/index.php\/2021\/06\/16\/coordenadora-do-colegio-gilberto-campelo-morre-vitima-da-covid-19-em-teresina\/#breadcrumb\",\"itemListElement\":[{\"@type\":\"ListItem\",\"position\":1,\"name\":\"In\u00edcio\",\"item\":\"https:\/\/portalnpm.com\/\"},{\"@type\":\"ListItem\",\"position\":2,\"name\":\"Coordenadora do Col\u00e9gio Gilberto Campelo morre v\u00edtima da covid-19 em Teresina\"}]},{\"@type\":\"WebSite\",\"@id\":\"https:\/\/portalnpm.com\/#website\",\"url\":\"https:\/\/portalnpm.com\/\",\"name\":\"Portal NPM\",\"description\":\"Not\u00edcias em Primeira M\u00e3o\",\"potentialAction\":[{\"@type\":\"SearchAction\",\"target\":{\"@type\":\"EntryPoint\",\"urlTemplate\":\"https:\/\/portalnpm.com\/?s={search_term_string}\"},\"query-input\":\"required name=search_term_string\"}],\"inLanguage\":\"pt-BR\"},{\"@type\":\"Person\",\"@id\":\"https:\/\/portalnpm.com\/#\/schema\/person\/49313e563cfdefcc167f1ee4c017c294\",\"name\":\"Genival Barbosa\",\"image\":{\"@type\":\"ImageObject\",\"inLanguage\":\"pt-BR\",\"@id\":\"https:\/\/portalnpm.com\/#\/schema\/person\/image\/\",\"url\":\"https:\/\/portalnpm.com\/wp-content\/uploads\/2024\/02\/avatar_user_2_1707743258-96x96.jpeg\",\"contentUrl\":\"https:\/\/portalnpm.com\/wp-content\/uploads\/2024\/02\/avatar_user_2_1707743258-96x96.jpeg\",\"caption\":\"Genival Barbosa\"},\"url\":\"https:\/\/portalnpm.com\/index.php\/author\/genival\/\"}]}<\/script>\n<!-- \/ Yoast SEO plugin. -->","yoast_head_json":{"title":"Coordenadora do Col\u00e9gio Gilberto Campelo morre v\u00edtima da covid-19 em Teresina","robots":{"index":"index","follow":"follow","max-snippet":"max-snippet:-1","max-image-preview":"max-image-preview:large","max-video-preview":"max-video-preview:-1"},"canonical":"https:\/\/portalnpm.com\/index.php\/2021\/06\/16\/coordenadora-do-colegio-gilberto-campelo-morre-vitima-da-covid-19-em-teresina\/","og_locale":"pt_BR","og_type":"article","og_title":"Coordenadora do Col\u00e9gio Gilberto Campelo morre v\u00edtima da covid-19 em Teresina","og_description":"\u00c9 com pesar que informamos o falecimento da Coordenadora do Ensino Fundamental 2, K\u00e1tia Lima-verde, agora pela manh\u00e3 (16\/06). Agradecemos a Deus e sua fam\u00edlia pelo relevante trabalho desenvolvido por Katya. Que Deus a receba na gl\u00f3ria e conforte sua fam\u00edlia. Katya deixar\u00e1 saudades eternas a todos que tiveram o prazer de conviver com ela: &hellip;","og_url":"https:\/\/portalnpm.com\/index.php\/2021\/06\/16\/coordenadora-do-colegio-gilberto-campelo-morre-vitima-da-covid-19-em-teresina\/","og_site_name":"Portal NPM","article_published_time":"2021-06-16T21:16:03+00:00","og_image":[{"width":608,"height":558,"url":"https:\/\/portalnpm.com\/wp-content\/uploads\/2024\/01\/183927407.jpg","type":"image\/jpeg"}],"author":"Genival Barbosa","twitter_card":"summary_large_image","twitter_misc":{"Escrito por":"Genival Barbosa","Est. tempo de leitura":"1 minuto"},"schema":{"@context":"https:\/\/schema.org","@graph":[{"@type":"WebPage","@id":"https:\/\/portalnpm.com\/index.php\/2021\/06\/16\/coordenadora-do-colegio-gilberto-campelo-morre-vitima-da-covid-19-em-teresina\/","url":"https:\/\/portalnpm.com\/index.php\/2021\/06\/16\/coordenadora-do-colegio-gilberto-campelo-morre-vitima-da-covid-19-em-teresina\/","name":"Coordenadora do Col\u00e9gio Gilberto Campelo morre v\u00edtima da covid-19 em Teresina","isPartOf":{"@id":"https:\/\/portalnpm.com\/#website"},"primaryImageOfPage":{"@id":"https:\/\/portalnpm.com\/index.php\/2021\/06\/16\/coordenadora-do-colegio-gilberto-campelo-morre-vitima-da-covid-19-em-teresina\/#primaryimage"},"image":{"@id":"https:\/\/portalnpm.com\/index.php\/2021\/06\/16\/coordenadora-do-colegio-gilberto-campelo-morre-vitima-da-covid-19-em-teresina\/#primaryimage"},"thumbnailUrl":"https:\/\/portalnpm.com\/wp-content\/uploads\/2024\/01\/183927407.jpg","datePublished":"2021-06-16T21:16:03+00:00","dateModified":"2021-06-16T21:16:03+00:00","author":{"@id":"https:\/\/portalnpm.com\/#\/schema\/person\/49313e563cfdefcc167f1ee4c017c294"},"breadcrumb":{"@id":"https:\/\/portalnpm.com\/index.php\/2021\/06\/16\/coordenadora-do-colegio-gilberto-campelo-morre-vitima-da-covid-19-em-teresina\/#breadcrumb"},"inLanguage":"pt-BR","potentialAction":[{"@type":"ReadAction","target":["https:\/\/portalnpm.com\/index.php\/2021\/06\/16\/coordenadora-do-colegio-gilberto-campelo-morre-vitima-da-covid-19-em-teresina\/"]}]},{"@type":"ImageObject","inLanguage":"pt-BR","@id":"https:\/\/portalnpm.com\/index.php\/2021\/06\/16\/coordenadora-do-colegio-gilberto-campelo-morre-vitima-da-covid-19-em-teresina\/#primaryimage","url":"https:\/\/portalnpm.com\/wp-content\/uploads\/2024\/01\/183927407.jpg","contentUrl":"https:\/\/portalnpm.com\/wp-content\/uploads\/2024\/01\/183927407.jpg","width":608,"height":558},{"@type":"BreadcrumbList","@id":"https:\/\/portalnpm.com\/index.php\/2021\/06\/16\/coordenadora-do-colegio-gilberto-campelo-morre-vitima-da-covid-19-em-teresina\/#breadcrumb","itemListElement":[{"@type":"ListItem","position":1,"name":"In\u00edcio","item":"https:\/\/portalnpm.com\/"},{"@type":"ListItem","position":2,"name":"Coordenadora do Col\u00e9gio Gilberto Campelo morre v\u00edtima da covid-19 em Teresina"}]},{"@type":"WebSite","@id":"https:\/\/portalnpm.com\/#website","url":"https:\/\/portalnpm.com\/","name":"Portal NPM","description":"Not\u00edcias em Primeira M\u00e3o","potentialAction":[{"@type":"SearchAction","target":{"@type":"EntryPoint","urlTemplate":"https:\/\/portalnpm.com\/?s={search_term_string}"},"query-input":"required name=search_term_string"}],"inLanguage":"pt-BR"},{"@type":"Person","@id":"https:\/\/portalnpm.com\/#\/schema\/person\/49313e563cfdefcc167f1ee4c017c294","name":"Genival Barbosa","image":{"@type":"ImageObject","inLanguage":"pt-BR","@id":"https:\/\/portalnpm.com\/#\/schema\/person\/image\/","url":"https:\/\/portalnpm.com\/wp-content\/uploads\/2024\/02\/avatar_user_2_1707743258-96x96.jpeg","contentUrl":"https:\/\/portalnpm.com\/wp-content\/uploads\/2024\/02\/avatar_user_2_1707743258-96x96.jpeg","caption":"Genival Barbosa"},"url":"https:\/\/portalnpm.com\/index.php\/author\/genival\/"}]}},"jetpack_sharing_enabled":true,"jetpack_featured_media_url":"https:\/\/portalnpm.com\/wp-content\/uploads\/2024\/01\/183927407.jpg","_links":{"self":[{"href":"https:\/\/portalnpm.com\/index.php\/wp-json\/wp\/v2\/posts\/65547"}],"collection":[{"href":"https:\/\/portalnpm.com\/index.php\/wp-json\/wp\/v2\/posts"}],"about":[{"href":"https:\/\/portalnpm.com\/index.php\/wp-json\/wp\/v2\/types\/post"}],"author":[{"embeddable":true,"href":"https:\/\/portalnpm.com\/index.php\/wp-json\/wp\/v2\/users\/2"}],"replies":[{"embeddable":true,"href":"https:\/\/portalnpm.com\/index.php\/wp-json\/wp\/v2\/comments?post=65547"}],"version-history":[{"count":0,"href":"https:\/\/portalnpm.com\/index.php\/wp-json\/wp\/v2\/posts\/65547\/revisions"}],"wp:featuredmedia":[{"embeddable":true,"href":"https:\/\/portalnpm.com\/index.php\/wp-json\/wp\/v2\/media\/65548"}],"wp:attachment":[{"href":"https:\/\/portalnpm.com\/index.php\/wp-json\/wp\/v2\/media?parent=65547"}],"wp:term":[{"taxonomy":"category","embeddable":true,"href":"https:\/\/portalnpm.com\/index.php\/wp-json\/wp\/v2\/categories?post=65547"},{"taxonomy":"post_tag","embeddable":true,"href":"https:\/\/portalnpm.com\/index.php\/wp-json\/wp\/v2\/tags?post=65547"}],"curies":[{"name":"wp","href":"https:\/\/api.w.org\/{rel}","templated":true}]}}