{"id":65569,"date":"2021-06-18T11:55:19","date_gmt":"2021-06-18T14:55:19","guid":{"rendered":"https:\/\/portalnpm.com\/index.php\/2021\/06\/18\/assessora-do-secretario-de-fazenda-rafael-foneteles-morre-vitima-da-covid-19\/"},"modified":"2021-06-18T11:55:19","modified_gmt":"2021-06-18T14:55:19","slug":"assessora-do-secretario-de-fazenda-rafael-foneteles-morre-vitima-da-covid-19","status":"publish","type":"post","link":"https:\/\/portalnpm.com\/index.php\/2021\/06\/18\/assessora-do-secretario-de-fazenda-rafael-foneteles-morre-vitima-da-covid-19\/","title":{"rendered":"Assessora do secret\u00e1rio de Fazenda, Rafael Foneteles, morre v\u00edtima da Covid-19"},"content":{"rendered":"<div id=\"mvp-search-wrap\">\n<div id=\"mvp-search-box\" style=\"text-align: justify;\">\n<form id=\"searchform\" action=\"http:\/\/encarando.com\/\" method=\"get\">Morreu nesta quinta-feira (17\/06), a assessora do secret\u00e1rio de Fazenda do Piau\u00ed, Rafael Fonteles, Isabela Teixeira Santos, v\u00edtima da Covid-19. A informa\u00e7\u00e3o foi confirmada pelo pr\u00f3prio secret\u00e1rio, atrav\u00e9s de suas redes sociais.<\/form>\n<\/div>\n<\/div>\n<div id=\"mvp-site-wall\" class=\"left relative\">\n<div id=\"mvp-site-main\" class=\"left relative\">\n<div id=\"mvp-main-body-wrap\" class=\"left relative\">\n<article id=\"mvp-article-wrap\">\n<div id=\"mvp-article-cont\" class=\"left relative\">\n<div class=\"mvp-main-box\">\n<div id=\"mvp-post-main\" class=\"left relative\">\n<div class=\"mvp-post-main-out left relative\">\n<div class=\"mvp-post-main-in\">\n<div id=\"mvp-post-content\" class=\"left relative\">\n<div id=\"mvp-content-wrap\" class=\"left relative\">\n<div class=\"mvp-post-soc-out right relative\">\n<div class=\"mvp-post-soc-in\">\n<div id=\"mvp-content-body\" class=\"left relative\">\n<div id=\"mvp-content-body-top\" class=\"left relative\">\n<div id=\"mvp-content-main\" class=\"left relative\" style=\"text-align: justify;\">\n<p>\u00a0<\/p>\n<p>\u00a0<\/p>\n<p>\u201c<em>Isabela Soares, nossa amiga e assessora, nos deixou hoje. A alegria era uma de suas principais marcas. Isabela cativava a todos com seu alto astral e com seu carisma, melhorando todos os ambientes em que estava. Seu sorriso e sua dedica\u00e7\u00e3o ser\u00e3o sempre lembrados por nossa equipe, pelos seus amigos e por sua fam\u00edlia. Que Deus a tenha em um bom lugar<\/em>\u201c, escreveu Fonteles.<\/p>\n<p>At\u00e9 o momento, n\u00e3o h\u00e1 maiores informa\u00e7\u00f5es sobre como estava sendo o tratamento de Isabela, que foi diagnosticada com a doen\u00e7a ainda no m\u00eas de maio.<\/p>\n<p>Veja a publica\u00e7\u00e3o do secret\u00e1rio:<\/p>\n<p><iframe id=\"instagram-embed-0\" class=\"instagram-media instagram-media-rendered\" src=\"https:\/\/www.instagram.com\/p\/CQOttVpjW8m\/embed\/captioned\/?cr=1&#038;v=13&#038;wp=656&#038;rd=http%3A%2F%2Fencarando.com&#038;rp=%2Fnoticias%2Fpiaui%2F76878%2Fassessora-do-secretario-de-fazenda-rafael-foneteles-morre-vitima-da-covid-19#%7B%22ci%22%3A0%2C%22os%22%3A8077.5999999940395%2C%22ls%22%3A7634.899999976158%2C%22le%22%3A8059.5%7D\" height=\"775\" frameborder=\"0\" scrolling=\"no\" allowfullscreen=\"allowfullscreen\" data-instgrm-payload-id=\"instagram-media-payload-0\" data-mce-fragment=\"1\"><\/iframe><\/div>\n<div id=\"mvp-content-bot\" class=\"left\">\n<div class=\"mvp-post-tags\" style=\"text-align: justify;\">Fonte:\u00a0 Encarando<\/div>\n<\/div>\n<\/div>\n<\/div>\n<\/div>\n<\/div>\n<\/div>\n<\/div>\n<\/div>\n<\/div>\n<\/div>\n<\/div>\n<\/div>\n<\/article>\n<\/div>\n<\/div>\n<\/div>\n","protected":false},"excerpt":{"rendered":"<p>Morreu nesta quinta-feira (17\/06), a assessora do secret\u00e1rio de Fazenda do Piau\u00ed, Rafael Fonteles, Isabela Teixeira Santos, v\u00edtima da Covid-19. A informa\u00e7\u00e3o foi confirmada pelo pr\u00f3prio secret\u00e1rio, atrav\u00e9s de suas redes sociais. \u00a0 \u00a0 \u201cIsabela Soares, nossa amiga e assessora, nos deixou hoje. A alegria era uma de suas principais marcas. Isabela cativava a todos &hellip;<\/p>\n","protected":false},"author":2,"featured_media":65570,"comment_status":"open","ping_status":"open","sticky":false,"template":"","format":"standard","meta":{"content-type":"","rop_custom_images_group":[],"rop_custom_messages_group":[],"rop_publish_now":"initial","rop_publish_now_accounts":{"facebook_2648258775420054_1618374048415101":""},"rop_publish_now_history":[],"rop_publish_now_status":"pending","footnotes":"","_jetpack_memberships_contains_paid_content":false},"categories":[125],"tags":[11470,132,2450],"yoast_head":"<!-- This site is optimized with the Yoast SEO plugin v22.3 - https:\/\/yoast.com\/wordpress\/plugins\/seo\/ -->\n<title>Assessora do secret\u00e1rio de Fazenda, Rafael Foneteles, morre v\u00edtima da Covid-19<\/title>\n<meta name=\"robots\" content=\"index, follow, max-snippet:-1, max-image-preview:large, max-video-preview:-1\" \/>\n<link rel=\"canonical\" href=\"https:\/\/portalnpm.com\/index.php\/2021\/06\/18\/assessora-do-secretario-de-fazenda-rafael-foneteles-morre-vitima-da-covid-19\/\" \/>\n<meta property=\"og:locale\" content=\"pt_BR\" \/>\n<meta property=\"og:type\" content=\"article\" \/>\n<meta property=\"og:title\" content=\"Assessora do secret\u00e1rio de Fazenda, Rafael Foneteles, morre v\u00edtima da Covid-19\" \/>\n<meta property=\"og:description\" content=\"Morreu nesta quinta-feira (17\/06), a assessora do secret\u00e1rio de Fazenda do Piau\u00ed, Rafael Fonteles, Isabela Teixeira Santos, v\u00edtima da Covid-19. A informa\u00e7\u00e3o foi confirmada pelo pr\u00f3prio secret\u00e1rio, atrav\u00e9s de suas redes sociais. \u00a0 \u00a0 \u201cIsabela Soares, nossa amiga e assessora, nos deixou hoje. A alegria era uma de suas principais marcas. Isabela cativava a todos &hellip;\" \/>\n<meta property=\"og:url\" content=\"https:\/\/portalnpm.com\/index.php\/2021\/06\/18\/assessora-do-secretario-de-fazenda-rafael-foneteles-morre-vitima-da-covid-19\/\" \/>\n<meta property=\"og:site_name\" content=\"Portal NPM\" \/>\n<meta property=\"article:published_time\" content=\"2021-06-18T14:55:19+00:00\" \/>\n<meta property=\"og:image\" content=\"https:\/\/portalnpm.com\/wp-content\/uploads\/2024\/01\/assesssora-rafael-fonteles.jpg\" \/>\n\t<meta property=\"og:image:width\" content=\"571\" \/>\n\t<meta property=\"og:image:height\" content=\"431\" \/>\n\t<meta property=\"og:image:type\" content=\"image\/jpeg\" \/>\n<meta name=\"author\" content=\"Genival Barbosa\" \/>\n<meta name=\"twitter:card\" content=\"summary_large_image\" \/>\n<meta name=\"twitter:label1\" content=\"Escrito por\" \/>\n\t<meta name=\"twitter:data1\" content=\"Genival Barbosa\" \/>\n\t<meta name=\"twitter:label2\" content=\"Est. tempo de leitura\" \/>\n\t<meta name=\"twitter:data2\" content=\"1 minuto\" \/>\n<script type=\"application\/ld+json\" class=\"yoast-schema-graph\">{\"@context\":\"https:\/\/schema.org\",\"@graph\":[{\"@type\":\"WebPage\",\"@id\":\"https:\/\/portalnpm.com\/index.php\/2021\/06\/18\/assessora-do-secretario-de-fazenda-rafael-foneteles-morre-vitima-da-covid-19\/\",\"url\":\"https:\/\/portalnpm.com\/index.php\/2021\/06\/18\/assessora-do-secretario-de-fazenda-rafael-foneteles-morre-vitima-da-covid-19\/\",\"name\":\"Assessora do secret\u00e1rio de Fazenda, Rafael Foneteles, morre v\u00edtima da Covid-19\",\"isPartOf\":{\"@id\":\"https:\/\/portalnpm.com\/#website\"},\"primaryImageOfPage\":{\"@id\":\"https:\/\/portalnpm.com\/index.php\/2021\/06\/18\/assessora-do-secretario-de-fazenda-rafael-foneteles-morre-vitima-da-covid-19\/#primaryimage\"},\"image\":{\"@id\":\"https:\/\/portalnpm.com\/index.php\/2021\/06\/18\/assessora-do-secretario-de-fazenda-rafael-foneteles-morre-vitima-da-covid-19\/#primaryimage\"},\"thumbnailUrl\":\"https:\/\/portalnpm.com\/wp-content\/uploads\/2024\/01\/assesssora-rafael-fonteles.jpg\",\"datePublished\":\"2021-06-18T14:55:19+00:00\",\"dateModified\":\"2021-06-18T14:55:19+00:00\",\"author\":{\"@id\":\"https:\/\/portalnpm.com\/#\/schema\/person\/49313e563cfdefcc167f1ee4c017c294\"},\"breadcrumb\":{\"@id\":\"https:\/\/portalnpm.com\/index.php\/2021\/06\/18\/assessora-do-secretario-de-fazenda-rafael-foneteles-morre-vitima-da-covid-19\/#breadcrumb\"},\"inLanguage\":\"pt-BR\",\"potentialAction\":[{\"@type\":\"ReadAction\",\"target\":[\"https:\/\/portalnpm.com\/index.php\/2021\/06\/18\/assessora-do-secretario-de-fazenda-rafael-foneteles-morre-vitima-da-covid-19\/\"]}]},{\"@type\":\"ImageObject\",\"inLanguage\":\"pt-BR\",\"@id\":\"https:\/\/portalnpm.com\/index.php\/2021\/06\/18\/assessora-do-secretario-de-fazenda-rafael-foneteles-morre-vitima-da-covid-19\/#primaryimage\",\"url\":\"https:\/\/portalnpm.com\/wp-content\/uploads\/2024\/01\/assesssora-rafael-fonteles.jpg\",\"contentUrl\":\"https:\/\/portalnpm.com\/wp-content\/uploads\/2024\/01\/assesssora-rafael-fonteles.jpg\",\"width\":571,\"height\":431},{\"@type\":\"BreadcrumbList\",\"@id\":\"https:\/\/portalnpm.com\/index.php\/2021\/06\/18\/assessora-do-secretario-de-fazenda-rafael-foneteles-morre-vitima-da-covid-19\/#breadcrumb\",\"itemListElement\":[{\"@type\":\"ListItem\",\"position\":1,\"name\":\"In\u00edcio\",\"item\":\"https:\/\/portalnpm.com\/\"},{\"@type\":\"ListItem\",\"position\":2,\"name\":\"Assessora do secret\u00e1rio de Fazenda, Rafael Foneteles, morre v\u00edtima da Covid-19\"}]},{\"@type\":\"WebSite\",\"@id\":\"https:\/\/portalnpm.com\/#website\",\"url\":\"https:\/\/portalnpm.com\/\",\"name\":\"Portal NPM\",\"description\":\"Not\u00edcias em Primeira M\u00e3o\",\"potentialAction\":[{\"@type\":\"SearchAction\",\"target\":{\"@type\":\"EntryPoint\",\"urlTemplate\":\"https:\/\/portalnpm.com\/?s={search_term_string}\"},\"query-input\":\"required name=search_term_string\"}],\"inLanguage\":\"pt-BR\"},{\"@type\":\"Person\",\"@id\":\"https:\/\/portalnpm.com\/#\/schema\/person\/49313e563cfdefcc167f1ee4c017c294\",\"name\":\"Genival Barbosa\",\"image\":{\"@type\":\"ImageObject\",\"inLanguage\":\"pt-BR\",\"@id\":\"https:\/\/portalnpm.com\/#\/schema\/person\/image\/\",\"url\":\"https:\/\/portalnpm.com\/wp-content\/uploads\/2024\/02\/avatar_user_2_1707743258-96x96.jpeg\",\"contentUrl\":\"https:\/\/portalnpm.com\/wp-content\/uploads\/2024\/02\/avatar_user_2_1707743258-96x96.jpeg\",\"caption\":\"Genival Barbosa\"},\"url\":\"https:\/\/portalnpm.com\/index.php\/author\/genival\/\"}]}<\/script>\n<!-- \/ Yoast SEO plugin. -->","yoast_head_json":{"title":"Assessora do secret\u00e1rio de Fazenda, Rafael Foneteles, morre v\u00edtima da Covid-19","robots":{"index":"index","follow":"follow","max-snippet":"max-snippet:-1","max-image-preview":"max-image-preview:large","max-video-preview":"max-video-preview:-1"},"canonical":"https:\/\/portalnpm.com\/index.php\/2021\/06\/18\/assessora-do-secretario-de-fazenda-rafael-foneteles-morre-vitima-da-covid-19\/","og_locale":"pt_BR","og_type":"article","og_title":"Assessora do secret\u00e1rio de Fazenda, Rafael Foneteles, morre v\u00edtima da Covid-19","og_description":"Morreu nesta quinta-feira (17\/06), a assessora do secret\u00e1rio de Fazenda do Piau\u00ed, Rafael Fonteles, Isabela Teixeira Santos, v\u00edtima da Covid-19. A informa\u00e7\u00e3o foi confirmada pelo pr\u00f3prio secret\u00e1rio, atrav\u00e9s de suas redes sociais. \u00a0 \u00a0 \u201cIsabela Soares, nossa amiga e assessora, nos deixou hoje. A alegria era uma de suas principais marcas. Isabela cativava a todos &hellip;","og_url":"https:\/\/portalnpm.com\/index.php\/2021\/06\/18\/assessora-do-secretario-de-fazenda-rafael-foneteles-morre-vitima-da-covid-19\/","og_site_name":"Portal NPM","article_published_time":"2021-06-18T14:55:19+00:00","og_image":[{"width":571,"height":431,"url":"https:\/\/portalnpm.com\/wp-content\/uploads\/2024\/01\/assesssora-rafael-fonteles.jpg","type":"image\/jpeg"}],"author":"Genival Barbosa","twitter_card":"summary_large_image","twitter_misc":{"Escrito por":"Genival Barbosa","Est. tempo de leitura":"1 minuto"},"schema":{"@context":"https:\/\/schema.org","@graph":[{"@type":"WebPage","@id":"https:\/\/portalnpm.com\/index.php\/2021\/06\/18\/assessora-do-secretario-de-fazenda-rafael-foneteles-morre-vitima-da-covid-19\/","url":"https:\/\/portalnpm.com\/index.php\/2021\/06\/18\/assessora-do-secretario-de-fazenda-rafael-foneteles-morre-vitima-da-covid-19\/","name":"Assessora do secret\u00e1rio de Fazenda, Rafael Foneteles, morre v\u00edtima da Covid-19","isPartOf":{"@id":"https:\/\/portalnpm.com\/#website"},"primaryImageOfPage":{"@id":"https:\/\/portalnpm.com\/index.php\/2021\/06\/18\/assessora-do-secretario-de-fazenda-rafael-foneteles-morre-vitima-da-covid-19\/#primaryimage"},"image":{"@id":"https:\/\/portalnpm.com\/index.php\/2021\/06\/18\/assessora-do-secretario-de-fazenda-rafael-foneteles-morre-vitima-da-covid-19\/#primaryimage"},"thumbnailUrl":"https:\/\/portalnpm.com\/wp-content\/uploads\/2024\/01\/assesssora-rafael-fonteles.jpg","datePublished":"2021-06-18T14:55:19+00:00","dateModified":"2021-06-18T14:55:19+00:00","author":{"@id":"https:\/\/portalnpm.com\/#\/schema\/person\/49313e563cfdefcc167f1ee4c017c294"},"breadcrumb":{"@id":"https:\/\/portalnpm.com\/index.php\/2021\/06\/18\/assessora-do-secretario-de-fazenda-rafael-foneteles-morre-vitima-da-covid-19\/#breadcrumb"},"inLanguage":"pt-BR","potentialAction":[{"@type":"ReadAction","target":["https:\/\/portalnpm.com\/index.php\/2021\/06\/18\/assessora-do-secretario-de-fazenda-rafael-foneteles-morre-vitima-da-covid-19\/"]}]},{"@type":"ImageObject","inLanguage":"pt-BR","@id":"https:\/\/portalnpm.com\/index.php\/2021\/06\/18\/assessora-do-secretario-de-fazenda-rafael-foneteles-morre-vitima-da-covid-19\/#primaryimage","url":"https:\/\/portalnpm.com\/wp-content\/uploads\/2024\/01\/assesssora-rafael-fonteles.jpg","contentUrl":"https:\/\/portalnpm.com\/wp-content\/uploads\/2024\/01\/assesssora-rafael-fonteles.jpg","width":571,"height":431},{"@type":"BreadcrumbList","@id":"https:\/\/portalnpm.com\/index.php\/2021\/06\/18\/assessora-do-secretario-de-fazenda-rafael-foneteles-morre-vitima-da-covid-19\/#breadcrumb","itemListElement":[{"@type":"ListItem","position":1,"name":"In\u00edcio","item":"https:\/\/portalnpm.com\/"},{"@type":"ListItem","position":2,"name":"Assessora do secret\u00e1rio de Fazenda, Rafael Foneteles, morre v\u00edtima da Covid-19"}]},{"@type":"WebSite","@id":"https:\/\/portalnpm.com\/#website","url":"https:\/\/portalnpm.com\/","name":"Portal NPM","description":"Not\u00edcias em Primeira M\u00e3o","potentialAction":[{"@type":"SearchAction","target":{"@type":"EntryPoint","urlTemplate":"https:\/\/portalnpm.com\/?s={search_term_string}"},"query-input":"required name=search_term_string"}],"inLanguage":"pt-BR"},{"@type":"Person","@id":"https:\/\/portalnpm.com\/#\/schema\/person\/49313e563cfdefcc167f1ee4c017c294","name":"Genival Barbosa","image":{"@type":"ImageObject","inLanguage":"pt-BR","@id":"https:\/\/portalnpm.com\/#\/schema\/person\/image\/","url":"https:\/\/portalnpm.com\/wp-content\/uploads\/2024\/02\/avatar_user_2_1707743258-96x96.jpeg","contentUrl":"https:\/\/portalnpm.com\/wp-content\/uploads\/2024\/02\/avatar_user_2_1707743258-96x96.jpeg","caption":"Genival Barbosa"},"url":"https:\/\/portalnpm.com\/index.php\/author\/genival\/"}]}},"jetpack_sharing_enabled":true,"jetpack_featured_media_url":"https:\/\/portalnpm.com\/wp-content\/uploads\/2024\/01\/assesssora-rafael-fonteles.jpg","_links":{"self":[{"href":"https:\/\/portalnpm.com\/index.php\/wp-json\/wp\/v2\/posts\/65569"}],"collection":[{"href":"https:\/\/portalnpm.com\/index.php\/wp-json\/wp\/v2\/posts"}],"about":[{"href":"https:\/\/portalnpm.com\/index.php\/wp-json\/wp\/v2\/types\/post"}],"author":[{"embeddable":true,"href":"https:\/\/portalnpm.com\/index.php\/wp-json\/wp\/v2\/users\/2"}],"replies":[{"embeddable":true,"href":"https:\/\/portalnpm.com\/index.php\/wp-json\/wp\/v2\/comments?post=65569"}],"version-history":[{"count":0,"href":"https:\/\/portalnpm.com\/index.php\/wp-json\/wp\/v2\/posts\/65569\/revisions"}],"wp:featuredmedia":[{"embeddable":true,"href":"https:\/\/portalnpm.com\/index.php\/wp-json\/wp\/v2\/media\/65570"}],"wp:attachment":[{"href":"https:\/\/portalnpm.com\/index.php\/wp-json\/wp\/v2\/media?parent=65569"}],"wp:term":[{"taxonomy":"category","embeddable":true,"href":"https:\/\/portalnpm.com\/index.php\/wp-json\/wp\/v2\/categories?post=65569"},{"taxonomy":"post_tag","embeddable":true,"href":"https:\/\/portalnpm.com\/index.php\/wp-json\/wp\/v2\/tags?post=65569"}],"curies":[{"name":"wp","href":"https:\/\/api.w.org\/{rel}","templated":true}]}}