{"id":65589,"date":"2021-06-19T07:44:52","date_gmt":"2021-06-19T10:44:52","guid":{"rendered":"https:\/\/portalnpm.com\/index.php\/2021\/06\/19\/charles-da-silveira-confirma-filiacao-no-pdt-e-passa-a-ser-cotado-para-o-governo\/"},"modified":"2021-06-19T07:44:52","modified_gmt":"2021-06-19T10:44:52","slug":"charles-da-silveira-confirma-filiacao-no-pdt-e-passa-a-ser-cotado-para-o-governo","status":"publish","type":"post","link":"https:\/\/portalnpm.com\/index.php\/2021\/06\/19\/charles-da-silveira-confirma-filiacao-no-pdt-e-passa-a-ser-cotado-para-o-governo\/","title":{"rendered":"Charles da Silveira confirma filia\u00e7\u00e3o no PDT e passa a ser cotado para o governo"},"content":{"rendered":"<p style=\"text-align: justify;\">O ex-secret\u00e1rio de Governo da gest\u00e3o do ex-prefeito Firmino Filho (PSDB), Charles da Silveira, confirmou que ir\u00e1 se filiar ao PDT. Ele afirma que espera apenas resolver a sa\u00edda do PSDB para assinar a ficha de filia\u00e7\u00e3o \u00e0 nova sigla.<\/p>\n<p>A confirma\u00e7\u00e3o foi feita durante evento do partido com a presen\u00e7a do presidente nacional, Carlos Lupi. Durante evento, o nome dele foi colocado como um poss\u00edvel candidato do PDT a governador do Piau\u00ed. Por\u00e9m, Charles afirma n\u00e3o ter interesse\u00a0 em candidatura no momento.<br \/>\n\u201cSim. Tenho a inten\u00e7\u00e3o de ir para o PDT. Estou conversando com os amigos que tenho no PSDB. Em todas as a\u00e7\u00f5es que fa\u00e7o e todas as institui\u00e7\u00f5es que participo entro e saio pela porta da frente. Estou conversando e explicando meus motivos e devo me filiar ao PDT. Todas as pessoas sabem que em algumas elei\u00e7\u00f5es passadas j\u00e1\u00a0 votei no Brizola, no Ciro Gomes e tenho um vereador no PDT que \u00e9 como se fosse um filho meu.\u00a0 Na elei\u00e7\u00e3o de 2022, a polariza\u00e7\u00e3o a atrapalha o processo democr\u00e1tico. Ela embota a discuss\u00e3o das ideias e reais problemas do pa\u00eds. O plano desenvolvido pelo Ciro Gomes nos apresenta como o melhor\u201d, destacou.<\/p>\n<p>Apesar de evitar falar em candidatura, Charles afirma que\u00a0 pretende ajudar os tr\u00eas vereadores da sigla a organizarem o partido na capital.<\/p>\n<p>\u201cN\u00e3o vou falar em nome do PDT uma vez que ainda n\u00e3o me filiei. O PDT deve ter suas estrat\u00e9gias e pensamento para construir chapas majorit\u00e1ria e proporcional. Mas que possa ter um campo de atua\u00e7\u00e3o que saiamos do tudo ou do nada ou do nado ou do tudo. Essa \u00e9 uma hip\u00f3tese que n\u00e3o foi ventilado. N\u00e3o estou indo para ser candidato. Mas para ajudar a fortalecer a agremia\u00e7\u00e3o partid\u00e1ria\u201d, disse.<\/p>\n<p style=\"text-align: justify;\">O presidente colocou o nome de Charles da Silveira como uma op\u00e7\u00e3o pra o governo em 2022. \u201cVamos tentar\u00a0 construir essa canddiatura. Ainda n\u00e3o temos nomes, mas estamos construindo. Deve entrar no partido o professor Charles da Silveira que \u00e9 um grande nome.\u00a0 Ele \u00e9 um poss\u00edvel pr\u00e9-candidato a uma disputa majorit\u00e1ria pelo PDT. Pode ser a governador, vice, mas vem mais gente\u201d, disse Lupi.<\/p>\n<p style=\"text-align: justify;\">As informa\u00e7\u00f5es s\u00e3o do Cidade Verde.<\/p>\n","protected":false},"excerpt":{"rendered":"<p>O ex-secret\u00e1rio de Governo da gest\u00e3o do ex-prefeito Firmino Filho (PSDB), Charles da Silveira, confirmou que ir\u00e1 se filiar ao PDT. Ele afirma que espera apenas resolver a sa\u00edda do PSDB para assinar a ficha de filia\u00e7\u00e3o \u00e0 nova sigla. A confirma\u00e7\u00e3o foi feita durante evento do partido com a presen\u00e7a do presidente nacional, Carlos &hellip;<\/p>\n","protected":false},"author":2,"featured_media":65590,"comment_status":"open","ping_status":"open","sticky":false,"template":"","format":"standard","meta":{"content-type":"","rop_custom_images_group":[],"rop_custom_messages_group":[],"rop_publish_now":"initial","rop_publish_now_accounts":{"facebook_2648258775420054_1618374048415101":""},"rop_publish_now_history":[],"rop_publish_now_status":"pending","footnotes":"","_jetpack_memberships_contains_paid_content":false},"categories":[118,188,130],"tags":[475,766],"yoast_head":"<!-- This site is optimized with the Yoast SEO plugin v22.3 - https:\/\/yoast.com\/wordpress\/plugins\/seo\/ -->\n<title>Charles da Silveira confirma filia\u00e7\u00e3o no PDT e passa a ser cotado para o governo<\/title>\n<meta name=\"robots\" content=\"index, follow, max-snippet:-1, max-image-preview:large, max-video-preview:-1\" \/>\n<link rel=\"canonical\" href=\"https:\/\/portalnpm.com\/index.php\/2021\/06\/19\/charles-da-silveira-confirma-filiacao-no-pdt-e-passa-a-ser-cotado-para-o-governo\/\" \/>\n<meta property=\"og:locale\" content=\"pt_BR\" \/>\n<meta property=\"og:type\" content=\"article\" \/>\n<meta property=\"og:title\" content=\"Charles da Silveira confirma filia\u00e7\u00e3o no PDT e passa a ser cotado para o governo\" \/>\n<meta property=\"og:description\" content=\"O ex-secret\u00e1rio de Governo da gest\u00e3o do ex-prefeito Firmino Filho (PSDB), Charles da Silveira, confirmou que ir\u00e1 se filiar ao PDT. Ele afirma que espera apenas resolver a sa\u00edda do PSDB para assinar a ficha de filia\u00e7\u00e3o \u00e0 nova sigla. A confirma\u00e7\u00e3o foi feita durante evento do partido com a presen\u00e7a do presidente nacional, Carlos &hellip;\" \/>\n<meta property=\"og:url\" content=\"https:\/\/portalnpm.com\/index.php\/2021\/06\/19\/charles-da-silveira-confirma-filiacao-no-pdt-e-passa-a-ser-cotado-para-o-governo\/\" \/>\n<meta property=\"og:site_name\" content=\"Portal NPM\" \/>\n<meta property=\"article:published_time\" content=\"2021-06-19T10:44:52+00:00\" \/>\n<meta property=\"og:image\" content=\"https:\/\/portalnpm.com\/wp-content\/uploads\/2024\/01\/lu\u00b4pi_2.jpg\" \/>\n\t<meta property=\"og:image:width\" content=\"790\" \/>\n\t<meta property=\"og:image:height\" content=\"450\" \/>\n\t<meta property=\"og:image:type\" content=\"image\/jpeg\" \/>\n<meta name=\"author\" content=\"Genival Barbosa\" \/>\n<meta name=\"twitter:card\" content=\"summary_large_image\" \/>\n<meta name=\"twitter:label1\" content=\"Escrito por\" \/>\n\t<meta name=\"twitter:data1\" content=\"Genival Barbosa\" \/>\n\t<meta name=\"twitter:label2\" content=\"Est. tempo de leitura\" \/>\n\t<meta name=\"twitter:data2\" content=\"2 minutos\" \/>\n<script type=\"application\/ld+json\" class=\"yoast-schema-graph\">{\"@context\":\"https:\/\/schema.org\",\"@graph\":[{\"@type\":\"WebPage\",\"@id\":\"https:\/\/portalnpm.com\/index.php\/2021\/06\/19\/charles-da-silveira-confirma-filiacao-no-pdt-e-passa-a-ser-cotado-para-o-governo\/\",\"url\":\"https:\/\/portalnpm.com\/index.php\/2021\/06\/19\/charles-da-silveira-confirma-filiacao-no-pdt-e-passa-a-ser-cotado-para-o-governo\/\",\"name\":\"Charles da Silveira confirma filia\u00e7\u00e3o no PDT e passa a ser cotado para o governo\",\"isPartOf\":{\"@id\":\"https:\/\/portalnpm.com\/#website\"},\"primaryImageOfPage\":{\"@id\":\"https:\/\/portalnpm.com\/index.php\/2021\/06\/19\/charles-da-silveira-confirma-filiacao-no-pdt-e-passa-a-ser-cotado-para-o-governo\/#primaryimage\"},\"image\":{\"@id\":\"https:\/\/portalnpm.com\/index.php\/2021\/06\/19\/charles-da-silveira-confirma-filiacao-no-pdt-e-passa-a-ser-cotado-para-o-governo\/#primaryimage\"},\"thumbnailUrl\":\"https:\/\/portalnpm.com\/wp-content\/uploads\/2024\/01\/lu\u00b4pi_2.jpg\",\"datePublished\":\"2021-06-19T10:44:52+00:00\",\"dateModified\":\"2021-06-19T10:44:52+00:00\",\"author\":{\"@id\":\"https:\/\/portalnpm.com\/#\/schema\/person\/49313e563cfdefcc167f1ee4c017c294\"},\"breadcrumb\":{\"@id\":\"https:\/\/portalnpm.com\/index.php\/2021\/06\/19\/charles-da-silveira-confirma-filiacao-no-pdt-e-passa-a-ser-cotado-para-o-governo\/#breadcrumb\"},\"inLanguage\":\"pt-BR\",\"potentialAction\":[{\"@type\":\"ReadAction\",\"target\":[\"https:\/\/portalnpm.com\/index.php\/2021\/06\/19\/charles-da-silveira-confirma-filiacao-no-pdt-e-passa-a-ser-cotado-para-o-governo\/\"]}]},{\"@type\":\"ImageObject\",\"inLanguage\":\"pt-BR\",\"@id\":\"https:\/\/portalnpm.com\/index.php\/2021\/06\/19\/charles-da-silveira-confirma-filiacao-no-pdt-e-passa-a-ser-cotado-para-o-governo\/#primaryimage\",\"url\":\"https:\/\/portalnpm.com\/wp-content\/uploads\/2024\/01\/lu\u00b4pi_2.jpg\",\"contentUrl\":\"https:\/\/portalnpm.com\/wp-content\/uploads\/2024\/01\/lu\u00b4pi_2.jpg\",\"width\":790,\"height\":450},{\"@type\":\"BreadcrumbList\",\"@id\":\"https:\/\/portalnpm.com\/index.php\/2021\/06\/19\/charles-da-silveira-confirma-filiacao-no-pdt-e-passa-a-ser-cotado-para-o-governo\/#breadcrumb\",\"itemListElement\":[{\"@type\":\"ListItem\",\"position\":1,\"name\":\"In\u00edcio\",\"item\":\"https:\/\/portalnpm.com\/\"},{\"@type\":\"ListItem\",\"position\":2,\"name\":\"Charles da Silveira confirma filia\u00e7\u00e3o no PDT e passa a ser cotado para o governo\"}]},{\"@type\":\"WebSite\",\"@id\":\"https:\/\/portalnpm.com\/#website\",\"url\":\"https:\/\/portalnpm.com\/\",\"name\":\"Portal NPM\",\"description\":\"Not\u00edcias em Primeira M\u00e3o\",\"potentialAction\":[{\"@type\":\"SearchAction\",\"target\":{\"@type\":\"EntryPoint\",\"urlTemplate\":\"https:\/\/portalnpm.com\/?s={search_term_string}\"},\"query-input\":\"required name=search_term_string\"}],\"inLanguage\":\"pt-BR\"},{\"@type\":\"Person\",\"@id\":\"https:\/\/portalnpm.com\/#\/schema\/person\/49313e563cfdefcc167f1ee4c017c294\",\"name\":\"Genival Barbosa\",\"image\":{\"@type\":\"ImageObject\",\"inLanguage\":\"pt-BR\",\"@id\":\"https:\/\/portalnpm.com\/#\/schema\/person\/image\/\",\"url\":\"https:\/\/portalnpm.com\/wp-content\/uploads\/2024\/02\/avatar_user_2_1707743258-96x96.jpeg\",\"contentUrl\":\"https:\/\/portalnpm.com\/wp-content\/uploads\/2024\/02\/avatar_user_2_1707743258-96x96.jpeg\",\"caption\":\"Genival Barbosa\"},\"url\":\"https:\/\/portalnpm.com\/index.php\/author\/genival\/\"}]}<\/script>\n<!-- \/ Yoast SEO plugin. -->","yoast_head_json":{"title":"Charles da Silveira confirma filia\u00e7\u00e3o no PDT e passa a ser cotado para o governo","robots":{"index":"index","follow":"follow","max-snippet":"max-snippet:-1","max-image-preview":"max-image-preview:large","max-video-preview":"max-video-preview:-1"},"canonical":"https:\/\/portalnpm.com\/index.php\/2021\/06\/19\/charles-da-silveira-confirma-filiacao-no-pdt-e-passa-a-ser-cotado-para-o-governo\/","og_locale":"pt_BR","og_type":"article","og_title":"Charles da Silveira confirma filia\u00e7\u00e3o no PDT e passa a ser cotado para o governo","og_description":"O ex-secret\u00e1rio de Governo da gest\u00e3o do ex-prefeito Firmino Filho (PSDB), Charles da Silveira, confirmou que ir\u00e1 se filiar ao PDT. Ele afirma que espera apenas resolver a sa\u00edda do PSDB para assinar a ficha de filia\u00e7\u00e3o \u00e0 nova sigla. A confirma\u00e7\u00e3o foi feita durante evento do partido com a presen\u00e7a do presidente nacional, Carlos &hellip;","og_url":"https:\/\/portalnpm.com\/index.php\/2021\/06\/19\/charles-da-silveira-confirma-filiacao-no-pdt-e-passa-a-ser-cotado-para-o-governo\/","og_site_name":"Portal NPM","article_published_time":"2021-06-19T10:44:52+00:00","og_image":[{"width":790,"height":450,"url":"https:\/\/portalnpm.com\/wp-content\/uploads\/2024\/01\/lu\u00b4pi_2.jpg","type":"image\/jpeg"}],"author":"Genival Barbosa","twitter_card":"summary_large_image","twitter_misc":{"Escrito por":"Genival Barbosa","Est. tempo de leitura":"2 minutos"},"schema":{"@context":"https:\/\/schema.org","@graph":[{"@type":"WebPage","@id":"https:\/\/portalnpm.com\/index.php\/2021\/06\/19\/charles-da-silveira-confirma-filiacao-no-pdt-e-passa-a-ser-cotado-para-o-governo\/","url":"https:\/\/portalnpm.com\/index.php\/2021\/06\/19\/charles-da-silveira-confirma-filiacao-no-pdt-e-passa-a-ser-cotado-para-o-governo\/","name":"Charles da Silveira confirma filia\u00e7\u00e3o no PDT e passa a ser cotado para o governo","isPartOf":{"@id":"https:\/\/portalnpm.com\/#website"},"primaryImageOfPage":{"@id":"https:\/\/portalnpm.com\/index.php\/2021\/06\/19\/charles-da-silveira-confirma-filiacao-no-pdt-e-passa-a-ser-cotado-para-o-governo\/#primaryimage"},"image":{"@id":"https:\/\/portalnpm.com\/index.php\/2021\/06\/19\/charles-da-silveira-confirma-filiacao-no-pdt-e-passa-a-ser-cotado-para-o-governo\/#primaryimage"},"thumbnailUrl":"https:\/\/portalnpm.com\/wp-content\/uploads\/2024\/01\/lu\u00b4pi_2.jpg","datePublished":"2021-06-19T10:44:52+00:00","dateModified":"2021-06-19T10:44:52+00:00","author":{"@id":"https:\/\/portalnpm.com\/#\/schema\/person\/49313e563cfdefcc167f1ee4c017c294"},"breadcrumb":{"@id":"https:\/\/portalnpm.com\/index.php\/2021\/06\/19\/charles-da-silveira-confirma-filiacao-no-pdt-e-passa-a-ser-cotado-para-o-governo\/#breadcrumb"},"inLanguage":"pt-BR","potentialAction":[{"@type":"ReadAction","target":["https:\/\/portalnpm.com\/index.php\/2021\/06\/19\/charles-da-silveira-confirma-filiacao-no-pdt-e-passa-a-ser-cotado-para-o-governo\/"]}]},{"@type":"ImageObject","inLanguage":"pt-BR","@id":"https:\/\/portalnpm.com\/index.php\/2021\/06\/19\/charles-da-silveira-confirma-filiacao-no-pdt-e-passa-a-ser-cotado-para-o-governo\/#primaryimage","url":"https:\/\/portalnpm.com\/wp-content\/uploads\/2024\/01\/lu\u00b4pi_2.jpg","contentUrl":"https:\/\/portalnpm.com\/wp-content\/uploads\/2024\/01\/lu\u00b4pi_2.jpg","width":790,"height":450},{"@type":"BreadcrumbList","@id":"https:\/\/portalnpm.com\/index.php\/2021\/06\/19\/charles-da-silveira-confirma-filiacao-no-pdt-e-passa-a-ser-cotado-para-o-governo\/#breadcrumb","itemListElement":[{"@type":"ListItem","position":1,"name":"In\u00edcio","item":"https:\/\/portalnpm.com\/"},{"@type":"ListItem","position":2,"name":"Charles da Silveira confirma filia\u00e7\u00e3o no PDT e passa a ser cotado para o governo"}]},{"@type":"WebSite","@id":"https:\/\/portalnpm.com\/#website","url":"https:\/\/portalnpm.com\/","name":"Portal NPM","description":"Not\u00edcias em Primeira M\u00e3o","potentialAction":[{"@type":"SearchAction","target":{"@type":"EntryPoint","urlTemplate":"https:\/\/portalnpm.com\/?s={search_term_string}"},"query-input":"required name=search_term_string"}],"inLanguage":"pt-BR"},{"@type":"Person","@id":"https:\/\/portalnpm.com\/#\/schema\/person\/49313e563cfdefcc167f1ee4c017c294","name":"Genival Barbosa","image":{"@type":"ImageObject","inLanguage":"pt-BR","@id":"https:\/\/portalnpm.com\/#\/schema\/person\/image\/","url":"https:\/\/portalnpm.com\/wp-content\/uploads\/2024\/02\/avatar_user_2_1707743258-96x96.jpeg","contentUrl":"https:\/\/portalnpm.com\/wp-content\/uploads\/2024\/02\/avatar_user_2_1707743258-96x96.jpeg","caption":"Genival Barbosa"},"url":"https:\/\/portalnpm.com\/index.php\/author\/genival\/"}]}},"jetpack_sharing_enabled":true,"jetpack_featured_media_url":"https:\/\/portalnpm.com\/wp-content\/uploads\/2024\/01\/lu\u00b4pi_2.jpg","_links":{"self":[{"href":"https:\/\/portalnpm.com\/index.php\/wp-json\/wp\/v2\/posts\/65589"}],"collection":[{"href":"https:\/\/portalnpm.com\/index.php\/wp-json\/wp\/v2\/posts"}],"about":[{"href":"https:\/\/portalnpm.com\/index.php\/wp-json\/wp\/v2\/types\/post"}],"author":[{"embeddable":true,"href":"https:\/\/portalnpm.com\/index.php\/wp-json\/wp\/v2\/users\/2"}],"replies":[{"embeddable":true,"href":"https:\/\/portalnpm.com\/index.php\/wp-json\/wp\/v2\/comments?post=65589"}],"version-history":[{"count":0,"href":"https:\/\/portalnpm.com\/index.php\/wp-json\/wp\/v2\/posts\/65589\/revisions"}],"wp:featuredmedia":[{"embeddable":true,"href":"https:\/\/portalnpm.com\/index.php\/wp-json\/wp\/v2\/media\/65590"}],"wp:attachment":[{"href":"https:\/\/portalnpm.com\/index.php\/wp-json\/wp\/v2\/media?parent=65589"}],"wp:term":[{"taxonomy":"category","embeddable":true,"href":"https:\/\/portalnpm.com\/index.php\/wp-json\/wp\/v2\/categories?post=65589"},{"taxonomy":"post_tag","embeddable":true,"href":"https:\/\/portalnpm.com\/index.php\/wp-json\/wp\/v2\/tags?post=65589"}],"curies":[{"name":"wp","href":"https:\/\/api.w.org\/{rel}","templated":true}]}}