{"id":65628,"date":"2021-06-20T09:32:16","date_gmt":"2021-06-20T12:32:16","guid":{"rendered":"https:\/\/portalnpm.com\/index.php\/2021\/06\/20\/gerente-do-supermercado-mercantil-sertanejo-morre-vitima-da-covid-19-em-picos\/"},"modified":"2021-06-20T09:32:16","modified_gmt":"2021-06-20T12:32:16","slug":"gerente-do-supermercado-mercantil-sertanejo-morre-vitima-da-covid-19-em-picos","status":"publish","type":"post","link":"https:\/\/portalnpm.com\/index.php\/2021\/06\/20\/gerente-do-supermercado-mercantil-sertanejo-morre-vitima-da-covid-19-em-picos\/","title":{"rendered":"Gerente do supermercado Mercantil Sertanejo morre v\u00edtima da covid-19 em Picos"},"content":{"rendered":"<p style=\"text-align: justify;\">A pandemia do novo coronav\u00edrus provocou a perda de mais uma vida no munic\u00edpio picoense. A v\u00edtima foi o gerente do supermercado Mercantil Sertanejo, Ant\u00f4nio Pedro da Rocha, de 53 anos, que era mais conhecido como \u201cKakin\u201d.<\/p>\n<p style=\"text-align: justify;\">\n<p style=\"text-align: justify;\">\n<p style=\"text-align: justify;\">De acordo com informa\u00e7\u00f5es de familiares, Ant\u00f4nio Pedro, estava se tratando da covid-19, internado no Hospital Regional Justino Luz, desde o in\u00edcio desta semana.<\/p>\n<p style=\"text-align: justify;\">As informa\u00e7\u00f5es d\u00e3o conta ainda que ele teve um agravamento no quadro de sa\u00fade ap\u00f3s sofrer um Acidente Vascular Cerebral (AVC), na madrugada desta sexta-feira (18), vindo a falecer ainda na noite de ontem.<\/p>\n<p style=\"text-align: justify;\">Bastante conhecido na cidade Picos, Ant\u00f4nio Pedro deixa esposa e um filho.<\/p>\n<div class=\"google-auto-placed ap_container\" style=\"text-align: justify;\"><\/div>\n<p style=\"text-align: justify;\">O gerente do Mercantil Sertanejo foi o 137\u00ba morador do munic\u00edpio picoense vitimado fatalmente pelo coronav\u00edrus.<\/p>\n<p style=\"text-align: justify;\"><strong>Com informa\u00e7\u00f5es do Portal \u201cO Povo\u201d de Picos<\/strong><\/p>\n","protected":false},"excerpt":{"rendered":"<p>A pandemia do novo coronav\u00edrus provocou a perda de mais uma vida no munic\u00edpio picoense. A v\u00edtima foi o gerente do supermercado Mercantil Sertanejo, Ant\u00f4nio Pedro da Rocha, de 53 anos, que era mais conhecido como \u201cKakin\u201d. De acordo com informa\u00e7\u00f5es de familiares, Ant\u00f4nio Pedro, estava se tratando da covid-19, internado no Hospital Regional Justino &hellip;<\/p>\n","protected":false},"author":2,"featured_media":65629,"comment_status":"open","ping_status":"open","sticky":false,"template":"","format":"standard","meta":{"content-type":"","rop_custom_images_group":[],"rop_custom_messages_group":[],"rop_publish_now":"initial","rop_publish_now_accounts":{"facebook_2648258775420054_1618374048415101":""},"rop_publish_now_history":[],"rop_publish_now_status":"pending","footnotes":"","_jetpack_memberships_contains_paid_content":false},"categories":[109,127],"tags":[11497,132,2045],"yoast_head":"<!-- This site is optimized with the Yoast SEO plugin v22.3 - https:\/\/yoast.com\/wordpress\/plugins\/seo\/ -->\n<title>Gerente do supermercado Mercantil Sertanejo morre v\u00edtima da covid-19 em Picos<\/title>\n<meta name=\"robots\" content=\"index, follow, max-snippet:-1, max-image-preview:large, max-video-preview:-1\" \/>\n<link rel=\"canonical\" href=\"https:\/\/portalnpm.com\/index.php\/2021\/06\/20\/gerente-do-supermercado-mercantil-sertanejo-morre-vitima-da-covid-19-em-picos\/\" \/>\n<meta property=\"og:locale\" content=\"pt_BR\" \/>\n<meta property=\"og:type\" content=\"article\" \/>\n<meta property=\"og:title\" content=\"Gerente do supermercado Mercantil Sertanejo morre v\u00edtima da covid-19 em Picos\" \/>\n<meta property=\"og:description\" content=\"A pandemia do novo coronav\u00edrus provocou a perda de mais uma vida no munic\u00edpio picoense. A v\u00edtima foi o gerente do supermercado Mercantil Sertanejo, Ant\u00f4nio Pedro da Rocha, de 53 anos, que era mais conhecido como \u201cKakin\u201d. De acordo com informa\u00e7\u00f5es de familiares, Ant\u00f4nio Pedro, estava se tratando da covid-19, internado no Hospital Regional Justino &hellip;\" \/>\n<meta property=\"og:url\" content=\"https:\/\/portalnpm.com\/index.php\/2021\/06\/20\/gerente-do-supermercado-mercantil-sertanejo-morre-vitima-da-covid-19-em-picos\/\" \/>\n<meta property=\"og:site_name\" content=\"Portal NPM\" \/>\n<meta property=\"article:published_time\" content=\"2021-06-20T12:32:16+00:00\" \/>\n<meta property=\"og:image\" content=\"https:\/\/portalnpm.com\/wp-content\/uploads\/2024\/01\/P40G-IMG-5e1de0713b00de262c.jpg\" \/>\n\t<meta property=\"og:image:width\" content=\"640\" \/>\n\t<meta property=\"og:image:height\" content=\"502\" \/>\n\t<meta property=\"og:image:type\" content=\"image\/jpeg\" \/>\n<meta name=\"author\" content=\"Genival Barbosa\" \/>\n<meta name=\"twitter:card\" content=\"summary_large_image\" \/>\n<meta name=\"twitter:label1\" content=\"Escrito por\" \/>\n\t<meta name=\"twitter:data1\" content=\"Genival Barbosa\" \/>\n\t<meta name=\"twitter:label2\" content=\"Est. tempo de leitura\" \/>\n\t<meta name=\"twitter:data2\" content=\"1 minuto\" \/>\n<script type=\"application\/ld+json\" class=\"yoast-schema-graph\">{\"@context\":\"https:\/\/schema.org\",\"@graph\":[{\"@type\":\"WebPage\",\"@id\":\"https:\/\/portalnpm.com\/index.php\/2021\/06\/20\/gerente-do-supermercado-mercantil-sertanejo-morre-vitima-da-covid-19-em-picos\/\",\"url\":\"https:\/\/portalnpm.com\/index.php\/2021\/06\/20\/gerente-do-supermercado-mercantil-sertanejo-morre-vitima-da-covid-19-em-picos\/\",\"name\":\"Gerente do supermercado Mercantil Sertanejo morre v\u00edtima da covid-19 em Picos\",\"isPartOf\":{\"@id\":\"https:\/\/portalnpm.com\/#website\"},\"primaryImageOfPage\":{\"@id\":\"https:\/\/portalnpm.com\/index.php\/2021\/06\/20\/gerente-do-supermercado-mercantil-sertanejo-morre-vitima-da-covid-19-em-picos\/#primaryimage\"},\"image\":{\"@id\":\"https:\/\/portalnpm.com\/index.php\/2021\/06\/20\/gerente-do-supermercado-mercantil-sertanejo-morre-vitima-da-covid-19-em-picos\/#primaryimage\"},\"thumbnailUrl\":\"https:\/\/portalnpm.com\/wp-content\/uploads\/2024\/01\/P40G-IMG-5e1de0713b00de262c.jpg\",\"datePublished\":\"2021-06-20T12:32:16+00:00\",\"dateModified\":\"2021-06-20T12:32:16+00:00\",\"author\":{\"@id\":\"https:\/\/portalnpm.com\/#\/schema\/person\/49313e563cfdefcc167f1ee4c017c294\"},\"breadcrumb\":{\"@id\":\"https:\/\/portalnpm.com\/index.php\/2021\/06\/20\/gerente-do-supermercado-mercantil-sertanejo-morre-vitima-da-covid-19-em-picos\/#breadcrumb\"},\"inLanguage\":\"pt-BR\",\"potentialAction\":[{\"@type\":\"ReadAction\",\"target\":[\"https:\/\/portalnpm.com\/index.php\/2021\/06\/20\/gerente-do-supermercado-mercantil-sertanejo-morre-vitima-da-covid-19-em-picos\/\"]}]},{\"@type\":\"ImageObject\",\"inLanguage\":\"pt-BR\",\"@id\":\"https:\/\/portalnpm.com\/index.php\/2021\/06\/20\/gerente-do-supermercado-mercantil-sertanejo-morre-vitima-da-covid-19-em-picos\/#primaryimage\",\"url\":\"https:\/\/portalnpm.com\/wp-content\/uploads\/2024\/01\/P40G-IMG-5e1de0713b00de262c.jpg\",\"contentUrl\":\"https:\/\/portalnpm.com\/wp-content\/uploads\/2024\/01\/P40G-IMG-5e1de0713b00de262c.jpg\",\"width\":640,\"height\":502},{\"@type\":\"BreadcrumbList\",\"@id\":\"https:\/\/portalnpm.com\/index.php\/2021\/06\/20\/gerente-do-supermercado-mercantil-sertanejo-morre-vitima-da-covid-19-em-picos\/#breadcrumb\",\"itemListElement\":[{\"@type\":\"ListItem\",\"position\":1,\"name\":\"In\u00edcio\",\"item\":\"https:\/\/portalnpm.com\/\"},{\"@type\":\"ListItem\",\"position\":2,\"name\":\"Gerente do supermercado Mercantil Sertanejo morre v\u00edtima da covid-19 em Picos\"}]},{\"@type\":\"WebSite\",\"@id\":\"https:\/\/portalnpm.com\/#website\",\"url\":\"https:\/\/portalnpm.com\/\",\"name\":\"Portal NPM\",\"description\":\"Not\u00edcias em Primeira M\u00e3o\",\"potentialAction\":[{\"@type\":\"SearchAction\",\"target\":{\"@type\":\"EntryPoint\",\"urlTemplate\":\"https:\/\/portalnpm.com\/?s={search_term_string}\"},\"query-input\":\"required name=search_term_string\"}],\"inLanguage\":\"pt-BR\"},{\"@type\":\"Person\",\"@id\":\"https:\/\/portalnpm.com\/#\/schema\/person\/49313e563cfdefcc167f1ee4c017c294\",\"name\":\"Genival Barbosa\",\"image\":{\"@type\":\"ImageObject\",\"inLanguage\":\"pt-BR\",\"@id\":\"https:\/\/portalnpm.com\/#\/schema\/person\/image\/\",\"url\":\"https:\/\/portalnpm.com\/wp-content\/uploads\/2024\/02\/avatar_user_2_1707743258-96x96.jpeg\",\"contentUrl\":\"https:\/\/portalnpm.com\/wp-content\/uploads\/2024\/02\/avatar_user_2_1707743258-96x96.jpeg\",\"caption\":\"Genival Barbosa\"},\"url\":\"https:\/\/portalnpm.com\/index.php\/author\/genival\/\"}]}<\/script>\n<!-- \/ Yoast SEO plugin. -->","yoast_head_json":{"title":"Gerente do supermercado Mercantil Sertanejo morre v\u00edtima da covid-19 em Picos","robots":{"index":"index","follow":"follow","max-snippet":"max-snippet:-1","max-image-preview":"max-image-preview:large","max-video-preview":"max-video-preview:-1"},"canonical":"https:\/\/portalnpm.com\/index.php\/2021\/06\/20\/gerente-do-supermercado-mercantil-sertanejo-morre-vitima-da-covid-19-em-picos\/","og_locale":"pt_BR","og_type":"article","og_title":"Gerente do supermercado Mercantil Sertanejo morre v\u00edtima da covid-19 em Picos","og_description":"A pandemia do novo coronav\u00edrus provocou a perda de mais uma vida no munic\u00edpio picoense. A v\u00edtima foi o gerente do supermercado Mercantil Sertanejo, Ant\u00f4nio Pedro da Rocha, de 53 anos, que era mais conhecido como \u201cKakin\u201d. De acordo com informa\u00e7\u00f5es de familiares, Ant\u00f4nio Pedro, estava se tratando da covid-19, internado no Hospital Regional Justino &hellip;","og_url":"https:\/\/portalnpm.com\/index.php\/2021\/06\/20\/gerente-do-supermercado-mercantil-sertanejo-morre-vitima-da-covid-19-em-picos\/","og_site_name":"Portal NPM","article_published_time":"2021-06-20T12:32:16+00:00","og_image":[{"width":640,"height":502,"url":"https:\/\/portalnpm.com\/wp-content\/uploads\/2024\/01\/P40G-IMG-5e1de0713b00de262c.jpg","type":"image\/jpeg"}],"author":"Genival Barbosa","twitter_card":"summary_large_image","twitter_misc":{"Escrito por":"Genival Barbosa","Est. tempo de leitura":"1 minuto"},"schema":{"@context":"https:\/\/schema.org","@graph":[{"@type":"WebPage","@id":"https:\/\/portalnpm.com\/index.php\/2021\/06\/20\/gerente-do-supermercado-mercantil-sertanejo-morre-vitima-da-covid-19-em-picos\/","url":"https:\/\/portalnpm.com\/index.php\/2021\/06\/20\/gerente-do-supermercado-mercantil-sertanejo-morre-vitima-da-covid-19-em-picos\/","name":"Gerente do supermercado Mercantil Sertanejo morre v\u00edtima da covid-19 em Picos","isPartOf":{"@id":"https:\/\/portalnpm.com\/#website"},"primaryImageOfPage":{"@id":"https:\/\/portalnpm.com\/index.php\/2021\/06\/20\/gerente-do-supermercado-mercantil-sertanejo-morre-vitima-da-covid-19-em-picos\/#primaryimage"},"image":{"@id":"https:\/\/portalnpm.com\/index.php\/2021\/06\/20\/gerente-do-supermercado-mercantil-sertanejo-morre-vitima-da-covid-19-em-picos\/#primaryimage"},"thumbnailUrl":"https:\/\/portalnpm.com\/wp-content\/uploads\/2024\/01\/P40G-IMG-5e1de0713b00de262c.jpg","datePublished":"2021-06-20T12:32:16+00:00","dateModified":"2021-06-20T12:32:16+00:00","author":{"@id":"https:\/\/portalnpm.com\/#\/schema\/person\/49313e563cfdefcc167f1ee4c017c294"},"breadcrumb":{"@id":"https:\/\/portalnpm.com\/index.php\/2021\/06\/20\/gerente-do-supermercado-mercantil-sertanejo-morre-vitima-da-covid-19-em-picos\/#breadcrumb"},"inLanguage":"pt-BR","potentialAction":[{"@type":"ReadAction","target":["https:\/\/portalnpm.com\/index.php\/2021\/06\/20\/gerente-do-supermercado-mercantil-sertanejo-morre-vitima-da-covid-19-em-picos\/"]}]},{"@type":"ImageObject","inLanguage":"pt-BR","@id":"https:\/\/portalnpm.com\/index.php\/2021\/06\/20\/gerente-do-supermercado-mercantil-sertanejo-morre-vitima-da-covid-19-em-picos\/#primaryimage","url":"https:\/\/portalnpm.com\/wp-content\/uploads\/2024\/01\/P40G-IMG-5e1de0713b00de262c.jpg","contentUrl":"https:\/\/portalnpm.com\/wp-content\/uploads\/2024\/01\/P40G-IMG-5e1de0713b00de262c.jpg","width":640,"height":502},{"@type":"BreadcrumbList","@id":"https:\/\/portalnpm.com\/index.php\/2021\/06\/20\/gerente-do-supermercado-mercantil-sertanejo-morre-vitima-da-covid-19-em-picos\/#breadcrumb","itemListElement":[{"@type":"ListItem","position":1,"name":"In\u00edcio","item":"https:\/\/portalnpm.com\/"},{"@type":"ListItem","position":2,"name":"Gerente do supermercado Mercantil Sertanejo morre v\u00edtima da covid-19 em Picos"}]},{"@type":"WebSite","@id":"https:\/\/portalnpm.com\/#website","url":"https:\/\/portalnpm.com\/","name":"Portal NPM","description":"Not\u00edcias em Primeira M\u00e3o","potentialAction":[{"@type":"SearchAction","target":{"@type":"EntryPoint","urlTemplate":"https:\/\/portalnpm.com\/?s={search_term_string}"},"query-input":"required name=search_term_string"}],"inLanguage":"pt-BR"},{"@type":"Person","@id":"https:\/\/portalnpm.com\/#\/schema\/person\/49313e563cfdefcc167f1ee4c017c294","name":"Genival Barbosa","image":{"@type":"ImageObject","inLanguage":"pt-BR","@id":"https:\/\/portalnpm.com\/#\/schema\/person\/image\/","url":"https:\/\/portalnpm.com\/wp-content\/uploads\/2024\/02\/avatar_user_2_1707743258-96x96.jpeg","contentUrl":"https:\/\/portalnpm.com\/wp-content\/uploads\/2024\/02\/avatar_user_2_1707743258-96x96.jpeg","caption":"Genival Barbosa"},"url":"https:\/\/portalnpm.com\/index.php\/author\/genival\/"}]}},"jetpack_sharing_enabled":true,"jetpack_featured_media_url":"https:\/\/portalnpm.com\/wp-content\/uploads\/2024\/01\/P40G-IMG-5e1de0713b00de262c.jpg","_links":{"self":[{"href":"https:\/\/portalnpm.com\/index.php\/wp-json\/wp\/v2\/posts\/65628"}],"collection":[{"href":"https:\/\/portalnpm.com\/index.php\/wp-json\/wp\/v2\/posts"}],"about":[{"href":"https:\/\/portalnpm.com\/index.php\/wp-json\/wp\/v2\/types\/post"}],"author":[{"embeddable":true,"href":"https:\/\/portalnpm.com\/index.php\/wp-json\/wp\/v2\/users\/2"}],"replies":[{"embeddable":true,"href":"https:\/\/portalnpm.com\/index.php\/wp-json\/wp\/v2\/comments?post=65628"}],"version-history":[{"count":0,"href":"https:\/\/portalnpm.com\/index.php\/wp-json\/wp\/v2\/posts\/65628\/revisions"}],"wp:featuredmedia":[{"embeddable":true,"href":"https:\/\/portalnpm.com\/index.php\/wp-json\/wp\/v2\/media\/65629"}],"wp:attachment":[{"href":"https:\/\/portalnpm.com\/index.php\/wp-json\/wp\/v2\/media?parent=65628"}],"wp:term":[{"taxonomy":"category","embeddable":true,"href":"https:\/\/portalnpm.com\/index.php\/wp-json\/wp\/v2\/categories?post=65628"},{"taxonomy":"post_tag","embeddable":true,"href":"https:\/\/portalnpm.com\/index.php\/wp-json\/wp\/v2\/tags?post=65628"}],"curies":[{"name":"wp","href":"https:\/\/api.w.org\/{rel}","templated":true}]}}