{"id":6577,"date":"2019-03-27T14:39:09","date_gmt":"2019-03-27T17:39:09","guid":{"rendered":"http:\/\/srv.portalnpm.com.br\/?p=6577"},"modified":"2019-03-27T14:39:09","modified_gmt":"2019-03-27T17:39:09","slug":"caminhoneiros-discutem-possibilidade-de-nova-paralisacao-no-brasil","status":"publish","type":"post","link":"https:\/\/portalnpm.com\/index.php\/2019\/03\/27\/caminhoneiros-discutem-possibilidade-de-nova-paralisacao-no-brasil\/","title":{"rendered":"Caminhoneiros discutem possibilidade de nova paralisa\u00e7\u00e3o no Brasil"},"content":{"rendered":"<p style=\"text-align: justify;\" align=\"left\">O Sindicato de Transportes de Cargas do Piau\u00ed est\u00e1 participando das reuni\u00f5es que discutem a proposta de paralisa\u00e7\u00e3o das atividades dos caminhoneiros. A data prevista \u00e9 o dia 30 de mar\u00e7o, pr\u00f3ximo s\u00e1bado.<\/p>\n<p style=\"text-align: justify;\" align=\"left\">A rep\u00f3rter Suzy Sousa conversou com o presidente do sindicato da categoria, Humberto Lopes, que explicou que os principais compromissos definidos pelo ex-presidente do Brasil, Michel Temer, n\u00e3o est\u00e3o sendo cumpridos. \u201cRealmente eles est\u00e3o se articulando, fadiga total na \u00e1rea dos carreteiros e eles est\u00e3o programando uma paralisa\u00e7\u00e3o. Mas, ainda nada de concreto no nosso setor\u201d, disse.<\/p>\n<p style=\"text-align: justify;\" align=\"left\">O presidente disse tamb\u00e9m que o governo foi informado sobre o movimento de paralisa\u00e7\u00e3o. \u201cEstou indo a Bras\u00edlia agora para tratar desse assunto mas, o Governo j\u00e1 se antecipou com algumas medidas que \u00e9 o que realmente eles est\u00e3o querendo que \u00e9 a pol\u00edtica do pre\u00e7o dos combust\u00edveis que n\u00e3o tem como acompanhar e a tabela do frete m\u00ednimo\u201d, concluiu.<\/p>\n<p style=\"text-align: justify;\" align=\"left\">A \u00faltima greve dos caminhoneiros aconteceu em maio de 2018 e durou cerca de 20 dias.<\/p>\n<figure id=\"attachment_6578\" aria-describedby=\"caption-attachment-6578\" style=\"width: 300px\" class=\"wp-caption alignnone\"><img fetchpriority=\"high\" decoding=\"async\" class=\"size-medium wp-image-6578\" src=\"http:\/\/portalnpm.com\/wp-content\/uploads\/2019\/03\/ad403690-2f39-4bd0-b4d8-0304789dcad4-7173e75f-6a67-404d-8993-fa7e1c062db2-300x241.jpg\" alt=\"\" width=\"300\" height=\"241\" \/><figcaption id=\"caption-attachment-6578\" class=\"wp-caption-text\">Presidente do Sindicato de Transportes de Cargas do Piau\u00ed<\/figcaption><\/figure>\n<p style=\"text-align: justify;\" align=\"left\"><strong>FONTE: Meio Norte\u00a0<\/strong><\/p>\n","protected":false},"excerpt":{"rendered":"<p>O Sindicato de Transportes de Cargas do Piau\u00ed est\u00e1 participando das reuni\u00f5es que discutem a proposta de paralisa\u00e7\u00e3o das atividades dos caminhoneiros. A data prevista \u00e9 o dia 30 de mar\u00e7o, pr\u00f3ximo s\u00e1bado. A rep\u00f3rter Suzy Sousa conversou com o presidente do sindicato da categoria, Humberto Lopes, que explicou que os principais compromissos definidos pelo &hellip;<\/p>\n","protected":false},"author":4,"featured_media":6579,"comment_status":"open","ping_status":"open","sticky":false,"template":"","format":"standard","meta":{"content-type":"","rop_custom_images_group":[],"rop_custom_messages_group":[],"rop_publish_now":"initial","rop_publish_now_accounts":{"facebook_2648258775420054_1618374048415101":""},"rop_publish_now_history":[],"rop_publish_now_status":"pending","footnotes":"","_jetpack_memberships_contains_paid_content":false},"categories":[118],"tags":[674,2516,1478,2494,2517],"yoast_head":"<!-- This site is optimized with the Yoast SEO plugin v22.3 - https:\/\/yoast.com\/wordpress\/plugins\/seo\/ -->\n<title>Caminhoneiros discutem possibilidade de nova paralisa\u00e7\u00e3o no Brasil - Portal NPM<\/title>\n<meta name=\"robots\" content=\"index, follow, max-snippet:-1, max-image-preview:large, max-video-preview:-1\" \/>\n<link rel=\"canonical\" href=\"https:\/\/portalnpm.com\/index.php\/2019\/03\/27\/caminhoneiros-discutem-possibilidade-de-nova-paralisacao-no-brasil\/\" \/>\n<meta property=\"og:locale\" content=\"pt_BR\" \/>\n<meta property=\"og:type\" content=\"article\" \/>\n<meta property=\"og:title\" content=\"Caminhoneiros discutem possibilidade de nova paralisa\u00e7\u00e3o no Brasil - Portal NPM\" \/>\n<meta property=\"og:description\" content=\"O Sindicato de Transportes de Cargas do Piau\u00ed est\u00e1 participando das reuni\u00f5es que discutem a proposta de paralisa\u00e7\u00e3o das atividades dos caminhoneiros. A data prevista \u00e9 o dia 30 de mar\u00e7o, pr\u00f3ximo s\u00e1bado. A rep\u00f3rter Suzy Sousa conversou com o presidente do sindicato da categoria, Humberto Lopes, que explicou que os principais compromissos definidos pelo &hellip;\" \/>\n<meta property=\"og:url\" content=\"https:\/\/portalnpm.com\/index.php\/2019\/03\/27\/caminhoneiros-discutem-possibilidade-de-nova-paralisacao-no-brasil\/\" \/>\n<meta property=\"og:site_name\" content=\"Portal NPM\" \/>\n<meta property=\"article:published_time\" content=\"2019-03-27T17:39:09+00:00\" \/>\n<meta name=\"author\" content=\"Reda\u00e7\u00e3o\" \/>\n<meta name=\"twitter:card\" content=\"summary_large_image\" \/>\n<meta name=\"twitter:label1\" content=\"Escrito por\" \/>\n\t<meta name=\"twitter:data1\" content=\"Reda\u00e7\u00e3o\" \/>\n\t<meta name=\"twitter:label2\" content=\"Est. tempo de leitura\" \/>\n\t<meta name=\"twitter:data2\" content=\"1 minuto\" \/>\n<script type=\"application\/ld+json\" class=\"yoast-schema-graph\">{\"@context\":\"https:\/\/schema.org\",\"@graph\":[{\"@type\":\"WebPage\",\"@id\":\"https:\/\/portalnpm.com\/index.php\/2019\/03\/27\/caminhoneiros-discutem-possibilidade-de-nova-paralisacao-no-brasil\/\",\"url\":\"https:\/\/portalnpm.com\/index.php\/2019\/03\/27\/caminhoneiros-discutem-possibilidade-de-nova-paralisacao-no-brasil\/\",\"name\":\"Caminhoneiros discutem possibilidade de nova paralisa\u00e7\u00e3o no Brasil - Portal NPM\",\"isPartOf\":{\"@id\":\"https:\/\/portalnpm.com\/#website\"},\"primaryImageOfPage\":{\"@id\":\"https:\/\/portalnpm.com\/index.php\/2019\/03\/27\/caminhoneiros-discutem-possibilidade-de-nova-paralisacao-no-brasil\/#primaryimage\"},\"image\":{\"@id\":\"https:\/\/portalnpm.com\/index.php\/2019\/03\/27\/caminhoneiros-discutem-possibilidade-de-nova-paralisacao-no-brasil\/#primaryimage\"},\"thumbnailUrl\":\"\",\"datePublished\":\"2019-03-27T17:39:09+00:00\",\"dateModified\":\"2019-03-27T17:39:09+00:00\",\"author\":{\"@id\":\"https:\/\/portalnpm.com\/#\/schema\/person\/0b5f230ec96cee25504fa328e7f2b733\"},\"breadcrumb\":{\"@id\":\"https:\/\/portalnpm.com\/index.php\/2019\/03\/27\/caminhoneiros-discutem-possibilidade-de-nova-paralisacao-no-brasil\/#breadcrumb\"},\"inLanguage\":\"pt-BR\",\"potentialAction\":[{\"@type\":\"ReadAction\",\"target\":[\"https:\/\/portalnpm.com\/index.php\/2019\/03\/27\/caminhoneiros-discutem-possibilidade-de-nova-paralisacao-no-brasil\/\"]}]},{\"@type\":\"ImageObject\",\"inLanguage\":\"pt-BR\",\"@id\":\"https:\/\/portalnpm.com\/index.php\/2019\/03\/27\/caminhoneiros-discutem-possibilidade-de-nova-paralisacao-no-brasil\/#primaryimage\",\"url\":\"\",\"contentUrl\":\"\"},{\"@type\":\"BreadcrumbList\",\"@id\":\"https:\/\/portalnpm.com\/index.php\/2019\/03\/27\/caminhoneiros-discutem-possibilidade-de-nova-paralisacao-no-brasil\/#breadcrumb\",\"itemListElement\":[{\"@type\":\"ListItem\",\"position\":1,\"name\":\"In\u00edcio\",\"item\":\"https:\/\/portalnpm.com\/\"},{\"@type\":\"ListItem\",\"position\":2,\"name\":\"Caminhoneiros discutem possibilidade de nova paralisa\u00e7\u00e3o no Brasil\"}]},{\"@type\":\"WebSite\",\"@id\":\"https:\/\/portalnpm.com\/#website\",\"url\":\"https:\/\/portalnpm.com\/\",\"name\":\"Portal NPM\",\"description\":\"Not\u00edcias em Primeira M\u00e3o\",\"potentialAction\":[{\"@type\":\"SearchAction\",\"target\":{\"@type\":\"EntryPoint\",\"urlTemplate\":\"https:\/\/portalnpm.com\/?s={search_term_string}\"},\"query-input\":\"required name=search_term_string\"}],\"inLanguage\":\"pt-BR\"},{\"@type\":\"Person\",\"@id\":\"https:\/\/portalnpm.com\/#\/schema\/person\/0b5f230ec96cee25504fa328e7f2b733\",\"name\":\"Reda\u00e7\u00e3o\",\"image\":{\"@type\":\"ImageObject\",\"inLanguage\":\"pt-BR\",\"@id\":\"https:\/\/portalnpm.com\/#\/schema\/person\/image\/\",\"url\":\"https:\/\/portalnpm.com\/wp-content\/uploads\/2024\/03\/avatar_user_4_1710097212-96x96.png\",\"contentUrl\":\"https:\/\/portalnpm.com\/wp-content\/uploads\/2024\/03\/avatar_user_4_1710097212-96x96.png\",\"caption\":\"Reda\u00e7\u00e3o\"},\"url\":\"https:\/\/portalnpm.com\/index.php\/author\/redacao\/\"}]}<\/script>\n<!-- \/ Yoast SEO plugin. -->","yoast_head_json":{"title":"Caminhoneiros discutem possibilidade de nova paralisa\u00e7\u00e3o no Brasil - Portal NPM","robots":{"index":"index","follow":"follow","max-snippet":"max-snippet:-1","max-image-preview":"max-image-preview:large","max-video-preview":"max-video-preview:-1"},"canonical":"https:\/\/portalnpm.com\/index.php\/2019\/03\/27\/caminhoneiros-discutem-possibilidade-de-nova-paralisacao-no-brasil\/","og_locale":"pt_BR","og_type":"article","og_title":"Caminhoneiros discutem possibilidade de nova paralisa\u00e7\u00e3o no Brasil - Portal NPM","og_description":"O Sindicato de Transportes de Cargas do Piau\u00ed est\u00e1 participando das reuni\u00f5es que discutem a proposta de paralisa\u00e7\u00e3o das atividades dos caminhoneiros. A data prevista \u00e9 o dia 30 de mar\u00e7o, pr\u00f3ximo s\u00e1bado. A rep\u00f3rter Suzy Sousa conversou com o presidente do sindicato da categoria, Humberto Lopes, que explicou que os principais compromissos definidos pelo &hellip;","og_url":"https:\/\/portalnpm.com\/index.php\/2019\/03\/27\/caminhoneiros-discutem-possibilidade-de-nova-paralisacao-no-brasil\/","og_site_name":"Portal NPM","article_published_time":"2019-03-27T17:39:09+00:00","author":"Reda\u00e7\u00e3o","twitter_card":"summary_large_image","twitter_misc":{"Escrito por":"Reda\u00e7\u00e3o","Est. tempo de leitura":"1 minuto"},"schema":{"@context":"https:\/\/schema.org","@graph":[{"@type":"WebPage","@id":"https:\/\/portalnpm.com\/index.php\/2019\/03\/27\/caminhoneiros-discutem-possibilidade-de-nova-paralisacao-no-brasil\/","url":"https:\/\/portalnpm.com\/index.php\/2019\/03\/27\/caminhoneiros-discutem-possibilidade-de-nova-paralisacao-no-brasil\/","name":"Caminhoneiros discutem possibilidade de nova paralisa\u00e7\u00e3o no Brasil - Portal NPM","isPartOf":{"@id":"https:\/\/portalnpm.com\/#website"},"primaryImageOfPage":{"@id":"https:\/\/portalnpm.com\/index.php\/2019\/03\/27\/caminhoneiros-discutem-possibilidade-de-nova-paralisacao-no-brasil\/#primaryimage"},"image":{"@id":"https:\/\/portalnpm.com\/index.php\/2019\/03\/27\/caminhoneiros-discutem-possibilidade-de-nova-paralisacao-no-brasil\/#primaryimage"},"thumbnailUrl":"","datePublished":"2019-03-27T17:39:09+00:00","dateModified":"2019-03-27T17:39:09+00:00","author":{"@id":"https:\/\/portalnpm.com\/#\/schema\/person\/0b5f230ec96cee25504fa328e7f2b733"},"breadcrumb":{"@id":"https:\/\/portalnpm.com\/index.php\/2019\/03\/27\/caminhoneiros-discutem-possibilidade-de-nova-paralisacao-no-brasil\/#breadcrumb"},"inLanguage":"pt-BR","potentialAction":[{"@type":"ReadAction","target":["https:\/\/portalnpm.com\/index.php\/2019\/03\/27\/caminhoneiros-discutem-possibilidade-de-nova-paralisacao-no-brasil\/"]}]},{"@type":"ImageObject","inLanguage":"pt-BR","@id":"https:\/\/portalnpm.com\/index.php\/2019\/03\/27\/caminhoneiros-discutem-possibilidade-de-nova-paralisacao-no-brasil\/#primaryimage","url":"","contentUrl":""},{"@type":"BreadcrumbList","@id":"https:\/\/portalnpm.com\/index.php\/2019\/03\/27\/caminhoneiros-discutem-possibilidade-de-nova-paralisacao-no-brasil\/#breadcrumb","itemListElement":[{"@type":"ListItem","position":1,"name":"In\u00edcio","item":"https:\/\/portalnpm.com\/"},{"@type":"ListItem","position":2,"name":"Caminhoneiros discutem possibilidade de nova paralisa\u00e7\u00e3o no Brasil"}]},{"@type":"WebSite","@id":"https:\/\/portalnpm.com\/#website","url":"https:\/\/portalnpm.com\/","name":"Portal NPM","description":"Not\u00edcias em Primeira M\u00e3o","potentialAction":[{"@type":"SearchAction","target":{"@type":"EntryPoint","urlTemplate":"https:\/\/portalnpm.com\/?s={search_term_string}"},"query-input":"required name=search_term_string"}],"inLanguage":"pt-BR"},{"@type":"Person","@id":"https:\/\/portalnpm.com\/#\/schema\/person\/0b5f230ec96cee25504fa328e7f2b733","name":"Reda\u00e7\u00e3o","image":{"@type":"ImageObject","inLanguage":"pt-BR","@id":"https:\/\/portalnpm.com\/#\/schema\/person\/image\/","url":"https:\/\/portalnpm.com\/wp-content\/uploads\/2024\/03\/avatar_user_4_1710097212-96x96.png","contentUrl":"https:\/\/portalnpm.com\/wp-content\/uploads\/2024\/03\/avatar_user_4_1710097212-96x96.png","caption":"Reda\u00e7\u00e3o"},"url":"https:\/\/portalnpm.com\/index.php\/author\/redacao\/"}]}},"jetpack_sharing_enabled":true,"jetpack_featured_media_url":"","_links":{"self":[{"href":"https:\/\/portalnpm.com\/index.php\/wp-json\/wp\/v2\/posts\/6577"}],"collection":[{"href":"https:\/\/portalnpm.com\/index.php\/wp-json\/wp\/v2\/posts"}],"about":[{"href":"https:\/\/portalnpm.com\/index.php\/wp-json\/wp\/v2\/types\/post"}],"author":[{"embeddable":true,"href":"https:\/\/portalnpm.com\/index.php\/wp-json\/wp\/v2\/users\/4"}],"replies":[{"embeddable":true,"href":"https:\/\/portalnpm.com\/index.php\/wp-json\/wp\/v2\/comments?post=6577"}],"version-history":[{"count":0,"href":"https:\/\/portalnpm.com\/index.php\/wp-json\/wp\/v2\/posts\/6577\/revisions"}],"wp:featuredmedia":[{"embeddable":true,"href":"https:\/\/portalnpm.com\/index.php\/wp-json\/"}],"wp:attachment":[{"href":"https:\/\/portalnpm.com\/index.php\/wp-json\/wp\/v2\/media?parent=6577"}],"wp:term":[{"taxonomy":"category","embeddable":true,"href":"https:\/\/portalnpm.com\/index.php\/wp-json\/wp\/v2\/categories?post=6577"},{"taxonomy":"post_tag","embeddable":true,"href":"https:\/\/portalnpm.com\/index.php\/wp-json\/wp\/v2\/tags?post=6577"}],"curies":[{"name":"wp","href":"https:\/\/api.w.org\/{rel}","templated":true}]}}