{"id":65771,"date":"2021-06-22T10:45:08","date_gmt":"2021-06-22T13:45:08","guid":{"rendered":"https:\/\/portalnpm.com\/index.php\/2021\/06\/22\/ciro-nogueira-anuncia-filiacao-do-ex-governador-ze-filho-ao-pp-vai-ser-prioridade\/"},"modified":"2024-01-15T23:27:59","modified_gmt":"2024-01-16T02:27:59","slug":"ciro-nogueira-anuncia-filiacao-do-ex-governador-ze-filho-ao-pp-vai-ser-prioridade","status":"publish","type":"post","link":"https:\/\/portalnpm.com\/index.php\/2021\/06\/22\/ciro-nogueira-anuncia-filiacao-do-ex-governador-ze-filho-ao-pp-vai-ser-prioridade\/","title":{"rendered":"Ciro Nogueira anuncia filia\u00e7\u00e3o do ex-governador Z\u00e9 Filho ao PP: &#8216;Vai ser prioridade&#8217;"},"content":{"rendered":"<p><p style=\"text-align: justify;\">O senador Ciro Nogueira anunciou nesta segunda feira&nbsp;(21\/06) que o ex-governador Z&eacute; Filho vai se&nbsp;filiar ao Progressistas.<\/p>\n<p style=\"text-align: justify;\">O ex-governador Z&eacute; Filho j&aacute; tinha uma passagem hist&oacute;rica&nbsp;pelo MDB e na &uacute;ltima elei&ccedil;&atilde;o disputou uma vaga de deputado estadual pelo PSDB, mas foi derrotado.<\/p>\n<div class=\"media js-img\" style=\"text-align: justify;\" contenteditable=\"false\">\n<figure><a class=\"imageRevael no-barba\" href=\"https:\/\/storage.stwonline.com.br\/180graus\/uploads\/ckeditor\/pictures\/2458105\/3.jpg\" data-modaal-desc=\"\" data-modaal-scope=\"modaal_1624369414591efda02ee9990f\"><img decoding=\"async\" src=\"https:\/\/portalnpm.com\/wp-content\/uploads\/2018\/07\/amauri3.jpg\" alt=\"\"><\/a><\/figure>\n<\/div>\n<p style=\"text-align: justify;\">&#8220;&Eacute; com muito prazer que anuncio a filia&ccedil;&atilde;o do ex-governador Z&eacute; Filho ao nosso Progressistas. Um nome que tem marcas de trabalho e de resultados para todos os piauienses. Bem vindo &agrave; Fam&iacute;lia Progressista&#8221;, postou Ciro.<\/p>\n<p style=\"text-align: justify;\">Ciro disse que Z&eacute; Filho &eacute; pr&eacute;-candidato a deputado estadual e ser&aacute; uma das prioridades do partido.<\/p>\n<p style=\"text-align: justify;\"><strong>Veja o v&iacute;deo:<\/strong><\/p>\n<div class=\"media is-Thirdparty js-thirdparty\" style=\"text-align: justify;\" contenteditable=\"false\"><iframe id=\"instagram-embed-0\" class=\"instagram-media instagram-media-rendered\" src=\"https:\/\/www.instagram.com\/p\/CQYzMFUpPnw\/embed\/captioned\/?cr=1&amp;v=13&amp;wp=647&amp;rd=https%3A%2F%2F180graus.com&amp;rp=%2Fna-politica%2Fciro-nogueira-anuncia-filiacao-do-ex-governador-ze-filho-ao-pp-vai-ser-prioridade#%7B%22ci%22%3A0%2C%22os%22%3A3641.699999988079%7D\" height=\"825\" frameborder=\"0\" scrolling=\"no\" allowfullscreen=\"allowfullscreen\" data-instgrm-preserve-position=\"relative\" data-instgrm-payload-id=\"instagram-media-payload-0\" data-mce-fragment=\"1\"><\/iframe><\/div>\n<p style=\"text-align: justify;\">\n<div class=\"ad\" style=\"text-align: justify;\"><span class=\"label\">Por 180 Graus&nbsp;<\/span><\/div><\/p>\n","protected":false},"excerpt":{"rendered":"<p>O senador Ciro Nogueira anunciou nesta segunda feira&nbsp;(21\/06) que o ex-governador Z&eacute; Filho vai se&nbsp;filiar ao Progressistas. O ex-governador Z&eacute; Filho j&aacute; tinha uma passagem hist&oacute;rica&nbsp;pelo MDB e na &uacute;ltima elei&ccedil;&atilde;o disputou uma vaga de deputado estadual pelo PSDB, mas foi derrotado. &#8220;&Eacute; com muito prazer que anuncio a filia&ccedil;&atilde;o do ex-governador Z&eacute; Filho ao &hellip;<\/p>\n","protected":false},"author":2,"featured_media":1014,"comment_status":"open","ping_status":"open","sticky":false,"template":"","format":"standard","meta":{"content-type":"","rop_custom_images_group":[],"rop_custom_messages_group":[],"rop_publish_now":"initial","rop_publish_now_accounts":{"facebook_2648258775420054_1618374048415101":""},"rop_publish_now_history":[],"rop_publish_now_status":"pending","footnotes":"","_jetpack_memberships_contains_paid_content":false},"categories":[188,130],"tags":[3228,1374,3729],"yoast_head":"<!-- This site is optimized with the Yoast SEO plugin v22.3 - https:\/\/yoast.com\/wordpress\/plugins\/seo\/ -->\n<title>Ciro Nogueira anuncia filia\u00e7\u00e3o do ex-governador Z\u00e9 Filho ao PP: &#039;Vai ser prioridade&#039;<\/title>\n<meta name=\"robots\" content=\"index, follow, max-snippet:-1, max-image-preview:large, max-video-preview:-1\" \/>\n<link rel=\"canonical\" href=\"https:\/\/portalnpm.com\/index.php\/2021\/06\/22\/ciro-nogueira-anuncia-filiacao-do-ex-governador-ze-filho-ao-pp-vai-ser-prioridade\/\" \/>\n<meta property=\"og:locale\" content=\"pt_BR\" \/>\n<meta property=\"og:type\" content=\"article\" \/>\n<meta property=\"og:title\" content=\"Ciro Nogueira anuncia filia\u00e7\u00e3o do ex-governador Z\u00e9 Filho ao PP: &#039;Vai ser prioridade&#039;\" \/>\n<meta property=\"og:description\" content=\"O senador Ciro Nogueira anunciou nesta segunda feira&nbsp;(21\/06) que o ex-governador Z&eacute; Filho vai se&nbsp;filiar ao Progressistas. O ex-governador Z&eacute; Filho j&aacute; tinha uma passagem hist&oacute;rica&nbsp;pelo MDB e na &uacute;ltima elei&ccedil;&atilde;o disputou uma vaga de deputado estadual pelo PSDB, mas foi derrotado. &#8220;&Eacute; com muito prazer que anuncio a filia&ccedil;&atilde;o do ex-governador Z&eacute; Filho ao &hellip;\" \/>\n<meta property=\"og:url\" content=\"https:\/\/portalnpm.com\/index.php\/2021\/06\/22\/ciro-nogueira-anuncia-filiacao-do-ex-governador-ze-filho-ao-pp-vai-ser-prioridade\/\" \/>\n<meta property=\"og:site_name\" content=\"Portal NPM\" \/>\n<meta property=\"article:published_time\" content=\"2021-06-22T13:45:08+00:00\" \/>\n<meta property=\"article:modified_time\" content=\"2024-01-16T02:27:59+00:00\" \/>\n<meta property=\"og:image\" content=\"https:\/\/portalnpm.com\/wp-content\/uploads\/2018\/08\/aber13-1.jpg\" \/>\n\t<meta property=\"og:image:width\" content=\"280\" \/>\n\t<meta property=\"og:image:height\" content=\"200\" \/>\n\t<meta property=\"og:image:type\" content=\"image\/jpeg\" \/>\n<meta name=\"author\" content=\"Genival Barbosa\" \/>\n<meta name=\"twitter:card\" content=\"summary_large_image\" \/>\n<meta name=\"twitter:label1\" content=\"Escrito por\" \/>\n\t<meta name=\"twitter:data1\" content=\"Genival Barbosa\" \/>\n\t<meta name=\"twitter:label2\" content=\"Est. tempo de leitura\" \/>\n\t<meta name=\"twitter:data2\" content=\"1 minuto\" \/>\n<script type=\"application\/ld+json\" class=\"yoast-schema-graph\">{\"@context\":\"https:\/\/schema.org\",\"@graph\":[{\"@type\":\"WebPage\",\"@id\":\"https:\/\/portalnpm.com\/index.php\/2021\/06\/22\/ciro-nogueira-anuncia-filiacao-do-ex-governador-ze-filho-ao-pp-vai-ser-prioridade\/\",\"url\":\"https:\/\/portalnpm.com\/index.php\/2021\/06\/22\/ciro-nogueira-anuncia-filiacao-do-ex-governador-ze-filho-ao-pp-vai-ser-prioridade\/\",\"name\":\"Ciro Nogueira anuncia filia\u00e7\u00e3o do ex-governador Z\u00e9 Filho ao PP: 'Vai ser prioridade'\",\"isPartOf\":{\"@id\":\"https:\/\/portalnpm.com\/#website\"},\"primaryImageOfPage\":{\"@id\":\"https:\/\/portalnpm.com\/index.php\/2021\/06\/22\/ciro-nogueira-anuncia-filiacao-do-ex-governador-ze-filho-ao-pp-vai-ser-prioridade\/#primaryimage\"},\"image\":{\"@id\":\"https:\/\/portalnpm.com\/index.php\/2021\/06\/22\/ciro-nogueira-anuncia-filiacao-do-ex-governador-ze-filho-ao-pp-vai-ser-prioridade\/#primaryimage\"},\"thumbnailUrl\":\"https:\/\/portalnpm.com\/wp-content\/uploads\/2018\/08\/aber13-1.jpg\",\"datePublished\":\"2021-06-22T13:45:08+00:00\",\"dateModified\":\"2024-01-16T02:27:59+00:00\",\"author\":{\"@id\":\"https:\/\/portalnpm.com\/#\/schema\/person\/49313e563cfdefcc167f1ee4c017c294\"},\"breadcrumb\":{\"@id\":\"https:\/\/portalnpm.com\/index.php\/2021\/06\/22\/ciro-nogueira-anuncia-filiacao-do-ex-governador-ze-filho-ao-pp-vai-ser-prioridade\/#breadcrumb\"},\"inLanguage\":\"pt-BR\",\"potentialAction\":[{\"@type\":\"ReadAction\",\"target\":[\"https:\/\/portalnpm.com\/index.php\/2021\/06\/22\/ciro-nogueira-anuncia-filiacao-do-ex-governador-ze-filho-ao-pp-vai-ser-prioridade\/\"]}]},{\"@type\":\"ImageObject\",\"inLanguage\":\"pt-BR\",\"@id\":\"https:\/\/portalnpm.com\/index.php\/2021\/06\/22\/ciro-nogueira-anuncia-filiacao-do-ex-governador-ze-filho-ao-pp-vai-ser-prioridade\/#primaryimage\",\"url\":\"https:\/\/portalnpm.com\/wp-content\/uploads\/2018\/08\/aber13-1.jpg\",\"contentUrl\":\"https:\/\/portalnpm.com\/wp-content\/uploads\/2018\/08\/aber13-1.jpg\",\"width\":280,\"height\":200},{\"@type\":\"BreadcrumbList\",\"@id\":\"https:\/\/portalnpm.com\/index.php\/2021\/06\/22\/ciro-nogueira-anuncia-filiacao-do-ex-governador-ze-filho-ao-pp-vai-ser-prioridade\/#breadcrumb\",\"itemListElement\":[{\"@type\":\"ListItem\",\"position\":1,\"name\":\"In\u00edcio\",\"item\":\"https:\/\/portalnpm.com\/\"},{\"@type\":\"ListItem\",\"position\":2,\"name\":\"Ciro Nogueira anuncia filia\u00e7\u00e3o do ex-governador Z\u00e9 Filho ao PP: &#8216;Vai ser prioridade&#8217;\"}]},{\"@type\":\"WebSite\",\"@id\":\"https:\/\/portalnpm.com\/#website\",\"url\":\"https:\/\/portalnpm.com\/\",\"name\":\"Portal NPM\",\"description\":\"Not\u00edcias em Primeira M\u00e3o\",\"potentialAction\":[{\"@type\":\"SearchAction\",\"target\":{\"@type\":\"EntryPoint\",\"urlTemplate\":\"https:\/\/portalnpm.com\/?s={search_term_string}\"},\"query-input\":\"required name=search_term_string\"}],\"inLanguage\":\"pt-BR\"},{\"@type\":\"Person\",\"@id\":\"https:\/\/portalnpm.com\/#\/schema\/person\/49313e563cfdefcc167f1ee4c017c294\",\"name\":\"Genival Barbosa\",\"image\":{\"@type\":\"ImageObject\",\"inLanguage\":\"pt-BR\",\"@id\":\"https:\/\/portalnpm.com\/#\/schema\/person\/image\/\",\"url\":\"https:\/\/portalnpm.com\/wp-content\/uploads\/2024\/02\/avatar_user_2_1707743258-96x96.jpeg\",\"contentUrl\":\"https:\/\/portalnpm.com\/wp-content\/uploads\/2024\/02\/avatar_user_2_1707743258-96x96.jpeg\",\"caption\":\"Genival Barbosa\"},\"url\":\"https:\/\/portalnpm.com\/index.php\/author\/genival\/\"}]}<\/script>\n<!-- \/ Yoast SEO plugin. -->","yoast_head_json":{"title":"Ciro Nogueira anuncia filia\u00e7\u00e3o do ex-governador Z\u00e9 Filho ao PP: 'Vai ser prioridade'","robots":{"index":"index","follow":"follow","max-snippet":"max-snippet:-1","max-image-preview":"max-image-preview:large","max-video-preview":"max-video-preview:-1"},"canonical":"https:\/\/portalnpm.com\/index.php\/2021\/06\/22\/ciro-nogueira-anuncia-filiacao-do-ex-governador-ze-filho-ao-pp-vai-ser-prioridade\/","og_locale":"pt_BR","og_type":"article","og_title":"Ciro Nogueira anuncia filia\u00e7\u00e3o do ex-governador Z\u00e9 Filho ao PP: 'Vai ser prioridade'","og_description":"O senador Ciro Nogueira anunciou nesta segunda feira&nbsp;(21\/06) que o ex-governador Z&eacute; Filho vai se&nbsp;filiar ao Progressistas. O ex-governador Z&eacute; Filho j&aacute; tinha uma passagem hist&oacute;rica&nbsp;pelo MDB e na &uacute;ltima elei&ccedil;&atilde;o disputou uma vaga de deputado estadual pelo PSDB, mas foi derrotado. &#8220;&Eacute; com muito prazer que anuncio a filia&ccedil;&atilde;o do ex-governador Z&eacute; Filho ao &hellip;","og_url":"https:\/\/portalnpm.com\/index.php\/2021\/06\/22\/ciro-nogueira-anuncia-filiacao-do-ex-governador-ze-filho-ao-pp-vai-ser-prioridade\/","og_site_name":"Portal NPM","article_published_time":"2021-06-22T13:45:08+00:00","article_modified_time":"2024-01-16T02:27:59+00:00","og_image":[{"width":280,"height":200,"url":"https:\/\/portalnpm.com\/wp-content\/uploads\/2018\/08\/aber13-1.jpg","type":"image\/jpeg"}],"author":"Genival Barbosa","twitter_card":"summary_large_image","twitter_misc":{"Escrito por":"Genival Barbosa","Est. tempo de leitura":"1 minuto"},"schema":{"@context":"https:\/\/schema.org","@graph":[{"@type":"WebPage","@id":"https:\/\/portalnpm.com\/index.php\/2021\/06\/22\/ciro-nogueira-anuncia-filiacao-do-ex-governador-ze-filho-ao-pp-vai-ser-prioridade\/","url":"https:\/\/portalnpm.com\/index.php\/2021\/06\/22\/ciro-nogueira-anuncia-filiacao-do-ex-governador-ze-filho-ao-pp-vai-ser-prioridade\/","name":"Ciro Nogueira anuncia filia\u00e7\u00e3o do ex-governador Z\u00e9 Filho ao PP: 'Vai ser prioridade'","isPartOf":{"@id":"https:\/\/portalnpm.com\/#website"},"primaryImageOfPage":{"@id":"https:\/\/portalnpm.com\/index.php\/2021\/06\/22\/ciro-nogueira-anuncia-filiacao-do-ex-governador-ze-filho-ao-pp-vai-ser-prioridade\/#primaryimage"},"image":{"@id":"https:\/\/portalnpm.com\/index.php\/2021\/06\/22\/ciro-nogueira-anuncia-filiacao-do-ex-governador-ze-filho-ao-pp-vai-ser-prioridade\/#primaryimage"},"thumbnailUrl":"https:\/\/portalnpm.com\/wp-content\/uploads\/2018\/08\/aber13-1.jpg","datePublished":"2021-06-22T13:45:08+00:00","dateModified":"2024-01-16T02:27:59+00:00","author":{"@id":"https:\/\/portalnpm.com\/#\/schema\/person\/49313e563cfdefcc167f1ee4c017c294"},"breadcrumb":{"@id":"https:\/\/portalnpm.com\/index.php\/2021\/06\/22\/ciro-nogueira-anuncia-filiacao-do-ex-governador-ze-filho-ao-pp-vai-ser-prioridade\/#breadcrumb"},"inLanguage":"pt-BR","potentialAction":[{"@type":"ReadAction","target":["https:\/\/portalnpm.com\/index.php\/2021\/06\/22\/ciro-nogueira-anuncia-filiacao-do-ex-governador-ze-filho-ao-pp-vai-ser-prioridade\/"]}]},{"@type":"ImageObject","inLanguage":"pt-BR","@id":"https:\/\/portalnpm.com\/index.php\/2021\/06\/22\/ciro-nogueira-anuncia-filiacao-do-ex-governador-ze-filho-ao-pp-vai-ser-prioridade\/#primaryimage","url":"https:\/\/portalnpm.com\/wp-content\/uploads\/2018\/08\/aber13-1.jpg","contentUrl":"https:\/\/portalnpm.com\/wp-content\/uploads\/2018\/08\/aber13-1.jpg","width":280,"height":200},{"@type":"BreadcrumbList","@id":"https:\/\/portalnpm.com\/index.php\/2021\/06\/22\/ciro-nogueira-anuncia-filiacao-do-ex-governador-ze-filho-ao-pp-vai-ser-prioridade\/#breadcrumb","itemListElement":[{"@type":"ListItem","position":1,"name":"In\u00edcio","item":"https:\/\/portalnpm.com\/"},{"@type":"ListItem","position":2,"name":"Ciro Nogueira anuncia filia\u00e7\u00e3o do ex-governador Z\u00e9 Filho ao PP: &#8216;Vai ser prioridade&#8217;"}]},{"@type":"WebSite","@id":"https:\/\/portalnpm.com\/#website","url":"https:\/\/portalnpm.com\/","name":"Portal NPM","description":"Not\u00edcias em Primeira M\u00e3o","potentialAction":[{"@type":"SearchAction","target":{"@type":"EntryPoint","urlTemplate":"https:\/\/portalnpm.com\/?s={search_term_string}"},"query-input":"required name=search_term_string"}],"inLanguage":"pt-BR"},{"@type":"Person","@id":"https:\/\/portalnpm.com\/#\/schema\/person\/49313e563cfdefcc167f1ee4c017c294","name":"Genival Barbosa","image":{"@type":"ImageObject","inLanguage":"pt-BR","@id":"https:\/\/portalnpm.com\/#\/schema\/person\/image\/","url":"https:\/\/portalnpm.com\/wp-content\/uploads\/2024\/02\/avatar_user_2_1707743258-96x96.jpeg","contentUrl":"https:\/\/portalnpm.com\/wp-content\/uploads\/2024\/02\/avatar_user_2_1707743258-96x96.jpeg","caption":"Genival Barbosa"},"url":"https:\/\/portalnpm.com\/index.php\/author\/genival\/"}]}},"jetpack_sharing_enabled":true,"jetpack_featured_media_url":"https:\/\/portalnpm.com\/wp-content\/uploads\/2018\/08\/aber13-1.jpg","_links":{"self":[{"href":"https:\/\/portalnpm.com\/index.php\/wp-json\/wp\/v2\/posts\/65771"}],"collection":[{"href":"https:\/\/portalnpm.com\/index.php\/wp-json\/wp\/v2\/posts"}],"about":[{"href":"https:\/\/portalnpm.com\/index.php\/wp-json\/wp\/v2\/types\/post"}],"author":[{"embeddable":true,"href":"https:\/\/portalnpm.com\/index.php\/wp-json\/wp\/v2\/users\/2"}],"replies":[{"embeddable":true,"href":"https:\/\/portalnpm.com\/index.php\/wp-json\/wp\/v2\/comments?post=65771"}],"version-history":[{"count":1,"href":"https:\/\/portalnpm.com\/index.php\/wp-json\/wp\/v2\/posts\/65771\/revisions"}],"predecessor-version":[{"id":65778,"href":"https:\/\/portalnpm.com\/index.php\/wp-json\/wp\/v2\/posts\/65771\/revisions\/65778"}],"wp:featuredmedia":[{"embeddable":true,"href":"https:\/\/portalnpm.com\/index.php\/wp-json\/wp\/v2\/media\/1014"}],"wp:attachment":[{"href":"https:\/\/portalnpm.com\/index.php\/wp-json\/wp\/v2\/media?parent=65771"}],"wp:term":[{"taxonomy":"category","embeddable":true,"href":"https:\/\/portalnpm.com\/index.php\/wp-json\/wp\/v2\/categories?post=65771"},{"taxonomy":"post_tag","embeddable":true,"href":"https:\/\/portalnpm.com\/index.php\/wp-json\/wp\/v2\/tags?post=65771"}],"curies":[{"name":"wp","href":"https:\/\/api.w.org\/{rel}","templated":true}]}}