{"id":65809,"date":"2021-06-23T07:30:08","date_gmt":"2021-06-23T10:30:08","guid":{"rendered":"https:\/\/portalnpm.com\/index.php\/2021\/06\/23\/jovem-de-24-anos-e-assassinado-a-tiros-em-praca-na-cidade-de-belem-do-piaui\/"},"modified":"2024-01-15T23:28:43","modified_gmt":"2024-01-16T02:28:43","slug":"jovem-de-24-anos-e-assassinado-a-tiros-em-praca-na-cidade-de-belem-do-piaui","status":"publish","type":"post","link":"https:\/\/portalnpm.com\/index.php\/2021\/06\/23\/jovem-de-24-anos-e-assassinado-a-tiros-em-praca-na-cidade-de-belem-do-piaui\/","title":{"rendered":"Jovem de 24 anos \u00e9 assassinado a tiros em pra\u00e7a na cidade de Bel\u00e9m do Piau\u00ed"},"content":{"rendered":"<p><p class=\"p1\" style=\"text-align: justify;\"><span class=\"s1\">O munic&iacute;pio de Bel&eacute;m do Piau&iacute; localizado a cerca de 350 km da capital do estado, Teresina, registrou na madrugada desta quarta-feira, dia 23 de junho, o primeiro homic&iacute;dio do ano, o terceiro na hist&oacute;ria do munic&iacute;pio.<\/span><\/p>\n<div id=\"d_e275483692k1783892\" style=\"text-align: justify;\"><\/div>\n<p class=\"p1\" style=\"text-align: justify;\"><span class=\"s1\">Um jovem de 24 anos de idade, identificado como, H&eacute;lio Ribeiro Rodrigues, foi assassinado a tiros em uma pra&ccedil;a no centro da cidade, onde bebia com amigos.<\/span><\/p>\n<p class=\"p1\" style=\"text-align: justify;\"><span class=\"s1\">De acordo com informa&ccedil;&otilde;es preliminares, H&eacute;lio bebia com dois amigos, quando foi surpreendido por um homem em uma motocicleta encapuzado e de capacete, que se aproximou e efetuou v&aacute;rios disparos contra a v&iacute;tima.<\/span><\/p>\n<p style=\"text-align: justify;\"><a href=\"https:\/\/infonewss.com\/wp-content\/uploads\/2021\/06\/CB9E1FD2-15B8-469F-A5B8-257C6992855A-scaled.jpeg\"><img fetchpriority=\"high\" decoding=\"async\" class=\"alignnone size-full wp-image-183685 tie-appear lazyloaded\" src=\"https:\/\/portalnpm.com\/wp-content\/uploads\/2024\/01\/CB9E1FD2-15B8-469F-A5B8-257C6992855A-scaled.jpeg\" sizes=\"(max-width: 2560px) 100vw, 2560px\" srcset=\"https:\/\/infonewss.com\/wp-content\/uploads\/2021\/06\/CB9E1FD2-15B8-469F-A5B8-257C6992855A-scaled.jpeg 2560w, https:\/\/infonewss.com\/wp-content\/uploads\/2021\/06\/CB9E1FD2-15B8-469F-A5B8-257C6992855A-300x225.jpeg 300w, https:\/\/infonewss.com\/wp-content\/uploads\/2021\/06\/CB9E1FD2-15B8-469F-A5B8-257C6992855A-1024x768.jpeg 1024w, https:\/\/infonewss.com\/wp-content\/uploads\/2021\/06\/CB9E1FD2-15B8-469F-A5B8-257C6992855A-768x576.jpeg 768w, https:\/\/infonewss.com\/wp-content\/uploads\/2021\/06\/CB9E1FD2-15B8-469F-A5B8-257C6992855A-1536x1152.jpeg 1536w, https:\/\/infonewss.com\/wp-content\/uploads\/2021\/06\/CB9E1FD2-15B8-469F-A5B8-257C6992855A-2048x1536.jpeg 2048w\" alt=\"\" width=\"2560\" height=\"1920\" data-srcset=\"https:\/\/infonewss.com\/wp-content\/uploads\/2021\/06\/CB9E1FD2-15B8-469F-A5B8-257C6992855A-scaled.jpeg 2560w, https:\/\/infonewss.com\/wp-content\/uploads\/2021\/06\/CB9E1FD2-15B8-469F-A5B8-257C6992855A-300x225.jpeg 300w, https:\/\/infonewss.com\/wp-content\/uploads\/2021\/06\/CB9E1FD2-15B8-469F-A5B8-257C6992855A-1024x768.jpeg 1024w, https:\/\/infonewss.com\/wp-content\/uploads\/2021\/06\/CB9E1FD2-15B8-469F-A5B8-257C6992855A-768x576.jpeg 768w, https:\/\/infonewss.com\/wp-content\/uploads\/2021\/06\/CB9E1FD2-15B8-469F-A5B8-257C6992855A-1536x1152.jpeg 1536w, https:\/\/infonewss.com\/wp-content\/uploads\/2021\/06\/CB9E1FD2-15B8-469F-A5B8-257C6992855A-2048x1536.jpeg 2048w\" data-src=\"https:\/\/infonewss.com\/wp-content\/uploads\/2021\/06\/CB9E1FD2-15B8-469F-A5B8-257C6992855A-scaled.jpeg\" data-sizes=\"(max-width: 2560px) 100vw, 2560px\"><\/a><\/p>\n<div id=\"d_e630890702k2437102\" style=\"text-align: justify;\"><\/div>\n<p class=\"p1\" style=\"text-align: justify;\"><span class=\"s1\">Com os disparos, o jovem morreu ainda no local e o criminoso fugiu com destino desconhecido. At&eacute; o fechamento desta mat&eacute;ria n&atilde;o foi divulgada nenhuma informa&ccedil;&atilde;o sobre quem teria cometido o crime e o que teria motivado.<\/span><\/p>\n<p style=\"text-align: justify;\"><a href=\"https:\/\/infonewss.com\/wp-content\/uploads\/2021\/06\/72269F1C-4F2A-43C0-866D-7134CD701375-scaled.jpeg\"><img decoding=\"async\" class=\"alignnone size-full wp-image-183686 lazyloaded tie-appear\" src=\"https:\/\/portalnpm.com\/wp-content\/uploads\/2024\/01\/72269F1C-4F2A-43C0-866D-7134CD701375-scaled.jpeg\" sizes=\"(max-width: 2560px) 100vw, 2560px\" srcset=\"https:\/\/infonewss.com\/wp-content\/uploads\/2021\/06\/72269F1C-4F2A-43C0-866D-7134CD701375-scaled.jpeg 2560w, https:\/\/infonewss.com\/wp-content\/uploads\/2021\/06\/72269F1C-4F2A-43C0-866D-7134CD701375-300x225.jpeg 300w, https:\/\/infonewss.com\/wp-content\/uploads\/2021\/06\/72269F1C-4F2A-43C0-866D-7134CD701375-1024x768.jpeg 1024w, https:\/\/infonewss.com\/wp-content\/uploads\/2021\/06\/72269F1C-4F2A-43C0-866D-7134CD701375-768x576.jpeg 768w, https:\/\/infonewss.com\/wp-content\/uploads\/2021\/06\/72269F1C-4F2A-43C0-866D-7134CD701375-1536x1152.jpeg 1536w, https:\/\/infonewss.com\/wp-content\/uploads\/2021\/06\/72269F1C-4F2A-43C0-866D-7134CD701375-2048x1536.jpeg 2048w\" alt=\"\" width=\"2560\" height=\"1920\" data-srcset=\"https:\/\/infonewss.com\/wp-content\/uploads\/2021\/06\/72269F1C-4F2A-43C0-866D-7134CD701375-scaled.jpeg 2560w, https:\/\/infonewss.com\/wp-content\/uploads\/2021\/06\/72269F1C-4F2A-43C0-866D-7134CD701375-300x225.jpeg 300w, https:\/\/infonewss.com\/wp-content\/uploads\/2021\/06\/72269F1C-4F2A-43C0-866D-7134CD701375-1024x768.jpeg 1024w, https:\/\/infonewss.com\/wp-content\/uploads\/2021\/06\/72269F1C-4F2A-43C0-866D-7134CD701375-768x576.jpeg 768w, https:\/\/infonewss.com\/wp-content\/uploads\/2021\/06\/72269F1C-4F2A-43C0-866D-7134CD701375-1536x1152.jpeg 1536w, https:\/\/infonewss.com\/wp-content\/uploads\/2021\/06\/72269F1C-4F2A-43C0-866D-7134CD701375-2048x1536.jpeg 2048w\" data-src=\"https:\/\/infonewss.com\/wp-content\/uploads\/2021\/06\/72269F1C-4F2A-43C0-866D-7134CD701375-scaled.jpeg\" data-sizes=\"(max-width: 2560px) 100vw, 2560px\"><\/a><\/p>\n<div id=\"d_e237181603k8115872\" style=\"text-align: justify;\" data-io=\"0\" data-iw=\"367\" data-ih=\"367\"><\/div>\n<p class=\"p1\" style=\"text-align: justify;\"><span class=\"s1\">No local do acontecimento foram encontradas uma faca, c&aacute;psulas possivelmente da arma utilizada para praticar o assassinato, recipientes com bebida alc&oacute;olica e um r&aacute;dio.<\/span><\/p>\n<div id=\"d_e668572569k7341566\" style=\"text-align: justify;\"><\/div>\n<div id=\"gallery-1\" class=\"gallery galleryid-183681 gallery-columns-3 gallery-size-thumbnail\" style=\"text-align: justify;\">\n<figure class=\"gallery-item\">\n<div class=\"gallery-icon landscape\"><a href=\"https:\/\/infonewss.com\/jovem-de-24-anos-e-assassinado-a-tiros-em-praca-na-cidade-de-belem-do-piaui\/22f7f881-a03a-40b7-8654-dfb2d5e91290\/\"><img decoding=\"async\" class=\"attachment-thumbnail size-thumbnail lazyloaded tie-appear\" src=\"https:\/\/portalnpm.com\/wp-content\/uploads\/2024\/01\/22F7F881-A03A-40B7-8654-DFB2D5E91290-150x150.jpeg\" alt=\"\" width=\"150\" height=\"150\" data-src=\"https:\/\/infonewss.com\/wp-content\/uploads\/2021\/06\/22F7F881-A03A-40B7-8654-DFB2D5E91290-150x150.jpeg\"><\/a><\/div>\n<\/figure>\n<figure class=\"gallery-item\">\n<div class=\"gallery-icon landscape\"><a href=\"https:\/\/infonewss.com\/jovem-de-24-anos-e-assassinado-a-tiros-em-praca-na-cidade-de-belem-do-piaui\/25ef2647-1682-468f-8fd8-3e363178c40d\/\"><img loading=\"lazy\" decoding=\"async\" class=\"attachment-thumbnail size-thumbnail lazyloaded tie-appear\" src=\"https:\/\/portalnpm.com\/wp-content\/uploads\/2024\/01\/25EF2647-1682-468F-8FD8-3E363178C40D-150x150.jpeg\" alt=\"\" width=\"150\" height=\"150\" data-src=\"https:\/\/infonewss.com\/wp-content\/uploads\/2021\/06\/25EF2647-1682-468F-8FD8-3E363178C40D-150x150.jpeg\"><\/a><\/div>\n<\/figure>\n<figure class=\"gallery-item\">\n<div class=\"gallery-icon landscape\"><a href=\"https:\/\/infonewss.com\/jovem-de-24-anos-e-assassinado-a-tiros-em-praca-na-cidade-de-belem-do-piaui\/db89f9b7-bad8-47f3-93b9-27407180b587\/\"><img loading=\"lazy\" decoding=\"async\" class=\"attachment-thumbnail size-thumbnail lazyloaded tie-appear\" src=\"https:\/\/portalnpm.com\/wp-content\/uploads\/2024\/01\/DB89F9B7-BAD8-47F3-93B9-27407180B587-150x150.jpeg\" alt=\"\" width=\"150\" height=\"150\" data-src=\"https:\/\/infonewss.com\/wp-content\/uploads\/2021\/06\/DB89F9B7-BAD8-47F3-93B9-27407180B587-150x150.jpeg\"><\/a><\/div>\n<\/figure>\n<\/div>\n<p class=\"p1\" style=\"text-align: justify;\"><span class=\"s1\">Segundo informa&ccedil;&otilde;es do comandante do GPM de Bel&eacute;m, o Tenente Coelho, o crime ocorreu por volta das 12h30. &ldquo;Recebemos a not&iacute;cia, nos deslocamos ao local isolamos e acionamos a per&iacute;cia e a Delegacia de Homic&iacute;dios.&rdquo; Disse Coelho.<\/span><\/p>\n<p class=\"p1\" style=\"text-align: justify;\"><span class=\"s1\">A per&iacute;cia foi acionada e uma equipe do Instituto de Medicina Legal (IML), se deslocou ao local para a retirada do corpo, e realizar os procedimentos necess&aacute;rios. A autoria e a motiva&ccedil;&atilde;o do crime ser&atilde;o investigados pela Pol&iacute;cia Civil.<\/span><\/p>\n<div id=\"d_e326514752k780104\" style=\"text-align: justify;\"><\/div>\n<p style=\"text-align: justify;\">Fonte: <em><strong>InfoNewss<\/strong><\/em><\/p><\/p>\n","protected":false},"excerpt":{"rendered":"<p>O munic&iacute;pio de Bel&eacute;m do Piau&iacute; localizado a cerca de 350 km da capital do estado, Teresina, registrou na madrugada desta quarta-feira, dia 23 de junho, o primeiro homic&iacute;dio do ano, o terceiro na hist&oacute;ria do munic&iacute;pio. Um jovem de 24 anos de idade, identificado como, H&eacute;lio Ribeiro Rodrigues, foi assassinado a tiros em uma &hellip;<\/p>\n","protected":false},"author":2,"featured_media":34134,"comment_status":"open","ping_status":"open","sticky":false,"template":"","format":"standard","meta":{"content-type":"","rop_custom_images_group":[],"rop_custom_messages_group":[],"rop_publish_now":"initial","rop_publish_now_accounts":{"facebook_2648258775420054_1618374048415101":""},"rop_publish_now_history":[],"rop_publish_now_status":"pending","footnotes":"","_jetpack_memberships_contains_paid_content":false},"categories":[106,113,109,145],"tags":[2267,2910,172],"yoast_head":"<!-- This site is optimized with the Yoast SEO plugin v22.3 - https:\/\/yoast.com\/wordpress\/plugins\/seo\/ -->\n<title>Jovem de 24 anos \u00e9 assassinado a tiros em pra\u00e7a na cidade de Bel\u00e9m do Piau\u00ed<\/title>\n<meta name=\"robots\" content=\"index, follow, max-snippet:-1, max-image-preview:large, max-video-preview:-1\" \/>\n<link rel=\"canonical\" href=\"https:\/\/portalnpm.com\/index.php\/2021\/06\/23\/jovem-de-24-anos-e-assassinado-a-tiros-em-praca-na-cidade-de-belem-do-piaui\/\" \/>\n<meta property=\"og:locale\" content=\"pt_BR\" \/>\n<meta property=\"og:type\" content=\"article\" \/>\n<meta property=\"og:title\" content=\"Jovem de 24 anos \u00e9 assassinado a tiros em pra\u00e7a na cidade de Bel\u00e9m do Piau\u00ed\" \/>\n<meta property=\"og:description\" content=\"O munic&iacute;pio de Bel&eacute;m do Piau&iacute; localizado a cerca de 350 km da capital do estado, Teresina, registrou na madrugada desta quarta-feira, dia 23 de junho, o primeiro homic&iacute;dio do ano, o terceiro na hist&oacute;ria do munic&iacute;pio. Um jovem de 24 anos de idade, identificado como, H&eacute;lio Ribeiro Rodrigues, foi assassinado a tiros em uma &hellip;\" \/>\n<meta property=\"og:url\" content=\"https:\/\/portalnpm.com\/index.php\/2021\/06\/23\/jovem-de-24-anos-e-assassinado-a-tiros-em-praca-na-cidade-de-belem-do-piaui\/\" \/>\n<meta property=\"og:site_name\" content=\"Portal NPM\" \/>\n<meta property=\"article:published_time\" content=\"2021-06-23T10:30:08+00:00\" \/>\n<meta property=\"article:modified_time\" content=\"2024-01-16T02:28:43+00:00\" \/>\n<meta name=\"author\" content=\"Genival Barbosa\" \/>\n<meta name=\"twitter:card\" content=\"summary_large_image\" \/>\n<meta name=\"twitter:label1\" content=\"Escrito por\" \/>\n\t<meta name=\"twitter:data1\" content=\"Genival Barbosa\" \/>\n\t<meta name=\"twitter:label2\" content=\"Est. tempo de leitura\" \/>\n\t<meta name=\"twitter:data2\" content=\"3 minutos\" \/>\n<script type=\"application\/ld+json\" class=\"yoast-schema-graph\">{\"@context\":\"https:\/\/schema.org\",\"@graph\":[{\"@type\":\"WebPage\",\"@id\":\"https:\/\/portalnpm.com\/index.php\/2021\/06\/23\/jovem-de-24-anos-e-assassinado-a-tiros-em-praca-na-cidade-de-belem-do-piaui\/\",\"url\":\"https:\/\/portalnpm.com\/index.php\/2021\/06\/23\/jovem-de-24-anos-e-assassinado-a-tiros-em-praca-na-cidade-de-belem-do-piaui\/\",\"name\":\"Jovem de 24 anos \u00e9 assassinado a tiros em pra\u00e7a na cidade de Bel\u00e9m do Piau\u00ed\",\"isPartOf\":{\"@id\":\"https:\/\/portalnpm.com\/#website\"},\"primaryImageOfPage\":{\"@id\":\"https:\/\/portalnpm.com\/index.php\/2021\/06\/23\/jovem-de-24-anos-e-assassinado-a-tiros-em-praca-na-cidade-de-belem-do-piaui\/#primaryimage\"},\"image\":{\"@id\":\"https:\/\/portalnpm.com\/index.php\/2021\/06\/23\/jovem-de-24-anos-e-assassinado-a-tiros-em-praca-na-cidade-de-belem-do-piaui\/#primaryimage\"},\"thumbnailUrl\":\"\",\"datePublished\":\"2021-06-23T10:30:08+00:00\",\"dateModified\":\"2024-01-16T02:28:43+00:00\",\"author\":{\"@id\":\"https:\/\/portalnpm.com\/#\/schema\/person\/49313e563cfdefcc167f1ee4c017c294\"},\"breadcrumb\":{\"@id\":\"https:\/\/portalnpm.com\/index.php\/2021\/06\/23\/jovem-de-24-anos-e-assassinado-a-tiros-em-praca-na-cidade-de-belem-do-piaui\/#breadcrumb\"},\"inLanguage\":\"pt-BR\",\"potentialAction\":[{\"@type\":\"ReadAction\",\"target\":[\"https:\/\/portalnpm.com\/index.php\/2021\/06\/23\/jovem-de-24-anos-e-assassinado-a-tiros-em-praca-na-cidade-de-belem-do-piaui\/\"]}]},{\"@type\":\"ImageObject\",\"inLanguage\":\"pt-BR\",\"@id\":\"https:\/\/portalnpm.com\/index.php\/2021\/06\/23\/jovem-de-24-anos-e-assassinado-a-tiros-em-praca-na-cidade-de-belem-do-piaui\/#primaryimage\",\"url\":\"\",\"contentUrl\":\"\"},{\"@type\":\"BreadcrumbList\",\"@id\":\"https:\/\/portalnpm.com\/index.php\/2021\/06\/23\/jovem-de-24-anos-e-assassinado-a-tiros-em-praca-na-cidade-de-belem-do-piaui\/#breadcrumb\",\"itemListElement\":[{\"@type\":\"ListItem\",\"position\":1,\"name\":\"In\u00edcio\",\"item\":\"https:\/\/portalnpm.com\/\"},{\"@type\":\"ListItem\",\"position\":2,\"name\":\"Jovem de 24 anos \u00e9 assassinado a tiros em pra\u00e7a na cidade de Bel\u00e9m do Piau\u00ed\"}]},{\"@type\":\"WebSite\",\"@id\":\"https:\/\/portalnpm.com\/#website\",\"url\":\"https:\/\/portalnpm.com\/\",\"name\":\"Portal NPM\",\"description\":\"Not\u00edcias em Primeira M\u00e3o\",\"potentialAction\":[{\"@type\":\"SearchAction\",\"target\":{\"@type\":\"EntryPoint\",\"urlTemplate\":\"https:\/\/portalnpm.com\/?s={search_term_string}\"},\"query-input\":\"required name=search_term_string\"}],\"inLanguage\":\"pt-BR\"},{\"@type\":\"Person\",\"@id\":\"https:\/\/portalnpm.com\/#\/schema\/person\/49313e563cfdefcc167f1ee4c017c294\",\"name\":\"Genival Barbosa\",\"image\":{\"@type\":\"ImageObject\",\"inLanguage\":\"pt-BR\",\"@id\":\"https:\/\/portalnpm.com\/#\/schema\/person\/image\/\",\"url\":\"https:\/\/portalnpm.com\/wp-content\/uploads\/2024\/02\/avatar_user_2_1707743258-96x96.jpeg\",\"contentUrl\":\"https:\/\/portalnpm.com\/wp-content\/uploads\/2024\/02\/avatar_user_2_1707743258-96x96.jpeg\",\"caption\":\"Genival Barbosa\"},\"url\":\"https:\/\/portalnpm.com\/index.php\/author\/genival\/\"}]}<\/script>\n<!-- \/ Yoast SEO plugin. -->","yoast_head_json":{"title":"Jovem de 24 anos \u00e9 assassinado a tiros em pra\u00e7a na cidade de Bel\u00e9m do Piau\u00ed","robots":{"index":"index","follow":"follow","max-snippet":"max-snippet:-1","max-image-preview":"max-image-preview:large","max-video-preview":"max-video-preview:-1"},"canonical":"https:\/\/portalnpm.com\/index.php\/2021\/06\/23\/jovem-de-24-anos-e-assassinado-a-tiros-em-praca-na-cidade-de-belem-do-piaui\/","og_locale":"pt_BR","og_type":"article","og_title":"Jovem de 24 anos \u00e9 assassinado a tiros em pra\u00e7a na cidade de Bel\u00e9m do Piau\u00ed","og_description":"O munic&iacute;pio de Bel&eacute;m do Piau&iacute; localizado a cerca de 350 km da capital do estado, Teresina, registrou na madrugada desta quarta-feira, dia 23 de junho, o primeiro homic&iacute;dio do ano, o terceiro na hist&oacute;ria do munic&iacute;pio. Um jovem de 24 anos de idade, identificado como, H&eacute;lio Ribeiro Rodrigues, foi assassinado a tiros em uma &hellip;","og_url":"https:\/\/portalnpm.com\/index.php\/2021\/06\/23\/jovem-de-24-anos-e-assassinado-a-tiros-em-praca-na-cidade-de-belem-do-piaui\/","og_site_name":"Portal NPM","article_published_time":"2021-06-23T10:30:08+00:00","article_modified_time":"2024-01-16T02:28:43+00:00","author":"Genival Barbosa","twitter_card":"summary_large_image","twitter_misc":{"Escrito por":"Genival Barbosa","Est. tempo de leitura":"3 minutos"},"schema":{"@context":"https:\/\/schema.org","@graph":[{"@type":"WebPage","@id":"https:\/\/portalnpm.com\/index.php\/2021\/06\/23\/jovem-de-24-anos-e-assassinado-a-tiros-em-praca-na-cidade-de-belem-do-piaui\/","url":"https:\/\/portalnpm.com\/index.php\/2021\/06\/23\/jovem-de-24-anos-e-assassinado-a-tiros-em-praca-na-cidade-de-belem-do-piaui\/","name":"Jovem de 24 anos \u00e9 assassinado a tiros em pra\u00e7a na cidade de Bel\u00e9m do Piau\u00ed","isPartOf":{"@id":"https:\/\/portalnpm.com\/#website"},"primaryImageOfPage":{"@id":"https:\/\/portalnpm.com\/index.php\/2021\/06\/23\/jovem-de-24-anos-e-assassinado-a-tiros-em-praca-na-cidade-de-belem-do-piaui\/#primaryimage"},"image":{"@id":"https:\/\/portalnpm.com\/index.php\/2021\/06\/23\/jovem-de-24-anos-e-assassinado-a-tiros-em-praca-na-cidade-de-belem-do-piaui\/#primaryimage"},"thumbnailUrl":"","datePublished":"2021-06-23T10:30:08+00:00","dateModified":"2024-01-16T02:28:43+00:00","author":{"@id":"https:\/\/portalnpm.com\/#\/schema\/person\/49313e563cfdefcc167f1ee4c017c294"},"breadcrumb":{"@id":"https:\/\/portalnpm.com\/index.php\/2021\/06\/23\/jovem-de-24-anos-e-assassinado-a-tiros-em-praca-na-cidade-de-belem-do-piaui\/#breadcrumb"},"inLanguage":"pt-BR","potentialAction":[{"@type":"ReadAction","target":["https:\/\/portalnpm.com\/index.php\/2021\/06\/23\/jovem-de-24-anos-e-assassinado-a-tiros-em-praca-na-cidade-de-belem-do-piaui\/"]}]},{"@type":"ImageObject","inLanguage":"pt-BR","@id":"https:\/\/portalnpm.com\/index.php\/2021\/06\/23\/jovem-de-24-anos-e-assassinado-a-tiros-em-praca-na-cidade-de-belem-do-piaui\/#primaryimage","url":"","contentUrl":""},{"@type":"BreadcrumbList","@id":"https:\/\/portalnpm.com\/index.php\/2021\/06\/23\/jovem-de-24-anos-e-assassinado-a-tiros-em-praca-na-cidade-de-belem-do-piaui\/#breadcrumb","itemListElement":[{"@type":"ListItem","position":1,"name":"In\u00edcio","item":"https:\/\/portalnpm.com\/"},{"@type":"ListItem","position":2,"name":"Jovem de 24 anos \u00e9 assassinado a tiros em pra\u00e7a na cidade de Bel\u00e9m do Piau\u00ed"}]},{"@type":"WebSite","@id":"https:\/\/portalnpm.com\/#website","url":"https:\/\/portalnpm.com\/","name":"Portal NPM","description":"Not\u00edcias em Primeira M\u00e3o","potentialAction":[{"@type":"SearchAction","target":{"@type":"EntryPoint","urlTemplate":"https:\/\/portalnpm.com\/?s={search_term_string}"},"query-input":"required name=search_term_string"}],"inLanguage":"pt-BR"},{"@type":"Person","@id":"https:\/\/portalnpm.com\/#\/schema\/person\/49313e563cfdefcc167f1ee4c017c294","name":"Genival Barbosa","image":{"@type":"ImageObject","inLanguage":"pt-BR","@id":"https:\/\/portalnpm.com\/#\/schema\/person\/image\/","url":"https:\/\/portalnpm.com\/wp-content\/uploads\/2024\/02\/avatar_user_2_1707743258-96x96.jpeg","contentUrl":"https:\/\/portalnpm.com\/wp-content\/uploads\/2024\/02\/avatar_user_2_1707743258-96x96.jpeg","caption":"Genival Barbosa"},"url":"https:\/\/portalnpm.com\/index.php\/author\/genival\/"}]}},"jetpack_sharing_enabled":true,"jetpack_featured_media_url":"","_links":{"self":[{"href":"https:\/\/portalnpm.com\/index.php\/wp-json\/wp\/v2\/posts\/65809"}],"collection":[{"href":"https:\/\/portalnpm.com\/index.php\/wp-json\/wp\/v2\/posts"}],"about":[{"href":"https:\/\/portalnpm.com\/index.php\/wp-json\/wp\/v2\/types\/post"}],"author":[{"embeddable":true,"href":"https:\/\/portalnpm.com\/index.php\/wp-json\/wp\/v2\/users\/2"}],"replies":[{"embeddable":true,"href":"https:\/\/portalnpm.com\/index.php\/wp-json\/wp\/v2\/comments?post=65809"}],"version-history":[{"count":1,"href":"https:\/\/portalnpm.com\/index.php\/wp-json\/wp\/v2\/posts\/65809\/revisions"}],"predecessor-version":[{"id":65825,"href":"https:\/\/portalnpm.com\/index.php\/wp-json\/wp\/v2\/posts\/65809\/revisions\/65825"}],"wp:featuredmedia":[{"embeddable":true,"href":"https:\/\/portalnpm.com\/index.php\/wp-json\/"}],"wp:attachment":[{"href":"https:\/\/portalnpm.com\/index.php\/wp-json\/wp\/v2\/media?parent=65809"}],"wp:term":[{"taxonomy":"category","embeddable":true,"href":"https:\/\/portalnpm.com\/index.php\/wp-json\/wp\/v2\/categories?post=65809"},{"taxonomy":"post_tag","embeddable":true,"href":"https:\/\/portalnpm.com\/index.php\/wp-json\/wp\/v2\/tags?post=65809"}],"curies":[{"name":"wp","href":"https:\/\/api.w.org\/{rel}","templated":true}]}}