{"id":6581,"date":"2019-03-27T15:13:32","date_gmt":"2019-03-27T18:13:32","guid":{"rendered":"http:\/\/srv.portalnpm.com.br\/?p=6581"},"modified":"2019-03-27T15:13:32","modified_gmt":"2019-03-27T18:13:32","slug":"w-dias-comeca-a-discutir-nova-equipe-de-governo-com-base-apos-aprovacao-da-reforma-na-alepi","status":"publish","type":"post","link":"https:\/\/portalnpm.com\/index.php\/2019\/03\/27\/w-dias-comeca-a-discutir-nova-equipe-de-governo-com-base-apos-aprovacao-da-reforma-na-alepi\/","title":{"rendered":"W.Dias come\u00e7a a discutir nova equipe de governo com base ap\u00f3s aprova\u00e7\u00e3o da reforma na Alepi"},"content":{"rendered":"<p style=\"text-align: justify;\">A reforma administrativa proposta pelo governador Wellington Dias (PT) foi aprovada na \u00faltima ter\u00e7a-feira (26\/03) na Assembleia Legislativa do Piau\u00ed (Alepi). A partir desse momento, a base aliada do petista espera que o governador agilize a escolha da nova equipe de governo.<\/p>\n<p style=\"text-align: justify;\">Para o l\u00edder do governo na Assembleia, deputado Francisco Limma, \u00e9 esperado que Dias reserve algumas \u00e1reas da pr\u00f3pria governan\u00e7a como a secretaria de Administra\u00e7\u00e3o, Planejamento, Governo e que as outras sejam definidas atrav\u00e9s do entendimento com os partidos da base.\u00a0Entre os crit\u00e9rios que devem prevalecer, Limma destacou que ser\u00e3o pelo menos tr\u00eas.<\/p>\n<p style=\"text-align: justify;\">\u201cPeso pol\u00edtico de cada partido, a vota\u00e7\u00e3o que cada partido teve e a escolha do nome deve respeitar um crit\u00e9rio t\u00e9cnico.\u00a0Eu acho que \u00e9 isso que o governador tem dito. Acredito que ele vai manter isso do ponto de vista pol\u00edtico e considerar o peso que cada partido teve e a partir da\u00ed ir escolhendo gestores conforme a capacidade demonstrada da gest\u00e3o para aquele cargo que algu\u00e9m vai ser escolhido\u201d, ressaltou Limma.<\/p>\n<p style=\"text-align: justify;\"><strong>DOIS NOMES J\u00c1 FORAM ESCOLHIDOS<\/strong><br \/>\nO governador Wellington Dias (PT) j\u00e1 comunicou ao ex-deputado federal Osmar J\u00fanior (PCdoB) e ao deputado federal F\u00e1bio Abreu (PR) que eles ser\u00e3o os primeiros a assumir secretarias no novo secretariado que estar\u00e1 se formando at\u00e9 o final de abril.<\/p>\n<p style=\"text-align: justify;\">E j\u00e1 tem data: Osmar J\u00fanior, que foi o coordenador da campanha de W.Dias na elei\u00e7\u00e3o do ano passado, e F\u00e1bio Abreu, o segundo mais votado para a C\u00e2mara Federal com mais de 130 mil votos, assumem as secretarias de Governo e Seguran\u00e7a, respectivamente, na pr\u00f3xima sexta-feira (29).<\/p>\n<p style=\"text-align: justify;\">\n<p style=\"text-align: justify;\"><strong>FONTE: Oito Meia<\/strong><\/p>\n","protected":false},"excerpt":{"rendered":"<p>A reforma administrativa proposta pelo governador Wellington Dias (PT) foi aprovada na \u00faltima ter\u00e7a-feira (26\/03) na Assembleia Legislativa do Piau\u00ed (Alepi). A partir desse momento, a base aliada do petista espera que o governador agilize a escolha da nova equipe de governo. Para o l\u00edder do governo na Assembleia, deputado Francisco Limma, \u00e9 esperado que &hellip;<\/p>\n","protected":false},"author":4,"featured_media":6582,"comment_status":"open","ping_status":"open","sticky":false,"template":"","format":"standard","meta":{"content-type":"","rop_custom_images_group":[],"rop_custom_messages_group":[],"rop_publish_now":"initial","rop_publish_now_accounts":{"facebook_2648258775420054_1618374048415101":""},"rop_publish_now_history":[],"rop_publish_now_status":"pending","footnotes":"","_jetpack_memberships_contains_paid_content":false},"categories":[130],"tags":[930,2518,2519,402,928],"yoast_head":"<!-- This site is optimized with the Yoast SEO plugin v22.3 - https:\/\/yoast.com\/wordpress\/plugins\/seo\/ -->\n<title>W.Dias come\u00e7a a discutir nova equipe de governo com base ap\u00f3s aprova\u00e7\u00e3o da reforma na Alepi - Portal NPM<\/title>\n<meta name=\"robots\" content=\"index, follow, max-snippet:-1, max-image-preview:large, max-video-preview:-1\" \/>\n<link rel=\"canonical\" href=\"https:\/\/portalnpm.com\/index.php\/2019\/03\/27\/w-dias-comeca-a-discutir-nova-equipe-de-governo-com-base-apos-aprovacao-da-reforma-na-alepi\/\" \/>\n<meta property=\"og:locale\" content=\"pt_BR\" \/>\n<meta property=\"og:type\" content=\"article\" \/>\n<meta property=\"og:title\" content=\"W.Dias come\u00e7a a discutir nova equipe de governo com base ap\u00f3s aprova\u00e7\u00e3o da reforma na Alepi - Portal NPM\" \/>\n<meta property=\"og:description\" content=\"A reforma administrativa proposta pelo governador Wellington Dias (PT) foi aprovada na \u00faltima ter\u00e7a-feira (26\/03) na Assembleia Legislativa do Piau\u00ed (Alepi). A partir desse momento, a base aliada do petista espera que o governador agilize a escolha da nova equipe de governo. Para o l\u00edder do governo na Assembleia, deputado Francisco Limma, \u00e9 esperado que &hellip;\" \/>\n<meta property=\"og:url\" content=\"https:\/\/portalnpm.com\/index.php\/2019\/03\/27\/w-dias-comeca-a-discutir-nova-equipe-de-governo-com-base-apos-aprovacao-da-reforma-na-alepi\/\" \/>\n<meta property=\"og:site_name\" content=\"Portal NPM\" \/>\n<meta property=\"article:published_time\" content=\"2019-03-27T18:13:32+00:00\" \/>\n<meta name=\"author\" content=\"Reda\u00e7\u00e3o\" \/>\n<meta name=\"twitter:card\" content=\"summary_large_image\" \/>\n<meta name=\"twitter:label1\" content=\"Escrito por\" \/>\n\t<meta name=\"twitter:data1\" content=\"Reda\u00e7\u00e3o\" \/>\n\t<meta name=\"twitter:label2\" content=\"Est. tempo de leitura\" \/>\n\t<meta name=\"twitter:data2\" content=\"1 minuto\" \/>\n<script type=\"application\/ld+json\" class=\"yoast-schema-graph\">{\"@context\":\"https:\/\/schema.org\",\"@graph\":[{\"@type\":\"WebPage\",\"@id\":\"https:\/\/portalnpm.com\/index.php\/2019\/03\/27\/w-dias-comeca-a-discutir-nova-equipe-de-governo-com-base-apos-aprovacao-da-reforma-na-alepi\/\",\"url\":\"https:\/\/portalnpm.com\/index.php\/2019\/03\/27\/w-dias-comeca-a-discutir-nova-equipe-de-governo-com-base-apos-aprovacao-da-reforma-na-alepi\/\",\"name\":\"W.Dias come\u00e7a a discutir nova equipe de governo com base ap\u00f3s aprova\u00e7\u00e3o da reforma na Alepi - Portal NPM\",\"isPartOf\":{\"@id\":\"https:\/\/portalnpm.com\/#website\"},\"primaryImageOfPage\":{\"@id\":\"https:\/\/portalnpm.com\/index.php\/2019\/03\/27\/w-dias-comeca-a-discutir-nova-equipe-de-governo-com-base-apos-aprovacao-da-reforma-na-alepi\/#primaryimage\"},\"image\":{\"@id\":\"https:\/\/portalnpm.com\/index.php\/2019\/03\/27\/w-dias-comeca-a-discutir-nova-equipe-de-governo-com-base-apos-aprovacao-da-reforma-na-alepi\/#primaryimage\"},\"thumbnailUrl\":\"\",\"datePublished\":\"2019-03-27T18:13:32+00:00\",\"dateModified\":\"2019-03-27T18:13:32+00:00\",\"author\":{\"@id\":\"https:\/\/portalnpm.com\/#\/schema\/person\/0b5f230ec96cee25504fa328e7f2b733\"},\"breadcrumb\":{\"@id\":\"https:\/\/portalnpm.com\/index.php\/2019\/03\/27\/w-dias-comeca-a-discutir-nova-equipe-de-governo-com-base-apos-aprovacao-da-reforma-na-alepi\/#breadcrumb\"},\"inLanguage\":\"pt-BR\",\"potentialAction\":[{\"@type\":\"ReadAction\",\"target\":[\"https:\/\/portalnpm.com\/index.php\/2019\/03\/27\/w-dias-comeca-a-discutir-nova-equipe-de-governo-com-base-apos-aprovacao-da-reforma-na-alepi\/\"]}]},{\"@type\":\"ImageObject\",\"inLanguage\":\"pt-BR\",\"@id\":\"https:\/\/portalnpm.com\/index.php\/2019\/03\/27\/w-dias-comeca-a-discutir-nova-equipe-de-governo-com-base-apos-aprovacao-da-reforma-na-alepi\/#primaryimage\",\"url\":\"\",\"contentUrl\":\"\"},{\"@type\":\"BreadcrumbList\",\"@id\":\"https:\/\/portalnpm.com\/index.php\/2019\/03\/27\/w-dias-comeca-a-discutir-nova-equipe-de-governo-com-base-apos-aprovacao-da-reforma-na-alepi\/#breadcrumb\",\"itemListElement\":[{\"@type\":\"ListItem\",\"position\":1,\"name\":\"In\u00edcio\",\"item\":\"https:\/\/portalnpm.com\/\"},{\"@type\":\"ListItem\",\"position\":2,\"name\":\"W.Dias come\u00e7a a discutir nova equipe de governo com base ap\u00f3s aprova\u00e7\u00e3o da reforma na Alepi\"}]},{\"@type\":\"WebSite\",\"@id\":\"https:\/\/portalnpm.com\/#website\",\"url\":\"https:\/\/portalnpm.com\/\",\"name\":\"Portal NPM\",\"description\":\"Not\u00edcias em Primeira M\u00e3o\",\"potentialAction\":[{\"@type\":\"SearchAction\",\"target\":{\"@type\":\"EntryPoint\",\"urlTemplate\":\"https:\/\/portalnpm.com\/?s={search_term_string}\"},\"query-input\":\"required name=search_term_string\"}],\"inLanguage\":\"pt-BR\"},{\"@type\":\"Person\",\"@id\":\"https:\/\/portalnpm.com\/#\/schema\/person\/0b5f230ec96cee25504fa328e7f2b733\",\"name\":\"Reda\u00e7\u00e3o\",\"image\":{\"@type\":\"ImageObject\",\"inLanguage\":\"pt-BR\",\"@id\":\"https:\/\/portalnpm.com\/#\/schema\/person\/image\/\",\"url\":\"https:\/\/portalnpm.com\/wp-content\/uploads\/2024\/03\/avatar_user_4_1710097212-96x96.png\",\"contentUrl\":\"https:\/\/portalnpm.com\/wp-content\/uploads\/2024\/03\/avatar_user_4_1710097212-96x96.png\",\"caption\":\"Reda\u00e7\u00e3o\"},\"url\":\"https:\/\/portalnpm.com\/index.php\/author\/redacao\/\"}]}<\/script>\n<!-- \/ Yoast SEO plugin. -->","yoast_head_json":{"title":"W.Dias come\u00e7a a discutir nova equipe de governo com base ap\u00f3s aprova\u00e7\u00e3o da reforma na Alepi - Portal NPM","robots":{"index":"index","follow":"follow","max-snippet":"max-snippet:-1","max-image-preview":"max-image-preview:large","max-video-preview":"max-video-preview:-1"},"canonical":"https:\/\/portalnpm.com\/index.php\/2019\/03\/27\/w-dias-comeca-a-discutir-nova-equipe-de-governo-com-base-apos-aprovacao-da-reforma-na-alepi\/","og_locale":"pt_BR","og_type":"article","og_title":"W.Dias come\u00e7a a discutir nova equipe de governo com base ap\u00f3s aprova\u00e7\u00e3o da reforma na Alepi - Portal NPM","og_description":"A reforma administrativa proposta pelo governador Wellington Dias (PT) foi aprovada na \u00faltima ter\u00e7a-feira (26\/03) na Assembleia Legislativa do Piau\u00ed (Alepi). A partir desse momento, a base aliada do petista espera que o governador agilize a escolha da nova equipe de governo. Para o l\u00edder do governo na Assembleia, deputado Francisco Limma, \u00e9 esperado que &hellip;","og_url":"https:\/\/portalnpm.com\/index.php\/2019\/03\/27\/w-dias-comeca-a-discutir-nova-equipe-de-governo-com-base-apos-aprovacao-da-reforma-na-alepi\/","og_site_name":"Portal NPM","article_published_time":"2019-03-27T18:13:32+00:00","author":"Reda\u00e7\u00e3o","twitter_card":"summary_large_image","twitter_misc":{"Escrito por":"Reda\u00e7\u00e3o","Est. tempo de leitura":"1 minuto"},"schema":{"@context":"https:\/\/schema.org","@graph":[{"@type":"WebPage","@id":"https:\/\/portalnpm.com\/index.php\/2019\/03\/27\/w-dias-comeca-a-discutir-nova-equipe-de-governo-com-base-apos-aprovacao-da-reforma-na-alepi\/","url":"https:\/\/portalnpm.com\/index.php\/2019\/03\/27\/w-dias-comeca-a-discutir-nova-equipe-de-governo-com-base-apos-aprovacao-da-reforma-na-alepi\/","name":"W.Dias come\u00e7a a discutir nova equipe de governo com base ap\u00f3s aprova\u00e7\u00e3o da reforma na Alepi - Portal NPM","isPartOf":{"@id":"https:\/\/portalnpm.com\/#website"},"primaryImageOfPage":{"@id":"https:\/\/portalnpm.com\/index.php\/2019\/03\/27\/w-dias-comeca-a-discutir-nova-equipe-de-governo-com-base-apos-aprovacao-da-reforma-na-alepi\/#primaryimage"},"image":{"@id":"https:\/\/portalnpm.com\/index.php\/2019\/03\/27\/w-dias-comeca-a-discutir-nova-equipe-de-governo-com-base-apos-aprovacao-da-reforma-na-alepi\/#primaryimage"},"thumbnailUrl":"","datePublished":"2019-03-27T18:13:32+00:00","dateModified":"2019-03-27T18:13:32+00:00","author":{"@id":"https:\/\/portalnpm.com\/#\/schema\/person\/0b5f230ec96cee25504fa328e7f2b733"},"breadcrumb":{"@id":"https:\/\/portalnpm.com\/index.php\/2019\/03\/27\/w-dias-comeca-a-discutir-nova-equipe-de-governo-com-base-apos-aprovacao-da-reforma-na-alepi\/#breadcrumb"},"inLanguage":"pt-BR","potentialAction":[{"@type":"ReadAction","target":["https:\/\/portalnpm.com\/index.php\/2019\/03\/27\/w-dias-comeca-a-discutir-nova-equipe-de-governo-com-base-apos-aprovacao-da-reforma-na-alepi\/"]}]},{"@type":"ImageObject","inLanguage":"pt-BR","@id":"https:\/\/portalnpm.com\/index.php\/2019\/03\/27\/w-dias-comeca-a-discutir-nova-equipe-de-governo-com-base-apos-aprovacao-da-reforma-na-alepi\/#primaryimage","url":"","contentUrl":""},{"@type":"BreadcrumbList","@id":"https:\/\/portalnpm.com\/index.php\/2019\/03\/27\/w-dias-comeca-a-discutir-nova-equipe-de-governo-com-base-apos-aprovacao-da-reforma-na-alepi\/#breadcrumb","itemListElement":[{"@type":"ListItem","position":1,"name":"In\u00edcio","item":"https:\/\/portalnpm.com\/"},{"@type":"ListItem","position":2,"name":"W.Dias come\u00e7a a discutir nova equipe de governo com base ap\u00f3s aprova\u00e7\u00e3o da reforma na Alepi"}]},{"@type":"WebSite","@id":"https:\/\/portalnpm.com\/#website","url":"https:\/\/portalnpm.com\/","name":"Portal NPM","description":"Not\u00edcias em Primeira M\u00e3o","potentialAction":[{"@type":"SearchAction","target":{"@type":"EntryPoint","urlTemplate":"https:\/\/portalnpm.com\/?s={search_term_string}"},"query-input":"required name=search_term_string"}],"inLanguage":"pt-BR"},{"@type":"Person","@id":"https:\/\/portalnpm.com\/#\/schema\/person\/0b5f230ec96cee25504fa328e7f2b733","name":"Reda\u00e7\u00e3o","image":{"@type":"ImageObject","inLanguage":"pt-BR","@id":"https:\/\/portalnpm.com\/#\/schema\/person\/image\/","url":"https:\/\/portalnpm.com\/wp-content\/uploads\/2024\/03\/avatar_user_4_1710097212-96x96.png","contentUrl":"https:\/\/portalnpm.com\/wp-content\/uploads\/2024\/03\/avatar_user_4_1710097212-96x96.png","caption":"Reda\u00e7\u00e3o"},"url":"https:\/\/portalnpm.com\/index.php\/author\/redacao\/"}]}},"jetpack_sharing_enabled":true,"jetpack_featured_media_url":"","_links":{"self":[{"href":"https:\/\/portalnpm.com\/index.php\/wp-json\/wp\/v2\/posts\/6581"}],"collection":[{"href":"https:\/\/portalnpm.com\/index.php\/wp-json\/wp\/v2\/posts"}],"about":[{"href":"https:\/\/portalnpm.com\/index.php\/wp-json\/wp\/v2\/types\/post"}],"author":[{"embeddable":true,"href":"https:\/\/portalnpm.com\/index.php\/wp-json\/wp\/v2\/users\/4"}],"replies":[{"embeddable":true,"href":"https:\/\/portalnpm.com\/index.php\/wp-json\/wp\/v2\/comments?post=6581"}],"version-history":[{"count":0,"href":"https:\/\/portalnpm.com\/index.php\/wp-json\/wp\/v2\/posts\/6581\/revisions"}],"wp:featuredmedia":[{"embeddable":true,"href":"https:\/\/portalnpm.com\/index.php\/wp-json\/"}],"wp:attachment":[{"href":"https:\/\/portalnpm.com\/index.php\/wp-json\/wp\/v2\/media?parent=6581"}],"wp:term":[{"taxonomy":"category","embeddable":true,"href":"https:\/\/portalnpm.com\/index.php\/wp-json\/wp\/v2\/categories?post=6581"},{"taxonomy":"post_tag","embeddable":true,"href":"https:\/\/portalnpm.com\/index.php\/wp-json\/wp\/v2\/tags?post=6581"}],"curies":[{"name":"wp","href":"https:\/\/api.w.org\/{rel}","templated":true}]}}