{"id":6591,"date":"2019-03-28T14:19:10","date_gmt":"2019-03-28T17:19:10","guid":{"rendered":"http:\/\/srv.portalnpm.com.br\/?p=6591"},"modified":"2019-03-28T14:19:10","modified_gmt":"2019-03-28T17:19:10","slug":"em-posse-erisvaldo-marques-critica-reajuste-linear-para-poderes","status":"publish","type":"post","link":"https:\/\/portalnpm.com\/index.php\/2019\/03\/28\/em-posse-erisvaldo-marques-critica-reajuste-linear-para-poderes\/","title":{"rendered":"Em posse, Erisvaldo Marques critica reajuste linear para Poderes"},"content":{"rendered":"<p style=\"text-align: justify;\">O defensor Erisvaldo Marques tomou posse como defensor p\u00fablico-geral do Piau\u00ed. Durante entrevista \u00e0 imprensa, ele criticou o or\u00e7amento destinado \u00e0 pasta. Segundo ele, a pol\u00edtica de\u00a0 concess\u00e3o de reajuste linear prejudica a Defensoria p\u00fablica.<\/p>\n<p style=\"text-align: justify;\">&#8220;A Defensoria P\u00fablica tem como prioridade buscar mais recursos para o \u00f3rg\u00e3o para podermos melhorar o or\u00e7amento. \u00c9 preciso ter mais defensores para atender as demandas de todo o Piau\u00ed. Nesse momento \u00e9 importante refor\u00e7ar primeiro as defensorias p\u00fablicas em algumas cidades como Bom Jesus, que tem uma grande demanda&#8221;, disse.<\/p>\n<p style=\"text-align: justify;\">A Defensoria busca recursos e estrutura para se fortalecer no interior do Estado.<\/p>\n<p style=\"text-align: justify;\">&#8220;\u00c9 importante fortalecer a atua\u00e7\u00e3o da Defensoria. S\u00e3o demandas coletivas que envolvem uma grande quantidade de pessoas. Consequentemente resolu\u00e7\u00e3o de problemas que envolvem muitas pessoas. Existem p\u00fablico que tem dificuldades de acessar a Defensoria como pessoas em situa\u00e7\u00e3o de rua&#8221;, disse.<\/p>\n<p style=\"text-align: justify;\">Erisvaldo destaca o crescimento pela procura do servi\u00e7o da Defensoria. Ele afirma que isso justificaria um reajuste maior.<\/p>\n<p style=\"text-align: justify;\">&#8220;Mais pessoas procuram a Defensoria. De 2015 a 2018 teve um acr\u00e9scimo de quase 100 mil pessoas. Cada vez mais pessoas procurar\u00e3o devido a crise financeira. Procuramos muito divulgar nosso servi\u00e7o&#8221;, afirmou.<\/p>\n<p style=\"text-align: justify;\">Erisvaldo pede igualdade de or\u00e7amento.<\/p>\n<p style=\"text-align: justify;\">&#8220;O or\u00e7amento e estrutura foram os grandes problemas nos anos passados e continuar\u00e3o sendo. Sabemos a dificuldade que o pais passa. Queremos um pouco mais de igualdade no or\u00e7amento. Esse tratamento em que o aumento do or\u00e7amento \u00e9 linear prejudica cada vez mais a Defensoria&#8221;, afirmou.<\/p>\n<p style=\"text-align: justify;\">\n<p style=\"text-align: justify;\"><strong>FONTE: Cidade Verde\u00a0<\/strong><\/p>\n","protected":false},"excerpt":{"rendered":"<p>O defensor Erisvaldo Marques tomou posse como defensor p\u00fablico-geral do Piau\u00ed. Durante entrevista \u00e0 imprensa, ele criticou o or\u00e7amento destinado \u00e0 pasta. Segundo ele, a pol\u00edtica de\u00a0 concess\u00e3o de reajuste linear prejudica a Defensoria p\u00fablica. &#8220;A Defensoria P\u00fablica tem como prioridade buscar mais recursos para o \u00f3rg\u00e3o para podermos melhorar o or\u00e7amento. \u00c9 preciso ter &hellip;<\/p>\n","protected":false},"author":4,"featured_media":6592,"comment_status":"open","ping_status":"open","sticky":false,"template":"","format":"standard","meta":{"content-type":"","rop_custom_images_group":[],"rop_custom_messages_group":[],"rop_publish_now":"initial","rop_publish_now_accounts":{"facebook_2648258775420054_1618374048415101":""},"rop_publish_now_history":[],"rop_publish_now_status":"pending","footnotes":"","_jetpack_memberships_contains_paid_content":false},"categories":[113,130],"tags":[2358,2524,658,1643],"yoast_head":"<!-- This site is optimized with the Yoast SEO plugin v22.3 - https:\/\/yoast.com\/wordpress\/plugins\/seo\/ -->\n<title>Em posse, Erisvaldo Marques critica reajuste linear para Poderes - Portal NPM<\/title>\n<meta name=\"robots\" content=\"index, follow, max-snippet:-1, max-image-preview:large, max-video-preview:-1\" \/>\n<link rel=\"canonical\" href=\"https:\/\/portalnpm.com\/index.php\/2019\/03\/28\/em-posse-erisvaldo-marques-critica-reajuste-linear-para-poderes\/\" \/>\n<meta property=\"og:locale\" content=\"pt_BR\" \/>\n<meta property=\"og:type\" content=\"article\" \/>\n<meta property=\"og:title\" content=\"Em posse, Erisvaldo Marques critica reajuste linear para Poderes - Portal NPM\" \/>\n<meta property=\"og:description\" content=\"O defensor Erisvaldo Marques tomou posse como defensor p\u00fablico-geral do Piau\u00ed. Durante entrevista \u00e0 imprensa, ele criticou o or\u00e7amento destinado \u00e0 pasta. Segundo ele, a pol\u00edtica de\u00a0 concess\u00e3o de reajuste linear prejudica a Defensoria p\u00fablica. &#8220;A Defensoria P\u00fablica tem como prioridade buscar mais recursos para o \u00f3rg\u00e3o para podermos melhorar o or\u00e7amento. \u00c9 preciso ter &hellip;\" \/>\n<meta property=\"og:url\" content=\"https:\/\/portalnpm.com\/index.php\/2019\/03\/28\/em-posse-erisvaldo-marques-critica-reajuste-linear-para-poderes\/\" \/>\n<meta property=\"og:site_name\" content=\"Portal NPM\" \/>\n<meta property=\"article:published_time\" content=\"2019-03-28T17:19:10+00:00\" \/>\n<meta name=\"author\" content=\"Reda\u00e7\u00e3o\" \/>\n<meta name=\"twitter:card\" content=\"summary_large_image\" \/>\n<meta name=\"twitter:label1\" content=\"Escrito por\" \/>\n\t<meta name=\"twitter:data1\" content=\"Reda\u00e7\u00e3o\" \/>\n\t<meta name=\"twitter:label2\" content=\"Est. tempo de leitura\" \/>\n\t<meta name=\"twitter:data2\" content=\"1 minuto\" \/>\n<script type=\"application\/ld+json\" class=\"yoast-schema-graph\">{\"@context\":\"https:\/\/schema.org\",\"@graph\":[{\"@type\":\"WebPage\",\"@id\":\"https:\/\/portalnpm.com\/index.php\/2019\/03\/28\/em-posse-erisvaldo-marques-critica-reajuste-linear-para-poderes\/\",\"url\":\"https:\/\/portalnpm.com\/index.php\/2019\/03\/28\/em-posse-erisvaldo-marques-critica-reajuste-linear-para-poderes\/\",\"name\":\"Em posse, Erisvaldo Marques critica reajuste linear para Poderes - Portal NPM\",\"isPartOf\":{\"@id\":\"https:\/\/portalnpm.com\/#website\"},\"primaryImageOfPage\":{\"@id\":\"https:\/\/portalnpm.com\/index.php\/2019\/03\/28\/em-posse-erisvaldo-marques-critica-reajuste-linear-para-poderes\/#primaryimage\"},\"image\":{\"@id\":\"https:\/\/portalnpm.com\/index.php\/2019\/03\/28\/em-posse-erisvaldo-marques-critica-reajuste-linear-para-poderes\/#primaryimage\"},\"thumbnailUrl\":\"\",\"datePublished\":\"2019-03-28T17:19:10+00:00\",\"dateModified\":\"2019-03-28T17:19:10+00:00\",\"author\":{\"@id\":\"https:\/\/portalnpm.com\/#\/schema\/person\/0b5f230ec96cee25504fa328e7f2b733\"},\"breadcrumb\":{\"@id\":\"https:\/\/portalnpm.com\/index.php\/2019\/03\/28\/em-posse-erisvaldo-marques-critica-reajuste-linear-para-poderes\/#breadcrumb\"},\"inLanguage\":\"pt-BR\",\"potentialAction\":[{\"@type\":\"ReadAction\",\"target\":[\"https:\/\/portalnpm.com\/index.php\/2019\/03\/28\/em-posse-erisvaldo-marques-critica-reajuste-linear-para-poderes\/\"]}]},{\"@type\":\"ImageObject\",\"inLanguage\":\"pt-BR\",\"@id\":\"https:\/\/portalnpm.com\/index.php\/2019\/03\/28\/em-posse-erisvaldo-marques-critica-reajuste-linear-para-poderes\/#primaryimage\",\"url\":\"\",\"contentUrl\":\"\"},{\"@type\":\"BreadcrumbList\",\"@id\":\"https:\/\/portalnpm.com\/index.php\/2019\/03\/28\/em-posse-erisvaldo-marques-critica-reajuste-linear-para-poderes\/#breadcrumb\",\"itemListElement\":[{\"@type\":\"ListItem\",\"position\":1,\"name\":\"In\u00edcio\",\"item\":\"https:\/\/portalnpm.com\/\"},{\"@type\":\"ListItem\",\"position\":2,\"name\":\"Em posse, Erisvaldo Marques critica reajuste linear para Poderes\"}]},{\"@type\":\"WebSite\",\"@id\":\"https:\/\/portalnpm.com\/#website\",\"url\":\"https:\/\/portalnpm.com\/\",\"name\":\"Portal NPM\",\"description\":\"Not\u00edcias em Primeira M\u00e3o\",\"potentialAction\":[{\"@type\":\"SearchAction\",\"target\":{\"@type\":\"EntryPoint\",\"urlTemplate\":\"https:\/\/portalnpm.com\/?s={search_term_string}\"},\"query-input\":\"required name=search_term_string\"}],\"inLanguage\":\"pt-BR\"},{\"@type\":\"Person\",\"@id\":\"https:\/\/portalnpm.com\/#\/schema\/person\/0b5f230ec96cee25504fa328e7f2b733\",\"name\":\"Reda\u00e7\u00e3o\",\"image\":{\"@type\":\"ImageObject\",\"inLanguage\":\"pt-BR\",\"@id\":\"https:\/\/portalnpm.com\/#\/schema\/person\/image\/\",\"url\":\"https:\/\/portalnpm.com\/wp-content\/uploads\/2024\/03\/avatar_user_4_1710097212-96x96.png\",\"contentUrl\":\"https:\/\/portalnpm.com\/wp-content\/uploads\/2024\/03\/avatar_user_4_1710097212-96x96.png\",\"caption\":\"Reda\u00e7\u00e3o\"},\"url\":\"https:\/\/portalnpm.com\/index.php\/author\/redacao\/\"}]}<\/script>\n<!-- \/ Yoast SEO plugin. -->","yoast_head_json":{"title":"Em posse, Erisvaldo Marques critica reajuste linear para Poderes - Portal NPM","robots":{"index":"index","follow":"follow","max-snippet":"max-snippet:-1","max-image-preview":"max-image-preview:large","max-video-preview":"max-video-preview:-1"},"canonical":"https:\/\/portalnpm.com\/index.php\/2019\/03\/28\/em-posse-erisvaldo-marques-critica-reajuste-linear-para-poderes\/","og_locale":"pt_BR","og_type":"article","og_title":"Em posse, Erisvaldo Marques critica reajuste linear para Poderes - Portal NPM","og_description":"O defensor Erisvaldo Marques tomou posse como defensor p\u00fablico-geral do Piau\u00ed. Durante entrevista \u00e0 imprensa, ele criticou o or\u00e7amento destinado \u00e0 pasta. Segundo ele, a pol\u00edtica de\u00a0 concess\u00e3o de reajuste linear prejudica a Defensoria p\u00fablica. &#8220;A Defensoria P\u00fablica tem como prioridade buscar mais recursos para o \u00f3rg\u00e3o para podermos melhorar o or\u00e7amento. \u00c9 preciso ter &hellip;","og_url":"https:\/\/portalnpm.com\/index.php\/2019\/03\/28\/em-posse-erisvaldo-marques-critica-reajuste-linear-para-poderes\/","og_site_name":"Portal NPM","article_published_time":"2019-03-28T17:19:10+00:00","author":"Reda\u00e7\u00e3o","twitter_card":"summary_large_image","twitter_misc":{"Escrito por":"Reda\u00e7\u00e3o","Est. tempo de leitura":"1 minuto"},"schema":{"@context":"https:\/\/schema.org","@graph":[{"@type":"WebPage","@id":"https:\/\/portalnpm.com\/index.php\/2019\/03\/28\/em-posse-erisvaldo-marques-critica-reajuste-linear-para-poderes\/","url":"https:\/\/portalnpm.com\/index.php\/2019\/03\/28\/em-posse-erisvaldo-marques-critica-reajuste-linear-para-poderes\/","name":"Em posse, Erisvaldo Marques critica reajuste linear para Poderes - Portal NPM","isPartOf":{"@id":"https:\/\/portalnpm.com\/#website"},"primaryImageOfPage":{"@id":"https:\/\/portalnpm.com\/index.php\/2019\/03\/28\/em-posse-erisvaldo-marques-critica-reajuste-linear-para-poderes\/#primaryimage"},"image":{"@id":"https:\/\/portalnpm.com\/index.php\/2019\/03\/28\/em-posse-erisvaldo-marques-critica-reajuste-linear-para-poderes\/#primaryimage"},"thumbnailUrl":"","datePublished":"2019-03-28T17:19:10+00:00","dateModified":"2019-03-28T17:19:10+00:00","author":{"@id":"https:\/\/portalnpm.com\/#\/schema\/person\/0b5f230ec96cee25504fa328e7f2b733"},"breadcrumb":{"@id":"https:\/\/portalnpm.com\/index.php\/2019\/03\/28\/em-posse-erisvaldo-marques-critica-reajuste-linear-para-poderes\/#breadcrumb"},"inLanguage":"pt-BR","potentialAction":[{"@type":"ReadAction","target":["https:\/\/portalnpm.com\/index.php\/2019\/03\/28\/em-posse-erisvaldo-marques-critica-reajuste-linear-para-poderes\/"]}]},{"@type":"ImageObject","inLanguage":"pt-BR","@id":"https:\/\/portalnpm.com\/index.php\/2019\/03\/28\/em-posse-erisvaldo-marques-critica-reajuste-linear-para-poderes\/#primaryimage","url":"","contentUrl":""},{"@type":"BreadcrumbList","@id":"https:\/\/portalnpm.com\/index.php\/2019\/03\/28\/em-posse-erisvaldo-marques-critica-reajuste-linear-para-poderes\/#breadcrumb","itemListElement":[{"@type":"ListItem","position":1,"name":"In\u00edcio","item":"https:\/\/portalnpm.com\/"},{"@type":"ListItem","position":2,"name":"Em posse, Erisvaldo Marques critica reajuste linear para Poderes"}]},{"@type":"WebSite","@id":"https:\/\/portalnpm.com\/#website","url":"https:\/\/portalnpm.com\/","name":"Portal NPM","description":"Not\u00edcias em Primeira M\u00e3o","potentialAction":[{"@type":"SearchAction","target":{"@type":"EntryPoint","urlTemplate":"https:\/\/portalnpm.com\/?s={search_term_string}"},"query-input":"required name=search_term_string"}],"inLanguage":"pt-BR"},{"@type":"Person","@id":"https:\/\/portalnpm.com\/#\/schema\/person\/0b5f230ec96cee25504fa328e7f2b733","name":"Reda\u00e7\u00e3o","image":{"@type":"ImageObject","inLanguage":"pt-BR","@id":"https:\/\/portalnpm.com\/#\/schema\/person\/image\/","url":"https:\/\/portalnpm.com\/wp-content\/uploads\/2024\/03\/avatar_user_4_1710097212-96x96.png","contentUrl":"https:\/\/portalnpm.com\/wp-content\/uploads\/2024\/03\/avatar_user_4_1710097212-96x96.png","caption":"Reda\u00e7\u00e3o"},"url":"https:\/\/portalnpm.com\/index.php\/author\/redacao\/"}]}},"jetpack_sharing_enabled":true,"jetpack_featured_media_url":"","_links":{"self":[{"href":"https:\/\/portalnpm.com\/index.php\/wp-json\/wp\/v2\/posts\/6591"}],"collection":[{"href":"https:\/\/portalnpm.com\/index.php\/wp-json\/wp\/v2\/posts"}],"about":[{"href":"https:\/\/portalnpm.com\/index.php\/wp-json\/wp\/v2\/types\/post"}],"author":[{"embeddable":true,"href":"https:\/\/portalnpm.com\/index.php\/wp-json\/wp\/v2\/users\/4"}],"replies":[{"embeddable":true,"href":"https:\/\/portalnpm.com\/index.php\/wp-json\/wp\/v2\/comments?post=6591"}],"version-history":[{"count":0,"href":"https:\/\/portalnpm.com\/index.php\/wp-json\/wp\/v2\/posts\/6591\/revisions"}],"wp:featuredmedia":[{"embeddable":true,"href":"https:\/\/portalnpm.com\/index.php\/wp-json\/"}],"wp:attachment":[{"href":"https:\/\/portalnpm.com\/index.php\/wp-json\/wp\/v2\/media?parent=6591"}],"wp:term":[{"taxonomy":"category","embeddable":true,"href":"https:\/\/portalnpm.com\/index.php\/wp-json\/wp\/v2\/categories?post=6591"},{"taxonomy":"post_tag","embeddable":true,"href":"https:\/\/portalnpm.com\/index.php\/wp-json\/wp\/v2\/tags?post=6591"}],"curies":[{"name":"wp","href":"https:\/\/api.w.org\/{rel}","templated":true}]}}