{"id":65923,"date":"2021-06-23T16:22:02","date_gmt":"2021-06-23T19:22:02","guid":{"rendered":"https:\/\/portalnpm.com\/index.php\/2021\/06\/23\/coveiro-e-vigia-sao-baleados-dentro-de-cemiterio-em-teresina\/"},"modified":"2021-06-23T16:22:02","modified_gmt":"2021-06-23T19:22:02","slug":"coveiro-e-vigia-sao-baleados-dentro-de-cemiterio-em-teresina","status":"publish","type":"post","link":"https:\/\/portalnpm.com\/index.php\/2021\/06\/23\/coveiro-e-vigia-sao-baleados-dentro-de-cemiterio-em-teresina\/","title":{"rendered":"Coveiro e vigia s\u00e3o baleados dentro de cemit\u00e9rio em Teresina"},"content":{"rendered":"<div class=\"pos-topo\">\n<div class=\"conteudo\">\n<div class=\"busca-tp-inp\">\n<div class=\"ico-busca\" style=\"text-align: justify;\">Na noite dessa ter\u00e7a-feira (22), um coveiro e um vigia foram baleados dentro do Cemit\u00e9rio Santa M\u00f4nica, no bairro Pedra Mole, zona leste de Teresina.<\/div>\n<\/div>\n<\/div>\n<\/div>\n<div class=\"conteudo\">\n<div class=\"env-conteudo-interno\">\n<div class=\"conteudo-interno\">\n<div class=\"pos-texto\">\n<div class=\"texto\" style=\"text-align: justify;\">\n<p>\u00a0<\/p>\n<p>A Pol\u00edcia Militar foi acionada por populares que passavam pelo local e presenciaram toda a a\u00e7\u00e3o. Segundo os relatos, criminosos chegaram em um carro modelo HB20, se aproximaram das v\u00edtimas e come\u00e7aram a efetuar v\u00e1rios disparos de arma de fogo. O coveiro foi atingido com cinco disparos na barriga, j\u00e1 o vigia recebeu um tiro de rasp\u00e3o na clav\u00edcula.<\/p>\n<p>O Servi\u00e7o de Atendimento M\u00f3vel de Urg\u00eancia (Samu) foi acionado para socorrer as v\u00edtimas. O coveiro foi encaminhado em estado grav\u00edssimo para o Hospital de Urg\u00eancia de Teresina (HUT), j\u00e1 o outro foi atendido no Hospital S\u00e3o Paulo.<\/p>\n<p>Ainda de acordo com a PM, o coveiro \u00e9 morador da Vila Nova Bras\u00edlia, e j\u00e1 possu\u00eda passagens pela pol\u00edcia. Ele \u00e9 suspeito de envolvimento com o tr\u00e1fico de drogas.<\/p>\n<p>Os suspeitos fugiram do local ap\u00f3s o crime e ainda n\u00e3o foram identificados. O caso ser\u00e1 investigado pela Pol\u00edcia Civil.<\/p>\n<\/div>\n<div class=\"env\">\n<h2 style=\"text-align: justify;\">Fonte:\u00a0 R10<\/h2>\n<\/div>\n<\/div>\n<\/div>\n<\/div>\n<\/div>\n","protected":false},"excerpt":{"rendered":"<p>Na noite dessa ter\u00e7a-feira (22), um coveiro e um vigia foram baleados dentro do Cemit\u00e9rio Santa M\u00f4nica, no bairro Pedra Mole, zona leste de Teresina. \u00a0 A Pol\u00edcia Militar foi acionada por populares que passavam pelo local e presenciaram toda a a\u00e7\u00e3o. Segundo os relatos, criminosos chegaram em um carro modelo HB20, se aproximaram das &hellip;<\/p>\n","protected":false},"author":2,"featured_media":65924,"comment_status":"open","ping_status":"open","sticky":false,"template":"","format":"standard","meta":{"content-type":"","rop_custom_images_group":[],"rop_custom_messages_group":[],"rop_publish_now":"initial","rop_publish_now_accounts":{"facebook_2648258775420054_1618374048415101":""},"rop_publish_now_history":[],"rop_publish_now_status":"pending","footnotes":"","_jetpack_memberships_contains_paid_content":false},"categories":[118,188,4412],"tags":[492,11563,766],"yoast_head":"<!-- This site is optimized with the Yoast SEO plugin v22.3 - https:\/\/yoast.com\/wordpress\/plugins\/seo\/ -->\n<title>Coveiro e vigia s\u00e3o baleados dentro de cemit\u00e9rio em Teresina<\/title>\n<meta name=\"robots\" content=\"index, follow, max-snippet:-1, max-image-preview:large, max-video-preview:-1\" \/>\n<link rel=\"canonical\" href=\"https:\/\/portalnpm.com\/index.php\/2021\/06\/23\/coveiro-e-vigia-sao-baleados-dentro-de-cemiterio-em-teresina\/\" \/>\n<meta property=\"og:locale\" content=\"pt_BR\" \/>\n<meta property=\"og:type\" content=\"article\" \/>\n<meta property=\"og:title\" content=\"Coveiro e vigia s\u00e3o baleados dentro de cemit\u00e9rio em Teresina\" \/>\n<meta property=\"og:description\" content=\"Na noite dessa ter\u00e7a-feira (22), um coveiro e um vigia foram baleados dentro do Cemit\u00e9rio Santa M\u00f4nica, no bairro Pedra Mole, zona leste de Teresina. \u00a0 A Pol\u00edcia Militar foi acionada por populares que passavam pelo local e presenciaram toda a a\u00e7\u00e3o. Segundo os relatos, criminosos chegaram em um carro modelo HB20, se aproximaram das &hellip;\" \/>\n<meta property=\"og:url\" content=\"https:\/\/portalnpm.com\/index.php\/2021\/06\/23\/coveiro-e-vigia-sao-baleados-dentro-de-cemiterio-em-teresina\/\" \/>\n<meta property=\"og:site_name\" content=\"Portal NPM\" \/>\n<meta property=\"article:published_time\" content=\"2021-06-23T19:22:02+00:00\" \/>\n<meta property=\"og:image\" content=\"https:\/\/portalnpm.com\/wp-content\/uploads\/2024\/01\/40978edb051d2bdc316400c928ba0be5.jpg\" \/>\n\t<meta property=\"og:image:width\" content=\"603\" \/>\n\t<meta property=\"og:image:height\" content=\"366\" \/>\n\t<meta property=\"og:image:type\" content=\"image\/jpeg\" \/>\n<meta name=\"author\" content=\"Genival Barbosa\" \/>\n<meta name=\"twitter:card\" content=\"summary_large_image\" \/>\n<meta name=\"twitter:label1\" content=\"Escrito por\" \/>\n\t<meta name=\"twitter:data1\" content=\"Genival Barbosa\" \/>\n\t<meta name=\"twitter:label2\" content=\"Est. tempo de leitura\" \/>\n\t<meta name=\"twitter:data2\" content=\"1 minuto\" \/>\n<script type=\"application\/ld+json\" class=\"yoast-schema-graph\">{\"@context\":\"https:\/\/schema.org\",\"@graph\":[{\"@type\":\"WebPage\",\"@id\":\"https:\/\/portalnpm.com\/index.php\/2021\/06\/23\/coveiro-e-vigia-sao-baleados-dentro-de-cemiterio-em-teresina\/\",\"url\":\"https:\/\/portalnpm.com\/index.php\/2021\/06\/23\/coveiro-e-vigia-sao-baleados-dentro-de-cemiterio-em-teresina\/\",\"name\":\"Coveiro e vigia s\u00e3o baleados dentro de cemit\u00e9rio em Teresina\",\"isPartOf\":{\"@id\":\"https:\/\/portalnpm.com\/#website\"},\"primaryImageOfPage\":{\"@id\":\"https:\/\/portalnpm.com\/index.php\/2021\/06\/23\/coveiro-e-vigia-sao-baleados-dentro-de-cemiterio-em-teresina\/#primaryimage\"},\"image\":{\"@id\":\"https:\/\/portalnpm.com\/index.php\/2021\/06\/23\/coveiro-e-vigia-sao-baleados-dentro-de-cemiterio-em-teresina\/#primaryimage\"},\"thumbnailUrl\":\"https:\/\/portalnpm.com\/wp-content\/uploads\/2024\/01\/40978edb051d2bdc316400c928ba0be5.jpg\",\"datePublished\":\"2021-06-23T19:22:02+00:00\",\"dateModified\":\"2021-06-23T19:22:02+00:00\",\"author\":{\"@id\":\"https:\/\/portalnpm.com\/#\/schema\/person\/49313e563cfdefcc167f1ee4c017c294\"},\"breadcrumb\":{\"@id\":\"https:\/\/portalnpm.com\/index.php\/2021\/06\/23\/coveiro-e-vigia-sao-baleados-dentro-de-cemiterio-em-teresina\/#breadcrumb\"},\"inLanguage\":\"pt-BR\",\"potentialAction\":[{\"@type\":\"ReadAction\",\"target\":[\"https:\/\/portalnpm.com\/index.php\/2021\/06\/23\/coveiro-e-vigia-sao-baleados-dentro-de-cemiterio-em-teresina\/\"]}]},{\"@type\":\"ImageObject\",\"inLanguage\":\"pt-BR\",\"@id\":\"https:\/\/portalnpm.com\/index.php\/2021\/06\/23\/coveiro-e-vigia-sao-baleados-dentro-de-cemiterio-em-teresina\/#primaryimage\",\"url\":\"https:\/\/portalnpm.com\/wp-content\/uploads\/2024\/01\/40978edb051d2bdc316400c928ba0be5.jpg\",\"contentUrl\":\"https:\/\/portalnpm.com\/wp-content\/uploads\/2024\/01\/40978edb051d2bdc316400c928ba0be5.jpg\",\"width\":603,\"height\":366},{\"@type\":\"BreadcrumbList\",\"@id\":\"https:\/\/portalnpm.com\/index.php\/2021\/06\/23\/coveiro-e-vigia-sao-baleados-dentro-de-cemiterio-em-teresina\/#breadcrumb\",\"itemListElement\":[{\"@type\":\"ListItem\",\"position\":1,\"name\":\"In\u00edcio\",\"item\":\"https:\/\/portalnpm.com\/\"},{\"@type\":\"ListItem\",\"position\":2,\"name\":\"Coveiro e vigia s\u00e3o baleados dentro de cemit\u00e9rio em Teresina\"}]},{\"@type\":\"WebSite\",\"@id\":\"https:\/\/portalnpm.com\/#website\",\"url\":\"https:\/\/portalnpm.com\/\",\"name\":\"Portal NPM\",\"description\":\"Not\u00edcias em Primeira M\u00e3o\",\"potentialAction\":[{\"@type\":\"SearchAction\",\"target\":{\"@type\":\"EntryPoint\",\"urlTemplate\":\"https:\/\/portalnpm.com\/?s={search_term_string}\"},\"query-input\":\"required name=search_term_string\"}],\"inLanguage\":\"pt-BR\"},{\"@type\":\"Person\",\"@id\":\"https:\/\/portalnpm.com\/#\/schema\/person\/49313e563cfdefcc167f1ee4c017c294\",\"name\":\"Genival Barbosa\",\"image\":{\"@type\":\"ImageObject\",\"inLanguage\":\"pt-BR\",\"@id\":\"https:\/\/portalnpm.com\/#\/schema\/person\/image\/\",\"url\":\"https:\/\/portalnpm.com\/wp-content\/uploads\/2024\/02\/avatar_user_2_1707743258-96x96.jpeg\",\"contentUrl\":\"https:\/\/portalnpm.com\/wp-content\/uploads\/2024\/02\/avatar_user_2_1707743258-96x96.jpeg\",\"caption\":\"Genival Barbosa\"},\"url\":\"https:\/\/portalnpm.com\/index.php\/author\/genival\/\"}]}<\/script>\n<!-- \/ Yoast SEO plugin. -->","yoast_head_json":{"title":"Coveiro e vigia s\u00e3o baleados dentro de cemit\u00e9rio em Teresina","robots":{"index":"index","follow":"follow","max-snippet":"max-snippet:-1","max-image-preview":"max-image-preview:large","max-video-preview":"max-video-preview:-1"},"canonical":"https:\/\/portalnpm.com\/index.php\/2021\/06\/23\/coveiro-e-vigia-sao-baleados-dentro-de-cemiterio-em-teresina\/","og_locale":"pt_BR","og_type":"article","og_title":"Coveiro e vigia s\u00e3o baleados dentro de cemit\u00e9rio em Teresina","og_description":"Na noite dessa ter\u00e7a-feira (22), um coveiro e um vigia foram baleados dentro do Cemit\u00e9rio Santa M\u00f4nica, no bairro Pedra Mole, zona leste de Teresina. \u00a0 A Pol\u00edcia Militar foi acionada por populares que passavam pelo local e presenciaram toda a a\u00e7\u00e3o. Segundo os relatos, criminosos chegaram em um carro modelo HB20, se aproximaram das &hellip;","og_url":"https:\/\/portalnpm.com\/index.php\/2021\/06\/23\/coveiro-e-vigia-sao-baleados-dentro-de-cemiterio-em-teresina\/","og_site_name":"Portal NPM","article_published_time":"2021-06-23T19:22:02+00:00","og_image":[{"width":603,"height":366,"url":"https:\/\/portalnpm.com\/wp-content\/uploads\/2024\/01\/40978edb051d2bdc316400c928ba0be5.jpg","type":"image\/jpeg"}],"author":"Genival Barbosa","twitter_card":"summary_large_image","twitter_misc":{"Escrito por":"Genival Barbosa","Est. tempo de leitura":"1 minuto"},"schema":{"@context":"https:\/\/schema.org","@graph":[{"@type":"WebPage","@id":"https:\/\/portalnpm.com\/index.php\/2021\/06\/23\/coveiro-e-vigia-sao-baleados-dentro-de-cemiterio-em-teresina\/","url":"https:\/\/portalnpm.com\/index.php\/2021\/06\/23\/coveiro-e-vigia-sao-baleados-dentro-de-cemiterio-em-teresina\/","name":"Coveiro e vigia s\u00e3o baleados dentro de cemit\u00e9rio em Teresina","isPartOf":{"@id":"https:\/\/portalnpm.com\/#website"},"primaryImageOfPage":{"@id":"https:\/\/portalnpm.com\/index.php\/2021\/06\/23\/coveiro-e-vigia-sao-baleados-dentro-de-cemiterio-em-teresina\/#primaryimage"},"image":{"@id":"https:\/\/portalnpm.com\/index.php\/2021\/06\/23\/coveiro-e-vigia-sao-baleados-dentro-de-cemiterio-em-teresina\/#primaryimage"},"thumbnailUrl":"https:\/\/portalnpm.com\/wp-content\/uploads\/2024\/01\/40978edb051d2bdc316400c928ba0be5.jpg","datePublished":"2021-06-23T19:22:02+00:00","dateModified":"2021-06-23T19:22:02+00:00","author":{"@id":"https:\/\/portalnpm.com\/#\/schema\/person\/49313e563cfdefcc167f1ee4c017c294"},"breadcrumb":{"@id":"https:\/\/portalnpm.com\/index.php\/2021\/06\/23\/coveiro-e-vigia-sao-baleados-dentro-de-cemiterio-em-teresina\/#breadcrumb"},"inLanguage":"pt-BR","potentialAction":[{"@type":"ReadAction","target":["https:\/\/portalnpm.com\/index.php\/2021\/06\/23\/coveiro-e-vigia-sao-baleados-dentro-de-cemiterio-em-teresina\/"]}]},{"@type":"ImageObject","inLanguage":"pt-BR","@id":"https:\/\/portalnpm.com\/index.php\/2021\/06\/23\/coveiro-e-vigia-sao-baleados-dentro-de-cemiterio-em-teresina\/#primaryimage","url":"https:\/\/portalnpm.com\/wp-content\/uploads\/2024\/01\/40978edb051d2bdc316400c928ba0be5.jpg","contentUrl":"https:\/\/portalnpm.com\/wp-content\/uploads\/2024\/01\/40978edb051d2bdc316400c928ba0be5.jpg","width":603,"height":366},{"@type":"BreadcrumbList","@id":"https:\/\/portalnpm.com\/index.php\/2021\/06\/23\/coveiro-e-vigia-sao-baleados-dentro-de-cemiterio-em-teresina\/#breadcrumb","itemListElement":[{"@type":"ListItem","position":1,"name":"In\u00edcio","item":"https:\/\/portalnpm.com\/"},{"@type":"ListItem","position":2,"name":"Coveiro e vigia s\u00e3o baleados dentro de cemit\u00e9rio em Teresina"}]},{"@type":"WebSite","@id":"https:\/\/portalnpm.com\/#website","url":"https:\/\/portalnpm.com\/","name":"Portal NPM","description":"Not\u00edcias em Primeira M\u00e3o","potentialAction":[{"@type":"SearchAction","target":{"@type":"EntryPoint","urlTemplate":"https:\/\/portalnpm.com\/?s={search_term_string}"},"query-input":"required name=search_term_string"}],"inLanguage":"pt-BR"},{"@type":"Person","@id":"https:\/\/portalnpm.com\/#\/schema\/person\/49313e563cfdefcc167f1ee4c017c294","name":"Genival Barbosa","image":{"@type":"ImageObject","inLanguage":"pt-BR","@id":"https:\/\/portalnpm.com\/#\/schema\/person\/image\/","url":"https:\/\/portalnpm.com\/wp-content\/uploads\/2024\/02\/avatar_user_2_1707743258-96x96.jpeg","contentUrl":"https:\/\/portalnpm.com\/wp-content\/uploads\/2024\/02\/avatar_user_2_1707743258-96x96.jpeg","caption":"Genival Barbosa"},"url":"https:\/\/portalnpm.com\/index.php\/author\/genival\/"}]}},"jetpack_sharing_enabled":true,"jetpack_featured_media_url":"https:\/\/portalnpm.com\/wp-content\/uploads\/2024\/01\/40978edb051d2bdc316400c928ba0be5.jpg","_links":{"self":[{"href":"https:\/\/portalnpm.com\/index.php\/wp-json\/wp\/v2\/posts\/65923"}],"collection":[{"href":"https:\/\/portalnpm.com\/index.php\/wp-json\/wp\/v2\/posts"}],"about":[{"href":"https:\/\/portalnpm.com\/index.php\/wp-json\/wp\/v2\/types\/post"}],"author":[{"embeddable":true,"href":"https:\/\/portalnpm.com\/index.php\/wp-json\/wp\/v2\/users\/2"}],"replies":[{"embeddable":true,"href":"https:\/\/portalnpm.com\/index.php\/wp-json\/wp\/v2\/comments?post=65923"}],"version-history":[{"count":0,"href":"https:\/\/portalnpm.com\/index.php\/wp-json\/wp\/v2\/posts\/65923\/revisions"}],"wp:featuredmedia":[{"embeddable":true,"href":"https:\/\/portalnpm.com\/index.php\/wp-json\/wp\/v2\/media\/65924"}],"wp:attachment":[{"href":"https:\/\/portalnpm.com\/index.php\/wp-json\/wp\/v2\/media?parent=65923"}],"wp:term":[{"taxonomy":"category","embeddable":true,"href":"https:\/\/portalnpm.com\/index.php\/wp-json\/wp\/v2\/categories?post=65923"},{"taxonomy":"post_tag","embeddable":true,"href":"https:\/\/portalnpm.com\/index.php\/wp-json\/wp\/v2\/tags?post=65923"}],"curies":[{"name":"wp","href":"https:\/\/api.w.org\/{rel}","templated":true}]}}