{"id":65930,"date":"2021-06-23T16:35:56","date_gmt":"2021-06-23T19:35:56","guid":{"rendered":"https:\/\/portalnpm.com\/index.php\/2021\/06\/23\/prefeito-e-vereadores-sao-vacinados-como-prioridades-em-municipio-do-piaui\/"},"modified":"2021-06-23T16:35:56","modified_gmt":"2021-06-23T19:35:56","slug":"prefeito-e-vereadores-sao-vacinados-como-prioridades-em-municipio-do-piaui","status":"publish","type":"post","link":"https:\/\/portalnpm.com\/index.php\/2021\/06\/23\/prefeito-e-vereadores-sao-vacinados-como-prioridades-em-municipio-do-piaui\/","title":{"rendered":"Prefeito e vereadores s\u00e3o vacinados como prioridades em munic\u00edpio do Piau\u00ed"},"content":{"rendered":"<div>\n<p style=\"text-align: justify;\">O\u00a0prefeito do munic\u00edpio de Nossa Senhora de Nazar\u00e9, Z\u00e9 Henrique (PSD), o vice-prefeito, Lucas Oliveira (Progressista), secret\u00e1rios municipais e os vereadores da cidade foram\u00a0vacinados contra a Covid-19\u00a0nessa segunda-feira (21) ap\u00f3s serem inclu\u00eddos na lista de servi\u00e7os essenciais e garantirem prioridade na fila da imuniza\u00e7\u00e3o.<\/p>\n<\/div>\n<div style=\"text-align: justify;\">\n<p>Nas redes sociais, o prefeito comemorou a vacina\u00e7\u00e3o ao postar fotos durante a aplica\u00e7\u00e3o da vacina. \u201cSer prefeito n\u00e3o \u00e9 f\u00e1cil e nem pra qualquer pessoa, requer dedica\u00e7\u00e3o, esfor\u00e7o, doa\u00e7\u00e3o e, muitas vezes, sacrif\u00edcio. Agrade\u00e7o a Deus primeiramente pela vacina, me comprometendo em troca a me empenhar cada dia mais pelo meu povo nazareno e pelo meu munic\u00edpio\u201d, escreveu.<\/p>\n<p>O\u00a0prefeito Z\u00e9 Henrique\u00a0explicou que a imuniza\u00e7\u00e3o de membros dos poder Executivo e Legislativo foi aprovado pelo Conselho Municipal de Sa\u00fade de Nossa Senhora de Nazar\u00e9. \u201cAp\u00f3s a aprova\u00e7\u00e3o pelo conselho municipal de sa\u00fade de Nossa Senhora de Nazar\u00e9, os poderes executivo e legislativo municipal foram inclusos nas prioridades da vacina\u00e7\u00e3o contra a COVID-19\u201d, disse.<\/p>\n<p>A reuni\u00e3o do Conselho Municipal de Sa\u00fade realizada nessa segunda-feira (21) aprovou al\u00e9m da de prefeito, vice e vereadores, a vacina\u00e7\u00e3o dos membros do pr\u00f3prio conselho, e correspondentes banc\u00e1rios. No momento, em Nossa Senhora de Nazar\u00e9, a vacina\u00e7\u00e3o atinge a popula\u00e7\u00e3o em geral de 54 a 52 e grupos essenciais.<\/p>\n<p>O Portal O Dia tentou contato com a assessoria de comunica\u00e7\u00e3o da Prefeitura de Nossa Senhora de Nazar\u00e9, mas at\u00e9 o fechamento dessa mat\u00e9ria n\u00e3o recebeu retorno.<\/p>\n<\/div>\n<p style=\"text-align: justify;\">Fonte:\u00a0<a href=\"https:\/\/www.portalodia.com\/\">Portal O Dia\u00a0<\/a><\/p>\n","protected":false},"excerpt":{"rendered":"<p>O\u00a0prefeito do munic\u00edpio de Nossa Senhora de Nazar\u00e9, Z\u00e9 Henrique (PSD), o vice-prefeito, Lucas Oliveira (Progressista), secret\u00e1rios municipais e os vereadores da cidade foram\u00a0vacinados contra a Covid-19\u00a0nessa segunda-feira (21) ap\u00f3s serem inclu\u00eddos na lista de servi\u00e7os essenciais e garantirem prioridade na fila da imuniza\u00e7\u00e3o. Nas redes sociais, o prefeito comemorou a vacina\u00e7\u00e3o ao postar fotos &hellip;<\/p>\n","protected":false},"author":2,"featured_media":34211,"comment_status":"open","ping_status":"open","sticky":false,"template":"","format":"standard","meta":{"content-type":"","rop_custom_images_group":[],"rop_custom_messages_group":[],"rop_publish_now":"initial","rop_publish_now_accounts":{"facebook_2648258775420054_1618374048415101":""},"rop_publish_now_history":[],"rop_publish_now_status":"pending","footnotes":"","_jetpack_memberships_contains_paid_content":false},"categories":[188,130],"tags":[187,135,8532],"yoast_head":"<!-- This site is optimized with the Yoast SEO plugin v22.3 - https:\/\/yoast.com\/wordpress\/plugins\/seo\/ -->\n<title>Prefeito e vereadores s\u00e3o vacinados como prioridades em munic\u00edpio do Piau\u00ed<\/title>\n<meta name=\"robots\" content=\"index, follow, max-snippet:-1, max-image-preview:large, max-video-preview:-1\" \/>\n<link rel=\"canonical\" href=\"https:\/\/portalnpm.com\/index.php\/2021\/06\/23\/prefeito-e-vereadores-sao-vacinados-como-prioridades-em-municipio-do-piaui\/\" \/>\n<meta property=\"og:locale\" content=\"pt_BR\" \/>\n<meta property=\"og:type\" content=\"article\" \/>\n<meta property=\"og:title\" content=\"Prefeito e vereadores s\u00e3o vacinados como prioridades em munic\u00edpio do Piau\u00ed\" \/>\n<meta property=\"og:description\" content=\"O\u00a0prefeito do munic\u00edpio de Nossa Senhora de Nazar\u00e9, Z\u00e9 Henrique (PSD), o vice-prefeito, Lucas Oliveira (Progressista), secret\u00e1rios municipais e os vereadores da cidade foram\u00a0vacinados contra a Covid-19\u00a0nessa segunda-feira (21) ap\u00f3s serem inclu\u00eddos na lista de servi\u00e7os essenciais e garantirem prioridade na fila da imuniza\u00e7\u00e3o. Nas redes sociais, o prefeito comemorou a vacina\u00e7\u00e3o ao postar fotos &hellip;\" \/>\n<meta property=\"og:url\" content=\"https:\/\/portalnpm.com\/index.php\/2021\/06\/23\/prefeito-e-vereadores-sao-vacinados-como-prioridades-em-municipio-do-piaui\/\" \/>\n<meta property=\"og:site_name\" content=\"Portal NPM\" \/>\n<meta property=\"article:published_time\" content=\"2021-06-23T19:35:56+00:00\" \/>\n<meta name=\"author\" content=\"Genival Barbosa\" \/>\n<meta name=\"twitter:card\" content=\"summary_large_image\" \/>\n<meta name=\"twitter:label1\" content=\"Escrito por\" \/>\n\t<meta name=\"twitter:data1\" content=\"Genival Barbosa\" \/>\n\t<meta name=\"twitter:label2\" content=\"Est. tempo de leitura\" \/>\n\t<meta name=\"twitter:data2\" content=\"2 minutos\" \/>\n<script type=\"application\/ld+json\" class=\"yoast-schema-graph\">{\"@context\":\"https:\/\/schema.org\",\"@graph\":[{\"@type\":\"WebPage\",\"@id\":\"https:\/\/portalnpm.com\/index.php\/2021\/06\/23\/prefeito-e-vereadores-sao-vacinados-como-prioridades-em-municipio-do-piaui\/\",\"url\":\"https:\/\/portalnpm.com\/index.php\/2021\/06\/23\/prefeito-e-vereadores-sao-vacinados-como-prioridades-em-municipio-do-piaui\/\",\"name\":\"Prefeito e vereadores s\u00e3o vacinados como prioridades em munic\u00edpio do Piau\u00ed\",\"isPartOf\":{\"@id\":\"https:\/\/portalnpm.com\/#website\"},\"primaryImageOfPage\":{\"@id\":\"https:\/\/portalnpm.com\/index.php\/2021\/06\/23\/prefeito-e-vereadores-sao-vacinados-como-prioridades-em-municipio-do-piaui\/#primaryimage\"},\"image\":{\"@id\":\"https:\/\/portalnpm.com\/index.php\/2021\/06\/23\/prefeito-e-vereadores-sao-vacinados-como-prioridades-em-municipio-do-piaui\/#primaryimage\"},\"thumbnailUrl\":\"\",\"datePublished\":\"2021-06-23T19:35:56+00:00\",\"dateModified\":\"2021-06-23T19:35:56+00:00\",\"author\":{\"@id\":\"https:\/\/portalnpm.com\/#\/schema\/person\/49313e563cfdefcc167f1ee4c017c294\"},\"breadcrumb\":{\"@id\":\"https:\/\/portalnpm.com\/index.php\/2021\/06\/23\/prefeito-e-vereadores-sao-vacinados-como-prioridades-em-municipio-do-piaui\/#breadcrumb\"},\"inLanguage\":\"pt-BR\",\"potentialAction\":[{\"@type\":\"ReadAction\",\"target\":[\"https:\/\/portalnpm.com\/index.php\/2021\/06\/23\/prefeito-e-vereadores-sao-vacinados-como-prioridades-em-municipio-do-piaui\/\"]}]},{\"@type\":\"ImageObject\",\"inLanguage\":\"pt-BR\",\"@id\":\"https:\/\/portalnpm.com\/index.php\/2021\/06\/23\/prefeito-e-vereadores-sao-vacinados-como-prioridades-em-municipio-do-piaui\/#primaryimage\",\"url\":\"\",\"contentUrl\":\"\"},{\"@type\":\"BreadcrumbList\",\"@id\":\"https:\/\/portalnpm.com\/index.php\/2021\/06\/23\/prefeito-e-vereadores-sao-vacinados-como-prioridades-em-municipio-do-piaui\/#breadcrumb\",\"itemListElement\":[{\"@type\":\"ListItem\",\"position\":1,\"name\":\"In\u00edcio\",\"item\":\"https:\/\/portalnpm.com\/\"},{\"@type\":\"ListItem\",\"position\":2,\"name\":\"Prefeito e vereadores s\u00e3o vacinados como prioridades em munic\u00edpio do Piau\u00ed\"}]},{\"@type\":\"WebSite\",\"@id\":\"https:\/\/portalnpm.com\/#website\",\"url\":\"https:\/\/portalnpm.com\/\",\"name\":\"Portal NPM\",\"description\":\"Not\u00edcias em Primeira M\u00e3o\",\"potentialAction\":[{\"@type\":\"SearchAction\",\"target\":{\"@type\":\"EntryPoint\",\"urlTemplate\":\"https:\/\/portalnpm.com\/?s={search_term_string}\"},\"query-input\":\"required name=search_term_string\"}],\"inLanguage\":\"pt-BR\"},{\"@type\":\"Person\",\"@id\":\"https:\/\/portalnpm.com\/#\/schema\/person\/49313e563cfdefcc167f1ee4c017c294\",\"name\":\"Genival Barbosa\",\"image\":{\"@type\":\"ImageObject\",\"inLanguage\":\"pt-BR\",\"@id\":\"https:\/\/portalnpm.com\/#\/schema\/person\/image\/\",\"url\":\"https:\/\/portalnpm.com\/wp-content\/uploads\/2024\/02\/avatar_user_2_1707743258-96x96.jpeg\",\"contentUrl\":\"https:\/\/portalnpm.com\/wp-content\/uploads\/2024\/02\/avatar_user_2_1707743258-96x96.jpeg\",\"caption\":\"Genival Barbosa\"},\"url\":\"https:\/\/portalnpm.com\/index.php\/author\/genival\/\"}]}<\/script>\n<!-- \/ Yoast SEO plugin. -->","yoast_head_json":{"title":"Prefeito e vereadores s\u00e3o vacinados como prioridades em munic\u00edpio do Piau\u00ed","robots":{"index":"index","follow":"follow","max-snippet":"max-snippet:-1","max-image-preview":"max-image-preview:large","max-video-preview":"max-video-preview:-1"},"canonical":"https:\/\/portalnpm.com\/index.php\/2021\/06\/23\/prefeito-e-vereadores-sao-vacinados-como-prioridades-em-municipio-do-piaui\/","og_locale":"pt_BR","og_type":"article","og_title":"Prefeito e vereadores s\u00e3o vacinados como prioridades em munic\u00edpio do Piau\u00ed","og_description":"O\u00a0prefeito do munic\u00edpio de Nossa Senhora de Nazar\u00e9, Z\u00e9 Henrique (PSD), o vice-prefeito, Lucas Oliveira (Progressista), secret\u00e1rios municipais e os vereadores da cidade foram\u00a0vacinados contra a Covid-19\u00a0nessa segunda-feira (21) ap\u00f3s serem inclu\u00eddos na lista de servi\u00e7os essenciais e garantirem prioridade na fila da imuniza\u00e7\u00e3o. Nas redes sociais, o prefeito comemorou a vacina\u00e7\u00e3o ao postar fotos &hellip;","og_url":"https:\/\/portalnpm.com\/index.php\/2021\/06\/23\/prefeito-e-vereadores-sao-vacinados-como-prioridades-em-municipio-do-piaui\/","og_site_name":"Portal NPM","article_published_time":"2021-06-23T19:35:56+00:00","author":"Genival Barbosa","twitter_card":"summary_large_image","twitter_misc":{"Escrito por":"Genival Barbosa","Est. tempo de leitura":"2 minutos"},"schema":{"@context":"https:\/\/schema.org","@graph":[{"@type":"WebPage","@id":"https:\/\/portalnpm.com\/index.php\/2021\/06\/23\/prefeito-e-vereadores-sao-vacinados-como-prioridades-em-municipio-do-piaui\/","url":"https:\/\/portalnpm.com\/index.php\/2021\/06\/23\/prefeito-e-vereadores-sao-vacinados-como-prioridades-em-municipio-do-piaui\/","name":"Prefeito e vereadores s\u00e3o vacinados como prioridades em munic\u00edpio do Piau\u00ed","isPartOf":{"@id":"https:\/\/portalnpm.com\/#website"},"primaryImageOfPage":{"@id":"https:\/\/portalnpm.com\/index.php\/2021\/06\/23\/prefeito-e-vereadores-sao-vacinados-como-prioridades-em-municipio-do-piaui\/#primaryimage"},"image":{"@id":"https:\/\/portalnpm.com\/index.php\/2021\/06\/23\/prefeito-e-vereadores-sao-vacinados-como-prioridades-em-municipio-do-piaui\/#primaryimage"},"thumbnailUrl":"","datePublished":"2021-06-23T19:35:56+00:00","dateModified":"2021-06-23T19:35:56+00:00","author":{"@id":"https:\/\/portalnpm.com\/#\/schema\/person\/49313e563cfdefcc167f1ee4c017c294"},"breadcrumb":{"@id":"https:\/\/portalnpm.com\/index.php\/2021\/06\/23\/prefeito-e-vereadores-sao-vacinados-como-prioridades-em-municipio-do-piaui\/#breadcrumb"},"inLanguage":"pt-BR","potentialAction":[{"@type":"ReadAction","target":["https:\/\/portalnpm.com\/index.php\/2021\/06\/23\/prefeito-e-vereadores-sao-vacinados-como-prioridades-em-municipio-do-piaui\/"]}]},{"@type":"ImageObject","inLanguage":"pt-BR","@id":"https:\/\/portalnpm.com\/index.php\/2021\/06\/23\/prefeito-e-vereadores-sao-vacinados-como-prioridades-em-municipio-do-piaui\/#primaryimage","url":"","contentUrl":""},{"@type":"BreadcrumbList","@id":"https:\/\/portalnpm.com\/index.php\/2021\/06\/23\/prefeito-e-vereadores-sao-vacinados-como-prioridades-em-municipio-do-piaui\/#breadcrumb","itemListElement":[{"@type":"ListItem","position":1,"name":"In\u00edcio","item":"https:\/\/portalnpm.com\/"},{"@type":"ListItem","position":2,"name":"Prefeito e vereadores s\u00e3o vacinados como prioridades em munic\u00edpio do Piau\u00ed"}]},{"@type":"WebSite","@id":"https:\/\/portalnpm.com\/#website","url":"https:\/\/portalnpm.com\/","name":"Portal NPM","description":"Not\u00edcias em Primeira M\u00e3o","potentialAction":[{"@type":"SearchAction","target":{"@type":"EntryPoint","urlTemplate":"https:\/\/portalnpm.com\/?s={search_term_string}"},"query-input":"required name=search_term_string"}],"inLanguage":"pt-BR"},{"@type":"Person","@id":"https:\/\/portalnpm.com\/#\/schema\/person\/49313e563cfdefcc167f1ee4c017c294","name":"Genival Barbosa","image":{"@type":"ImageObject","inLanguage":"pt-BR","@id":"https:\/\/portalnpm.com\/#\/schema\/person\/image\/","url":"https:\/\/portalnpm.com\/wp-content\/uploads\/2024\/02\/avatar_user_2_1707743258-96x96.jpeg","contentUrl":"https:\/\/portalnpm.com\/wp-content\/uploads\/2024\/02\/avatar_user_2_1707743258-96x96.jpeg","caption":"Genival Barbosa"},"url":"https:\/\/portalnpm.com\/index.php\/author\/genival\/"}]}},"jetpack_sharing_enabled":true,"jetpack_featured_media_url":"","_links":{"self":[{"href":"https:\/\/portalnpm.com\/index.php\/wp-json\/wp\/v2\/posts\/65930"}],"collection":[{"href":"https:\/\/portalnpm.com\/index.php\/wp-json\/wp\/v2\/posts"}],"about":[{"href":"https:\/\/portalnpm.com\/index.php\/wp-json\/wp\/v2\/types\/post"}],"author":[{"embeddable":true,"href":"https:\/\/portalnpm.com\/index.php\/wp-json\/wp\/v2\/users\/2"}],"replies":[{"embeddable":true,"href":"https:\/\/portalnpm.com\/index.php\/wp-json\/wp\/v2\/comments?post=65930"}],"version-history":[{"count":0,"href":"https:\/\/portalnpm.com\/index.php\/wp-json\/wp\/v2\/posts\/65930\/revisions"}],"wp:featuredmedia":[{"embeddable":true,"href":"https:\/\/portalnpm.com\/index.php\/wp-json\/"}],"wp:attachment":[{"href":"https:\/\/portalnpm.com\/index.php\/wp-json\/wp\/v2\/media?parent=65930"}],"wp:term":[{"taxonomy":"category","embeddable":true,"href":"https:\/\/portalnpm.com\/index.php\/wp-json\/wp\/v2\/categories?post=65930"},{"taxonomy":"post_tag","embeddable":true,"href":"https:\/\/portalnpm.com\/index.php\/wp-json\/wp\/v2\/tags?post=65930"}],"curies":[{"name":"wp","href":"https:\/\/api.w.org\/{rel}","templated":true}]}}