{"id":65948,"date":"2021-06-24T09:25:11","date_gmt":"2021-06-24T12:25:11","guid":{"rendered":"https:\/\/portalnpm.com\/index.php\/2021\/06\/24\/barroso-nega-pedido-de-bolsonaro-para-derrubar-lockdown-em-estados\/"},"modified":"2021-06-24T09:25:11","modified_gmt":"2021-06-24T12:25:11","slug":"barroso-nega-pedido-de-bolsonaro-para-derrubar-lockdown-em-estados","status":"publish","type":"post","link":"https:\/\/portalnpm.com\/index.php\/2021\/06\/24\/barroso-nega-pedido-de-bolsonaro-para-derrubar-lockdown-em-estados\/","title":{"rendered":"BARROSO nega pedido de Bolsonaro para derrubar lockdown em estados"},"content":{"rendered":"<p style=\"text-align: justify;\">O ministro do STF (Supremo Tribunal Federal) Lu\u00eds Roberto Barroso negou na quarta-feira, 22 de junho, o pedido do presidente Jair Bolsonaro (sem partido) para derrubar medidas restritivas como o lockdown nos estados brasileiros.<\/p>\n<p>\u00a0<\/p>\n<p style=\"text-align: justify;\">Conforme informou a analista da CNN Tha\u00eds Arbex, a a\u00e7\u00e3o que pedia que fossem declaradas inconstitucionais medidas de governadores e prefeitos por lockdown e toques de recolher em raz\u00e3o da pandemia da Covid-19 foi apresentada ao STF no dia 27 de maio.<\/p>\n<p style=\"text-align: justify;\">A a\u00e7\u00e3o mirava medidas decretadas nos dias anteriores pelos governadores de tr\u00eas estados: Ratinho J\u00fanior (PSD), do Paran\u00e1; Paulo C\u00e2mara (PSB), de Pernambuco; e F\u00e1tima Bezerra (PT), do Rio Grande do Norte.<\/p>\n<p style=\"text-align: justify;\">Formalmente, o pedido \u2014 assinado pelo presidente Jair Bolsonaro e pelo advogado-geral da Uni\u00e3o, Andr\u00e9 Mendon\u00e7a \u2014 era uma A\u00e7\u00e3o Direta de Inconstitucionalidade (ADI) apresentada pela Advocacia-Geral da Uni\u00e3o (AGU), entidade que representa juridicamente o presidente e servidores federais.<\/p>\n<p style=\"text-align: justify;\">A AGU afirmou que Bolsonaro n\u00e3o estava questionando decis\u00f5es anteriores do STF, que reconheceu direito de governadores e prefeitos decretarem medidas sanit\u00e1rias de restri\u00e7\u00e3o ao deslocamento, mas sim que \u201calgumas dessas medidas n\u00e3o se compatibilizam com preceitos constitucionais inafast\u00e1veis\u201d.<\/p>\n<p style=\"text-align: justify;\">\u201c[A a\u00e7\u00e3o] considera que algumas dessas medidas n\u00e3o se compatibilizam com preceitos constitucionais inafast\u00e1veis, como a necessidade de supervis\u00e3o parlamentar, a impossibilidade de supress\u00e3o de outros direitos fundamentais igualmente protegidos pela Constitui\u00e7\u00e3o e a demonstra\u00e7\u00e3o concreta e motivada de que tais medidas atendem ao princ\u00edpio da proporcionalidade\u201d, afirmou a AGU \u00e0 \u00e9poca.<\/p>\n<p style=\"text-align: justify;\">Liberdades<br \/>\nA a\u00e7\u00e3o ia al\u00e9m de lockdown ou toque de recolher e citava tamb\u00e9m o que chamou de \u201cinterdi\u00e7\u00e3o de forma gen\u00e9rica e indiscriminada das liberdades de locomo\u00e7\u00e3o, de trabalho e de exerc\u00edcio das atividades econ\u00f4micas em geral\u201d.<\/p>\n<p style=\"text-align: justify;\">A AGU argumentava ainda que as medidas seriam \u201cdesproporcionais\u201d, uma vez que o Brasil j\u00e1 iniciou \u201cuma consistente campanha de vacina\u00e7\u00e3o\u201d contra a Covid-19.<\/p>\n<p style=\"text-align: justify;\">Na \u00faltima segunda-feira (21), o procurador-geral da Rep\u00fablica, Augusto Aras, se manifestou dizendo que a a\u00e7\u00e3o proposta pelo presidente perdeu o objeto \u2014 ou seja, n\u00e3o havia o que decidir.<\/p>\n<p style=\"text-align: justify;\">Ap\u00f3s o pedido de arquivamento da PGR, Bolsonaro protocolou nesta ter\u00e7a-feira (22) um aditamento da a\u00e7\u00e3o \u2013 o termo jur\u00eddico para um complemento, um acr\u00e9scimo feito ao que havia sido apresentado antes.<\/p>\n<p style=\"text-align: justify;\">No aditamento, Mendon\u00e7a afirma que as medidas do Paran\u00e1 e do Rio Grande do Norte ainda seguem em vigor, uma vez que os governadores Ratinho J\u00fanior e F\u00e1tima Bezerra, respectivamente, teriam assinado decretos de teor semelhante aos inicialmente questionados.<\/p>\n<p style=\"text-align: justify;\">De acordo com Barroso, por\u00e9m, o pedido foi negado \u201cpor aus\u00eancia da verossimilhan\u00e7a do direito alegado e grave periculum in mora inverso, consistente no risco de agravamento de cont\u00e1gio e morte, em raz\u00e3o da pandemia\u201d.<\/p>\n<p style=\"text-align: justify;\">Portal Novos Tempos \u2013 Fonte: CNN<\/p>\n","protected":false},"excerpt":{"rendered":"<p>O ministro do STF (Supremo Tribunal Federal) Lu\u00eds Roberto Barroso negou na quarta-feira, 22 de junho, o pedido do presidente Jair Bolsonaro (sem partido) para derrubar medidas restritivas como o lockdown nos estados brasileiros. \u00a0 Conforme informou a analista da CNN Tha\u00eds Arbex, a a\u00e7\u00e3o que pedia que fossem declaradas inconstitucionais medidas de governadores e &hellip;<\/p>\n","protected":false},"author":8,"featured_media":65949,"comment_status":"open","ping_status":"open","sticky":false,"template":"","format":"standard","meta":{"content-type":"","rop_custom_images_group":[],"rop_custom_messages_group":[],"rop_publish_now":"initial","rop_publish_now_accounts":{"facebook_2648258775420054_1618374048415101":""},"rop_publish_now_history":[],"rop_publish_now_status":"pending","footnotes":"","_jetpack_memberships_contains_paid_content":false},"categories":[125],"tags":[4662,680,5630],"yoast_head":"<!-- This site is optimized with the Yoast SEO plugin v22.3 - https:\/\/yoast.com\/wordpress\/plugins\/seo\/ -->\n<title>BARROSO nega pedido de Bolsonaro para derrubar lockdown em estados<\/title>\n<meta name=\"robots\" content=\"index, follow, max-snippet:-1, max-image-preview:large, max-video-preview:-1\" \/>\n<link rel=\"canonical\" href=\"https:\/\/portalnpm.com\/index.php\/2021\/06\/24\/barroso-nega-pedido-de-bolsonaro-para-derrubar-lockdown-em-estados\/\" \/>\n<meta property=\"og:locale\" content=\"pt_BR\" \/>\n<meta property=\"og:type\" content=\"article\" \/>\n<meta property=\"og:title\" content=\"BARROSO nega pedido de Bolsonaro para derrubar lockdown em estados\" \/>\n<meta property=\"og:description\" content=\"O ministro do STF (Supremo Tribunal Federal) Lu\u00eds Roberto Barroso negou na quarta-feira, 22 de junho, o pedido do presidente Jair Bolsonaro (sem partido) para derrubar medidas restritivas como o lockdown nos estados brasileiros. \u00a0 Conforme informou a analista da CNN Tha\u00eds Arbex, a a\u00e7\u00e3o que pedia que fossem declaradas inconstitucionais medidas de governadores e &hellip;\" \/>\n<meta property=\"og:url\" content=\"https:\/\/portalnpm.com\/index.php\/2021\/06\/24\/barroso-nega-pedido-de-bolsonaro-para-derrubar-lockdown-em-estados\/\" \/>\n<meta property=\"og:site_name\" content=\"Portal NPM\" \/>\n<meta property=\"article:published_time\" content=\"2021-06-24T12:25:11+00:00\" \/>\n<meta property=\"og:image\" content=\"https:\/\/portalnpm.com\/wp-content\/uploads\/2024\/01\/20210624_034245.jpg\" \/>\n\t<meta property=\"og:image:width\" content=\"666\" \/>\n\t<meta property=\"og:image:height\" content=\"424\" \/>\n\t<meta property=\"og:image:type\" content=\"image\/jpeg\" \/>\n<meta name=\"author\" content=\"Zenilton Lima\" \/>\n<meta name=\"twitter:card\" content=\"summary_large_image\" \/>\n<meta name=\"twitter:label1\" content=\"Escrito por\" \/>\n\t<meta name=\"twitter:data1\" content=\"Zenilton Lima\" \/>\n\t<meta name=\"twitter:label2\" content=\"Est. tempo de leitura\" \/>\n\t<meta name=\"twitter:data2\" content=\"2 minutos\" \/>\n<script type=\"application\/ld+json\" class=\"yoast-schema-graph\">{\"@context\":\"https:\/\/schema.org\",\"@graph\":[{\"@type\":\"WebPage\",\"@id\":\"https:\/\/portalnpm.com\/index.php\/2021\/06\/24\/barroso-nega-pedido-de-bolsonaro-para-derrubar-lockdown-em-estados\/\",\"url\":\"https:\/\/portalnpm.com\/index.php\/2021\/06\/24\/barroso-nega-pedido-de-bolsonaro-para-derrubar-lockdown-em-estados\/\",\"name\":\"BARROSO nega pedido de Bolsonaro para derrubar lockdown em estados\",\"isPartOf\":{\"@id\":\"https:\/\/portalnpm.com\/#website\"},\"primaryImageOfPage\":{\"@id\":\"https:\/\/portalnpm.com\/index.php\/2021\/06\/24\/barroso-nega-pedido-de-bolsonaro-para-derrubar-lockdown-em-estados\/#primaryimage\"},\"image\":{\"@id\":\"https:\/\/portalnpm.com\/index.php\/2021\/06\/24\/barroso-nega-pedido-de-bolsonaro-para-derrubar-lockdown-em-estados\/#primaryimage\"},\"thumbnailUrl\":\"https:\/\/portalnpm.com\/wp-content\/uploads\/2024\/01\/20210624_034245.jpg\",\"datePublished\":\"2021-06-24T12:25:11+00:00\",\"dateModified\":\"2021-06-24T12:25:11+00:00\",\"author\":{\"@id\":\"https:\/\/portalnpm.com\/#\/schema\/person\/35cb55186eae3f074b6783da6d35591e\"},\"breadcrumb\":{\"@id\":\"https:\/\/portalnpm.com\/index.php\/2021\/06\/24\/barroso-nega-pedido-de-bolsonaro-para-derrubar-lockdown-em-estados\/#breadcrumb\"},\"inLanguage\":\"pt-BR\",\"potentialAction\":[{\"@type\":\"ReadAction\",\"target\":[\"https:\/\/portalnpm.com\/index.php\/2021\/06\/24\/barroso-nega-pedido-de-bolsonaro-para-derrubar-lockdown-em-estados\/\"]}]},{\"@type\":\"ImageObject\",\"inLanguage\":\"pt-BR\",\"@id\":\"https:\/\/portalnpm.com\/index.php\/2021\/06\/24\/barroso-nega-pedido-de-bolsonaro-para-derrubar-lockdown-em-estados\/#primaryimage\",\"url\":\"https:\/\/portalnpm.com\/wp-content\/uploads\/2024\/01\/20210624_034245.jpg\",\"contentUrl\":\"https:\/\/portalnpm.com\/wp-content\/uploads\/2024\/01\/20210624_034245.jpg\",\"width\":666,\"height\":424},{\"@type\":\"BreadcrumbList\",\"@id\":\"https:\/\/portalnpm.com\/index.php\/2021\/06\/24\/barroso-nega-pedido-de-bolsonaro-para-derrubar-lockdown-em-estados\/#breadcrumb\",\"itemListElement\":[{\"@type\":\"ListItem\",\"position\":1,\"name\":\"In\u00edcio\",\"item\":\"https:\/\/portalnpm.com\/\"},{\"@type\":\"ListItem\",\"position\":2,\"name\":\"BARROSO nega pedido de Bolsonaro para derrubar lockdown em estados\"}]},{\"@type\":\"WebSite\",\"@id\":\"https:\/\/portalnpm.com\/#website\",\"url\":\"https:\/\/portalnpm.com\/\",\"name\":\"Portal NPM\",\"description\":\"Not\u00edcias em Primeira M\u00e3o\",\"potentialAction\":[{\"@type\":\"SearchAction\",\"target\":{\"@type\":\"EntryPoint\",\"urlTemplate\":\"https:\/\/portalnpm.com\/?s={search_term_string}\"},\"query-input\":\"required name=search_term_string\"}],\"inLanguage\":\"pt-BR\"},{\"@type\":\"Person\",\"@id\":\"https:\/\/portalnpm.com\/#\/schema\/person\/35cb55186eae3f074b6783da6d35591e\",\"name\":\"Zenilton Lima\",\"image\":{\"@type\":\"ImageObject\",\"inLanguage\":\"pt-BR\",\"@id\":\"https:\/\/portalnpm.com\/#\/schema\/person\/image\/\",\"url\":\"https:\/\/portalnpm.com\/wp-content\/uploads\/2024\/12\/avatar_user_8_1733658137-96x96.jpeg\",\"contentUrl\":\"https:\/\/portalnpm.com\/wp-content\/uploads\/2024\/12\/avatar_user_8_1733658137-96x96.jpeg\",\"caption\":\"Zenilton Lima\"},\"url\":\"https:\/\/portalnpm.com\/index.php\/author\/zenilton\/\"}]}<\/script>\n<!-- \/ Yoast SEO plugin. -->","yoast_head_json":{"title":"BARROSO nega pedido de Bolsonaro para derrubar lockdown em estados","robots":{"index":"index","follow":"follow","max-snippet":"max-snippet:-1","max-image-preview":"max-image-preview:large","max-video-preview":"max-video-preview:-1"},"canonical":"https:\/\/portalnpm.com\/index.php\/2021\/06\/24\/barroso-nega-pedido-de-bolsonaro-para-derrubar-lockdown-em-estados\/","og_locale":"pt_BR","og_type":"article","og_title":"BARROSO nega pedido de Bolsonaro para derrubar lockdown em estados","og_description":"O ministro do STF (Supremo Tribunal Federal) Lu\u00eds Roberto Barroso negou na quarta-feira, 22 de junho, o pedido do presidente Jair Bolsonaro (sem partido) para derrubar medidas restritivas como o lockdown nos estados brasileiros. \u00a0 Conforme informou a analista da CNN Tha\u00eds Arbex, a a\u00e7\u00e3o que pedia que fossem declaradas inconstitucionais medidas de governadores e &hellip;","og_url":"https:\/\/portalnpm.com\/index.php\/2021\/06\/24\/barroso-nega-pedido-de-bolsonaro-para-derrubar-lockdown-em-estados\/","og_site_name":"Portal NPM","article_published_time":"2021-06-24T12:25:11+00:00","og_image":[{"width":666,"height":424,"url":"https:\/\/portalnpm.com\/wp-content\/uploads\/2024\/01\/20210624_034245.jpg","type":"image\/jpeg"}],"author":"Zenilton Lima","twitter_card":"summary_large_image","twitter_misc":{"Escrito por":"Zenilton Lima","Est. tempo de leitura":"2 minutos"},"schema":{"@context":"https:\/\/schema.org","@graph":[{"@type":"WebPage","@id":"https:\/\/portalnpm.com\/index.php\/2021\/06\/24\/barroso-nega-pedido-de-bolsonaro-para-derrubar-lockdown-em-estados\/","url":"https:\/\/portalnpm.com\/index.php\/2021\/06\/24\/barroso-nega-pedido-de-bolsonaro-para-derrubar-lockdown-em-estados\/","name":"BARROSO nega pedido de Bolsonaro para derrubar lockdown em estados","isPartOf":{"@id":"https:\/\/portalnpm.com\/#website"},"primaryImageOfPage":{"@id":"https:\/\/portalnpm.com\/index.php\/2021\/06\/24\/barroso-nega-pedido-de-bolsonaro-para-derrubar-lockdown-em-estados\/#primaryimage"},"image":{"@id":"https:\/\/portalnpm.com\/index.php\/2021\/06\/24\/barroso-nega-pedido-de-bolsonaro-para-derrubar-lockdown-em-estados\/#primaryimage"},"thumbnailUrl":"https:\/\/portalnpm.com\/wp-content\/uploads\/2024\/01\/20210624_034245.jpg","datePublished":"2021-06-24T12:25:11+00:00","dateModified":"2021-06-24T12:25:11+00:00","author":{"@id":"https:\/\/portalnpm.com\/#\/schema\/person\/35cb55186eae3f074b6783da6d35591e"},"breadcrumb":{"@id":"https:\/\/portalnpm.com\/index.php\/2021\/06\/24\/barroso-nega-pedido-de-bolsonaro-para-derrubar-lockdown-em-estados\/#breadcrumb"},"inLanguage":"pt-BR","potentialAction":[{"@type":"ReadAction","target":["https:\/\/portalnpm.com\/index.php\/2021\/06\/24\/barroso-nega-pedido-de-bolsonaro-para-derrubar-lockdown-em-estados\/"]}]},{"@type":"ImageObject","inLanguage":"pt-BR","@id":"https:\/\/portalnpm.com\/index.php\/2021\/06\/24\/barroso-nega-pedido-de-bolsonaro-para-derrubar-lockdown-em-estados\/#primaryimage","url":"https:\/\/portalnpm.com\/wp-content\/uploads\/2024\/01\/20210624_034245.jpg","contentUrl":"https:\/\/portalnpm.com\/wp-content\/uploads\/2024\/01\/20210624_034245.jpg","width":666,"height":424},{"@type":"BreadcrumbList","@id":"https:\/\/portalnpm.com\/index.php\/2021\/06\/24\/barroso-nega-pedido-de-bolsonaro-para-derrubar-lockdown-em-estados\/#breadcrumb","itemListElement":[{"@type":"ListItem","position":1,"name":"In\u00edcio","item":"https:\/\/portalnpm.com\/"},{"@type":"ListItem","position":2,"name":"BARROSO nega pedido de Bolsonaro para derrubar lockdown em estados"}]},{"@type":"WebSite","@id":"https:\/\/portalnpm.com\/#website","url":"https:\/\/portalnpm.com\/","name":"Portal NPM","description":"Not\u00edcias em Primeira M\u00e3o","potentialAction":[{"@type":"SearchAction","target":{"@type":"EntryPoint","urlTemplate":"https:\/\/portalnpm.com\/?s={search_term_string}"},"query-input":"required name=search_term_string"}],"inLanguage":"pt-BR"},{"@type":"Person","@id":"https:\/\/portalnpm.com\/#\/schema\/person\/35cb55186eae3f074b6783da6d35591e","name":"Zenilton Lima","image":{"@type":"ImageObject","inLanguage":"pt-BR","@id":"https:\/\/portalnpm.com\/#\/schema\/person\/image\/","url":"https:\/\/portalnpm.com\/wp-content\/uploads\/2024\/12\/avatar_user_8_1733658137-96x96.jpeg","contentUrl":"https:\/\/portalnpm.com\/wp-content\/uploads\/2024\/12\/avatar_user_8_1733658137-96x96.jpeg","caption":"Zenilton Lima"},"url":"https:\/\/portalnpm.com\/index.php\/author\/zenilton\/"}]}},"jetpack_sharing_enabled":true,"jetpack_featured_media_url":"https:\/\/portalnpm.com\/wp-content\/uploads\/2024\/01\/20210624_034245.jpg","_links":{"self":[{"href":"https:\/\/portalnpm.com\/index.php\/wp-json\/wp\/v2\/posts\/65948"}],"collection":[{"href":"https:\/\/portalnpm.com\/index.php\/wp-json\/wp\/v2\/posts"}],"about":[{"href":"https:\/\/portalnpm.com\/index.php\/wp-json\/wp\/v2\/types\/post"}],"author":[{"embeddable":true,"href":"https:\/\/portalnpm.com\/index.php\/wp-json\/wp\/v2\/users\/8"}],"replies":[{"embeddable":true,"href":"https:\/\/portalnpm.com\/index.php\/wp-json\/wp\/v2\/comments?post=65948"}],"version-history":[{"count":0,"href":"https:\/\/portalnpm.com\/index.php\/wp-json\/wp\/v2\/posts\/65948\/revisions"}],"wp:featuredmedia":[{"embeddable":true,"href":"https:\/\/portalnpm.com\/index.php\/wp-json\/wp\/v2\/media\/65949"}],"wp:attachment":[{"href":"https:\/\/portalnpm.com\/index.php\/wp-json\/wp\/v2\/media?parent=65948"}],"wp:term":[{"taxonomy":"category","embeddable":true,"href":"https:\/\/portalnpm.com\/index.php\/wp-json\/wp\/v2\/categories?post=65948"},{"taxonomy":"post_tag","embeddable":true,"href":"https:\/\/portalnpm.com\/index.php\/wp-json\/wp\/v2\/tags?post=65948"}],"curies":[{"name":"wp","href":"https:\/\/api.w.org\/{rel}","templated":true}]}}