{"id":65987,"date":"2021-06-25T08:50:04","date_gmt":"2021-06-25T11:50:04","guid":{"rendered":"https:\/\/portalnpm.com\/index.php\/2021\/06\/25\/novo-complexo-solar-em-caldeirao-grande-ira-gerar-3-600-empregos-veja\/"},"modified":"2021-06-25T08:50:04","modified_gmt":"2021-06-25T11:50:04","slug":"novo-complexo-solar-em-caldeirao-grande-ira-gerar-3-600-empregos-veja","status":"publish","type":"post","link":"https:\/\/portalnpm.com\/index.php\/2021\/06\/25\/novo-complexo-solar-em-caldeirao-grande-ira-gerar-3-600-empregos-veja\/","title":{"rendered":"Novo complexo solar em Caldeir\u00e3o Grande ir\u00e1 gerar 3.600 empregos; Veja"},"content":{"rendered":"<p style=\"text-align: justify;\">O valor\u00a0investido no complexo, que ser\u00e1 constru\u00eddo em tr\u00eas etapas, ser\u00e1 de R$2,5 bilh\u00f5es. \u201cEnergia limpa \u00e9 uma prioridade do Piau\u00ed. A Ibtu \u00e9 uma empresa que j\u00e1 produz energia renov\u00e1vel no estado e este novo investimento \u00e9 muito importante e d\u00e1 a oportunidade para o Piau\u00ed alcan\u00e7ar um novo recorde nesta \u00e1rea de gera\u00e7\u00e3o de energia solar. J\u00e1 estamos trabalhando para ter condi\u00e7\u00f5es da libera\u00e7\u00e3o de licen\u00e7a pr\u00e9via ainda em junho e com isso a empresa conseguir\u00e1 dar in\u00edcio \u00e0s obras at\u00e9 novembro. Vamos abra\u00e7ar o projeto e dar todo o suporte necess\u00e1rio\u201d, disse o governador.<\/p>\n<p style=\"text-align: justify;\">\n<p style=\"text-align: justify;\">Cerca de 3.600 empregos diretos e indiretos ser\u00e3o gerados ao longo de tr\u00eas anos. \u201cA expectativa \u00e9 que j\u00e1 comecemos a contrata\u00e7\u00e3o de trabalhadores no final deste ano. Este complexo ser\u00e1 o maior de energia solar do Piau\u00ed e do Brasil. A cada etapa ser\u00e3o instalados 300 MW. Tamb\u00e9m atuaremos com projetos sociais no estado, destinando R$12 milh\u00f5es. Hoje a nossa maior planta de gera\u00e7\u00e3o de energia \u00e9 a \u00e9olica e ela j\u00e1 est\u00e1 localizada no munic\u00edpio de Caldeir\u00e3o Grande. Estamos muito satisfeitos em continuar essa parceria para erguer o Complexo Caldeir\u00e3o Grande 2\u201d, pontuou o presidente da Ibtu, Gustavo Ribeiro.<\/p>\n<p style=\"text-align: justify;\">A previs\u00e3o \u00e9 de que a \u00faltima etapa do complexo seja conclu\u00edda em 2024. \u201cIremos seguir um cronograma para viabilizar o in\u00edcio das obras ainda neste ano. Estamos trabalhando em conjunto com a Secretaria de Meio Ambiente e Secretaria de Fazenda para agilizar os tr\u00e2mites necess\u00e1rios para o in\u00edcio das obras. Hoje, com essa parceria, n\u00f3s avan\u00e7amos na agenda de atra\u00e7\u00e3o de grandes investimentos para o estado\u201d, afirmou o diretor de energias renov\u00e1veis da Seminper, Howzembergson de Brito.<\/p>\n<p style=\"text-align: justify;\"><em>Fonte: Cidade Verde<\/em><\/p>\n","protected":false},"excerpt":{"rendered":"<p>O valor\u00a0investido no complexo, que ser\u00e1 constru\u00eddo em tr\u00eas etapas, ser\u00e1 de R$2,5 bilh\u00f5es. \u201cEnergia limpa \u00e9 uma prioridade do Piau\u00ed. A Ibtu \u00e9 uma empresa que j\u00e1 produz energia renov\u00e1vel no estado e este novo investimento \u00e9 muito importante e d\u00e1 a oportunidade para o Piau\u00ed alcan\u00e7ar um novo recorde nesta \u00e1rea de gera\u00e7\u00e3o &hellip;<\/p>\n","protected":false},"author":8,"featured_media":34294,"comment_status":"open","ping_status":"open","sticky":false,"template":"","format":"standard","meta":{"content-type":"","rop_custom_images_group":[],"rop_custom_messages_group":[],"rop_publish_now":"initial","rop_publish_now_accounts":{"facebook_2648258775420054_1618374048415101":""},"rop_publish_now_history":[],"rop_publish_now_status":"pending","footnotes":"","_jetpack_memberships_contains_paid_content":false},"categories":[113],"tags":[724,11584,2960],"yoast_head":"<!-- This site is optimized with the Yoast SEO plugin v22.3 - https:\/\/yoast.com\/wordpress\/plugins\/seo\/ -->\n<title>Novo complexo solar em Caldeir\u00e3o Grande ir\u00e1 gerar 3.600 empregos; Veja<\/title>\n<meta name=\"robots\" content=\"index, follow, max-snippet:-1, max-image-preview:large, max-video-preview:-1\" \/>\n<link rel=\"canonical\" href=\"https:\/\/portalnpm.com\/index.php\/2021\/06\/25\/novo-complexo-solar-em-caldeirao-grande-ira-gerar-3-600-empregos-veja\/\" \/>\n<meta property=\"og:locale\" content=\"pt_BR\" \/>\n<meta property=\"og:type\" content=\"article\" \/>\n<meta property=\"og:title\" content=\"Novo complexo solar em Caldeir\u00e3o Grande ir\u00e1 gerar 3.600 empregos; Veja\" \/>\n<meta property=\"og:description\" content=\"O valor\u00a0investido no complexo, que ser\u00e1 constru\u00eddo em tr\u00eas etapas, ser\u00e1 de R$2,5 bilh\u00f5es. \u201cEnergia limpa \u00e9 uma prioridade do Piau\u00ed. A Ibtu \u00e9 uma empresa que j\u00e1 produz energia renov\u00e1vel no estado e este novo investimento \u00e9 muito importante e d\u00e1 a oportunidade para o Piau\u00ed alcan\u00e7ar um novo recorde nesta \u00e1rea de gera\u00e7\u00e3o &hellip;\" \/>\n<meta property=\"og:url\" content=\"https:\/\/portalnpm.com\/index.php\/2021\/06\/25\/novo-complexo-solar-em-caldeirao-grande-ira-gerar-3-600-empregos-veja\/\" \/>\n<meta property=\"og:site_name\" content=\"Portal NPM\" \/>\n<meta property=\"article:published_time\" content=\"2021-06-25T11:50:04+00:00\" \/>\n<meta name=\"author\" content=\"Zenilton Lima\" \/>\n<meta name=\"twitter:card\" content=\"summary_large_image\" \/>\n<meta name=\"twitter:label1\" content=\"Escrito por\" \/>\n\t<meta name=\"twitter:data1\" content=\"Zenilton Lima\" \/>\n\t<meta name=\"twitter:label2\" content=\"Est. tempo de leitura\" \/>\n\t<meta name=\"twitter:data2\" content=\"2 minutos\" \/>\n<script type=\"application\/ld+json\" class=\"yoast-schema-graph\">{\"@context\":\"https:\/\/schema.org\",\"@graph\":[{\"@type\":\"WebPage\",\"@id\":\"https:\/\/portalnpm.com\/index.php\/2021\/06\/25\/novo-complexo-solar-em-caldeirao-grande-ira-gerar-3-600-empregos-veja\/\",\"url\":\"https:\/\/portalnpm.com\/index.php\/2021\/06\/25\/novo-complexo-solar-em-caldeirao-grande-ira-gerar-3-600-empregos-veja\/\",\"name\":\"Novo complexo solar em Caldeir\u00e3o Grande ir\u00e1 gerar 3.600 empregos; Veja\",\"isPartOf\":{\"@id\":\"https:\/\/portalnpm.com\/#website\"},\"primaryImageOfPage\":{\"@id\":\"https:\/\/portalnpm.com\/index.php\/2021\/06\/25\/novo-complexo-solar-em-caldeirao-grande-ira-gerar-3-600-empregos-veja\/#primaryimage\"},\"image\":{\"@id\":\"https:\/\/portalnpm.com\/index.php\/2021\/06\/25\/novo-complexo-solar-em-caldeirao-grande-ira-gerar-3-600-empregos-veja\/#primaryimage\"},\"thumbnailUrl\":\"\",\"datePublished\":\"2021-06-25T11:50:04+00:00\",\"dateModified\":\"2021-06-25T11:50:04+00:00\",\"author\":{\"@id\":\"https:\/\/portalnpm.com\/#\/schema\/person\/35cb55186eae3f074b6783da6d35591e\"},\"breadcrumb\":{\"@id\":\"https:\/\/portalnpm.com\/index.php\/2021\/06\/25\/novo-complexo-solar-em-caldeirao-grande-ira-gerar-3-600-empregos-veja\/#breadcrumb\"},\"inLanguage\":\"pt-BR\",\"potentialAction\":[{\"@type\":\"ReadAction\",\"target\":[\"https:\/\/portalnpm.com\/index.php\/2021\/06\/25\/novo-complexo-solar-em-caldeirao-grande-ira-gerar-3-600-empregos-veja\/\"]}]},{\"@type\":\"ImageObject\",\"inLanguage\":\"pt-BR\",\"@id\":\"https:\/\/portalnpm.com\/index.php\/2021\/06\/25\/novo-complexo-solar-em-caldeirao-grande-ira-gerar-3-600-empregos-veja\/#primaryimage\",\"url\":\"\",\"contentUrl\":\"\"},{\"@type\":\"BreadcrumbList\",\"@id\":\"https:\/\/portalnpm.com\/index.php\/2021\/06\/25\/novo-complexo-solar-em-caldeirao-grande-ira-gerar-3-600-empregos-veja\/#breadcrumb\",\"itemListElement\":[{\"@type\":\"ListItem\",\"position\":1,\"name\":\"In\u00edcio\",\"item\":\"https:\/\/portalnpm.com\/\"},{\"@type\":\"ListItem\",\"position\":2,\"name\":\"Novo complexo solar em Caldeir\u00e3o Grande ir\u00e1 gerar 3.600 empregos; Veja\"}]},{\"@type\":\"WebSite\",\"@id\":\"https:\/\/portalnpm.com\/#website\",\"url\":\"https:\/\/portalnpm.com\/\",\"name\":\"Portal NPM\",\"description\":\"Not\u00edcias em Primeira M\u00e3o\",\"potentialAction\":[{\"@type\":\"SearchAction\",\"target\":{\"@type\":\"EntryPoint\",\"urlTemplate\":\"https:\/\/portalnpm.com\/?s={search_term_string}\"},\"query-input\":\"required name=search_term_string\"}],\"inLanguage\":\"pt-BR\"},{\"@type\":\"Person\",\"@id\":\"https:\/\/portalnpm.com\/#\/schema\/person\/35cb55186eae3f074b6783da6d35591e\",\"name\":\"Zenilton Lima\",\"image\":{\"@type\":\"ImageObject\",\"inLanguage\":\"pt-BR\",\"@id\":\"https:\/\/portalnpm.com\/#\/schema\/person\/image\/\",\"url\":\"https:\/\/portalnpm.com\/wp-content\/uploads\/2024\/12\/avatar_user_8_1733658137-96x96.jpeg\",\"contentUrl\":\"https:\/\/portalnpm.com\/wp-content\/uploads\/2024\/12\/avatar_user_8_1733658137-96x96.jpeg\",\"caption\":\"Zenilton Lima\"},\"url\":\"https:\/\/portalnpm.com\/index.php\/author\/zenilton\/\"}]}<\/script>\n<!-- \/ Yoast SEO plugin. -->","yoast_head_json":{"title":"Novo complexo solar em Caldeir\u00e3o Grande ir\u00e1 gerar 3.600 empregos; Veja","robots":{"index":"index","follow":"follow","max-snippet":"max-snippet:-1","max-image-preview":"max-image-preview:large","max-video-preview":"max-video-preview:-1"},"canonical":"https:\/\/portalnpm.com\/index.php\/2021\/06\/25\/novo-complexo-solar-em-caldeirao-grande-ira-gerar-3-600-empregos-veja\/","og_locale":"pt_BR","og_type":"article","og_title":"Novo complexo solar em Caldeir\u00e3o Grande ir\u00e1 gerar 3.600 empregos; Veja","og_description":"O valor\u00a0investido no complexo, que ser\u00e1 constru\u00eddo em tr\u00eas etapas, ser\u00e1 de R$2,5 bilh\u00f5es. \u201cEnergia limpa \u00e9 uma prioridade do Piau\u00ed. A Ibtu \u00e9 uma empresa que j\u00e1 produz energia renov\u00e1vel no estado e este novo investimento \u00e9 muito importante e d\u00e1 a oportunidade para o Piau\u00ed alcan\u00e7ar um novo recorde nesta \u00e1rea de gera\u00e7\u00e3o &hellip;","og_url":"https:\/\/portalnpm.com\/index.php\/2021\/06\/25\/novo-complexo-solar-em-caldeirao-grande-ira-gerar-3-600-empregos-veja\/","og_site_name":"Portal NPM","article_published_time":"2021-06-25T11:50:04+00:00","author":"Zenilton Lima","twitter_card":"summary_large_image","twitter_misc":{"Escrito por":"Zenilton Lima","Est. tempo de leitura":"2 minutos"},"schema":{"@context":"https:\/\/schema.org","@graph":[{"@type":"WebPage","@id":"https:\/\/portalnpm.com\/index.php\/2021\/06\/25\/novo-complexo-solar-em-caldeirao-grande-ira-gerar-3-600-empregos-veja\/","url":"https:\/\/portalnpm.com\/index.php\/2021\/06\/25\/novo-complexo-solar-em-caldeirao-grande-ira-gerar-3-600-empregos-veja\/","name":"Novo complexo solar em Caldeir\u00e3o Grande ir\u00e1 gerar 3.600 empregos; Veja","isPartOf":{"@id":"https:\/\/portalnpm.com\/#website"},"primaryImageOfPage":{"@id":"https:\/\/portalnpm.com\/index.php\/2021\/06\/25\/novo-complexo-solar-em-caldeirao-grande-ira-gerar-3-600-empregos-veja\/#primaryimage"},"image":{"@id":"https:\/\/portalnpm.com\/index.php\/2021\/06\/25\/novo-complexo-solar-em-caldeirao-grande-ira-gerar-3-600-empregos-veja\/#primaryimage"},"thumbnailUrl":"","datePublished":"2021-06-25T11:50:04+00:00","dateModified":"2021-06-25T11:50:04+00:00","author":{"@id":"https:\/\/portalnpm.com\/#\/schema\/person\/35cb55186eae3f074b6783da6d35591e"},"breadcrumb":{"@id":"https:\/\/portalnpm.com\/index.php\/2021\/06\/25\/novo-complexo-solar-em-caldeirao-grande-ira-gerar-3-600-empregos-veja\/#breadcrumb"},"inLanguage":"pt-BR","potentialAction":[{"@type":"ReadAction","target":["https:\/\/portalnpm.com\/index.php\/2021\/06\/25\/novo-complexo-solar-em-caldeirao-grande-ira-gerar-3-600-empregos-veja\/"]}]},{"@type":"ImageObject","inLanguage":"pt-BR","@id":"https:\/\/portalnpm.com\/index.php\/2021\/06\/25\/novo-complexo-solar-em-caldeirao-grande-ira-gerar-3-600-empregos-veja\/#primaryimage","url":"","contentUrl":""},{"@type":"BreadcrumbList","@id":"https:\/\/portalnpm.com\/index.php\/2021\/06\/25\/novo-complexo-solar-em-caldeirao-grande-ira-gerar-3-600-empregos-veja\/#breadcrumb","itemListElement":[{"@type":"ListItem","position":1,"name":"In\u00edcio","item":"https:\/\/portalnpm.com\/"},{"@type":"ListItem","position":2,"name":"Novo complexo solar em Caldeir\u00e3o Grande ir\u00e1 gerar 3.600 empregos; Veja"}]},{"@type":"WebSite","@id":"https:\/\/portalnpm.com\/#website","url":"https:\/\/portalnpm.com\/","name":"Portal NPM","description":"Not\u00edcias em Primeira M\u00e3o","potentialAction":[{"@type":"SearchAction","target":{"@type":"EntryPoint","urlTemplate":"https:\/\/portalnpm.com\/?s={search_term_string}"},"query-input":"required name=search_term_string"}],"inLanguage":"pt-BR"},{"@type":"Person","@id":"https:\/\/portalnpm.com\/#\/schema\/person\/35cb55186eae3f074b6783da6d35591e","name":"Zenilton Lima","image":{"@type":"ImageObject","inLanguage":"pt-BR","@id":"https:\/\/portalnpm.com\/#\/schema\/person\/image\/","url":"https:\/\/portalnpm.com\/wp-content\/uploads\/2024\/12\/avatar_user_8_1733658137-96x96.jpeg","contentUrl":"https:\/\/portalnpm.com\/wp-content\/uploads\/2024\/12\/avatar_user_8_1733658137-96x96.jpeg","caption":"Zenilton Lima"},"url":"https:\/\/portalnpm.com\/index.php\/author\/zenilton\/"}]}},"jetpack_sharing_enabled":true,"jetpack_featured_media_url":"","_links":{"self":[{"href":"https:\/\/portalnpm.com\/index.php\/wp-json\/wp\/v2\/posts\/65987"}],"collection":[{"href":"https:\/\/portalnpm.com\/index.php\/wp-json\/wp\/v2\/posts"}],"about":[{"href":"https:\/\/portalnpm.com\/index.php\/wp-json\/wp\/v2\/types\/post"}],"author":[{"embeddable":true,"href":"https:\/\/portalnpm.com\/index.php\/wp-json\/wp\/v2\/users\/8"}],"replies":[{"embeddable":true,"href":"https:\/\/portalnpm.com\/index.php\/wp-json\/wp\/v2\/comments?post=65987"}],"version-history":[{"count":0,"href":"https:\/\/portalnpm.com\/index.php\/wp-json\/wp\/v2\/posts\/65987\/revisions"}],"wp:featuredmedia":[{"embeddable":true,"href":"https:\/\/portalnpm.com\/index.php\/wp-json\/"}],"wp:attachment":[{"href":"https:\/\/portalnpm.com\/index.php\/wp-json\/wp\/v2\/media?parent=65987"}],"wp:term":[{"taxonomy":"category","embeddable":true,"href":"https:\/\/portalnpm.com\/index.php\/wp-json\/wp\/v2\/categories?post=65987"},{"taxonomy":"post_tag","embeddable":true,"href":"https:\/\/portalnpm.com\/index.php\/wp-json\/wp\/v2\/tags?post=65987"}],"curies":[{"name":"wp","href":"https:\/\/api.w.org\/{rel}","templated":true}]}}