{"id":66000,"date":"2021-06-25T09:51:29","date_gmt":"2021-06-25T12:51:29","guid":{"rendered":"https:\/\/portalnpm.com\/index.php\/2021\/06\/25\/aplicativo-do-auxilio-emergencial-tera-cartao-de-credito-e-microcredito-diz-vice-presidente-da-caixa\/"},"modified":"2021-06-25T09:51:29","modified_gmt":"2021-06-25T12:51:29","slug":"aplicativo-do-auxilio-emergencial-tera-cartao-de-credito-e-microcredito-diz-vice-presidente-da-caixa","status":"publish","type":"post","link":"https:\/\/portalnpm.com\/index.php\/2021\/06\/25\/aplicativo-do-auxilio-emergencial-tera-cartao-de-credito-e-microcredito-diz-vice-presidente-da-caixa\/","title":{"rendered":"Aplicativo do aux\u00edlio emergencial ter\u00e1 cart\u00e3o de cr\u00e9dito e microcr\u00e9dito, diz vice-presidente da Caixa"},"content":{"rendered":"<p style=\"text-align: justify;\">O aplicativo Caixa Tem, criado para facilitar o acesso aos pagamentos do aux\u00edlio emergencial, oferecer\u00e1 cart\u00e3o de cr\u00e9dito e microcr\u00e9dito, afirmou o vice-presidente de neg\u00f3cios de varejo da Caixa Econ\u00f4mica Federal, Celso Leonardo Barbosa, nesta quinta-feira (24), em painel no congresso Ciab de tecnologia banc\u00e1ria, promovido pela Febraban (Federa\u00e7\u00e3o Brasileira de Bancos).<\/p>\n<div id=\"d_e717934455k140130\" style=\"text-align: justify;\"><\/div>\n<p style=\"text-align: justify;\">\u201cContinuamos com uma maior oferta de produtos para o cliente ter mais facilidade e conveni\u00eancia. J\u00e1 estou dando spoiler do lan\u00e7amento de cart\u00e3o de cr\u00e9dito e do microcr\u00e9dito que o Caixa Tem vai ter\u201d, disse o executivo, sem dar mais detalhes sobre quando os novos produtos devem chegar.<\/p>\n<p style=\"text-align: justify;\">Ele afirmou, ainda, que a Caixa deve incluir 130 novas ag\u00eancias em diversos munic\u00edpios brasileiros. \u201cPrecisamos ser mais digitais, mas tamb\u00e9m precisamos ser presenciais\u201d, disse Barbosa.<\/p>\n<p style=\"text-align: justify;\">\u201cRetomamos o foco da Caixa para o p\u00fablico que realmente precisa do banco.\u201d<\/p>\n<p style=\"text-align: justify;\"><em>Folhapress<\/em><\/p>\n","protected":false},"excerpt":{"rendered":"<p>O aplicativo Caixa Tem, criado para facilitar o acesso aos pagamentos do aux\u00edlio emergencial, oferecer\u00e1 cart\u00e3o de cr\u00e9dito e microcr\u00e9dito, afirmou o vice-presidente de neg\u00f3cios de varejo da Caixa Econ\u00f4mica Federal, Celso Leonardo Barbosa, nesta quinta-feira (24), em painel no congresso Ciab de tecnologia banc\u00e1ria, promovido pela Febraban (Federa\u00e7\u00e3o Brasileira de Bancos). \u201cContinuamos com uma &hellip;<\/p>\n","protected":false},"author":8,"featured_media":34324,"comment_status":"open","ping_status":"open","sticky":false,"template":"","format":"standard","meta":{"content-type":"","rop_custom_images_group":[],"rop_custom_messages_group":[],"rop_publish_now":"initial","rop_publish_now_accounts":{"facebook_2648258775420054_1618374048415101":""},"rop_publish_now_history":[],"rop_publish_now_status":"pending","footnotes":"","_jetpack_memberships_contains_paid_content":false},"categories":[125],"tags":[2804,3975,11587],"yoast_head":"<!-- This site is optimized with the Yoast SEO plugin v22.3 - https:\/\/yoast.com\/wordpress\/plugins\/seo\/ -->\n<title>Aplicativo do aux\u00edlio emergencial ter\u00e1 cart\u00e3o de cr\u00e9dito e microcr\u00e9dito, diz vice-presidente da Caixa<\/title>\n<meta name=\"robots\" content=\"index, follow, max-snippet:-1, max-image-preview:large, max-video-preview:-1\" \/>\n<link rel=\"canonical\" href=\"https:\/\/portalnpm.com\/index.php\/2021\/06\/25\/aplicativo-do-auxilio-emergencial-tera-cartao-de-credito-e-microcredito-diz-vice-presidente-da-caixa\/\" \/>\n<meta property=\"og:locale\" content=\"pt_BR\" \/>\n<meta property=\"og:type\" content=\"article\" \/>\n<meta property=\"og:title\" content=\"Aplicativo do aux\u00edlio emergencial ter\u00e1 cart\u00e3o de cr\u00e9dito e microcr\u00e9dito, diz vice-presidente da Caixa\" \/>\n<meta property=\"og:description\" content=\"O aplicativo Caixa Tem, criado para facilitar o acesso aos pagamentos do aux\u00edlio emergencial, oferecer\u00e1 cart\u00e3o de cr\u00e9dito e microcr\u00e9dito, afirmou o vice-presidente de neg\u00f3cios de varejo da Caixa Econ\u00f4mica Federal, Celso Leonardo Barbosa, nesta quinta-feira (24), em painel no congresso Ciab de tecnologia banc\u00e1ria, promovido pela Febraban (Federa\u00e7\u00e3o Brasileira de Bancos). \u201cContinuamos com uma &hellip;\" \/>\n<meta property=\"og:url\" content=\"https:\/\/portalnpm.com\/index.php\/2021\/06\/25\/aplicativo-do-auxilio-emergencial-tera-cartao-de-credito-e-microcredito-diz-vice-presidente-da-caixa\/\" \/>\n<meta property=\"og:site_name\" content=\"Portal NPM\" \/>\n<meta property=\"article:published_time\" content=\"2021-06-25T12:51:29+00:00\" \/>\n<meta name=\"author\" content=\"Zenilton Lima\" \/>\n<meta name=\"twitter:card\" content=\"summary_large_image\" \/>\n<meta name=\"twitter:label1\" content=\"Escrito por\" \/>\n\t<meta name=\"twitter:data1\" content=\"Zenilton Lima\" \/>\n\t<meta name=\"twitter:label2\" content=\"Est. tempo de leitura\" \/>\n\t<meta name=\"twitter:data2\" content=\"1 minuto\" \/>\n<script type=\"application\/ld+json\" class=\"yoast-schema-graph\">{\"@context\":\"https:\/\/schema.org\",\"@graph\":[{\"@type\":\"WebPage\",\"@id\":\"https:\/\/portalnpm.com\/index.php\/2021\/06\/25\/aplicativo-do-auxilio-emergencial-tera-cartao-de-credito-e-microcredito-diz-vice-presidente-da-caixa\/\",\"url\":\"https:\/\/portalnpm.com\/index.php\/2021\/06\/25\/aplicativo-do-auxilio-emergencial-tera-cartao-de-credito-e-microcredito-diz-vice-presidente-da-caixa\/\",\"name\":\"Aplicativo do aux\u00edlio emergencial ter\u00e1 cart\u00e3o de cr\u00e9dito e microcr\u00e9dito, diz vice-presidente da Caixa\",\"isPartOf\":{\"@id\":\"https:\/\/portalnpm.com\/#website\"},\"primaryImageOfPage\":{\"@id\":\"https:\/\/portalnpm.com\/index.php\/2021\/06\/25\/aplicativo-do-auxilio-emergencial-tera-cartao-de-credito-e-microcredito-diz-vice-presidente-da-caixa\/#primaryimage\"},\"image\":{\"@id\":\"https:\/\/portalnpm.com\/index.php\/2021\/06\/25\/aplicativo-do-auxilio-emergencial-tera-cartao-de-credito-e-microcredito-diz-vice-presidente-da-caixa\/#primaryimage\"},\"thumbnailUrl\":\"\",\"datePublished\":\"2021-06-25T12:51:29+00:00\",\"dateModified\":\"2021-06-25T12:51:29+00:00\",\"author\":{\"@id\":\"https:\/\/portalnpm.com\/#\/schema\/person\/35cb55186eae3f074b6783da6d35591e\"},\"breadcrumb\":{\"@id\":\"https:\/\/portalnpm.com\/index.php\/2021\/06\/25\/aplicativo-do-auxilio-emergencial-tera-cartao-de-credito-e-microcredito-diz-vice-presidente-da-caixa\/#breadcrumb\"},\"inLanguage\":\"pt-BR\",\"potentialAction\":[{\"@type\":\"ReadAction\",\"target\":[\"https:\/\/portalnpm.com\/index.php\/2021\/06\/25\/aplicativo-do-auxilio-emergencial-tera-cartao-de-credito-e-microcredito-diz-vice-presidente-da-caixa\/\"]}]},{\"@type\":\"ImageObject\",\"inLanguage\":\"pt-BR\",\"@id\":\"https:\/\/portalnpm.com\/index.php\/2021\/06\/25\/aplicativo-do-auxilio-emergencial-tera-cartao-de-credito-e-microcredito-diz-vice-presidente-da-caixa\/#primaryimage\",\"url\":\"\",\"contentUrl\":\"\"},{\"@type\":\"BreadcrumbList\",\"@id\":\"https:\/\/portalnpm.com\/index.php\/2021\/06\/25\/aplicativo-do-auxilio-emergencial-tera-cartao-de-credito-e-microcredito-diz-vice-presidente-da-caixa\/#breadcrumb\",\"itemListElement\":[{\"@type\":\"ListItem\",\"position\":1,\"name\":\"In\u00edcio\",\"item\":\"https:\/\/portalnpm.com\/\"},{\"@type\":\"ListItem\",\"position\":2,\"name\":\"Aplicativo do aux\u00edlio emergencial ter\u00e1 cart\u00e3o de cr\u00e9dito e microcr\u00e9dito, diz vice-presidente da Caixa\"}]},{\"@type\":\"WebSite\",\"@id\":\"https:\/\/portalnpm.com\/#website\",\"url\":\"https:\/\/portalnpm.com\/\",\"name\":\"Portal NPM\",\"description\":\"Not\u00edcias em Primeira M\u00e3o\",\"potentialAction\":[{\"@type\":\"SearchAction\",\"target\":{\"@type\":\"EntryPoint\",\"urlTemplate\":\"https:\/\/portalnpm.com\/?s={search_term_string}\"},\"query-input\":\"required name=search_term_string\"}],\"inLanguage\":\"pt-BR\"},{\"@type\":\"Person\",\"@id\":\"https:\/\/portalnpm.com\/#\/schema\/person\/35cb55186eae3f074b6783da6d35591e\",\"name\":\"Zenilton Lima\",\"image\":{\"@type\":\"ImageObject\",\"inLanguage\":\"pt-BR\",\"@id\":\"https:\/\/portalnpm.com\/#\/schema\/person\/image\/\",\"url\":\"https:\/\/portalnpm.com\/wp-content\/uploads\/2024\/12\/avatar_user_8_1733658137-96x96.jpeg\",\"contentUrl\":\"https:\/\/portalnpm.com\/wp-content\/uploads\/2024\/12\/avatar_user_8_1733658137-96x96.jpeg\",\"caption\":\"Zenilton Lima\"},\"url\":\"https:\/\/portalnpm.com\/index.php\/author\/zenilton\/\"}]}<\/script>\n<!-- \/ Yoast SEO plugin. -->","yoast_head_json":{"title":"Aplicativo do aux\u00edlio emergencial ter\u00e1 cart\u00e3o de cr\u00e9dito e microcr\u00e9dito, diz vice-presidente da Caixa","robots":{"index":"index","follow":"follow","max-snippet":"max-snippet:-1","max-image-preview":"max-image-preview:large","max-video-preview":"max-video-preview:-1"},"canonical":"https:\/\/portalnpm.com\/index.php\/2021\/06\/25\/aplicativo-do-auxilio-emergencial-tera-cartao-de-credito-e-microcredito-diz-vice-presidente-da-caixa\/","og_locale":"pt_BR","og_type":"article","og_title":"Aplicativo do aux\u00edlio emergencial ter\u00e1 cart\u00e3o de cr\u00e9dito e microcr\u00e9dito, diz vice-presidente da Caixa","og_description":"O aplicativo Caixa Tem, criado para facilitar o acesso aos pagamentos do aux\u00edlio emergencial, oferecer\u00e1 cart\u00e3o de cr\u00e9dito e microcr\u00e9dito, afirmou o vice-presidente de neg\u00f3cios de varejo da Caixa Econ\u00f4mica Federal, Celso Leonardo Barbosa, nesta quinta-feira (24), em painel no congresso Ciab de tecnologia banc\u00e1ria, promovido pela Febraban (Federa\u00e7\u00e3o Brasileira de Bancos). \u201cContinuamos com uma &hellip;","og_url":"https:\/\/portalnpm.com\/index.php\/2021\/06\/25\/aplicativo-do-auxilio-emergencial-tera-cartao-de-credito-e-microcredito-diz-vice-presidente-da-caixa\/","og_site_name":"Portal NPM","article_published_time":"2021-06-25T12:51:29+00:00","author":"Zenilton Lima","twitter_card":"summary_large_image","twitter_misc":{"Escrito por":"Zenilton Lima","Est. tempo de leitura":"1 minuto"},"schema":{"@context":"https:\/\/schema.org","@graph":[{"@type":"WebPage","@id":"https:\/\/portalnpm.com\/index.php\/2021\/06\/25\/aplicativo-do-auxilio-emergencial-tera-cartao-de-credito-e-microcredito-diz-vice-presidente-da-caixa\/","url":"https:\/\/portalnpm.com\/index.php\/2021\/06\/25\/aplicativo-do-auxilio-emergencial-tera-cartao-de-credito-e-microcredito-diz-vice-presidente-da-caixa\/","name":"Aplicativo do aux\u00edlio emergencial ter\u00e1 cart\u00e3o de cr\u00e9dito e microcr\u00e9dito, diz vice-presidente da Caixa","isPartOf":{"@id":"https:\/\/portalnpm.com\/#website"},"primaryImageOfPage":{"@id":"https:\/\/portalnpm.com\/index.php\/2021\/06\/25\/aplicativo-do-auxilio-emergencial-tera-cartao-de-credito-e-microcredito-diz-vice-presidente-da-caixa\/#primaryimage"},"image":{"@id":"https:\/\/portalnpm.com\/index.php\/2021\/06\/25\/aplicativo-do-auxilio-emergencial-tera-cartao-de-credito-e-microcredito-diz-vice-presidente-da-caixa\/#primaryimage"},"thumbnailUrl":"","datePublished":"2021-06-25T12:51:29+00:00","dateModified":"2021-06-25T12:51:29+00:00","author":{"@id":"https:\/\/portalnpm.com\/#\/schema\/person\/35cb55186eae3f074b6783da6d35591e"},"breadcrumb":{"@id":"https:\/\/portalnpm.com\/index.php\/2021\/06\/25\/aplicativo-do-auxilio-emergencial-tera-cartao-de-credito-e-microcredito-diz-vice-presidente-da-caixa\/#breadcrumb"},"inLanguage":"pt-BR","potentialAction":[{"@type":"ReadAction","target":["https:\/\/portalnpm.com\/index.php\/2021\/06\/25\/aplicativo-do-auxilio-emergencial-tera-cartao-de-credito-e-microcredito-diz-vice-presidente-da-caixa\/"]}]},{"@type":"ImageObject","inLanguage":"pt-BR","@id":"https:\/\/portalnpm.com\/index.php\/2021\/06\/25\/aplicativo-do-auxilio-emergencial-tera-cartao-de-credito-e-microcredito-diz-vice-presidente-da-caixa\/#primaryimage","url":"","contentUrl":""},{"@type":"BreadcrumbList","@id":"https:\/\/portalnpm.com\/index.php\/2021\/06\/25\/aplicativo-do-auxilio-emergencial-tera-cartao-de-credito-e-microcredito-diz-vice-presidente-da-caixa\/#breadcrumb","itemListElement":[{"@type":"ListItem","position":1,"name":"In\u00edcio","item":"https:\/\/portalnpm.com\/"},{"@type":"ListItem","position":2,"name":"Aplicativo do aux\u00edlio emergencial ter\u00e1 cart\u00e3o de cr\u00e9dito e microcr\u00e9dito, diz vice-presidente da Caixa"}]},{"@type":"WebSite","@id":"https:\/\/portalnpm.com\/#website","url":"https:\/\/portalnpm.com\/","name":"Portal NPM","description":"Not\u00edcias em Primeira M\u00e3o","potentialAction":[{"@type":"SearchAction","target":{"@type":"EntryPoint","urlTemplate":"https:\/\/portalnpm.com\/?s={search_term_string}"},"query-input":"required name=search_term_string"}],"inLanguage":"pt-BR"},{"@type":"Person","@id":"https:\/\/portalnpm.com\/#\/schema\/person\/35cb55186eae3f074b6783da6d35591e","name":"Zenilton Lima","image":{"@type":"ImageObject","inLanguage":"pt-BR","@id":"https:\/\/portalnpm.com\/#\/schema\/person\/image\/","url":"https:\/\/portalnpm.com\/wp-content\/uploads\/2024\/12\/avatar_user_8_1733658137-96x96.jpeg","contentUrl":"https:\/\/portalnpm.com\/wp-content\/uploads\/2024\/12\/avatar_user_8_1733658137-96x96.jpeg","caption":"Zenilton Lima"},"url":"https:\/\/portalnpm.com\/index.php\/author\/zenilton\/"}]}},"jetpack_sharing_enabled":true,"jetpack_featured_media_url":"","_links":{"self":[{"href":"https:\/\/portalnpm.com\/index.php\/wp-json\/wp\/v2\/posts\/66000"}],"collection":[{"href":"https:\/\/portalnpm.com\/index.php\/wp-json\/wp\/v2\/posts"}],"about":[{"href":"https:\/\/portalnpm.com\/index.php\/wp-json\/wp\/v2\/types\/post"}],"author":[{"embeddable":true,"href":"https:\/\/portalnpm.com\/index.php\/wp-json\/wp\/v2\/users\/8"}],"replies":[{"embeddable":true,"href":"https:\/\/portalnpm.com\/index.php\/wp-json\/wp\/v2\/comments?post=66000"}],"version-history":[{"count":0,"href":"https:\/\/portalnpm.com\/index.php\/wp-json\/wp\/v2\/posts\/66000\/revisions"}],"wp:featuredmedia":[{"embeddable":true,"href":"https:\/\/portalnpm.com\/index.php\/wp-json\/"}],"wp:attachment":[{"href":"https:\/\/portalnpm.com\/index.php\/wp-json\/wp\/v2\/media?parent=66000"}],"wp:term":[{"taxonomy":"category","embeddable":true,"href":"https:\/\/portalnpm.com\/index.php\/wp-json\/wp\/v2\/categories?post=66000"},{"taxonomy":"post_tag","embeddable":true,"href":"https:\/\/portalnpm.com\/index.php\/wp-json\/wp\/v2\/tags?post=66000"}],"curies":[{"name":"wp","href":"https:\/\/api.w.org\/{rel}","templated":true}]}}