{"id":66118,"date":"2021-06-26T18:43:39","date_gmt":"2021-06-26T21:43:39","guid":{"rendered":"https:\/\/portalnpm.com\/index.php\/2021\/06\/26\/no-sufoco-italia-despacha-a-austria-na-prorrogacao-e-vai-as-quartas\/"},"modified":"2024-01-15T23:32:48","modified_gmt":"2024-01-16T02:32:48","slug":"no-sufoco-italia-despacha-a-austria-na-prorrogacao-e-vai-as-quartas","status":"publish","type":"post","link":"https:\/\/portalnpm.com\/index.php\/2021\/06\/26\/no-sufoco-italia-despacha-a-austria-na-prorrogacao-e-vai-as-quartas\/","title":{"rendered":"No sufoco, It\u00e1lia despacha a \u00c1ustria na prorroga\u00e7\u00e3o e vai \u00e0s quartas"},"content":{"rendered":"<section class=\"xpa-switch-article\">\n<div class=\"news-paragraph text-1\">\n<p style=\"text-align: justify;\">Se no primeiro tempo sobrou dom&iacute;nio, mas faltaram os gols, a It&aacute;lia levou um sufoco na segunda etapa, mas conseguiu despachar a &Aacute;ustria na prorroga&ccedil;&atilde;o, vencendo o rival, por 2 x 1, neste s&aacute;bado (26).<\/p>\n<\/div>\n<\/section>\n<section class=\"xpa-switch-article\">\n<div class=\"news-paragraph text-1\">\n<p>Federico Chiesa abriu o caminho para os italianos no tempo extra, Pessina ampliou, ainda no primeiro tempo da prorroga&ccedil;&atilde;o.<\/p>\n<\/div>\n<\/section>\n<section class=\"xpa-switch-article\">\n<div class=\"news-paragraph text-1\">\n<p>Kalajdzic descontou para os austr&iacute;acos, mas n&atilde;o foi o suficiente para tirar a vaga dos italianos nas quartas da Eurocopa 2020.<\/p>\n<\/div>\n<\/section>\n<section class=\"xpa-switch-article\">\n<article class=\"simple-match-card\">\n<div class=\"simple-match-card__content\">\n<div class=\"simple-match-card__teams-content\">\n<div class=\"simple-match-card-team\">\n<div class=\"of-image\"><picture class=\"of-image__picture\"><source srcset=\"https:\/\/image-service.onefootball.com\/crop\/face?w=44&amp;h=44&amp;q=85&amp;image=https%3A%2F%2Fimages.onefootball.com%2Ficons%2Fteams%2F164%2F37.png&amp;fit=crop\" media=\"(min-width: 1280px)\"><\/source><source srcset=\"https:\/\/image-service.onefootball.com\/crop\/face?w=44&amp;h=44&amp;q=80&amp;image=https%3A%2F%2Fimages.onefootball.com%2Ficons%2Fteams%2F164%2F37.png&amp;fit=crop\" media=\"(min-width: 1024px) and (max-width: 1279px)\"><\/source><source srcset=\"https:\/\/image-service.onefootball.com\/crop\/face?w=44&amp;h=44&amp;q=75&amp;image=https%3A%2F%2Fimages.onefootball.com%2Ficons%2Fteams%2F164%2F37.png&amp;fit=crop\" media=\"(min-width: 768px) and (max-width: 1023px)\"><\/source><img decoding=\"async\" class=\"of-image__img\" src=\"https:\/\/portalnpm.com\/wp-content\/uploads\/2024\/01\/face\" alt=\"It&aacute;lia\" width=\"22\" height=\"22\"><\/picture><\/div>\n<p><span class=\"title-8-medium simple-match-card-team__name\">It&aacute;lia<\/span><span class=\"title-7-bold simple-match-card-team__score\">2<\/span><\/div>\n<div class=\"simple-match-card-team\">\n<div class=\"of-image\"><picture class=\"of-image__picture\"><source srcset=\"https:\/\/image-service.onefootball.com\/crop\/face?w=44&amp;h=44&amp;q=85&amp;image=https%3A%2F%2Fimages.onefootball.com%2Ficons%2Fteams%2F164%2F117.png&amp;fit=crop\" media=\"(min-width: 1280px)\"><\/source><source srcset=\"https:\/\/image-service.onefootball.com\/crop\/face?w=44&amp;h=44&amp;q=80&amp;image=https%3A%2F%2Fimages.onefootball.com%2Ficons%2Fteams%2F164%2F117.png&amp;fit=crop\" media=\"(min-width: 1024px) and (max-width: 1279px)\"><\/source><source srcset=\"https:\/\/image-service.onefootball.com\/crop\/face?w=44&amp;h=44&amp;q=75&amp;image=https%3A%2F%2Fimages.onefootball.com%2Ficons%2Fteams%2F164%2F117.png&amp;fit=crop\" media=\"(min-width: 768px) and (max-width: 1023px)\"><\/source><img decoding=\"async\" class=\"of-image__img\" src=\"https:\/\/portalnpm.com\/wp-content\/uploads\/2024\/01\/face\" alt=\"&Aacute;ustria\" width=\"22\" height=\"22\"><\/picture><\/div>\n<p><span class=\"title-8-medium simple-match-card-team__name\">&Aacute;ustria<\/span><span class=\"title-7-bold simple-match-card-team__score\">1<\/span><\/div>\n<\/div>\n<div class=\"simple-match-card__match-content\"><time class=\"title-8-bold simple-match-card__info-message--secondary\" title=\"s&aacute;bado, junho 26, 2021, 16:00\" datetime=\"2021-06-26T19:00:00Z\">Hoje<\/time><span class=\"title-8-medium simple-match-card__info-message simple-match-card__info-message--secondary\">Fim de jogo<\/span><\/div>\n<\/div>\n<\/article>\n<\/section>\n<section class=\"xpa-switch-article\">\n<div class=\"news-paragraph text-1\">\n<p>Com a vit&oacute;ria, a Azzurra garantiu o 100% dos italianos no torneio e ainda ampliou a sua s&eacute;rie invicta para 31 partidas.<\/p>\n<\/div>\n<\/section>\n<section class=\"xpa-switch-article\">\n<div class=\"news-paragraph text-1\">\n<p>Agora, o time de Roberto Mancini espera pelo vencedor de B&eacute;lgica e Portugal, que jogam neste domingo (27) para saber quem vai ser o seu advers&aacute;rio por uma vaga na semifinal da Euro.<\/p>\n<\/div>\n<\/section>\n<section class=\"xpa-switch-article\">\n<article class=\"simple-match-card\">\n<div class=\"simple-match-card__content\">\n<div class=\"simple-match-card__teams-content\">\n<div class=\"simple-match-card-team\">\n<div class=\"of-image\"><picture class=\"of-image__picture\"><source srcset=\"https:\/\/image-service.onefootball.com\/crop\/face?w=44&amp;h=44&amp;q=85&amp;image=https%3A%2F%2Fimages.onefootball.com%2Ficons%2Fteams%2F164%2F116.png&amp;fit=crop\" media=\"(min-width: 1280px)\"><\/source><source srcset=\"https:\/\/image-service.onefootball.com\/crop\/face?w=44&amp;h=44&amp;q=80&amp;image=https%3A%2F%2Fimages.onefootball.com%2Ficons%2Fteams%2F164%2F116.png&amp;fit=crop\" media=\"(min-width: 1024px) and (max-width: 1279px)\"><\/source><source srcset=\"https:\/\/image-service.onefootball.com\/crop\/face?w=44&amp;h=44&amp;q=75&amp;image=https%3A%2F%2Fimages.onefootball.com%2Ficons%2Fteams%2F164%2F116.png&amp;fit=crop\" media=\"(min-width: 768px) and (max-width: 1023px)\"><\/source><img decoding=\"async\" class=\"of-image__img\" src=\"https:\/\/portalnpm.com\/wp-content\/uploads\/2024\/01\/face\" alt=\"B&eacute;lgica\" width=\"22\" height=\"22\"><\/picture><\/div>\n<p><span class=\"title-8-medium simple-match-card-team__name\">B&eacute;lgica<\/span><\/div>\n<div class=\"simple-match-card-team\">\n<div class=\"of-image\"><picture class=\"of-image__picture\"><source srcset=\"https:\/\/image-service.onefootball.com\/crop\/face?w=44&amp;h=44&amp;q=85&amp;image=https%3A%2F%2Fimages.onefootball.com%2Ficons%2Fteams%2F164%2F43.png&amp;fit=crop\" media=\"(min-width: 1280px)\"><\/source><source srcset=\"https:\/\/image-service.onefootball.com\/crop\/face?w=44&amp;h=44&amp;q=80&amp;image=https%3A%2F%2Fimages.onefootball.com%2Ficons%2Fteams%2F164%2F43.png&amp;fit=crop\" media=\"(min-width: 1024px) and (max-width: 1279px)\"><\/source><source srcset=\"https:\/\/image-service.onefootball.com\/crop\/face?w=44&amp;h=44&amp;q=75&amp;image=https%3A%2F%2Fimages.onefootball.com%2Ficons%2Fteams%2F164%2F43.png&amp;fit=crop\" media=\"(min-width: 768px) and (max-width: 1023px)\"><\/source><img loading=\"lazy\" decoding=\"async\" class=\"of-image__img\" src=\"https:\/\/portalnpm.com\/wp-content\/uploads\/2024\/01\/face\" alt=\"Portugal\" width=\"22\" height=\"22\"><\/picture><\/div>\n<p><span class=\"title-8-medium simple-match-card-team__name\">Portugal<\/span><\/div>\n<\/div>\n<div class=\"simple-match-card__match-content\"><span class=\"simple-match-card__pre-match\" title=\"domingo, junho 27, 2021, 16:00\"><time class=\"title-8-bold\" datetime=\"2021-06-27T19:00:00Z\">Amanh&atilde;<\/time><time class=\"simple-match-card__info-message title-8-medium\" datetime=\"2021-06-27T19:00:00Z\">16:00<\/time><\/span><\/div>\n<\/div>\n<\/article>\n<\/section>\n<section class=\"xpa-switch-article\">\n<hr class=\"separator\">\n<\/section>\n<section class=\"xpa-switch-article\">\n<div class=\"news-paragraph text-1\">\n<h3>&#128124; Tal pai, tal filho!<\/h3>\n<\/div>\n<\/section>\n<section class=\"xpa-switch-article\">\n<div class=\"news-paragraph text-1\">\n<p>Federico Chiesa marcou o gol que abriu caminho para a classifica&ccedil;&atilde;o da Azzurra.<\/p>\n<\/div>\n<\/section>\n<section class=\"xpa-switch-article\">\n<div class=\"news-paragraph text-1\">\n<p>A curiosidade &eacute; que o tento do atacante da Juve aconteceu exatamente 25 anos e 12 dias depois que seu pai, Enrico Chiesa, tamb&eacute;m marcou pela It&aacute;lia, contra a Rep&uacute;blica Tcheca.<\/p>\n<\/div>\n<\/section>\n<section class=\"xpa-switch-article\">\n<div class=\"twitter-component\">\n<div class=\"twitter-tweet twitter-tweet-rendered\"><iframe id=\"twitter-widget-0\" class=\"\" title=\"Twitter Tweet\" src=\"https:\/\/platform.twitter.com\/embed\/Tweet.html?creatorScreenName=OneFootball&amp;dnt=false&amp;embedId=twitter-widget-0&amp;features=eyJ0ZndfZXhwZXJpbWVudHNfY29va2llX2V4cGlyYXRpb24iOnsiYnVja2V0IjoxMjA5NjAwLCJ2ZXJzaW9uIjpudWxsfSwidGZ3X2hvcml6b25fdHdlZXRfZW1iZWRfOTU1NSI6eyJidWNrZXQiOiJodGUiLCJ2ZXJzaW9uIjpudWxsfSwidGZ3X3R3ZWV0X2VtYmVkX2NsaWNrYWJpbGl0eV8xMjEwMiI6eyJidWNrZXQiOiJjb250cm9sIiwidmVyc2lvbiI6bnVsbH19&amp;frame=false&amp;hideCard=false&amp;hideThread=true&amp;id=1408895412266745860&amp;lang=pt&amp;origin=https%3A%2F%2Fonefootball.com%2Fpt-br%2Fnoticias%2Fno-sufoco-italia-despacha-a-austria-na-prorrogacao-e-vai-as-quartas-33262059&amp;sessionId=56821ddfd6d798f1ee5d1b482579499124ef465d&amp;siteScreenName=OneFootball&amp;theme=light&amp;widgetsVersion=82e1070%3A1619632193066&amp;width=550px\" frameborder=\"0\" scrolling=\"no\" allowfullscreen=\"allowfullscreen\" data-tweet-id=\"1408895412266745860\" data-mce-fragment=\"1\"><\/iframe><\/div>\n<\/div>\n<\/section>\n<section class=\"xpa-switch-article\">\n<hr class=\"separator\">\n<\/section>\n<section class=\"xpa-switch-article\">\n<div class=\"news-paragraph text-1\">\n<h3>&#127470;&#127481; Recorde italiano!<\/h3>\n<\/div>\n<\/section>\n<section class=\"xpa-switch-article\">\n<div class=\"news-paragraph text-1\">\n<p>Sempre famosa por sua solidez defensiva, a It&aacute;lia bateu o recorde mundial sem levar gols.<\/p>\n<\/div>\n<\/section>\n<section class=\"xpa-switch-article\">\n<div class=\"news-paragraph text-1\">\n<p>Contra a &Aacute;ustria, a time de Roberto Mancini superou os 1.143 minutos conseguidos pela mesma Azzurra, s&oacute; que na d&eacute;cada de 70, sem ser vazado.<\/p>\n<\/div>\n<\/section>\n<section class=\"xpa-switch-article\">\n<div class=\"news-paragraph text-1\">\n<p>Foram 1.159 minutos sem sofrer gol, at&eacute; serem vazados por Kalajdzic.<\/p>\n<\/div>\n<\/section>\n<section class=\"xpa-switch-article\">\n<div class=\"twitter-component\">\n<div class=\"twitter-tweet twitter-tweet-rendered\"><iframe id=\"twitter-widget-1\" class=\"\" title=\"Twitter Tweet\" src=\"https:\/\/platform.twitter.com\/embed\/Tweet.html?creatorScreenName=OneFootball&amp;dnt=false&amp;embedId=twitter-widget-1&amp;features=eyJ0ZndfZXhwZXJpbWVudHNfY29va2llX2V4cGlyYXRpb24iOnsiYnVja2V0IjoxMjA5NjAwLCJ2ZXJzaW9uIjpudWxsfSwidGZ3X2hvcml6b25fdHdlZXRfZW1iZWRfOTU1NSI6eyJidWNrZXQiOiJodGUiLCJ2ZXJzaW9uIjpudWxsfSwidGZ3X3R3ZWV0X2VtYmVkX2NsaWNrYWJpbGl0eV8xMjEwMiI6eyJidWNrZXQiOiJjb250cm9sIiwidmVyc2lvbiI6bnVsbH19&amp;frame=false&amp;hideCard=false&amp;hideThread=true&amp;id=1408892281265049604&amp;lang=pt&amp;origin=https%3A%2F%2Fonefootball.com%2Fpt-br%2Fnoticias%2Fno-sufoco-italia-despacha-a-austria-na-prorrogacao-e-vai-as-quartas-33262059&amp;sessionId=56821ddfd6d798f1ee5d1b482579499124ef465d&amp;siteScreenName=OneFootball&amp;theme=light&amp;widgetsVersion=82e1070%3A1619632193066&amp;width=550px\" frameborder=\"0\" scrolling=\"no\" allowfullscreen=\"allowfullscreen\" data-tweet-id=\"1408892281265049604\" data-mce-fragment=\"1\"><\/iframe><\/div>\n<\/div>\n<\/section>\n<section class=\"xpa-switch-article\">\n<hr class=\"separator\">\n<\/section>\n<section class=\"xpa-switch-article\">\n<div class=\"news-paragraph text-1\">\n<h3>&#128293; Gol da &Aacute;ustria&hellip; &eacute; mentira!<\/h3>\n<\/div>\n<\/section>\n<section class=\"xpa-switch-article\">\n<div class=\"news-paragraph text-1\">\n<p>A It&aacute;lia estava levando um sufoco dos austr&iacute;acos no segundo tempo e Marko Arnautovic chegou a colocar a &Aacute;ustria na frente, aos 19 do segundo tempo, mas o gol foi anulado pela arbitragem, depois da checagem do VAR.<\/p>\n<\/div>\n<\/section>\n<section class=\"xpa-switch-article\">\n<div class=\"news-paragraph text-1\">\n<p>A gente sabe que o &aacute;rbitro de v&iacute;deo suscita calorosas discuss&otilde;es, mas justi&ccedil;a seja feita. A checagem foi r&aacute;pida, n&atilde;o impactando no ritmo do jogo.<\/p>\n<\/div>\n<\/section>\n<section class=\"xpa-switch-article\">\n<div class=\"news-paragraph text-1\">\n<p>Nesse clima de festa junina, &eacute; aquela coisa, &ldquo;olha o gol da &Aacute;ustria&hellip; &eacute; mentira!!&rdquo; &#129315;<\/p>\n<\/div>\n<\/section>\n<section class=\"xpa-switch-article\">\n<div class=\"twitter-component\">\n<div class=\"twitter-tweet twitter-tweet-rendered\"><iframe id=\"twitter-widget-2\" class=\"\" title=\"Twitter Tweet\" src=\"https:\/\/platform.twitter.com\/embed\/Tweet.html?creatorScreenName=OneFootball&amp;dnt=false&amp;embedId=twitter-widget-2&amp;features=eyJ0ZndfZXhwZXJpbWVudHNfY29va2llX2V4cGlyYXRpb24iOnsiYnVja2V0IjoxMjA5NjAwLCJ2ZXJzaW9uIjpudWxsfSwidGZ3X2hvcml6b25fdHdlZXRfZW1iZWRfOTU1NSI6eyJidWNrZXQiOiJodGUiLCJ2ZXJzaW9uIjpudWxsfSwidGZ3X3R3ZWV0X2VtYmVkX2NsaWNrYWJpbGl0eV8xMjEwMiI6eyJidWNrZXQiOiJjb250cm9sIiwidmVyc2lvbiI6bnVsbH19&amp;frame=false&amp;hideCard=false&amp;hideThread=true&amp;id=1408884337408462848&amp;lang=pt&amp;origin=https%3A%2F%2Fonefootball.com%2Fpt-br%2Fnoticias%2Fno-sufoco-italia-despacha-a-austria-na-prorrogacao-e-vai-as-quartas-33262059&amp;sessionId=56821ddfd6d798f1ee5d1b482579499124ef465d&amp;siteScreenName=OneFootball&amp;theme=light&amp;widgetsVersion=82e1070%3A1619632193066&amp;width=550px\" frameborder=\"0\" scrolling=\"no\" allowfullscreen=\"allowfullscreen\" data-tweet-id=\"1408884337408462848\" data-mce-fragment=\"1\"><\/iframe><\/div>\n<\/div>\n<\/section>\n<section class=\"xpa-switch-article\">\n<div class=\"news-paragraph text-1\">\n<p>Os jogadores da &Aacute;ustria ainda reclamaram de um p&ecirc;nalti em Laimer em disputa de bola na &aacute;rea, aos 30 minutos da segunda etapa.<\/p>\n<\/div>\n<\/section>\n<section class=\"xpa-switch-article\">\n<div class=\"news-paragraph text-1\">\n<p>O lance foi revisado pelo VAR, mas ainda antes da an&aacute;lise do contato houve a confirma&ccedil;&atilde;o de impedimento na jogada.<\/p>\n<\/div>\n<\/section>\n<section class=\"xpa-switch-article\">\n<hr class=\"separator\">\n<\/section>\n<section class=\"xpa-switch-article\">\n<div class=\"news-paragraph text-1\">\n<h3>&#128064; Foda, n&atilde;o deu!<\/h3>\n<\/div>\n<\/section>\n<section class=\"xpa-switch-article\">\n<div class=\"news-paragraph text-1\">\n<p>O t&eacute;cnico austr&iacute;aco Franco Foda (mais uma vez, este &eacute; o sobrenome dele mesmo!) apostou na mesma escala&ccedil;&atilde;o que garantiu a vaga nas oitavas, mas acabou derrotado pela It&aacute;lia.<\/p>\n<\/div>\n<\/section>\n<section class=\"xpa-switch-article\">\n<div class=\"news-paragraph text-1\">\n<p>Em sua terceira Euro, a &Aacute;ustria estava pela primeira vez no mata-mata do torneio e chegou a dominar, no segundo tempo, a It&aacute;lia, quatro vezes campe&atilde; do Mundo e uma vez campe&atilde; da Europa (1968).<\/p>\n<\/div>\n<\/section>\n<section class=\"xpa-switch-article\">\n<div class=\"news-paragraph text-1\">\n<p>S&oacute; que n&atilde;o foi suficiente e a aventura austr&iacute;aca na Euro 2020 parou mesmo nas oitavas. &Eacute;, Foda, n&atilde;o foi dessa vez!<\/p>\n<\/div>\n<\/section>\n<section class=\"xpa-switch-article\">\n<div class=\"news-paragraph text-1\">\n<p>Mas se voc&ecirc; est&aacute; achando que a &Aacute;ustria fez pouca hist&oacute;ria nesta Euro, voc&ecirc; achou errado!<\/p>\n<\/div>\n<\/section>\n<section class=\"xpa-switch-article\">\n<div class=\"news-paragraph text-1\">\n<p>Marko Arnautovic levou o cart&atilde;o amarelo mais r&aacute;pido do torneio at&eacute; agora, com 1 minuto e 32 segundos.<\/p>\n<\/div>\n<\/section>\n<section class=\"xpa-switch-article\">\n<div class=\"twitter-component\">\n<div class=\"twitter-tweet twitter-tweet-rendered\"><iframe id=\"twitter-widget-3\" class=\"\" title=\"Twitter Tweet\" src=\"https:\/\/platform.twitter.com\/embed\/Tweet.html?creatorScreenName=OneFootball&amp;dnt=false&amp;embedId=twitter-widget-3&amp;features=eyJ0ZndfZXhwZXJpbWVudHNfY29va2llX2V4cGlyYXRpb24iOnsiYnVja2V0IjoxMjA5NjAwLCJ2ZXJzaW9uIjpudWxsfSwidGZ3X2hvcml6b25fdHdlZXRfZW1iZWRfOTU1NSI6eyJidWNrZXQiOiJodGUiLCJ2ZXJzaW9uIjpudWxsfSwidGZ3X3R3ZWV0X2VtYmVkX2NsaWNrYWJpbGl0eV8xMjEwMiI6eyJidWNrZXQiOiJjb250cm9sIiwidmVyc2lvbiI6bnVsbH19&amp;frame=false&amp;hideCard=false&amp;hideThread=true&amp;id=1408878189343035393&amp;lang=pt&amp;origin=https%3A%2F%2Fonefootball.com%2Fpt-br%2Fnoticias%2Fno-sufoco-italia-despacha-a-austria-na-prorrogacao-e-vai-as-quartas-33262059&amp;sessionId=56821ddfd6d798f1ee5d1b482579499124ef465d&amp;siteScreenName=OneFootball&amp;theme=light&amp;widgetsVersion=82e1070%3A1619632193066&amp;width=550px\" frameborder=\"0\" scrolling=\"no\" allowfullscreen=\"allowfullscreen\" data-tweet-id=\"1408878189343035393\" data-mce-fragment=\"1\"><\/iframe><\/div>\n<\/div>\n<\/section>\n<section class=\"xpa-switch-article\">\n<hr class=\"separator\">\n<\/section>\n<section class=\"xpa-switch-article\">\n<div class=\"news-paragraph text-1\">\n<p style=\"text-align: justify;\"><em>Por Onefootball <\/em><\/p>\n<\/div>\n<\/section>\n","protected":false},"excerpt":{"rendered":"<p>Se no primeiro tempo sobrou dom&iacute;nio, mas faltaram os gols, a It&aacute;lia levou um sufoco na segunda etapa, mas conseguiu despachar a &Aacute;ustria na prorroga&ccedil;&atilde;o, vencendo o rival, por 2 x 1, neste s&aacute;bado (26). Federico Chiesa abriu o caminho para os italianos no tempo extra, Pessina ampliou, ainda no primeiro tempo da prorroga&ccedil;&atilde;o. Kalajdzic &hellip;<\/p>\n","protected":false},"author":2,"featured_media":34401,"comment_status":"open","ping_status":"open","sticky":false,"template":"","format":"standard","meta":{"content-type":"","rop_custom_images_group":[],"rop_custom_messages_group":[],"rop_publish_now":"initial","rop_publish_now_accounts":{"facebook_2648258775420054_1618374048415101":""},"rop_publish_now_history":[],"rop_publish_now_status":"pending","footnotes":"","_jetpack_memberships_contains_paid_content":false},"categories":[108],"tags":[11613,1155],"yoast_head":"<!-- This site is optimized with the Yoast SEO plugin v22.3 - https:\/\/yoast.com\/wordpress\/plugins\/seo\/ -->\n<title>No sufoco, It\u00e1lia despacha a \u00c1ustria na prorroga\u00e7\u00e3o e vai \u00e0s quartas<\/title>\n<meta name=\"robots\" content=\"index, follow, max-snippet:-1, max-image-preview:large, max-video-preview:-1\" \/>\n<link rel=\"canonical\" href=\"https:\/\/portalnpm.com\/index.php\/2021\/06\/26\/no-sufoco-italia-despacha-a-austria-na-prorrogacao-e-vai-as-quartas\/\" \/>\n<meta property=\"og:locale\" content=\"pt_BR\" \/>\n<meta property=\"og:type\" content=\"article\" \/>\n<meta property=\"og:title\" content=\"No sufoco, It\u00e1lia despacha a \u00c1ustria na prorroga\u00e7\u00e3o e vai \u00e0s quartas\" \/>\n<meta property=\"og:description\" content=\"Se no primeiro tempo sobrou dom&iacute;nio, mas faltaram os gols, a It&aacute;lia levou um sufoco na segunda etapa, mas conseguiu despachar a &Aacute;ustria na prorroga&ccedil;&atilde;o, vencendo o rival, por 2 x 1, neste s&aacute;bado (26). Federico Chiesa abriu o caminho para os italianos no tempo extra, Pessina ampliou, ainda no primeiro tempo da prorroga&ccedil;&atilde;o. Kalajdzic &hellip;\" \/>\n<meta property=\"og:url\" content=\"https:\/\/portalnpm.com\/index.php\/2021\/06\/26\/no-sufoco-italia-despacha-a-austria-na-prorrogacao-e-vai-as-quartas\/\" \/>\n<meta property=\"og:site_name\" content=\"Portal NPM\" \/>\n<meta property=\"article:published_time\" content=\"2021-06-26T21:43:39+00:00\" \/>\n<meta property=\"article:modified_time\" content=\"2024-01-16T02:32:48+00:00\" \/>\n<meta name=\"author\" content=\"Genival Barbosa\" \/>\n<meta name=\"twitter:card\" content=\"summary_large_image\" \/>\n<meta name=\"twitter:label1\" content=\"Escrito por\" \/>\n\t<meta name=\"twitter:data1\" content=\"Genival Barbosa\" \/>\n\t<meta name=\"twitter:label2\" content=\"Est. tempo de leitura\" \/>\n\t<meta name=\"twitter:data2\" content=\"3 minutos\" \/>\n<script type=\"application\/ld+json\" class=\"yoast-schema-graph\">{\"@context\":\"https:\/\/schema.org\",\"@graph\":[{\"@type\":\"WebPage\",\"@id\":\"https:\/\/portalnpm.com\/index.php\/2021\/06\/26\/no-sufoco-italia-despacha-a-austria-na-prorrogacao-e-vai-as-quartas\/\",\"url\":\"https:\/\/portalnpm.com\/index.php\/2021\/06\/26\/no-sufoco-italia-despacha-a-austria-na-prorrogacao-e-vai-as-quartas\/\",\"name\":\"No sufoco, It\u00e1lia despacha a \u00c1ustria na prorroga\u00e7\u00e3o e vai \u00e0s quartas\",\"isPartOf\":{\"@id\":\"https:\/\/portalnpm.com\/#website\"},\"primaryImageOfPage\":{\"@id\":\"https:\/\/portalnpm.com\/index.php\/2021\/06\/26\/no-sufoco-italia-despacha-a-austria-na-prorrogacao-e-vai-as-quartas\/#primaryimage\"},\"image\":{\"@id\":\"https:\/\/portalnpm.com\/index.php\/2021\/06\/26\/no-sufoco-italia-despacha-a-austria-na-prorrogacao-e-vai-as-quartas\/#primaryimage\"},\"thumbnailUrl\":\"\",\"datePublished\":\"2021-06-26T21:43:39+00:00\",\"dateModified\":\"2024-01-16T02:32:48+00:00\",\"author\":{\"@id\":\"https:\/\/portalnpm.com\/#\/schema\/person\/49313e563cfdefcc167f1ee4c017c294\"},\"breadcrumb\":{\"@id\":\"https:\/\/portalnpm.com\/index.php\/2021\/06\/26\/no-sufoco-italia-despacha-a-austria-na-prorrogacao-e-vai-as-quartas\/#breadcrumb\"},\"inLanguage\":\"pt-BR\",\"potentialAction\":[{\"@type\":\"ReadAction\",\"target\":[\"https:\/\/portalnpm.com\/index.php\/2021\/06\/26\/no-sufoco-italia-despacha-a-austria-na-prorrogacao-e-vai-as-quartas\/\"]}]},{\"@type\":\"ImageObject\",\"inLanguage\":\"pt-BR\",\"@id\":\"https:\/\/portalnpm.com\/index.php\/2021\/06\/26\/no-sufoco-italia-despacha-a-austria-na-prorrogacao-e-vai-as-quartas\/#primaryimage\",\"url\":\"\",\"contentUrl\":\"\"},{\"@type\":\"BreadcrumbList\",\"@id\":\"https:\/\/portalnpm.com\/index.php\/2021\/06\/26\/no-sufoco-italia-despacha-a-austria-na-prorrogacao-e-vai-as-quartas\/#breadcrumb\",\"itemListElement\":[{\"@type\":\"ListItem\",\"position\":1,\"name\":\"In\u00edcio\",\"item\":\"https:\/\/portalnpm.com\/\"},{\"@type\":\"ListItem\",\"position\":2,\"name\":\"No sufoco, It\u00e1lia despacha a \u00c1ustria na prorroga\u00e7\u00e3o e vai \u00e0s quartas\"}]},{\"@type\":\"WebSite\",\"@id\":\"https:\/\/portalnpm.com\/#website\",\"url\":\"https:\/\/portalnpm.com\/\",\"name\":\"Portal NPM\",\"description\":\"Not\u00edcias em Primeira M\u00e3o\",\"potentialAction\":[{\"@type\":\"SearchAction\",\"target\":{\"@type\":\"EntryPoint\",\"urlTemplate\":\"https:\/\/portalnpm.com\/?s={search_term_string}\"},\"query-input\":\"required name=search_term_string\"}],\"inLanguage\":\"pt-BR\"},{\"@type\":\"Person\",\"@id\":\"https:\/\/portalnpm.com\/#\/schema\/person\/49313e563cfdefcc167f1ee4c017c294\",\"name\":\"Genival Barbosa\",\"image\":{\"@type\":\"ImageObject\",\"inLanguage\":\"pt-BR\",\"@id\":\"https:\/\/portalnpm.com\/#\/schema\/person\/image\/\",\"url\":\"https:\/\/portalnpm.com\/wp-content\/uploads\/2024\/02\/avatar_user_2_1707743258-96x96.jpeg\",\"contentUrl\":\"https:\/\/portalnpm.com\/wp-content\/uploads\/2024\/02\/avatar_user_2_1707743258-96x96.jpeg\",\"caption\":\"Genival Barbosa\"},\"url\":\"https:\/\/portalnpm.com\/index.php\/author\/genival\/\"}]}<\/script>\n<!-- \/ Yoast SEO plugin. -->","yoast_head_json":{"title":"No sufoco, It\u00e1lia despacha a \u00c1ustria na prorroga\u00e7\u00e3o e vai \u00e0s quartas","robots":{"index":"index","follow":"follow","max-snippet":"max-snippet:-1","max-image-preview":"max-image-preview:large","max-video-preview":"max-video-preview:-1"},"canonical":"https:\/\/portalnpm.com\/index.php\/2021\/06\/26\/no-sufoco-italia-despacha-a-austria-na-prorrogacao-e-vai-as-quartas\/","og_locale":"pt_BR","og_type":"article","og_title":"No sufoco, It\u00e1lia despacha a \u00c1ustria na prorroga\u00e7\u00e3o e vai \u00e0s quartas","og_description":"Se no primeiro tempo sobrou dom&iacute;nio, mas faltaram os gols, a It&aacute;lia levou um sufoco na segunda etapa, mas conseguiu despachar a &Aacute;ustria na prorroga&ccedil;&atilde;o, vencendo o rival, por 2 x 1, neste s&aacute;bado (26). Federico Chiesa abriu o caminho para os italianos no tempo extra, Pessina ampliou, ainda no primeiro tempo da prorroga&ccedil;&atilde;o. Kalajdzic &hellip;","og_url":"https:\/\/portalnpm.com\/index.php\/2021\/06\/26\/no-sufoco-italia-despacha-a-austria-na-prorrogacao-e-vai-as-quartas\/","og_site_name":"Portal NPM","article_published_time":"2021-06-26T21:43:39+00:00","article_modified_time":"2024-01-16T02:32:48+00:00","author":"Genival Barbosa","twitter_card":"summary_large_image","twitter_misc":{"Escrito por":"Genival Barbosa","Est. tempo de leitura":"3 minutos"},"schema":{"@context":"https:\/\/schema.org","@graph":[{"@type":"WebPage","@id":"https:\/\/portalnpm.com\/index.php\/2021\/06\/26\/no-sufoco-italia-despacha-a-austria-na-prorrogacao-e-vai-as-quartas\/","url":"https:\/\/portalnpm.com\/index.php\/2021\/06\/26\/no-sufoco-italia-despacha-a-austria-na-prorrogacao-e-vai-as-quartas\/","name":"No sufoco, It\u00e1lia despacha a \u00c1ustria na prorroga\u00e7\u00e3o e vai \u00e0s quartas","isPartOf":{"@id":"https:\/\/portalnpm.com\/#website"},"primaryImageOfPage":{"@id":"https:\/\/portalnpm.com\/index.php\/2021\/06\/26\/no-sufoco-italia-despacha-a-austria-na-prorrogacao-e-vai-as-quartas\/#primaryimage"},"image":{"@id":"https:\/\/portalnpm.com\/index.php\/2021\/06\/26\/no-sufoco-italia-despacha-a-austria-na-prorrogacao-e-vai-as-quartas\/#primaryimage"},"thumbnailUrl":"","datePublished":"2021-06-26T21:43:39+00:00","dateModified":"2024-01-16T02:32:48+00:00","author":{"@id":"https:\/\/portalnpm.com\/#\/schema\/person\/49313e563cfdefcc167f1ee4c017c294"},"breadcrumb":{"@id":"https:\/\/portalnpm.com\/index.php\/2021\/06\/26\/no-sufoco-italia-despacha-a-austria-na-prorrogacao-e-vai-as-quartas\/#breadcrumb"},"inLanguage":"pt-BR","potentialAction":[{"@type":"ReadAction","target":["https:\/\/portalnpm.com\/index.php\/2021\/06\/26\/no-sufoco-italia-despacha-a-austria-na-prorrogacao-e-vai-as-quartas\/"]}]},{"@type":"ImageObject","inLanguage":"pt-BR","@id":"https:\/\/portalnpm.com\/index.php\/2021\/06\/26\/no-sufoco-italia-despacha-a-austria-na-prorrogacao-e-vai-as-quartas\/#primaryimage","url":"","contentUrl":""},{"@type":"BreadcrumbList","@id":"https:\/\/portalnpm.com\/index.php\/2021\/06\/26\/no-sufoco-italia-despacha-a-austria-na-prorrogacao-e-vai-as-quartas\/#breadcrumb","itemListElement":[{"@type":"ListItem","position":1,"name":"In\u00edcio","item":"https:\/\/portalnpm.com\/"},{"@type":"ListItem","position":2,"name":"No sufoco, It\u00e1lia despacha a \u00c1ustria na prorroga\u00e7\u00e3o e vai \u00e0s quartas"}]},{"@type":"WebSite","@id":"https:\/\/portalnpm.com\/#website","url":"https:\/\/portalnpm.com\/","name":"Portal NPM","description":"Not\u00edcias em Primeira M\u00e3o","potentialAction":[{"@type":"SearchAction","target":{"@type":"EntryPoint","urlTemplate":"https:\/\/portalnpm.com\/?s={search_term_string}"},"query-input":"required name=search_term_string"}],"inLanguage":"pt-BR"},{"@type":"Person","@id":"https:\/\/portalnpm.com\/#\/schema\/person\/49313e563cfdefcc167f1ee4c017c294","name":"Genival Barbosa","image":{"@type":"ImageObject","inLanguage":"pt-BR","@id":"https:\/\/portalnpm.com\/#\/schema\/person\/image\/","url":"https:\/\/portalnpm.com\/wp-content\/uploads\/2024\/02\/avatar_user_2_1707743258-96x96.jpeg","contentUrl":"https:\/\/portalnpm.com\/wp-content\/uploads\/2024\/02\/avatar_user_2_1707743258-96x96.jpeg","caption":"Genival Barbosa"},"url":"https:\/\/portalnpm.com\/index.php\/author\/genival\/"}]}},"jetpack_sharing_enabled":true,"jetpack_featured_media_url":"","_links":{"self":[{"href":"https:\/\/portalnpm.com\/index.php\/wp-json\/wp\/v2\/posts\/66118"}],"collection":[{"href":"https:\/\/portalnpm.com\/index.php\/wp-json\/wp\/v2\/posts"}],"about":[{"href":"https:\/\/portalnpm.com\/index.php\/wp-json\/wp\/v2\/types\/post"}],"author":[{"embeddable":true,"href":"https:\/\/portalnpm.com\/index.php\/wp-json\/wp\/v2\/users\/2"}],"replies":[{"embeddable":true,"href":"https:\/\/portalnpm.com\/index.php\/wp-json\/wp\/v2\/comments?post=66118"}],"version-history":[{"count":1,"href":"https:\/\/portalnpm.com\/index.php\/wp-json\/wp\/v2\/posts\/66118\/revisions"}],"predecessor-version":[{"id":66123,"href":"https:\/\/portalnpm.com\/index.php\/wp-json\/wp\/v2\/posts\/66118\/revisions\/66123"}],"wp:featuredmedia":[{"embeddable":true,"href":"https:\/\/portalnpm.com\/index.php\/wp-json\/"}],"wp:attachment":[{"href":"https:\/\/portalnpm.com\/index.php\/wp-json\/wp\/v2\/media?parent=66118"}],"wp:term":[{"taxonomy":"category","embeddable":true,"href":"https:\/\/portalnpm.com\/index.php\/wp-json\/wp\/v2\/categories?post=66118"},{"taxonomy":"post_tag","embeddable":true,"href":"https:\/\/portalnpm.com\/index.php\/wp-json\/wp\/v2\/tags?post=66118"}],"curies":[{"name":"wp","href":"https:\/\/api.w.org\/{rel}","templated":true}]}}