{"id":6615,"date":"2019-03-30T10:19:28","date_gmt":"2019-03-30T13:19:28","guid":{"rendered":"http:\/\/srv.portalnpm.com.br\/?p=6615"},"modified":"2019-03-30T10:19:28","modified_gmt":"2019-03-30T13:19:28","slug":"alunos-da-rede-estadual-protestam-por-falta-de-transporte-escolar-no-piaui","status":"publish","type":"post","link":"https:\/\/portalnpm.com\/index.php\/2019\/03\/30\/alunos-da-rede-estadual-protestam-por-falta-de-transporte-escolar-no-piaui\/","title":{"rendered":"Alunos da rede estadual protestam por falta de transporte escolar no Piau\u00ed"},"content":{"rendered":"<p style=\"text-align: justify;\">Dezenas de estudantes da Escola de Ensino M\u00e9dio Deputado Pinheiro Machado, na cidade de Cocal, regi\u00e3o Norte do Piau\u00ed, se concentraram em frente ao pr\u00e9dio do col\u00e9gio, nessa quinta-feira (28\/03), e realizaram uma manifesta\u00e7\u00e3o p\u00fablica pela falta do transporte escolar.<\/p>\n<p style=\"text-align: justify;\">Os alunos que residem na zona rural do munic\u00edpio, est\u00e3o correndo o risco de perder o ano letivo. Desde o in\u00edcio das aulas os estudantes est\u00e3o sem ir a escola pela falta do transporte escolar.<\/p>\n<p><img fetchpriority=\"high\" decoding=\"async\" class=\"aligncenter size-medium wp-image-6616\" src=\"http:\/\/portalnpm.com\/wp-content\/uploads\/2019\/03\/9e61ec462b3395a73bafb9cf47eb3091-300x185.jpg\" alt=\"\" width=\"300\" height=\"185\" \/><\/p>\n<p style=\"text-align: justify;\">Os ve\u00edculos que transportam os alunos da zona rural para a escola n\u00e3o est\u00e3o circulando pela falta de pagamento dos motoristas e demais servidores da educa\u00e7\u00e3o estadual. Agora, para chegar \u00e0 escola muitos estudantes est\u00e3o utilizando os pr\u00f3prios ve\u00edculos, outros pagando passagem e muitos que n\u00e3o tem condi\u00e7\u00f5es financeiras est\u00e3o recorrendo a caronas.<\/p>\n<p style=\"text-align: justify;\">\u201cO que a gente espera por parte do Estado \u00e9 que ele cumpra com a sua obriga\u00e7\u00e3o de pagar os motoristas do transporte escolar e estes retomem as suas atividades, transportando os alunos. Porque quem mora na cidade est\u00e1 assistindo aula, agora quem mora no interior est\u00e1 sendo prejudicado, o que n\u00e3o \u00e9 justo\u201d, disse uma aluna ao Blog.<\/p>\n<p><img decoding=\"async\" class=\"aligncenter size-medium wp-image-6617\" src=\"http:\/\/portalnpm.com\/wp-content\/uploads\/2019\/03\/f789aec2-d9aa-49e4-bc01-816af609961f-390x220-300x169.jpg\" alt=\"\" width=\"300\" height=\"169\" \/><\/p>\n<p style=\"text-align: justify;\">Faixas, cartazes, carro de som e apitos foram ferramentas utilizadas pelos manifestantes para chamar \u00e0 aten\u00e7\u00e3o da popula\u00e7\u00e3o e das autoridades competentes e assim chegar at\u00e9 ao\u00a0governador.<\/p>\n<p style=\"text-align: justify;\">O ato de manifestar partiu dos pr\u00f3prios alunos da zona rural e come\u00e7ou muito t\u00edmida, mas depois ganhou for\u00e7a com o envolvimento de educadores e demais colegas de sala que demonstraram a sua indigna\u00e7\u00e3o com o que est\u00e1 acontecendo.<\/p>\n<p><iframe title=\"Alunos do Ensino M\u00e9dio protestam por falta de transporte escolar em Cocal-PI\" width=\"500\" height=\"281\" src=\"https:\/\/www.youtube.com\/embed\/IC9KxP2vL34?feature=oembed\" frameborder=\"0\" allow=\"accelerometer; autoplay; clipboard-write; encrypted-media; gyroscope; picture-in-picture; web-share\" allowfullscreen><\/iframe><\/p>\n<p><strong>FONTE:\u00a0<\/strong>Blog do Coveiro<\/p>\n","protected":false},"excerpt":{"rendered":"<p>Dezenas de estudantes da Escola de Ensino M\u00e9dio Deputado Pinheiro Machado, na cidade de Cocal, regi\u00e3o Norte do Piau\u00ed, se concentraram em frente ao pr\u00e9dio do col\u00e9gio, nessa quinta-feira (28\/03), e realizaram uma manifesta\u00e7\u00e3o p\u00fablica pela falta do transporte escolar. Os alunos que residem na zona rural do munic\u00edpio, est\u00e3o correndo o risco de perder &hellip;<\/p>\n","protected":false},"author":8,"featured_media":6618,"comment_status":"open","ping_status":"open","sticky":false,"template":"","format":"standard","meta":{"content-type":"","rop_custom_images_group":[],"rop_custom_messages_group":[],"rop_publish_now":"initial","rop_publish_now_accounts":{"facebook_2648258775420054_1618374048415101":""},"rop_publish_now_history":[],"rop_publish_now_status":"pending","footnotes":"","_jetpack_memberships_contains_paid_content":false},"categories":[198,109],"tags":[1484,1170,2530,2531],"yoast_head":"<!-- This site is optimized with the Yoast SEO plugin v22.3 - https:\/\/yoast.com\/wordpress\/plugins\/seo\/ -->\n<title>Alunos da rede estadual protestam por falta de transporte escolar no Piau\u00ed - Portal NPM<\/title>\n<meta name=\"robots\" content=\"index, follow, max-snippet:-1, max-image-preview:large, max-video-preview:-1\" \/>\n<link rel=\"canonical\" href=\"https:\/\/portalnpm.com\/index.php\/2019\/03\/30\/alunos-da-rede-estadual-protestam-por-falta-de-transporte-escolar-no-piaui\/\" \/>\n<meta property=\"og:locale\" content=\"pt_BR\" \/>\n<meta property=\"og:type\" content=\"article\" \/>\n<meta property=\"og:title\" content=\"Alunos da rede estadual protestam por falta de transporte escolar no Piau\u00ed - Portal NPM\" \/>\n<meta property=\"og:description\" content=\"Dezenas de estudantes da Escola de Ensino M\u00e9dio Deputado Pinheiro Machado, na cidade de Cocal, regi\u00e3o Norte do Piau\u00ed, se concentraram em frente ao pr\u00e9dio do col\u00e9gio, nessa quinta-feira (28\/03), e realizaram uma manifesta\u00e7\u00e3o p\u00fablica pela falta do transporte escolar. Os alunos que residem na zona rural do munic\u00edpio, est\u00e3o correndo o risco de perder &hellip;\" \/>\n<meta property=\"og:url\" content=\"https:\/\/portalnpm.com\/index.php\/2019\/03\/30\/alunos-da-rede-estadual-protestam-por-falta-de-transporte-escolar-no-piaui\/\" \/>\n<meta property=\"og:site_name\" content=\"Portal NPM\" \/>\n<meta property=\"article:published_time\" content=\"2019-03-30T13:19:28+00:00\" \/>\n<meta name=\"author\" content=\"Zenilton Lima\" \/>\n<meta name=\"twitter:card\" content=\"summary_large_image\" \/>\n<meta name=\"twitter:label1\" content=\"Escrito por\" \/>\n\t<meta name=\"twitter:data1\" content=\"Zenilton Lima\" \/>\n\t<meta name=\"twitter:label2\" content=\"Est. tempo de leitura\" \/>\n\t<meta name=\"twitter:data2\" content=\"1 minuto\" \/>\n<script type=\"application\/ld+json\" class=\"yoast-schema-graph\">{\"@context\":\"https:\/\/schema.org\",\"@graph\":[{\"@type\":\"WebPage\",\"@id\":\"https:\/\/portalnpm.com\/index.php\/2019\/03\/30\/alunos-da-rede-estadual-protestam-por-falta-de-transporte-escolar-no-piaui\/\",\"url\":\"https:\/\/portalnpm.com\/index.php\/2019\/03\/30\/alunos-da-rede-estadual-protestam-por-falta-de-transporte-escolar-no-piaui\/\",\"name\":\"Alunos da rede estadual protestam por falta de transporte escolar no Piau\u00ed - Portal NPM\",\"isPartOf\":{\"@id\":\"https:\/\/portalnpm.com\/#website\"},\"primaryImageOfPage\":{\"@id\":\"https:\/\/portalnpm.com\/index.php\/2019\/03\/30\/alunos-da-rede-estadual-protestam-por-falta-de-transporte-escolar-no-piaui\/#primaryimage\"},\"image\":{\"@id\":\"https:\/\/portalnpm.com\/index.php\/2019\/03\/30\/alunos-da-rede-estadual-protestam-por-falta-de-transporte-escolar-no-piaui\/#primaryimage\"},\"thumbnailUrl\":\"\",\"datePublished\":\"2019-03-30T13:19:28+00:00\",\"dateModified\":\"2019-03-30T13:19:28+00:00\",\"author\":{\"@id\":\"https:\/\/portalnpm.com\/#\/schema\/person\/35cb55186eae3f074b6783da6d35591e\"},\"breadcrumb\":{\"@id\":\"https:\/\/portalnpm.com\/index.php\/2019\/03\/30\/alunos-da-rede-estadual-protestam-por-falta-de-transporte-escolar-no-piaui\/#breadcrumb\"},\"inLanguage\":\"pt-BR\",\"potentialAction\":[{\"@type\":\"ReadAction\",\"target\":[\"https:\/\/portalnpm.com\/index.php\/2019\/03\/30\/alunos-da-rede-estadual-protestam-por-falta-de-transporte-escolar-no-piaui\/\"]}]},{\"@type\":\"ImageObject\",\"inLanguage\":\"pt-BR\",\"@id\":\"https:\/\/portalnpm.com\/index.php\/2019\/03\/30\/alunos-da-rede-estadual-protestam-por-falta-de-transporte-escolar-no-piaui\/#primaryimage\",\"url\":\"\",\"contentUrl\":\"\"},{\"@type\":\"BreadcrumbList\",\"@id\":\"https:\/\/portalnpm.com\/index.php\/2019\/03\/30\/alunos-da-rede-estadual-protestam-por-falta-de-transporte-escolar-no-piaui\/#breadcrumb\",\"itemListElement\":[{\"@type\":\"ListItem\",\"position\":1,\"name\":\"In\u00edcio\",\"item\":\"https:\/\/portalnpm.com\/\"},{\"@type\":\"ListItem\",\"position\":2,\"name\":\"Alunos da rede estadual protestam por falta de transporte escolar no Piau\u00ed\"}]},{\"@type\":\"WebSite\",\"@id\":\"https:\/\/portalnpm.com\/#website\",\"url\":\"https:\/\/portalnpm.com\/\",\"name\":\"Portal NPM\",\"description\":\"Not\u00edcias em Primeira M\u00e3o\",\"potentialAction\":[{\"@type\":\"SearchAction\",\"target\":{\"@type\":\"EntryPoint\",\"urlTemplate\":\"https:\/\/portalnpm.com\/?s={search_term_string}\"},\"query-input\":\"required name=search_term_string\"}],\"inLanguage\":\"pt-BR\"},{\"@type\":\"Person\",\"@id\":\"https:\/\/portalnpm.com\/#\/schema\/person\/35cb55186eae3f074b6783da6d35591e\",\"name\":\"Zenilton Lima\",\"image\":{\"@type\":\"ImageObject\",\"inLanguage\":\"pt-BR\",\"@id\":\"https:\/\/portalnpm.com\/#\/schema\/person\/image\/\",\"url\":\"https:\/\/portalnpm.com\/wp-content\/uploads\/2024\/12\/avatar_user_8_1733658137-96x96.jpeg\",\"contentUrl\":\"https:\/\/portalnpm.com\/wp-content\/uploads\/2024\/12\/avatar_user_8_1733658137-96x96.jpeg\",\"caption\":\"Zenilton Lima\"},\"url\":\"https:\/\/portalnpm.com\/index.php\/author\/zenilton\/\"}]}<\/script>\n<!-- \/ Yoast SEO plugin. -->","yoast_head_json":{"title":"Alunos da rede estadual protestam por falta de transporte escolar no Piau\u00ed - Portal NPM","robots":{"index":"index","follow":"follow","max-snippet":"max-snippet:-1","max-image-preview":"max-image-preview:large","max-video-preview":"max-video-preview:-1"},"canonical":"https:\/\/portalnpm.com\/index.php\/2019\/03\/30\/alunos-da-rede-estadual-protestam-por-falta-de-transporte-escolar-no-piaui\/","og_locale":"pt_BR","og_type":"article","og_title":"Alunos da rede estadual protestam por falta de transporte escolar no Piau\u00ed - Portal NPM","og_description":"Dezenas de estudantes da Escola de Ensino M\u00e9dio Deputado Pinheiro Machado, na cidade de Cocal, regi\u00e3o Norte do Piau\u00ed, se concentraram em frente ao pr\u00e9dio do col\u00e9gio, nessa quinta-feira (28\/03), e realizaram uma manifesta\u00e7\u00e3o p\u00fablica pela falta do transporte escolar. Os alunos que residem na zona rural do munic\u00edpio, est\u00e3o correndo o risco de perder &hellip;","og_url":"https:\/\/portalnpm.com\/index.php\/2019\/03\/30\/alunos-da-rede-estadual-protestam-por-falta-de-transporte-escolar-no-piaui\/","og_site_name":"Portal NPM","article_published_time":"2019-03-30T13:19:28+00:00","author":"Zenilton Lima","twitter_card":"summary_large_image","twitter_misc":{"Escrito por":"Zenilton Lima","Est. tempo de leitura":"1 minuto"},"schema":{"@context":"https:\/\/schema.org","@graph":[{"@type":"WebPage","@id":"https:\/\/portalnpm.com\/index.php\/2019\/03\/30\/alunos-da-rede-estadual-protestam-por-falta-de-transporte-escolar-no-piaui\/","url":"https:\/\/portalnpm.com\/index.php\/2019\/03\/30\/alunos-da-rede-estadual-protestam-por-falta-de-transporte-escolar-no-piaui\/","name":"Alunos da rede estadual protestam por falta de transporte escolar no Piau\u00ed - Portal NPM","isPartOf":{"@id":"https:\/\/portalnpm.com\/#website"},"primaryImageOfPage":{"@id":"https:\/\/portalnpm.com\/index.php\/2019\/03\/30\/alunos-da-rede-estadual-protestam-por-falta-de-transporte-escolar-no-piaui\/#primaryimage"},"image":{"@id":"https:\/\/portalnpm.com\/index.php\/2019\/03\/30\/alunos-da-rede-estadual-protestam-por-falta-de-transporte-escolar-no-piaui\/#primaryimage"},"thumbnailUrl":"","datePublished":"2019-03-30T13:19:28+00:00","dateModified":"2019-03-30T13:19:28+00:00","author":{"@id":"https:\/\/portalnpm.com\/#\/schema\/person\/35cb55186eae3f074b6783da6d35591e"},"breadcrumb":{"@id":"https:\/\/portalnpm.com\/index.php\/2019\/03\/30\/alunos-da-rede-estadual-protestam-por-falta-de-transporte-escolar-no-piaui\/#breadcrumb"},"inLanguage":"pt-BR","potentialAction":[{"@type":"ReadAction","target":["https:\/\/portalnpm.com\/index.php\/2019\/03\/30\/alunos-da-rede-estadual-protestam-por-falta-de-transporte-escolar-no-piaui\/"]}]},{"@type":"ImageObject","inLanguage":"pt-BR","@id":"https:\/\/portalnpm.com\/index.php\/2019\/03\/30\/alunos-da-rede-estadual-protestam-por-falta-de-transporte-escolar-no-piaui\/#primaryimage","url":"","contentUrl":""},{"@type":"BreadcrumbList","@id":"https:\/\/portalnpm.com\/index.php\/2019\/03\/30\/alunos-da-rede-estadual-protestam-por-falta-de-transporte-escolar-no-piaui\/#breadcrumb","itemListElement":[{"@type":"ListItem","position":1,"name":"In\u00edcio","item":"https:\/\/portalnpm.com\/"},{"@type":"ListItem","position":2,"name":"Alunos da rede estadual protestam por falta de transporte escolar no Piau\u00ed"}]},{"@type":"WebSite","@id":"https:\/\/portalnpm.com\/#website","url":"https:\/\/portalnpm.com\/","name":"Portal NPM","description":"Not\u00edcias em Primeira M\u00e3o","potentialAction":[{"@type":"SearchAction","target":{"@type":"EntryPoint","urlTemplate":"https:\/\/portalnpm.com\/?s={search_term_string}"},"query-input":"required name=search_term_string"}],"inLanguage":"pt-BR"},{"@type":"Person","@id":"https:\/\/portalnpm.com\/#\/schema\/person\/35cb55186eae3f074b6783da6d35591e","name":"Zenilton Lima","image":{"@type":"ImageObject","inLanguage":"pt-BR","@id":"https:\/\/portalnpm.com\/#\/schema\/person\/image\/","url":"https:\/\/portalnpm.com\/wp-content\/uploads\/2024\/12\/avatar_user_8_1733658137-96x96.jpeg","contentUrl":"https:\/\/portalnpm.com\/wp-content\/uploads\/2024\/12\/avatar_user_8_1733658137-96x96.jpeg","caption":"Zenilton Lima"},"url":"https:\/\/portalnpm.com\/index.php\/author\/zenilton\/"}]}},"jetpack_sharing_enabled":true,"jetpack_featured_media_url":"","_links":{"self":[{"href":"https:\/\/portalnpm.com\/index.php\/wp-json\/wp\/v2\/posts\/6615"}],"collection":[{"href":"https:\/\/portalnpm.com\/index.php\/wp-json\/wp\/v2\/posts"}],"about":[{"href":"https:\/\/portalnpm.com\/index.php\/wp-json\/wp\/v2\/types\/post"}],"author":[{"embeddable":true,"href":"https:\/\/portalnpm.com\/index.php\/wp-json\/wp\/v2\/users\/8"}],"replies":[{"embeddable":true,"href":"https:\/\/portalnpm.com\/index.php\/wp-json\/wp\/v2\/comments?post=6615"}],"version-history":[{"count":0,"href":"https:\/\/portalnpm.com\/index.php\/wp-json\/wp\/v2\/posts\/6615\/revisions"}],"wp:featuredmedia":[{"embeddable":true,"href":"https:\/\/portalnpm.com\/index.php\/wp-json\/"}],"wp:attachment":[{"href":"https:\/\/portalnpm.com\/index.php\/wp-json\/wp\/v2\/media?parent=6615"}],"wp:term":[{"taxonomy":"category","embeddable":true,"href":"https:\/\/portalnpm.com\/index.php\/wp-json\/wp\/v2\/categories?post=6615"},{"taxonomy":"post_tag","embeddable":true,"href":"https:\/\/portalnpm.com\/index.php\/wp-json\/wp\/v2\/tags?post=6615"}],"curies":[{"name":"wp","href":"https:\/\/api.w.org\/{rel}","templated":true}]}}