{"id":663,"date":"2018-08-17T14:39:50","date_gmt":"2018-08-17T17:39:50","guid":{"rendered":"http:\/\/srv.portalnpm.com.br\/?p=663"},"modified":"2018-08-17T14:39:50","modified_gmt":"2018-08-17T17:39:50","slug":"jovem-de-familia-de-alagoinha-do-piaui-e-assassinado-a-tiros-na-bahia","status":"publish","type":"post","link":"https:\/\/portalnpm.com\/index.php\/2018\/08\/17\/jovem-de-familia-de-alagoinha-do-piaui-e-assassinado-a-tiros-na-bahia\/","title":{"rendered":"Jovem de fam\u00edlia de Alagoinha do Piau\u00ed \u00e9 assassinado a tiros na Bahia"},"content":{"rendered":"<div class=\"mc-column content-text active-extra-styles active-capital-letter\" data-block-type=\"unstyled\" data-block-weight=\"27\" data-block-id=\"2\">\n<p class=\"content-text__container theme-color-primary-first-letter\" style=\"text-align: justify;\" data-track-category=\"Link no Texto\" data-track-links=\"\">Um homem foi encontrado morto na Avenida Tamburugy, atr\u00e1s do Shopping Paralela e ao lado de um condom\u00ednio, em Salvador, Bahia, por volta das 6h30 desta sexta-feira (17).<\/p>\n<\/div>\n<div class=\"wall\" style=\"text-align: justify;\">\n<div class=\"mc-column content-text active-extra-styles\" data-block-type=\"unstyled\" data-block-weight=\"24\" data-block-id=\"3\">\n<p class=\"content-text__container\" data-track-category=\"Link no Texto\" data-track-links=\"\">A v\u00edtima foi identificada como Michel S\u00e1. De acordo com a Pol\u00edcia Militar, ele tinha marcas de disparos com arma de fogo no corpo.<\/p>\n<\/div>\n<div class=\"mc-column content-text active-extra-styles\" data-block-type=\"unstyled\" data-block-weight=\"16\" data-block-id=\"4\">\n<p class=\"content-text__container\" data-track-category=\"Link no Texto\" data-track-links=\"\">Autoria e motiva\u00e7\u00e3o do assassinato s\u00e3o investigados pelo Departamento de Homic\u00eddios e Prote\u00e7\u00e3o \u00e0 Pessoa (DHPP).<\/p>\n<\/div>\n<div class=\"mc-column content-text active-extra-styles\" data-block-type=\"unstyled\" data-block-weight=\"21\" data-block-id=\"5\">\n<p class=\"content-text__container\" data-track-category=\"Link no Texto\" data-track-links=\"\">Michel era casado e deixa um filho. Familiares e amigos da v\u00edtima publicaram mensagens de pesar nas redes sociais de Michel.<\/p>\n<\/div>\n<\/div>\n<div data-track-category=\"fim do conteudo\" data-track-action=\"ultimo chunk conteudo\" data-track-noninteraction=\"false\" data-track-scroll=\"entrada completa viewport\">\n<div class=\"mc-column content-text active-extra-styles\" data-block-type=\"unstyled\" data-block-weight=\"31\" data-block-id=\"6\">\n<p class=\"content-text__container\" style=\"text-align: justify;\" data-track-category=\"Link no Texto\" data-track-links=\"\">\u201cIrm\u00e3o, que DEUS em sua infinita miseric\u00f3rdia possa te acolher no reino da gloria e ampare com o conforto celestial a sua fam\u00edlia. Voc\u00ea estar\u00e1 sempre conosco amigo.\u201d, escreveu um deles.<\/p>\n<p style=\"text-align: justify;\" data-track-category=\"Link no Texto\" data-track-links=\"\">Michel S\u00e1 \u00e9 de fam\u00edlia origin\u00e1ria do munic\u00edpio de Alagoinha do Piau\u00ed e residia na capital baiana.<\/p>\n<p style=\"text-align: justify;\" data-track-category=\"Link no Texto\" data-track-links=\"\"><strong>Fonte: G1<\/strong><\/p>\n<\/div>\n<\/div>\n","protected":false},"excerpt":{"rendered":"<p>Um homem foi encontrado morto na Avenida Tamburugy, atr\u00e1s do Shopping Paralela e ao lado de um condom\u00ednio, em Salvador, Bahia, por volta das 6h30 desta sexta-feira (17). A v\u00edtima foi identificada como Michel S\u00e1. De acordo com a Pol\u00edcia Militar, ele tinha marcas de disparos com arma de fogo no corpo. Autoria e motiva\u00e7\u00e3o &hellip;<\/p>\n","protected":false},"author":3,"featured_media":664,"comment_status":"open","ping_status":"open","sticky":false,"template":"","format":"standard","meta":{"content-type":"","rop_custom_images_group":[],"rop_custom_messages_group":[],"rop_publish_now":"initial","rop_publish_now_accounts":{"facebook_2648258775420054_1618374048415101":""},"rop_publish_now_history":[],"rop_publish_now_status":"pending","footnotes":"","_jetpack_memberships_contains_paid_content":false},"categories":[144,113,109],"tags":[172,460,493],"yoast_head":"<!-- This site is optimized with the Yoast SEO plugin v22.3 - https:\/\/yoast.com\/wordpress\/plugins\/seo\/ -->\n<title>Jovem de fam\u00edlia de Alagoinha do Piau\u00ed \u00e9 assassinado a tiros na Bahia - Portal NPM<\/title>\n<meta name=\"robots\" content=\"index, follow, max-snippet:-1, max-image-preview:large, max-video-preview:-1\" \/>\n<link rel=\"canonical\" href=\"https:\/\/portalnpm.com\/index.php\/2018\/08\/17\/jovem-de-familia-de-alagoinha-do-piaui-e-assassinado-a-tiros-na-bahia\/\" \/>\n<meta property=\"og:locale\" content=\"pt_BR\" \/>\n<meta property=\"og:type\" content=\"article\" \/>\n<meta property=\"og:title\" content=\"Jovem de fam\u00edlia de Alagoinha do Piau\u00ed \u00e9 assassinado a tiros na Bahia - Portal NPM\" \/>\n<meta property=\"og:description\" content=\"Um homem foi encontrado morto na Avenida Tamburugy, atr\u00e1s do Shopping Paralela e ao lado de um condom\u00ednio, em Salvador, Bahia, por volta das 6h30 desta sexta-feira (17). A v\u00edtima foi identificada como Michel S\u00e1. De acordo com a Pol\u00edcia Militar, ele tinha marcas de disparos com arma de fogo no corpo. Autoria e motiva\u00e7\u00e3o &hellip;\" \/>\n<meta property=\"og:url\" content=\"https:\/\/portalnpm.com\/index.php\/2018\/08\/17\/jovem-de-familia-de-alagoinha-do-piaui-e-assassinado-a-tiros-na-bahia\/\" \/>\n<meta property=\"og:site_name\" content=\"Portal NPM\" \/>\n<meta property=\"article:published_time\" content=\"2018-08-17T17:39:50+00:00\" \/>\n<meta property=\"og:image\" content=\"https:\/\/portalnpm.com\/wp-content\/uploads\/2018\/08\/michel-sa-cortada.jpg\" \/>\n\t<meta property=\"og:image:width\" content=\"1000\" \/>\n\t<meta property=\"og:image:height\" content=\"626\" \/>\n\t<meta property=\"og:image:type\" content=\"image\/jpeg\" \/>\n<meta name=\"author\" content=\"Luis Alberto\" \/>\n<meta name=\"twitter:card\" content=\"summary_large_image\" \/>\n<meta name=\"twitter:label1\" content=\"Escrito por\" \/>\n\t<meta name=\"twitter:data1\" content=\"Luis Alberto\" \/>\n\t<meta name=\"twitter:label2\" content=\"Est. tempo de leitura\" \/>\n\t<meta name=\"twitter:data2\" content=\"1 minuto\" \/>\n<script type=\"application\/ld+json\" class=\"yoast-schema-graph\">{\"@context\":\"https:\/\/schema.org\",\"@graph\":[{\"@type\":\"WebPage\",\"@id\":\"https:\/\/portalnpm.com\/index.php\/2018\/08\/17\/jovem-de-familia-de-alagoinha-do-piaui-e-assassinado-a-tiros-na-bahia\/\",\"url\":\"https:\/\/portalnpm.com\/index.php\/2018\/08\/17\/jovem-de-familia-de-alagoinha-do-piaui-e-assassinado-a-tiros-na-bahia\/\",\"name\":\"Jovem de fam\u00edlia de Alagoinha do Piau\u00ed \u00e9 assassinado a tiros na Bahia - Portal NPM\",\"isPartOf\":{\"@id\":\"https:\/\/portalnpm.com\/#website\"},\"primaryImageOfPage\":{\"@id\":\"https:\/\/portalnpm.com\/index.php\/2018\/08\/17\/jovem-de-familia-de-alagoinha-do-piaui-e-assassinado-a-tiros-na-bahia\/#primaryimage\"},\"image\":{\"@id\":\"https:\/\/portalnpm.com\/index.php\/2018\/08\/17\/jovem-de-familia-de-alagoinha-do-piaui-e-assassinado-a-tiros-na-bahia\/#primaryimage\"},\"thumbnailUrl\":\"https:\/\/portalnpm.com\/wp-content\/uploads\/2018\/08\/michel-sa-cortada.jpg\",\"datePublished\":\"2018-08-17T17:39:50+00:00\",\"dateModified\":\"2018-08-17T17:39:50+00:00\",\"author\":{\"@id\":\"https:\/\/portalnpm.com\/#\/schema\/person\/5c8006acdf71774cd4e7a5ab98482152\"},\"breadcrumb\":{\"@id\":\"https:\/\/portalnpm.com\/index.php\/2018\/08\/17\/jovem-de-familia-de-alagoinha-do-piaui-e-assassinado-a-tiros-na-bahia\/#breadcrumb\"},\"inLanguage\":\"pt-BR\",\"potentialAction\":[{\"@type\":\"ReadAction\",\"target\":[\"https:\/\/portalnpm.com\/index.php\/2018\/08\/17\/jovem-de-familia-de-alagoinha-do-piaui-e-assassinado-a-tiros-na-bahia\/\"]}]},{\"@type\":\"ImageObject\",\"inLanguage\":\"pt-BR\",\"@id\":\"https:\/\/portalnpm.com\/index.php\/2018\/08\/17\/jovem-de-familia-de-alagoinha-do-piaui-e-assassinado-a-tiros-na-bahia\/#primaryimage\",\"url\":\"https:\/\/portalnpm.com\/wp-content\/uploads\/2018\/08\/michel-sa-cortada.jpg\",\"contentUrl\":\"https:\/\/portalnpm.com\/wp-content\/uploads\/2018\/08\/michel-sa-cortada.jpg\",\"width\":1000,\"height\":626},{\"@type\":\"BreadcrumbList\",\"@id\":\"https:\/\/portalnpm.com\/index.php\/2018\/08\/17\/jovem-de-familia-de-alagoinha-do-piaui-e-assassinado-a-tiros-na-bahia\/#breadcrumb\",\"itemListElement\":[{\"@type\":\"ListItem\",\"position\":1,\"name\":\"In\u00edcio\",\"item\":\"https:\/\/portalnpm.com\/\"},{\"@type\":\"ListItem\",\"position\":2,\"name\":\"Jovem de fam\u00edlia de Alagoinha do Piau\u00ed \u00e9 assassinado a tiros na Bahia\"}]},{\"@type\":\"WebSite\",\"@id\":\"https:\/\/portalnpm.com\/#website\",\"url\":\"https:\/\/portalnpm.com\/\",\"name\":\"Portal NPM\",\"description\":\"Not\u00edcias em Primeira M\u00e3o\",\"potentialAction\":[{\"@type\":\"SearchAction\",\"target\":{\"@type\":\"EntryPoint\",\"urlTemplate\":\"https:\/\/portalnpm.com\/?s={search_term_string}\"},\"query-input\":\"required name=search_term_string\"}],\"inLanguage\":\"pt-BR\"},{\"@type\":\"Person\",\"@id\":\"https:\/\/portalnpm.com\/#\/schema\/person\/5c8006acdf71774cd4e7a5ab98482152\",\"name\":\"Luis Alberto\",\"image\":{\"@type\":\"ImageObject\",\"inLanguage\":\"pt-BR\",\"@id\":\"https:\/\/portalnpm.com\/#\/schema\/person\/image\/\",\"url\":\"https:\/\/portalnpm.com\/wp-content\/uploads\/2024\/12\/avatar_user_3_1734699769-96x96.jpeg\",\"contentUrl\":\"https:\/\/portalnpm.com\/wp-content\/uploads\/2024\/12\/avatar_user_3_1734699769-96x96.jpeg\",\"caption\":\"Luis Alberto\"},\"description\":\"Editor-geral do Portal NPM, \u00e9 formado como T\u00e9cnico em Seguran\u00e7a do Trabalho pela Escola Metropolitana de Cursos T\u00e9cnicos. Det\u00e9m ainda licenciatura em Educa\u00e7\u00e3o F\u00edsica e bacharelado em Ci\u00eancias Pol\u00edticas, ambos obtidos pela institui\u00e7\u00e3o Anhanguera\/UNOPAR.\",\"url\":\"https:\/\/portalnpm.com\/index.php\/author\/pereira\/\"}]}<\/script>\n<!-- \/ Yoast SEO plugin. -->","yoast_head_json":{"title":"Jovem de fam\u00edlia de Alagoinha do Piau\u00ed \u00e9 assassinado a tiros na Bahia - Portal NPM","robots":{"index":"index","follow":"follow","max-snippet":"max-snippet:-1","max-image-preview":"max-image-preview:large","max-video-preview":"max-video-preview:-1"},"canonical":"https:\/\/portalnpm.com\/index.php\/2018\/08\/17\/jovem-de-familia-de-alagoinha-do-piaui-e-assassinado-a-tiros-na-bahia\/","og_locale":"pt_BR","og_type":"article","og_title":"Jovem de fam\u00edlia de Alagoinha do Piau\u00ed \u00e9 assassinado a tiros na Bahia - Portal NPM","og_description":"Um homem foi encontrado morto na Avenida Tamburugy, atr\u00e1s do Shopping Paralela e ao lado de um condom\u00ednio, em Salvador, Bahia, por volta das 6h30 desta sexta-feira (17). A v\u00edtima foi identificada como Michel S\u00e1. De acordo com a Pol\u00edcia Militar, ele tinha marcas de disparos com arma de fogo no corpo. Autoria e motiva\u00e7\u00e3o &hellip;","og_url":"https:\/\/portalnpm.com\/index.php\/2018\/08\/17\/jovem-de-familia-de-alagoinha-do-piaui-e-assassinado-a-tiros-na-bahia\/","og_site_name":"Portal NPM","article_published_time":"2018-08-17T17:39:50+00:00","og_image":[{"width":1000,"height":626,"url":"https:\/\/portalnpm.com\/wp-content\/uploads\/2018\/08\/michel-sa-cortada.jpg","type":"image\/jpeg"}],"author":"Luis Alberto","twitter_card":"summary_large_image","twitter_misc":{"Escrito por":"Luis Alberto","Est. tempo de leitura":"1 minuto"},"schema":{"@context":"https:\/\/schema.org","@graph":[{"@type":"WebPage","@id":"https:\/\/portalnpm.com\/index.php\/2018\/08\/17\/jovem-de-familia-de-alagoinha-do-piaui-e-assassinado-a-tiros-na-bahia\/","url":"https:\/\/portalnpm.com\/index.php\/2018\/08\/17\/jovem-de-familia-de-alagoinha-do-piaui-e-assassinado-a-tiros-na-bahia\/","name":"Jovem de fam\u00edlia de Alagoinha do Piau\u00ed \u00e9 assassinado a tiros na Bahia - Portal NPM","isPartOf":{"@id":"https:\/\/portalnpm.com\/#website"},"primaryImageOfPage":{"@id":"https:\/\/portalnpm.com\/index.php\/2018\/08\/17\/jovem-de-familia-de-alagoinha-do-piaui-e-assassinado-a-tiros-na-bahia\/#primaryimage"},"image":{"@id":"https:\/\/portalnpm.com\/index.php\/2018\/08\/17\/jovem-de-familia-de-alagoinha-do-piaui-e-assassinado-a-tiros-na-bahia\/#primaryimage"},"thumbnailUrl":"https:\/\/portalnpm.com\/wp-content\/uploads\/2018\/08\/michel-sa-cortada.jpg","datePublished":"2018-08-17T17:39:50+00:00","dateModified":"2018-08-17T17:39:50+00:00","author":{"@id":"https:\/\/portalnpm.com\/#\/schema\/person\/5c8006acdf71774cd4e7a5ab98482152"},"breadcrumb":{"@id":"https:\/\/portalnpm.com\/index.php\/2018\/08\/17\/jovem-de-familia-de-alagoinha-do-piaui-e-assassinado-a-tiros-na-bahia\/#breadcrumb"},"inLanguage":"pt-BR","potentialAction":[{"@type":"ReadAction","target":["https:\/\/portalnpm.com\/index.php\/2018\/08\/17\/jovem-de-familia-de-alagoinha-do-piaui-e-assassinado-a-tiros-na-bahia\/"]}]},{"@type":"ImageObject","inLanguage":"pt-BR","@id":"https:\/\/portalnpm.com\/index.php\/2018\/08\/17\/jovem-de-familia-de-alagoinha-do-piaui-e-assassinado-a-tiros-na-bahia\/#primaryimage","url":"https:\/\/portalnpm.com\/wp-content\/uploads\/2018\/08\/michel-sa-cortada.jpg","contentUrl":"https:\/\/portalnpm.com\/wp-content\/uploads\/2018\/08\/michel-sa-cortada.jpg","width":1000,"height":626},{"@type":"BreadcrumbList","@id":"https:\/\/portalnpm.com\/index.php\/2018\/08\/17\/jovem-de-familia-de-alagoinha-do-piaui-e-assassinado-a-tiros-na-bahia\/#breadcrumb","itemListElement":[{"@type":"ListItem","position":1,"name":"In\u00edcio","item":"https:\/\/portalnpm.com\/"},{"@type":"ListItem","position":2,"name":"Jovem de fam\u00edlia de Alagoinha do Piau\u00ed \u00e9 assassinado a tiros na Bahia"}]},{"@type":"WebSite","@id":"https:\/\/portalnpm.com\/#website","url":"https:\/\/portalnpm.com\/","name":"Portal NPM","description":"Not\u00edcias em Primeira M\u00e3o","potentialAction":[{"@type":"SearchAction","target":{"@type":"EntryPoint","urlTemplate":"https:\/\/portalnpm.com\/?s={search_term_string}"},"query-input":"required name=search_term_string"}],"inLanguage":"pt-BR"},{"@type":"Person","@id":"https:\/\/portalnpm.com\/#\/schema\/person\/5c8006acdf71774cd4e7a5ab98482152","name":"Luis Alberto","image":{"@type":"ImageObject","inLanguage":"pt-BR","@id":"https:\/\/portalnpm.com\/#\/schema\/person\/image\/","url":"https:\/\/portalnpm.com\/wp-content\/uploads\/2024\/12\/avatar_user_3_1734699769-96x96.jpeg","contentUrl":"https:\/\/portalnpm.com\/wp-content\/uploads\/2024\/12\/avatar_user_3_1734699769-96x96.jpeg","caption":"Luis Alberto"},"description":"Editor-geral do Portal NPM, \u00e9 formado como T\u00e9cnico em Seguran\u00e7a do Trabalho pela Escola Metropolitana de Cursos T\u00e9cnicos. Det\u00e9m ainda licenciatura em Educa\u00e7\u00e3o F\u00edsica e bacharelado em Ci\u00eancias Pol\u00edticas, ambos obtidos pela institui\u00e7\u00e3o Anhanguera\/UNOPAR.","url":"https:\/\/portalnpm.com\/index.php\/author\/pereira\/"}]}},"jetpack_sharing_enabled":true,"jetpack_featured_media_url":"https:\/\/portalnpm.com\/wp-content\/uploads\/2018\/08\/michel-sa-cortada.jpg","_links":{"self":[{"href":"https:\/\/portalnpm.com\/index.php\/wp-json\/wp\/v2\/posts\/663"}],"collection":[{"href":"https:\/\/portalnpm.com\/index.php\/wp-json\/wp\/v2\/posts"}],"about":[{"href":"https:\/\/portalnpm.com\/index.php\/wp-json\/wp\/v2\/types\/post"}],"author":[{"embeddable":true,"href":"https:\/\/portalnpm.com\/index.php\/wp-json\/wp\/v2\/users\/3"}],"replies":[{"embeddable":true,"href":"https:\/\/portalnpm.com\/index.php\/wp-json\/wp\/v2\/comments?post=663"}],"version-history":[{"count":0,"href":"https:\/\/portalnpm.com\/index.php\/wp-json\/wp\/v2\/posts\/663\/revisions"}],"wp:featuredmedia":[{"embeddable":true,"href":"https:\/\/portalnpm.com\/index.php\/wp-json\/wp\/v2\/media\/664"}],"wp:attachment":[{"href":"https:\/\/portalnpm.com\/index.php\/wp-json\/wp\/v2\/media?parent=663"}],"wp:term":[{"taxonomy":"category","embeddable":true,"href":"https:\/\/portalnpm.com\/index.php\/wp-json\/wp\/v2\/categories?post=663"},{"taxonomy":"post_tag","embeddable":true,"href":"https:\/\/portalnpm.com\/index.php\/wp-json\/wp\/v2\/tags?post=663"}],"curies":[{"name":"wp","href":"https:\/\/api.w.org\/{rel}","templated":true}]}}