{"id":66499,"date":"2021-07-07T21:31:45","date_gmt":"2021-07-08T00:31:45","guid":{"rendered":"https:\/\/portalnpm.com\/index.php\/2021\/07\/07\/palmeiras-vence-o-gremio-e-assume-a-lideranca-do-brasileirao-assai\/"},"modified":"2021-07-07T21:31:45","modified_gmt":"2021-07-08T00:31:45","slug":"palmeiras-vence-o-gremio-e-assume-a-lideranca-do-brasileirao-assai","status":"publish","type":"post","link":"https:\/\/portalnpm.com\/index.php\/2021\/07\/07\/palmeiras-vence-o-gremio-e-assume-a-lideranca-do-brasileirao-assai\/","title":{"rendered":"Palmeiras vence o Gr\u00eamio e assume a lideran\u00e7a do Brasileir\u00e3o Assa\u00ed"},"content":{"rendered":"<p style=\"text-align: justify;\">O\u00a0<strong>Brasileir\u00e3o Assa\u00ed<\/strong>\u00a0tem um novo l\u00edder! Nesta quarta-feira (7), o\u00a0<strong>Palmeiras<\/strong>\u00a0derrotou o\u00a0<strong>Gr\u00eamio<\/strong>\u00a0por 2 a 0, no Allianz Parque, e assumiu o topo da tabela de classifica\u00e7\u00e3o da competi\u00e7\u00e3o. Raphael Veiga \u2013 com apenas 15 segundos de jogo \u2013 e Gabriel Menino marcaram os gols do triunfo.<\/p>\n<p style=\"text-align: justify;\">Com o resultado, o Verd\u00e3o subiu para o primeiro lugar da tabela com 22 pontos e uma vit\u00f3ria a mais que o\u00a0<a href=\"https:\/\/www.cbf.com.br\/futebol-brasileiro\/competicoes\/campeonato-brasileiro-serie-a\/2021\/98\" target=\"_blank\" rel=\"noopener\">Red Bull Bragantino, que tem a mesma pontua\u00e7\u00e3o e empatou com o Cuiab\u00e1<\/a>\u00a0nesta rodada. O Tricolor Ga\u00facho, que ainda n\u00e3o venceu, tem dois pontos e est\u00e1 na lanterna.<\/p>\n<p style=\"text-align: justify;\"><a href=\"https:\/\/www.cbf.com.br\/futebol-brasileiro\/competicoes\/campeonato-brasileiro-serie-a\" target=\"_blank\" rel=\"noopener\">+Confira a tabela completa do Brasileir\u00e3o Assa\u00ed!<\/a><\/p>\n<p style=\"text-align: justify;\"><strong>O jogo<\/strong><\/p>\n<p style=\"text-align: justify;\">O Palmeiras precisou de apenas 15 segundos de bola rolando no Allianz Parque para abrir o placar diante do Gr\u00eamio. Raphael Veiga recebeu de Gustavo Scarpa na \u00e1rea e finalizou para colocar o Verd\u00e3o na frente: 1 a 0. Com o gol rel\u00e2mpago, o time ga\u00facho n\u00e3o mostrou poder de rea\u00e7\u00e3o e viu os donos da casa ampliarem a vantagem na marca dos 16. Mat\u00edas Vi\u00f1a cruzou na medida para Gabriel Menino, que ganhou de Diogo Barbosa na \u00e1rea e cabeceou para o fundo das redes.<\/p>\n<p style=\"text-align: justify;\">Sem conseguir muitos espa\u00e7os, o Gr\u00eamio n\u00e3o assustou muito a meta defendida por Jailson. Na principal chegada, Douglas Costa recebeu pela direita, ajeitou para o meio e arriscou de fora da \u00e1rea para defesa tranquila do camisa 42. Criando mais chances, o Palmeiras ainda ficou perto de ampliar, como no chute de Raphael Veiga, aos 39, que viu Brenno salvar o time ga\u00facho.<\/p>\n<p style=\"text-align: justify;\">O Tricolor Ga\u00facho voltou do intervalo assustando e quase diminuiu o placar aos dois minutos. Ferreira aproveitou erro na sa\u00edda de bola de Luan, avan\u00e7ou at\u00e9 a \u00e1rea e passou para Ricardinho, que obrigou Jailson a fazer boa defesa. Depois, em cobran\u00e7a de falta, Douglas Costa manda direto em dire\u00e7\u00e3o ao gol, para outra interven\u00e7\u00e3o do goleiro palmeirense. Aos 15, mais press\u00e3o gremista: Ruan recebeu cruzamento na \u00e1rea, Jailson deixou passar, e a defesa palmeirense afastou o perigo.<\/p>\n<p style=\"text-align: justify;\">Apesar das investidas dos visitantes, o Palmeiras seguiu firme no jogo e tamb\u00e9m criando boas chances de gol. Em uma das chegadas, aos 34, a bola sobrou para Raphael Veiga, que finalizou no travess\u00e3o. Quatro minutos depois, Breno Lopes foi acionado pela direita, avan\u00e7ou e chutou de fora da \u00e1rea, muito perto da meta gremista. Administrando o resultado at\u00e9 o apito final, o Verd\u00e3o garantiu o triunfo por 2 a 0 e a lideran\u00e7a da S\u00e9rie A.<\/p>\n<p style=\"text-align: justify;\">Fonte:\u00a0 CBF<\/p>\n","protected":false},"excerpt":{"rendered":"<p>O\u00a0Brasileir\u00e3o Assa\u00ed\u00a0tem um novo l\u00edder! Nesta quarta-feira (7), o\u00a0Palmeiras\u00a0derrotou o\u00a0Gr\u00eamio\u00a0por 2 a 0, no Allianz Parque, e assumiu o topo da tabela de classifica\u00e7\u00e3o da competi\u00e7\u00e3o. Raphael Veiga \u2013 com apenas 15 segundos de jogo \u2013 e Gabriel Menino marcaram os gols do triunfo. Com o resultado, o Verd\u00e3o subiu para o primeiro lugar da &hellip;<\/p>\n","protected":false},"author":2,"featured_media":66500,"comment_status":"open","ping_status":"open","sticky":false,"template":"","format":"standard","meta":{"content-type":"","rop_custom_images_group":[],"rop_custom_messages_group":[],"rop_publish_now":"initial","rop_publish_now_accounts":{"facebook_2648258775420054_1618374048415101":""},"rop_publish_now_history":[],"rop_publish_now_status":"pending","footnotes":"","_jetpack_memberships_contains_paid_content":false},"categories":[108],"tags":[817,818,157],"yoast_head":"<!-- This site is optimized with the Yoast SEO plugin v22.3 - https:\/\/yoast.com\/wordpress\/plugins\/seo\/ -->\n<title>Palmeiras vence o Gr\u00eamio e assume a lideran\u00e7a do Brasileir\u00e3o Assa\u00ed<\/title>\n<meta name=\"robots\" content=\"index, follow, max-snippet:-1, max-image-preview:large, max-video-preview:-1\" \/>\n<link rel=\"canonical\" href=\"https:\/\/portalnpm.com\/index.php\/2021\/07\/07\/palmeiras-vence-o-gremio-e-assume-a-lideranca-do-brasileirao-assai\/\" \/>\n<meta property=\"og:locale\" content=\"pt_BR\" \/>\n<meta property=\"og:type\" content=\"article\" \/>\n<meta property=\"og:title\" content=\"Palmeiras vence o Gr\u00eamio e assume a lideran\u00e7a do Brasileir\u00e3o Assa\u00ed\" \/>\n<meta property=\"og:description\" content=\"O\u00a0Brasileir\u00e3o Assa\u00ed\u00a0tem um novo l\u00edder! Nesta quarta-feira (7), o\u00a0Palmeiras\u00a0derrotou o\u00a0Gr\u00eamio\u00a0por 2 a 0, no Allianz Parque, e assumiu o topo da tabela de classifica\u00e7\u00e3o da competi\u00e7\u00e3o. Raphael Veiga \u2013 com apenas 15 segundos de jogo \u2013 e Gabriel Menino marcaram os gols do triunfo. Com o resultado, o Verd\u00e3o subiu para o primeiro lugar da &hellip;\" \/>\n<meta property=\"og:url\" content=\"https:\/\/portalnpm.com\/index.php\/2021\/07\/07\/palmeiras-vence-o-gremio-e-assume-a-lideranca-do-brasileirao-assai\/\" \/>\n<meta property=\"og:site_name\" content=\"Portal NPM\" \/>\n<meta property=\"article:published_time\" content=\"2021-07-08T00:31:45+00:00\" \/>\n<meta property=\"og:image\" content=\"https:\/\/portalnpm.com\/wp-content\/uploads\/2024\/01\/20210707200809_895.jpeg\" \/>\n\t<meta property=\"og:image:width\" content=\"910\" \/>\n\t<meta property=\"og:image:height\" content=\"606\" \/>\n\t<meta property=\"og:image:type\" content=\"image\/jpeg\" \/>\n<meta name=\"author\" content=\"Genival Barbosa\" \/>\n<meta name=\"twitter:card\" content=\"summary_large_image\" \/>\n<meta name=\"twitter:label1\" content=\"Escrito por\" \/>\n\t<meta name=\"twitter:data1\" content=\"Genival Barbosa\" \/>\n\t<meta name=\"twitter:label2\" content=\"Est. tempo de leitura\" \/>\n\t<meta name=\"twitter:data2\" content=\"2 minutos\" \/>\n<script type=\"application\/ld+json\" class=\"yoast-schema-graph\">{\"@context\":\"https:\/\/schema.org\",\"@graph\":[{\"@type\":\"WebPage\",\"@id\":\"https:\/\/portalnpm.com\/index.php\/2021\/07\/07\/palmeiras-vence-o-gremio-e-assume-a-lideranca-do-brasileirao-assai\/\",\"url\":\"https:\/\/portalnpm.com\/index.php\/2021\/07\/07\/palmeiras-vence-o-gremio-e-assume-a-lideranca-do-brasileirao-assai\/\",\"name\":\"Palmeiras vence o Gr\u00eamio e assume a lideran\u00e7a do Brasileir\u00e3o Assa\u00ed\",\"isPartOf\":{\"@id\":\"https:\/\/portalnpm.com\/#website\"},\"primaryImageOfPage\":{\"@id\":\"https:\/\/portalnpm.com\/index.php\/2021\/07\/07\/palmeiras-vence-o-gremio-e-assume-a-lideranca-do-brasileirao-assai\/#primaryimage\"},\"image\":{\"@id\":\"https:\/\/portalnpm.com\/index.php\/2021\/07\/07\/palmeiras-vence-o-gremio-e-assume-a-lideranca-do-brasileirao-assai\/#primaryimage\"},\"thumbnailUrl\":\"https:\/\/portalnpm.com\/wp-content\/uploads\/2024\/01\/20210707200809_895.jpeg\",\"datePublished\":\"2021-07-08T00:31:45+00:00\",\"dateModified\":\"2021-07-08T00:31:45+00:00\",\"author\":{\"@id\":\"https:\/\/portalnpm.com\/#\/schema\/person\/49313e563cfdefcc167f1ee4c017c294\"},\"breadcrumb\":{\"@id\":\"https:\/\/portalnpm.com\/index.php\/2021\/07\/07\/palmeiras-vence-o-gremio-e-assume-a-lideranca-do-brasileirao-assai\/#breadcrumb\"},\"inLanguage\":\"pt-BR\",\"potentialAction\":[{\"@type\":\"ReadAction\",\"target\":[\"https:\/\/portalnpm.com\/index.php\/2021\/07\/07\/palmeiras-vence-o-gremio-e-assume-a-lideranca-do-brasileirao-assai\/\"]}]},{\"@type\":\"ImageObject\",\"inLanguage\":\"pt-BR\",\"@id\":\"https:\/\/portalnpm.com\/index.php\/2021\/07\/07\/palmeiras-vence-o-gremio-e-assume-a-lideranca-do-brasileirao-assai\/#primaryimage\",\"url\":\"https:\/\/portalnpm.com\/wp-content\/uploads\/2024\/01\/20210707200809_895.jpeg\",\"contentUrl\":\"https:\/\/portalnpm.com\/wp-content\/uploads\/2024\/01\/20210707200809_895.jpeg\",\"width\":910,\"height\":606},{\"@type\":\"BreadcrumbList\",\"@id\":\"https:\/\/portalnpm.com\/index.php\/2021\/07\/07\/palmeiras-vence-o-gremio-e-assume-a-lideranca-do-brasileirao-assai\/#breadcrumb\",\"itemListElement\":[{\"@type\":\"ListItem\",\"position\":1,\"name\":\"In\u00edcio\",\"item\":\"https:\/\/portalnpm.com\/\"},{\"@type\":\"ListItem\",\"position\":2,\"name\":\"Palmeiras vence o Gr\u00eamio e assume a lideran\u00e7a do Brasileir\u00e3o Assa\u00ed\"}]},{\"@type\":\"WebSite\",\"@id\":\"https:\/\/portalnpm.com\/#website\",\"url\":\"https:\/\/portalnpm.com\/\",\"name\":\"Portal NPM\",\"description\":\"Not\u00edcias em Primeira M\u00e3o\",\"potentialAction\":[{\"@type\":\"SearchAction\",\"target\":{\"@type\":\"EntryPoint\",\"urlTemplate\":\"https:\/\/portalnpm.com\/?s={search_term_string}\"},\"query-input\":\"required name=search_term_string\"}],\"inLanguage\":\"pt-BR\"},{\"@type\":\"Person\",\"@id\":\"https:\/\/portalnpm.com\/#\/schema\/person\/49313e563cfdefcc167f1ee4c017c294\",\"name\":\"Genival Barbosa\",\"image\":{\"@type\":\"ImageObject\",\"inLanguage\":\"pt-BR\",\"@id\":\"https:\/\/portalnpm.com\/#\/schema\/person\/image\/\",\"url\":\"https:\/\/portalnpm.com\/wp-content\/uploads\/2024\/02\/avatar_user_2_1707743258-96x96.jpeg\",\"contentUrl\":\"https:\/\/portalnpm.com\/wp-content\/uploads\/2024\/02\/avatar_user_2_1707743258-96x96.jpeg\",\"caption\":\"Genival Barbosa\"},\"url\":\"https:\/\/portalnpm.com\/index.php\/author\/genival\/\"}]}<\/script>\n<!-- \/ Yoast SEO plugin. -->","yoast_head_json":{"title":"Palmeiras vence o Gr\u00eamio e assume a lideran\u00e7a do Brasileir\u00e3o Assa\u00ed","robots":{"index":"index","follow":"follow","max-snippet":"max-snippet:-1","max-image-preview":"max-image-preview:large","max-video-preview":"max-video-preview:-1"},"canonical":"https:\/\/portalnpm.com\/index.php\/2021\/07\/07\/palmeiras-vence-o-gremio-e-assume-a-lideranca-do-brasileirao-assai\/","og_locale":"pt_BR","og_type":"article","og_title":"Palmeiras vence o Gr\u00eamio e assume a lideran\u00e7a do Brasileir\u00e3o Assa\u00ed","og_description":"O\u00a0Brasileir\u00e3o Assa\u00ed\u00a0tem um novo l\u00edder! Nesta quarta-feira (7), o\u00a0Palmeiras\u00a0derrotou o\u00a0Gr\u00eamio\u00a0por 2 a 0, no Allianz Parque, e assumiu o topo da tabela de classifica\u00e7\u00e3o da competi\u00e7\u00e3o. Raphael Veiga \u2013 com apenas 15 segundos de jogo \u2013 e Gabriel Menino marcaram os gols do triunfo. Com o resultado, o Verd\u00e3o subiu para o primeiro lugar da &hellip;","og_url":"https:\/\/portalnpm.com\/index.php\/2021\/07\/07\/palmeiras-vence-o-gremio-e-assume-a-lideranca-do-brasileirao-assai\/","og_site_name":"Portal NPM","article_published_time":"2021-07-08T00:31:45+00:00","og_image":[{"width":910,"height":606,"url":"https:\/\/portalnpm.com\/wp-content\/uploads\/2024\/01\/20210707200809_895.jpeg","type":"image\/jpeg"}],"author":"Genival Barbosa","twitter_card":"summary_large_image","twitter_misc":{"Escrito por":"Genival Barbosa","Est. tempo de leitura":"2 minutos"},"schema":{"@context":"https:\/\/schema.org","@graph":[{"@type":"WebPage","@id":"https:\/\/portalnpm.com\/index.php\/2021\/07\/07\/palmeiras-vence-o-gremio-e-assume-a-lideranca-do-brasileirao-assai\/","url":"https:\/\/portalnpm.com\/index.php\/2021\/07\/07\/palmeiras-vence-o-gremio-e-assume-a-lideranca-do-brasileirao-assai\/","name":"Palmeiras vence o Gr\u00eamio e assume a lideran\u00e7a do Brasileir\u00e3o Assa\u00ed","isPartOf":{"@id":"https:\/\/portalnpm.com\/#website"},"primaryImageOfPage":{"@id":"https:\/\/portalnpm.com\/index.php\/2021\/07\/07\/palmeiras-vence-o-gremio-e-assume-a-lideranca-do-brasileirao-assai\/#primaryimage"},"image":{"@id":"https:\/\/portalnpm.com\/index.php\/2021\/07\/07\/palmeiras-vence-o-gremio-e-assume-a-lideranca-do-brasileirao-assai\/#primaryimage"},"thumbnailUrl":"https:\/\/portalnpm.com\/wp-content\/uploads\/2024\/01\/20210707200809_895.jpeg","datePublished":"2021-07-08T00:31:45+00:00","dateModified":"2021-07-08T00:31:45+00:00","author":{"@id":"https:\/\/portalnpm.com\/#\/schema\/person\/49313e563cfdefcc167f1ee4c017c294"},"breadcrumb":{"@id":"https:\/\/portalnpm.com\/index.php\/2021\/07\/07\/palmeiras-vence-o-gremio-e-assume-a-lideranca-do-brasileirao-assai\/#breadcrumb"},"inLanguage":"pt-BR","potentialAction":[{"@type":"ReadAction","target":["https:\/\/portalnpm.com\/index.php\/2021\/07\/07\/palmeiras-vence-o-gremio-e-assume-a-lideranca-do-brasileirao-assai\/"]}]},{"@type":"ImageObject","inLanguage":"pt-BR","@id":"https:\/\/portalnpm.com\/index.php\/2021\/07\/07\/palmeiras-vence-o-gremio-e-assume-a-lideranca-do-brasileirao-assai\/#primaryimage","url":"https:\/\/portalnpm.com\/wp-content\/uploads\/2024\/01\/20210707200809_895.jpeg","contentUrl":"https:\/\/portalnpm.com\/wp-content\/uploads\/2024\/01\/20210707200809_895.jpeg","width":910,"height":606},{"@type":"BreadcrumbList","@id":"https:\/\/portalnpm.com\/index.php\/2021\/07\/07\/palmeiras-vence-o-gremio-e-assume-a-lideranca-do-brasileirao-assai\/#breadcrumb","itemListElement":[{"@type":"ListItem","position":1,"name":"In\u00edcio","item":"https:\/\/portalnpm.com\/"},{"@type":"ListItem","position":2,"name":"Palmeiras vence o Gr\u00eamio e assume a lideran\u00e7a do Brasileir\u00e3o Assa\u00ed"}]},{"@type":"WebSite","@id":"https:\/\/portalnpm.com\/#website","url":"https:\/\/portalnpm.com\/","name":"Portal NPM","description":"Not\u00edcias em Primeira M\u00e3o","potentialAction":[{"@type":"SearchAction","target":{"@type":"EntryPoint","urlTemplate":"https:\/\/portalnpm.com\/?s={search_term_string}"},"query-input":"required name=search_term_string"}],"inLanguage":"pt-BR"},{"@type":"Person","@id":"https:\/\/portalnpm.com\/#\/schema\/person\/49313e563cfdefcc167f1ee4c017c294","name":"Genival Barbosa","image":{"@type":"ImageObject","inLanguage":"pt-BR","@id":"https:\/\/portalnpm.com\/#\/schema\/person\/image\/","url":"https:\/\/portalnpm.com\/wp-content\/uploads\/2024\/02\/avatar_user_2_1707743258-96x96.jpeg","contentUrl":"https:\/\/portalnpm.com\/wp-content\/uploads\/2024\/02\/avatar_user_2_1707743258-96x96.jpeg","caption":"Genival Barbosa"},"url":"https:\/\/portalnpm.com\/index.php\/author\/genival\/"}]}},"jetpack_sharing_enabled":true,"jetpack_featured_media_url":"https:\/\/portalnpm.com\/wp-content\/uploads\/2024\/01\/20210707200809_895.jpeg","_links":{"self":[{"href":"https:\/\/portalnpm.com\/index.php\/wp-json\/wp\/v2\/posts\/66499"}],"collection":[{"href":"https:\/\/portalnpm.com\/index.php\/wp-json\/wp\/v2\/posts"}],"about":[{"href":"https:\/\/portalnpm.com\/index.php\/wp-json\/wp\/v2\/types\/post"}],"author":[{"embeddable":true,"href":"https:\/\/portalnpm.com\/index.php\/wp-json\/wp\/v2\/users\/2"}],"replies":[{"embeddable":true,"href":"https:\/\/portalnpm.com\/index.php\/wp-json\/wp\/v2\/comments?post=66499"}],"version-history":[{"count":0,"href":"https:\/\/portalnpm.com\/index.php\/wp-json\/wp\/v2\/posts\/66499\/revisions"}],"wp:featuredmedia":[{"embeddable":true,"href":"https:\/\/portalnpm.com\/index.php\/wp-json\/wp\/v2\/media\/66500"}],"wp:attachment":[{"href":"https:\/\/portalnpm.com\/index.php\/wp-json\/wp\/v2\/media?parent=66499"}],"wp:term":[{"taxonomy":"category","embeddable":true,"href":"https:\/\/portalnpm.com\/index.php\/wp-json\/wp\/v2\/categories?post=66499"},{"taxonomy":"post_tag","embeddable":true,"href":"https:\/\/portalnpm.com\/index.php\/wp-json\/wp\/v2\/tags?post=66499"}],"curies":[{"name":"wp","href":"https:\/\/api.w.org\/{rel}","templated":true}]}}