{"id":66538,"date":"2021-07-09T18:31:42","date_gmt":"2021-07-09T21:31:42","guid":{"rendered":"https:\/\/portalnpm.com\/index.php\/2021\/07\/09\/governo-oficializa-aposentadoria-de-marco-aurelio-mello-no-stf\/"},"modified":"2021-07-09T18:31:42","modified_gmt":"2021-07-09T21:31:42","slug":"governo-oficializa-aposentadoria-de-marco-aurelio-mello-no-stf","status":"publish","type":"post","link":"https:\/\/portalnpm.com\/index.php\/2021\/07\/09\/governo-oficializa-aposentadoria-de-marco-aurelio-mello-no-stf\/","title":{"rendered":"Governo oficializa aposentadoria de Marco Aur\u00e9lio Mello no STF"},"content":{"rendered":"<p style=\"text-align: justify;\">A aposentadoria do ministro Marco Aur\u00e9lio Mello, decano do Supremo Tribunal Federal (STF), foi oficializada nesta sexta-feira, 9. A sa\u00edda do ministro est\u00e1 publicada no Di\u00e1rio Oficial da Uni\u00e3o (DOU) de hoje e \u00e9 assinada pelo presidente Jair Bolsonaro. O ministro, que est\u00e1 no posto h\u00e1 31 anos, deixar\u00e1 o cargo na pr\u00f3xima segunda, quando completar\u00e1 75 anos.<\/p>\n<p style=\"text-align: justify;\">\n<p style=\"text-align: justify;\">\n<p style=\"text-align: justify;\">Para a vaga, o chefe do Executivo j\u00e1 declarou que ir\u00e1 indicar o advogado-geral da Uni\u00e3o (AGU), Andr\u00e9 Mendon\u00e7a. Para ser nomeado, ele ainda precisar\u00e1 passar por sabatina e aprova\u00e7\u00e3o no Senado.<\/p>\n<p style=\"text-align: justify;\">H\u00e1 dois dias, Bolsonaro, que j\u00e1 havia prometido a indica\u00e7\u00e3o de um nome &#8220;terrivelmente evang\u00e9lico para o cargo&#8221;, disse em entrevista \u00e0 R\u00e1dio Gua\u00edba que &#8220;uma pitada de religiosidade, de cristianismo, dentro do Supremo, \u00e9 bem-vinda.&#8221;<\/p>\n<p style=\"text-align: justify;\">A sa\u00edda de Marco Aur\u00e9lio, que se d\u00e1 pelo atingimento de idade-limite para a aposentadoria compuls\u00f3ria, j\u00e1 estava programada. O an\u00fancio da data foi feito em maio e, em meados de junho, o decano enviou of\u00edcio \u00e0 presid\u00eancia da Corte confirmando a data de retirada.<\/p>\n<p style=\"text-align: justify;\">Conhecido como o ministro dos votos contradit\u00f3rios, Marco Aur\u00e9lio chegou ao STF em 1990, por indica\u00e7\u00e3o do ex-presidente Fernando Collor de Mello, de que \u00e9 primo.<\/p>\n<p style=\"text-align: justify;\">O mais recente dos casos em que o decano foi voto vencido na Corte foi a decis\u00e3o monocr\u00e1tica de conceder, em outubro passado, liberdade ao traficante Andr\u00e9 do Rap, ligado \u00e0 fac\u00e7\u00e3o criminosa PCC em S\u00e3o Paulo.<\/p>\n<p style=\"text-align: justify;\"><strong>Andr\u00e9 Mendon\u00e7a<\/strong><\/p>\n<p style=\"text-align: justify;\">Ex-ministro da Justi\u00e7a e da Seguran\u00e7a P\u00fablica, Mendon\u00e7a acumulou desgastes com o Congresso e o Judici\u00e1rio ao requisitar \u00e0 Pol\u00edcia Federal (PF) a abertura de uma s\u00e9rie inqu\u00e9ritos contra advers\u00e1rios de Bolsonaro com base na Lei de Seguran\u00e7a Nacional (LSN), considerada por parlamentares um &#8220;entulho&#8221; da ditadura. As a\u00e7\u00f5es de Mendon\u00e7a, feitas por ordem de Bolsonaro, t\u00eam sofrido reveses no Minist\u00e9rio P\u00fablico e em tribunais onde s\u00e3o julgados.<\/p>\n<p style=\"text-align: justify;\">O atual AGU \u00e9 pastor da Igreja Presbiteriana Esperan\u00e7a, localizada em Bras\u00edlia. &#8220;Al\u00e9m de ser evang\u00e9lico &#8211; ele \u00e9 evang\u00e9lico, mas n\u00e3o quer dizer que seja uma virtude; \u00e9 um direito dele acreditar na B\u00edblia -, Mendon\u00e7a tem not\u00e1vel saber jur\u00eddico. \u00c9 uma pessoa humilde&#8221;, definiu Bolsonaro na entrevista da \u00faltima quarta, 7.<\/p>\n<p style=\"text-align: justify;\">Nos \u00faltimos meses, Mendon\u00e7a se encontrou com diversos senadores para diminuir a resist\u00eancia a seu nome na Casa, conforme relatou o Estad\u00e3o. O indicado de Bolsonaro precisa de ao menos 41 votos no Senado.<\/p>\n<p style=\"text-align: justify;\">Confiante da aprova\u00e7\u00e3o da indica\u00e7\u00e3o de Mendon\u00e7a, Bolsonaro prop\u00f4s, na entrevista, que, com o ingresso do advogado-geral da Uni\u00e3o na Corte, as sess\u00f5es do Supremo deveriam incluir agora ritos religiosos. &#8220;\u00c9 bom que uma vez por semana, nessas sess\u00f5es que s\u00e3o abertas no STF, (os ministros) come\u00e7assem com uma ora\u00e7\u00e3o do Andr\u00e9 (Mendon\u00e7a)&#8221;, disse.<\/p>\n<p style=\"text-align: justify;\">\n<p style=\"text-align: justify;\">Fonte: Estad\u00e3o Conte\u00fado<\/p>\n","protected":false},"excerpt":{"rendered":"<p>A aposentadoria do ministro Marco Aur\u00e9lio Mello, decano do Supremo Tribunal Federal (STF), foi oficializada nesta sexta-feira, 9. A sa\u00edda do ministro est\u00e1 publicada no Di\u00e1rio Oficial da Uni\u00e3o (DOU) de hoje e \u00e9 assinada pelo presidente Jair Bolsonaro. O ministro, que est\u00e1 no posto h\u00e1 31 anos, deixar\u00e1 o cargo na pr\u00f3xima segunda, quando &hellip;<\/p>\n","protected":false},"author":2,"featured_media":66539,"comment_status":"open","ping_status":"open","sticky":false,"template":"","format":"standard","meta":{"content-type":"","rop_custom_images_group":[],"rop_custom_messages_group":[],"rop_publish_now":"initial","rop_publish_now_accounts":{"facebook_2648258775420054_1618374048415101":""},"rop_publish_now_history":[],"rop_publish_now_status":"pending","footnotes":"","_jetpack_memberships_contains_paid_content":false},"categories":[125],"tags":[413,11726,1253],"yoast_head":"<!-- This site is optimized with the Yoast SEO plugin v22.3 - https:\/\/yoast.com\/wordpress\/plugins\/seo\/ -->\n<title>Governo oficializa aposentadoria de Marco Aur\u00e9lio Mello no STF<\/title>\n<meta name=\"robots\" content=\"index, follow, max-snippet:-1, max-image-preview:large, max-video-preview:-1\" \/>\n<link rel=\"canonical\" href=\"https:\/\/portalnpm.com\/index.php\/2021\/07\/09\/governo-oficializa-aposentadoria-de-marco-aurelio-mello-no-stf\/\" \/>\n<meta property=\"og:locale\" content=\"pt_BR\" \/>\n<meta property=\"og:type\" content=\"article\" \/>\n<meta property=\"og:title\" content=\"Governo oficializa aposentadoria de Marco Aur\u00e9lio Mello no STF\" \/>\n<meta property=\"og:description\" content=\"A aposentadoria do ministro Marco Aur\u00e9lio Mello, decano do Supremo Tribunal Federal (STF), foi oficializada nesta sexta-feira, 9. A sa\u00edda do ministro est\u00e1 publicada no Di\u00e1rio Oficial da Uni\u00e3o (DOU) de hoje e \u00e9 assinada pelo presidente Jair Bolsonaro. O ministro, que est\u00e1 no posto h\u00e1 31 anos, deixar\u00e1 o cargo na pr\u00f3xima segunda, quando &hellip;\" \/>\n<meta property=\"og:url\" content=\"https:\/\/portalnpm.com\/index.php\/2021\/07\/09\/governo-oficializa-aposentadoria-de-marco-aurelio-mello-no-stf\/\" \/>\n<meta property=\"og:site_name\" content=\"Portal NPM\" \/>\n<meta property=\"article:published_time\" content=\"2021-07-09T21:31:42+00:00\" \/>\n<meta property=\"og:image\" content=\"https:\/\/portalnpm.com\/wp-content\/uploads\/2024\/01\/994a089c5779c3f1960ae72ff431e9cd.jpg\" \/>\n\t<meta property=\"og:image:width\" content=\"790\" \/>\n\t<meta property=\"og:image:height\" content=\"593\" \/>\n\t<meta property=\"og:image:type\" content=\"image\/jpeg\" \/>\n<meta name=\"author\" content=\"Genival Barbosa\" \/>\n<meta name=\"twitter:card\" content=\"summary_large_image\" \/>\n<meta name=\"twitter:label1\" content=\"Escrito por\" \/>\n\t<meta name=\"twitter:data1\" content=\"Genival Barbosa\" \/>\n\t<meta name=\"twitter:label2\" content=\"Est. tempo de leitura\" \/>\n\t<meta name=\"twitter:data2\" content=\"2 minutos\" \/>\n<script type=\"application\/ld+json\" class=\"yoast-schema-graph\">{\"@context\":\"https:\/\/schema.org\",\"@graph\":[{\"@type\":\"WebPage\",\"@id\":\"https:\/\/portalnpm.com\/index.php\/2021\/07\/09\/governo-oficializa-aposentadoria-de-marco-aurelio-mello-no-stf\/\",\"url\":\"https:\/\/portalnpm.com\/index.php\/2021\/07\/09\/governo-oficializa-aposentadoria-de-marco-aurelio-mello-no-stf\/\",\"name\":\"Governo oficializa aposentadoria de Marco Aur\u00e9lio Mello no STF\",\"isPartOf\":{\"@id\":\"https:\/\/portalnpm.com\/#website\"},\"primaryImageOfPage\":{\"@id\":\"https:\/\/portalnpm.com\/index.php\/2021\/07\/09\/governo-oficializa-aposentadoria-de-marco-aurelio-mello-no-stf\/#primaryimage\"},\"image\":{\"@id\":\"https:\/\/portalnpm.com\/index.php\/2021\/07\/09\/governo-oficializa-aposentadoria-de-marco-aurelio-mello-no-stf\/#primaryimage\"},\"thumbnailUrl\":\"https:\/\/portalnpm.com\/wp-content\/uploads\/2024\/01\/994a089c5779c3f1960ae72ff431e9cd.jpg\",\"datePublished\":\"2021-07-09T21:31:42+00:00\",\"dateModified\":\"2021-07-09T21:31:42+00:00\",\"author\":{\"@id\":\"https:\/\/portalnpm.com\/#\/schema\/person\/49313e563cfdefcc167f1ee4c017c294\"},\"breadcrumb\":{\"@id\":\"https:\/\/portalnpm.com\/index.php\/2021\/07\/09\/governo-oficializa-aposentadoria-de-marco-aurelio-mello-no-stf\/#breadcrumb\"},\"inLanguage\":\"pt-BR\",\"potentialAction\":[{\"@type\":\"ReadAction\",\"target\":[\"https:\/\/portalnpm.com\/index.php\/2021\/07\/09\/governo-oficializa-aposentadoria-de-marco-aurelio-mello-no-stf\/\"]}]},{\"@type\":\"ImageObject\",\"inLanguage\":\"pt-BR\",\"@id\":\"https:\/\/portalnpm.com\/index.php\/2021\/07\/09\/governo-oficializa-aposentadoria-de-marco-aurelio-mello-no-stf\/#primaryimage\",\"url\":\"https:\/\/portalnpm.com\/wp-content\/uploads\/2024\/01\/994a089c5779c3f1960ae72ff431e9cd.jpg\",\"contentUrl\":\"https:\/\/portalnpm.com\/wp-content\/uploads\/2024\/01\/994a089c5779c3f1960ae72ff431e9cd.jpg\",\"width\":790,\"height\":593},{\"@type\":\"BreadcrumbList\",\"@id\":\"https:\/\/portalnpm.com\/index.php\/2021\/07\/09\/governo-oficializa-aposentadoria-de-marco-aurelio-mello-no-stf\/#breadcrumb\",\"itemListElement\":[{\"@type\":\"ListItem\",\"position\":1,\"name\":\"In\u00edcio\",\"item\":\"https:\/\/portalnpm.com\/\"},{\"@type\":\"ListItem\",\"position\":2,\"name\":\"Governo oficializa aposentadoria de Marco Aur\u00e9lio Mello no STF\"}]},{\"@type\":\"WebSite\",\"@id\":\"https:\/\/portalnpm.com\/#website\",\"url\":\"https:\/\/portalnpm.com\/\",\"name\":\"Portal NPM\",\"description\":\"Not\u00edcias em Primeira M\u00e3o\",\"potentialAction\":[{\"@type\":\"SearchAction\",\"target\":{\"@type\":\"EntryPoint\",\"urlTemplate\":\"https:\/\/portalnpm.com\/?s={search_term_string}\"},\"query-input\":\"required name=search_term_string\"}],\"inLanguage\":\"pt-BR\"},{\"@type\":\"Person\",\"@id\":\"https:\/\/portalnpm.com\/#\/schema\/person\/49313e563cfdefcc167f1ee4c017c294\",\"name\":\"Genival Barbosa\",\"image\":{\"@type\":\"ImageObject\",\"inLanguage\":\"pt-BR\",\"@id\":\"https:\/\/portalnpm.com\/#\/schema\/person\/image\/\",\"url\":\"https:\/\/portalnpm.com\/wp-content\/uploads\/2024\/02\/avatar_user_2_1707743258-96x96.jpeg\",\"contentUrl\":\"https:\/\/portalnpm.com\/wp-content\/uploads\/2024\/02\/avatar_user_2_1707743258-96x96.jpeg\",\"caption\":\"Genival Barbosa\"},\"url\":\"https:\/\/portalnpm.com\/index.php\/author\/genival\/\"}]}<\/script>\n<!-- \/ Yoast SEO plugin. -->","yoast_head_json":{"title":"Governo oficializa aposentadoria de Marco Aur\u00e9lio Mello no STF","robots":{"index":"index","follow":"follow","max-snippet":"max-snippet:-1","max-image-preview":"max-image-preview:large","max-video-preview":"max-video-preview:-1"},"canonical":"https:\/\/portalnpm.com\/index.php\/2021\/07\/09\/governo-oficializa-aposentadoria-de-marco-aurelio-mello-no-stf\/","og_locale":"pt_BR","og_type":"article","og_title":"Governo oficializa aposentadoria de Marco Aur\u00e9lio Mello no STF","og_description":"A aposentadoria do ministro Marco Aur\u00e9lio Mello, decano do Supremo Tribunal Federal (STF), foi oficializada nesta sexta-feira, 9. A sa\u00edda do ministro est\u00e1 publicada no Di\u00e1rio Oficial da Uni\u00e3o (DOU) de hoje e \u00e9 assinada pelo presidente Jair Bolsonaro. O ministro, que est\u00e1 no posto h\u00e1 31 anos, deixar\u00e1 o cargo na pr\u00f3xima segunda, quando &hellip;","og_url":"https:\/\/portalnpm.com\/index.php\/2021\/07\/09\/governo-oficializa-aposentadoria-de-marco-aurelio-mello-no-stf\/","og_site_name":"Portal NPM","article_published_time":"2021-07-09T21:31:42+00:00","og_image":[{"width":790,"height":593,"url":"https:\/\/portalnpm.com\/wp-content\/uploads\/2024\/01\/994a089c5779c3f1960ae72ff431e9cd.jpg","type":"image\/jpeg"}],"author":"Genival Barbosa","twitter_card":"summary_large_image","twitter_misc":{"Escrito por":"Genival Barbosa","Est. tempo de leitura":"2 minutos"},"schema":{"@context":"https:\/\/schema.org","@graph":[{"@type":"WebPage","@id":"https:\/\/portalnpm.com\/index.php\/2021\/07\/09\/governo-oficializa-aposentadoria-de-marco-aurelio-mello-no-stf\/","url":"https:\/\/portalnpm.com\/index.php\/2021\/07\/09\/governo-oficializa-aposentadoria-de-marco-aurelio-mello-no-stf\/","name":"Governo oficializa aposentadoria de Marco Aur\u00e9lio Mello no STF","isPartOf":{"@id":"https:\/\/portalnpm.com\/#website"},"primaryImageOfPage":{"@id":"https:\/\/portalnpm.com\/index.php\/2021\/07\/09\/governo-oficializa-aposentadoria-de-marco-aurelio-mello-no-stf\/#primaryimage"},"image":{"@id":"https:\/\/portalnpm.com\/index.php\/2021\/07\/09\/governo-oficializa-aposentadoria-de-marco-aurelio-mello-no-stf\/#primaryimage"},"thumbnailUrl":"https:\/\/portalnpm.com\/wp-content\/uploads\/2024\/01\/994a089c5779c3f1960ae72ff431e9cd.jpg","datePublished":"2021-07-09T21:31:42+00:00","dateModified":"2021-07-09T21:31:42+00:00","author":{"@id":"https:\/\/portalnpm.com\/#\/schema\/person\/49313e563cfdefcc167f1ee4c017c294"},"breadcrumb":{"@id":"https:\/\/portalnpm.com\/index.php\/2021\/07\/09\/governo-oficializa-aposentadoria-de-marco-aurelio-mello-no-stf\/#breadcrumb"},"inLanguage":"pt-BR","potentialAction":[{"@type":"ReadAction","target":["https:\/\/portalnpm.com\/index.php\/2021\/07\/09\/governo-oficializa-aposentadoria-de-marco-aurelio-mello-no-stf\/"]}]},{"@type":"ImageObject","inLanguage":"pt-BR","@id":"https:\/\/portalnpm.com\/index.php\/2021\/07\/09\/governo-oficializa-aposentadoria-de-marco-aurelio-mello-no-stf\/#primaryimage","url":"https:\/\/portalnpm.com\/wp-content\/uploads\/2024\/01\/994a089c5779c3f1960ae72ff431e9cd.jpg","contentUrl":"https:\/\/portalnpm.com\/wp-content\/uploads\/2024\/01\/994a089c5779c3f1960ae72ff431e9cd.jpg","width":790,"height":593},{"@type":"BreadcrumbList","@id":"https:\/\/portalnpm.com\/index.php\/2021\/07\/09\/governo-oficializa-aposentadoria-de-marco-aurelio-mello-no-stf\/#breadcrumb","itemListElement":[{"@type":"ListItem","position":1,"name":"In\u00edcio","item":"https:\/\/portalnpm.com\/"},{"@type":"ListItem","position":2,"name":"Governo oficializa aposentadoria de Marco Aur\u00e9lio Mello no STF"}]},{"@type":"WebSite","@id":"https:\/\/portalnpm.com\/#website","url":"https:\/\/portalnpm.com\/","name":"Portal NPM","description":"Not\u00edcias em Primeira M\u00e3o","potentialAction":[{"@type":"SearchAction","target":{"@type":"EntryPoint","urlTemplate":"https:\/\/portalnpm.com\/?s={search_term_string}"},"query-input":"required name=search_term_string"}],"inLanguage":"pt-BR"},{"@type":"Person","@id":"https:\/\/portalnpm.com\/#\/schema\/person\/49313e563cfdefcc167f1ee4c017c294","name":"Genival Barbosa","image":{"@type":"ImageObject","inLanguage":"pt-BR","@id":"https:\/\/portalnpm.com\/#\/schema\/person\/image\/","url":"https:\/\/portalnpm.com\/wp-content\/uploads\/2024\/02\/avatar_user_2_1707743258-96x96.jpeg","contentUrl":"https:\/\/portalnpm.com\/wp-content\/uploads\/2024\/02\/avatar_user_2_1707743258-96x96.jpeg","caption":"Genival Barbosa"},"url":"https:\/\/portalnpm.com\/index.php\/author\/genival\/"}]}},"jetpack_sharing_enabled":true,"jetpack_featured_media_url":"https:\/\/portalnpm.com\/wp-content\/uploads\/2024\/01\/994a089c5779c3f1960ae72ff431e9cd.jpg","_links":{"self":[{"href":"https:\/\/portalnpm.com\/index.php\/wp-json\/wp\/v2\/posts\/66538"}],"collection":[{"href":"https:\/\/portalnpm.com\/index.php\/wp-json\/wp\/v2\/posts"}],"about":[{"href":"https:\/\/portalnpm.com\/index.php\/wp-json\/wp\/v2\/types\/post"}],"author":[{"embeddable":true,"href":"https:\/\/portalnpm.com\/index.php\/wp-json\/wp\/v2\/users\/2"}],"replies":[{"embeddable":true,"href":"https:\/\/portalnpm.com\/index.php\/wp-json\/wp\/v2\/comments?post=66538"}],"version-history":[{"count":0,"href":"https:\/\/portalnpm.com\/index.php\/wp-json\/wp\/v2\/posts\/66538\/revisions"}],"wp:featuredmedia":[{"embeddable":true,"href":"https:\/\/portalnpm.com\/index.php\/wp-json\/wp\/v2\/media\/66539"}],"wp:attachment":[{"href":"https:\/\/portalnpm.com\/index.php\/wp-json\/wp\/v2\/media?parent=66538"}],"wp:term":[{"taxonomy":"category","embeddable":true,"href":"https:\/\/portalnpm.com\/index.php\/wp-json\/wp\/v2\/categories?post=66538"},{"taxonomy":"post_tag","embeddable":true,"href":"https:\/\/portalnpm.com\/index.php\/wp-json\/wp\/v2\/tags?post=66538"}],"curies":[{"name":"wp","href":"https:\/\/api.w.org\/{rel}","templated":true}]}}