{"id":66546,"date":"2021-07-09T18:43:06","date_gmt":"2021-07-09T21:43:06","guid":{"rendered":"https:\/\/portalnpm.com\/index.php\/2021\/07\/09\/altos-contrata-zagueiro-wesley-ex-bahia-de-feira-e-fica-com-seis-pecas-na-posicao\/"},"modified":"2021-07-09T18:43:06","modified_gmt":"2021-07-09T21:43:06","slug":"altos-contrata-zagueiro-wesley-ex-bahia-de-feira-e-fica-com-seis-pecas-na-posicao","status":"publish","type":"post","link":"https:\/\/portalnpm.com\/index.php\/2021\/07\/09\/altos-contrata-zagueiro-wesley-ex-bahia-de-feira-e-fica-com-seis-pecas-na-posicao\/","title":{"rendered":"Altos contrata zagueiro Wesley, ex- Bahia de Feira e fica com seis pe\u00e7as na posi\u00e7\u00e3o"},"content":{"rendered":"<p style=\"text-align: justify;\">\n<p style=\"text-align: justify;\">A equipe do Altos contratou mais um nome para o setor defensivo. O zagueiro Wesley Aparecido, ex-Bahia de Feira, se integrou ao grupo na madrugada desta quinta-feira (8) e realizou o primeiro treino na tarde de hoje no est\u00e1dio Lindolfo Monteiro, em Teresina. O atleta j\u00e1 est\u00e1 regularizado e \u00e9 op\u00e7\u00e3o para o t\u00e9cnico Marcelo Vilar para o jogo deste s\u00e1bado (10) contra o Santa Cruz, \u00e0s 17h, no Lindolfo. O jogo \u00e9 v\u00e1lido pela 7\u00aa rodada do Brasileiro S\u00e9rie C.<\/p>\n<p style=\"text-align: justify;\">\n<p style=\"text-align: justify;\">\n<p style=\"text-align: justify;\">O zagueiro natural de Jundia\u00ed, interior de S\u00e3o Paulo, foi vice-campe\u00e3o baiano em 2021 na final diante o Atl\u00e9tico de Alagoinha. Wesley, 27 anos, \u00e9 destro e chega para refor\u00e7ar o setor que tem sofrido nos \u00faltimos jogos devidos as falhas. Al\u00e9m de Wesley, o zagueiro Mimica, 35 anos, ex-Remo tamb\u00e9m se apresentou ao Altos e j\u00e1 est\u00e1 regularizado no BID (Boletim Informativo Di\u00e1rio).<\/p>\n<p style=\"text-align: justify;\">Wesley Aparecido acumula passagens pelo Nordeste e vestiu a camisa de clubes paraibanos como Atl\u00e9tico, Nacional e Botafogo. O zagueiro tamb\u00e9m tem passagens tamb\u00e9m pelo Moto Club-MA e Ituano.<\/p>\n<p>Com a chegada de Wesley o setor defensivo do Jacar\u00e9 fica \u2018inchado\u2019 com seis zagueiro, pois al\u00e9m dele e Mimica rec\u00e9m chegados, o time j\u00e1 contava com Reinaldo Lobo, Rafael Ara\u00fajo, Leandro Amorim e Lucas do Carmo.<\/p>\n<p style=\"text-align: justify;\">O Altos tem duas derrotas consecutivas dentro da S\u00e9rie C do Brasileiro e atualmente \u00e9 oitavo colocado do seu grupo com sete pontos. No s\u00e1bado (11) a equipe entra em campo quando recebe o Santa Cruz-PE lanterna do grupo, \u00e0s 17h, no Lindolfo. O \u00faltimo treino dessa semana do Jacar\u00e9 acontece na manh\u00e3 desta sexta-feira (9), no Albert\u00e3o.<\/p>\n<p style=\"text-align: justify;\">\n<p style=\"text-align: justify;\"><em>P\u00e2mella Maranh\u00e3o<br \/>\nredacao@cidadeverde.com<\/em><\/p>\n","protected":false},"excerpt":{"rendered":"<p>A equipe do Altos contratou mais um nome para o setor defensivo. O zagueiro Wesley Aparecido, ex-Bahia de Feira, se integrou ao grupo na madrugada desta quinta-feira (8) e realizou o primeiro treino na tarde de hoje no est\u00e1dio Lindolfo Monteiro, em Teresina. O atleta j\u00e1 est\u00e1 regularizado e \u00e9 op\u00e7\u00e3o para o t\u00e9cnico Marcelo &hellip;<\/p>\n","protected":false},"author":2,"featured_media":66547,"comment_status":"open","ping_status":"open","sticky":false,"template":"","format":"standard","meta":{"content-type":"","rop_custom_images_group":[],"rop_custom_messages_group":[],"rop_publish_now":"initial","rop_publish_now_accounts":{"facebook_2648258775420054_1618374048415101":""},"rop_publish_now_history":[],"rop_publish_now_status":"pending","footnotes":"","_jetpack_memberships_contains_paid_content":false},"categories":[108],"tags":[808,1451,10791],"yoast_head":"<!-- This site is optimized with the Yoast SEO plugin v22.3 - https:\/\/yoast.com\/wordpress\/plugins\/seo\/ -->\n<title>Altos contrata zagueiro Wesley, ex- Bahia de Feira e fica com seis pe\u00e7as na posi\u00e7\u00e3o<\/title>\n<meta name=\"robots\" content=\"index, follow, max-snippet:-1, max-image-preview:large, max-video-preview:-1\" \/>\n<link rel=\"canonical\" href=\"https:\/\/portalnpm.com\/index.php\/2021\/07\/09\/altos-contrata-zagueiro-wesley-ex-bahia-de-feira-e-fica-com-seis-pecas-na-posicao\/\" \/>\n<meta property=\"og:locale\" content=\"pt_BR\" \/>\n<meta property=\"og:type\" content=\"article\" \/>\n<meta property=\"og:title\" content=\"Altos contrata zagueiro Wesley, ex- Bahia de Feira e fica com seis pe\u00e7as na posi\u00e7\u00e3o\" \/>\n<meta property=\"og:description\" content=\"A equipe do Altos contratou mais um nome para o setor defensivo. O zagueiro Wesley Aparecido, ex-Bahia de Feira, se integrou ao grupo na madrugada desta quinta-feira (8) e realizou o primeiro treino na tarde de hoje no est\u00e1dio Lindolfo Monteiro, em Teresina. O atleta j\u00e1 est\u00e1 regularizado e \u00e9 op\u00e7\u00e3o para o t\u00e9cnico Marcelo &hellip;\" \/>\n<meta property=\"og:url\" content=\"https:\/\/portalnpm.com\/index.php\/2021\/07\/09\/altos-contrata-zagueiro-wesley-ex-bahia-de-feira-e-fica-com-seis-pecas-na-posicao\/\" \/>\n<meta property=\"og:site_name\" content=\"Portal NPM\" \/>\n<meta property=\"article:published_time\" content=\"2021-07-09T21:43:06+00:00\" \/>\n<meta property=\"og:image\" content=\"https:\/\/portalnpm.com\/wp-content\/uploads\/2024\/01\/5e69e6e610289809384d46170ebb9ca5.jpg\" \/>\n\t<meta property=\"og:image:width\" content=\"790\" \/>\n\t<meta property=\"og:image:height\" content=\"526\" \/>\n\t<meta property=\"og:image:type\" content=\"image\/jpeg\" \/>\n<meta name=\"author\" content=\"Genival Barbosa\" \/>\n<meta name=\"twitter:card\" content=\"summary_large_image\" \/>\n<meta name=\"twitter:label1\" content=\"Escrito por\" \/>\n\t<meta name=\"twitter:data1\" content=\"Genival Barbosa\" \/>\n\t<meta name=\"twitter:label2\" content=\"Est. tempo de leitura\" \/>\n\t<meta name=\"twitter:data2\" content=\"2 minutos\" \/>\n<script type=\"application\/ld+json\" class=\"yoast-schema-graph\">{\"@context\":\"https:\/\/schema.org\",\"@graph\":[{\"@type\":\"WebPage\",\"@id\":\"https:\/\/portalnpm.com\/index.php\/2021\/07\/09\/altos-contrata-zagueiro-wesley-ex-bahia-de-feira-e-fica-com-seis-pecas-na-posicao\/\",\"url\":\"https:\/\/portalnpm.com\/index.php\/2021\/07\/09\/altos-contrata-zagueiro-wesley-ex-bahia-de-feira-e-fica-com-seis-pecas-na-posicao\/\",\"name\":\"Altos contrata zagueiro Wesley, ex- Bahia de Feira e fica com seis pe\u00e7as na posi\u00e7\u00e3o\",\"isPartOf\":{\"@id\":\"https:\/\/portalnpm.com\/#website\"},\"primaryImageOfPage\":{\"@id\":\"https:\/\/portalnpm.com\/index.php\/2021\/07\/09\/altos-contrata-zagueiro-wesley-ex-bahia-de-feira-e-fica-com-seis-pecas-na-posicao\/#primaryimage\"},\"image\":{\"@id\":\"https:\/\/portalnpm.com\/index.php\/2021\/07\/09\/altos-contrata-zagueiro-wesley-ex-bahia-de-feira-e-fica-com-seis-pecas-na-posicao\/#primaryimage\"},\"thumbnailUrl\":\"https:\/\/portalnpm.com\/wp-content\/uploads\/2024\/01\/5e69e6e610289809384d46170ebb9ca5.jpg\",\"datePublished\":\"2021-07-09T21:43:06+00:00\",\"dateModified\":\"2021-07-09T21:43:06+00:00\",\"author\":{\"@id\":\"https:\/\/portalnpm.com\/#\/schema\/person\/49313e563cfdefcc167f1ee4c017c294\"},\"breadcrumb\":{\"@id\":\"https:\/\/portalnpm.com\/index.php\/2021\/07\/09\/altos-contrata-zagueiro-wesley-ex-bahia-de-feira-e-fica-com-seis-pecas-na-posicao\/#breadcrumb\"},\"inLanguage\":\"pt-BR\",\"potentialAction\":[{\"@type\":\"ReadAction\",\"target\":[\"https:\/\/portalnpm.com\/index.php\/2021\/07\/09\/altos-contrata-zagueiro-wesley-ex-bahia-de-feira-e-fica-com-seis-pecas-na-posicao\/\"]}]},{\"@type\":\"ImageObject\",\"inLanguage\":\"pt-BR\",\"@id\":\"https:\/\/portalnpm.com\/index.php\/2021\/07\/09\/altos-contrata-zagueiro-wesley-ex-bahia-de-feira-e-fica-com-seis-pecas-na-posicao\/#primaryimage\",\"url\":\"https:\/\/portalnpm.com\/wp-content\/uploads\/2024\/01\/5e69e6e610289809384d46170ebb9ca5.jpg\",\"contentUrl\":\"https:\/\/portalnpm.com\/wp-content\/uploads\/2024\/01\/5e69e6e610289809384d46170ebb9ca5.jpg\",\"width\":790,\"height\":526},{\"@type\":\"BreadcrumbList\",\"@id\":\"https:\/\/portalnpm.com\/index.php\/2021\/07\/09\/altos-contrata-zagueiro-wesley-ex-bahia-de-feira-e-fica-com-seis-pecas-na-posicao\/#breadcrumb\",\"itemListElement\":[{\"@type\":\"ListItem\",\"position\":1,\"name\":\"In\u00edcio\",\"item\":\"https:\/\/portalnpm.com\/\"},{\"@type\":\"ListItem\",\"position\":2,\"name\":\"Altos contrata zagueiro Wesley, ex- Bahia de Feira e fica com seis pe\u00e7as na posi\u00e7\u00e3o\"}]},{\"@type\":\"WebSite\",\"@id\":\"https:\/\/portalnpm.com\/#website\",\"url\":\"https:\/\/portalnpm.com\/\",\"name\":\"Portal NPM\",\"description\":\"Not\u00edcias em Primeira M\u00e3o\",\"potentialAction\":[{\"@type\":\"SearchAction\",\"target\":{\"@type\":\"EntryPoint\",\"urlTemplate\":\"https:\/\/portalnpm.com\/?s={search_term_string}\"},\"query-input\":\"required name=search_term_string\"}],\"inLanguage\":\"pt-BR\"},{\"@type\":\"Person\",\"@id\":\"https:\/\/portalnpm.com\/#\/schema\/person\/49313e563cfdefcc167f1ee4c017c294\",\"name\":\"Genival Barbosa\",\"image\":{\"@type\":\"ImageObject\",\"inLanguage\":\"pt-BR\",\"@id\":\"https:\/\/portalnpm.com\/#\/schema\/person\/image\/\",\"url\":\"https:\/\/portalnpm.com\/wp-content\/uploads\/2024\/02\/avatar_user_2_1707743258-96x96.jpeg\",\"contentUrl\":\"https:\/\/portalnpm.com\/wp-content\/uploads\/2024\/02\/avatar_user_2_1707743258-96x96.jpeg\",\"caption\":\"Genival Barbosa\"},\"url\":\"https:\/\/portalnpm.com\/index.php\/author\/genival\/\"}]}<\/script>\n<!-- \/ Yoast SEO plugin. -->","yoast_head_json":{"title":"Altos contrata zagueiro Wesley, ex- Bahia de Feira e fica com seis pe\u00e7as na posi\u00e7\u00e3o","robots":{"index":"index","follow":"follow","max-snippet":"max-snippet:-1","max-image-preview":"max-image-preview:large","max-video-preview":"max-video-preview:-1"},"canonical":"https:\/\/portalnpm.com\/index.php\/2021\/07\/09\/altos-contrata-zagueiro-wesley-ex-bahia-de-feira-e-fica-com-seis-pecas-na-posicao\/","og_locale":"pt_BR","og_type":"article","og_title":"Altos contrata zagueiro Wesley, ex- Bahia de Feira e fica com seis pe\u00e7as na posi\u00e7\u00e3o","og_description":"A equipe do Altos contratou mais um nome para o setor defensivo. O zagueiro Wesley Aparecido, ex-Bahia de Feira, se integrou ao grupo na madrugada desta quinta-feira (8) e realizou o primeiro treino na tarde de hoje no est\u00e1dio Lindolfo Monteiro, em Teresina. O atleta j\u00e1 est\u00e1 regularizado e \u00e9 op\u00e7\u00e3o para o t\u00e9cnico Marcelo &hellip;","og_url":"https:\/\/portalnpm.com\/index.php\/2021\/07\/09\/altos-contrata-zagueiro-wesley-ex-bahia-de-feira-e-fica-com-seis-pecas-na-posicao\/","og_site_name":"Portal NPM","article_published_time":"2021-07-09T21:43:06+00:00","og_image":[{"width":790,"height":526,"url":"https:\/\/portalnpm.com\/wp-content\/uploads\/2024\/01\/5e69e6e610289809384d46170ebb9ca5.jpg","type":"image\/jpeg"}],"author":"Genival Barbosa","twitter_card":"summary_large_image","twitter_misc":{"Escrito por":"Genival Barbosa","Est. tempo de leitura":"2 minutos"},"schema":{"@context":"https:\/\/schema.org","@graph":[{"@type":"WebPage","@id":"https:\/\/portalnpm.com\/index.php\/2021\/07\/09\/altos-contrata-zagueiro-wesley-ex-bahia-de-feira-e-fica-com-seis-pecas-na-posicao\/","url":"https:\/\/portalnpm.com\/index.php\/2021\/07\/09\/altos-contrata-zagueiro-wesley-ex-bahia-de-feira-e-fica-com-seis-pecas-na-posicao\/","name":"Altos contrata zagueiro Wesley, ex- Bahia de Feira e fica com seis pe\u00e7as na posi\u00e7\u00e3o","isPartOf":{"@id":"https:\/\/portalnpm.com\/#website"},"primaryImageOfPage":{"@id":"https:\/\/portalnpm.com\/index.php\/2021\/07\/09\/altos-contrata-zagueiro-wesley-ex-bahia-de-feira-e-fica-com-seis-pecas-na-posicao\/#primaryimage"},"image":{"@id":"https:\/\/portalnpm.com\/index.php\/2021\/07\/09\/altos-contrata-zagueiro-wesley-ex-bahia-de-feira-e-fica-com-seis-pecas-na-posicao\/#primaryimage"},"thumbnailUrl":"https:\/\/portalnpm.com\/wp-content\/uploads\/2024\/01\/5e69e6e610289809384d46170ebb9ca5.jpg","datePublished":"2021-07-09T21:43:06+00:00","dateModified":"2021-07-09T21:43:06+00:00","author":{"@id":"https:\/\/portalnpm.com\/#\/schema\/person\/49313e563cfdefcc167f1ee4c017c294"},"breadcrumb":{"@id":"https:\/\/portalnpm.com\/index.php\/2021\/07\/09\/altos-contrata-zagueiro-wesley-ex-bahia-de-feira-e-fica-com-seis-pecas-na-posicao\/#breadcrumb"},"inLanguage":"pt-BR","potentialAction":[{"@type":"ReadAction","target":["https:\/\/portalnpm.com\/index.php\/2021\/07\/09\/altos-contrata-zagueiro-wesley-ex-bahia-de-feira-e-fica-com-seis-pecas-na-posicao\/"]}]},{"@type":"ImageObject","inLanguage":"pt-BR","@id":"https:\/\/portalnpm.com\/index.php\/2021\/07\/09\/altos-contrata-zagueiro-wesley-ex-bahia-de-feira-e-fica-com-seis-pecas-na-posicao\/#primaryimage","url":"https:\/\/portalnpm.com\/wp-content\/uploads\/2024\/01\/5e69e6e610289809384d46170ebb9ca5.jpg","contentUrl":"https:\/\/portalnpm.com\/wp-content\/uploads\/2024\/01\/5e69e6e610289809384d46170ebb9ca5.jpg","width":790,"height":526},{"@type":"BreadcrumbList","@id":"https:\/\/portalnpm.com\/index.php\/2021\/07\/09\/altos-contrata-zagueiro-wesley-ex-bahia-de-feira-e-fica-com-seis-pecas-na-posicao\/#breadcrumb","itemListElement":[{"@type":"ListItem","position":1,"name":"In\u00edcio","item":"https:\/\/portalnpm.com\/"},{"@type":"ListItem","position":2,"name":"Altos contrata zagueiro Wesley, ex- Bahia de Feira e fica com seis pe\u00e7as na posi\u00e7\u00e3o"}]},{"@type":"WebSite","@id":"https:\/\/portalnpm.com\/#website","url":"https:\/\/portalnpm.com\/","name":"Portal NPM","description":"Not\u00edcias em Primeira M\u00e3o","potentialAction":[{"@type":"SearchAction","target":{"@type":"EntryPoint","urlTemplate":"https:\/\/portalnpm.com\/?s={search_term_string}"},"query-input":"required name=search_term_string"}],"inLanguage":"pt-BR"},{"@type":"Person","@id":"https:\/\/portalnpm.com\/#\/schema\/person\/49313e563cfdefcc167f1ee4c017c294","name":"Genival Barbosa","image":{"@type":"ImageObject","inLanguage":"pt-BR","@id":"https:\/\/portalnpm.com\/#\/schema\/person\/image\/","url":"https:\/\/portalnpm.com\/wp-content\/uploads\/2024\/02\/avatar_user_2_1707743258-96x96.jpeg","contentUrl":"https:\/\/portalnpm.com\/wp-content\/uploads\/2024\/02\/avatar_user_2_1707743258-96x96.jpeg","caption":"Genival Barbosa"},"url":"https:\/\/portalnpm.com\/index.php\/author\/genival\/"}]}},"jetpack_sharing_enabled":true,"jetpack_featured_media_url":"https:\/\/portalnpm.com\/wp-content\/uploads\/2024\/01\/5e69e6e610289809384d46170ebb9ca5.jpg","_links":{"self":[{"href":"https:\/\/portalnpm.com\/index.php\/wp-json\/wp\/v2\/posts\/66546"}],"collection":[{"href":"https:\/\/portalnpm.com\/index.php\/wp-json\/wp\/v2\/posts"}],"about":[{"href":"https:\/\/portalnpm.com\/index.php\/wp-json\/wp\/v2\/types\/post"}],"author":[{"embeddable":true,"href":"https:\/\/portalnpm.com\/index.php\/wp-json\/wp\/v2\/users\/2"}],"replies":[{"embeddable":true,"href":"https:\/\/portalnpm.com\/index.php\/wp-json\/wp\/v2\/comments?post=66546"}],"version-history":[{"count":0,"href":"https:\/\/portalnpm.com\/index.php\/wp-json\/wp\/v2\/posts\/66546\/revisions"}],"wp:featuredmedia":[{"embeddable":true,"href":"https:\/\/portalnpm.com\/index.php\/wp-json\/wp\/v2\/media\/66547"}],"wp:attachment":[{"href":"https:\/\/portalnpm.com\/index.php\/wp-json\/wp\/v2\/media?parent=66546"}],"wp:term":[{"taxonomy":"category","embeddable":true,"href":"https:\/\/portalnpm.com\/index.php\/wp-json\/wp\/v2\/categories?post=66546"},{"taxonomy":"post_tag","embeddable":true,"href":"https:\/\/portalnpm.com\/index.php\/wp-json\/wp\/v2\/tags?post=66546"}],"curies":[{"name":"wp","href":"https:\/\/api.w.org\/{rel}","templated":true}]}}