{"id":66562,"date":"2021-07-10T07:52:48","date_gmt":"2021-07-10T10:52:48","guid":{"rendered":"https:\/\/portalnpm.com\/index.php\/2021\/07\/10\/pode-beber-depois-de-tomar-vacina-especialistas-respondem-a-duvidas-frequentes\/"},"modified":"2021-07-10T07:52:48","modified_gmt":"2021-07-10T10:52:48","slug":"pode-beber-depois-de-tomar-vacina-especialistas-respondem-a-duvidas-frequentes","status":"publish","type":"post","link":"https:\/\/portalnpm.com\/index.php\/2021\/07\/10\/pode-beber-depois-de-tomar-vacina-especialistas-respondem-a-duvidas-frequentes\/","title":{"rendered":"Pode beber depois de tomar vacina? Especialistas respondem a d\u00favidas frequentes"},"content":{"rendered":"<h3 style=\"text-align: justify;\">O QUE ACONTECE SE O INTERVALO ENTRE AS DOSES FOR MAIOR QUE O INDICADO?<\/h3>\n<p style=\"text-align: justify;\">De acordo com\u00a0<strong>Moacyr<\/strong>, os resultados dos estudos cl\u00ednicos das vacinas determinaram os per\u00edodos de aplica\u00e7\u00e3o e ainda n\u00e3o se sabe se h\u00e1 diminui\u00e7\u00e3o na efic\u00e1cia do imunizante se houver atraso entre as doses. A recomenda\u00e7\u00e3o, segundo\u00a0<strong>Raquel<\/strong>, \u00e9 que a pessoa tome a segunda dose assim que poss\u00edvel.<\/p>\n<p style=\"text-align: justify;\">\n<h3 style=\"text-align: justify;\">H\u00c1 ALGUMA RESTRI\u00c7\u00c3O ALIMENTAR E DE ESFOR\u00c7O F\u00cdSICO ANTES OU DEPOIS DE RECEBER A VACINA?<\/h3>\n<p style=\"text-align: justify;\">N\u00e3o h\u00e1 restri\u00e7\u00f5es alimentares. Diferentemente dos antibi\u00f3ticos, o consumo de bebidas alco\u00f3licas n\u00e3o compromete a a\u00e7\u00e3o do imunizante. Tamb\u00e9m n\u00e3o h\u00e1 problema em praticar exerc\u00edcios f\u00edsicos. \u201cO \u00fanico empecilho \u00e9 a regi\u00e3o do bra\u00e7o, que fica dolorida e a pessoa pode n\u00e3o conseguir fazer esfor\u00e7o\u201d, explica Moacyr.<\/p>\n<div id=\"outbrain_widget_0\" class=\"OUTBRAIN\" style=\"text-align: justify;\" data-external-id=\"d2f8867a750b4761aaa35dd87d5cccee\" data-src=\"DROP_PERMALINK_HERE\" data-widget-id=\"MB_1\" data-ob-mark=\"true\" data-browser=\"chrome\" data-os=\"linux armv8l\" data-dynload=\"\" data-idx=\"0\">\n<div class=\"ob-widget ob-grid-layout  ob-text-on-image MB_1 ob-cmn-MB_1\" data-dynamic-truncate=\"true\">\n<div class=\"ob-widget-footer\">\n<div class=\"ob-pixels\"><\/div>\n<\/div>\n<\/div>\n<\/div>\n<p style=\"text-align: justify;\">\n<h3 style=\"text-align: justify;\">QUEM EST\u00c1 ATUALMENTE COM COVID-19 DEVE ESPERAR QUANTO TEMPO PARA SE VACINAR?<\/h3>\n<p style=\"text-align: justify;\">Em casos leves, o recomend\u00e1vel \u00e9 esperar trinta dias ap\u00f3s o diagn\u00f3stico da doen\u00e7a. J\u00e1 para aqueles que est\u00e3o internados e precisam de oxig\u00eanio, Raquel sugere aguardar de dois a tr\u00eas meses para receber a\u00a0<strong>vacina<\/strong>.<\/p>\n<p style=\"text-align: justify;\">\n<h3 style=\"text-align: justify;\">VACINAS PODEM CAUSAR COVID-19?<\/h3>\n<p style=\"text-align: justify;\">N\u00e3o \u00e9 poss\u00edvel contrair a doen\u00e7a ap\u00f3s receber a vacina porque nenhum imunizante usado no Brasil utiliza o v\u00edrus\u00a0<strong>SARS-CoV-2<\/strong>\u00a0enfraquecido na composi\u00e7\u00e3o, mas apenas um \u201cpeda\u00e7o\u201d dele.<\/p>\n<p style=\"text-align: justify;\">\n<h3 style=\"text-align: justify;\">\u00c9 POSS\u00cdVEL TER ALERGIA \u00c0 VACINA?<\/h3>\n<p style=\"text-align: justify;\">Sim, alergias podem ocorrer. Segundo Raquel, normalmente s\u00e3o quadros al\u00e9rgicos leves, como vermelhid\u00e3o e coceira no local da aplica\u00e7\u00e3o ou no corpo todo, e que n\u00e3o impedem receber a segunda dose. Para Moacyr, as rea\u00e7\u00f5es al\u00e9rgicas variam. Em casos mais s\u00e9rios, como fraqueza muscular e miocardite (inflama\u00e7\u00e3o no m\u00fasculo do cora\u00e7\u00e3o), o aconselh\u00e1vel \u00e9 procurar atendimento m\u00e9dico e notificar a\u00a0<strong>Vigil\u00e2ncia Sanit\u00e1ria<\/strong>, que entrar\u00e1 em contato para explicar o que dever\u00e1 ser feito.<\/p>\n<p style=\"text-align: justify;\">\n<h3 style=\"text-align: justify;\">QUAIS OS EFEITOS COLATERAIS MAIS COMUNS E POR QUE ACONTECEM?<\/h3>\n<p style=\"text-align: justify;\">As rea\u00e7\u00f5es acontecem dependendo da resposta do organismo e do sistema imunol\u00f3gico, que identifica a subst\u00e2ncia como um agente estranho. Elas come\u00e7am de oito a doze horas depois da aplica\u00e7\u00e3o e n\u00e3o duram mais de 48 a 72 horas. Caso a dura\u00e7\u00e3o dos sintomas se estenda, \u00e9 necess\u00e1ria uma avalia\u00e7\u00e3o m\u00e9dica para confirmar se o paciente j\u00e1 estava contaminado pela\u00a0<strong>Covid-19<\/strong>\u00a0no momento em que recebeu a aplica\u00e7\u00e3o. Os sintomas mais frequentes s\u00e3o dor, vermelhid\u00e3o e sensa\u00e7\u00e3o de calor no local da aplica\u00e7\u00e3o. Raquel aconselha fazer compressa fria ou com bolsa de gelo v\u00e1rias vezes ao dia no local para aliviar o desconforto. Febre, dores no corpo e na cabe\u00e7a, n\u00e1useas e diarreia tamb\u00e9m podem ocorrer. O uso de analg\u00e9sicos e antit\u00e9rmicos n\u00e3o atrapalha a performance da vacina.<\/p>\n<p style=\"text-align: justify;\">\n<h3 style=\"text-align: justify;\">QUANTO TEMPO LEVA PARA FICAR PROTEGIDO AP\u00d3S A APLICA\u00c7\u00c3O DA VACINA CONTRA A COVID-19?<\/h3>\n<p style=\"text-align: justify;\">Para imunizantes com duas doses, a prote\u00e7\u00e3o m\u00e1xima acontece depois de catorze dias da segunda dose. No caso da vacina de dose \u00fanica da\u00a0<strong>Janssen<\/strong>, leva-se 28 dias. \u201cA vacina evita que se desenvolvam casos graves da doen\u00e7a, mas n\u00e3o garante que a pessoa n\u00e3o possa contrair o v\u00edrus. Enquanto n\u00e3o tivermos 80% da popula\u00e7\u00e3o acima de 18 anos imunizada e a redu\u00e7\u00e3o no n\u00famero de casos, interna\u00e7\u00f5es e \u00f3bitos, devemos continuar usando\u00a0<strong>m\u00e1scara<\/strong>, higienizando as m\u00e3os com frequ\u00eancia e mantendo o\u00a0<strong>distanciamento social<\/strong>\u201d, afirma Raquel.<\/p>\n<p style=\"text-align: justify;\">\n<h3 style=\"text-align: justify;\">A VACINA OXFORD\/ ASTRAZENECA, DA FIOCRUZ, \u00c9 MESMO A QUE MAIS CAUSA REA\u00c7\u00d5ES ADVERSAS?<\/h3>\n<p style=\"text-align: justify;\">Imunizantes que usam a tecnologia de vetor viral (um elemento que cont\u00e9m o material gen\u00e9tico do\u00a0<strong>coronav\u00edrus<\/strong>, mas sem a capacidade de se multiplicar), como\u00a0<strong>AstraZeneca<\/strong>\u00a0e Janssen, costumam causar mais rea\u00e7\u00f5es do que as outras patentes, principalmente na primeira dose e em pessoas mais jovens. Deve-se procurar um m\u00e9dico caso ocorram fortes dores de cabe\u00e7a ou abdominais que n\u00e3o s\u00e3o aliviadas com rem\u00e9dios e falta de ar s\u00fabita at\u00e9 dois meses ap\u00f3s aplica\u00e7\u00e3o.<\/p>\n<p style=\"text-align: justify;\">\n<h3 style=\"text-align: justify;\">POR QUE TOMAR A VACINA DA GRIPE AP\u00d3S CATORZE DIAS DA APLICA\u00c7\u00c3O DO IMUNIZANTE CONTRA A COVID-19?<\/h3>\n<p style=\"text-align: justify;\">Segundo Moacyr, os dois imunizantes podem causar efeitos colaterais. A recomenda\u00e7\u00e3o de duas semanas entre uma vacina e outra serve para distinguir qual foi respons\u00e1vel pelas rea\u00e7\u00f5es adversas. Depois desse per\u00edodo, de acordo com Raquel, \u00e9 raro que apare\u00e7am sintomas.<\/p>\n<p style=\"text-align: justify;\">\n<h3 style=\"text-align: justify;\">O QUE ACONTECE SE ALGU\u00c9M TOMAR VACINA FORA DO PRAZO DE VALIDADE?<\/h3>\n<p style=\"text-align: justify;\">Ainda n\u00e3o se sabe. Raquel explica que algumas vacinas podem manter a efic\u00e1cia al\u00e9m do prazo de validade. \u201cNa pior das hip\u00f3teses, \u00e9 como se tivesse aplicado \u00e1gua, sendo necess\u00e1ria a revacina\u00e7\u00e3o.\u201d<\/p>\n<p style=\"text-align: justify;\">Por Veja S\u00e3o Paulo<\/p>\n","protected":false},"excerpt":{"rendered":"<p>O QUE ACONTECE SE O INTERVALO ENTRE AS DOSES FOR MAIOR QUE O INDICADO? De acordo com\u00a0Moacyr, os resultados dos estudos cl\u00ednicos das vacinas determinaram os per\u00edodos de aplica\u00e7\u00e3o e ainda n\u00e3o se sabe se h\u00e1 diminui\u00e7\u00e3o na efic\u00e1cia do imunizante se houver atraso entre as doses. A recomenda\u00e7\u00e3o, segundo\u00a0Raquel, \u00e9 que a pessoa tome &hellip;<\/p>\n","protected":false},"author":2,"featured_media":66563,"comment_status":"open","ping_status":"open","sticky":false,"template":"","format":"standard","meta":{"content-type":"","rop_custom_images_group":[],"rop_custom_messages_group":[],"rop_publish_now":"initial","rop_publish_now_accounts":{"facebook_2648258775420054_1618374048415101":""},"rop_publish_now_history":[],"rop_publish_now_status":"pending","footnotes":"","_jetpack_memberships_contains_paid_content":false},"categories":[125],"tags":[11741,1856,2723],"yoast_head":"<!-- This site is optimized with the Yoast SEO plugin v22.3 - https:\/\/yoast.com\/wordpress\/plugins\/seo\/ -->\n<title>Pode beber depois de tomar vacina? Especialistas respondem a d\u00favidas frequentes<\/title>\n<meta name=\"robots\" content=\"index, follow, max-snippet:-1, max-image-preview:large, max-video-preview:-1\" \/>\n<link rel=\"canonical\" href=\"https:\/\/portalnpm.com\/index.php\/2021\/07\/10\/pode-beber-depois-de-tomar-vacina-especialistas-respondem-a-duvidas-frequentes\/\" \/>\n<meta property=\"og:locale\" content=\"pt_BR\" \/>\n<meta property=\"og:type\" content=\"article\" \/>\n<meta property=\"og:title\" content=\"Pode beber depois de tomar vacina? Especialistas respondem a d\u00favidas frequentes\" \/>\n<meta property=\"og:description\" content=\"O QUE ACONTECE SE O INTERVALO ENTRE AS DOSES FOR MAIOR QUE O INDICADO? De acordo com\u00a0Moacyr, os resultados dos estudos cl\u00ednicos das vacinas determinaram os per\u00edodos de aplica\u00e7\u00e3o e ainda n\u00e3o se sabe se h\u00e1 diminui\u00e7\u00e3o na efic\u00e1cia do imunizante se houver atraso entre as doses. A recomenda\u00e7\u00e3o, segundo\u00a0Raquel, \u00e9 que a pessoa tome &hellip;\" \/>\n<meta property=\"og:url\" content=\"https:\/\/portalnpm.com\/index.php\/2021\/07\/10\/pode-beber-depois-de-tomar-vacina-especialistas-respondem-a-duvidas-frequentes\/\" \/>\n<meta property=\"og:site_name\" content=\"Portal NPM\" \/>\n<meta property=\"article:published_time\" content=\"2021-07-10T10:52:48+00:00\" \/>\n<meta property=\"og:image\" content=\"https:\/\/portalnpm.com\/wp-content\/uploads\/2024\/01\/AALXidW.jpeg\" \/>\n\t<meta property=\"og:image:width\" content=\"600\" \/>\n\t<meta property=\"og:image:height\" content=\"400\" \/>\n\t<meta property=\"og:image:type\" content=\"image\/jpeg\" \/>\n<meta name=\"author\" content=\"Genival Barbosa\" \/>\n<meta name=\"twitter:card\" content=\"summary_large_image\" \/>\n<meta name=\"twitter:label1\" content=\"Escrito por\" \/>\n\t<meta name=\"twitter:data1\" content=\"Genival Barbosa\" \/>\n\t<meta name=\"twitter:label2\" content=\"Est. tempo de leitura\" \/>\n\t<meta name=\"twitter:data2\" content=\"4 minutos\" \/>\n<script type=\"application\/ld+json\" class=\"yoast-schema-graph\">{\"@context\":\"https:\/\/schema.org\",\"@graph\":[{\"@type\":\"WebPage\",\"@id\":\"https:\/\/portalnpm.com\/index.php\/2021\/07\/10\/pode-beber-depois-de-tomar-vacina-especialistas-respondem-a-duvidas-frequentes\/\",\"url\":\"https:\/\/portalnpm.com\/index.php\/2021\/07\/10\/pode-beber-depois-de-tomar-vacina-especialistas-respondem-a-duvidas-frequentes\/\",\"name\":\"Pode beber depois de tomar vacina? Especialistas respondem a d\u00favidas frequentes\",\"isPartOf\":{\"@id\":\"https:\/\/portalnpm.com\/#website\"},\"primaryImageOfPage\":{\"@id\":\"https:\/\/portalnpm.com\/index.php\/2021\/07\/10\/pode-beber-depois-de-tomar-vacina-especialistas-respondem-a-duvidas-frequentes\/#primaryimage\"},\"image\":{\"@id\":\"https:\/\/portalnpm.com\/index.php\/2021\/07\/10\/pode-beber-depois-de-tomar-vacina-especialistas-respondem-a-duvidas-frequentes\/#primaryimage\"},\"thumbnailUrl\":\"https:\/\/portalnpm.com\/wp-content\/uploads\/2024\/01\/AALXidW.jpeg\",\"datePublished\":\"2021-07-10T10:52:48+00:00\",\"dateModified\":\"2021-07-10T10:52:48+00:00\",\"author\":{\"@id\":\"https:\/\/portalnpm.com\/#\/schema\/person\/49313e563cfdefcc167f1ee4c017c294\"},\"breadcrumb\":{\"@id\":\"https:\/\/portalnpm.com\/index.php\/2021\/07\/10\/pode-beber-depois-de-tomar-vacina-especialistas-respondem-a-duvidas-frequentes\/#breadcrumb\"},\"inLanguage\":\"pt-BR\",\"potentialAction\":[{\"@type\":\"ReadAction\",\"target\":[\"https:\/\/portalnpm.com\/index.php\/2021\/07\/10\/pode-beber-depois-de-tomar-vacina-especialistas-respondem-a-duvidas-frequentes\/\"]}]},{\"@type\":\"ImageObject\",\"inLanguage\":\"pt-BR\",\"@id\":\"https:\/\/portalnpm.com\/index.php\/2021\/07\/10\/pode-beber-depois-de-tomar-vacina-especialistas-respondem-a-duvidas-frequentes\/#primaryimage\",\"url\":\"https:\/\/portalnpm.com\/wp-content\/uploads\/2024\/01\/AALXidW.jpeg\",\"contentUrl\":\"https:\/\/portalnpm.com\/wp-content\/uploads\/2024\/01\/AALXidW.jpeg\",\"width\":600,\"height\":400},{\"@type\":\"BreadcrumbList\",\"@id\":\"https:\/\/portalnpm.com\/index.php\/2021\/07\/10\/pode-beber-depois-de-tomar-vacina-especialistas-respondem-a-duvidas-frequentes\/#breadcrumb\",\"itemListElement\":[{\"@type\":\"ListItem\",\"position\":1,\"name\":\"In\u00edcio\",\"item\":\"https:\/\/portalnpm.com\/\"},{\"@type\":\"ListItem\",\"position\":2,\"name\":\"Pode beber depois de tomar vacina? Especialistas respondem a d\u00favidas frequentes\"}]},{\"@type\":\"WebSite\",\"@id\":\"https:\/\/portalnpm.com\/#website\",\"url\":\"https:\/\/portalnpm.com\/\",\"name\":\"Portal NPM\",\"description\":\"Not\u00edcias em Primeira M\u00e3o\",\"potentialAction\":[{\"@type\":\"SearchAction\",\"target\":{\"@type\":\"EntryPoint\",\"urlTemplate\":\"https:\/\/portalnpm.com\/?s={search_term_string}\"},\"query-input\":\"required name=search_term_string\"}],\"inLanguage\":\"pt-BR\"},{\"@type\":\"Person\",\"@id\":\"https:\/\/portalnpm.com\/#\/schema\/person\/49313e563cfdefcc167f1ee4c017c294\",\"name\":\"Genival Barbosa\",\"image\":{\"@type\":\"ImageObject\",\"inLanguage\":\"pt-BR\",\"@id\":\"https:\/\/portalnpm.com\/#\/schema\/person\/image\/\",\"url\":\"https:\/\/portalnpm.com\/wp-content\/uploads\/2024\/02\/avatar_user_2_1707743258-96x96.jpeg\",\"contentUrl\":\"https:\/\/portalnpm.com\/wp-content\/uploads\/2024\/02\/avatar_user_2_1707743258-96x96.jpeg\",\"caption\":\"Genival Barbosa\"},\"url\":\"https:\/\/portalnpm.com\/index.php\/author\/genival\/\"}]}<\/script>\n<!-- \/ Yoast SEO plugin. -->","yoast_head_json":{"title":"Pode beber depois de tomar vacina? Especialistas respondem a d\u00favidas frequentes","robots":{"index":"index","follow":"follow","max-snippet":"max-snippet:-1","max-image-preview":"max-image-preview:large","max-video-preview":"max-video-preview:-1"},"canonical":"https:\/\/portalnpm.com\/index.php\/2021\/07\/10\/pode-beber-depois-de-tomar-vacina-especialistas-respondem-a-duvidas-frequentes\/","og_locale":"pt_BR","og_type":"article","og_title":"Pode beber depois de tomar vacina? Especialistas respondem a d\u00favidas frequentes","og_description":"O QUE ACONTECE SE O INTERVALO ENTRE AS DOSES FOR MAIOR QUE O INDICADO? De acordo com\u00a0Moacyr, os resultados dos estudos cl\u00ednicos das vacinas determinaram os per\u00edodos de aplica\u00e7\u00e3o e ainda n\u00e3o se sabe se h\u00e1 diminui\u00e7\u00e3o na efic\u00e1cia do imunizante se houver atraso entre as doses. A recomenda\u00e7\u00e3o, segundo\u00a0Raquel, \u00e9 que a pessoa tome &hellip;","og_url":"https:\/\/portalnpm.com\/index.php\/2021\/07\/10\/pode-beber-depois-de-tomar-vacina-especialistas-respondem-a-duvidas-frequentes\/","og_site_name":"Portal NPM","article_published_time":"2021-07-10T10:52:48+00:00","og_image":[{"width":600,"height":400,"url":"https:\/\/portalnpm.com\/wp-content\/uploads\/2024\/01\/AALXidW.jpeg","type":"image\/jpeg"}],"author":"Genival Barbosa","twitter_card":"summary_large_image","twitter_misc":{"Escrito por":"Genival Barbosa","Est. tempo de leitura":"4 minutos"},"schema":{"@context":"https:\/\/schema.org","@graph":[{"@type":"WebPage","@id":"https:\/\/portalnpm.com\/index.php\/2021\/07\/10\/pode-beber-depois-de-tomar-vacina-especialistas-respondem-a-duvidas-frequentes\/","url":"https:\/\/portalnpm.com\/index.php\/2021\/07\/10\/pode-beber-depois-de-tomar-vacina-especialistas-respondem-a-duvidas-frequentes\/","name":"Pode beber depois de tomar vacina? Especialistas respondem a d\u00favidas frequentes","isPartOf":{"@id":"https:\/\/portalnpm.com\/#website"},"primaryImageOfPage":{"@id":"https:\/\/portalnpm.com\/index.php\/2021\/07\/10\/pode-beber-depois-de-tomar-vacina-especialistas-respondem-a-duvidas-frequentes\/#primaryimage"},"image":{"@id":"https:\/\/portalnpm.com\/index.php\/2021\/07\/10\/pode-beber-depois-de-tomar-vacina-especialistas-respondem-a-duvidas-frequentes\/#primaryimage"},"thumbnailUrl":"https:\/\/portalnpm.com\/wp-content\/uploads\/2024\/01\/AALXidW.jpeg","datePublished":"2021-07-10T10:52:48+00:00","dateModified":"2021-07-10T10:52:48+00:00","author":{"@id":"https:\/\/portalnpm.com\/#\/schema\/person\/49313e563cfdefcc167f1ee4c017c294"},"breadcrumb":{"@id":"https:\/\/portalnpm.com\/index.php\/2021\/07\/10\/pode-beber-depois-de-tomar-vacina-especialistas-respondem-a-duvidas-frequentes\/#breadcrumb"},"inLanguage":"pt-BR","potentialAction":[{"@type":"ReadAction","target":["https:\/\/portalnpm.com\/index.php\/2021\/07\/10\/pode-beber-depois-de-tomar-vacina-especialistas-respondem-a-duvidas-frequentes\/"]}]},{"@type":"ImageObject","inLanguage":"pt-BR","@id":"https:\/\/portalnpm.com\/index.php\/2021\/07\/10\/pode-beber-depois-de-tomar-vacina-especialistas-respondem-a-duvidas-frequentes\/#primaryimage","url":"https:\/\/portalnpm.com\/wp-content\/uploads\/2024\/01\/AALXidW.jpeg","contentUrl":"https:\/\/portalnpm.com\/wp-content\/uploads\/2024\/01\/AALXidW.jpeg","width":600,"height":400},{"@type":"BreadcrumbList","@id":"https:\/\/portalnpm.com\/index.php\/2021\/07\/10\/pode-beber-depois-de-tomar-vacina-especialistas-respondem-a-duvidas-frequentes\/#breadcrumb","itemListElement":[{"@type":"ListItem","position":1,"name":"In\u00edcio","item":"https:\/\/portalnpm.com\/"},{"@type":"ListItem","position":2,"name":"Pode beber depois de tomar vacina? Especialistas respondem a d\u00favidas frequentes"}]},{"@type":"WebSite","@id":"https:\/\/portalnpm.com\/#website","url":"https:\/\/portalnpm.com\/","name":"Portal NPM","description":"Not\u00edcias em Primeira M\u00e3o","potentialAction":[{"@type":"SearchAction","target":{"@type":"EntryPoint","urlTemplate":"https:\/\/portalnpm.com\/?s={search_term_string}"},"query-input":"required name=search_term_string"}],"inLanguage":"pt-BR"},{"@type":"Person","@id":"https:\/\/portalnpm.com\/#\/schema\/person\/49313e563cfdefcc167f1ee4c017c294","name":"Genival Barbosa","image":{"@type":"ImageObject","inLanguage":"pt-BR","@id":"https:\/\/portalnpm.com\/#\/schema\/person\/image\/","url":"https:\/\/portalnpm.com\/wp-content\/uploads\/2024\/02\/avatar_user_2_1707743258-96x96.jpeg","contentUrl":"https:\/\/portalnpm.com\/wp-content\/uploads\/2024\/02\/avatar_user_2_1707743258-96x96.jpeg","caption":"Genival Barbosa"},"url":"https:\/\/portalnpm.com\/index.php\/author\/genival\/"}]}},"jetpack_sharing_enabled":true,"jetpack_featured_media_url":"https:\/\/portalnpm.com\/wp-content\/uploads\/2024\/01\/AALXidW.jpeg","_links":{"self":[{"href":"https:\/\/portalnpm.com\/index.php\/wp-json\/wp\/v2\/posts\/66562"}],"collection":[{"href":"https:\/\/portalnpm.com\/index.php\/wp-json\/wp\/v2\/posts"}],"about":[{"href":"https:\/\/portalnpm.com\/index.php\/wp-json\/wp\/v2\/types\/post"}],"author":[{"embeddable":true,"href":"https:\/\/portalnpm.com\/index.php\/wp-json\/wp\/v2\/users\/2"}],"replies":[{"embeddable":true,"href":"https:\/\/portalnpm.com\/index.php\/wp-json\/wp\/v2\/comments?post=66562"}],"version-history":[{"count":0,"href":"https:\/\/portalnpm.com\/index.php\/wp-json\/wp\/v2\/posts\/66562\/revisions"}],"wp:featuredmedia":[{"embeddable":true,"href":"https:\/\/portalnpm.com\/index.php\/wp-json\/wp\/v2\/media\/66563"}],"wp:attachment":[{"href":"https:\/\/portalnpm.com\/index.php\/wp-json\/wp\/v2\/media?parent=66562"}],"wp:term":[{"taxonomy":"category","embeddable":true,"href":"https:\/\/portalnpm.com\/index.php\/wp-json\/wp\/v2\/categories?post=66562"},{"taxonomy":"post_tag","embeddable":true,"href":"https:\/\/portalnpm.com\/index.php\/wp-json\/wp\/v2\/tags?post=66562"}],"curies":[{"name":"wp","href":"https:\/\/api.w.org\/{rel}","templated":true}]}}