{"id":666,"date":"2018-08-17T14:55:05","date_gmt":"2018-08-17T17:55:05","guid":{"rendered":"http:\/\/srv.portalnpm.com.br\/?p=666"},"modified":"2018-08-17T14:55:05","modified_gmt":"2018-08-17T17:55:05","slug":"dilma-rousseff-participara-de-propaganda-eleitoral-de-marcelo-castro","status":"publish","type":"post","link":"https:\/\/portalnpm.com\/index.php\/2018\/08\/17\/dilma-rousseff-participara-de-propaganda-eleitoral-de-marcelo-castro\/","title":{"rendered":"Dilma Rousseff participar\u00e1 de propaganda eleitoral de Marcelo Castro"},"content":{"rendered":"<p style=\"text-align: justify;\">A ex-presidente Dilma Rousseff (PT) gravar\u00e1 propaganda eleitoral de apoio ao candidato a Senador Marcelo Castro (MDB). Castro \u00e9 o preferido entre os petistas por se posicionar contr\u00e1rio ao processo de impeachment de Dilma.<\/p>\n<p style=\"text-align: justify;\">Marcelo Castro foi Ministro da Sa\u00fade no segundo governo de Dilma, portanto, guarda gratid\u00e3o pelo reconhecimento da ex presidente sobre a indica\u00e7\u00e3o a uma das pastas mais importantes do Governo Federal.<\/p>\n<p style=\"text-align: justify;\">Dilma disputa o Senado em Minas Gerais e lidera todas as pesquisas de inten\u00e7\u00f5es de voto no estado.<\/p>\n<p style=\"text-align: justify;\"><strong>Fonte: Portal Sert\u00e3o\u00a0<\/strong><\/p>\n","protected":false},"excerpt":{"rendered":"<p>A ex-presidente Dilma Rousseff (PT) gravar\u00e1 propaganda eleitoral de apoio ao candidato a Senador Marcelo Castro (MDB). Castro \u00e9 o preferido entre os petistas por se posicionar contr\u00e1rio ao processo de impeachment de Dilma. Marcelo Castro foi Ministro da Sa\u00fade no segundo governo de Dilma, portanto, guarda gratid\u00e3o pelo reconhecimento da ex presidente sobre a &hellip;<\/p>\n","protected":false},"author":3,"featured_media":667,"comment_status":"open","ping_status":"open","sticky":false,"template":"","format":"standard","meta":{"content-type":"","rop_custom_images_group":[],"rop_custom_messages_group":[],"rop_publish_now":"initial","rop_publish_now_accounts":{"facebook_2648258775420054_1618374048415101":""},"rop_publish_now_history":[],"rop_publish_now_status":"pending","footnotes":"","_jetpack_memberships_contains_paid_content":false},"categories":[113,130],"tags":[471,552,423],"yoast_head":"<!-- This site is optimized with the Yoast SEO plugin v22.3 - https:\/\/yoast.com\/wordpress\/plugins\/seo\/ -->\n<title>Dilma Rousseff participar\u00e1 de propaganda eleitoral de Marcelo Castro - Portal NPM<\/title>\n<meta name=\"robots\" content=\"index, follow, max-snippet:-1, max-image-preview:large, max-video-preview:-1\" \/>\n<link rel=\"canonical\" href=\"https:\/\/portalnpm.com\/index.php\/2018\/08\/17\/dilma-rousseff-participara-de-propaganda-eleitoral-de-marcelo-castro\/\" \/>\n<meta property=\"og:locale\" content=\"pt_BR\" \/>\n<meta property=\"og:type\" content=\"article\" \/>\n<meta property=\"og:title\" content=\"Dilma Rousseff participar\u00e1 de propaganda eleitoral de Marcelo Castro - Portal NPM\" \/>\n<meta property=\"og:description\" content=\"A ex-presidente Dilma Rousseff (PT) gravar\u00e1 propaganda eleitoral de apoio ao candidato a Senador Marcelo Castro (MDB). Castro \u00e9 o preferido entre os petistas por se posicionar contr\u00e1rio ao processo de impeachment de Dilma. Marcelo Castro foi Ministro da Sa\u00fade no segundo governo de Dilma, portanto, guarda gratid\u00e3o pelo reconhecimento da ex presidente sobre a &hellip;\" \/>\n<meta property=\"og:url\" content=\"https:\/\/portalnpm.com\/index.php\/2018\/08\/17\/dilma-rousseff-participara-de-propaganda-eleitoral-de-marcelo-castro\/\" \/>\n<meta property=\"og:site_name\" content=\"Portal NPM\" \/>\n<meta property=\"article:published_time\" content=\"2018-08-17T17:55:05+00:00\" \/>\n<meta property=\"og:image\" content=\"https:\/\/portalnpm.com\/wp-content\/uploads\/2018\/08\/img_8082.jpg\" \/>\n\t<meta property=\"og:image:width\" content=\"620\" \/>\n\t<meta property=\"og:image:height\" content=\"465\" \/>\n\t<meta property=\"og:image:type\" content=\"image\/jpeg\" \/>\n<meta name=\"author\" content=\"Luis Alberto\" \/>\n<meta name=\"twitter:card\" content=\"summary_large_image\" \/>\n<meta name=\"twitter:label1\" content=\"Escrito por\" \/>\n\t<meta name=\"twitter:data1\" content=\"Luis Alberto\" \/>\n<script type=\"application\/ld+json\" class=\"yoast-schema-graph\">{\"@context\":\"https:\/\/schema.org\",\"@graph\":[{\"@type\":\"WebPage\",\"@id\":\"https:\/\/portalnpm.com\/index.php\/2018\/08\/17\/dilma-rousseff-participara-de-propaganda-eleitoral-de-marcelo-castro\/\",\"url\":\"https:\/\/portalnpm.com\/index.php\/2018\/08\/17\/dilma-rousseff-participara-de-propaganda-eleitoral-de-marcelo-castro\/\",\"name\":\"Dilma Rousseff participar\u00e1 de propaganda eleitoral de Marcelo Castro - Portal NPM\",\"isPartOf\":{\"@id\":\"https:\/\/portalnpm.com\/#website\"},\"primaryImageOfPage\":{\"@id\":\"https:\/\/portalnpm.com\/index.php\/2018\/08\/17\/dilma-rousseff-participara-de-propaganda-eleitoral-de-marcelo-castro\/#primaryimage\"},\"image\":{\"@id\":\"https:\/\/portalnpm.com\/index.php\/2018\/08\/17\/dilma-rousseff-participara-de-propaganda-eleitoral-de-marcelo-castro\/#primaryimage\"},\"thumbnailUrl\":\"https:\/\/portalnpm.com\/wp-content\/uploads\/2018\/08\/img_8082.jpg\",\"datePublished\":\"2018-08-17T17:55:05+00:00\",\"dateModified\":\"2018-08-17T17:55:05+00:00\",\"author\":{\"@id\":\"https:\/\/portalnpm.com\/#\/schema\/person\/5c8006acdf71774cd4e7a5ab98482152\"},\"breadcrumb\":{\"@id\":\"https:\/\/portalnpm.com\/index.php\/2018\/08\/17\/dilma-rousseff-participara-de-propaganda-eleitoral-de-marcelo-castro\/#breadcrumb\"},\"inLanguage\":\"pt-BR\",\"potentialAction\":[{\"@type\":\"ReadAction\",\"target\":[\"https:\/\/portalnpm.com\/index.php\/2018\/08\/17\/dilma-rousseff-participara-de-propaganda-eleitoral-de-marcelo-castro\/\"]}]},{\"@type\":\"ImageObject\",\"inLanguage\":\"pt-BR\",\"@id\":\"https:\/\/portalnpm.com\/index.php\/2018\/08\/17\/dilma-rousseff-participara-de-propaganda-eleitoral-de-marcelo-castro\/#primaryimage\",\"url\":\"https:\/\/portalnpm.com\/wp-content\/uploads\/2018\/08\/img_8082.jpg\",\"contentUrl\":\"https:\/\/portalnpm.com\/wp-content\/uploads\/2018\/08\/img_8082.jpg\",\"width\":620,\"height\":465},{\"@type\":\"BreadcrumbList\",\"@id\":\"https:\/\/portalnpm.com\/index.php\/2018\/08\/17\/dilma-rousseff-participara-de-propaganda-eleitoral-de-marcelo-castro\/#breadcrumb\",\"itemListElement\":[{\"@type\":\"ListItem\",\"position\":1,\"name\":\"In\u00edcio\",\"item\":\"https:\/\/portalnpm.com\/\"},{\"@type\":\"ListItem\",\"position\":2,\"name\":\"Dilma Rousseff participar\u00e1 de propaganda eleitoral de Marcelo Castro\"}]},{\"@type\":\"WebSite\",\"@id\":\"https:\/\/portalnpm.com\/#website\",\"url\":\"https:\/\/portalnpm.com\/\",\"name\":\"Portal NPM\",\"description\":\"Not\u00edcias em Primeira M\u00e3o\",\"potentialAction\":[{\"@type\":\"SearchAction\",\"target\":{\"@type\":\"EntryPoint\",\"urlTemplate\":\"https:\/\/portalnpm.com\/?s={search_term_string}\"},\"query-input\":\"required name=search_term_string\"}],\"inLanguage\":\"pt-BR\"},{\"@type\":\"Person\",\"@id\":\"https:\/\/portalnpm.com\/#\/schema\/person\/5c8006acdf71774cd4e7a5ab98482152\",\"name\":\"Luis Alberto\",\"image\":{\"@type\":\"ImageObject\",\"inLanguage\":\"pt-BR\",\"@id\":\"https:\/\/portalnpm.com\/#\/schema\/person\/image\/\",\"url\":\"https:\/\/portalnpm.com\/wp-content\/uploads\/2024\/12\/avatar_user_3_1734699769-96x96.jpeg\",\"contentUrl\":\"https:\/\/portalnpm.com\/wp-content\/uploads\/2024\/12\/avatar_user_3_1734699769-96x96.jpeg\",\"caption\":\"Luis Alberto\"},\"description\":\"Editor-geral do Portal NPM, \u00e9 formado como T\u00e9cnico em Seguran\u00e7a do Trabalho pela Escola Metropolitana de Cursos T\u00e9cnicos. Det\u00e9m ainda licenciatura em Educa\u00e7\u00e3o F\u00edsica e bacharelado em Ci\u00eancias Pol\u00edticas, ambos obtidos pela institui\u00e7\u00e3o Anhanguera\/UNOPAR.\",\"url\":\"https:\/\/portalnpm.com\/index.php\/author\/pereira\/\"}]}<\/script>\n<!-- \/ Yoast SEO plugin. -->","yoast_head_json":{"title":"Dilma Rousseff participar\u00e1 de propaganda eleitoral de Marcelo Castro - Portal NPM","robots":{"index":"index","follow":"follow","max-snippet":"max-snippet:-1","max-image-preview":"max-image-preview:large","max-video-preview":"max-video-preview:-1"},"canonical":"https:\/\/portalnpm.com\/index.php\/2018\/08\/17\/dilma-rousseff-participara-de-propaganda-eleitoral-de-marcelo-castro\/","og_locale":"pt_BR","og_type":"article","og_title":"Dilma Rousseff participar\u00e1 de propaganda eleitoral de Marcelo Castro - Portal NPM","og_description":"A ex-presidente Dilma Rousseff (PT) gravar\u00e1 propaganda eleitoral de apoio ao candidato a Senador Marcelo Castro (MDB). Castro \u00e9 o preferido entre os petistas por se posicionar contr\u00e1rio ao processo de impeachment de Dilma. Marcelo Castro foi Ministro da Sa\u00fade no segundo governo de Dilma, portanto, guarda gratid\u00e3o pelo reconhecimento da ex presidente sobre a &hellip;","og_url":"https:\/\/portalnpm.com\/index.php\/2018\/08\/17\/dilma-rousseff-participara-de-propaganda-eleitoral-de-marcelo-castro\/","og_site_name":"Portal NPM","article_published_time":"2018-08-17T17:55:05+00:00","og_image":[{"width":620,"height":465,"url":"https:\/\/portalnpm.com\/wp-content\/uploads\/2018\/08\/img_8082.jpg","type":"image\/jpeg"}],"author":"Luis Alberto","twitter_card":"summary_large_image","twitter_misc":{"Escrito por":"Luis Alberto"},"schema":{"@context":"https:\/\/schema.org","@graph":[{"@type":"WebPage","@id":"https:\/\/portalnpm.com\/index.php\/2018\/08\/17\/dilma-rousseff-participara-de-propaganda-eleitoral-de-marcelo-castro\/","url":"https:\/\/portalnpm.com\/index.php\/2018\/08\/17\/dilma-rousseff-participara-de-propaganda-eleitoral-de-marcelo-castro\/","name":"Dilma Rousseff participar\u00e1 de propaganda eleitoral de Marcelo Castro - Portal NPM","isPartOf":{"@id":"https:\/\/portalnpm.com\/#website"},"primaryImageOfPage":{"@id":"https:\/\/portalnpm.com\/index.php\/2018\/08\/17\/dilma-rousseff-participara-de-propaganda-eleitoral-de-marcelo-castro\/#primaryimage"},"image":{"@id":"https:\/\/portalnpm.com\/index.php\/2018\/08\/17\/dilma-rousseff-participara-de-propaganda-eleitoral-de-marcelo-castro\/#primaryimage"},"thumbnailUrl":"https:\/\/portalnpm.com\/wp-content\/uploads\/2018\/08\/img_8082.jpg","datePublished":"2018-08-17T17:55:05+00:00","dateModified":"2018-08-17T17:55:05+00:00","author":{"@id":"https:\/\/portalnpm.com\/#\/schema\/person\/5c8006acdf71774cd4e7a5ab98482152"},"breadcrumb":{"@id":"https:\/\/portalnpm.com\/index.php\/2018\/08\/17\/dilma-rousseff-participara-de-propaganda-eleitoral-de-marcelo-castro\/#breadcrumb"},"inLanguage":"pt-BR","potentialAction":[{"@type":"ReadAction","target":["https:\/\/portalnpm.com\/index.php\/2018\/08\/17\/dilma-rousseff-participara-de-propaganda-eleitoral-de-marcelo-castro\/"]}]},{"@type":"ImageObject","inLanguage":"pt-BR","@id":"https:\/\/portalnpm.com\/index.php\/2018\/08\/17\/dilma-rousseff-participara-de-propaganda-eleitoral-de-marcelo-castro\/#primaryimage","url":"https:\/\/portalnpm.com\/wp-content\/uploads\/2018\/08\/img_8082.jpg","contentUrl":"https:\/\/portalnpm.com\/wp-content\/uploads\/2018\/08\/img_8082.jpg","width":620,"height":465},{"@type":"BreadcrumbList","@id":"https:\/\/portalnpm.com\/index.php\/2018\/08\/17\/dilma-rousseff-participara-de-propaganda-eleitoral-de-marcelo-castro\/#breadcrumb","itemListElement":[{"@type":"ListItem","position":1,"name":"In\u00edcio","item":"https:\/\/portalnpm.com\/"},{"@type":"ListItem","position":2,"name":"Dilma Rousseff participar\u00e1 de propaganda eleitoral de Marcelo Castro"}]},{"@type":"WebSite","@id":"https:\/\/portalnpm.com\/#website","url":"https:\/\/portalnpm.com\/","name":"Portal NPM","description":"Not\u00edcias em Primeira M\u00e3o","potentialAction":[{"@type":"SearchAction","target":{"@type":"EntryPoint","urlTemplate":"https:\/\/portalnpm.com\/?s={search_term_string}"},"query-input":"required name=search_term_string"}],"inLanguage":"pt-BR"},{"@type":"Person","@id":"https:\/\/portalnpm.com\/#\/schema\/person\/5c8006acdf71774cd4e7a5ab98482152","name":"Luis Alberto","image":{"@type":"ImageObject","inLanguage":"pt-BR","@id":"https:\/\/portalnpm.com\/#\/schema\/person\/image\/","url":"https:\/\/portalnpm.com\/wp-content\/uploads\/2024\/12\/avatar_user_3_1734699769-96x96.jpeg","contentUrl":"https:\/\/portalnpm.com\/wp-content\/uploads\/2024\/12\/avatar_user_3_1734699769-96x96.jpeg","caption":"Luis Alberto"},"description":"Editor-geral do Portal NPM, \u00e9 formado como T\u00e9cnico em Seguran\u00e7a do Trabalho pela Escola Metropolitana de Cursos T\u00e9cnicos. Det\u00e9m ainda licenciatura em Educa\u00e7\u00e3o F\u00edsica e bacharelado em Ci\u00eancias Pol\u00edticas, ambos obtidos pela institui\u00e7\u00e3o Anhanguera\/UNOPAR.","url":"https:\/\/portalnpm.com\/index.php\/author\/pereira\/"}]}},"jetpack_sharing_enabled":true,"jetpack_featured_media_url":"https:\/\/portalnpm.com\/wp-content\/uploads\/2018\/08\/img_8082.jpg","_links":{"self":[{"href":"https:\/\/portalnpm.com\/index.php\/wp-json\/wp\/v2\/posts\/666"}],"collection":[{"href":"https:\/\/portalnpm.com\/index.php\/wp-json\/wp\/v2\/posts"}],"about":[{"href":"https:\/\/portalnpm.com\/index.php\/wp-json\/wp\/v2\/types\/post"}],"author":[{"embeddable":true,"href":"https:\/\/portalnpm.com\/index.php\/wp-json\/wp\/v2\/users\/3"}],"replies":[{"embeddable":true,"href":"https:\/\/portalnpm.com\/index.php\/wp-json\/wp\/v2\/comments?post=666"}],"version-history":[{"count":0,"href":"https:\/\/portalnpm.com\/index.php\/wp-json\/wp\/v2\/posts\/666\/revisions"}],"wp:featuredmedia":[{"embeddable":true,"href":"https:\/\/portalnpm.com\/index.php\/wp-json\/wp\/v2\/media\/667"}],"wp:attachment":[{"href":"https:\/\/portalnpm.com\/index.php\/wp-json\/wp\/v2\/media?parent=666"}],"wp:term":[{"taxonomy":"category","embeddable":true,"href":"https:\/\/portalnpm.com\/index.php\/wp-json\/wp\/v2\/categories?post=666"},{"taxonomy":"post_tag","embeddable":true,"href":"https:\/\/portalnpm.com\/index.php\/wp-json\/wp\/v2\/tags?post=666"}],"curies":[{"name":"wp","href":"https:\/\/api.w.org\/{rel}","templated":true}]}}