{"id":66780,"date":"2021-07-16T12:23:11","date_gmt":"2021-07-16T15:23:11","guid":{"rendered":"https:\/\/portalnpm.com\/index.php\/2021\/07\/16\/precos-de-carne-e-ovos-vao-bater-de-novo-inflacao-em-2021-no-brasil\/"},"modified":"2021-07-16T12:23:11","modified_gmt":"2021-07-16T15:23:11","slug":"precos-de-carne-e-ovos-vao-bater-de-novo-inflacao-em-2021-no-brasil","status":"publish","type":"post","link":"https:\/\/portalnpm.com\/index.php\/2021\/07\/16\/precos-de-carne-e-ovos-vao-bater-de-novo-inflacao-em-2021-no-brasil\/","title":{"rendered":"Pre\u00e7os de carne e ovos v\u00e3o bater de novo infla\u00e7\u00e3o em 2021 no Brasil"},"content":{"rendered":"<p style=\"text-align: justify;\">Com a renda comprimida e o desemprego em alta, ter carne vermelha no prato pesar\u00e1 cada vez mais no bolso dos brasileiros. E o cen\u00e1rio n\u00e3o ser\u00e1 diferente se a alternativa escolhida for o frango, os ovos ou a carne de porco. Especialistas projetam que a infla\u00e7\u00e3o para as prote\u00ednas vai superar a marca de 10% este ano, ap\u00f3s j\u00e1 ter disparado em 2020. O aumento previsto para 2021 est\u00e1 bem acima da estimativa para a infla\u00e7\u00e3o oficial (<a href=\"https:\/\/www.gp1.com.br\/noticias-sobre\/ipca\/\" target=\"_blank\" rel=\"noopener noreferrer\">IPCA<\/a>), de 5,9%.<\/p>\n<p style=\"text-align: justify;\">\n<p style=\"text-align: justify;\">\n<p style=\"text-align: justify;\">De acordo com a consultoria LCA, a maior alta neste ano continuar\u00e1 sendo no pre\u00e7o da carne de boi (17,6%), seguida da de porco (15,1%) e de frango (11,8%). Alternativa \u00e0s carnes, o valor do ovo de galinha tamb\u00e9m deve subir (7,6%). J\u00e1 a Associa\u00e7\u00e3o Brasileira de Supermercados (Abras) prev\u00ea um aumento nos pre\u00e7os do frango entre 10% e 15% j\u00e1 no fim de julho e in\u00edcio de agosto.<\/p>\n<p style=\"text-align: justify;\">Essas previs\u00f5es chegam num momento de queda de popularidade do presidente Jair Bolsonaro, que j\u00e1 reclamou em p\u00fablico do reajuste dos pre\u00e7os da carne, do arroz, do g\u00e1s de cozinha e dos combust\u00edveis.<\/p>\n<p style=\"text-align: justify;\">Segundo o presidente da Associa\u00e7\u00e3o Brasileira de Prote\u00edna Animal (ABPA), Ricardo Santin, as raz\u00f5es para o aumento da carne bovina diferem dos motivos para as outras prote\u00ednas. Enquanto os produtores de gado tiveram redu\u00e7\u00e3o na produ\u00e7\u00e3o e maior exporta\u00e7\u00e3o, a culpa pelo pre\u00e7o maior do frango, do porco e dos ovos recai sobre os insumos para a cria\u00e7\u00e3o dos animais.<\/p>\n<p style=\"text-align: justify;\">De acordo com dados da Embrapa, os custos de produ\u00e7\u00e3o em geral subiram 52,30%, para o frango, e 47,53%, para os su\u00ednos, nos \u00faltimos 12 meses. Mat\u00e9rias-primas para a ra\u00e7\u00e3o, o milho teve alta de pre\u00e7os de 68,8% em 2020, enquanto a soja ficou 79,4% mais cara no atacado. As proje\u00e7\u00f5es para 2021 s\u00e3o de aumento de 39,8%, para o milho, e de 7,2%, para a soja.<\/p>\n<p style=\"text-align: justify;\">Os produtores alegam que a \u00fanica sa\u00edda \u00e9 o repasse dos custos para os pre\u00e7os ao longo da cadeia, at\u00e9 chegar \u00e0s g\u00f4ndolas dos supermercados. Santin explica que, at\u00e9 agora, os frangos comercializados na ponta foram criados, por exemplo, com o milho vendido a R$ 50 a saca \u2013 valor que disparou para R$ 90 nos \u00faltimos meses.<\/p>\n<p style=\"text-align: justify;\">\u201cH\u00e1 um prazo de produ\u00e7\u00e3o at\u00e9 chegar \u00e0s prateleiras, agora que est\u00e3o come\u00e7ando a chegar os frangos que est\u00e3o comendo o milho mais caro. As empresas ter\u00e3o de repassar o pre\u00e7o ou, ent\u00e3o, quebram\u201d, completou.<\/p>\n<p style=\"text-align: justify;\">De acordo com o vice-presidente da Associa\u00e7\u00e3o Brasileira de Supermercados (Abras), M\u00e1rcio Milan, em junho de 2020 as fam\u00edlias gastavam em m\u00e9dia R$ 36,62 por m\u00eas com o consumo de frango. Com o aumento do pre\u00e7o do produto e a substitui\u00e7\u00e3o da carne bovina, o gasto passou para R$ 43,95 no m\u00eas passado.<\/p>\n<p style=\"text-align: justify;\">\u201cH\u00e1 uma tend\u00eancia de alta daqui para frente, mas esse aumento para chegar \u00e0 ponta vai depender dos n\u00edveis de estoque de cada empresa. Os supermercados v\u00e3o negociar exaustivamente os pre\u00e7os. Quando n\u00e3o conseguirem negociar mais, v\u00e3o repassar para o consumidor\u201d, afirma.<\/p>\n<p style=\"text-align: justify;\">Substitui\u00e7\u00e3o. Com o or\u00e7amento pressionado pela alta de pre\u00e7os dos alimentos, combust\u00edveis e energia el\u00e9trica, entre outros itens, muitos brasileiros t\u00eam alterado a lista de compras. O pesquisador Thiago Bernardino de Carvalho, do Centro de Estudos Avan\u00e7ados em Economia Aplicada (Cepea), da Universidade de S\u00e3o Paulo (USP), afirma que os cortes bovinos, mais caros, s\u00e3o trocados pela carne su\u00edna e pelo frango. No fim da cadeia de trocas, est\u00e1 o ovo de galinha. \u201cO ovo \u00e9 o destaque, porque \u00e9 mais barato, s\u00f3 que a demanda est\u00e1 mais aquecida, e o custo de produ\u00e7\u00e3o tamb\u00e9m subiu\u201d, completa.<\/p>\n<p style=\"text-align: justify;\">Milan, da Abras, aconselha que os consumidores reforcem as pesquisas de pre\u00e7o e fa\u00e7am substitui\u00e7\u00f5es, quando for poss\u00edvel. \u201cAl\u00e9m disso, recomendamos comprar a quantidade necess\u00e1ria, n\u00e3o fazer estoque, porque, se todo mundo sair comprando, aumenta a demanda, e o pre\u00e7o sobe ainda mais.\u201d<\/p>\n<p style=\"text-align: justify;\"><strong>Ciclo de aumentos vai at\u00e9 pelo menos 2022<\/strong><\/p>\n<p style=\"text-align: justify;\">Com a alta nos custos de produ\u00e7\u00e3o e a demanda aquecida, os pre\u00e7os das prote\u00ednas nos supermercados v\u00e3o continuar a subir pelo menos at\u00e9 2022, segundo levantamento feito pela consultoria econ\u00f4mica LCA.<\/p>\n<p style=\"text-align: justify;\">No caso da carne bovina, por exemplo, ap\u00f3s ter avan\u00e7ado 16,2% em 2020, o pre\u00e7o deve subir em m\u00e9dia 17,6% no acumulado deste ano, conforme a LCA, e cair 3% em 2022. \u201cEsses pre\u00e7os chegaram a um n\u00edvel muito alto\u201d, avalia o economista da LCA F\u00e1bio Rom\u00e3o. \u201cHaja or\u00e7amento para ir ao supermercado.\u201d<\/p>\n<p style=\"text-align: justify;\">Thiago Bernardino de Carvalho, do Cepea, tamb\u00e9m espera por pre\u00e7os mais elevados para as carnes bovina, su\u00edna e de frango at\u00e9 o fim de 2021.<\/p>\n<p style=\"text-align: justify;\">No caso da bovina, um dos motivos \u00e9 que a China tem elevado seu volume de importa\u00e7\u00f5es no segundo semestre do ano. A carne su\u00edna tamb\u00e9m depende do apetite do gigante asi\u00e1tico. J\u00e1 o frango, al\u00e9m da press\u00e3o de custo, enfrenta uma maior demanda interna por parte das fam\u00edlias, por ser uma carne mais barata.<\/p>\n<div class=\"jornalista perfil\" style=\"text-align: justify;\"><strong><span class=\"estadao-conteudo\">Por\u00a0Estad\u00e3o Conte\u00fado<\/span><\/strong><\/div>\n","protected":false},"excerpt":{"rendered":"<p>Com a renda comprimida e o desemprego em alta, ter carne vermelha no prato pesar\u00e1 cada vez mais no bolso dos brasileiros. E o cen\u00e1rio n\u00e3o ser\u00e1 diferente se a alternativa escolhida for o frango, os ovos ou a carne de porco. Especialistas projetam que a infla\u00e7\u00e3o para as prote\u00ednas vai superar a marca de &hellip;<\/p>\n","protected":false},"author":2,"featured_media":66781,"comment_status":"open","ping_status":"open","sticky":false,"template":"","format":"standard","meta":{"content-type":"","rop_custom_images_group":[],"rop_custom_messages_group":[],"rop_publish_now":"initial","rop_publish_now_accounts":{"facebook_2648258775420054_1618374048415101":""},"rop_publish_now_history":[],"rop_publish_now_status":"pending","footnotes":"","_jetpack_memberships_contains_paid_content":false},"categories":[414],"tags":[11797,3878,2837],"yoast_head":"<!-- This site is optimized with the Yoast SEO plugin v22.3 - https:\/\/yoast.com\/wordpress\/plugins\/seo\/ -->\n<title>Pre\u00e7os de carne e ovos v\u00e3o bater de novo infla\u00e7\u00e3o em 2021 no Brasil<\/title>\n<meta name=\"robots\" content=\"index, follow, max-snippet:-1, max-image-preview:large, max-video-preview:-1\" \/>\n<link rel=\"canonical\" href=\"https:\/\/portalnpm.com\/index.php\/2021\/07\/16\/precos-de-carne-e-ovos-vao-bater-de-novo-inflacao-em-2021-no-brasil\/\" \/>\n<meta property=\"og:locale\" content=\"pt_BR\" \/>\n<meta property=\"og:type\" content=\"article\" \/>\n<meta property=\"og:title\" content=\"Pre\u00e7os de carne e ovos v\u00e3o bater de novo infla\u00e7\u00e3o em 2021 no Brasil\" \/>\n<meta property=\"og:description\" content=\"Com a renda comprimida e o desemprego em alta, ter carne vermelha no prato pesar\u00e1 cada vez mais no bolso dos brasileiros. E o cen\u00e1rio n\u00e3o ser\u00e1 diferente se a alternativa escolhida for o frango, os ovos ou a carne de porco. Especialistas projetam que a infla\u00e7\u00e3o para as prote\u00ednas vai superar a marca de &hellip;\" \/>\n<meta property=\"og:url\" content=\"https:\/\/portalnpm.com\/index.php\/2021\/07\/16\/precos-de-carne-e-ovos-vao-bater-de-novo-inflacao-em-2021-no-brasil\/\" \/>\n<meta property=\"og:site_name\" content=\"Portal NPM\" \/>\n<meta property=\"article:published_time\" content=\"2021-07-16T15:23:11+00:00\" \/>\n<meta property=\"og:image\" content=\"https:\/\/portalnpm.com\/wp-content\/uploads\/2024\/01\/mistura_6a251e5b.jpg\" \/>\n\t<meta property=\"og:image:width\" content=\"640\" \/>\n\t<meta property=\"og:image:height\" content=\"407\" \/>\n\t<meta property=\"og:image:type\" content=\"image\/jpeg\" \/>\n<meta name=\"author\" content=\"Genival Barbosa\" \/>\n<meta name=\"twitter:card\" content=\"summary_large_image\" \/>\n<meta name=\"twitter:label1\" content=\"Escrito por\" \/>\n\t<meta name=\"twitter:data1\" content=\"Genival Barbosa\" \/>\n\t<meta name=\"twitter:label2\" content=\"Est. tempo de leitura\" \/>\n\t<meta name=\"twitter:data2\" content=\"4 minutos\" \/>\n<script type=\"application\/ld+json\" class=\"yoast-schema-graph\">{\"@context\":\"https:\/\/schema.org\",\"@graph\":[{\"@type\":\"WebPage\",\"@id\":\"https:\/\/portalnpm.com\/index.php\/2021\/07\/16\/precos-de-carne-e-ovos-vao-bater-de-novo-inflacao-em-2021-no-brasil\/\",\"url\":\"https:\/\/portalnpm.com\/index.php\/2021\/07\/16\/precos-de-carne-e-ovos-vao-bater-de-novo-inflacao-em-2021-no-brasil\/\",\"name\":\"Pre\u00e7os de carne e ovos v\u00e3o bater de novo infla\u00e7\u00e3o em 2021 no Brasil\",\"isPartOf\":{\"@id\":\"https:\/\/portalnpm.com\/#website\"},\"primaryImageOfPage\":{\"@id\":\"https:\/\/portalnpm.com\/index.php\/2021\/07\/16\/precos-de-carne-e-ovos-vao-bater-de-novo-inflacao-em-2021-no-brasil\/#primaryimage\"},\"image\":{\"@id\":\"https:\/\/portalnpm.com\/index.php\/2021\/07\/16\/precos-de-carne-e-ovos-vao-bater-de-novo-inflacao-em-2021-no-brasil\/#primaryimage\"},\"thumbnailUrl\":\"https:\/\/portalnpm.com\/wp-content\/uploads\/2024\/01\/mistura_6a251e5b.jpg\",\"datePublished\":\"2021-07-16T15:23:11+00:00\",\"dateModified\":\"2021-07-16T15:23:11+00:00\",\"author\":{\"@id\":\"https:\/\/portalnpm.com\/#\/schema\/person\/49313e563cfdefcc167f1ee4c017c294\"},\"breadcrumb\":{\"@id\":\"https:\/\/portalnpm.com\/index.php\/2021\/07\/16\/precos-de-carne-e-ovos-vao-bater-de-novo-inflacao-em-2021-no-brasil\/#breadcrumb\"},\"inLanguage\":\"pt-BR\",\"potentialAction\":[{\"@type\":\"ReadAction\",\"target\":[\"https:\/\/portalnpm.com\/index.php\/2021\/07\/16\/precos-de-carne-e-ovos-vao-bater-de-novo-inflacao-em-2021-no-brasil\/\"]}]},{\"@type\":\"ImageObject\",\"inLanguage\":\"pt-BR\",\"@id\":\"https:\/\/portalnpm.com\/index.php\/2021\/07\/16\/precos-de-carne-e-ovos-vao-bater-de-novo-inflacao-em-2021-no-brasil\/#primaryimage\",\"url\":\"https:\/\/portalnpm.com\/wp-content\/uploads\/2024\/01\/mistura_6a251e5b.jpg\",\"contentUrl\":\"https:\/\/portalnpm.com\/wp-content\/uploads\/2024\/01\/mistura_6a251e5b.jpg\",\"width\":640,\"height\":407},{\"@type\":\"BreadcrumbList\",\"@id\":\"https:\/\/portalnpm.com\/index.php\/2021\/07\/16\/precos-de-carne-e-ovos-vao-bater-de-novo-inflacao-em-2021-no-brasil\/#breadcrumb\",\"itemListElement\":[{\"@type\":\"ListItem\",\"position\":1,\"name\":\"In\u00edcio\",\"item\":\"https:\/\/portalnpm.com\/\"},{\"@type\":\"ListItem\",\"position\":2,\"name\":\"Pre\u00e7os de carne e ovos v\u00e3o bater de novo infla\u00e7\u00e3o em 2021 no Brasil\"}]},{\"@type\":\"WebSite\",\"@id\":\"https:\/\/portalnpm.com\/#website\",\"url\":\"https:\/\/portalnpm.com\/\",\"name\":\"Portal NPM\",\"description\":\"Not\u00edcias em Primeira M\u00e3o\",\"potentialAction\":[{\"@type\":\"SearchAction\",\"target\":{\"@type\":\"EntryPoint\",\"urlTemplate\":\"https:\/\/portalnpm.com\/?s={search_term_string}\"},\"query-input\":\"required name=search_term_string\"}],\"inLanguage\":\"pt-BR\"},{\"@type\":\"Person\",\"@id\":\"https:\/\/portalnpm.com\/#\/schema\/person\/49313e563cfdefcc167f1ee4c017c294\",\"name\":\"Genival Barbosa\",\"image\":{\"@type\":\"ImageObject\",\"inLanguage\":\"pt-BR\",\"@id\":\"https:\/\/portalnpm.com\/#\/schema\/person\/image\/\",\"url\":\"https:\/\/portalnpm.com\/wp-content\/uploads\/2024\/02\/avatar_user_2_1707743258-96x96.jpeg\",\"contentUrl\":\"https:\/\/portalnpm.com\/wp-content\/uploads\/2024\/02\/avatar_user_2_1707743258-96x96.jpeg\",\"caption\":\"Genival Barbosa\"},\"url\":\"https:\/\/portalnpm.com\/index.php\/author\/genival\/\"}]}<\/script>\n<!-- \/ Yoast SEO plugin. -->","yoast_head_json":{"title":"Pre\u00e7os de carne e ovos v\u00e3o bater de novo infla\u00e7\u00e3o em 2021 no Brasil","robots":{"index":"index","follow":"follow","max-snippet":"max-snippet:-1","max-image-preview":"max-image-preview:large","max-video-preview":"max-video-preview:-1"},"canonical":"https:\/\/portalnpm.com\/index.php\/2021\/07\/16\/precos-de-carne-e-ovos-vao-bater-de-novo-inflacao-em-2021-no-brasil\/","og_locale":"pt_BR","og_type":"article","og_title":"Pre\u00e7os de carne e ovos v\u00e3o bater de novo infla\u00e7\u00e3o em 2021 no Brasil","og_description":"Com a renda comprimida e o desemprego em alta, ter carne vermelha no prato pesar\u00e1 cada vez mais no bolso dos brasileiros. E o cen\u00e1rio n\u00e3o ser\u00e1 diferente se a alternativa escolhida for o frango, os ovos ou a carne de porco. Especialistas projetam que a infla\u00e7\u00e3o para as prote\u00ednas vai superar a marca de &hellip;","og_url":"https:\/\/portalnpm.com\/index.php\/2021\/07\/16\/precos-de-carne-e-ovos-vao-bater-de-novo-inflacao-em-2021-no-brasil\/","og_site_name":"Portal NPM","article_published_time":"2021-07-16T15:23:11+00:00","og_image":[{"width":640,"height":407,"url":"https:\/\/portalnpm.com\/wp-content\/uploads\/2024\/01\/mistura_6a251e5b.jpg","type":"image\/jpeg"}],"author":"Genival Barbosa","twitter_card":"summary_large_image","twitter_misc":{"Escrito por":"Genival Barbosa","Est. tempo de leitura":"4 minutos"},"schema":{"@context":"https:\/\/schema.org","@graph":[{"@type":"WebPage","@id":"https:\/\/portalnpm.com\/index.php\/2021\/07\/16\/precos-de-carne-e-ovos-vao-bater-de-novo-inflacao-em-2021-no-brasil\/","url":"https:\/\/portalnpm.com\/index.php\/2021\/07\/16\/precos-de-carne-e-ovos-vao-bater-de-novo-inflacao-em-2021-no-brasil\/","name":"Pre\u00e7os de carne e ovos v\u00e3o bater de novo infla\u00e7\u00e3o em 2021 no Brasil","isPartOf":{"@id":"https:\/\/portalnpm.com\/#website"},"primaryImageOfPage":{"@id":"https:\/\/portalnpm.com\/index.php\/2021\/07\/16\/precos-de-carne-e-ovos-vao-bater-de-novo-inflacao-em-2021-no-brasil\/#primaryimage"},"image":{"@id":"https:\/\/portalnpm.com\/index.php\/2021\/07\/16\/precos-de-carne-e-ovos-vao-bater-de-novo-inflacao-em-2021-no-brasil\/#primaryimage"},"thumbnailUrl":"https:\/\/portalnpm.com\/wp-content\/uploads\/2024\/01\/mistura_6a251e5b.jpg","datePublished":"2021-07-16T15:23:11+00:00","dateModified":"2021-07-16T15:23:11+00:00","author":{"@id":"https:\/\/portalnpm.com\/#\/schema\/person\/49313e563cfdefcc167f1ee4c017c294"},"breadcrumb":{"@id":"https:\/\/portalnpm.com\/index.php\/2021\/07\/16\/precos-de-carne-e-ovos-vao-bater-de-novo-inflacao-em-2021-no-brasil\/#breadcrumb"},"inLanguage":"pt-BR","potentialAction":[{"@type":"ReadAction","target":["https:\/\/portalnpm.com\/index.php\/2021\/07\/16\/precos-de-carne-e-ovos-vao-bater-de-novo-inflacao-em-2021-no-brasil\/"]}]},{"@type":"ImageObject","inLanguage":"pt-BR","@id":"https:\/\/portalnpm.com\/index.php\/2021\/07\/16\/precos-de-carne-e-ovos-vao-bater-de-novo-inflacao-em-2021-no-brasil\/#primaryimage","url":"https:\/\/portalnpm.com\/wp-content\/uploads\/2024\/01\/mistura_6a251e5b.jpg","contentUrl":"https:\/\/portalnpm.com\/wp-content\/uploads\/2024\/01\/mistura_6a251e5b.jpg","width":640,"height":407},{"@type":"BreadcrumbList","@id":"https:\/\/portalnpm.com\/index.php\/2021\/07\/16\/precos-de-carne-e-ovos-vao-bater-de-novo-inflacao-em-2021-no-brasil\/#breadcrumb","itemListElement":[{"@type":"ListItem","position":1,"name":"In\u00edcio","item":"https:\/\/portalnpm.com\/"},{"@type":"ListItem","position":2,"name":"Pre\u00e7os de carne e ovos v\u00e3o bater de novo infla\u00e7\u00e3o em 2021 no Brasil"}]},{"@type":"WebSite","@id":"https:\/\/portalnpm.com\/#website","url":"https:\/\/portalnpm.com\/","name":"Portal NPM","description":"Not\u00edcias em Primeira M\u00e3o","potentialAction":[{"@type":"SearchAction","target":{"@type":"EntryPoint","urlTemplate":"https:\/\/portalnpm.com\/?s={search_term_string}"},"query-input":"required name=search_term_string"}],"inLanguage":"pt-BR"},{"@type":"Person","@id":"https:\/\/portalnpm.com\/#\/schema\/person\/49313e563cfdefcc167f1ee4c017c294","name":"Genival Barbosa","image":{"@type":"ImageObject","inLanguage":"pt-BR","@id":"https:\/\/portalnpm.com\/#\/schema\/person\/image\/","url":"https:\/\/portalnpm.com\/wp-content\/uploads\/2024\/02\/avatar_user_2_1707743258-96x96.jpeg","contentUrl":"https:\/\/portalnpm.com\/wp-content\/uploads\/2024\/02\/avatar_user_2_1707743258-96x96.jpeg","caption":"Genival Barbosa"},"url":"https:\/\/portalnpm.com\/index.php\/author\/genival\/"}]}},"jetpack_sharing_enabled":true,"jetpack_featured_media_url":"https:\/\/portalnpm.com\/wp-content\/uploads\/2024\/01\/mistura_6a251e5b.jpg","_links":{"self":[{"href":"https:\/\/portalnpm.com\/index.php\/wp-json\/wp\/v2\/posts\/66780"}],"collection":[{"href":"https:\/\/portalnpm.com\/index.php\/wp-json\/wp\/v2\/posts"}],"about":[{"href":"https:\/\/portalnpm.com\/index.php\/wp-json\/wp\/v2\/types\/post"}],"author":[{"embeddable":true,"href":"https:\/\/portalnpm.com\/index.php\/wp-json\/wp\/v2\/users\/2"}],"replies":[{"embeddable":true,"href":"https:\/\/portalnpm.com\/index.php\/wp-json\/wp\/v2\/comments?post=66780"}],"version-history":[{"count":0,"href":"https:\/\/portalnpm.com\/index.php\/wp-json\/wp\/v2\/posts\/66780\/revisions"}],"wp:featuredmedia":[{"embeddable":true,"href":"https:\/\/portalnpm.com\/index.php\/wp-json\/wp\/v2\/media\/66781"}],"wp:attachment":[{"href":"https:\/\/portalnpm.com\/index.php\/wp-json\/wp\/v2\/media?parent=66780"}],"wp:term":[{"taxonomy":"category","embeddable":true,"href":"https:\/\/portalnpm.com\/index.php\/wp-json\/wp\/v2\/categories?post=66780"},{"taxonomy":"post_tag","embeddable":true,"href":"https:\/\/portalnpm.com\/index.php\/wp-json\/wp\/v2\/tags?post=66780"}],"curies":[{"name":"wp","href":"https:\/\/api.w.org\/{rel}","templated":true}]}}