{"id":66842,"date":"2021-07-17T21:24:57","date_gmt":"2021-07-18T00:24:57","guid":{"rendered":"https:\/\/portalnpm.com\/index.php\/2021\/07\/17\/internacoes-caem-e-piaui-tem-a-menor-taxa-de-ocupacao-em-uti-covid-de-2021\/"},"modified":"2021-07-17T21:24:57","modified_gmt":"2021-07-18T00:24:57","slug":"internacoes-caem-e-piaui-tem-a-menor-taxa-de-ocupacao-em-uti-covid-de-2021","status":"publish","type":"post","link":"https:\/\/portalnpm.com\/index.php\/2021\/07\/17\/internacoes-caem-e-piaui-tem-a-menor-taxa-de-ocupacao-em-uti-covid-de-2021\/","title":{"rendered":"Interna\u00e7\u00f5es caem e Piau\u00ed tem a menor taxa de ocupa\u00e7\u00e3o em UTI Covid de 2021"},"content":{"rendered":"<p style=\"text-align: justify;\">O superintendente da\u00a0 \u00a0Rede de M\u00e9dia e Alta Complexidade da Secretaria de Estado da Sa\u00fade, Alderico Tavares, confirmou ao\u00a0<em><strong>Cidadeverde.com<\/strong><\/em>\u00a0que o Piau\u00ed est\u00e1 com o\u00a0 menor n\u00edvel de ocupa\u00e7\u00e3o de leitos de UTI Covid-19 registrado neste ano.<\/p>\n<p style=\"text-align: justify;\">\n<p style=\"text-align: justify;\">\n<p style=\"text-align: justify;\">De acordo com o gestor, neste s\u00e1bado (17) , 50% das vagas de UTI Covid e 30% dos leitos cl\u00ednicos est\u00e3o ocupados no Estado. Segundo o superintendente, a redu\u00e7\u00e3o nas\u00a0 interna\u00e7\u00f5es \u00e9 resultado do cumprimentos de medidas de distanciamento social e tamb\u00e9m do avan\u00e7o da vacina\u00e7\u00e3o.<\/p>\n<p style=\"text-align: justify;\">Do total 339 leitos de UTI Covid no Piau\u00ed, 169 est\u00e3o ocupados. Em pico da pandemia, a ocupa\u00e7\u00e3o j\u00e1 foi mais de 100% e houve fila de espera em todos hospitais do Estado.<\/p>\n<p style=\"text-align: justify;\">\u201cEste \u00e9 uma das menores ocupa\u00e7\u00f5es desde o in\u00edcio da pandemia. \u00c9 resultado, al\u00e9m das medidas de higi\u00eanico sanit\u00e1rias impostas em decreto\u00a0 que visam diminuir a taxa de transmissibilidade e aglomera\u00e7\u00f5es, da vacina\u00e7\u00e3o\u201d, avalia.<\/p>\n<p style=\"text-align: justify;\">Devido \u00e0 redu\u00e7\u00e3o na ocupa\u00e7\u00e3o, o superintendente informou que a Sesapi ira dar in\u00edcio \u00e0 reorganiza\u00e7\u00e3o dos leitos.<\/p>\n<p style=\"text-align: justify;\">\u201cN\u00e3o vamos desativar leitos. Vamos reorganizar os leitos para outras patologias\u201d, adiantou.<\/p>\n<p style=\"text-align: justify;\">\n<p style=\"text-align: justify;\">Cidade Verde<\/p>\n","protected":false},"excerpt":{"rendered":"<p>O superintendente da\u00a0 \u00a0Rede de M\u00e9dia e Alta Complexidade da Secretaria de Estado da Sa\u00fade, Alderico Tavares, confirmou ao\u00a0Cidadeverde.com\u00a0que o Piau\u00ed est\u00e1 com o\u00a0 menor n\u00edvel de ocupa\u00e7\u00e3o de leitos de UTI Covid-19 registrado neste ano. De acordo com o gestor, neste s\u00e1bado (17) , 50% das vagas de UTI Covid e 30% dos leitos &hellip;<\/p>\n","protected":false},"author":2,"featured_media":66843,"comment_status":"open","ping_status":"open","sticky":false,"template":"","format":"standard","meta":{"content-type":"","rop_custom_images_group":[],"rop_custom_messages_group":[],"rop_publish_now":"initial","rop_publish_now_accounts":{"facebook_2648258775420054_1618374048415101":""},"rop_publish_now_history":[],"rop_publish_now_status":"pending","footnotes":"","_jetpack_memberships_contains_paid_content":false},"categories":[384],"tags":[11643,10429,187],"yoast_head":"<!-- This site is optimized with the Yoast SEO plugin v22.3 - https:\/\/yoast.com\/wordpress\/plugins\/seo\/ -->\n<title>Interna\u00e7\u00f5es caem e Piau\u00ed tem a menor taxa de ocupa\u00e7\u00e3o em UTI Covid de 2021<\/title>\n<meta name=\"robots\" content=\"index, follow, max-snippet:-1, max-image-preview:large, max-video-preview:-1\" \/>\n<link rel=\"canonical\" href=\"https:\/\/portalnpm.com\/index.php\/2021\/07\/17\/internacoes-caem-e-piaui-tem-a-menor-taxa-de-ocupacao-em-uti-covid-de-2021\/\" \/>\n<meta property=\"og:locale\" content=\"pt_BR\" \/>\n<meta property=\"og:type\" content=\"article\" \/>\n<meta property=\"og:title\" content=\"Interna\u00e7\u00f5es caem e Piau\u00ed tem a menor taxa de ocupa\u00e7\u00e3o em UTI Covid de 2021\" \/>\n<meta property=\"og:description\" content=\"O superintendente da\u00a0 \u00a0Rede de M\u00e9dia e Alta Complexidade da Secretaria de Estado da Sa\u00fade, Alderico Tavares, confirmou ao\u00a0Cidadeverde.com\u00a0que o Piau\u00ed est\u00e1 com o\u00a0 menor n\u00edvel de ocupa\u00e7\u00e3o de leitos de UTI Covid-19 registrado neste ano. De acordo com o gestor, neste s\u00e1bado (17) , 50% das vagas de UTI Covid e 30% dos leitos &hellip;\" \/>\n<meta property=\"og:url\" content=\"https:\/\/portalnpm.com\/index.php\/2021\/07\/17\/internacoes-caem-e-piaui-tem-a-menor-taxa-de-ocupacao-em-uti-covid-de-2021\/\" \/>\n<meta property=\"og:site_name\" content=\"Portal NPM\" \/>\n<meta property=\"article:published_time\" content=\"2021-07-18T00:24:57+00:00\" \/>\n<meta property=\"og:image\" content=\"https:\/\/portalnpm.com\/wp-content\/uploads\/2024\/01\/108f7d47618c661ab7e9ca7da050b057.jpg\" \/>\n\t<meta property=\"og:image:width\" content=\"800\" \/>\n\t<meta property=\"og:image:height\" content=\"533\" \/>\n\t<meta property=\"og:image:type\" content=\"image\/jpeg\" \/>\n<meta name=\"author\" content=\"Genival Barbosa\" \/>\n<meta name=\"twitter:card\" content=\"summary_large_image\" \/>\n<meta name=\"twitter:label1\" content=\"Escrito por\" \/>\n\t<meta name=\"twitter:data1\" content=\"Genival Barbosa\" \/>\n\t<meta name=\"twitter:label2\" content=\"Est. tempo de leitura\" \/>\n\t<meta name=\"twitter:data2\" content=\"1 minuto\" \/>\n<script type=\"application\/ld+json\" class=\"yoast-schema-graph\">{\"@context\":\"https:\/\/schema.org\",\"@graph\":[{\"@type\":\"WebPage\",\"@id\":\"https:\/\/portalnpm.com\/index.php\/2021\/07\/17\/internacoes-caem-e-piaui-tem-a-menor-taxa-de-ocupacao-em-uti-covid-de-2021\/\",\"url\":\"https:\/\/portalnpm.com\/index.php\/2021\/07\/17\/internacoes-caem-e-piaui-tem-a-menor-taxa-de-ocupacao-em-uti-covid-de-2021\/\",\"name\":\"Interna\u00e7\u00f5es caem e Piau\u00ed tem a menor taxa de ocupa\u00e7\u00e3o em UTI Covid de 2021\",\"isPartOf\":{\"@id\":\"https:\/\/portalnpm.com\/#website\"},\"primaryImageOfPage\":{\"@id\":\"https:\/\/portalnpm.com\/index.php\/2021\/07\/17\/internacoes-caem-e-piaui-tem-a-menor-taxa-de-ocupacao-em-uti-covid-de-2021\/#primaryimage\"},\"image\":{\"@id\":\"https:\/\/portalnpm.com\/index.php\/2021\/07\/17\/internacoes-caem-e-piaui-tem-a-menor-taxa-de-ocupacao-em-uti-covid-de-2021\/#primaryimage\"},\"thumbnailUrl\":\"https:\/\/portalnpm.com\/wp-content\/uploads\/2024\/01\/108f7d47618c661ab7e9ca7da050b057.jpg\",\"datePublished\":\"2021-07-18T00:24:57+00:00\",\"dateModified\":\"2021-07-18T00:24:57+00:00\",\"author\":{\"@id\":\"https:\/\/portalnpm.com\/#\/schema\/person\/49313e563cfdefcc167f1ee4c017c294\"},\"breadcrumb\":{\"@id\":\"https:\/\/portalnpm.com\/index.php\/2021\/07\/17\/internacoes-caem-e-piaui-tem-a-menor-taxa-de-ocupacao-em-uti-covid-de-2021\/#breadcrumb\"},\"inLanguage\":\"pt-BR\",\"potentialAction\":[{\"@type\":\"ReadAction\",\"target\":[\"https:\/\/portalnpm.com\/index.php\/2021\/07\/17\/internacoes-caem-e-piaui-tem-a-menor-taxa-de-ocupacao-em-uti-covid-de-2021\/\"]}]},{\"@type\":\"ImageObject\",\"inLanguage\":\"pt-BR\",\"@id\":\"https:\/\/portalnpm.com\/index.php\/2021\/07\/17\/internacoes-caem-e-piaui-tem-a-menor-taxa-de-ocupacao-em-uti-covid-de-2021\/#primaryimage\",\"url\":\"https:\/\/portalnpm.com\/wp-content\/uploads\/2024\/01\/108f7d47618c661ab7e9ca7da050b057.jpg\",\"contentUrl\":\"https:\/\/portalnpm.com\/wp-content\/uploads\/2024\/01\/108f7d47618c661ab7e9ca7da050b057.jpg\",\"width\":800,\"height\":533},{\"@type\":\"BreadcrumbList\",\"@id\":\"https:\/\/portalnpm.com\/index.php\/2021\/07\/17\/internacoes-caem-e-piaui-tem-a-menor-taxa-de-ocupacao-em-uti-covid-de-2021\/#breadcrumb\",\"itemListElement\":[{\"@type\":\"ListItem\",\"position\":1,\"name\":\"In\u00edcio\",\"item\":\"https:\/\/portalnpm.com\/\"},{\"@type\":\"ListItem\",\"position\":2,\"name\":\"Interna\u00e7\u00f5es caem e Piau\u00ed tem a menor taxa de ocupa\u00e7\u00e3o em UTI Covid de 2021\"}]},{\"@type\":\"WebSite\",\"@id\":\"https:\/\/portalnpm.com\/#website\",\"url\":\"https:\/\/portalnpm.com\/\",\"name\":\"Portal NPM\",\"description\":\"Not\u00edcias em Primeira M\u00e3o\",\"potentialAction\":[{\"@type\":\"SearchAction\",\"target\":{\"@type\":\"EntryPoint\",\"urlTemplate\":\"https:\/\/portalnpm.com\/?s={search_term_string}\"},\"query-input\":\"required name=search_term_string\"}],\"inLanguage\":\"pt-BR\"},{\"@type\":\"Person\",\"@id\":\"https:\/\/portalnpm.com\/#\/schema\/person\/49313e563cfdefcc167f1ee4c017c294\",\"name\":\"Genival Barbosa\",\"image\":{\"@type\":\"ImageObject\",\"inLanguage\":\"pt-BR\",\"@id\":\"https:\/\/portalnpm.com\/#\/schema\/person\/image\/\",\"url\":\"https:\/\/portalnpm.com\/wp-content\/uploads\/2024\/02\/avatar_user_2_1707743258-96x96.jpeg\",\"contentUrl\":\"https:\/\/portalnpm.com\/wp-content\/uploads\/2024\/02\/avatar_user_2_1707743258-96x96.jpeg\",\"caption\":\"Genival Barbosa\"},\"url\":\"https:\/\/portalnpm.com\/index.php\/author\/genival\/\"}]}<\/script>\n<!-- \/ Yoast SEO plugin. -->","yoast_head_json":{"title":"Interna\u00e7\u00f5es caem e Piau\u00ed tem a menor taxa de ocupa\u00e7\u00e3o em UTI Covid de 2021","robots":{"index":"index","follow":"follow","max-snippet":"max-snippet:-1","max-image-preview":"max-image-preview:large","max-video-preview":"max-video-preview:-1"},"canonical":"https:\/\/portalnpm.com\/index.php\/2021\/07\/17\/internacoes-caem-e-piaui-tem-a-menor-taxa-de-ocupacao-em-uti-covid-de-2021\/","og_locale":"pt_BR","og_type":"article","og_title":"Interna\u00e7\u00f5es caem e Piau\u00ed tem a menor taxa de ocupa\u00e7\u00e3o em UTI Covid de 2021","og_description":"O superintendente da\u00a0 \u00a0Rede de M\u00e9dia e Alta Complexidade da Secretaria de Estado da Sa\u00fade, Alderico Tavares, confirmou ao\u00a0Cidadeverde.com\u00a0que o Piau\u00ed est\u00e1 com o\u00a0 menor n\u00edvel de ocupa\u00e7\u00e3o de leitos de UTI Covid-19 registrado neste ano. De acordo com o gestor, neste s\u00e1bado (17) , 50% das vagas de UTI Covid e 30% dos leitos &hellip;","og_url":"https:\/\/portalnpm.com\/index.php\/2021\/07\/17\/internacoes-caem-e-piaui-tem-a-menor-taxa-de-ocupacao-em-uti-covid-de-2021\/","og_site_name":"Portal NPM","article_published_time":"2021-07-18T00:24:57+00:00","og_image":[{"width":800,"height":533,"url":"https:\/\/portalnpm.com\/wp-content\/uploads\/2024\/01\/108f7d47618c661ab7e9ca7da050b057.jpg","type":"image\/jpeg"}],"author":"Genival Barbosa","twitter_card":"summary_large_image","twitter_misc":{"Escrito por":"Genival Barbosa","Est. tempo de leitura":"1 minuto"},"schema":{"@context":"https:\/\/schema.org","@graph":[{"@type":"WebPage","@id":"https:\/\/portalnpm.com\/index.php\/2021\/07\/17\/internacoes-caem-e-piaui-tem-a-menor-taxa-de-ocupacao-em-uti-covid-de-2021\/","url":"https:\/\/portalnpm.com\/index.php\/2021\/07\/17\/internacoes-caem-e-piaui-tem-a-menor-taxa-de-ocupacao-em-uti-covid-de-2021\/","name":"Interna\u00e7\u00f5es caem e Piau\u00ed tem a menor taxa de ocupa\u00e7\u00e3o em UTI Covid de 2021","isPartOf":{"@id":"https:\/\/portalnpm.com\/#website"},"primaryImageOfPage":{"@id":"https:\/\/portalnpm.com\/index.php\/2021\/07\/17\/internacoes-caem-e-piaui-tem-a-menor-taxa-de-ocupacao-em-uti-covid-de-2021\/#primaryimage"},"image":{"@id":"https:\/\/portalnpm.com\/index.php\/2021\/07\/17\/internacoes-caem-e-piaui-tem-a-menor-taxa-de-ocupacao-em-uti-covid-de-2021\/#primaryimage"},"thumbnailUrl":"https:\/\/portalnpm.com\/wp-content\/uploads\/2024\/01\/108f7d47618c661ab7e9ca7da050b057.jpg","datePublished":"2021-07-18T00:24:57+00:00","dateModified":"2021-07-18T00:24:57+00:00","author":{"@id":"https:\/\/portalnpm.com\/#\/schema\/person\/49313e563cfdefcc167f1ee4c017c294"},"breadcrumb":{"@id":"https:\/\/portalnpm.com\/index.php\/2021\/07\/17\/internacoes-caem-e-piaui-tem-a-menor-taxa-de-ocupacao-em-uti-covid-de-2021\/#breadcrumb"},"inLanguage":"pt-BR","potentialAction":[{"@type":"ReadAction","target":["https:\/\/portalnpm.com\/index.php\/2021\/07\/17\/internacoes-caem-e-piaui-tem-a-menor-taxa-de-ocupacao-em-uti-covid-de-2021\/"]}]},{"@type":"ImageObject","inLanguage":"pt-BR","@id":"https:\/\/portalnpm.com\/index.php\/2021\/07\/17\/internacoes-caem-e-piaui-tem-a-menor-taxa-de-ocupacao-em-uti-covid-de-2021\/#primaryimage","url":"https:\/\/portalnpm.com\/wp-content\/uploads\/2024\/01\/108f7d47618c661ab7e9ca7da050b057.jpg","contentUrl":"https:\/\/portalnpm.com\/wp-content\/uploads\/2024\/01\/108f7d47618c661ab7e9ca7da050b057.jpg","width":800,"height":533},{"@type":"BreadcrumbList","@id":"https:\/\/portalnpm.com\/index.php\/2021\/07\/17\/internacoes-caem-e-piaui-tem-a-menor-taxa-de-ocupacao-em-uti-covid-de-2021\/#breadcrumb","itemListElement":[{"@type":"ListItem","position":1,"name":"In\u00edcio","item":"https:\/\/portalnpm.com\/"},{"@type":"ListItem","position":2,"name":"Interna\u00e7\u00f5es caem e Piau\u00ed tem a menor taxa de ocupa\u00e7\u00e3o em UTI Covid de 2021"}]},{"@type":"WebSite","@id":"https:\/\/portalnpm.com\/#website","url":"https:\/\/portalnpm.com\/","name":"Portal NPM","description":"Not\u00edcias em Primeira M\u00e3o","potentialAction":[{"@type":"SearchAction","target":{"@type":"EntryPoint","urlTemplate":"https:\/\/portalnpm.com\/?s={search_term_string}"},"query-input":"required name=search_term_string"}],"inLanguage":"pt-BR"},{"@type":"Person","@id":"https:\/\/portalnpm.com\/#\/schema\/person\/49313e563cfdefcc167f1ee4c017c294","name":"Genival Barbosa","image":{"@type":"ImageObject","inLanguage":"pt-BR","@id":"https:\/\/portalnpm.com\/#\/schema\/person\/image\/","url":"https:\/\/portalnpm.com\/wp-content\/uploads\/2024\/02\/avatar_user_2_1707743258-96x96.jpeg","contentUrl":"https:\/\/portalnpm.com\/wp-content\/uploads\/2024\/02\/avatar_user_2_1707743258-96x96.jpeg","caption":"Genival Barbosa"},"url":"https:\/\/portalnpm.com\/index.php\/author\/genival\/"}]}},"jetpack_sharing_enabled":true,"jetpack_featured_media_url":"https:\/\/portalnpm.com\/wp-content\/uploads\/2024\/01\/108f7d47618c661ab7e9ca7da050b057.jpg","_links":{"self":[{"href":"https:\/\/portalnpm.com\/index.php\/wp-json\/wp\/v2\/posts\/66842"}],"collection":[{"href":"https:\/\/portalnpm.com\/index.php\/wp-json\/wp\/v2\/posts"}],"about":[{"href":"https:\/\/portalnpm.com\/index.php\/wp-json\/wp\/v2\/types\/post"}],"author":[{"embeddable":true,"href":"https:\/\/portalnpm.com\/index.php\/wp-json\/wp\/v2\/users\/2"}],"replies":[{"embeddable":true,"href":"https:\/\/portalnpm.com\/index.php\/wp-json\/wp\/v2\/comments?post=66842"}],"version-history":[{"count":0,"href":"https:\/\/portalnpm.com\/index.php\/wp-json\/wp\/v2\/posts\/66842\/revisions"}],"wp:featuredmedia":[{"embeddable":true,"href":"https:\/\/portalnpm.com\/index.php\/wp-json\/wp\/v2\/media\/66843"}],"wp:attachment":[{"href":"https:\/\/portalnpm.com\/index.php\/wp-json\/wp\/v2\/media?parent=66842"}],"wp:term":[{"taxonomy":"category","embeddable":true,"href":"https:\/\/portalnpm.com\/index.php\/wp-json\/wp\/v2\/categories?post=66842"},{"taxonomy":"post_tag","embeddable":true,"href":"https:\/\/portalnpm.com\/index.php\/wp-json\/wp\/v2\/tags?post=66842"}],"curies":[{"name":"wp","href":"https:\/\/api.w.org\/{rel}","templated":true}]}}