{"id":66936,"date":"2021-07-18T11:38:52","date_gmt":"2021-07-18T14:38:52","guid":{"rendered":"https:\/\/portalnpm.com\/index.php\/2021\/07\/18\/colisao-entre-motos-deixa-um-morto-e-tres-feridos-no-litoral-do-piaui\/"},"modified":"2024-01-15T23:43:27","modified_gmt":"2024-01-16T02:43:27","slug":"colisao-entre-motos-deixa-um-morto-e-tres-feridos-no-litoral-do-piaui","status":"publish","type":"post","link":"https:\/\/portalnpm.com\/index.php\/2021\/07\/18\/colisao-entre-motos-deixa-um-morto-e-tres-feridos-no-litoral-do-piaui\/","title":{"rendered":"Colis\u00e3o entre motos deixa um morto e tr\u00eas feridos no litoral do Piau\u00ed"},"content":{"rendered":"<p><p style=\"text-align: justify;\">Um acidente entre duas motocicletas deixou uma pessoa morta e outras tr&ecirc;s feridas, na rodovia PI-116, (estrada da Pedra do Sal) em Parna&iacute;ba, o acidente foi registrado na madrugada deste domingo (18\/07). As informa&ccedil;&otilde;es s&atilde;o do&nbsp;<a href=\"https:\/\/clickparnaiba.blogspot.com\/\" target=\"_blank\" rel=\"noopener\"><strong>Click Parna&iacute;ba<\/strong><\/a>.<\/p>\n<div class=\"media js-img\" style=\"text-align: justify;\" contenteditable=\"false\">\n<figure><a class=\"imageRevael no-barba\" href=\"https:\/\/storage.stwonline.com.br\/180graus\/uploads\/ckeditor\/pictures\/2467835\/218679046-236211638174012-285847761385224527-n.jpg\" data-modaal-desc=\"\" data-modaal-scope=\"modaal_16266190585595058c323386a\"><img decoding=\"async\" src=\"https:\/\/portalnpm.com\/wp-content\/uploads\/2024\/01\/218679046-236211638174012-285847761385224527-n.jpg\" alt=\"\"><\/a><\/figure>\n<\/div>\n<p style=\"text-align: justify;\">Um homem identificado como Joaquim Alves dos Santos, 36 anos, que estava na motocicleta Honda Pop morreu no local, enquanto as outras tr&ecirc;s v&iacute;timas foram encaminhadas para o hospital Dirceu Arcoverde, uma em estado grave.<\/p><\/p>\n","protected":false},"excerpt":{"rendered":"<p>Um acidente entre duas motocicletas deixou uma pessoa morta e outras tr&ecirc;s feridas, na rodovia PI-116, (estrada da Pedra do Sal) em Parna&iacute;ba, o acidente foi registrado na madrugada deste domingo (18\/07). As informa&ccedil;&otilde;es s&atilde;o do&nbsp;Click Parna&iacute;ba. Um homem identificado como Joaquim Alves dos Santos, 36 anos, que estava na motocicleta Honda Pop morreu no &hellip;<\/p>\n","protected":false},"author":2,"featured_media":66937,"comment_status":"open","ping_status":"open","sticky":false,"template":"","format":"standard","meta":{"content-type":"","rop_custom_images_group":[],"rop_custom_messages_group":[],"rop_publish_now":"initial","rop_publish_now_accounts":{"facebook_2648258775420054_1618374048415101":""},"rop_publish_now_history":[],"rop_publish_now_status":"pending","footnotes":"","_jetpack_memberships_contains_paid_content":false},"categories":[125],"tags":[1370,894,11840,1115],"yoast_head":"<!-- This site is optimized with the Yoast SEO plugin v22.3 - https:\/\/yoast.com\/wordpress\/plugins\/seo\/ -->\n<title>Colis\u00e3o entre motos deixa um morto e tr\u00eas feridos no litoral do Piau\u00ed<\/title>\n<meta name=\"robots\" content=\"index, follow, max-snippet:-1, max-image-preview:large, max-video-preview:-1\" \/>\n<link rel=\"canonical\" href=\"https:\/\/portalnpm.com\/index.php\/2021\/07\/18\/colisao-entre-motos-deixa-um-morto-e-tres-feridos-no-litoral-do-piaui\/\" \/>\n<meta property=\"og:locale\" content=\"pt_BR\" \/>\n<meta property=\"og:type\" content=\"article\" \/>\n<meta property=\"og:title\" content=\"Colis\u00e3o entre motos deixa um morto e tr\u00eas feridos no litoral do Piau\u00ed\" \/>\n<meta property=\"og:description\" content=\"Um acidente entre duas motocicletas deixou uma pessoa morta e outras tr&ecirc;s feridas, na rodovia PI-116, (estrada da Pedra do Sal) em Parna&iacute;ba, o acidente foi registrado na madrugada deste domingo (18\/07). As informa&ccedil;&otilde;es s&atilde;o do&nbsp;Click Parna&iacute;ba. Um homem identificado como Joaquim Alves dos Santos, 36 anos, que estava na motocicleta Honda Pop morreu no &hellip;\" \/>\n<meta property=\"og:url\" content=\"https:\/\/portalnpm.com\/index.php\/2021\/07\/18\/colisao-entre-motos-deixa-um-morto-e-tres-feridos-no-litoral-do-piaui\/\" \/>\n<meta property=\"og:site_name\" content=\"Portal NPM\" \/>\n<meta property=\"article:published_time\" content=\"2021-07-18T14:38:52+00:00\" \/>\n<meta property=\"article:modified_time\" content=\"2024-01-16T02:43:27+00:00\" \/>\n<meta property=\"og:image\" content=\"https:\/\/portalnpm.com\/wp-content\/uploads\/2024\/01\/dsc-0132.jpg\" \/>\n\t<meta property=\"og:image:width\" content=\"640\" \/>\n\t<meta property=\"og:image:height\" content=\"360\" \/>\n\t<meta property=\"og:image:type\" content=\"image\/jpeg\" \/>\n<meta name=\"author\" content=\"Genival Barbosa\" \/>\n<meta name=\"twitter:card\" content=\"summary_large_image\" \/>\n<meta name=\"twitter:label1\" content=\"Escrito por\" \/>\n\t<meta name=\"twitter:data1\" content=\"Genival Barbosa\" \/>\n\t<meta name=\"twitter:label2\" content=\"Est. tempo de leitura\" \/>\n\t<meta name=\"twitter:data2\" content=\"1 minuto\" \/>\n<script type=\"application\/ld+json\" class=\"yoast-schema-graph\">{\"@context\":\"https:\/\/schema.org\",\"@graph\":[{\"@type\":\"WebPage\",\"@id\":\"https:\/\/portalnpm.com\/index.php\/2021\/07\/18\/colisao-entre-motos-deixa-um-morto-e-tres-feridos-no-litoral-do-piaui\/\",\"url\":\"https:\/\/portalnpm.com\/index.php\/2021\/07\/18\/colisao-entre-motos-deixa-um-morto-e-tres-feridos-no-litoral-do-piaui\/\",\"name\":\"Colis\u00e3o entre motos deixa um morto e tr\u00eas feridos no litoral do Piau\u00ed\",\"isPartOf\":{\"@id\":\"https:\/\/portalnpm.com\/#website\"},\"primaryImageOfPage\":{\"@id\":\"https:\/\/portalnpm.com\/index.php\/2021\/07\/18\/colisao-entre-motos-deixa-um-morto-e-tres-feridos-no-litoral-do-piaui\/#primaryimage\"},\"image\":{\"@id\":\"https:\/\/portalnpm.com\/index.php\/2021\/07\/18\/colisao-entre-motos-deixa-um-morto-e-tres-feridos-no-litoral-do-piaui\/#primaryimage\"},\"thumbnailUrl\":\"https:\/\/portalnpm.com\/wp-content\/uploads\/2024\/01\/dsc-0132.jpg\",\"datePublished\":\"2021-07-18T14:38:52+00:00\",\"dateModified\":\"2024-01-16T02:43:27+00:00\",\"author\":{\"@id\":\"https:\/\/portalnpm.com\/#\/schema\/person\/49313e563cfdefcc167f1ee4c017c294\"},\"breadcrumb\":{\"@id\":\"https:\/\/portalnpm.com\/index.php\/2021\/07\/18\/colisao-entre-motos-deixa-um-morto-e-tres-feridos-no-litoral-do-piaui\/#breadcrumb\"},\"inLanguage\":\"pt-BR\",\"potentialAction\":[{\"@type\":\"ReadAction\",\"target\":[\"https:\/\/portalnpm.com\/index.php\/2021\/07\/18\/colisao-entre-motos-deixa-um-morto-e-tres-feridos-no-litoral-do-piaui\/\"]}]},{\"@type\":\"ImageObject\",\"inLanguage\":\"pt-BR\",\"@id\":\"https:\/\/portalnpm.com\/index.php\/2021\/07\/18\/colisao-entre-motos-deixa-um-morto-e-tres-feridos-no-litoral-do-piaui\/#primaryimage\",\"url\":\"https:\/\/portalnpm.com\/wp-content\/uploads\/2024\/01\/dsc-0132.jpg\",\"contentUrl\":\"https:\/\/portalnpm.com\/wp-content\/uploads\/2024\/01\/dsc-0132.jpg\",\"width\":640,\"height\":360},{\"@type\":\"BreadcrumbList\",\"@id\":\"https:\/\/portalnpm.com\/index.php\/2021\/07\/18\/colisao-entre-motos-deixa-um-morto-e-tres-feridos-no-litoral-do-piaui\/#breadcrumb\",\"itemListElement\":[{\"@type\":\"ListItem\",\"position\":1,\"name\":\"In\u00edcio\",\"item\":\"https:\/\/portalnpm.com\/\"},{\"@type\":\"ListItem\",\"position\":2,\"name\":\"Colis\u00e3o entre motos deixa um morto e tr\u00eas feridos no litoral do Piau\u00ed\"}]},{\"@type\":\"WebSite\",\"@id\":\"https:\/\/portalnpm.com\/#website\",\"url\":\"https:\/\/portalnpm.com\/\",\"name\":\"Portal NPM\",\"description\":\"Not\u00edcias em Primeira M\u00e3o\",\"potentialAction\":[{\"@type\":\"SearchAction\",\"target\":{\"@type\":\"EntryPoint\",\"urlTemplate\":\"https:\/\/portalnpm.com\/?s={search_term_string}\"},\"query-input\":\"required name=search_term_string\"}],\"inLanguage\":\"pt-BR\"},{\"@type\":\"Person\",\"@id\":\"https:\/\/portalnpm.com\/#\/schema\/person\/49313e563cfdefcc167f1ee4c017c294\",\"name\":\"Genival Barbosa\",\"image\":{\"@type\":\"ImageObject\",\"inLanguage\":\"pt-BR\",\"@id\":\"https:\/\/portalnpm.com\/#\/schema\/person\/image\/\",\"url\":\"https:\/\/portalnpm.com\/wp-content\/uploads\/2024\/02\/avatar_user_2_1707743258-96x96.jpeg\",\"contentUrl\":\"https:\/\/portalnpm.com\/wp-content\/uploads\/2024\/02\/avatar_user_2_1707743258-96x96.jpeg\",\"caption\":\"Genival Barbosa\"},\"url\":\"https:\/\/portalnpm.com\/index.php\/author\/genival\/\"}]}<\/script>\n<!-- \/ Yoast SEO plugin. -->","yoast_head_json":{"title":"Colis\u00e3o entre motos deixa um morto e tr\u00eas feridos no litoral do Piau\u00ed","robots":{"index":"index","follow":"follow","max-snippet":"max-snippet:-1","max-image-preview":"max-image-preview:large","max-video-preview":"max-video-preview:-1"},"canonical":"https:\/\/portalnpm.com\/index.php\/2021\/07\/18\/colisao-entre-motos-deixa-um-morto-e-tres-feridos-no-litoral-do-piaui\/","og_locale":"pt_BR","og_type":"article","og_title":"Colis\u00e3o entre motos deixa um morto e tr\u00eas feridos no litoral do Piau\u00ed","og_description":"Um acidente entre duas motocicletas deixou uma pessoa morta e outras tr&ecirc;s feridas, na rodovia PI-116, (estrada da Pedra do Sal) em Parna&iacute;ba, o acidente foi registrado na madrugada deste domingo (18\/07). As informa&ccedil;&otilde;es s&atilde;o do&nbsp;Click Parna&iacute;ba. Um homem identificado como Joaquim Alves dos Santos, 36 anos, que estava na motocicleta Honda Pop morreu no &hellip;","og_url":"https:\/\/portalnpm.com\/index.php\/2021\/07\/18\/colisao-entre-motos-deixa-um-morto-e-tres-feridos-no-litoral-do-piaui\/","og_site_name":"Portal NPM","article_published_time":"2021-07-18T14:38:52+00:00","article_modified_time":"2024-01-16T02:43:27+00:00","og_image":[{"width":640,"height":360,"url":"https:\/\/portalnpm.com\/wp-content\/uploads\/2024\/01\/dsc-0132.jpg","type":"image\/jpeg"}],"author":"Genival Barbosa","twitter_card":"summary_large_image","twitter_misc":{"Escrito por":"Genival Barbosa","Est. tempo de leitura":"1 minuto"},"schema":{"@context":"https:\/\/schema.org","@graph":[{"@type":"WebPage","@id":"https:\/\/portalnpm.com\/index.php\/2021\/07\/18\/colisao-entre-motos-deixa-um-morto-e-tres-feridos-no-litoral-do-piaui\/","url":"https:\/\/portalnpm.com\/index.php\/2021\/07\/18\/colisao-entre-motos-deixa-um-morto-e-tres-feridos-no-litoral-do-piaui\/","name":"Colis\u00e3o entre motos deixa um morto e tr\u00eas feridos no litoral do Piau\u00ed","isPartOf":{"@id":"https:\/\/portalnpm.com\/#website"},"primaryImageOfPage":{"@id":"https:\/\/portalnpm.com\/index.php\/2021\/07\/18\/colisao-entre-motos-deixa-um-morto-e-tres-feridos-no-litoral-do-piaui\/#primaryimage"},"image":{"@id":"https:\/\/portalnpm.com\/index.php\/2021\/07\/18\/colisao-entre-motos-deixa-um-morto-e-tres-feridos-no-litoral-do-piaui\/#primaryimage"},"thumbnailUrl":"https:\/\/portalnpm.com\/wp-content\/uploads\/2024\/01\/dsc-0132.jpg","datePublished":"2021-07-18T14:38:52+00:00","dateModified":"2024-01-16T02:43:27+00:00","author":{"@id":"https:\/\/portalnpm.com\/#\/schema\/person\/49313e563cfdefcc167f1ee4c017c294"},"breadcrumb":{"@id":"https:\/\/portalnpm.com\/index.php\/2021\/07\/18\/colisao-entre-motos-deixa-um-morto-e-tres-feridos-no-litoral-do-piaui\/#breadcrumb"},"inLanguage":"pt-BR","potentialAction":[{"@type":"ReadAction","target":["https:\/\/portalnpm.com\/index.php\/2021\/07\/18\/colisao-entre-motos-deixa-um-morto-e-tres-feridos-no-litoral-do-piaui\/"]}]},{"@type":"ImageObject","inLanguage":"pt-BR","@id":"https:\/\/portalnpm.com\/index.php\/2021\/07\/18\/colisao-entre-motos-deixa-um-morto-e-tres-feridos-no-litoral-do-piaui\/#primaryimage","url":"https:\/\/portalnpm.com\/wp-content\/uploads\/2024\/01\/dsc-0132.jpg","contentUrl":"https:\/\/portalnpm.com\/wp-content\/uploads\/2024\/01\/dsc-0132.jpg","width":640,"height":360},{"@type":"BreadcrumbList","@id":"https:\/\/portalnpm.com\/index.php\/2021\/07\/18\/colisao-entre-motos-deixa-um-morto-e-tres-feridos-no-litoral-do-piaui\/#breadcrumb","itemListElement":[{"@type":"ListItem","position":1,"name":"In\u00edcio","item":"https:\/\/portalnpm.com\/"},{"@type":"ListItem","position":2,"name":"Colis\u00e3o entre motos deixa um morto e tr\u00eas feridos no litoral do Piau\u00ed"}]},{"@type":"WebSite","@id":"https:\/\/portalnpm.com\/#website","url":"https:\/\/portalnpm.com\/","name":"Portal NPM","description":"Not\u00edcias em Primeira M\u00e3o","potentialAction":[{"@type":"SearchAction","target":{"@type":"EntryPoint","urlTemplate":"https:\/\/portalnpm.com\/?s={search_term_string}"},"query-input":"required name=search_term_string"}],"inLanguage":"pt-BR"},{"@type":"Person","@id":"https:\/\/portalnpm.com\/#\/schema\/person\/49313e563cfdefcc167f1ee4c017c294","name":"Genival Barbosa","image":{"@type":"ImageObject","inLanguage":"pt-BR","@id":"https:\/\/portalnpm.com\/#\/schema\/person\/image\/","url":"https:\/\/portalnpm.com\/wp-content\/uploads\/2024\/02\/avatar_user_2_1707743258-96x96.jpeg","contentUrl":"https:\/\/portalnpm.com\/wp-content\/uploads\/2024\/02\/avatar_user_2_1707743258-96x96.jpeg","caption":"Genival Barbosa"},"url":"https:\/\/portalnpm.com\/index.php\/author\/genival\/"}]}},"jetpack_sharing_enabled":true,"jetpack_featured_media_url":"https:\/\/portalnpm.com\/wp-content\/uploads\/2024\/01\/dsc-0132.jpg","_links":{"self":[{"href":"https:\/\/portalnpm.com\/index.php\/wp-json\/wp\/v2\/posts\/66936"}],"collection":[{"href":"https:\/\/portalnpm.com\/index.php\/wp-json\/wp\/v2\/posts"}],"about":[{"href":"https:\/\/portalnpm.com\/index.php\/wp-json\/wp\/v2\/types\/post"}],"author":[{"embeddable":true,"href":"https:\/\/portalnpm.com\/index.php\/wp-json\/wp\/v2\/users\/2"}],"replies":[{"embeddable":true,"href":"https:\/\/portalnpm.com\/index.php\/wp-json\/wp\/v2\/comments?post=66936"}],"version-history":[{"count":1,"href":"https:\/\/portalnpm.com\/index.php\/wp-json\/wp\/v2\/posts\/66936\/revisions"}],"predecessor-version":[{"id":66947,"href":"https:\/\/portalnpm.com\/index.php\/wp-json\/wp\/v2\/posts\/66936\/revisions\/66947"}],"wp:featuredmedia":[{"embeddable":true,"href":"https:\/\/portalnpm.com\/index.php\/wp-json\/wp\/v2\/media\/66937"}],"wp:attachment":[{"href":"https:\/\/portalnpm.com\/index.php\/wp-json\/wp\/v2\/media?parent=66936"}],"wp:term":[{"taxonomy":"category","embeddable":true,"href":"https:\/\/portalnpm.com\/index.php\/wp-json\/wp\/v2\/categories?post=66936"},{"taxonomy":"post_tag","embeddable":true,"href":"https:\/\/portalnpm.com\/index.php\/wp-json\/wp\/v2\/tags?post=66936"}],"curies":[{"name":"wp","href":"https:\/\/api.w.org\/{rel}","templated":true}]}}