{"id":66968,"date":"2021-07-19T21:20:46","date_gmt":"2021-07-20T00:20:46","guid":{"rendered":"https:\/\/portalnpm.com\/index.php\/2021\/07\/19\/marcelo-cabo-nao-resiste-a-mais-um-tropeco-na-serie-b-e-e-demitido-do-vasco\/"},"modified":"2021-07-19T21:20:46","modified_gmt":"2021-07-20T00:20:46","slug":"marcelo-cabo-nao-resiste-a-mais-um-tropeco-na-serie-b-e-e-demitido-do-vasco","status":"publish","type":"post","link":"https:\/\/portalnpm.com\/index.php\/2021\/07\/19\/marcelo-cabo-nao-resiste-a-mais-um-tropeco-na-serie-b-e-e-demitido-do-vasco\/","title":{"rendered":"Marcelo Cabo n\u00e3o resiste a mais um trope\u00e7o na S\u00e9rie B e \u00e9 demitido do Vasco"},"content":{"rendered":"<div class=\"b\">\n<div class=\"aZ b\">\n<div class=\"b\">\n<p style=\"text-align: justify;\">O Vasco anunciou na tarde desta segunda-feira, 19, a demiss\u00e3o do t\u00e9cnico Marcelo Cabo. O treinador caiu ap\u00f3s o empate do Gigante da Colina com o N\u00e1utico, por 1 a 1, no \u00faltimo domingo, 18, resultado que impediu o time de entrar no G4 da S\u00e9rie B.<\/p>\n<\/div>\n<\/div>\n<\/div>\n<div class=\"b\">\n<div class=\"aZ b\">\n<div class=\"b\">\n<p style=\"text-align: justify;\">\n<p style=\"text-align: justify;\">\n<p style=\"text-align: justify;\">Cabo comandou o Vasco em 29 jogos e obteve 13 vit\u00f3rias, 10 empates e seis derrotas. O profissional e deixa o time na 8\u00aa posi\u00e7\u00e3o da competi\u00e7\u00e3o.<\/p>\n<p style=\"text-align: justify;\">Na S\u00e9rie B, o Vasco, considerado um dos favoritos, ainda n\u00e3o engrenou, com 18 pontos em 36 disputados, sendo cinco vit\u00f3rias, tr\u00eas empates e quatro derrotas.<\/p>\n<p style=\"text-align: justify;\">\u201cEm uma temporada onde o Clube necessita especialmente de resultados, o Vasco lamenta que estes n\u00e3o tenham sido exatamente os almejados, sendo o \u00fanico motivo para a mudan\u00e7a\u201d, admitiu o clube em nota.<\/p>\n<p style=\"text-align: justify;\">Junto de Cabo, deixam tamb\u00e9m o Vasco o auxiliar Gabriel Cabo e o preparador f\u00edsico Tiago Melsert. Os pr\u00f3ximos treinos ser\u00e3o comandados por F\u00e1bio Cortez e Daniel F\u00e9lix, da comiss\u00e3o t\u00e9cnica permanente.<\/p>\n<p style=\"text-align: justify;\">\u201cO Vasco da Gama agradece Marcelo Cabo por toda sua dedica\u00e7\u00e3o ao longo dos meses que permaneceu \u00e0 frente da equipe de futebol profissional do Vasco. Foram momentos de dedica\u00e7\u00e3o integral para o sucesso do projeto, junto \u00e0 sua equipe e o departamento de futebol. Marcelo contribuiu positivamente para a montagem do elenco para esta temporada, trabalhou em alinhamento com o departamento de futebol de base, contribuindo para o desenvolvimento de jovens atletas cruzmaltinos, e foi figura importante para a manuten\u00e7\u00e3o do excelente ambiente de conv\u00edvio no Centro de Treinamento do Vasco, na Cidade de Deus\u201d, publicou o clube.<\/p>\n<p style=\"text-align: justify;\">As informa\u00e7\u00f5es s\u00e3o da Band<\/p>\n<\/div>\n<\/div>\n<\/div>\n","protected":false},"excerpt":{"rendered":"<p>O Vasco anunciou na tarde desta segunda-feira, 19, a demiss\u00e3o do t\u00e9cnico Marcelo Cabo. O treinador caiu ap\u00f3s o empate do Gigante da Colina com o N\u00e1utico, por 1 a 1, no \u00faltimo domingo, 18, resultado que impediu o time de entrar no G4 da S\u00e9rie B. Cabo comandou o Vasco em 29 jogos e &hellip;<\/p>\n","protected":false},"author":2,"featured_media":66969,"comment_status":"open","ping_status":"open","sticky":false,"template":"","format":"standard","meta":{"content-type":"","rop_custom_images_group":[],"rop_custom_messages_group":[],"rop_publish_now":"initial","rop_publish_now_accounts":{"facebook_2648258775420054_1618374048415101":""},"rop_publish_now_history":[],"rop_publish_now_status":"pending","footnotes":"","_jetpack_memberships_contains_paid_content":false},"categories":[108],"tags":[5117,1076,163],"yoast_head":"<!-- This site is optimized with the Yoast SEO plugin v22.3 - https:\/\/yoast.com\/wordpress\/plugins\/seo\/ -->\n<title>Marcelo Cabo n\u00e3o resiste a mais um trope\u00e7o na S\u00e9rie B e \u00e9 demitido do Vasco<\/title>\n<meta name=\"robots\" content=\"index, follow, max-snippet:-1, max-image-preview:large, max-video-preview:-1\" \/>\n<link rel=\"canonical\" href=\"https:\/\/portalnpm.com\/index.php\/2021\/07\/19\/marcelo-cabo-nao-resiste-a-mais-um-tropeco-na-serie-b-e-e-demitido-do-vasco\/\" \/>\n<meta property=\"og:locale\" content=\"pt_BR\" \/>\n<meta property=\"og:type\" content=\"article\" \/>\n<meta property=\"og:title\" content=\"Marcelo Cabo n\u00e3o resiste a mais um trope\u00e7o na S\u00e9rie B e \u00e9 demitido do Vasco\" \/>\n<meta property=\"og:description\" content=\"O Vasco anunciou na tarde desta segunda-feira, 19, a demiss\u00e3o do t\u00e9cnico Marcelo Cabo. O treinador caiu ap\u00f3s o empate do Gigante da Colina com o N\u00e1utico, por 1 a 1, no \u00faltimo domingo, 18, resultado que impediu o time de entrar no G4 da S\u00e9rie B. Cabo comandou o Vasco em 29 jogos e &hellip;\" \/>\n<meta property=\"og:url\" content=\"https:\/\/portalnpm.com\/index.php\/2021\/07\/19\/marcelo-cabo-nao-resiste-a-mais-um-tropeco-na-serie-b-e-e-demitido-do-vasco\/\" \/>\n<meta property=\"og:site_name\" content=\"Portal NPM\" \/>\n<meta property=\"article:published_time\" content=\"2021-07-20T00:20:46+00:00\" \/>\n<meta property=\"og:image\" content=\"https:\/\/portalnpm.com\/wp-content\/uploads\/2024\/01\/cdf69498c63c15096472.png\" \/>\n\t<meta property=\"og:image:width\" content=\"630\" \/>\n\t<meta property=\"og:image:height\" content=\"385\" \/>\n\t<meta property=\"og:image:type\" content=\"image\/png\" \/>\n<meta name=\"author\" content=\"Genival Barbosa\" \/>\n<meta name=\"twitter:card\" content=\"summary_large_image\" \/>\n<meta name=\"twitter:label1\" content=\"Escrito por\" \/>\n\t<meta name=\"twitter:data1\" content=\"Genival Barbosa\" \/>\n\t<meta name=\"twitter:label2\" content=\"Est. tempo de leitura\" \/>\n\t<meta name=\"twitter:data2\" content=\"2 minutos\" \/>\n<script type=\"application\/ld+json\" class=\"yoast-schema-graph\">{\"@context\":\"https:\/\/schema.org\",\"@graph\":[{\"@type\":\"WebPage\",\"@id\":\"https:\/\/portalnpm.com\/index.php\/2021\/07\/19\/marcelo-cabo-nao-resiste-a-mais-um-tropeco-na-serie-b-e-e-demitido-do-vasco\/\",\"url\":\"https:\/\/portalnpm.com\/index.php\/2021\/07\/19\/marcelo-cabo-nao-resiste-a-mais-um-tropeco-na-serie-b-e-e-demitido-do-vasco\/\",\"name\":\"Marcelo Cabo n\u00e3o resiste a mais um trope\u00e7o na S\u00e9rie B e \u00e9 demitido do Vasco\",\"isPartOf\":{\"@id\":\"https:\/\/portalnpm.com\/#website\"},\"primaryImageOfPage\":{\"@id\":\"https:\/\/portalnpm.com\/index.php\/2021\/07\/19\/marcelo-cabo-nao-resiste-a-mais-um-tropeco-na-serie-b-e-e-demitido-do-vasco\/#primaryimage\"},\"image\":{\"@id\":\"https:\/\/portalnpm.com\/index.php\/2021\/07\/19\/marcelo-cabo-nao-resiste-a-mais-um-tropeco-na-serie-b-e-e-demitido-do-vasco\/#primaryimage\"},\"thumbnailUrl\":\"https:\/\/portalnpm.com\/wp-content\/uploads\/2024\/01\/cdf69498c63c15096472.png\",\"datePublished\":\"2021-07-20T00:20:46+00:00\",\"dateModified\":\"2021-07-20T00:20:46+00:00\",\"author\":{\"@id\":\"https:\/\/portalnpm.com\/#\/schema\/person\/49313e563cfdefcc167f1ee4c017c294\"},\"breadcrumb\":{\"@id\":\"https:\/\/portalnpm.com\/index.php\/2021\/07\/19\/marcelo-cabo-nao-resiste-a-mais-um-tropeco-na-serie-b-e-e-demitido-do-vasco\/#breadcrumb\"},\"inLanguage\":\"pt-BR\",\"potentialAction\":[{\"@type\":\"ReadAction\",\"target\":[\"https:\/\/portalnpm.com\/index.php\/2021\/07\/19\/marcelo-cabo-nao-resiste-a-mais-um-tropeco-na-serie-b-e-e-demitido-do-vasco\/\"]}]},{\"@type\":\"ImageObject\",\"inLanguage\":\"pt-BR\",\"@id\":\"https:\/\/portalnpm.com\/index.php\/2021\/07\/19\/marcelo-cabo-nao-resiste-a-mais-um-tropeco-na-serie-b-e-e-demitido-do-vasco\/#primaryimage\",\"url\":\"https:\/\/portalnpm.com\/wp-content\/uploads\/2024\/01\/cdf69498c63c15096472.png\",\"contentUrl\":\"https:\/\/portalnpm.com\/wp-content\/uploads\/2024\/01\/cdf69498c63c15096472.png\",\"width\":630,\"height\":385},{\"@type\":\"BreadcrumbList\",\"@id\":\"https:\/\/portalnpm.com\/index.php\/2021\/07\/19\/marcelo-cabo-nao-resiste-a-mais-um-tropeco-na-serie-b-e-e-demitido-do-vasco\/#breadcrumb\",\"itemListElement\":[{\"@type\":\"ListItem\",\"position\":1,\"name\":\"In\u00edcio\",\"item\":\"https:\/\/portalnpm.com\/\"},{\"@type\":\"ListItem\",\"position\":2,\"name\":\"Marcelo Cabo n\u00e3o resiste a mais um trope\u00e7o na S\u00e9rie B e \u00e9 demitido do Vasco\"}]},{\"@type\":\"WebSite\",\"@id\":\"https:\/\/portalnpm.com\/#website\",\"url\":\"https:\/\/portalnpm.com\/\",\"name\":\"Portal NPM\",\"description\":\"Not\u00edcias em Primeira M\u00e3o\",\"potentialAction\":[{\"@type\":\"SearchAction\",\"target\":{\"@type\":\"EntryPoint\",\"urlTemplate\":\"https:\/\/portalnpm.com\/?s={search_term_string}\"},\"query-input\":\"required name=search_term_string\"}],\"inLanguage\":\"pt-BR\"},{\"@type\":\"Person\",\"@id\":\"https:\/\/portalnpm.com\/#\/schema\/person\/49313e563cfdefcc167f1ee4c017c294\",\"name\":\"Genival Barbosa\",\"image\":{\"@type\":\"ImageObject\",\"inLanguage\":\"pt-BR\",\"@id\":\"https:\/\/portalnpm.com\/#\/schema\/person\/image\/\",\"url\":\"https:\/\/portalnpm.com\/wp-content\/uploads\/2024\/02\/avatar_user_2_1707743258-96x96.jpeg\",\"contentUrl\":\"https:\/\/portalnpm.com\/wp-content\/uploads\/2024\/02\/avatar_user_2_1707743258-96x96.jpeg\",\"caption\":\"Genival Barbosa\"},\"url\":\"https:\/\/portalnpm.com\/index.php\/author\/genival\/\"}]}<\/script>\n<!-- \/ Yoast SEO plugin. -->","yoast_head_json":{"title":"Marcelo Cabo n\u00e3o resiste a mais um trope\u00e7o na S\u00e9rie B e \u00e9 demitido do Vasco","robots":{"index":"index","follow":"follow","max-snippet":"max-snippet:-1","max-image-preview":"max-image-preview:large","max-video-preview":"max-video-preview:-1"},"canonical":"https:\/\/portalnpm.com\/index.php\/2021\/07\/19\/marcelo-cabo-nao-resiste-a-mais-um-tropeco-na-serie-b-e-e-demitido-do-vasco\/","og_locale":"pt_BR","og_type":"article","og_title":"Marcelo Cabo n\u00e3o resiste a mais um trope\u00e7o na S\u00e9rie B e \u00e9 demitido do Vasco","og_description":"O Vasco anunciou na tarde desta segunda-feira, 19, a demiss\u00e3o do t\u00e9cnico Marcelo Cabo. O treinador caiu ap\u00f3s o empate do Gigante da Colina com o N\u00e1utico, por 1 a 1, no \u00faltimo domingo, 18, resultado que impediu o time de entrar no G4 da S\u00e9rie B. Cabo comandou o Vasco em 29 jogos e &hellip;","og_url":"https:\/\/portalnpm.com\/index.php\/2021\/07\/19\/marcelo-cabo-nao-resiste-a-mais-um-tropeco-na-serie-b-e-e-demitido-do-vasco\/","og_site_name":"Portal NPM","article_published_time":"2021-07-20T00:20:46+00:00","og_image":[{"width":630,"height":385,"url":"https:\/\/portalnpm.com\/wp-content\/uploads\/2024\/01\/cdf69498c63c15096472.png","type":"image\/png"}],"author":"Genival Barbosa","twitter_card":"summary_large_image","twitter_misc":{"Escrito por":"Genival Barbosa","Est. tempo de leitura":"2 minutos"},"schema":{"@context":"https:\/\/schema.org","@graph":[{"@type":"WebPage","@id":"https:\/\/portalnpm.com\/index.php\/2021\/07\/19\/marcelo-cabo-nao-resiste-a-mais-um-tropeco-na-serie-b-e-e-demitido-do-vasco\/","url":"https:\/\/portalnpm.com\/index.php\/2021\/07\/19\/marcelo-cabo-nao-resiste-a-mais-um-tropeco-na-serie-b-e-e-demitido-do-vasco\/","name":"Marcelo Cabo n\u00e3o resiste a mais um trope\u00e7o na S\u00e9rie B e \u00e9 demitido do Vasco","isPartOf":{"@id":"https:\/\/portalnpm.com\/#website"},"primaryImageOfPage":{"@id":"https:\/\/portalnpm.com\/index.php\/2021\/07\/19\/marcelo-cabo-nao-resiste-a-mais-um-tropeco-na-serie-b-e-e-demitido-do-vasco\/#primaryimage"},"image":{"@id":"https:\/\/portalnpm.com\/index.php\/2021\/07\/19\/marcelo-cabo-nao-resiste-a-mais-um-tropeco-na-serie-b-e-e-demitido-do-vasco\/#primaryimage"},"thumbnailUrl":"https:\/\/portalnpm.com\/wp-content\/uploads\/2024\/01\/cdf69498c63c15096472.png","datePublished":"2021-07-20T00:20:46+00:00","dateModified":"2021-07-20T00:20:46+00:00","author":{"@id":"https:\/\/portalnpm.com\/#\/schema\/person\/49313e563cfdefcc167f1ee4c017c294"},"breadcrumb":{"@id":"https:\/\/portalnpm.com\/index.php\/2021\/07\/19\/marcelo-cabo-nao-resiste-a-mais-um-tropeco-na-serie-b-e-e-demitido-do-vasco\/#breadcrumb"},"inLanguage":"pt-BR","potentialAction":[{"@type":"ReadAction","target":["https:\/\/portalnpm.com\/index.php\/2021\/07\/19\/marcelo-cabo-nao-resiste-a-mais-um-tropeco-na-serie-b-e-e-demitido-do-vasco\/"]}]},{"@type":"ImageObject","inLanguage":"pt-BR","@id":"https:\/\/portalnpm.com\/index.php\/2021\/07\/19\/marcelo-cabo-nao-resiste-a-mais-um-tropeco-na-serie-b-e-e-demitido-do-vasco\/#primaryimage","url":"https:\/\/portalnpm.com\/wp-content\/uploads\/2024\/01\/cdf69498c63c15096472.png","contentUrl":"https:\/\/portalnpm.com\/wp-content\/uploads\/2024\/01\/cdf69498c63c15096472.png","width":630,"height":385},{"@type":"BreadcrumbList","@id":"https:\/\/portalnpm.com\/index.php\/2021\/07\/19\/marcelo-cabo-nao-resiste-a-mais-um-tropeco-na-serie-b-e-e-demitido-do-vasco\/#breadcrumb","itemListElement":[{"@type":"ListItem","position":1,"name":"In\u00edcio","item":"https:\/\/portalnpm.com\/"},{"@type":"ListItem","position":2,"name":"Marcelo Cabo n\u00e3o resiste a mais um trope\u00e7o na S\u00e9rie B e \u00e9 demitido do Vasco"}]},{"@type":"WebSite","@id":"https:\/\/portalnpm.com\/#website","url":"https:\/\/portalnpm.com\/","name":"Portal NPM","description":"Not\u00edcias em Primeira M\u00e3o","potentialAction":[{"@type":"SearchAction","target":{"@type":"EntryPoint","urlTemplate":"https:\/\/portalnpm.com\/?s={search_term_string}"},"query-input":"required name=search_term_string"}],"inLanguage":"pt-BR"},{"@type":"Person","@id":"https:\/\/portalnpm.com\/#\/schema\/person\/49313e563cfdefcc167f1ee4c017c294","name":"Genival Barbosa","image":{"@type":"ImageObject","inLanguage":"pt-BR","@id":"https:\/\/portalnpm.com\/#\/schema\/person\/image\/","url":"https:\/\/portalnpm.com\/wp-content\/uploads\/2024\/02\/avatar_user_2_1707743258-96x96.jpeg","contentUrl":"https:\/\/portalnpm.com\/wp-content\/uploads\/2024\/02\/avatar_user_2_1707743258-96x96.jpeg","caption":"Genival Barbosa"},"url":"https:\/\/portalnpm.com\/index.php\/author\/genival\/"}]}},"jetpack_sharing_enabled":true,"jetpack_featured_media_url":"https:\/\/portalnpm.com\/wp-content\/uploads\/2024\/01\/cdf69498c63c15096472.png","_links":{"self":[{"href":"https:\/\/portalnpm.com\/index.php\/wp-json\/wp\/v2\/posts\/66968"}],"collection":[{"href":"https:\/\/portalnpm.com\/index.php\/wp-json\/wp\/v2\/posts"}],"about":[{"href":"https:\/\/portalnpm.com\/index.php\/wp-json\/wp\/v2\/types\/post"}],"author":[{"embeddable":true,"href":"https:\/\/portalnpm.com\/index.php\/wp-json\/wp\/v2\/users\/2"}],"replies":[{"embeddable":true,"href":"https:\/\/portalnpm.com\/index.php\/wp-json\/wp\/v2\/comments?post=66968"}],"version-history":[{"count":0,"href":"https:\/\/portalnpm.com\/index.php\/wp-json\/wp\/v2\/posts\/66968\/revisions"}],"wp:featuredmedia":[{"embeddable":true,"href":"https:\/\/portalnpm.com\/index.php\/wp-json\/wp\/v2\/media\/66969"}],"wp:attachment":[{"href":"https:\/\/portalnpm.com\/index.php\/wp-json\/wp\/v2\/media?parent=66968"}],"wp:term":[{"taxonomy":"category","embeddable":true,"href":"https:\/\/portalnpm.com\/index.php\/wp-json\/wp\/v2\/categories?post=66968"},{"taxonomy":"post_tag","embeddable":true,"href":"https:\/\/portalnpm.com\/index.php\/wp-json\/wp\/v2\/tags?post=66968"}],"curies":[{"name":"wp","href":"https:\/\/api.w.org\/{rel}","templated":true}]}}