{"id":66978,"date":"2021-07-20T19:03:48","date_gmt":"2021-07-20T22:03:48","guid":{"rendered":"https:\/\/portalnpm.com\/index.php\/2021\/07\/20\/parlamentares-acionam-stf-contra-fundo-eleitoral-de-r-57-bi\/"},"modified":"2021-07-20T19:03:48","modified_gmt":"2021-07-20T22:03:48","slug":"parlamentares-acionam-stf-contra-fundo-eleitoral-de-r-57-bi","status":"publish","type":"post","link":"https:\/\/portalnpm.com\/index.php\/2021\/07\/20\/parlamentares-acionam-stf-contra-fundo-eleitoral-de-r-57-bi\/","title":{"rendered":"Parlamentares acionam STF contra Fundo Eleitoral de R$ 5,7 bi"},"content":{"rendered":"<p style=\"text-align: justify;\">Um grupo de parlamentares acionou o Supremo Tribunal Federal (STF) para anular a vota\u00e7\u00e3o da Lei de Diretrizes Or\u00e7ament\u00e1rias (LDO) no Congresso e proibir o aumento do fundo eleitoral no ano que vem. Para as elei\u00e7\u00f5es de 2022, os partidos ter\u00e3o R$ 5,7 bilh\u00f5es em recurso p\u00fablico, de acordo com a proposta aprovada no Legislativo na semana passada. O presidente Jair Bolsonaro j\u00e1 declarou que vai vetar o valor do fundo.<\/p>\n<p style=\"text-align: justify;\">\n<p style=\"text-align: justify;\">\n<p style=\"text-align: justify;\">A a\u00e7\u00e3o foi protocolada na \u00faltima sexta-feira, 16, por seis deputados e um senador contr\u00e1rios ao aumento da verba eleitoral, que foi de R$ 2 bilh\u00f5es em 2020. O mandado de seguran\u00e7a ser\u00e1 relatado pelo ministro Kassio Nunes Marques. Se a decis\u00e3o for favor\u00e1vel ao grupo, o Congresso precisar\u00e1 fazer uma nova vota\u00e7\u00e3o na LDO e ficar\u00e1 proibido de aumentar o fundo eleitoral em 2022.<\/p>\n<p style=\"text-align: justify;\">Por conter um pedido liminar (decis\u00e3o provis\u00f3ria que pede uma an\u00e1lise mais r\u00e1pida), o processo foi encaminhado para o gabinete da vice-presidente do STF, ministra Rosa Weber. A magistrada assumiu a chefia da corte at\u00e9 o fim do recesso judici\u00e1rio, ficando assim respons\u00e1vel por analisar quest\u00f5es urgentes no per\u00edodo.<\/p>\n<p style=\"text-align: justify;\">Parlamentares argumentam que a regra de c\u00e1lculo do fundo foi inserida no projeto e &#8220;n\u00e3o houve atendimento a um prazo razo\u00e1vel de delibera\u00e7\u00e3o quanto a uma mudan\u00e7a t\u00e3o impactante&#8221;. Al\u00e9m do mais, o aumento dos recursos em plena pandemia de covid-19 &#8220;foge \u00e0 razoabilidade&#8221; e &#8220;gera um esvaziamento dos direitos e garantias fundamentais da popula\u00e7\u00e3o&#8221;.<\/p>\n<p style=\"text-align: justify;\">O mandado de seguran\u00e7a \u00e9 assinado pelos deputados Adriana Ventura (Novo-SP), Daniel Coelho (Cidadania-PE), Felipe Rigoni (PSB-ES), Tabata Amaral (PDT-SP), Tiago Mitraud (Novo-MG) e Vinicius Poit (Novo-SP), al\u00e9m do senador Alessandro Vieira (Cidadania-SE). A a\u00e7\u00e3o se soma a outras iniciativas contra o aumento do fundo eleitoral.<\/p>\n<p style=\"text-align: justify;\">Conforme o Estad\u00e3o antecipou, a Ordem dos Advogados do Brasil (OAB) estuda uma a\u00e7\u00e3o no STF se a regra for sancionada pelo presidente Jair Bolsonaro, que anunciou veto.<\/p>\n<p style=\"text-align: justify;\">No mandado de seguran\u00e7a ao Supremo, os parlamentares indicam que o &#8216;aumento no or\u00e7amento do Fundo Eleitoral seria uma medida ruim, mas n\u00e3o violaria a Constitui\u00e7\u00e3o, caso ocorresse tudo dentro das regras procedimentais&#8217;. Nessa linha, destacam ainda que, considerando o cen\u00e1rio da pandemia da covid-19, &#8216;a m\u00e1 aloca\u00e7\u00e3o de recursos p\u00fablicos, que foge \u00e0 razoabilidade, gera um esvaziamento dos direitos e garantias fundamentais da popula\u00e7\u00e3o brasileira&#8217;.<\/p>\n<p style=\"text-align: justify;\">&#8220;Triplicar o valor do Fundo Eleitoral, enquanto mais de 500 mil cidad\u00e3os brasileiros morreram pelo coronav\u00edrus, al\u00e9m de inconstitucional, \u00e9 imoral e cruel&#8221;, registra a peti\u00e7\u00e3o. Outro trecho do documento ressalta ainda: &#8220;O valor de 5,7 bilh\u00f5es de reais \u00e9 suficiente para adquirir todas as vacinas que o pa\u00eds precisa &#8211; mais de 350 milh\u00f5es de doses&#8221;.<\/p>\n<p style=\"text-align: justify;\">O documento registra ainda o argumento de que houve um &#8216;atropelo regimental&#8217; e que a minoria parlamentar &#8216;foi simplesmente ignorada&#8217; durante a discuss\u00e3o e vota\u00e7\u00e3o do tema. Como mostrou o Estad\u00e3o, em tentativa de barrar o fund\u00e3o, o Novo pediu um &#8216;destaque&#8217; para retirar das regras do Or\u00e7amento a previs\u00e3o de um c\u00e1lculo para o financiamento de campanha, mas o movimento s\u00f3 teve o apoio de outros quatro partidos &#8211; Cidadania, PSOL, Podemos e PSL.<\/p>\n<p style=\"text-align: justify;\">&#8220;O presente caso que chega ao conhecimento de V. Exa. \u00e9 de sopesamento entre o aumento de verba de custeio para candidatos realizarem suas propagandas e o direito de metade da popula\u00e7\u00e3o poder comer com o m\u00ednimo de dignidade. \u00c9 pelo direito \u00e0 vida!&#8221;, registram os parlamentares no documento.<\/p>\n<p style=\"text-align: justify;\">\n<em>Fonte:Estad\u00e3o Conte\u00fado<\/em><\/p>\n","protected":false},"excerpt":{"rendered":"<p>Um grupo de parlamentares acionou o Supremo Tribunal Federal (STF) para anular a vota\u00e7\u00e3o da Lei de Diretrizes Or\u00e7ament\u00e1rias (LDO) no Congresso e proibir o aumento do fundo eleitoral no ano que vem. Para as elei\u00e7\u00f5es de 2022, os partidos ter\u00e3o R$ 5,7 bilh\u00f5es em recurso p\u00fablico, de acordo com a proposta aprovada no Legislativo &hellip;<\/p>\n","protected":false},"author":2,"featured_media":35222,"comment_status":"open","ping_status":"open","sticky":false,"template":"","format":"standard","meta":{"content-type":"","rop_custom_images_group":[],"rop_custom_messages_group":[],"rop_publish_now":"initial","rop_publish_now_accounts":{"facebook_2648258775420054_1618374048415101":""},"rop_publish_now_history":[],"rop_publish_now_status":"pending","footnotes":"","_jetpack_memberships_contains_paid_content":false},"categories":[125],"tags":[11854,550,11855,11856,2527],"yoast_head":"<!-- This site is optimized with the Yoast SEO plugin v22.3 - https:\/\/yoast.com\/wordpress\/plugins\/seo\/ -->\n<title>Parlamentares acionam STF contra Fundo Eleitoral de R$ 5,7 bi<\/title>\n<meta name=\"robots\" content=\"index, follow, max-snippet:-1, max-image-preview:large, max-video-preview:-1\" \/>\n<link rel=\"canonical\" href=\"https:\/\/portalnpm.com\/index.php\/2021\/07\/20\/parlamentares-acionam-stf-contra-fundo-eleitoral-de-r-57-bi\/\" \/>\n<meta property=\"og:locale\" content=\"pt_BR\" \/>\n<meta property=\"og:type\" content=\"article\" \/>\n<meta property=\"og:title\" content=\"Parlamentares acionam STF contra Fundo Eleitoral de R$ 5,7 bi\" \/>\n<meta property=\"og:description\" content=\"Um grupo de parlamentares acionou o Supremo Tribunal Federal (STF) para anular a vota\u00e7\u00e3o da Lei de Diretrizes Or\u00e7ament\u00e1rias (LDO) no Congresso e proibir o aumento do fundo eleitoral no ano que vem. Para as elei\u00e7\u00f5es de 2022, os partidos ter\u00e3o R$ 5,7 bilh\u00f5es em recurso p\u00fablico, de acordo com a proposta aprovada no Legislativo &hellip;\" \/>\n<meta property=\"og:url\" content=\"https:\/\/portalnpm.com\/index.php\/2021\/07\/20\/parlamentares-acionam-stf-contra-fundo-eleitoral-de-r-57-bi\/\" \/>\n<meta property=\"og:site_name\" content=\"Portal NPM\" \/>\n<meta property=\"article:published_time\" content=\"2021-07-20T22:03:48+00:00\" \/>\n<meta name=\"author\" content=\"Genival Barbosa\" \/>\n<meta name=\"twitter:card\" content=\"summary_large_image\" \/>\n<meta name=\"twitter:label1\" content=\"Escrito por\" \/>\n\t<meta name=\"twitter:data1\" content=\"Genival Barbosa\" \/>\n\t<meta name=\"twitter:label2\" content=\"Est. tempo de leitura\" \/>\n\t<meta name=\"twitter:data2\" content=\"3 minutos\" \/>\n<script type=\"application\/ld+json\" class=\"yoast-schema-graph\">{\"@context\":\"https:\/\/schema.org\",\"@graph\":[{\"@type\":\"WebPage\",\"@id\":\"https:\/\/portalnpm.com\/index.php\/2021\/07\/20\/parlamentares-acionam-stf-contra-fundo-eleitoral-de-r-57-bi\/\",\"url\":\"https:\/\/portalnpm.com\/index.php\/2021\/07\/20\/parlamentares-acionam-stf-contra-fundo-eleitoral-de-r-57-bi\/\",\"name\":\"Parlamentares acionam STF contra Fundo Eleitoral de R$ 5,7 bi\",\"isPartOf\":{\"@id\":\"https:\/\/portalnpm.com\/#website\"},\"primaryImageOfPage\":{\"@id\":\"https:\/\/portalnpm.com\/index.php\/2021\/07\/20\/parlamentares-acionam-stf-contra-fundo-eleitoral-de-r-57-bi\/#primaryimage\"},\"image\":{\"@id\":\"https:\/\/portalnpm.com\/index.php\/2021\/07\/20\/parlamentares-acionam-stf-contra-fundo-eleitoral-de-r-57-bi\/#primaryimage\"},\"thumbnailUrl\":\"\",\"datePublished\":\"2021-07-20T22:03:48+00:00\",\"dateModified\":\"2021-07-20T22:03:48+00:00\",\"author\":{\"@id\":\"https:\/\/portalnpm.com\/#\/schema\/person\/49313e563cfdefcc167f1ee4c017c294\"},\"breadcrumb\":{\"@id\":\"https:\/\/portalnpm.com\/index.php\/2021\/07\/20\/parlamentares-acionam-stf-contra-fundo-eleitoral-de-r-57-bi\/#breadcrumb\"},\"inLanguage\":\"pt-BR\",\"potentialAction\":[{\"@type\":\"ReadAction\",\"target\":[\"https:\/\/portalnpm.com\/index.php\/2021\/07\/20\/parlamentares-acionam-stf-contra-fundo-eleitoral-de-r-57-bi\/\"]}]},{\"@type\":\"ImageObject\",\"inLanguage\":\"pt-BR\",\"@id\":\"https:\/\/portalnpm.com\/index.php\/2021\/07\/20\/parlamentares-acionam-stf-contra-fundo-eleitoral-de-r-57-bi\/#primaryimage\",\"url\":\"\",\"contentUrl\":\"\"},{\"@type\":\"BreadcrumbList\",\"@id\":\"https:\/\/portalnpm.com\/index.php\/2021\/07\/20\/parlamentares-acionam-stf-contra-fundo-eleitoral-de-r-57-bi\/#breadcrumb\",\"itemListElement\":[{\"@type\":\"ListItem\",\"position\":1,\"name\":\"In\u00edcio\",\"item\":\"https:\/\/portalnpm.com\/\"},{\"@type\":\"ListItem\",\"position\":2,\"name\":\"Parlamentares acionam STF contra Fundo Eleitoral de R$ 5,7 bi\"}]},{\"@type\":\"WebSite\",\"@id\":\"https:\/\/portalnpm.com\/#website\",\"url\":\"https:\/\/portalnpm.com\/\",\"name\":\"Portal NPM\",\"description\":\"Not\u00edcias em Primeira M\u00e3o\",\"potentialAction\":[{\"@type\":\"SearchAction\",\"target\":{\"@type\":\"EntryPoint\",\"urlTemplate\":\"https:\/\/portalnpm.com\/?s={search_term_string}\"},\"query-input\":\"required name=search_term_string\"}],\"inLanguage\":\"pt-BR\"},{\"@type\":\"Person\",\"@id\":\"https:\/\/portalnpm.com\/#\/schema\/person\/49313e563cfdefcc167f1ee4c017c294\",\"name\":\"Genival Barbosa\",\"image\":{\"@type\":\"ImageObject\",\"inLanguage\":\"pt-BR\",\"@id\":\"https:\/\/portalnpm.com\/#\/schema\/person\/image\/\",\"url\":\"https:\/\/portalnpm.com\/wp-content\/uploads\/2024\/02\/avatar_user_2_1707743258-96x96.jpeg\",\"contentUrl\":\"https:\/\/portalnpm.com\/wp-content\/uploads\/2024\/02\/avatar_user_2_1707743258-96x96.jpeg\",\"caption\":\"Genival Barbosa\"},\"url\":\"https:\/\/portalnpm.com\/index.php\/author\/genival\/\"}]}<\/script>\n<!-- \/ Yoast SEO plugin. -->","yoast_head_json":{"title":"Parlamentares acionam STF contra Fundo Eleitoral de R$ 5,7 bi","robots":{"index":"index","follow":"follow","max-snippet":"max-snippet:-1","max-image-preview":"max-image-preview:large","max-video-preview":"max-video-preview:-1"},"canonical":"https:\/\/portalnpm.com\/index.php\/2021\/07\/20\/parlamentares-acionam-stf-contra-fundo-eleitoral-de-r-57-bi\/","og_locale":"pt_BR","og_type":"article","og_title":"Parlamentares acionam STF contra Fundo Eleitoral de R$ 5,7 bi","og_description":"Um grupo de parlamentares acionou o Supremo Tribunal Federal (STF) para anular a vota\u00e7\u00e3o da Lei de Diretrizes Or\u00e7ament\u00e1rias (LDO) no Congresso e proibir o aumento do fundo eleitoral no ano que vem. Para as elei\u00e7\u00f5es de 2022, os partidos ter\u00e3o R$ 5,7 bilh\u00f5es em recurso p\u00fablico, de acordo com a proposta aprovada no Legislativo &hellip;","og_url":"https:\/\/portalnpm.com\/index.php\/2021\/07\/20\/parlamentares-acionam-stf-contra-fundo-eleitoral-de-r-57-bi\/","og_site_name":"Portal NPM","article_published_time":"2021-07-20T22:03:48+00:00","author":"Genival Barbosa","twitter_card":"summary_large_image","twitter_misc":{"Escrito por":"Genival Barbosa","Est. tempo de leitura":"3 minutos"},"schema":{"@context":"https:\/\/schema.org","@graph":[{"@type":"WebPage","@id":"https:\/\/portalnpm.com\/index.php\/2021\/07\/20\/parlamentares-acionam-stf-contra-fundo-eleitoral-de-r-57-bi\/","url":"https:\/\/portalnpm.com\/index.php\/2021\/07\/20\/parlamentares-acionam-stf-contra-fundo-eleitoral-de-r-57-bi\/","name":"Parlamentares acionam STF contra Fundo Eleitoral de R$ 5,7 bi","isPartOf":{"@id":"https:\/\/portalnpm.com\/#website"},"primaryImageOfPage":{"@id":"https:\/\/portalnpm.com\/index.php\/2021\/07\/20\/parlamentares-acionam-stf-contra-fundo-eleitoral-de-r-57-bi\/#primaryimage"},"image":{"@id":"https:\/\/portalnpm.com\/index.php\/2021\/07\/20\/parlamentares-acionam-stf-contra-fundo-eleitoral-de-r-57-bi\/#primaryimage"},"thumbnailUrl":"","datePublished":"2021-07-20T22:03:48+00:00","dateModified":"2021-07-20T22:03:48+00:00","author":{"@id":"https:\/\/portalnpm.com\/#\/schema\/person\/49313e563cfdefcc167f1ee4c017c294"},"breadcrumb":{"@id":"https:\/\/portalnpm.com\/index.php\/2021\/07\/20\/parlamentares-acionam-stf-contra-fundo-eleitoral-de-r-57-bi\/#breadcrumb"},"inLanguage":"pt-BR","potentialAction":[{"@type":"ReadAction","target":["https:\/\/portalnpm.com\/index.php\/2021\/07\/20\/parlamentares-acionam-stf-contra-fundo-eleitoral-de-r-57-bi\/"]}]},{"@type":"ImageObject","inLanguage":"pt-BR","@id":"https:\/\/portalnpm.com\/index.php\/2021\/07\/20\/parlamentares-acionam-stf-contra-fundo-eleitoral-de-r-57-bi\/#primaryimage","url":"","contentUrl":""},{"@type":"BreadcrumbList","@id":"https:\/\/portalnpm.com\/index.php\/2021\/07\/20\/parlamentares-acionam-stf-contra-fundo-eleitoral-de-r-57-bi\/#breadcrumb","itemListElement":[{"@type":"ListItem","position":1,"name":"In\u00edcio","item":"https:\/\/portalnpm.com\/"},{"@type":"ListItem","position":2,"name":"Parlamentares acionam STF contra Fundo Eleitoral de R$ 5,7 bi"}]},{"@type":"WebSite","@id":"https:\/\/portalnpm.com\/#website","url":"https:\/\/portalnpm.com\/","name":"Portal NPM","description":"Not\u00edcias em Primeira M\u00e3o","potentialAction":[{"@type":"SearchAction","target":{"@type":"EntryPoint","urlTemplate":"https:\/\/portalnpm.com\/?s={search_term_string}"},"query-input":"required name=search_term_string"}],"inLanguage":"pt-BR"},{"@type":"Person","@id":"https:\/\/portalnpm.com\/#\/schema\/person\/49313e563cfdefcc167f1ee4c017c294","name":"Genival Barbosa","image":{"@type":"ImageObject","inLanguage":"pt-BR","@id":"https:\/\/portalnpm.com\/#\/schema\/person\/image\/","url":"https:\/\/portalnpm.com\/wp-content\/uploads\/2024\/02\/avatar_user_2_1707743258-96x96.jpeg","contentUrl":"https:\/\/portalnpm.com\/wp-content\/uploads\/2024\/02\/avatar_user_2_1707743258-96x96.jpeg","caption":"Genival Barbosa"},"url":"https:\/\/portalnpm.com\/index.php\/author\/genival\/"}]}},"jetpack_sharing_enabled":true,"jetpack_featured_media_url":"","_links":{"self":[{"href":"https:\/\/portalnpm.com\/index.php\/wp-json\/wp\/v2\/posts\/66978"}],"collection":[{"href":"https:\/\/portalnpm.com\/index.php\/wp-json\/wp\/v2\/posts"}],"about":[{"href":"https:\/\/portalnpm.com\/index.php\/wp-json\/wp\/v2\/types\/post"}],"author":[{"embeddable":true,"href":"https:\/\/portalnpm.com\/index.php\/wp-json\/wp\/v2\/users\/2"}],"replies":[{"embeddable":true,"href":"https:\/\/portalnpm.com\/index.php\/wp-json\/wp\/v2\/comments?post=66978"}],"version-history":[{"count":0,"href":"https:\/\/portalnpm.com\/index.php\/wp-json\/wp\/v2\/posts\/66978\/revisions"}],"wp:featuredmedia":[{"embeddable":true,"href":"https:\/\/portalnpm.com\/index.php\/wp-json\/"}],"wp:attachment":[{"href":"https:\/\/portalnpm.com\/index.php\/wp-json\/wp\/v2\/media?parent=66978"}],"wp:term":[{"taxonomy":"category","embeddable":true,"href":"https:\/\/portalnpm.com\/index.php\/wp-json\/wp\/v2\/categories?post=66978"},{"taxonomy":"post_tag","embeddable":true,"href":"https:\/\/portalnpm.com\/index.php\/wp-json\/wp\/v2\/tags?post=66978"}],"curies":[{"name":"wp","href":"https:\/\/api.w.org\/{rel}","templated":true}]}}