{"id":6698,"date":"2019-04-02T14:32:29","date_gmt":"2019-04-02T17:32:29","guid":{"rendered":"http:\/\/srv.portalnpm.com.br\/?p=6698"},"modified":"2019-04-02T14:32:29","modified_gmt":"2019-04-02T17:32:29","slug":"paroquia-nossa-senhora-de-fatima-divulga-programacao-da-semana-santa-para-alegrete-e-francisco-macedo","status":"publish","type":"post","link":"https:\/\/portalnpm.com\/index.php\/2019\/04\/02\/paroquia-nossa-senhora-de-fatima-divulga-programacao-da-semana-santa-para-alegrete-e-francisco-macedo\/","title":{"rendered":"Par\u00f3quia Nossa Senhora de F\u00e1tima divulga programa\u00e7\u00e3o da Semana Santa para Alegrete e Francisco Macedo"},"content":{"rendered":"<p style=\"text-align: justify;\">Tradi\u00e7\u00e3o crist\u00e3 religiosa cat\u00f3lica, a Semana Santa celebra a Paix\u00e3o, Morte e Ressurrei\u00e7\u00e3o de Jesus Cristo. O per\u00edodo inicia no Domingo de Ramos (14) que celebra a entrada de Jesus em Jerusal\u00e9m, prosseguindo at\u00e9 o domingo (21) caracterizado como Domingo de P\u00e1scoa. O Domingo de P\u00e1scoa celebra a ressurrei\u00e7\u00e3o de Cristo, ap\u00f3s tr\u00eas dias de sua crucifica\u00e7\u00e3o e morte no calv\u00e1rio.<\/p>\n<p style=\"text-align: justify;\">Para celebrar o principal e mais importante per\u00edodo crist\u00e3o, a Par\u00f3quia Nossa Senhora de F\u00e1tima, em Alegrete do Piau\u00ed divulgou a programa\u00e7\u00e3o religiosa da Semana Santa para as cidades de Alegrete e Francisco Macedo.<\/p>\n<p style=\"text-align: justify;\">O p\u00e1roco, padre Ant\u00f4nio Ismael de Holanda, deixou a mensagem para os crist\u00e3os recomendando que os mesmos vivam a quaresma em comunh\u00e3o com Cristo e assim praticando a caridade e jejum.<\/p>\n<p style=\"text-align: justify;\">\u201cDeixo a mensagem a todos os fi\u00e9is alegretenses e franciscomacedenses, para que pratiquem a caridade e assim fa\u00e7am o jejum rezando e se comunicando com Jesus Cristo\u201d, recomendou o sacerdote.<\/p>\n<p style=\"text-align: justify;\"><strong>-Veja programa\u00e7\u00e3o da<\/strong><strong>\u00a0Semana Santa em Alegrete do Piau\u00ed e logo ap\u00f3s a programa\u00e7\u00e3o para Francisco Macedo:<\/strong><\/p>\n<p style=\"text-align: justify;\"><strong>\u25baPrograma\u00e7\u00e3o para Alegrete:<\/strong><\/p>\n<p style=\"text-align: justify;\"><strong>1 \u2013 DOMINGO DE RAMOS<\/strong>\u00a0\u2013\u00a0<strong>14\/04<\/strong><\/p>\n<p style=\"text-align: justify;\"><strong>Cor: vermelho<\/strong><\/p>\n<p style=\"text-align: justify;\"><strong>Hora:\u00a0<\/strong>4h<\/p>\n<p style=\"text-align: justify;\"><strong>Respons\u00e1veis pela liturgia:\u00a0<\/strong>ECC<\/p>\n<p style=\"text-align: justify;\"><strong>1\u00aa parte da celebra\u00e7\u00e3o\u00a0<\/strong>(Fora da igreja)<\/p>\n<ul style=\"text-align: justify;\">\n<li>Acolhida, b\u00ean\u00e7\u00e3o dos ramos, evangelho e reflex\u00e3o;<\/li>\n<li>Respons\u00e1vel: padre;<\/li>\n<li>Prociss\u00e3o: Pra\u00e7a da Delegacia at\u00e9 a Igreja (canto).<\/li>\n<\/ul>\n<p style=\"text-align: justify;\"><strong>O que preparar? R.\u00a0<\/strong>Bacia com \u00e1gua, cruz, ramos, um jegue, tra\u00e7ar o percurso e divulgar antecipadamente.<\/p>\n<p style=\"text-align: justify;\"><strong>\u00a0\u00a0 2\u00aa Parte da celebra\u00e7\u00e3o\u00a0<\/strong>(dentro da Igreja)<\/p>\n<p style=\"text-align: justify;\"><strong>OBS: Se houver prociss\u00e3o, omite-se o ato penitencial.<\/strong><\/p>\n<ul style=\"text-align: justify;\">\n<li>Ora\u00e7\u00e3o do dia (Padre);<\/li>\n<li>Segue-se a liturgia normal;<\/li>\n<li>Ofert\u00f3rio: coleta da Campanha da Fraternidade.<\/li>\n<\/ul>\n<p style=\"text-align: justify;\"><strong>OBS:\u00a0<\/strong>Avisar aos fi\u00e9is para guardarem os ramos para o pr\u00f3ximo ano.<\/p>\n<p style=\"text-align: justify;\"><strong>2 \u2013 QUARTA \u2013 FEIRA SANTA-17\/04\u00a0<\/strong>(Missa dos doentes)<\/p>\n<ul style=\"text-align: justify;\">\n<li><strong>Hor\u00e1rio:\u00a0<\/strong>8h da manh\u00e3<\/li>\n<li><strong>Respons\u00e1veis:\u00a0<\/strong>Pastoral da Pessoa Idosa<\/li>\n<\/ul>\n<p style=\"text-align: justify;\"><strong>OBS: 1.\u00a0<\/strong>Providenciar carros para ir buscar e deixar os doentes em sua casa; 2. Providenciar um lanche ap\u00f3s a missa.<\/p>\n<p style=\"text-align: justify;\"><strong>3 \u2013 QUINTA \u2013 FEIRA SANTA-18\/04(<\/strong>Missa da Santa Ceia<strong>)<\/strong><\/p>\n<p style=\"text-align: justify;\"><strong>Cor: branco<\/strong><\/p>\n<p style=\"text-align: justify;\"><strong>Hor\u00e1rio:\u00a0<\/strong>7h da noite<\/p>\n<p style=\"text-align: justify;\"><strong>Respons\u00e1veis pela liturgia:\u00a0<\/strong>jovens e ter\u00e7o dos homens<\/p>\n<p style=\"text-align: justify;\"><strong>OBS: 1.\u00a0<\/strong>Todos devem participar da missa do Santo Crisma em Picos, mostrando a comunh\u00e3o com a Diocese<strong>. 2.\u00a0<\/strong>\u00c1 tarde se celebra nas comunidades locais.<\/p>\n<p style=\"text-align: justify;\"><strong>1.Lava-p\u00e9s\u00a0<\/strong>(ap\u00f3s a homilia)<\/p>\n<p style=\"text-align: justify;\"><strong>O que preparar? R. 1.\u00a0<\/strong>Escolher 12 pessoas para lavar os p\u00e9s;\u00a0<strong>2<\/strong>. Colocar as cadeiras para elas em lugar vis\u00edvel;<strong>3.<\/strong>Bacia, \u00e1gua suficiente e toalha grande;<strong>4.<\/strong>Preparar o lugar onde ser\u00e1 colocado o Sant\u00edssimo e planejar com as pastorais o momento de adora\u00e7\u00e3o, o qual durar\u00e1 no m\u00e1ximo at\u00e9 meia noite;<strong>5.<\/strong>\u00a0V\u00e9u humeral, cruz e velas.<\/p>\n<p style=\"text-align: justify;\"><strong>OBS: fazer a translada\u00e7\u00e3o do Sant\u00edssimo.<\/strong><\/p>\n<p style=\"text-align: justify;\"><strong>Ap\u00f3s fazer a translada\u00e7\u00e3o, retirar as toalhas do altar.<\/strong><\/p>\n<p style=\"text-align: justify;\"><strong>Grupos e hor\u00e1rios de adora\u00e7\u00e3o:<\/strong><\/p>\n<ul style=\"text-align: justify;\">\n<li>9h \u00e0s 9:30 \u2013 Catequese<\/li>\n<li>9:30 \u00e0s 10:00 \u2013 D\u00edzimo, Batismo e Adora\u00e7\u00e3o<\/li>\n<li>10:00 \u00e0s 10:30 \u2013 Pastoral do Idoso<\/li>\n<li>10:30 \u00e0s 11:00 \u2013 ECC e Pastoral Familiar<\/li>\n<li>11h \u00e0s 11:30 \u2013 Jovens<\/li>\n<li>11:30 \u00e0s 12:00 \u2013 Pastoral da Esperan\u00e7a.<\/li>\n<\/ul>\n<p style=\"text-align: justify;\"><strong>4 \u2013\u00a0<\/strong><strong>SEXTA \u2013 FEIRA SANTA-19\/04(<\/strong>Solenidade da Paix\u00e3o do Senhor<strong>)<\/strong><\/p>\n<p style=\"text-align: justify;\"><strong>Cor: paramentos vermelhos; alfaias brancas.<\/strong><\/p>\n<p style=\"text-align: justify;\"><strong>Hor\u00e1rio:\u00a0<\/strong>3h da tarde<\/p>\n<p style=\"text-align: justify;\"><strong>Respons\u00e1veis pela Liturgia:\u00a0<\/strong>todas as pastorais<\/p>\n<p style=\"text-align: justify;\"><strong>1\u00aa Parte da celebra\u00e7\u00e3o: liturgia da Palavra\u00a0<\/strong>(Pastoral do D\u00edzimo)<\/p>\n<p style=\"text-align: justify;\"><strong>OBS:\u00a0<\/strong>1. Come\u00e7a a celebra\u00e7\u00e3o em sil\u00eancio, sem coment\u00e1rios nem canto de entrada. 2. O Altar continua sem toalha, a qual ser\u00e1 colocada somente na hora da comunh\u00e3o ap\u00f3s a adora\u00e7\u00e3o da cruz.<\/p>\n<p style=\"text-align: justify;\"><strong>Ora\u00e7\u00e3o universal\u00a0<\/strong>(10 preces-Missal)<\/p>\n<p style=\"text-align: justify;\"><strong>2\u00aa Parte da celebra\u00e7\u00e3o: adora\u00e7\u00e3o da Santa Cruz<\/strong><\/p>\n<p style=\"text-align: justify;\"><strong>OBS:\u00a0<\/strong>1. Preparar uma cruz, enrolando-a com um pano. 2. Duas velas e um f\u00f3sforo ou isqueiro. Deixar tudo na entrada da Igreja<\/p>\n<p style=\"text-align: justify;\"><strong>3\u00aa Parte da celebra\u00e7\u00e3o: Comunh\u00e3o<\/strong><\/p>\n<p style=\"text-align: justify;\"><strong>OBS:\u00a0<\/strong>1. N\u00e3o tem ora\u00e7\u00e3o Eucar\u00edstica nem o momento da paz. Apenas reza-se o Pai-Nosso. 2 Por a toalha branca no altar, o corporal e o Missal. 3. Depois da ora\u00e7\u00e3o p\u00f3s-comunh\u00e3o. 4. Todos se retiram em sil\u00eancio e tiram-se as toalhas do Altar novamente.<\/p>\n<p style=\"text-align: justify;\"><strong>Via-Sacra\u00a0<\/strong>(nas ruas).<\/p>\n<p style=\"text-align: justify;\"><strong>OBS:\u00a0<\/strong>Procurar, com anteced\u00eancia, as casas, nas quais, ser\u00e3o feitas as esta\u00e7\u00f5es.<\/p>\n<p style=\"text-align: justify;\"><strong>OBS:\u00a0<\/strong>avisar a todos para trazerem lenha e vela branca para a celebra\u00e7\u00e3o da Vig\u00edlia Pascal.<\/p>\n<p style=\"text-align: justify;\"><strong>5 \u2013\u00a0<\/strong><strong>S\u00c1BADO SANTO-20\/04\u00a0<\/strong>(Vig\u00edlia Pascal)<\/p>\n<p style=\"text-align: justify;\"><strong>Cor:\u00a0<\/strong>Branco<\/p>\n<p style=\"text-align: justify;\"><strong>Hor\u00e1rio<\/strong>: 7h da noite<\/p>\n<p style=\"text-align: justify;\"><strong>Respons\u00e1veis pela Liturgia:<\/strong>\u00a0Todas as Pastorais<\/p>\n<p style=\"text-align: justify;\"><strong>Comentarista:<\/strong><\/p>\n<p style=\"text-align: justify;\"><strong>1\u00aa Parte: Celebra\u00e7\u00e3o da luz<\/strong><\/p>\n<ul style=\"text-align: justify;\">\n<li>Inicia fora da Igreja com a Prepara\u00e7\u00e3o do C\u00edrio;<\/li>\n<li>Prociss\u00e3o: o padre com o C\u00edrio;<\/li>\n<li>Proclama\u00e7\u00e3o da P\u00e1scoa<\/li>\n<\/ul>\n<p style=\"text-align: justify;\"><strong>OBS:\u00a0<\/strong>1. Preparar o fogo. 2. Uma lanterna. 3. Deixar o C\u00edrio, um estilete e os gr\u00e3os numa mesa na entrada da Igreja.<\/p>\n<p style=\"text-align: justify;\"><strong>2\u00aa Parte: Liturgia da Palavra<\/strong><\/p>\n<ul style=\"text-align: justify;\">\n<li>1\u00aa leitura (Gn 1,1. 26-31\u00aa)<\/li>\n<li>Salmo Sl 103(104)<\/li>\n<li>2\u00aa leitura (Ex 14, 15-15, 1): Gilvan<\/li>\n<li>Salmo (Ex 15): Das Gra\u00e7as<\/li>\n<li>3\u00aa leitura (Ez 36, 16-28): Gra\u00e7a Leal<\/li>\n<li>Salmo Sl 41(42): Maristela<\/li>\n<\/ul>\n<p style=\"text-align: justify;\"><strong>OBS:\u00a0<\/strong>Ora\u00e7\u00e3o ap\u00f3s cada salmo.<\/p>\n<p style=\"text-align: justify;\"><strong>OBS:<\/strong>\u00a0Ap\u00f3s salmo, da \u00faltima leitura do Antigo Testamento, acendem-se as velas do altar e canta-se o Gl\u00f3ria.<\/p>\n<ul style=\"text-align: justify;\">\n<li>Gl\u00f3ria<\/li>\n<li>Ora\u00e7\u00e3o do Dia<\/li>\n<li>Ep\u00edstola (Rm 6, 3-11): L\u00facia Oliveira<\/li>\n<li>Canto de Aleluia<\/li>\n<li>Salmo 117 (118): Celina<\/li>\n<\/ul>\n<p style=\"text-align: justify;\"><strong>3\u00aa Parte: Liturgia Batismal<\/strong><\/p>\n<ul style=\"text-align: justify;\">\n<li>B\u00ean\u00e7\u00e3o da \u00e1gua para aspers\u00e3o (n.45-Missal);<\/li>\n<li>Renova\u00e7\u00e3o das promessas batismais (n. 46-Missal);<\/li>\n<li>Aspers\u00e3o com \u00e1gua benta.<\/li>\n<\/ul>\n<p style=\"text-align: justify;\"><strong>OBS:\u00a0<\/strong>Preparar uma bacia com \u00e1gua e deix\u00e1-la na mesa da credencia.<\/p>\n<p style=\"text-align: justify;\"><strong>4\u00aa Parte: Liturgia Eucar\u00edstica<\/strong><\/p>\n<ul style=\"text-align: justify;\">\n<li>Segue-se a liturgia normalmente<\/li>\n<\/ul>\n<p style=\"text-align: justify;\"><strong>6 \u2013\u00a0<\/strong><strong>DOMINGO DE P\u00c1SCOA<\/strong><\/p>\n<p style=\"text-align: justify;\"><strong>Cor: branco<\/strong><\/p>\n<p style=\"text-align: justify;\"><strong>Hor\u00e1rio:\u00a0<\/strong>7h da noite<\/p>\n<p style=\"text-align: justify;\"><strong>Respons\u00e1veis pela liturgia:\u00a0<\/strong>pastoral do batismo e adora\u00e7\u00e3o<\/p>\n<p style=\"text-align: justify;\"><strong>OBS:\u00a0<\/strong>1. Acender o C\u00edrio dizendo\u2026 2. Cantar a Seq\u00fc\u00eancia ap\u00f3s a II Leitura.<\/p>\n<p style=\"text-align: justify;\">\n<p style=\"text-align: justify;\"><strong>\u25baVeja programa\u00e7\u00e3o para Francisco Macedo:<\/strong><\/p>\n<p style=\"text-align: justify;\"><strong>1 \u2013 DOMINGO de RAMOS \u2013 14\/04<\/strong><\/p>\n<p style=\"text-align: justify;\"><strong>Cor: vermelho<\/strong><\/p>\n<p style=\"text-align: justify;\"><strong>Hor\u00e1rio:\u00a0<\/strong>18h da noite<\/p>\n<p style=\"text-align: justify;\"><strong>Respons\u00e1veis pela liturgia:\u00a0<\/strong>Jovens<\/p>\n<p style=\"text-align: justify;\"><strong>1\u00aa parte da celebra\u00e7\u00e3o\u00a0<\/strong>(Fora da igreja)<\/p>\n<ul style=\"text-align: justify;\">\n<li>Acolhida, b\u00ean\u00e7\u00e3o dos ramos, evangelho e reflex\u00e3o (padre);<\/li>\n<li>Prociss\u00e3o: Do Mirante at\u00e9 a Igreja.<\/li>\n<\/ul>\n<p style=\"text-align: justify;\"><strong>O que preparar? R.\u00a0<\/strong>Bacia com \u00e1gua, cruz, ramos, um jegue, tra\u00e7ar o percurso e divulgar antecipadamente.<\/p>\n<p style=\"text-align: justify;\"><strong>2\u00aa Parte da celebra\u00e7\u00e3o<\/strong>\u00a0(dentro da Igreja)<\/p>\n<p style=\"text-align: justify;\"><strong>OBS: Se houver prociss\u00e3o, omite-se o ato penitencial.<\/strong><\/p>\n<ul style=\"text-align: justify;\">\n<li>Ora\u00e7\u00e3o do dia (Padre);<\/li>\n<li>Segue-se a liturgia normal;<\/li>\n<li>Ofert\u00f3rio: coleta da Campanha da Fraternidade.<\/li>\n<\/ul>\n<p style=\"text-align: justify;\"><strong>2 \u2013 QUARTA-FEIRA SANTA \u2013 17\/04<\/strong>(Missa dos doentes)<\/p>\n<ul style=\"text-align: justify;\">\n<li><strong>Hor\u00e1rio:\u00a0<\/strong>5h da tarde<\/li>\n<li><strong>Respons\u00e1veis:\u00a0<\/strong>Pastoral da Pessoa Idosa<\/li>\n<\/ul>\n<p style=\"text-align: justify;\"><strong>OBS: 1.\u00a0<\/strong>Providenciar carros para ir buscar e deixar os doentes em sua casa; 2. Providenciar um lanche ap\u00f3s a missa.<\/p>\n<p style=\"text-align: justify;\"><strong>3 \u2013 QUINTA-FEIRA SANTA \u2013 18\/04(<\/strong>missa da Santa Ceia<strong>)<\/strong><\/p>\n<p style=\"text-align: justify;\"><strong>Cor: branco<\/strong><\/p>\n<p style=\"text-align: justify;\"><strong>Hor\u00e1rio:\u00a0<\/strong>5h da tarde<\/p>\n<p style=\"text-align: justify;\"><strong>Respons\u00e1veis pela liturgia:\u00a0<\/strong>Pastoral do Batismo e Apostolado da Ora\u00e7\u00e3o;<\/p>\n<p style=\"text-align: justify;\"><strong>OBS:1. todos devem participar da missa do Santo Crisma em Picos, mostrando a comunh\u00e3o com a Diocese.2.\u00c1 tarde se celebra nas comunidades locais.<\/strong><\/p>\n<ol style=\"text-align: justify;\">\n<li><strong>Lava-p\u00e9s\u00a0<\/strong>(ap\u00f3s a homilia)<\/li>\n<\/ol>\n<p style=\"text-align: justify;\"><strong>O que preparar? R.\u00a0<\/strong>escolher 12 pessoas para lavar os p\u00e9s; colocar as cadeiras para elas em lugar vis\u00edvel; bacia, \u00e1gua suficiente e toalha grande; preparar o lugar onde ser\u00e1 colocado o Sant\u00edssimo e planejar com as pastorais o momento de adora\u00e7\u00e3o, o qual durar\u00e1 no m\u00e1ximo at\u00e9 meia noite; v\u00e9u humeral, cruz e velas.<\/p>\n<p style=\"text-align: justify;\"><strong>OBS: fazer a translada\u00e7\u00e3o do Sant\u00edssimo.<\/strong><\/p>\n<p style=\"text-align: justify;\"><strong>Ap\u00f3s fazer a translada\u00e7\u00e3o, retirar as toalhas do altar.<\/strong><\/p>\n<p style=\"text-align: justify;\"><strong>4 \u2013\u00a0<\/strong><strong>SEXTA-FEIRA SANTA 19\/04 (<\/strong>Missa da Paix\u00e3o do Senhor<strong>)<\/strong><\/p>\n<p style=\"text-align: justify;\"><strong>Cor: paramentos vermelhos; alfaias brancas.<\/strong><\/p>\n<p style=\"text-align: justify;\"><strong>Hor\u00e1rio:\u00a0<\/strong>5h da tarde<\/p>\n<p style=\"text-align: justify;\"><strong>Respons\u00e1veis pela Liturgia:\u00a0<\/strong>Jovens<\/p>\n<p style=\"text-align: justify;\"><strong>1\u00aa Parte da celebra\u00e7\u00e3o: liturgia da Palavra<\/strong><\/p>\n<p style=\"text-align: justify;\"><strong>OBS:\u00a0<\/strong>1. Come\u00e7a a celebra\u00e7\u00e3o em sil\u00eancio, sem coment\u00e1rios nem canto de entrada.<\/p>\n<p style=\"text-align: justify;\">2. O Altar continua sem toalha, a qual ser\u00e1 colocada somente na hora da comunh\u00e3o ap\u00f3s a adora\u00e7\u00e3o da cruz.<\/p>\n<p style=\"text-align: justify;\"><strong>Ora\u00e7\u00e3o universal\u00a0<\/strong>(10 preces-Missal)<\/p>\n<p style=\"text-align: justify;\"><strong>2\u00aa Parte da celebra\u00e7\u00e3o: adora\u00e7\u00e3o da Santa Cruz<\/strong><\/p>\n<p style=\"text-align: justify;\"><strong>OBS:\u00a0<\/strong>1. Preparar uma cruz, enrolando-a com um pano. 2. Duas velas e um f\u00f3sforo ou isqueiro. Deixar tudo na entrada da Igreja<\/p>\n<p style=\"text-align: justify;\"><strong>3\u00aa Parte da celebra\u00e7\u00e3o: Comunh\u00e3o<\/strong><\/p>\n<p style=\"text-align: justify;\"><strong>OBS:<\/strong>1. N\u00e3o tem ora\u00e7\u00e3o Eucar\u00edstica nem o momento da paz. Apenas reza-se o Pai-Nosso. 2. por a toalha branca no altar, o corporal e o Missal. 3. Depois da ora\u00e7\u00e3o p\u00f3s-comunh\u00e3o. Todos se retiram em sil\u00eancio e tiram-se as toalhas do Altar novamente.<\/p>\n<p style=\"text-align: justify;\"><strong>OBS:\u00a0<\/strong>Procurar, com anteced\u00eancia, as casas, nas quais, ser\u00e3o feitas as esta\u00e7\u00f5es da Via-Sacra.<\/p>\n<p style=\"text-align: justify;\"><strong>OBS:\u00a0<\/strong>avisar a todos para trazerem lenha e vela branca para a celebra\u00e7\u00e3o da Vig\u00edlia Pascal.<\/p>\n<p style=\"text-align: justify;\"><strong>5 \u2013 S\u00c1BADO SANTO \u2013 20\/04<\/strong>(Vig\u00edlia Pascal)<\/p>\n<p style=\"text-align: justify;\"><strong>Hor\u00e1rio<\/strong>: 9h da noite<\/p>\n<p style=\"text-align: justify;\"><strong>Respons\u00e1veis pela Liturgia:\u00a0<\/strong>ECC e Pastoral Familiar<\/p>\n<p style=\"text-align: justify;\"><strong>1\u00aa Parte: Celebra\u00e7\u00e3o da luz<\/strong><\/p>\n<ul style=\"text-align: justify;\">\n<li>Inicia fora da Igreja com a Prepara\u00e7\u00e3o do C\u00edrio;<\/li>\n<li>Prociss\u00e3o: o padre com o C\u00edrio;<\/li>\n<li>Proclama\u00e7\u00e3o da P\u00e1scoa<\/li>\n<\/ul>\n<p style=\"text-align: justify;\"><strong>OBS:\u00a0<\/strong>1. Preparar o fogo. 2. Uma lanterna. 3. Deixar o C\u00edrio, um estilete e os gr\u00e3os numa mesa na entrada da Igreja.<\/p>\n<p style=\"text-align: justify;\"><strong>2\u00aa Parte: Liturgia da Palavra<\/strong><\/p>\n<ul style=\"text-align: justify;\">\n<li>1\u00aa leitura (Gn 1,1. 26-31\u00aa)\u2026\u2026\u2026\u2026\u2026\u2026\u2026\u2026\u2026..<\/li>\n<li>Salmo103(104)\u2026\u2026\u2026\u2026\u2026\u2026\u2026\u2026\u2026\u2026\u2026.<\/li>\n<li>2\u00aa leitura (Ex 14, 15-15, 1)\u2026\u2026\u2026\u2026\u2026\u2026\u2026\u2026\u2026.<\/li>\n<li>Salmo (Ex 15)\u2026\u2026\u2026\u2026\u2026\u2026\u2026\u2026\u2026\u2026\u2026<\/li>\n<li>3\u00aa leitura (Ez 36, 16-28)\u2026\u2026\u2026\u2026\u2026\u2026\u2026\u2026\u2026\u2026..<\/li>\n<li>Salmo 41(42)\u2026\u2026\u2026\u2026\u2026\u2026\u2026\u2026\u2026\u2026\u2026..<\/li>\n<\/ul>\n<p style=\"text-align: justify;\"><strong>OBS:\u00a0<\/strong>ora\u00e7\u00e3o ap\u00f3s cada salmo.<\/p>\n<ul style=\"text-align: justify;\">\n<li>Gl\u00f3ria<\/li>\n<li>Ep\u00edstola(Rm 6, 3-11)<\/li>\n<\/ul>\n<p style=\"text-align: justify;\"><strong>3\u00aa Parte: Liturgia Batismal<\/strong><\/p>\n<ul style=\"text-align: justify;\">\n<li>B\u00ean\u00e7\u00e3o da \u00e1gua para aspers\u00e3o (n.45-Missal);<\/li>\n<li>Renova\u00e7\u00e3o das promessas batismais (n. 46-Missal);<\/li>\n<li>Aspers\u00e3o com \u00e1gua benta.<\/li>\n<\/ul>\n<p style=\"text-align: justify;\"><strong>OBS:\u00a0<\/strong>preparar uma bacia com \u00e1gua e deix\u00e1-la na mesa da credencia.<\/p>\n<p style=\"text-align: justify;\"><strong>4\u00aa Parte: Liturgia Eucar\u00edstica<\/strong><\/p>\n<ul style=\"text-align: justify;\">\n<li>Segue-se a liturgia normalmente<\/li>\n<\/ul>\n<p style=\"text-align: justify;\"><strong>6 \u2013 DOMINGO de P\u00c1SCOA \u2013 21\/04<\/strong><\/p>\n<p style=\"text-align: justify;\"><strong>Cor: branco<\/strong><\/p>\n<p style=\"text-align: justify;\"><strong>Hor\u00e1rio:\u00a0<\/strong>10h da manh\u00e3<\/p>\n<p style=\"text-align: justify;\"><strong>Respons\u00e1veis pela liturgia:<\/strong>Inf\u00e2ncia Mission\u00e1ria, Pastoral do Batismo e Catequese<\/p>\n<p style=\"text-align: justify;\"><strong>OBS:\u00a0<\/strong>1. Acender o C\u00edrio dizendo\u2026 2. Cantar a Seq\u00fc\u00eancia ap\u00f3s a II Leitura.<\/p>\n<p style=\"text-align: justify;\"><strong>FONTE: Cidades na Net\u00a0<\/strong><\/p>\n","protected":false},"excerpt":{"rendered":"<p>Tradi\u00e7\u00e3o crist\u00e3 religiosa cat\u00f3lica, a Semana Santa celebra a Paix\u00e3o, Morte e Ressurrei\u00e7\u00e3o de Jesus Cristo. O per\u00edodo inicia no Domingo de Ramos (14) que celebra a entrada de Jesus em Jerusal\u00e9m, prosseguindo at\u00e9 o domingo (21) caracterizado como Domingo de P\u00e1scoa. O Domingo de P\u00e1scoa celebra a ressurrei\u00e7\u00e3o de Cristo, ap\u00f3s tr\u00eas dias de &hellip;<\/p>\n","protected":false},"author":4,"featured_media":6699,"comment_status":"open","ping_status":"open","sticky":false,"template":"","format":"standard","meta":{"content-type":"","rop_custom_images_group":[],"rop_custom_messages_group":[],"rop_publish_now":"initial","rop_publish_now_accounts":{"facebook_2648258775420054_1618374048415101":""},"rop_publish_now_history":[],"rop_publish_now_status":"pending","footnotes":"","_jetpack_memberships_contains_paid_content":false},"categories":[118],"tags":[1294,2556,2557,1323,2558,2559],"yoast_head":"<!-- This site is optimized with the Yoast SEO plugin v22.3 - https:\/\/yoast.com\/wordpress\/plugins\/seo\/ -->\n<title>Par\u00f3quia Nossa Senhora de F\u00e1tima divulga programa\u00e7\u00e3o da Semana Santa para Alegrete e Francisco Macedo - Portal NPM<\/title>\n<meta name=\"robots\" content=\"index, follow, max-snippet:-1, max-image-preview:large, max-video-preview:-1\" \/>\n<link rel=\"canonical\" href=\"https:\/\/portalnpm.com\/index.php\/2019\/04\/02\/paroquia-nossa-senhora-de-fatima-divulga-programacao-da-semana-santa-para-alegrete-e-francisco-macedo\/\" \/>\n<meta property=\"og:locale\" content=\"pt_BR\" \/>\n<meta property=\"og:type\" content=\"article\" \/>\n<meta property=\"og:title\" content=\"Par\u00f3quia Nossa Senhora de F\u00e1tima divulga programa\u00e7\u00e3o da Semana Santa para Alegrete e Francisco Macedo - Portal NPM\" \/>\n<meta property=\"og:description\" content=\"Tradi\u00e7\u00e3o crist\u00e3 religiosa cat\u00f3lica, a Semana Santa celebra a Paix\u00e3o, Morte e Ressurrei\u00e7\u00e3o de Jesus Cristo. O per\u00edodo inicia no Domingo de Ramos (14) que celebra a entrada de Jesus em Jerusal\u00e9m, prosseguindo at\u00e9 o domingo (21) caracterizado como Domingo de P\u00e1scoa. O Domingo de P\u00e1scoa celebra a ressurrei\u00e7\u00e3o de Cristo, ap\u00f3s tr\u00eas dias de &hellip;\" \/>\n<meta property=\"og:url\" content=\"https:\/\/portalnpm.com\/index.php\/2019\/04\/02\/paroquia-nossa-senhora-de-fatima-divulga-programacao-da-semana-santa-para-alegrete-e-francisco-macedo\/\" \/>\n<meta property=\"og:site_name\" content=\"Portal NPM\" \/>\n<meta property=\"article:published_time\" content=\"2019-04-02T17:32:29+00:00\" \/>\n<meta name=\"author\" content=\"Reda\u00e7\u00e3o\" \/>\n<meta name=\"twitter:card\" content=\"summary_large_image\" \/>\n<meta name=\"twitter:label1\" content=\"Escrito por\" \/>\n\t<meta name=\"twitter:data1\" content=\"Reda\u00e7\u00e3o\" \/>\n\t<meta name=\"twitter:label2\" content=\"Est. tempo de leitura\" \/>\n\t<meta name=\"twitter:data2\" content=\"8 minutos\" \/>\n<script type=\"application\/ld+json\" class=\"yoast-schema-graph\">{\"@context\":\"https:\/\/schema.org\",\"@graph\":[{\"@type\":\"WebPage\",\"@id\":\"https:\/\/portalnpm.com\/index.php\/2019\/04\/02\/paroquia-nossa-senhora-de-fatima-divulga-programacao-da-semana-santa-para-alegrete-e-francisco-macedo\/\",\"url\":\"https:\/\/portalnpm.com\/index.php\/2019\/04\/02\/paroquia-nossa-senhora-de-fatima-divulga-programacao-da-semana-santa-para-alegrete-e-francisco-macedo\/\",\"name\":\"Par\u00f3quia Nossa Senhora de F\u00e1tima divulga programa\u00e7\u00e3o da Semana Santa para Alegrete e Francisco Macedo - Portal NPM\",\"isPartOf\":{\"@id\":\"https:\/\/portalnpm.com\/#website\"},\"primaryImageOfPage\":{\"@id\":\"https:\/\/portalnpm.com\/index.php\/2019\/04\/02\/paroquia-nossa-senhora-de-fatima-divulga-programacao-da-semana-santa-para-alegrete-e-francisco-macedo\/#primaryimage\"},\"image\":{\"@id\":\"https:\/\/portalnpm.com\/index.php\/2019\/04\/02\/paroquia-nossa-senhora-de-fatima-divulga-programacao-da-semana-santa-para-alegrete-e-francisco-macedo\/#primaryimage\"},\"thumbnailUrl\":\"\",\"datePublished\":\"2019-04-02T17:32:29+00:00\",\"dateModified\":\"2019-04-02T17:32:29+00:00\",\"author\":{\"@id\":\"https:\/\/portalnpm.com\/#\/schema\/person\/0b5f230ec96cee25504fa328e7f2b733\"},\"breadcrumb\":{\"@id\":\"https:\/\/portalnpm.com\/index.php\/2019\/04\/02\/paroquia-nossa-senhora-de-fatima-divulga-programacao-da-semana-santa-para-alegrete-e-francisco-macedo\/#breadcrumb\"},\"inLanguage\":\"pt-BR\",\"potentialAction\":[{\"@type\":\"ReadAction\",\"target\":[\"https:\/\/portalnpm.com\/index.php\/2019\/04\/02\/paroquia-nossa-senhora-de-fatima-divulga-programacao-da-semana-santa-para-alegrete-e-francisco-macedo\/\"]}]},{\"@type\":\"ImageObject\",\"inLanguage\":\"pt-BR\",\"@id\":\"https:\/\/portalnpm.com\/index.php\/2019\/04\/02\/paroquia-nossa-senhora-de-fatima-divulga-programacao-da-semana-santa-para-alegrete-e-francisco-macedo\/#primaryimage\",\"url\":\"\",\"contentUrl\":\"\"},{\"@type\":\"BreadcrumbList\",\"@id\":\"https:\/\/portalnpm.com\/index.php\/2019\/04\/02\/paroquia-nossa-senhora-de-fatima-divulga-programacao-da-semana-santa-para-alegrete-e-francisco-macedo\/#breadcrumb\",\"itemListElement\":[{\"@type\":\"ListItem\",\"position\":1,\"name\":\"In\u00edcio\",\"item\":\"https:\/\/portalnpm.com\/\"},{\"@type\":\"ListItem\",\"position\":2,\"name\":\"Par\u00f3quia Nossa Senhora de F\u00e1tima divulga programa\u00e7\u00e3o da Semana Santa para Alegrete e Francisco Macedo\"}]},{\"@type\":\"WebSite\",\"@id\":\"https:\/\/portalnpm.com\/#website\",\"url\":\"https:\/\/portalnpm.com\/\",\"name\":\"Portal NPM\",\"description\":\"Not\u00edcias em Primeira M\u00e3o\",\"potentialAction\":[{\"@type\":\"SearchAction\",\"target\":{\"@type\":\"EntryPoint\",\"urlTemplate\":\"https:\/\/portalnpm.com\/?s={search_term_string}\"},\"query-input\":\"required name=search_term_string\"}],\"inLanguage\":\"pt-BR\"},{\"@type\":\"Person\",\"@id\":\"https:\/\/portalnpm.com\/#\/schema\/person\/0b5f230ec96cee25504fa328e7f2b733\",\"name\":\"Reda\u00e7\u00e3o\",\"image\":{\"@type\":\"ImageObject\",\"inLanguage\":\"pt-BR\",\"@id\":\"https:\/\/portalnpm.com\/#\/schema\/person\/image\/\",\"url\":\"https:\/\/portalnpm.com\/wp-content\/uploads\/2024\/03\/avatar_user_4_1710097212-96x96.png\",\"contentUrl\":\"https:\/\/portalnpm.com\/wp-content\/uploads\/2024\/03\/avatar_user_4_1710097212-96x96.png\",\"caption\":\"Reda\u00e7\u00e3o\"},\"url\":\"https:\/\/portalnpm.com\/index.php\/author\/redacao\/\"}]}<\/script>\n<!-- \/ Yoast SEO plugin. -->","yoast_head_json":{"title":"Par\u00f3quia Nossa Senhora de F\u00e1tima divulga programa\u00e7\u00e3o da Semana Santa para Alegrete e Francisco Macedo - Portal NPM","robots":{"index":"index","follow":"follow","max-snippet":"max-snippet:-1","max-image-preview":"max-image-preview:large","max-video-preview":"max-video-preview:-1"},"canonical":"https:\/\/portalnpm.com\/index.php\/2019\/04\/02\/paroquia-nossa-senhora-de-fatima-divulga-programacao-da-semana-santa-para-alegrete-e-francisco-macedo\/","og_locale":"pt_BR","og_type":"article","og_title":"Par\u00f3quia Nossa Senhora de F\u00e1tima divulga programa\u00e7\u00e3o da Semana Santa para Alegrete e Francisco Macedo - Portal NPM","og_description":"Tradi\u00e7\u00e3o crist\u00e3 religiosa cat\u00f3lica, a Semana Santa celebra a Paix\u00e3o, Morte e Ressurrei\u00e7\u00e3o de Jesus Cristo. O per\u00edodo inicia no Domingo de Ramos (14) que celebra a entrada de Jesus em Jerusal\u00e9m, prosseguindo at\u00e9 o domingo (21) caracterizado como Domingo de P\u00e1scoa. O Domingo de P\u00e1scoa celebra a ressurrei\u00e7\u00e3o de Cristo, ap\u00f3s tr\u00eas dias de &hellip;","og_url":"https:\/\/portalnpm.com\/index.php\/2019\/04\/02\/paroquia-nossa-senhora-de-fatima-divulga-programacao-da-semana-santa-para-alegrete-e-francisco-macedo\/","og_site_name":"Portal NPM","article_published_time":"2019-04-02T17:32:29+00:00","author":"Reda\u00e7\u00e3o","twitter_card":"summary_large_image","twitter_misc":{"Escrito por":"Reda\u00e7\u00e3o","Est. tempo de leitura":"8 minutos"},"schema":{"@context":"https:\/\/schema.org","@graph":[{"@type":"WebPage","@id":"https:\/\/portalnpm.com\/index.php\/2019\/04\/02\/paroquia-nossa-senhora-de-fatima-divulga-programacao-da-semana-santa-para-alegrete-e-francisco-macedo\/","url":"https:\/\/portalnpm.com\/index.php\/2019\/04\/02\/paroquia-nossa-senhora-de-fatima-divulga-programacao-da-semana-santa-para-alegrete-e-francisco-macedo\/","name":"Par\u00f3quia Nossa Senhora de F\u00e1tima divulga programa\u00e7\u00e3o da Semana Santa para Alegrete e Francisco Macedo - Portal NPM","isPartOf":{"@id":"https:\/\/portalnpm.com\/#website"},"primaryImageOfPage":{"@id":"https:\/\/portalnpm.com\/index.php\/2019\/04\/02\/paroquia-nossa-senhora-de-fatima-divulga-programacao-da-semana-santa-para-alegrete-e-francisco-macedo\/#primaryimage"},"image":{"@id":"https:\/\/portalnpm.com\/index.php\/2019\/04\/02\/paroquia-nossa-senhora-de-fatima-divulga-programacao-da-semana-santa-para-alegrete-e-francisco-macedo\/#primaryimage"},"thumbnailUrl":"","datePublished":"2019-04-02T17:32:29+00:00","dateModified":"2019-04-02T17:32:29+00:00","author":{"@id":"https:\/\/portalnpm.com\/#\/schema\/person\/0b5f230ec96cee25504fa328e7f2b733"},"breadcrumb":{"@id":"https:\/\/portalnpm.com\/index.php\/2019\/04\/02\/paroquia-nossa-senhora-de-fatima-divulga-programacao-da-semana-santa-para-alegrete-e-francisco-macedo\/#breadcrumb"},"inLanguage":"pt-BR","potentialAction":[{"@type":"ReadAction","target":["https:\/\/portalnpm.com\/index.php\/2019\/04\/02\/paroquia-nossa-senhora-de-fatima-divulga-programacao-da-semana-santa-para-alegrete-e-francisco-macedo\/"]}]},{"@type":"ImageObject","inLanguage":"pt-BR","@id":"https:\/\/portalnpm.com\/index.php\/2019\/04\/02\/paroquia-nossa-senhora-de-fatima-divulga-programacao-da-semana-santa-para-alegrete-e-francisco-macedo\/#primaryimage","url":"","contentUrl":""},{"@type":"BreadcrumbList","@id":"https:\/\/portalnpm.com\/index.php\/2019\/04\/02\/paroquia-nossa-senhora-de-fatima-divulga-programacao-da-semana-santa-para-alegrete-e-francisco-macedo\/#breadcrumb","itemListElement":[{"@type":"ListItem","position":1,"name":"In\u00edcio","item":"https:\/\/portalnpm.com\/"},{"@type":"ListItem","position":2,"name":"Par\u00f3quia Nossa Senhora de F\u00e1tima divulga programa\u00e7\u00e3o da Semana Santa para Alegrete e Francisco Macedo"}]},{"@type":"WebSite","@id":"https:\/\/portalnpm.com\/#website","url":"https:\/\/portalnpm.com\/","name":"Portal NPM","description":"Not\u00edcias em Primeira M\u00e3o","potentialAction":[{"@type":"SearchAction","target":{"@type":"EntryPoint","urlTemplate":"https:\/\/portalnpm.com\/?s={search_term_string}"},"query-input":"required name=search_term_string"}],"inLanguage":"pt-BR"},{"@type":"Person","@id":"https:\/\/portalnpm.com\/#\/schema\/person\/0b5f230ec96cee25504fa328e7f2b733","name":"Reda\u00e7\u00e3o","image":{"@type":"ImageObject","inLanguage":"pt-BR","@id":"https:\/\/portalnpm.com\/#\/schema\/person\/image\/","url":"https:\/\/portalnpm.com\/wp-content\/uploads\/2024\/03\/avatar_user_4_1710097212-96x96.png","contentUrl":"https:\/\/portalnpm.com\/wp-content\/uploads\/2024\/03\/avatar_user_4_1710097212-96x96.png","caption":"Reda\u00e7\u00e3o"},"url":"https:\/\/portalnpm.com\/index.php\/author\/redacao\/"}]}},"jetpack_sharing_enabled":true,"jetpack_featured_media_url":"","_links":{"self":[{"href":"https:\/\/portalnpm.com\/index.php\/wp-json\/wp\/v2\/posts\/6698"}],"collection":[{"href":"https:\/\/portalnpm.com\/index.php\/wp-json\/wp\/v2\/posts"}],"about":[{"href":"https:\/\/portalnpm.com\/index.php\/wp-json\/wp\/v2\/types\/post"}],"author":[{"embeddable":true,"href":"https:\/\/portalnpm.com\/index.php\/wp-json\/wp\/v2\/users\/4"}],"replies":[{"embeddable":true,"href":"https:\/\/portalnpm.com\/index.php\/wp-json\/wp\/v2\/comments?post=6698"}],"version-history":[{"count":0,"href":"https:\/\/portalnpm.com\/index.php\/wp-json\/wp\/v2\/posts\/6698\/revisions"}],"wp:featuredmedia":[{"embeddable":true,"href":"https:\/\/portalnpm.com\/index.php\/wp-json\/"}],"wp:attachment":[{"href":"https:\/\/portalnpm.com\/index.php\/wp-json\/wp\/v2\/media?parent=6698"}],"wp:term":[{"taxonomy":"category","embeddable":true,"href":"https:\/\/portalnpm.com\/index.php\/wp-json\/wp\/v2\/categories?post=6698"},{"taxonomy":"post_tag","embeddable":true,"href":"https:\/\/portalnpm.com\/index.php\/wp-json\/wp\/v2\/tags?post=6698"}],"curies":[{"name":"wp","href":"https:\/\/api.w.org\/{rel}","templated":true}]}}