{"id":66985,"date":"2021-07-22T12:58:10","date_gmt":"2021-07-22T15:58:10","guid":{"rendered":"https:\/\/portalnpm.com\/index.php\/2021\/07\/22\/eu-sou-do-centrao-diz-presidente-bolsonaro-ao-defender-alianca-com-bloco\/"},"modified":"2021-07-22T12:58:10","modified_gmt":"2021-07-22T15:58:10","slug":"eu-sou-do-centrao-diz-presidente-bolsonaro-ao-defender-alianca-com-bloco","status":"publish","type":"post","link":"https:\/\/portalnpm.com\/index.php\/2021\/07\/22\/eu-sou-do-centrao-diz-presidente-bolsonaro-ao-defender-alianca-com-bloco\/","title":{"rendered":"\u201cEu sou do Centr\u00e3o\u201d, diz Presidente Bolsonaro ao defender alian\u00e7a com bloco"},"content":{"rendered":"<p style=\"text-align: justify;\">Presidente recha\u00e7ou o que chamou de termo pejorativo e afirmou que j\u00e1 integrou partidos do grupo, como PP e PTB.<\/p>\n<p style=\"text-align: justify;\">\n<p style=\"text-align: justify;\">Ao comentar a aproxima\u00e7\u00e3o do governo federal com o Centr\u00e3o nesta quinta-feira (22\/7), o presidente\u00a0<a href=\"https:\/\/www.metropoles.com\/tag\/jair-bolsonaro?amp\" target=\"_blank\" rel=\"amphtml noopener\">Jair Bolsonaro<\/a>\u00a0defendeu o bloco e disse que ele mesmo j\u00e1 integrou legendas que comp\u00f5em o grupo durante os mandatos na C\u00e2mara dos Deputados. O bloco \u00e9 formado por partidos de centro e centro-direita e hoje constitui a base do governo no Congresso Nacional.<\/p>\n<div class=\"m-banner-wrap m-banner-rectangle m-publicity-content-middle\" style=\"text-align: justify;\">\n<div id=\"MTP_PUB_CAT_PAI_DFP-quadrado-1\" class=\"ad-quadrado\"><\/div>\n<\/div>\n<p style=\"text-align: justify;\">\u201cCentr\u00e3o \u00e9 um nome pejorativo. Eu sou do Centr\u00e3o, eu fui do PP metade do meu tempo, fui do PTB, fui do ent\u00e3o PFL. No passado, integrei siglas que foram extintas, como PRB, PPB. O PP, l\u00e1 atr\u00e1s, foi extinto. Depois, nasceu novamente da fus\u00e3o do PDS com o PPB, se n\u00e3o me engano\u201d, disse em entrevista \u00e0 R\u00e1dio Banda B de Curitiba, parceira do\u00a0<strong>Metr\u00f3poles<\/strong>.<\/p>\n<p style=\"text-align: justify;\">O chefe do Executivo nacional ainda justificou que, se n\u00e3o negociar com o Centr\u00e3o, n\u00e3o consegue garantir governabilidade.<\/p>\n<p style=\"text-align: justify;\">\u201cN\u00f3s temos 513 parlamentares. O tal Centr\u00e3o, que o chamam pejorativamente disso, s\u00e3o alguns partidos que l\u00e1 atr\u00e1s se uniram na campanha do Alckmin e ficou, ent\u00e3o, rotulado Centr\u00e3o como algo pejorativo, algo danoso \u00e0 na\u00e7\u00e3o. N\u00e3o tem nada a ver, eu nasci de l\u00e1\u201d, defendeu.<\/p>\n<p style=\"text-align: justify;\">Durante a campanha eleitoral em 2018, em uma conven\u00e7\u00e3o do PSL que oficializou a candidatura de Jair Bolsonaro \u00e0 presid\u00eancia da Rep\u00fablica, o agora ministro do Gabinete de Seguran\u00e7a Institucional (GSI), general\u00a0<a href=\"https:\/\/www.metropoles.com\/tag\/augusto-heleno?amp\" target=\"_blank\" rel=\"amphtml noopener\">Augusto Heleno<\/a>, cantou uma par\u00f3dia do samba \u201cReuni\u00e3o de Bacana (Se Gritar Pega Ladr\u00e3o)\u201d, do cantor Bezerra da Silva: \u201cSe gritar pega Centr\u00e3o, n\u00e3o fica um, meu irm\u00e3o\u201d, substituindo a palavra \u201cladr\u00e3o\u201d, da letra original, pelo nome dado ao bloco partid\u00e1rio.<\/p>\n<p style=\"text-align: justify;\">A par\u00f3dia fazia refer\u00eancia \u00e0 alian\u00e7a de Geraldo Alckmin (PSDB) com partidos do Centr\u00e3o.\u00a0<a href=\"https:\/\/www.metropoles.com\/brasil\/politica-brasil\/pega-centrao-augusto-heleno-diz-que-mudou-de-opiniao-sobre-bloco?amp\" target=\"_blank\" rel=\"amphtml noopener\">Recentemente, Heleno disse ter mudado de opini\u00e3o sobre o grupo<\/a>.<\/p>\n<p style=\"text-align: justify;\">Bolsonaro ainda defendeu o deputado Ricardo Barros (PP-PR), l\u00edder do governo na C\u00e2mara, que \u00e9 investigado em den\u00fancias de irregularidades em contratos no \u00e2mbito do Minist\u00e9rio da Sa\u00fade. Pontuou que o parlamentar seja ouvido o quanto antes pela Comiss\u00e3o Parlamentar de Inqu\u00e9rito (CPI) da Covid-19.<\/p>\n<div class=\"OUTBRAIN\" style=\"text-align: justify;\" data-ob-template=\"metropoles\" data-src=\"https:\/\/www.metropoles.com\/brasil\/politica-brasil\/eu-sou-do-centrao-diz-bolsonaro-ao-defender-alianca-com-bloco\" data-widget-id=\"AR_6\"><\/div>\n<p style=\"text-align: justify;\">\u201cA honra dele \u00e9 jogada na lama por pessoas que n\u00e3o t\u00eam qualquer credibilidade perante a opini\u00e3o p\u00fablica. Mais do que direito dele, a CPI tem o dever de ouvi-lo. Por que deix\u00e1-lo sangrando?\u201d, questionou.<\/p>\n<p style=\"text-align: justify;\"><strong>Fonte: Metr\u00f3poles<\/strong><\/p>\n","protected":false},"excerpt":{"rendered":"<p>Presidente recha\u00e7ou o que chamou de termo pejorativo e afirmou que j\u00e1 integrou partidos do grupo, como PP e PTB. Ao comentar a aproxima\u00e7\u00e3o do governo federal com o Centr\u00e3o nesta quinta-feira (22\/7), o presidente\u00a0Jair Bolsonaro\u00a0defendeu o bloco e disse que ele mesmo j\u00e1 integrou legendas que comp\u00f5em o grupo durante os mandatos na C\u00e2mara &hellip;<\/p>\n","protected":false},"author":3,"featured_media":66986,"comment_status":"open","ping_status":"open","sticky":false,"template":"","format":"standard","meta":{"content-type":"","rop_custom_images_group":[],"rop_custom_messages_group":[],"rop_publish_now":"initial","rop_publish_now_accounts":{"facebook_2648258775420054_1618374048415101":""},"rop_publish_now_history":[],"rop_publish_now_status":"pending","footnotes":"","_jetpack_memberships_contains_paid_content":false},"categories":[113,130],"tags":[576,680,802],"yoast_head":"<!-- This site is optimized with the Yoast SEO plugin v22.3 - https:\/\/yoast.com\/wordpress\/plugins\/seo\/ -->\n<title>\u201cEu sou do Centr\u00e3o\u201d, diz Presidente Bolsonaro ao defender alian\u00e7a com bloco<\/title>\n<meta name=\"robots\" content=\"index, follow, max-snippet:-1, max-image-preview:large, max-video-preview:-1\" \/>\n<link rel=\"canonical\" href=\"https:\/\/portalnpm.com\/index.php\/2021\/07\/22\/eu-sou-do-centrao-diz-presidente-bolsonaro-ao-defender-alianca-com-bloco\/\" \/>\n<meta property=\"og:locale\" content=\"pt_BR\" \/>\n<meta property=\"og:type\" content=\"article\" \/>\n<meta property=\"og:title\" content=\"\u201cEu sou do Centr\u00e3o\u201d, diz Presidente Bolsonaro ao defender alian\u00e7a com bloco\" \/>\n<meta property=\"og:description\" content=\"Presidente recha\u00e7ou o que chamou de termo pejorativo e afirmou que j\u00e1 integrou partidos do grupo, como PP e PTB. Ao comentar a aproxima\u00e7\u00e3o do governo federal com o Centr\u00e3o nesta quinta-feira (22\/7), o presidente\u00a0Jair Bolsonaro\u00a0defendeu o bloco e disse que ele mesmo j\u00e1 integrou legendas que comp\u00f5em o grupo durante os mandatos na C\u00e2mara &hellip;\" \/>\n<meta property=\"og:url\" content=\"https:\/\/portalnpm.com\/index.php\/2021\/07\/22\/eu-sou-do-centrao-diz-presidente-bolsonaro-ao-defender-alianca-com-bloco\/\" \/>\n<meta property=\"og:site_name\" content=\"Portal NPM\" \/>\n<meta property=\"article:published_time\" content=\"2021-07-22T15:58:10+00:00\" \/>\n<meta property=\"og:image\" content=\"https:\/\/portalnpm.com\/wp-content\/uploads\/2024\/01\/bolsonaro-61.jpg\" \/>\n\t<meta property=\"og:image:width\" content=\"462\" \/>\n\t<meta property=\"og:image:height\" content=\"312\" \/>\n\t<meta property=\"og:image:type\" content=\"image\/jpeg\" \/>\n<meta name=\"author\" content=\"Luis Alberto\" \/>\n<meta name=\"twitter:card\" content=\"summary_large_image\" \/>\n<meta name=\"twitter:label1\" content=\"Escrito por\" \/>\n\t<meta name=\"twitter:data1\" content=\"Luis Alberto\" \/>\n\t<meta name=\"twitter:label2\" content=\"Est. tempo de leitura\" \/>\n\t<meta name=\"twitter:data2\" content=\"2 minutos\" \/>\n<script type=\"application\/ld+json\" class=\"yoast-schema-graph\">{\"@context\":\"https:\/\/schema.org\",\"@graph\":[{\"@type\":\"WebPage\",\"@id\":\"https:\/\/portalnpm.com\/index.php\/2021\/07\/22\/eu-sou-do-centrao-diz-presidente-bolsonaro-ao-defender-alianca-com-bloco\/\",\"url\":\"https:\/\/portalnpm.com\/index.php\/2021\/07\/22\/eu-sou-do-centrao-diz-presidente-bolsonaro-ao-defender-alianca-com-bloco\/\",\"name\":\"\u201cEu sou do Centr\u00e3o\u201d, diz Presidente Bolsonaro ao defender alian\u00e7a com bloco\",\"isPartOf\":{\"@id\":\"https:\/\/portalnpm.com\/#website\"},\"primaryImageOfPage\":{\"@id\":\"https:\/\/portalnpm.com\/index.php\/2021\/07\/22\/eu-sou-do-centrao-diz-presidente-bolsonaro-ao-defender-alianca-com-bloco\/#primaryimage\"},\"image\":{\"@id\":\"https:\/\/portalnpm.com\/index.php\/2021\/07\/22\/eu-sou-do-centrao-diz-presidente-bolsonaro-ao-defender-alianca-com-bloco\/#primaryimage\"},\"thumbnailUrl\":\"https:\/\/portalnpm.com\/wp-content\/uploads\/2024\/01\/bolsonaro-61.jpg\",\"datePublished\":\"2021-07-22T15:58:10+00:00\",\"dateModified\":\"2021-07-22T15:58:10+00:00\",\"author\":{\"@id\":\"https:\/\/portalnpm.com\/#\/schema\/person\/5c8006acdf71774cd4e7a5ab98482152\"},\"breadcrumb\":{\"@id\":\"https:\/\/portalnpm.com\/index.php\/2021\/07\/22\/eu-sou-do-centrao-diz-presidente-bolsonaro-ao-defender-alianca-com-bloco\/#breadcrumb\"},\"inLanguage\":\"pt-BR\",\"potentialAction\":[{\"@type\":\"ReadAction\",\"target\":[\"https:\/\/portalnpm.com\/index.php\/2021\/07\/22\/eu-sou-do-centrao-diz-presidente-bolsonaro-ao-defender-alianca-com-bloco\/\"]}]},{\"@type\":\"ImageObject\",\"inLanguage\":\"pt-BR\",\"@id\":\"https:\/\/portalnpm.com\/index.php\/2021\/07\/22\/eu-sou-do-centrao-diz-presidente-bolsonaro-ao-defender-alianca-com-bloco\/#primaryimage\",\"url\":\"https:\/\/portalnpm.com\/wp-content\/uploads\/2024\/01\/bolsonaro-61.jpg\",\"contentUrl\":\"https:\/\/portalnpm.com\/wp-content\/uploads\/2024\/01\/bolsonaro-61.jpg\",\"width\":462,\"height\":312},{\"@type\":\"BreadcrumbList\",\"@id\":\"https:\/\/portalnpm.com\/index.php\/2021\/07\/22\/eu-sou-do-centrao-diz-presidente-bolsonaro-ao-defender-alianca-com-bloco\/#breadcrumb\",\"itemListElement\":[{\"@type\":\"ListItem\",\"position\":1,\"name\":\"In\u00edcio\",\"item\":\"https:\/\/portalnpm.com\/\"},{\"@type\":\"ListItem\",\"position\":2,\"name\":\"\u201cEu sou do Centr\u00e3o\u201d, diz Presidente Bolsonaro ao defender alian\u00e7a com bloco\"}]},{\"@type\":\"WebSite\",\"@id\":\"https:\/\/portalnpm.com\/#website\",\"url\":\"https:\/\/portalnpm.com\/\",\"name\":\"Portal NPM\",\"description\":\"Not\u00edcias em Primeira M\u00e3o\",\"potentialAction\":[{\"@type\":\"SearchAction\",\"target\":{\"@type\":\"EntryPoint\",\"urlTemplate\":\"https:\/\/portalnpm.com\/?s={search_term_string}\"},\"query-input\":\"required name=search_term_string\"}],\"inLanguage\":\"pt-BR\"},{\"@type\":\"Person\",\"@id\":\"https:\/\/portalnpm.com\/#\/schema\/person\/5c8006acdf71774cd4e7a5ab98482152\",\"name\":\"Luis Alberto\",\"image\":{\"@type\":\"ImageObject\",\"inLanguage\":\"pt-BR\",\"@id\":\"https:\/\/portalnpm.com\/#\/schema\/person\/image\/\",\"url\":\"https:\/\/portalnpm.com\/wp-content\/uploads\/2024\/12\/avatar_user_3_1734699769-96x96.jpeg\",\"contentUrl\":\"https:\/\/portalnpm.com\/wp-content\/uploads\/2024\/12\/avatar_user_3_1734699769-96x96.jpeg\",\"caption\":\"Luis Alberto\"},\"description\":\"Editor-geral do Portal NPM, \u00e9 formado como T\u00e9cnico em Seguran\u00e7a do Trabalho pela Escola Metropolitana de Cursos T\u00e9cnicos. Det\u00e9m ainda licenciatura em Educa\u00e7\u00e3o F\u00edsica e bacharelado em Ci\u00eancias Pol\u00edticas, ambos obtidos pela institui\u00e7\u00e3o Anhanguera\/UNOPAR.\",\"url\":\"https:\/\/portalnpm.com\/index.php\/author\/pereira\/\"}]}<\/script>\n<!-- \/ Yoast SEO plugin. -->","yoast_head_json":{"title":"\u201cEu sou do Centr\u00e3o\u201d, diz Presidente Bolsonaro ao defender alian\u00e7a com bloco","robots":{"index":"index","follow":"follow","max-snippet":"max-snippet:-1","max-image-preview":"max-image-preview:large","max-video-preview":"max-video-preview:-1"},"canonical":"https:\/\/portalnpm.com\/index.php\/2021\/07\/22\/eu-sou-do-centrao-diz-presidente-bolsonaro-ao-defender-alianca-com-bloco\/","og_locale":"pt_BR","og_type":"article","og_title":"\u201cEu sou do Centr\u00e3o\u201d, diz Presidente Bolsonaro ao defender alian\u00e7a com bloco","og_description":"Presidente recha\u00e7ou o que chamou de termo pejorativo e afirmou que j\u00e1 integrou partidos do grupo, como PP e PTB. Ao comentar a aproxima\u00e7\u00e3o do governo federal com o Centr\u00e3o nesta quinta-feira (22\/7), o presidente\u00a0Jair Bolsonaro\u00a0defendeu o bloco e disse que ele mesmo j\u00e1 integrou legendas que comp\u00f5em o grupo durante os mandatos na C\u00e2mara &hellip;","og_url":"https:\/\/portalnpm.com\/index.php\/2021\/07\/22\/eu-sou-do-centrao-diz-presidente-bolsonaro-ao-defender-alianca-com-bloco\/","og_site_name":"Portal NPM","article_published_time":"2021-07-22T15:58:10+00:00","og_image":[{"width":462,"height":312,"url":"https:\/\/portalnpm.com\/wp-content\/uploads\/2024\/01\/bolsonaro-61.jpg","type":"image\/jpeg"}],"author":"Luis Alberto","twitter_card":"summary_large_image","twitter_misc":{"Escrito por":"Luis Alberto","Est. tempo de leitura":"2 minutos"},"schema":{"@context":"https:\/\/schema.org","@graph":[{"@type":"WebPage","@id":"https:\/\/portalnpm.com\/index.php\/2021\/07\/22\/eu-sou-do-centrao-diz-presidente-bolsonaro-ao-defender-alianca-com-bloco\/","url":"https:\/\/portalnpm.com\/index.php\/2021\/07\/22\/eu-sou-do-centrao-diz-presidente-bolsonaro-ao-defender-alianca-com-bloco\/","name":"\u201cEu sou do Centr\u00e3o\u201d, diz Presidente Bolsonaro ao defender alian\u00e7a com bloco","isPartOf":{"@id":"https:\/\/portalnpm.com\/#website"},"primaryImageOfPage":{"@id":"https:\/\/portalnpm.com\/index.php\/2021\/07\/22\/eu-sou-do-centrao-diz-presidente-bolsonaro-ao-defender-alianca-com-bloco\/#primaryimage"},"image":{"@id":"https:\/\/portalnpm.com\/index.php\/2021\/07\/22\/eu-sou-do-centrao-diz-presidente-bolsonaro-ao-defender-alianca-com-bloco\/#primaryimage"},"thumbnailUrl":"https:\/\/portalnpm.com\/wp-content\/uploads\/2024\/01\/bolsonaro-61.jpg","datePublished":"2021-07-22T15:58:10+00:00","dateModified":"2021-07-22T15:58:10+00:00","author":{"@id":"https:\/\/portalnpm.com\/#\/schema\/person\/5c8006acdf71774cd4e7a5ab98482152"},"breadcrumb":{"@id":"https:\/\/portalnpm.com\/index.php\/2021\/07\/22\/eu-sou-do-centrao-diz-presidente-bolsonaro-ao-defender-alianca-com-bloco\/#breadcrumb"},"inLanguage":"pt-BR","potentialAction":[{"@type":"ReadAction","target":["https:\/\/portalnpm.com\/index.php\/2021\/07\/22\/eu-sou-do-centrao-diz-presidente-bolsonaro-ao-defender-alianca-com-bloco\/"]}]},{"@type":"ImageObject","inLanguage":"pt-BR","@id":"https:\/\/portalnpm.com\/index.php\/2021\/07\/22\/eu-sou-do-centrao-diz-presidente-bolsonaro-ao-defender-alianca-com-bloco\/#primaryimage","url":"https:\/\/portalnpm.com\/wp-content\/uploads\/2024\/01\/bolsonaro-61.jpg","contentUrl":"https:\/\/portalnpm.com\/wp-content\/uploads\/2024\/01\/bolsonaro-61.jpg","width":462,"height":312},{"@type":"BreadcrumbList","@id":"https:\/\/portalnpm.com\/index.php\/2021\/07\/22\/eu-sou-do-centrao-diz-presidente-bolsonaro-ao-defender-alianca-com-bloco\/#breadcrumb","itemListElement":[{"@type":"ListItem","position":1,"name":"In\u00edcio","item":"https:\/\/portalnpm.com\/"},{"@type":"ListItem","position":2,"name":"\u201cEu sou do Centr\u00e3o\u201d, diz Presidente Bolsonaro ao defender alian\u00e7a com bloco"}]},{"@type":"WebSite","@id":"https:\/\/portalnpm.com\/#website","url":"https:\/\/portalnpm.com\/","name":"Portal NPM","description":"Not\u00edcias em Primeira M\u00e3o","potentialAction":[{"@type":"SearchAction","target":{"@type":"EntryPoint","urlTemplate":"https:\/\/portalnpm.com\/?s={search_term_string}"},"query-input":"required name=search_term_string"}],"inLanguage":"pt-BR"},{"@type":"Person","@id":"https:\/\/portalnpm.com\/#\/schema\/person\/5c8006acdf71774cd4e7a5ab98482152","name":"Luis Alberto","image":{"@type":"ImageObject","inLanguage":"pt-BR","@id":"https:\/\/portalnpm.com\/#\/schema\/person\/image\/","url":"https:\/\/portalnpm.com\/wp-content\/uploads\/2024\/12\/avatar_user_3_1734699769-96x96.jpeg","contentUrl":"https:\/\/portalnpm.com\/wp-content\/uploads\/2024\/12\/avatar_user_3_1734699769-96x96.jpeg","caption":"Luis Alberto"},"description":"Editor-geral do Portal NPM, \u00e9 formado como T\u00e9cnico em Seguran\u00e7a do Trabalho pela Escola Metropolitana de Cursos T\u00e9cnicos. Det\u00e9m ainda licenciatura em Educa\u00e7\u00e3o F\u00edsica e bacharelado em Ci\u00eancias Pol\u00edticas, ambos obtidos pela institui\u00e7\u00e3o Anhanguera\/UNOPAR.","url":"https:\/\/portalnpm.com\/index.php\/author\/pereira\/"}]}},"jetpack_sharing_enabled":true,"jetpack_featured_media_url":"https:\/\/portalnpm.com\/wp-content\/uploads\/2024\/01\/bolsonaro-61.jpg","_links":{"self":[{"href":"https:\/\/portalnpm.com\/index.php\/wp-json\/wp\/v2\/posts\/66985"}],"collection":[{"href":"https:\/\/portalnpm.com\/index.php\/wp-json\/wp\/v2\/posts"}],"about":[{"href":"https:\/\/portalnpm.com\/index.php\/wp-json\/wp\/v2\/types\/post"}],"author":[{"embeddable":true,"href":"https:\/\/portalnpm.com\/index.php\/wp-json\/wp\/v2\/users\/3"}],"replies":[{"embeddable":true,"href":"https:\/\/portalnpm.com\/index.php\/wp-json\/wp\/v2\/comments?post=66985"}],"version-history":[{"count":0,"href":"https:\/\/portalnpm.com\/index.php\/wp-json\/wp\/v2\/posts\/66985\/revisions"}],"wp:featuredmedia":[{"embeddable":true,"href":"https:\/\/portalnpm.com\/index.php\/wp-json\/wp\/v2\/media\/66986"}],"wp:attachment":[{"href":"https:\/\/portalnpm.com\/index.php\/wp-json\/wp\/v2\/media?parent=66985"}],"wp:term":[{"taxonomy":"category","embeddable":true,"href":"https:\/\/portalnpm.com\/index.php\/wp-json\/wp\/v2\/categories?post=66985"},{"taxonomy":"post_tag","embeddable":true,"href":"https:\/\/portalnpm.com\/index.php\/wp-json\/wp\/v2\/tags?post=66985"}],"curies":[{"name":"wp","href":"https:\/\/api.w.org\/{rel}","templated":true}]}}