{"id":67004,"date":"2021-07-23T19:44:40","date_gmt":"2021-07-23T22:44:40","guid":{"rendered":"https:\/\/portalnpm.com\/index.php\/2021\/07\/23\/governo-do-piaui-pagara-auxilio-de-r-200-para-15-mil-familias\/"},"modified":"2024-01-15T23:45:18","modified_gmt":"2024-01-16T02:45:18","slug":"governo-do-piaui-pagara-auxilio-de-r-200-para-15-mil-familias","status":"publish","type":"post","link":"https:\/\/portalnpm.com\/index.php\/2021\/07\/23\/governo-do-piaui-pagara-auxilio-de-r-200-para-15-mil-familias\/","title":{"rendered":"Governo do Piau\u00ed pagar\u00e1 aux\u00edlio de R$ 200 para 15 mil fam\u00edlias"},"content":{"rendered":"<p><p style=\"text-align: justify;\">Um total de 15 mil fam&iacute;lias ser&atilde;o contempladas com o&nbsp;<strong>Cart&atilde;o Sasc Emergencial<\/strong>, que ser&aacute; lan&ccedil;ado na pr&oacute;xima quarta-feira, 28, no Pal&aacute;cio de Karnak. O programa abrange fam&iacute;lias que est&atilde;o no cadastro &uacute;nico e n&atilde;o s&atilde;o atendidas por qualquer programas&nbsp;<a href=\"https:\/\/www.meionorte.com\/noticias\/caixa-paga-nesta-sexta-23-auxilio-emergencial-a-nascidos-em-junho-420496\" target=\"_blank\" rel=\"noopener noreferrer\">Federal<\/a>&nbsp;ou Estadual. &ldquo;S&atilde;o fam&iacute;lias em situa&ccedil;&atilde;o de vulnerabilidade, consideradas pobres e que t&ecirc;m renda per capita de at&eacute; R$ 178,00&rdquo;, disse o&nbsp;secret&aacute;rio da Assist&ecirc;ncia Social Trabalho e Direitos Humanos (Sasc), Jos&eacute; Santana.<\/p>\n<p style=\"text-align: justify;\">\n<p style=\"text-align: justify;\">\n<p style=\"text-align: justify;\">As 15 mil fam&iacute;lias receber&atilde;o vale alimenta&ccedil;&atilde;o com cr&eacute;dito mensal de R$ 200,00. &ldquo;Ser&atilde;o duas parcelas de R$ 200,00. Ent&atilde;o, o programa vai destinar um total de R$ 400,00 para as fam&iacute;lias, totalizando R$ 6 milh&otilde;es&rdquo;, explica o secret&aacute;rio, enfatizando que esse programa &eacute; crucial para fam&iacute;lias n&atilde;o contempladas com qualquer outro tipo de benef&iacute;cio de transfer&ecirc;ncia de renda.<\/p>\n<p style=\"text-align: justify;\">Para execu&ccedil;&atilde;o do programa,&nbsp;<strong>Jos&eacute; Santana<\/strong>&nbsp;destaca a participa&ccedil;&atilde;o e parceria com as Prefeituras. &ldquo;Vamos mandar a equipe da SASC aos maiores munic&iacute;pios e, posteriormente, a entrega do benef&iacute;cio ficar&aacute; sob responsabilidade do munic&iacute;pio.<\/p>\n<figure class=\"wp-caption alignnone\" style=\"text-align: justify;\"><img fetchpriority=\"high\" decoding=\"async\" src=\"https:\/\/portalnpm.com\/wp-content\/uploads\/2024\/01\/governo-do-piaui-pagara-auxilio-de-r-200-para-15-mil-familias-997fa188-4e63-4f53-b10c-542769872379.jpg\" alt=\"Programa contempla fam&iacute;lias em situa&ccedil;&atilde;o de vulnerabilidade (Divulga&ccedil;&atilde;o)\" width=\"380\" height=\"216\"><figcaption class=\"wp-caption-text\">Secret&aacute;rio da Assist&ecirc;ncia Social Trabalho e Direitos Humanos (Sasc), Jos&eacute; Santana.(Divulga&ccedil;&atilde;o)<\/figcaption><\/figure>\n<p style=\"text-align: justify;\"><strong>Cart&atilde;o PRO Social<\/strong><\/p>\n<p style=\"text-align: justify;\">Para chegar a essas fam&iacute;lias, Jos&eacute; Santana diz que a SASC fez Busca Ativa, visitou os CRAS nos munic&iacute;pios com o objetivo de aperfei&ccedil;oar o foco de outro programa, o Cart&atilde;o PRO Social, que ser&aacute; lan&ccedil;ado em agosto, com pagamento prevista para iniciar em outubro.<\/p>\n<p style=\"text-align: justify;\">O programa Cart&atilde;o PRO Social ter&aacute; dura&ccedil;&atilde;o de 6 meses, onde ser&atilde;o pagos o valor de R$ 200. &ldquo;Fizemos Busca Ativa para constatar os dados e fazer cruzamento dos dados e implementar o programa social&rdquo;, diz, enfatizando que o PRO Social vai iniciar com 8 mil fam&iacute;lias.<\/p>\n<div class=\"google-auto-placed ap_container\" style=\"text-align: justify;\"><\/div>\n<p style=\"text-align: justify;\">Segundo o secret&aacute;rio, os programas Cart&atilde;o SASC Emergencial e o Cart&atilde;o PRO Social &eacute; para ajudar as fam&iacute;lias em situa&ccedil;&atilde;o de vulnerabilidade por tempo determinado. &ldquo;Temos perspectiva positiva, o Governo do Estado faz sua parte no atendimento &agrave;s fam&iacute;lias e temos esperan&ccedil;a, dedica&ccedil;&atilde;o e muito empenho em viabiliar a sa&iacute;da dessas fam&iacute;lias dessa situa&ccedil;&atilde;o dif&iacute;cil, com a promo&ccedil;&atilde;o de cursos de qualifica&ccedil;&atilde;o e forma&ccedil;&atilde;o profissional&rdquo;, diz.<\/p>\n<p style=\"text-align: justify;\">O secret&aacute;rio afirma que a SASC tem Caminh&otilde;es da Cidadania espalhados por diversas cidades com promo&ccedil;&atilde;o de cursos profissionalizantes para que as pessoas adquiram uma profiss&atilde;o e possam ser inseridas no mercado de trabalho e at&eacute; mesmo ter as condi&ccedil;&otilde;es de atuar como aut&ocirc;nomo e trabalhar como profissional liberal. O secret&aacute;rio cita ainda as Unidades do SINE no Estado, as plataformas tecnol&oacute;gicas onde a SASC busca fazer a intermedia&ccedil;&atilde;o da m&atilde;o de obra, facilitando o acesso das pessoas ao mercado de trabalho.<\/p>\n<p style=\"text-align: justify;\"><strong>Fonte: Meio Norte<\/strong><\/p><\/p>\n","protected":false},"excerpt":{"rendered":"<p>Um total de 15 mil fam&iacute;lias ser&atilde;o contempladas com o&nbsp;Cart&atilde;o Sasc Emergencial, que ser&aacute; lan&ccedil;ado na pr&oacute;xima quarta-feira, 28, no Pal&aacute;cio de Karnak. O programa abrange fam&iacute;lias que est&atilde;o no cadastro &uacute;nico e n&atilde;o s&atilde;o atendidas por qualquer programas&nbsp;Federal&nbsp;ou Estadual. &ldquo;S&atilde;o fam&iacute;lias em situa&ccedil;&atilde;o de vulnerabilidade, consideradas pobres e que t&ecirc;m renda per capita de &hellip;<\/p>\n","protected":false},"author":2,"featured_media":0,"comment_status":"open","ping_status":"open","sticky":false,"template":"","format":"standard","meta":{"content-type":"","rop_custom_images_group":[],"rop_custom_messages_group":[],"rop_publish_now":"initial","rop_publish_now_accounts":{"facebook_2648258775420054_1618374048415101":""},"rop_publish_now_history":[],"rop_publish_now_status":"pending","footnotes":"","_jetpack_memberships_contains_paid_content":false},"categories":[118,188],"tags":[524,11864,4140,187],"yoast_head":"<!-- This site is optimized with the Yoast SEO plugin v22.3 - https:\/\/yoast.com\/wordpress\/plugins\/seo\/ -->\n<title>Governo do Piau\u00ed pagar\u00e1 aux\u00edlio de R$ 200 para 15 mil fam\u00edlias<\/title>\n<meta name=\"robots\" content=\"index, follow, max-snippet:-1, max-image-preview:large, max-video-preview:-1\" \/>\n<link rel=\"canonical\" href=\"https:\/\/portalnpm.com\/index.php\/2021\/07\/23\/governo-do-piaui-pagara-auxilio-de-r-200-para-15-mil-familias\/\" \/>\n<meta property=\"og:locale\" content=\"pt_BR\" \/>\n<meta property=\"og:type\" content=\"article\" \/>\n<meta property=\"og:title\" content=\"Governo do Piau\u00ed pagar\u00e1 aux\u00edlio de R$ 200 para 15 mil fam\u00edlias\" \/>\n<meta property=\"og:description\" content=\"Um total de 15 mil fam&iacute;lias ser&atilde;o contempladas com o&nbsp;Cart&atilde;o Sasc Emergencial, que ser&aacute; lan&ccedil;ado na pr&oacute;xima quarta-feira, 28, no Pal&aacute;cio de Karnak. O programa abrange fam&iacute;lias que est&atilde;o no cadastro &uacute;nico e n&atilde;o s&atilde;o atendidas por qualquer programas&nbsp;Federal&nbsp;ou Estadual. &ldquo;S&atilde;o fam&iacute;lias em situa&ccedil;&atilde;o de vulnerabilidade, consideradas pobres e que t&ecirc;m renda per capita de &hellip;\" \/>\n<meta property=\"og:url\" content=\"https:\/\/portalnpm.com\/index.php\/2021\/07\/23\/governo-do-piaui-pagara-auxilio-de-r-200-para-15-mil-familias\/\" \/>\n<meta property=\"og:site_name\" content=\"Portal NPM\" \/>\n<meta property=\"article:published_time\" content=\"2021-07-23T22:44:40+00:00\" \/>\n<meta property=\"article:modified_time\" content=\"2024-01-16T02:45:18+00:00\" \/>\n<meta property=\"og:image\" content=\"https:\/\/portalnpm.com\/wp-content\/uploads\/2024\/01\/governo-do-piaui-pagara-auxilio-de-r-200-para-15-mil-familias-997fa188-4e63-4f53-b10c-542769872379.jpg\" \/>\n<meta name=\"author\" content=\"Genival Barbosa\" \/>\n<meta name=\"twitter:card\" content=\"summary_large_image\" \/>\n<meta name=\"twitter:label1\" content=\"Escrito por\" \/>\n\t<meta name=\"twitter:data1\" content=\"Genival Barbosa\" \/>\n\t<meta name=\"twitter:label2\" content=\"Est. tempo de leitura\" \/>\n\t<meta name=\"twitter:data2\" content=\"3 minutos\" \/>\n<script type=\"application\/ld+json\" class=\"yoast-schema-graph\">{\"@context\":\"https:\/\/schema.org\",\"@graph\":[{\"@type\":\"WebPage\",\"@id\":\"https:\/\/portalnpm.com\/index.php\/2021\/07\/23\/governo-do-piaui-pagara-auxilio-de-r-200-para-15-mil-familias\/\",\"url\":\"https:\/\/portalnpm.com\/index.php\/2021\/07\/23\/governo-do-piaui-pagara-auxilio-de-r-200-para-15-mil-familias\/\",\"name\":\"Governo do Piau\u00ed pagar\u00e1 aux\u00edlio de R$ 200 para 15 mil fam\u00edlias\",\"isPartOf\":{\"@id\":\"https:\/\/portalnpm.com\/#website\"},\"primaryImageOfPage\":{\"@id\":\"https:\/\/portalnpm.com\/index.php\/2021\/07\/23\/governo-do-piaui-pagara-auxilio-de-r-200-para-15-mil-familias\/#primaryimage\"},\"image\":{\"@id\":\"https:\/\/portalnpm.com\/index.php\/2021\/07\/23\/governo-do-piaui-pagara-auxilio-de-r-200-para-15-mil-familias\/#primaryimage\"},\"thumbnailUrl\":\"https:\/\/portalnpm.com\/wp-content\/uploads\/2024\/01\/governo-do-piaui-pagara-auxilio-de-r-200-para-15-mil-familias-997fa188-4e63-4f53-b10c-542769872379.jpg\",\"datePublished\":\"2021-07-23T22:44:40+00:00\",\"dateModified\":\"2024-01-16T02:45:18+00:00\",\"author\":{\"@id\":\"https:\/\/portalnpm.com\/#\/schema\/person\/49313e563cfdefcc167f1ee4c017c294\"},\"breadcrumb\":{\"@id\":\"https:\/\/portalnpm.com\/index.php\/2021\/07\/23\/governo-do-piaui-pagara-auxilio-de-r-200-para-15-mil-familias\/#breadcrumb\"},\"inLanguage\":\"pt-BR\",\"potentialAction\":[{\"@type\":\"ReadAction\",\"target\":[\"https:\/\/portalnpm.com\/index.php\/2021\/07\/23\/governo-do-piaui-pagara-auxilio-de-r-200-para-15-mil-familias\/\"]}]},{\"@type\":\"ImageObject\",\"inLanguage\":\"pt-BR\",\"@id\":\"https:\/\/portalnpm.com\/index.php\/2021\/07\/23\/governo-do-piaui-pagara-auxilio-de-r-200-para-15-mil-familias\/#primaryimage\",\"url\":\"https:\/\/portalnpm.com\/wp-content\/uploads\/2024\/01\/governo-do-piaui-pagara-auxilio-de-r-200-para-15-mil-familias-997fa188-4e63-4f53-b10c-542769872379.jpg\",\"contentUrl\":\"https:\/\/portalnpm.com\/wp-content\/uploads\/2024\/01\/governo-do-piaui-pagara-auxilio-de-r-200-para-15-mil-familias-997fa188-4e63-4f53-b10c-542769872379.jpg\",\"width\":790,\"height\":450},{\"@type\":\"BreadcrumbList\",\"@id\":\"https:\/\/portalnpm.com\/index.php\/2021\/07\/23\/governo-do-piaui-pagara-auxilio-de-r-200-para-15-mil-familias\/#breadcrumb\",\"itemListElement\":[{\"@type\":\"ListItem\",\"position\":1,\"name\":\"In\u00edcio\",\"item\":\"https:\/\/portalnpm.com\/\"},{\"@type\":\"ListItem\",\"position\":2,\"name\":\"Governo do Piau\u00ed pagar\u00e1 aux\u00edlio de R$ 200 para 15 mil fam\u00edlias\"}]},{\"@type\":\"WebSite\",\"@id\":\"https:\/\/portalnpm.com\/#website\",\"url\":\"https:\/\/portalnpm.com\/\",\"name\":\"Portal NPM\",\"description\":\"Not\u00edcias em Primeira M\u00e3o\",\"potentialAction\":[{\"@type\":\"SearchAction\",\"target\":{\"@type\":\"EntryPoint\",\"urlTemplate\":\"https:\/\/portalnpm.com\/?s={search_term_string}\"},\"query-input\":\"required name=search_term_string\"}],\"inLanguage\":\"pt-BR\"},{\"@type\":\"Person\",\"@id\":\"https:\/\/portalnpm.com\/#\/schema\/person\/49313e563cfdefcc167f1ee4c017c294\",\"name\":\"Genival Barbosa\",\"image\":{\"@type\":\"ImageObject\",\"inLanguage\":\"pt-BR\",\"@id\":\"https:\/\/portalnpm.com\/#\/schema\/person\/image\/\",\"url\":\"https:\/\/portalnpm.com\/wp-content\/uploads\/2024\/02\/avatar_user_2_1707743258-96x96.jpeg\",\"contentUrl\":\"https:\/\/portalnpm.com\/wp-content\/uploads\/2024\/02\/avatar_user_2_1707743258-96x96.jpeg\",\"caption\":\"Genival Barbosa\"},\"url\":\"https:\/\/portalnpm.com\/index.php\/author\/genival\/\"}]}<\/script>\n<!-- \/ Yoast SEO plugin. -->","yoast_head_json":{"title":"Governo do Piau\u00ed pagar\u00e1 aux\u00edlio de R$ 200 para 15 mil fam\u00edlias","robots":{"index":"index","follow":"follow","max-snippet":"max-snippet:-1","max-image-preview":"max-image-preview:large","max-video-preview":"max-video-preview:-1"},"canonical":"https:\/\/portalnpm.com\/index.php\/2021\/07\/23\/governo-do-piaui-pagara-auxilio-de-r-200-para-15-mil-familias\/","og_locale":"pt_BR","og_type":"article","og_title":"Governo do Piau\u00ed pagar\u00e1 aux\u00edlio de R$ 200 para 15 mil fam\u00edlias","og_description":"Um total de 15 mil fam&iacute;lias ser&atilde;o contempladas com o&nbsp;Cart&atilde;o Sasc Emergencial, que ser&aacute; lan&ccedil;ado na pr&oacute;xima quarta-feira, 28, no Pal&aacute;cio de Karnak. O programa abrange fam&iacute;lias que est&atilde;o no cadastro &uacute;nico e n&atilde;o s&atilde;o atendidas por qualquer programas&nbsp;Federal&nbsp;ou Estadual. &ldquo;S&atilde;o fam&iacute;lias em situa&ccedil;&atilde;o de vulnerabilidade, consideradas pobres e que t&ecirc;m renda per capita de &hellip;","og_url":"https:\/\/portalnpm.com\/index.php\/2021\/07\/23\/governo-do-piaui-pagara-auxilio-de-r-200-para-15-mil-familias\/","og_site_name":"Portal NPM","article_published_time":"2021-07-23T22:44:40+00:00","article_modified_time":"2024-01-16T02:45:18+00:00","og_image":[{"url":"https:\/\/portalnpm.com\/wp-content\/uploads\/2024\/01\/governo-do-piaui-pagara-auxilio-de-r-200-para-15-mil-familias-997fa188-4e63-4f53-b10c-542769872379.jpg"}],"author":"Genival Barbosa","twitter_card":"summary_large_image","twitter_misc":{"Escrito por":"Genival Barbosa","Est. tempo de leitura":"3 minutos"},"schema":{"@context":"https:\/\/schema.org","@graph":[{"@type":"WebPage","@id":"https:\/\/portalnpm.com\/index.php\/2021\/07\/23\/governo-do-piaui-pagara-auxilio-de-r-200-para-15-mil-familias\/","url":"https:\/\/portalnpm.com\/index.php\/2021\/07\/23\/governo-do-piaui-pagara-auxilio-de-r-200-para-15-mil-familias\/","name":"Governo do Piau\u00ed pagar\u00e1 aux\u00edlio de R$ 200 para 15 mil fam\u00edlias","isPartOf":{"@id":"https:\/\/portalnpm.com\/#website"},"primaryImageOfPage":{"@id":"https:\/\/portalnpm.com\/index.php\/2021\/07\/23\/governo-do-piaui-pagara-auxilio-de-r-200-para-15-mil-familias\/#primaryimage"},"image":{"@id":"https:\/\/portalnpm.com\/index.php\/2021\/07\/23\/governo-do-piaui-pagara-auxilio-de-r-200-para-15-mil-familias\/#primaryimage"},"thumbnailUrl":"https:\/\/portalnpm.com\/wp-content\/uploads\/2024\/01\/governo-do-piaui-pagara-auxilio-de-r-200-para-15-mil-familias-997fa188-4e63-4f53-b10c-542769872379.jpg","datePublished":"2021-07-23T22:44:40+00:00","dateModified":"2024-01-16T02:45:18+00:00","author":{"@id":"https:\/\/portalnpm.com\/#\/schema\/person\/49313e563cfdefcc167f1ee4c017c294"},"breadcrumb":{"@id":"https:\/\/portalnpm.com\/index.php\/2021\/07\/23\/governo-do-piaui-pagara-auxilio-de-r-200-para-15-mil-familias\/#breadcrumb"},"inLanguage":"pt-BR","potentialAction":[{"@type":"ReadAction","target":["https:\/\/portalnpm.com\/index.php\/2021\/07\/23\/governo-do-piaui-pagara-auxilio-de-r-200-para-15-mil-familias\/"]}]},{"@type":"ImageObject","inLanguage":"pt-BR","@id":"https:\/\/portalnpm.com\/index.php\/2021\/07\/23\/governo-do-piaui-pagara-auxilio-de-r-200-para-15-mil-familias\/#primaryimage","url":"https:\/\/portalnpm.com\/wp-content\/uploads\/2024\/01\/governo-do-piaui-pagara-auxilio-de-r-200-para-15-mil-familias-997fa188-4e63-4f53-b10c-542769872379.jpg","contentUrl":"https:\/\/portalnpm.com\/wp-content\/uploads\/2024\/01\/governo-do-piaui-pagara-auxilio-de-r-200-para-15-mil-familias-997fa188-4e63-4f53-b10c-542769872379.jpg","width":790,"height":450},{"@type":"BreadcrumbList","@id":"https:\/\/portalnpm.com\/index.php\/2021\/07\/23\/governo-do-piaui-pagara-auxilio-de-r-200-para-15-mil-familias\/#breadcrumb","itemListElement":[{"@type":"ListItem","position":1,"name":"In\u00edcio","item":"https:\/\/portalnpm.com\/"},{"@type":"ListItem","position":2,"name":"Governo do Piau\u00ed pagar\u00e1 aux\u00edlio de R$ 200 para 15 mil fam\u00edlias"}]},{"@type":"WebSite","@id":"https:\/\/portalnpm.com\/#website","url":"https:\/\/portalnpm.com\/","name":"Portal NPM","description":"Not\u00edcias em Primeira M\u00e3o","potentialAction":[{"@type":"SearchAction","target":{"@type":"EntryPoint","urlTemplate":"https:\/\/portalnpm.com\/?s={search_term_string}"},"query-input":"required name=search_term_string"}],"inLanguage":"pt-BR"},{"@type":"Person","@id":"https:\/\/portalnpm.com\/#\/schema\/person\/49313e563cfdefcc167f1ee4c017c294","name":"Genival Barbosa","image":{"@type":"ImageObject","inLanguage":"pt-BR","@id":"https:\/\/portalnpm.com\/#\/schema\/person\/image\/","url":"https:\/\/portalnpm.com\/wp-content\/uploads\/2024\/02\/avatar_user_2_1707743258-96x96.jpeg","contentUrl":"https:\/\/portalnpm.com\/wp-content\/uploads\/2024\/02\/avatar_user_2_1707743258-96x96.jpeg","caption":"Genival Barbosa"},"url":"https:\/\/portalnpm.com\/index.php\/author\/genival\/"}]}},"jetpack_sharing_enabled":true,"jetpack_featured_media_url":"","_links":{"self":[{"href":"https:\/\/portalnpm.com\/index.php\/wp-json\/wp\/v2\/posts\/67004"}],"collection":[{"href":"https:\/\/portalnpm.com\/index.php\/wp-json\/wp\/v2\/posts"}],"about":[{"href":"https:\/\/portalnpm.com\/index.php\/wp-json\/wp\/v2\/types\/post"}],"author":[{"embeddable":true,"href":"https:\/\/portalnpm.com\/index.php\/wp-json\/wp\/v2\/users\/2"}],"replies":[{"embeddable":true,"href":"https:\/\/portalnpm.com\/index.php\/wp-json\/wp\/v2\/comments?post=67004"}],"version-history":[{"count":1,"href":"https:\/\/portalnpm.com\/index.php\/wp-json\/wp\/v2\/posts\/67004\/revisions"}],"predecessor-version":[{"id":67007,"href":"https:\/\/portalnpm.com\/index.php\/wp-json\/wp\/v2\/posts\/67004\/revisions\/67007"}],"wp:attachment":[{"href":"https:\/\/portalnpm.com\/index.php\/wp-json\/wp\/v2\/media?parent=67004"}],"wp:term":[{"taxonomy":"category","embeddable":true,"href":"https:\/\/portalnpm.com\/index.php\/wp-json\/wp\/v2\/categories?post=67004"},{"taxonomy":"post_tag","embeddable":true,"href":"https:\/\/portalnpm.com\/index.php\/wp-json\/wp\/v2\/tags?post=67004"}],"curies":[{"name":"wp","href":"https:\/\/api.w.org\/{rel}","templated":true}]}}