{"id":67045,"date":"2021-07-27T17:11:20","date_gmt":"2021-07-27T20:11:20","guid":{"rendered":"https:\/\/portalnpm.com\/index.php\/2021\/07\/27\/sao-juliao-crianca-atacada-por-cao-esta-em-uti-apos-reconstituicao-facial-em-teresina\/"},"modified":"2021-07-27T17:11:20","modified_gmt":"2021-07-27T20:11:20","slug":"sao-juliao-crianca-atacada-por-cao-esta-em-uti-apos-reconstituicao-facial-em-teresina","status":"publish","type":"post","link":"https:\/\/portalnpm.com\/index.php\/2021\/07\/27\/sao-juliao-crianca-atacada-por-cao-esta-em-uti-apos-reconstituicao-facial-em-teresina\/","title":{"rendered":"S\u00e3o Juli\u00e3o | Crian\u00e7a atacada por c\u00e3o est\u00e1 em UTI ap\u00f3s reconstitui\u00e7\u00e3o facial em Teresina"},"content":{"rendered":"<div class=\"article-html\">\n<p dir=\"ltr\" style=\"text-align: justify;\">O garoto Enzo Gabriel, de 2 anos, que sofreu<a href=\"https:\/\/www.meionorte.com\/noticias\/crianca-tem-o-rosto-desfigurado-apos-ser-atacada-por-cachorro-no-piaui-420721\" target=\"_blank\" rel=\"noopener noreferrer\"><strong>\u00a0ferimentos graves e ficou com o rosto totalmente desfigurado<\/strong><\/a>\u00a0ap\u00f3s ser\u00a0<a href=\"https:\/\/www.meionorte.com\/noticias\/mulher-morta-por-seis-pitbulls-segurava-caixa-de-pizza-quando-foi-atacada-420598\"><strong>atacado por um cachorro<\/strong><\/a>, foi submetido a uma cirurgia de<strong>\u00a0reconstitui\u00e7\u00e3o facial<\/strong>\u00a0no Hospital de Urg\u00eancia de Teresina (HUT) e segue internado em uma Unidade de Terapia Intensiva (UTI). Al\u00e9m disso, a crian\u00e7a ainda far\u00e1 mais duas cirurgias.<\/p>\n<p dir=\"ltr\" style=\"text-align: justify;\">\n<p dir=\"ltr\" style=\"text-align: justify;\">\n<p dir=\"ltr\" style=\"text-align: justify;\">O caso aconteceu na manh\u00e3 do \u00faltimo domingo (25) no povoado Mandacaru, na cidade de S\u00e3o Juli\u00e3o, na regi\u00e3o Sul do Piau\u00ed. Em entrevista ao<strong>\u00a0Ronda Nacional<\/strong>, Suzana Maria, m\u00e3e da crian\u00e7a, explicou como tudo aconteceu. \u201cEu estava com ele na cal\u00e7ada e disse que iria entrar. Quando eu entrei em casa para apagar o fogo e voltei, o cachorro j\u00e1 estava agarrado com ele. Eu peguei ele e fui para o hospital. Os m\u00e9dicos disseram que ele precisava de tr\u00eas cirurgias\u201d, destacou.<\/p>\n<p dir=\"ltr\" style=\"text-align: justify;\">Agora, amigos dos familiares est\u00e3o realizando uma campanha de doa\u00e7\u00f5es na internet e uma rifa solid\u00e1ria em prol do custeio do tratamento da crian\u00e7a atacada. Um telefone de contato e o n\u00famero de uma conta Pix foi disponibilizado para quem puder ajudar:<\/p>\n<p dir=\"ltr\" style=\"text-align: justify;\"><strong>Contato: (89) 98100-9854\u00a0<\/strong><\/p>\n<p dir=\"ltr\" style=\"text-align: justify;\"><strong>PIX: 07573337450 &#8211; Alba Cristina da Silva Duarte<\/strong><\/p>\n<p dir=\"ltr\" style=\"text-align: justify;\"><strong><span class=\"fr-video fr-fvc fr-dvb fr-draggable\" draggable=\"true\"><img decoding=\"async\" class=\"i-amphtml-fill-content amp-hidden\" src=\"https:\/\/portalnpm.com\/wp-content\/plugins\/wp-ultimate-csv-importer\/importExtensions\/..\/assets\/images\/loading-image.jpg\" alt=\"Loading video\"><iframe class=\"i-amphtml-fill-content\" title=\"YouTube video\" src=\"https:\/\/www.youtube.com\/embed\/NK3on2qHGug?enablejsapi=1&#038;amp=1&#038;playsinline=1\" frameborder=\"0\" allowfullscreen=\"allowfullscreen\" data-mce-fragment=\"1\"><\/iframe><\/span><\/strong><\/p>\n<p dir=\"ltr\" style=\"text-align: justify;\"><strong>Dono do animal pode responder c\u00edvel e criminalmente<\/strong><\/p>\n<p dir=\"ltr\" style=\"text-align: justify;\">O cachorro, que pertencia ao namorado de Suzana Maria, foi doado ap\u00f3s o incidente. No entanto, o advogado L\u00facio Tadeu explica que o tutor do animal, respons\u00e1vel pela guarda e pela vigil\u00e2ncia do c\u00e3o, pode responder c\u00edvel e criminalmente em casos de ataque a pessoas.<\/p>\n<p dir=\"ltr\" style=\"text-align: justify;\">\u201cA responsabilidade civil ela \u00e9 objetiva. N\u00e3o tem dolo. A responsabilidade penal, ele pode responder no m\u00ednimo por um crime culposo; les\u00e3o corporal culposa ou homic\u00eddio culposo. \u00c9 obriga\u00e7\u00e3o do tutor e propriet\u00e1rio do c\u00e3o mant\u00ea-lo sob vigil\u00e2ncia, \u00a0seguran\u00e7a, do pr\u00f3prio animal e contra terceiros\u201d, finaliza.<\/p>\n<p dir=\"ltr\" style=\"text-align: justify;\">\n<p style=\"text-align: justify;\"><img decoding=\"async\" class=\"i-amphtml-fill-content i-amphtml-replaced-content\" src=\"https:\/\/portalnpm.com\/wp-content\/plugins\/wp-ultimate-csv-importer\/importExtensions\/..\/assets\/images\/loading-image.jpg\" alt=\"Crian\u00e7a ficou com o rosto desfigurado ap\u00f3s ser atacada por cachorro (Foto: Reprodu\u00e7\u00e3o)\"><\/p>\n<p><span class=\"fr-inner\" data-gramm=\"false\">Crian\u00e7a ficou com o rosto desfigurado ap\u00f3s ser atacada por cachorro (Foto: Reprodu\u00e7\u00e3o)<\/span><\/p>\n<div class=\"ads\" style=\"text-align: justify;\"><\/div>\n<\/div>\n<div class=\"article-topics\" style=\"text-align: justify;\"><strong>Fonte:\u00a0 Meio Norte <\/strong><\/div><\/p>\n","protected":false},"excerpt":{"rendered":"<p>O garoto Enzo Gabriel, de 2 anos, que sofreu\u00a0ferimentos graves e ficou com o rosto totalmente desfigurado\u00a0ap\u00f3s ser\u00a0atacado por um cachorro, foi submetido a uma cirurgia de\u00a0reconstitui\u00e7\u00e3o facial\u00a0no Hospital de Urg\u00eancia de Teresina (HUT) e segue internado em uma Unidade de Terapia Intensiva (UTI). Al\u00e9m disso, a crian\u00e7a ainda far\u00e1 mais duas cirurgias. O caso &hellip;<\/p>\n","protected":false},"author":2,"featured_media":0,"comment_status":"open","ping_status":"open","sticky":false,"template":"","format":"standard","meta":{"content-type":"","rop_custom_images_group":[],"rop_custom_messages_group":[],"rop_publish_now":"initial","rop_publish_now_accounts":{"facebook_2648258775420054_1618374048415101":""},"rop_publish_now_history":[],"rop_publish_now_status":"pending","footnotes":"","_jetpack_memberships_contains_paid_content":false},"categories":[113,109,136],"tags":[3274,2712,131],"yoast_head":"<!-- This site is optimized with the Yoast SEO plugin v22.3 - https:\/\/yoast.com\/wordpress\/plugins\/seo\/ -->\n<title>S\u00e3o Juli\u00e3o | Crian\u00e7a atacada por c\u00e3o est\u00e1 em UTI ap\u00f3s reconstitui\u00e7\u00e3o facial em Teresina<\/title>\n<meta name=\"robots\" content=\"index, follow, max-snippet:-1, max-image-preview:large, max-video-preview:-1\" \/>\n<link rel=\"canonical\" href=\"https:\/\/portalnpm.com\/index.php\/2021\/07\/27\/sao-juliao-crianca-atacada-por-cao-esta-em-uti-apos-reconstituicao-facial-em-teresina\/\" \/>\n<meta property=\"og:locale\" content=\"pt_BR\" \/>\n<meta property=\"og:type\" content=\"article\" \/>\n<meta property=\"og:title\" content=\"S\u00e3o Juli\u00e3o | Crian\u00e7a atacada por c\u00e3o est\u00e1 em UTI ap\u00f3s reconstitui\u00e7\u00e3o facial em Teresina\" \/>\n<meta property=\"og:description\" content=\"O garoto Enzo Gabriel, de 2 anos, que sofreu\u00a0ferimentos graves e ficou com o rosto totalmente desfigurado\u00a0ap\u00f3s ser\u00a0atacado por um cachorro, foi submetido a uma cirurgia de\u00a0reconstitui\u00e7\u00e3o facial\u00a0no Hospital de Urg\u00eancia de Teresina (HUT) e segue internado em uma Unidade de Terapia Intensiva (UTI). Al\u00e9m disso, a crian\u00e7a ainda far\u00e1 mais duas cirurgias. O caso &hellip;\" \/>\n<meta property=\"og:url\" content=\"https:\/\/portalnpm.com\/index.php\/2021\/07\/27\/sao-juliao-crianca-atacada-por-cao-esta-em-uti-apos-reconstituicao-facial-em-teresina\/\" \/>\n<meta property=\"og:site_name\" content=\"Portal NPM\" \/>\n<meta property=\"article:published_time\" content=\"2021-07-27T20:11:20+00:00\" \/>\n<meta property=\"og:image\" content=\"https:\/\/portalnpm.com\/wp-content\/plugins\/wp-ultimate-csv-importer\/importExtensions\/..\/assets\/images\/loading-image.jpg\" \/>\n<meta name=\"author\" content=\"Genival Barbosa\" \/>\n<meta name=\"twitter:card\" content=\"summary_large_image\" \/>\n<meta name=\"twitter:label1\" content=\"Escrito por\" \/>\n\t<meta name=\"twitter:data1\" content=\"Genival Barbosa\" \/>\n\t<meta name=\"twitter:label2\" content=\"Est. tempo de leitura\" \/>\n\t<meta name=\"twitter:data2\" content=\"2 minutos\" \/>\n<script type=\"application\/ld+json\" class=\"yoast-schema-graph\">{\"@context\":\"https:\/\/schema.org\",\"@graph\":[{\"@type\":\"WebPage\",\"@id\":\"https:\/\/portalnpm.com\/index.php\/2021\/07\/27\/sao-juliao-crianca-atacada-por-cao-esta-em-uti-apos-reconstituicao-facial-em-teresina\/\",\"url\":\"https:\/\/portalnpm.com\/index.php\/2021\/07\/27\/sao-juliao-crianca-atacada-por-cao-esta-em-uti-apos-reconstituicao-facial-em-teresina\/\",\"name\":\"S\u00e3o Juli\u00e3o | Crian\u00e7a atacada por c\u00e3o est\u00e1 em UTI ap\u00f3s reconstitui\u00e7\u00e3o facial em Teresina\",\"isPartOf\":{\"@id\":\"https:\/\/portalnpm.com\/#website\"},\"primaryImageOfPage\":{\"@id\":\"https:\/\/portalnpm.com\/index.php\/2021\/07\/27\/sao-juliao-crianca-atacada-por-cao-esta-em-uti-apos-reconstituicao-facial-em-teresina\/#primaryimage\"},\"image\":{\"@id\":\"https:\/\/portalnpm.com\/index.php\/2021\/07\/27\/sao-juliao-crianca-atacada-por-cao-esta-em-uti-apos-reconstituicao-facial-em-teresina\/#primaryimage\"},\"thumbnailUrl\":\"https:\/\/portalnpm.com\/wp-content\/plugins\/wp-ultimate-csv-importer\/importExtensions\/..\/assets\/images\/loading-image.jpg\",\"datePublished\":\"2021-07-27T20:11:20+00:00\",\"dateModified\":\"2021-07-27T20:11:20+00:00\",\"author\":{\"@id\":\"https:\/\/portalnpm.com\/#\/schema\/person\/49313e563cfdefcc167f1ee4c017c294\"},\"breadcrumb\":{\"@id\":\"https:\/\/portalnpm.com\/index.php\/2021\/07\/27\/sao-juliao-crianca-atacada-por-cao-esta-em-uti-apos-reconstituicao-facial-em-teresina\/#breadcrumb\"},\"inLanguage\":\"pt-BR\",\"potentialAction\":[{\"@type\":\"ReadAction\",\"target\":[\"https:\/\/portalnpm.com\/index.php\/2021\/07\/27\/sao-juliao-crianca-atacada-por-cao-esta-em-uti-apos-reconstituicao-facial-em-teresina\/\"]}]},{\"@type\":\"ImageObject\",\"inLanguage\":\"pt-BR\",\"@id\":\"https:\/\/portalnpm.com\/index.php\/2021\/07\/27\/sao-juliao-crianca-atacada-por-cao-esta-em-uti-apos-reconstituicao-facial-em-teresina\/#primaryimage\",\"url\":\"\",\"contentUrl\":\"\"},{\"@type\":\"BreadcrumbList\",\"@id\":\"https:\/\/portalnpm.com\/index.php\/2021\/07\/27\/sao-juliao-crianca-atacada-por-cao-esta-em-uti-apos-reconstituicao-facial-em-teresina\/#breadcrumb\",\"itemListElement\":[{\"@type\":\"ListItem\",\"position\":1,\"name\":\"In\u00edcio\",\"item\":\"https:\/\/portalnpm.com\/\"},{\"@type\":\"ListItem\",\"position\":2,\"name\":\"S\u00e3o Juli\u00e3o | Crian\u00e7a atacada por c\u00e3o est\u00e1 em UTI ap\u00f3s reconstitui\u00e7\u00e3o facial em Teresina\"}]},{\"@type\":\"WebSite\",\"@id\":\"https:\/\/portalnpm.com\/#website\",\"url\":\"https:\/\/portalnpm.com\/\",\"name\":\"Portal NPM\",\"description\":\"Not\u00edcias em Primeira M\u00e3o\",\"potentialAction\":[{\"@type\":\"SearchAction\",\"target\":{\"@type\":\"EntryPoint\",\"urlTemplate\":\"https:\/\/portalnpm.com\/?s={search_term_string}\"},\"query-input\":\"required name=search_term_string\"}],\"inLanguage\":\"pt-BR\"},{\"@type\":\"Person\",\"@id\":\"https:\/\/portalnpm.com\/#\/schema\/person\/49313e563cfdefcc167f1ee4c017c294\",\"name\":\"Genival Barbosa\",\"image\":{\"@type\":\"ImageObject\",\"inLanguage\":\"pt-BR\",\"@id\":\"https:\/\/portalnpm.com\/#\/schema\/person\/image\/\",\"url\":\"https:\/\/portalnpm.com\/wp-content\/uploads\/2024\/02\/avatar_user_2_1707743258-96x96.jpeg\",\"contentUrl\":\"https:\/\/portalnpm.com\/wp-content\/uploads\/2024\/02\/avatar_user_2_1707743258-96x96.jpeg\",\"caption\":\"Genival Barbosa\"},\"url\":\"https:\/\/portalnpm.com\/index.php\/author\/genival\/\"}]}<\/script>\n<!-- \/ Yoast SEO plugin. -->","yoast_head_json":{"title":"S\u00e3o Juli\u00e3o | Crian\u00e7a atacada por c\u00e3o est\u00e1 em UTI ap\u00f3s reconstitui\u00e7\u00e3o facial em Teresina","robots":{"index":"index","follow":"follow","max-snippet":"max-snippet:-1","max-image-preview":"max-image-preview:large","max-video-preview":"max-video-preview:-1"},"canonical":"https:\/\/portalnpm.com\/index.php\/2021\/07\/27\/sao-juliao-crianca-atacada-por-cao-esta-em-uti-apos-reconstituicao-facial-em-teresina\/","og_locale":"pt_BR","og_type":"article","og_title":"S\u00e3o Juli\u00e3o | Crian\u00e7a atacada por c\u00e3o est\u00e1 em UTI ap\u00f3s reconstitui\u00e7\u00e3o facial em Teresina","og_description":"O garoto Enzo Gabriel, de 2 anos, que sofreu\u00a0ferimentos graves e ficou com o rosto totalmente desfigurado\u00a0ap\u00f3s ser\u00a0atacado por um cachorro, foi submetido a uma cirurgia de\u00a0reconstitui\u00e7\u00e3o facial\u00a0no Hospital de Urg\u00eancia de Teresina (HUT) e segue internado em uma Unidade de Terapia Intensiva (UTI). Al\u00e9m disso, a crian\u00e7a ainda far\u00e1 mais duas cirurgias. O caso &hellip;","og_url":"https:\/\/portalnpm.com\/index.php\/2021\/07\/27\/sao-juliao-crianca-atacada-por-cao-esta-em-uti-apos-reconstituicao-facial-em-teresina\/","og_site_name":"Portal NPM","article_published_time":"2021-07-27T20:11:20+00:00","og_image":[{"url":"https:\/\/portalnpm.com\/wp-content\/plugins\/wp-ultimate-csv-importer\/importExtensions\/..\/assets\/images\/loading-image.jpg"}],"author":"Genival Barbosa","twitter_card":"summary_large_image","twitter_misc":{"Escrito por":"Genival Barbosa","Est. tempo de leitura":"2 minutos"},"schema":{"@context":"https:\/\/schema.org","@graph":[{"@type":"WebPage","@id":"https:\/\/portalnpm.com\/index.php\/2021\/07\/27\/sao-juliao-crianca-atacada-por-cao-esta-em-uti-apos-reconstituicao-facial-em-teresina\/","url":"https:\/\/portalnpm.com\/index.php\/2021\/07\/27\/sao-juliao-crianca-atacada-por-cao-esta-em-uti-apos-reconstituicao-facial-em-teresina\/","name":"S\u00e3o Juli\u00e3o | Crian\u00e7a atacada por c\u00e3o est\u00e1 em UTI ap\u00f3s reconstitui\u00e7\u00e3o facial em Teresina","isPartOf":{"@id":"https:\/\/portalnpm.com\/#website"},"primaryImageOfPage":{"@id":"https:\/\/portalnpm.com\/index.php\/2021\/07\/27\/sao-juliao-crianca-atacada-por-cao-esta-em-uti-apos-reconstituicao-facial-em-teresina\/#primaryimage"},"image":{"@id":"https:\/\/portalnpm.com\/index.php\/2021\/07\/27\/sao-juliao-crianca-atacada-por-cao-esta-em-uti-apos-reconstituicao-facial-em-teresina\/#primaryimage"},"thumbnailUrl":"https:\/\/portalnpm.com\/wp-content\/plugins\/wp-ultimate-csv-importer\/importExtensions\/..\/assets\/images\/loading-image.jpg","datePublished":"2021-07-27T20:11:20+00:00","dateModified":"2021-07-27T20:11:20+00:00","author":{"@id":"https:\/\/portalnpm.com\/#\/schema\/person\/49313e563cfdefcc167f1ee4c017c294"},"breadcrumb":{"@id":"https:\/\/portalnpm.com\/index.php\/2021\/07\/27\/sao-juliao-crianca-atacada-por-cao-esta-em-uti-apos-reconstituicao-facial-em-teresina\/#breadcrumb"},"inLanguage":"pt-BR","potentialAction":[{"@type":"ReadAction","target":["https:\/\/portalnpm.com\/index.php\/2021\/07\/27\/sao-juliao-crianca-atacada-por-cao-esta-em-uti-apos-reconstituicao-facial-em-teresina\/"]}]},{"@type":"ImageObject","inLanguage":"pt-BR","@id":"https:\/\/portalnpm.com\/index.php\/2021\/07\/27\/sao-juliao-crianca-atacada-por-cao-esta-em-uti-apos-reconstituicao-facial-em-teresina\/#primaryimage","url":"","contentUrl":""},{"@type":"BreadcrumbList","@id":"https:\/\/portalnpm.com\/index.php\/2021\/07\/27\/sao-juliao-crianca-atacada-por-cao-esta-em-uti-apos-reconstituicao-facial-em-teresina\/#breadcrumb","itemListElement":[{"@type":"ListItem","position":1,"name":"In\u00edcio","item":"https:\/\/portalnpm.com\/"},{"@type":"ListItem","position":2,"name":"S\u00e3o Juli\u00e3o | Crian\u00e7a atacada por c\u00e3o est\u00e1 em UTI ap\u00f3s reconstitui\u00e7\u00e3o facial em Teresina"}]},{"@type":"WebSite","@id":"https:\/\/portalnpm.com\/#website","url":"https:\/\/portalnpm.com\/","name":"Portal NPM","description":"Not\u00edcias em Primeira M\u00e3o","potentialAction":[{"@type":"SearchAction","target":{"@type":"EntryPoint","urlTemplate":"https:\/\/portalnpm.com\/?s={search_term_string}"},"query-input":"required name=search_term_string"}],"inLanguage":"pt-BR"},{"@type":"Person","@id":"https:\/\/portalnpm.com\/#\/schema\/person\/49313e563cfdefcc167f1ee4c017c294","name":"Genival Barbosa","image":{"@type":"ImageObject","inLanguage":"pt-BR","@id":"https:\/\/portalnpm.com\/#\/schema\/person\/image\/","url":"https:\/\/portalnpm.com\/wp-content\/uploads\/2024\/02\/avatar_user_2_1707743258-96x96.jpeg","contentUrl":"https:\/\/portalnpm.com\/wp-content\/uploads\/2024\/02\/avatar_user_2_1707743258-96x96.jpeg","caption":"Genival Barbosa"},"url":"https:\/\/portalnpm.com\/index.php\/author\/genival\/"}]}},"jetpack_sharing_enabled":true,"jetpack_featured_media_url":"","_links":{"self":[{"href":"https:\/\/portalnpm.com\/index.php\/wp-json\/wp\/v2\/posts\/67045"}],"collection":[{"href":"https:\/\/portalnpm.com\/index.php\/wp-json\/wp\/v2\/posts"}],"about":[{"href":"https:\/\/portalnpm.com\/index.php\/wp-json\/wp\/v2\/types\/post"}],"author":[{"embeddable":true,"href":"https:\/\/portalnpm.com\/index.php\/wp-json\/wp\/v2\/users\/2"}],"replies":[{"embeddable":true,"href":"https:\/\/portalnpm.com\/index.php\/wp-json\/wp\/v2\/comments?post=67045"}],"version-history":[{"count":0,"href":"https:\/\/portalnpm.com\/index.php\/wp-json\/wp\/v2\/posts\/67045\/revisions"}],"wp:attachment":[{"href":"https:\/\/portalnpm.com\/index.php\/wp-json\/wp\/v2\/media?parent=67045"}],"wp:term":[{"taxonomy":"category","embeddable":true,"href":"https:\/\/portalnpm.com\/index.php\/wp-json\/wp\/v2\/categories?post=67045"},{"taxonomy":"post_tag","embeddable":true,"href":"https:\/\/portalnpm.com\/index.php\/wp-json\/wp\/v2\/tags?post=67045"}],"curies":[{"name":"wp","href":"https:\/\/api.w.org\/{rel}","templated":true}]}}