{"id":6721,"date":"2019-04-02T15:17:33","date_gmt":"2019-04-02T18:17:33","guid":{"rendered":"http:\/\/srv.portalnpm.com.br\/?p=6721"},"modified":"2019-04-02T15:17:33","modified_gmt":"2019-04-02T18:17:33","slug":"grafica-que-imprime-o-enem-decreta-falencia-e-ameaca-exame","status":"publish","type":"post","link":"https:\/\/portalnpm.com\/index.php\/2019\/04\/02\/grafica-que-imprime-o-enem-decreta-falencia-e-ameaca-exame\/","title":{"rendered":"Gr\u00e1fica que imprime o Enem decreta fal\u00eancia e amea\u00e7a exame"},"content":{"rendered":"<p style=\"text-align: justify;\">A gr\u00e1fica respons\u00e1vel por imprimir as provas do Exame Nacional do Ensino M\u00e9dio (Enem) decretou fal\u00eancia nesta segunda-feira, dia 1\u00ba. Os funcion\u00e1rios RR Donnelley foram informados, por meio de uma carta distribu\u00edda pela empresa, de que todas as opera\u00e7\u00f5es no Brasil est\u00e3o encerradas. A organiza\u00e7\u00e3o alega que isso se deve \u00e0s condi\u00e7\u00f5es atuais do mercado editorial e que j\u00e1 n\u00e3o tinha em caixa o dinheiro necess\u00e1rio para cumprir a folha de pagamento do pr\u00f3ximo m\u00eas.<\/p>\n<p style=\"text-align: justify;\">A not\u00edcia da fal\u00eancia gera temor de que o cronograma do Enem 2019 atrase. Em geral, as provas s\u00e3o enviadas para impress\u00e3o v\u00e1rios meses antes da aplica\u00e7\u00e3o do exame, que este ano est\u00e1 marcada para 3 e 10 de novembro.<\/p>\n<p style=\"text-align: justify;\">A reportagem entrou em contato com o Instituto Nacional de Estudos e Pesquisas Educacionais An\u00edsio Teixeira (Inep) \u2014 autarquia vinculada ao Minist\u00e9rio da Educa\u00e7\u00e3o (MEC) que cuida do exame \u2014, mas ainda n\u00e3o obteve resposta sobre quando dever\u00e1 ser feita uma licita\u00e7\u00e3o para escolher uma nova gr\u00e1fica.<\/p>\n<p style=\"text-align: justify;\">As inscri\u00e7\u00f5es para o maior vestibular do pa\u00eds est\u00e3o previstas j\u00e1 para o m\u00eas que vem; e come\u00e7ou nesta segunda-feira, 1\u00ba de abril, o per\u00edodo para solicitar isen\u00e7\u00e3o da taxa de inscri\u00e7\u00e3o, que custa R$ 85.<\/p>\n<p style=\"text-align: justify;\"><strong>Empresa contratada desde 2009<\/strong><\/p>\n<p style=\"text-align: justify;\">Multinacional com sede nos Estados Unidos, a RR Donnelley se tornou a gr\u00e1fica onde o Enem \u00e9 impresso desde a edi\u00e7\u00e3o de 2009, quando o exame foi roubado.<\/p>\n<p style=\"text-align: justify;\">O roubo aconteceu dentro da gr\u00e1fica Plural, que havia sido contratada para imprimir as provas por uma empresa vencedora da licita\u00e7\u00e3o para aplicar o Enem. Desde ent\u00e3o, para evitar que situa\u00e7\u00f5es assim ocorram novamente, o Inep decidiu que a contrata\u00e7\u00e3o da gr\u00e1fica passaria a ser de responsabilidade do pr\u00f3prio Inep, e n\u00e3o mais da empresa que aplica o Enem.<\/p>\n<p style=\"text-align: justify;\">Segundo informa\u00e7\u00f5es oficiais divulgadas pelo MEC em setembro do ano passado, foram impressos para o Enem 2018 cerca de 11 milh\u00f5es de cadernos de quest\u00f5es para aplica\u00e7\u00e3o do exame a 5,5 milh\u00f5es de inscritos. O minist\u00e9rio tamb\u00e9m informou que, na mesma gr\u00e1fica, eram impressos mais de 50 itens de material administrativo necess\u00e1rios para a aplica\u00e7\u00e3o do Enem, que v\u00e3o desde folhas de coleta de biometria at\u00e9 etiquetas de identifica\u00e7\u00e3o dos malotes.<\/p>\n<p style=\"text-align: justify;\">As provas do Enem s\u00e3o impressas durante dois meses, demandando um volume de 50 toneladas de papel por dia. Aotodo, s\u00e3o consumidas cerca de duas mil toneladas de papel.<\/p>\n<p style=\"text-align: justify;\"><strong>S\u00e9rie de impasses no minist\u00e9rio<\/strong><\/p>\n<p style=\"text-align: justify;\">A fal\u00eancia da RR Donnelley \u00e9 mais um cap\u00edtulo da s\u00e9rie de complica\u00e7\u00f5es para o pr\u00f3ximo Enem, que est\u00e1 no centro da crise do MEC na gest\u00e3o do novo ministro, Ricardo V\u00e9lez Rodr\u00edguez.<\/p>\n<p style=\"text-align: justify;\">H\u00e1 uma semana, o presidente do Inep, Marcus Vinicius Rodrigues, foi demitido ap\u00f3s desentendimentos com V\u00e9lez, a quem chamou de \u201cincompetente\u201d depois da exonera\u00e7\u00e3o.<\/p>\n<p style=\"text-align: justify;\">Marcus Vinicius Rodrigues foi quem assinou a portaria que adiava para 2021 a avalia\u00e7\u00e3o da alfabetiza\u00e7\u00e3o das crian\u00e7as \u2014 medida criada no governo Temer. Essa portaria foi, no dia seguinte, anulada por V\u00e9lez, que disse n\u00e3o ter sido informado previamente pelo ent\u00e3o chefe do Inep.<\/p>\n<p style=\"text-align: justify;\">Ainda n\u00e3o foi nomeado um substituto para o cargo. Esse \u201ctroca-troca\u201d de cargos tem sido uma constante no Minist\u00e9rio da Educa\u00e7\u00e3o: em apenas tr\u00eas meses da nova gest\u00e3o, ao menos 14 pessoas so alto escal\u00e3o da pasta j\u00e1 foram demitidas.<\/p>\n<p style=\"text-align: justify;\">\u00c9 fun\u00e7\u00e3o do presidente do Inep dar o aval para que se inicie o trabalho da comiss\u00e3o criada pelo MEC para analisar o banco de quest\u00f5es do Enem e excluir aquelas consideradas inadequadas por terem \u201cfundo ideologico\u201d. S\u00f3 depois de finalizado esse trabalho \u00e9 que o exame com 180 quest\u00f5es ser\u00e1 montado.<\/p>\n<p style=\"text-align: justify;\"><strong>Nota da gr\u00e1fica na \u00edntegra<\/strong><\/p>\n<p style=\"text-align: justify;\"><em>Leia abaixo a \u00edntegra da nota enviada ao GLOBO pela gr\u00e1fica que decretou fal\u00eancia nesta segunda-feira. A empresa menciona que \u201cperdeu um de seus principais clientes\u201d recentemente, mas n\u00e3o especifica de qual cliente se trata. A reportagem questionou se a empresa se refere ao Enem, mas ainda n\u00e3o obteve resposta.<\/em><\/p>\n<p style=\"text-align: justify;\"><em>\u201cA RR Donnelley Editora e Gr\u00e1fica Ltda decidiu, ap\u00f3s considerar todas as op\u00e7\u00f5es, encerrar sua opera\u00e7\u00e3o no Brasil. Entre os fatores que levaram o grupo a tomar esta medida est\u00e3o as atuais condi\u00e7\u00f5es de mercado na ind\u00fastria gr\u00e1fica e editorial tradicional, que est\u00e3o dif\u00edceis em toda parte, mas especialmente no Brasil. Recentemente, a RR Donnelley perdeu um de seus principais clientes e registrou uma dr\u00e1stica redu\u00e7\u00e3o no volume de trabalho contratado.<\/em><\/p>\n<p style=\"text-align: justify;\"><em>O grupo operou no Brasil por mais de 25 anos. Mas, uma<\/em> an\u00e1lise<em> meticulosa das finan\u00e7as da empresa motivou nossa decis\u00e3o. O requerimento de autofal\u00eancia da RRD ser\u00e1 processado e decidido pelo foro da comarca de Osasco\/SP.<br \/>\nPara minimizar o impacto da fal\u00eancia, a empresa entrar\u00e1 em contato com o sindicato e avaliar\u00e1 a possibilidade de rescindir todos os contratos de trabalho j\u00e1 nos pr\u00f3ximos dias. Isso permitir\u00e1 o pronto levantamento dos valores depositados nas contas vinculadas do FGTS e habilitar\u00e1 os funcion\u00e1rios a solicitarem o seguro-desemprego, na forma da lei.\u201d<\/em><\/p>\n<p style=\"text-align: justify;\"><strong>FONTE: O Globo\u00a0<\/strong><\/p>\n","protected":false},"excerpt":{"rendered":"<p>A gr\u00e1fica respons\u00e1vel por imprimir as provas do Exame Nacional do Ensino M\u00e9dio (Enem) decretou fal\u00eancia nesta segunda-feira, dia 1\u00ba. Os funcion\u00e1rios RR Donnelley foram informados, por meio de uma carta distribu\u00edda pela empresa, de que todas as opera\u00e7\u00f5es no Brasil est\u00e3o encerradas. A organiza\u00e7\u00e3o alega que isso se deve \u00e0s condi\u00e7\u00f5es atuais do mercado &hellip;<\/p>\n","protected":false},"author":4,"featured_media":6722,"comment_status":"open","ping_status":"open","sticky":false,"template":"","format":"standard","meta":{"content-type":"","rop_custom_images_group":[],"rop_custom_messages_group":[],"rop_publish_now":"initial","rop_publish_now_accounts":{"facebook_2648258775420054_1618374048415101":""},"rop_publish_now_history":[],"rop_publish_now_status":"pending","footnotes":"","_jetpack_memberships_contains_paid_content":false},"categories":[118],"tags":[2568,1267,2569,2570,2571],"yoast_head":"<!-- This site is optimized with the Yoast SEO plugin v22.3 - https:\/\/yoast.com\/wordpress\/plugins\/seo\/ -->\n<title>Gr\u00e1fica que imprime o Enem decreta fal\u00eancia e amea\u00e7a exame - Portal NPM<\/title>\n<meta name=\"robots\" content=\"index, follow, max-snippet:-1, max-image-preview:large, max-video-preview:-1\" \/>\n<link rel=\"canonical\" href=\"https:\/\/portalnpm.com\/index.php\/2019\/04\/02\/grafica-que-imprime-o-enem-decreta-falencia-e-ameaca-exame\/\" \/>\n<meta property=\"og:locale\" content=\"pt_BR\" \/>\n<meta property=\"og:type\" content=\"article\" \/>\n<meta property=\"og:title\" content=\"Gr\u00e1fica que imprime o Enem decreta fal\u00eancia e amea\u00e7a exame - Portal NPM\" \/>\n<meta property=\"og:description\" content=\"A gr\u00e1fica respons\u00e1vel por imprimir as provas do Exame Nacional do Ensino M\u00e9dio (Enem) decretou fal\u00eancia nesta segunda-feira, dia 1\u00ba. Os funcion\u00e1rios RR Donnelley foram informados, por meio de uma carta distribu\u00edda pela empresa, de que todas as opera\u00e7\u00f5es no Brasil est\u00e3o encerradas. A organiza\u00e7\u00e3o alega que isso se deve \u00e0s condi\u00e7\u00f5es atuais do mercado &hellip;\" \/>\n<meta property=\"og:url\" content=\"https:\/\/portalnpm.com\/index.php\/2019\/04\/02\/grafica-que-imprime-o-enem-decreta-falencia-e-ameaca-exame\/\" \/>\n<meta property=\"og:site_name\" content=\"Portal NPM\" \/>\n<meta property=\"article:published_time\" content=\"2019-04-02T18:17:33+00:00\" \/>\n<meta name=\"author\" content=\"Reda\u00e7\u00e3o\" \/>\n<meta name=\"twitter:card\" content=\"summary_large_image\" \/>\n<meta name=\"twitter:label1\" content=\"Escrito por\" \/>\n\t<meta name=\"twitter:data1\" content=\"Reda\u00e7\u00e3o\" \/>\n\t<meta name=\"twitter:label2\" content=\"Est. tempo de leitura\" \/>\n\t<meta name=\"twitter:data2\" content=\"4 minutos\" \/>\n<script type=\"application\/ld+json\" class=\"yoast-schema-graph\">{\"@context\":\"https:\/\/schema.org\",\"@graph\":[{\"@type\":\"WebPage\",\"@id\":\"https:\/\/portalnpm.com\/index.php\/2019\/04\/02\/grafica-que-imprime-o-enem-decreta-falencia-e-ameaca-exame\/\",\"url\":\"https:\/\/portalnpm.com\/index.php\/2019\/04\/02\/grafica-que-imprime-o-enem-decreta-falencia-e-ameaca-exame\/\",\"name\":\"Gr\u00e1fica que imprime o Enem decreta fal\u00eancia e amea\u00e7a exame - Portal NPM\",\"isPartOf\":{\"@id\":\"https:\/\/portalnpm.com\/#website\"},\"primaryImageOfPage\":{\"@id\":\"https:\/\/portalnpm.com\/index.php\/2019\/04\/02\/grafica-que-imprime-o-enem-decreta-falencia-e-ameaca-exame\/#primaryimage\"},\"image\":{\"@id\":\"https:\/\/portalnpm.com\/index.php\/2019\/04\/02\/grafica-que-imprime-o-enem-decreta-falencia-e-ameaca-exame\/#primaryimage\"},\"thumbnailUrl\":\"\",\"datePublished\":\"2019-04-02T18:17:33+00:00\",\"dateModified\":\"2019-04-02T18:17:33+00:00\",\"author\":{\"@id\":\"https:\/\/portalnpm.com\/#\/schema\/person\/0b5f230ec96cee25504fa328e7f2b733\"},\"breadcrumb\":{\"@id\":\"https:\/\/portalnpm.com\/index.php\/2019\/04\/02\/grafica-que-imprime-o-enem-decreta-falencia-e-ameaca-exame\/#breadcrumb\"},\"inLanguage\":\"pt-BR\",\"potentialAction\":[{\"@type\":\"ReadAction\",\"target\":[\"https:\/\/portalnpm.com\/index.php\/2019\/04\/02\/grafica-que-imprime-o-enem-decreta-falencia-e-ameaca-exame\/\"]}]},{\"@type\":\"ImageObject\",\"inLanguage\":\"pt-BR\",\"@id\":\"https:\/\/portalnpm.com\/index.php\/2019\/04\/02\/grafica-que-imprime-o-enem-decreta-falencia-e-ameaca-exame\/#primaryimage\",\"url\":\"\",\"contentUrl\":\"\"},{\"@type\":\"BreadcrumbList\",\"@id\":\"https:\/\/portalnpm.com\/index.php\/2019\/04\/02\/grafica-que-imprime-o-enem-decreta-falencia-e-ameaca-exame\/#breadcrumb\",\"itemListElement\":[{\"@type\":\"ListItem\",\"position\":1,\"name\":\"In\u00edcio\",\"item\":\"https:\/\/portalnpm.com\/\"},{\"@type\":\"ListItem\",\"position\":2,\"name\":\"Gr\u00e1fica que imprime o Enem decreta fal\u00eancia e amea\u00e7a exame\"}]},{\"@type\":\"WebSite\",\"@id\":\"https:\/\/portalnpm.com\/#website\",\"url\":\"https:\/\/portalnpm.com\/\",\"name\":\"Portal NPM\",\"description\":\"Not\u00edcias em Primeira M\u00e3o\",\"potentialAction\":[{\"@type\":\"SearchAction\",\"target\":{\"@type\":\"EntryPoint\",\"urlTemplate\":\"https:\/\/portalnpm.com\/?s={search_term_string}\"},\"query-input\":\"required name=search_term_string\"}],\"inLanguage\":\"pt-BR\"},{\"@type\":\"Person\",\"@id\":\"https:\/\/portalnpm.com\/#\/schema\/person\/0b5f230ec96cee25504fa328e7f2b733\",\"name\":\"Reda\u00e7\u00e3o\",\"image\":{\"@type\":\"ImageObject\",\"inLanguage\":\"pt-BR\",\"@id\":\"https:\/\/portalnpm.com\/#\/schema\/person\/image\/\",\"url\":\"https:\/\/portalnpm.com\/wp-content\/uploads\/2024\/03\/avatar_user_4_1710097212-96x96.png\",\"contentUrl\":\"https:\/\/portalnpm.com\/wp-content\/uploads\/2024\/03\/avatar_user_4_1710097212-96x96.png\",\"caption\":\"Reda\u00e7\u00e3o\"},\"url\":\"https:\/\/portalnpm.com\/index.php\/author\/redacao\/\"}]}<\/script>\n<!-- \/ Yoast SEO plugin. -->","yoast_head_json":{"title":"Gr\u00e1fica que imprime o Enem decreta fal\u00eancia e amea\u00e7a exame - Portal NPM","robots":{"index":"index","follow":"follow","max-snippet":"max-snippet:-1","max-image-preview":"max-image-preview:large","max-video-preview":"max-video-preview:-1"},"canonical":"https:\/\/portalnpm.com\/index.php\/2019\/04\/02\/grafica-que-imprime-o-enem-decreta-falencia-e-ameaca-exame\/","og_locale":"pt_BR","og_type":"article","og_title":"Gr\u00e1fica que imprime o Enem decreta fal\u00eancia e amea\u00e7a exame - Portal NPM","og_description":"A gr\u00e1fica respons\u00e1vel por imprimir as provas do Exame Nacional do Ensino M\u00e9dio (Enem) decretou fal\u00eancia nesta segunda-feira, dia 1\u00ba. Os funcion\u00e1rios RR Donnelley foram informados, por meio de uma carta distribu\u00edda pela empresa, de que todas as opera\u00e7\u00f5es no Brasil est\u00e3o encerradas. A organiza\u00e7\u00e3o alega que isso se deve \u00e0s condi\u00e7\u00f5es atuais do mercado &hellip;","og_url":"https:\/\/portalnpm.com\/index.php\/2019\/04\/02\/grafica-que-imprime-o-enem-decreta-falencia-e-ameaca-exame\/","og_site_name":"Portal NPM","article_published_time":"2019-04-02T18:17:33+00:00","author":"Reda\u00e7\u00e3o","twitter_card":"summary_large_image","twitter_misc":{"Escrito por":"Reda\u00e7\u00e3o","Est. tempo de leitura":"4 minutos"},"schema":{"@context":"https:\/\/schema.org","@graph":[{"@type":"WebPage","@id":"https:\/\/portalnpm.com\/index.php\/2019\/04\/02\/grafica-que-imprime-o-enem-decreta-falencia-e-ameaca-exame\/","url":"https:\/\/portalnpm.com\/index.php\/2019\/04\/02\/grafica-que-imprime-o-enem-decreta-falencia-e-ameaca-exame\/","name":"Gr\u00e1fica que imprime o Enem decreta fal\u00eancia e amea\u00e7a exame - Portal NPM","isPartOf":{"@id":"https:\/\/portalnpm.com\/#website"},"primaryImageOfPage":{"@id":"https:\/\/portalnpm.com\/index.php\/2019\/04\/02\/grafica-que-imprime-o-enem-decreta-falencia-e-ameaca-exame\/#primaryimage"},"image":{"@id":"https:\/\/portalnpm.com\/index.php\/2019\/04\/02\/grafica-que-imprime-o-enem-decreta-falencia-e-ameaca-exame\/#primaryimage"},"thumbnailUrl":"","datePublished":"2019-04-02T18:17:33+00:00","dateModified":"2019-04-02T18:17:33+00:00","author":{"@id":"https:\/\/portalnpm.com\/#\/schema\/person\/0b5f230ec96cee25504fa328e7f2b733"},"breadcrumb":{"@id":"https:\/\/portalnpm.com\/index.php\/2019\/04\/02\/grafica-que-imprime-o-enem-decreta-falencia-e-ameaca-exame\/#breadcrumb"},"inLanguage":"pt-BR","potentialAction":[{"@type":"ReadAction","target":["https:\/\/portalnpm.com\/index.php\/2019\/04\/02\/grafica-que-imprime-o-enem-decreta-falencia-e-ameaca-exame\/"]}]},{"@type":"ImageObject","inLanguage":"pt-BR","@id":"https:\/\/portalnpm.com\/index.php\/2019\/04\/02\/grafica-que-imprime-o-enem-decreta-falencia-e-ameaca-exame\/#primaryimage","url":"","contentUrl":""},{"@type":"BreadcrumbList","@id":"https:\/\/portalnpm.com\/index.php\/2019\/04\/02\/grafica-que-imprime-o-enem-decreta-falencia-e-ameaca-exame\/#breadcrumb","itemListElement":[{"@type":"ListItem","position":1,"name":"In\u00edcio","item":"https:\/\/portalnpm.com\/"},{"@type":"ListItem","position":2,"name":"Gr\u00e1fica que imprime o Enem decreta fal\u00eancia e amea\u00e7a exame"}]},{"@type":"WebSite","@id":"https:\/\/portalnpm.com\/#website","url":"https:\/\/portalnpm.com\/","name":"Portal NPM","description":"Not\u00edcias em Primeira M\u00e3o","potentialAction":[{"@type":"SearchAction","target":{"@type":"EntryPoint","urlTemplate":"https:\/\/portalnpm.com\/?s={search_term_string}"},"query-input":"required name=search_term_string"}],"inLanguage":"pt-BR"},{"@type":"Person","@id":"https:\/\/portalnpm.com\/#\/schema\/person\/0b5f230ec96cee25504fa328e7f2b733","name":"Reda\u00e7\u00e3o","image":{"@type":"ImageObject","inLanguage":"pt-BR","@id":"https:\/\/portalnpm.com\/#\/schema\/person\/image\/","url":"https:\/\/portalnpm.com\/wp-content\/uploads\/2024\/03\/avatar_user_4_1710097212-96x96.png","contentUrl":"https:\/\/portalnpm.com\/wp-content\/uploads\/2024\/03\/avatar_user_4_1710097212-96x96.png","caption":"Reda\u00e7\u00e3o"},"url":"https:\/\/portalnpm.com\/index.php\/author\/redacao\/"}]}},"jetpack_sharing_enabled":true,"jetpack_featured_media_url":"","_links":{"self":[{"href":"https:\/\/portalnpm.com\/index.php\/wp-json\/wp\/v2\/posts\/6721"}],"collection":[{"href":"https:\/\/portalnpm.com\/index.php\/wp-json\/wp\/v2\/posts"}],"about":[{"href":"https:\/\/portalnpm.com\/index.php\/wp-json\/wp\/v2\/types\/post"}],"author":[{"embeddable":true,"href":"https:\/\/portalnpm.com\/index.php\/wp-json\/wp\/v2\/users\/4"}],"replies":[{"embeddable":true,"href":"https:\/\/portalnpm.com\/index.php\/wp-json\/wp\/v2\/comments?post=6721"}],"version-history":[{"count":0,"href":"https:\/\/portalnpm.com\/index.php\/wp-json\/wp\/v2\/posts\/6721\/revisions"}],"wp:featuredmedia":[{"embeddable":true,"href":"https:\/\/portalnpm.com\/index.php\/wp-json\/"}],"wp:attachment":[{"href":"https:\/\/portalnpm.com\/index.php\/wp-json\/wp\/v2\/media?parent=6721"}],"wp:term":[{"taxonomy":"category","embeddable":true,"href":"https:\/\/portalnpm.com\/index.php\/wp-json\/wp\/v2\/categories?post=6721"},{"taxonomy":"post_tag","embeddable":true,"href":"https:\/\/portalnpm.com\/index.php\/wp-json\/wp\/v2\/tags?post=6721"}],"curies":[{"name":"wp","href":"https:\/\/api.w.org\/{rel}","templated":true}]}}