{"id":6762,"date":"2019-04-04T16:45:39","date_gmt":"2019-04-04T19:45:39","guid":{"rendered":"http:\/\/srv.portalnpm.com.br\/?p=6762"},"modified":"2019-04-04T16:45:39","modified_gmt":"2019-04-04T19:45:39","slug":"no-parana-adolescentes-mascarados-e-armados-com-machado-invadem-escola","status":"publish","type":"post","link":"https:\/\/portalnpm.com\/index.php\/2019\/04\/04\/no-parana-adolescentes-mascarados-e-armados-com-machado-invadem-escola\/","title":{"rendered":"No Paran\u00e1, adolescentes mascarados e armados com machado invadem escola"},"content":{"rendered":"<p style=\"text-align: justify;\">Tr\u00eas adolescentes mascarados e armados com machados invadiram uma escola em Imba\u00fa, nos Campos Gerais do Paran\u00e1, na noite desta quarta-feira (3), de acordo com a Pol\u00edcia Militar do Paran\u00e1 (PM-PR).<\/p>\n<p style=\"text-align: justify;\">De acordo com a pol\u00edcia, os tr\u00eas invadiram uma das salas do Col\u00e9gio Estadual Professora Maria das Gra\u00e7as Cavalcante di Mario, no bairro S\u00e3o Crist\u00f3v\u00e3o, onde um dos adolescentes estuda, e deram v\u00e1rios golpes de machado na porta, vidros, quadro negro e mesas. Ningu\u00e9m ficou ferido.<\/p>\n<p style=\"text-align: justify;\">Segundo a PM, os alunos que estavam tendo aula correram da sala e um grande tumulto se formou na escola.<\/p>\n<p style=\"text-align: justify;\">Antes da invas\u00e3o, os tr\u00eas adolescentes desligaram o disjuntor de um dos blocos da escola, deixando as salas de aula sem luz.<\/p>\n<figure id=\"attachment_6766\" aria-describedby=\"caption-attachment-6766\" style=\"width: 1200px\" class=\"wp-caption aligncenter\"><img fetchpriority=\"high\" decoding=\"async\" class=\"size-full wp-image-6766\" src=\"http:\/\/portalnpm.com\/wp-content\/uploads\/2019\/04\/invasao-escola-imbau-4-.jpeg.jpg\" alt=\"\" width=\"1200\" height=\"900\" \/><figcaption id=\"caption-attachment-6766\" class=\"wp-caption-text\">Os adolescentes deram golpes de machado em mesas, paredes e janelas da sala de aula \u2014 Foto: Divulga\u00e7\u00e3o\/PMPR<\/figcaption><\/figure>\n<p style=\"text-align: justify;\">Segundo a PM, os menores pularam um muro nos fundos da escola para invadir e fugir do local. Pr\u00f3ximo ao muro, os policiais encontraram uma das m\u00e1scaras utilizadas pelos adolescentes.<\/p>\n<p style=\"text-align: justify;\">Com base nos relatos de alunos, os policiais fizeram uma ronda e encontraram os tr\u00eas na regi\u00e3o da escola.<\/p>\n<p style=\"text-align: justify;\">Os pais dos adolescentes foram avisados e os tr\u00eas menores foram encaminhados, junto do Conselho Tutelar, para a Delegacia da Pol\u00edcia Civil de Tel\u00eamaco Borba, tamb\u00e9m nos Campos Gerais do estado.<\/p>\n<p style=\"text-align: justify;\">A Secretaria da Educa\u00e7\u00e3o do Paran\u00e1 informou que a dire\u00e7\u00e3o da escola cumpriu todos os protocolos de seguran\u00e7a descrito no manual de Orienta\u00e7\u00f5es Pr\u00e1ticas de Seguran\u00e7a para Institui\u00e7\u00f5es de Ensino.<\/p>\n<p style=\"text-align: justify;\">A secretaria afirmou que as aulas na escola acontecem normalmente nesta quinta-feira (4) e que as atividades ser\u00e3o acompanhadas pelo Batalh\u00e3o da Pol\u00edcia Escolar Comunit\u00e1ria (BPEC).<\/p>\n<p style=\"text-align: justify;\">Na noite desta quinta-feira, a dire\u00e7\u00e3o e o BPEC fazem uma reuni\u00e3o com a comunidade escolar para esclarecimentos e orienta\u00e7\u00f5es.<\/p>\n<figure id=\"attachment_6767\" aria-describedby=\"caption-attachment-6767\" style=\"width: 1200px\" class=\"wp-caption aligncenter\"><img decoding=\"async\" class=\"size-full wp-image-6767\" src=\"http:\/\/portalnpm.com\/wp-content\/uploads\/2019\/04\/invasao-escola-imbau-3-.jpeg.jpg\" alt=\"\" width=\"1200\" height=\"900\" \/><figcaption id=\"caption-attachment-6767\" class=\"wp-caption-text\">Os adolescentes desligaram o disjuntor das salas de aula durante a invas\u00e3o. \u2014 Foto: Divulga\u00e7\u00e3o\/PMPR<\/figcaption><\/figure>\n<p><strong>FONTE: G1\/ Paran\u00e1\u00a0<\/strong><\/p>\n","protected":false},"excerpt":{"rendered":"<p>Tr\u00eas adolescentes mascarados e armados com machados invadiram uma escola em Imba\u00fa, nos Campos Gerais do Paran\u00e1, na noite desta quarta-feira (3), de acordo com a Pol\u00edcia Militar do Paran\u00e1 (PM-PR). De acordo com a pol\u00edcia, os tr\u00eas invadiram uma das salas do Col\u00e9gio Estadual Professora Maria das Gra\u00e7as Cavalcante di Mario, no bairro S\u00e3o &hellip;<\/p>\n","protected":false},"author":3,"featured_media":6765,"comment_status":"open","ping_status":"open","sticky":false,"template":"","format":"standard","meta":{"content-type":"","rop_custom_images_group":[],"rop_custom_messages_group":[],"rop_publish_now":"initial","rop_publish_now_accounts":{"facebook_2648258775420054_1618374048415101":""},"rop_publish_now_history":[],"rop_publish_now_status":"pending","footnotes":"","_jetpack_memberships_contains_paid_content":false},"categories":[113,125],"tags":[2328,751,2581,698],"yoast_head":"<!-- This site is optimized with the Yoast SEO plugin v22.3 - https:\/\/yoast.com\/wordpress\/plugins\/seo\/ -->\n<title>No Paran\u00e1, adolescentes mascarados e armados com machado invadem escola - Portal NPM<\/title>\n<meta name=\"robots\" content=\"index, follow, max-snippet:-1, max-image-preview:large, max-video-preview:-1\" \/>\n<link rel=\"canonical\" href=\"https:\/\/portalnpm.com\/index.php\/2019\/04\/04\/no-parana-adolescentes-mascarados-e-armados-com-machado-invadem-escola\/\" \/>\n<meta property=\"og:locale\" content=\"pt_BR\" \/>\n<meta property=\"og:type\" content=\"article\" \/>\n<meta property=\"og:title\" content=\"No Paran\u00e1, adolescentes mascarados e armados com machado invadem escola - Portal NPM\" \/>\n<meta property=\"og:description\" content=\"Tr\u00eas adolescentes mascarados e armados com machados invadiram uma escola em Imba\u00fa, nos Campos Gerais do Paran\u00e1, na noite desta quarta-feira (3), de acordo com a Pol\u00edcia Militar do Paran\u00e1 (PM-PR). De acordo com a pol\u00edcia, os tr\u00eas invadiram uma das salas do Col\u00e9gio Estadual Professora Maria das Gra\u00e7as Cavalcante di Mario, no bairro S\u00e3o &hellip;\" \/>\n<meta property=\"og:url\" content=\"https:\/\/portalnpm.com\/index.php\/2019\/04\/04\/no-parana-adolescentes-mascarados-e-armados-com-machado-invadem-escola\/\" \/>\n<meta property=\"og:site_name\" content=\"Portal NPM\" \/>\n<meta property=\"article:published_time\" content=\"2019-04-04T19:45:39+00:00\" \/>\n<meta name=\"author\" content=\"Luis Alberto\" \/>\n<meta name=\"twitter:card\" content=\"summary_large_image\" \/>\n<meta name=\"twitter:label1\" content=\"Escrito por\" \/>\n\t<meta name=\"twitter:data1\" content=\"Luis Alberto\" \/>\n\t<meta name=\"twitter:label2\" content=\"Est. tempo de leitura\" \/>\n\t<meta name=\"twitter:data2\" content=\"2 minutos\" \/>\n<script type=\"application\/ld+json\" class=\"yoast-schema-graph\">{\"@context\":\"https:\/\/schema.org\",\"@graph\":[{\"@type\":\"WebPage\",\"@id\":\"https:\/\/portalnpm.com\/index.php\/2019\/04\/04\/no-parana-adolescentes-mascarados-e-armados-com-machado-invadem-escola\/\",\"url\":\"https:\/\/portalnpm.com\/index.php\/2019\/04\/04\/no-parana-adolescentes-mascarados-e-armados-com-machado-invadem-escola\/\",\"name\":\"No Paran\u00e1, adolescentes mascarados e armados com machado invadem escola - Portal NPM\",\"isPartOf\":{\"@id\":\"https:\/\/portalnpm.com\/#website\"},\"primaryImageOfPage\":{\"@id\":\"https:\/\/portalnpm.com\/index.php\/2019\/04\/04\/no-parana-adolescentes-mascarados-e-armados-com-machado-invadem-escola\/#primaryimage\"},\"image\":{\"@id\":\"https:\/\/portalnpm.com\/index.php\/2019\/04\/04\/no-parana-adolescentes-mascarados-e-armados-com-machado-invadem-escola\/#primaryimage\"},\"thumbnailUrl\":\"\",\"datePublished\":\"2019-04-04T19:45:39+00:00\",\"dateModified\":\"2019-04-04T19:45:39+00:00\",\"author\":{\"@id\":\"https:\/\/portalnpm.com\/#\/schema\/person\/5c8006acdf71774cd4e7a5ab98482152\"},\"breadcrumb\":{\"@id\":\"https:\/\/portalnpm.com\/index.php\/2019\/04\/04\/no-parana-adolescentes-mascarados-e-armados-com-machado-invadem-escola\/#breadcrumb\"},\"inLanguage\":\"pt-BR\",\"potentialAction\":[{\"@type\":\"ReadAction\",\"target\":[\"https:\/\/portalnpm.com\/index.php\/2019\/04\/04\/no-parana-adolescentes-mascarados-e-armados-com-machado-invadem-escola\/\"]}]},{\"@type\":\"ImageObject\",\"inLanguage\":\"pt-BR\",\"@id\":\"https:\/\/portalnpm.com\/index.php\/2019\/04\/04\/no-parana-adolescentes-mascarados-e-armados-com-machado-invadem-escola\/#primaryimage\",\"url\":\"\",\"contentUrl\":\"\"},{\"@type\":\"BreadcrumbList\",\"@id\":\"https:\/\/portalnpm.com\/index.php\/2019\/04\/04\/no-parana-adolescentes-mascarados-e-armados-com-machado-invadem-escola\/#breadcrumb\",\"itemListElement\":[{\"@type\":\"ListItem\",\"position\":1,\"name\":\"In\u00edcio\",\"item\":\"https:\/\/portalnpm.com\/\"},{\"@type\":\"ListItem\",\"position\":2,\"name\":\"No Paran\u00e1, adolescentes mascarados e armados com machado invadem escola\"}]},{\"@type\":\"WebSite\",\"@id\":\"https:\/\/portalnpm.com\/#website\",\"url\":\"https:\/\/portalnpm.com\/\",\"name\":\"Portal NPM\",\"description\":\"Not\u00edcias em Primeira M\u00e3o\",\"potentialAction\":[{\"@type\":\"SearchAction\",\"target\":{\"@type\":\"EntryPoint\",\"urlTemplate\":\"https:\/\/portalnpm.com\/?s={search_term_string}\"},\"query-input\":\"required name=search_term_string\"}],\"inLanguage\":\"pt-BR\"},{\"@type\":\"Person\",\"@id\":\"https:\/\/portalnpm.com\/#\/schema\/person\/5c8006acdf71774cd4e7a5ab98482152\",\"name\":\"Luis Alberto\",\"image\":{\"@type\":\"ImageObject\",\"inLanguage\":\"pt-BR\",\"@id\":\"https:\/\/portalnpm.com\/#\/schema\/person\/image\/\",\"url\":\"https:\/\/portalnpm.com\/wp-content\/uploads\/2024\/12\/avatar_user_3_1734699769-96x96.jpeg\",\"contentUrl\":\"https:\/\/portalnpm.com\/wp-content\/uploads\/2024\/12\/avatar_user_3_1734699769-96x96.jpeg\",\"caption\":\"Luis Alberto\"},\"description\":\"Editor-geral do Portal NPM, \u00e9 formado como T\u00e9cnico em Seguran\u00e7a do Trabalho pela Escola Metropolitana de Cursos T\u00e9cnicos. Det\u00e9m ainda licenciatura em Educa\u00e7\u00e3o F\u00edsica e bacharelado em Ci\u00eancias Pol\u00edticas, ambos obtidos pela institui\u00e7\u00e3o Anhanguera\/UNOPAR.\",\"url\":\"https:\/\/portalnpm.com\/index.php\/author\/pereira\/\"}]}<\/script>\n<!-- \/ Yoast SEO plugin. -->","yoast_head_json":{"title":"No Paran\u00e1, adolescentes mascarados e armados com machado invadem escola - Portal NPM","robots":{"index":"index","follow":"follow","max-snippet":"max-snippet:-1","max-image-preview":"max-image-preview:large","max-video-preview":"max-video-preview:-1"},"canonical":"https:\/\/portalnpm.com\/index.php\/2019\/04\/04\/no-parana-adolescentes-mascarados-e-armados-com-machado-invadem-escola\/","og_locale":"pt_BR","og_type":"article","og_title":"No Paran\u00e1, adolescentes mascarados e armados com machado invadem escola - Portal NPM","og_description":"Tr\u00eas adolescentes mascarados e armados com machados invadiram uma escola em Imba\u00fa, nos Campos Gerais do Paran\u00e1, na noite desta quarta-feira (3), de acordo com a Pol\u00edcia Militar do Paran\u00e1 (PM-PR). De acordo com a pol\u00edcia, os tr\u00eas invadiram uma das salas do Col\u00e9gio Estadual Professora Maria das Gra\u00e7as Cavalcante di Mario, no bairro S\u00e3o &hellip;","og_url":"https:\/\/portalnpm.com\/index.php\/2019\/04\/04\/no-parana-adolescentes-mascarados-e-armados-com-machado-invadem-escola\/","og_site_name":"Portal NPM","article_published_time":"2019-04-04T19:45:39+00:00","author":"Luis Alberto","twitter_card":"summary_large_image","twitter_misc":{"Escrito por":"Luis Alberto","Est. tempo de leitura":"2 minutos"},"schema":{"@context":"https:\/\/schema.org","@graph":[{"@type":"WebPage","@id":"https:\/\/portalnpm.com\/index.php\/2019\/04\/04\/no-parana-adolescentes-mascarados-e-armados-com-machado-invadem-escola\/","url":"https:\/\/portalnpm.com\/index.php\/2019\/04\/04\/no-parana-adolescentes-mascarados-e-armados-com-machado-invadem-escola\/","name":"No Paran\u00e1, adolescentes mascarados e armados com machado invadem escola - Portal NPM","isPartOf":{"@id":"https:\/\/portalnpm.com\/#website"},"primaryImageOfPage":{"@id":"https:\/\/portalnpm.com\/index.php\/2019\/04\/04\/no-parana-adolescentes-mascarados-e-armados-com-machado-invadem-escola\/#primaryimage"},"image":{"@id":"https:\/\/portalnpm.com\/index.php\/2019\/04\/04\/no-parana-adolescentes-mascarados-e-armados-com-machado-invadem-escola\/#primaryimage"},"thumbnailUrl":"","datePublished":"2019-04-04T19:45:39+00:00","dateModified":"2019-04-04T19:45:39+00:00","author":{"@id":"https:\/\/portalnpm.com\/#\/schema\/person\/5c8006acdf71774cd4e7a5ab98482152"},"breadcrumb":{"@id":"https:\/\/portalnpm.com\/index.php\/2019\/04\/04\/no-parana-adolescentes-mascarados-e-armados-com-machado-invadem-escola\/#breadcrumb"},"inLanguage":"pt-BR","potentialAction":[{"@type":"ReadAction","target":["https:\/\/portalnpm.com\/index.php\/2019\/04\/04\/no-parana-adolescentes-mascarados-e-armados-com-machado-invadem-escola\/"]}]},{"@type":"ImageObject","inLanguage":"pt-BR","@id":"https:\/\/portalnpm.com\/index.php\/2019\/04\/04\/no-parana-adolescentes-mascarados-e-armados-com-machado-invadem-escola\/#primaryimage","url":"","contentUrl":""},{"@type":"BreadcrumbList","@id":"https:\/\/portalnpm.com\/index.php\/2019\/04\/04\/no-parana-adolescentes-mascarados-e-armados-com-machado-invadem-escola\/#breadcrumb","itemListElement":[{"@type":"ListItem","position":1,"name":"In\u00edcio","item":"https:\/\/portalnpm.com\/"},{"@type":"ListItem","position":2,"name":"No Paran\u00e1, adolescentes mascarados e armados com machado invadem escola"}]},{"@type":"WebSite","@id":"https:\/\/portalnpm.com\/#website","url":"https:\/\/portalnpm.com\/","name":"Portal NPM","description":"Not\u00edcias em Primeira M\u00e3o","potentialAction":[{"@type":"SearchAction","target":{"@type":"EntryPoint","urlTemplate":"https:\/\/portalnpm.com\/?s={search_term_string}"},"query-input":"required name=search_term_string"}],"inLanguage":"pt-BR"},{"@type":"Person","@id":"https:\/\/portalnpm.com\/#\/schema\/person\/5c8006acdf71774cd4e7a5ab98482152","name":"Luis Alberto","image":{"@type":"ImageObject","inLanguage":"pt-BR","@id":"https:\/\/portalnpm.com\/#\/schema\/person\/image\/","url":"https:\/\/portalnpm.com\/wp-content\/uploads\/2024\/12\/avatar_user_3_1734699769-96x96.jpeg","contentUrl":"https:\/\/portalnpm.com\/wp-content\/uploads\/2024\/12\/avatar_user_3_1734699769-96x96.jpeg","caption":"Luis Alberto"},"description":"Editor-geral do Portal NPM, \u00e9 formado como T\u00e9cnico em Seguran\u00e7a do Trabalho pela Escola Metropolitana de Cursos T\u00e9cnicos. Det\u00e9m ainda licenciatura em Educa\u00e7\u00e3o F\u00edsica e bacharelado em Ci\u00eancias Pol\u00edticas, ambos obtidos pela institui\u00e7\u00e3o Anhanguera\/UNOPAR.","url":"https:\/\/portalnpm.com\/index.php\/author\/pereira\/"}]}},"jetpack_sharing_enabled":true,"jetpack_featured_media_url":"","_links":{"self":[{"href":"https:\/\/portalnpm.com\/index.php\/wp-json\/wp\/v2\/posts\/6762"}],"collection":[{"href":"https:\/\/portalnpm.com\/index.php\/wp-json\/wp\/v2\/posts"}],"about":[{"href":"https:\/\/portalnpm.com\/index.php\/wp-json\/wp\/v2\/types\/post"}],"author":[{"embeddable":true,"href":"https:\/\/portalnpm.com\/index.php\/wp-json\/wp\/v2\/users\/3"}],"replies":[{"embeddable":true,"href":"https:\/\/portalnpm.com\/index.php\/wp-json\/wp\/v2\/comments?post=6762"}],"version-history":[{"count":0,"href":"https:\/\/portalnpm.com\/index.php\/wp-json\/wp\/v2\/posts\/6762\/revisions"}],"wp:featuredmedia":[{"embeddable":true,"href":"https:\/\/portalnpm.com\/index.php\/wp-json\/"}],"wp:attachment":[{"href":"https:\/\/portalnpm.com\/index.php\/wp-json\/wp\/v2\/media?parent=6762"}],"wp:term":[{"taxonomy":"category","embeddable":true,"href":"https:\/\/portalnpm.com\/index.php\/wp-json\/wp\/v2\/categories?post=6762"},{"taxonomy":"post_tag","embeddable":true,"href":"https:\/\/portalnpm.com\/index.php\/wp-json\/wp\/v2\/tags?post=6762"}],"curies":[{"name":"wp","href":"https:\/\/api.w.org\/{rel}","templated":true}]}}