{"id":6807,"date":"2019-04-06T09:10:50","date_gmt":"2019-04-06T12:10:50","guid":{"rendered":"http:\/\/srv.portalnpm.com.br\/?p=6807"},"modified":"2019-04-06T09:10:50","modified_gmt":"2019-04-06T12:10:50","slug":"cmdca-de-sao-juliao-pi-divulga-edital-para-eleicao-do-conselho-tutelar","status":"publish","type":"post","link":"https:\/\/portalnpm.com\/index.php\/2019\/04\/06\/cmdca-de-sao-juliao-pi-divulga-edital-para-eleicao-do-conselho-tutelar\/","title":{"rendered":"CMDCA de S\u00e3o Juli\u00e3o \u2013 PI divulga edital para elei\u00e7\u00e3o do Conselho Tutelar\u00a0"},"content":{"rendered":"<p style=\"text-align: justify;\">O Conselho Municipal dos Direitos da Crian\u00e7a e do Adolescente \u2013 CMDCA, atrav\u00e9s da Secretaria Municipal de Assist\u00eancia Social de S\u00e3o Juli\u00e3o \u2013 PI acaba de divulgar o edital com as inscri\u00e7\u00f5es para a\u00a0<strong>3\u00aa ELEI\u00c7\u00c3O DIRETA DE ESCOLHA DOS MEMBROS DO CONSELHO TUTELAR\u00a0<\/strong>que atuar\u00e3o no quadri\u00eanio 2020\/2023.<\/p>\n<p style=\"text-align: justify;\">As inscri\u00e7\u00f5es estar\u00e3o abertas no per\u00edodo de 08 de abril a 03 de maio de 2019 (dias \u00fateis), das 08:00 \u00e0s 12:00 e das 14:00 \u00e0s 17:00 horas, na sede do Centro de Refer\u00eancia de Assist\u00eancia Social \u2013 CRAS, localizado na Av. Joviano Maximino de Alencar, N\u00ba. 22, no centro de S\u00e3o Juli\u00e3o \u2013 PI.<\/p>\n<p style=\"text-align: justify;\">Para se inscrever \u00e9 necess\u00e1rio ter idade igual ou superior a 21 anos; residir neste munic\u00edpio h\u00e1 mais de 02 anos; estar quite com as obriga\u00e7\u00f5es eleitorais e no gozo de seus direitos pol\u00edticos; estar quite com as obriga\u00e7\u00f5es militares (para candidatos do sexo masculino); n\u00e3o ter sido penalizado com a destitui\u00e7\u00e3o da fun\u00e7\u00e3o de conselheiro tutelar nos \u00faltimo 05 anos; ter conclu\u00eddo o ensino m\u00e9dio; ter pelo menos 02 anos de experi\u00eancia comprovada na \u00e1rea da crian\u00e7a e adolescente.<\/p>\n<p style=\"text-align: justify;\">No ato da inscri\u00e7\u00e3o o candidato deve portar os seguintes documentos (<strong>originais e duas c\u00f3pias<\/strong>):<\/p>\n<p style=\"text-align: justify;\">Identidade; CPF; T\u00edtulo Eleitoral com comprovante de vota\u00e7\u00e3o ou justificativa; Certid\u00e3o Negativa de Antecedentes Criminais; Certid\u00e3o de quita\u00e7\u00e3o com as obriga\u00e7\u00f5es militares (para candidatos do sexo masculino); Declara\u00e7\u00e3o da entidade comprovando a experi\u00eancia no trabalho com crian\u00e7as e adolescentes h\u00e1 02 anos; Certificado de Conclus\u00e3o do Ensino M\u00e9dio; e Comprovante de Resid\u00eancia.<\/p>\n<p style=\"text-align: justify;\">Para maiores esclarecimentos procurar a Comiss\u00e3o Organizadora ou atrav\u00e9s do telefone: (89) 3438-1424.<\/p>\n<p><a href=\"http:\/\/transparencia.saojuliao.pi.gov.br\/uploads\/leis\/5f47f9b2104b7155435106dd2590beb8.pdf\">http:\/\/transparencia.saojuliao.pi.gov.br\/uploads\/leis\/5f47f9b2104b7155435106dd2590beb8.pdf <strong>Confira o Edital Completo<\/strong><\/a><\/p>\n<p><strong><a href=\"http:\/\/transparencia.saojuliao.pi.gov.br\/uploads\/leis\/e1f184c3003e10c4c4b7bcd13e4fe758.pdf\">Confira o Calend\u00e1rio de Atividade<\/a><\/strong><\/p>\n<p><strong>FONTE: Portal \u00c9 Not\u00edcias\u00a0<\/strong><\/p>\n","protected":false},"excerpt":{"rendered":"<p>O Conselho Municipal dos Direitos da Crian\u00e7a e do Adolescente \u2013 CMDCA, atrav\u00e9s da Secretaria Municipal de Assist\u00eancia Social de S\u00e3o Juli\u00e3o \u2013 PI acaba de divulgar o edital com as inscri\u00e7\u00f5es para a\u00a03\u00aa ELEI\u00c7\u00c3O DIRETA DE ESCOLHA DOS MEMBROS DO CONSELHO TUTELAR\u00a0que atuar\u00e3o no quadri\u00eanio 2020\/2023. As inscri\u00e7\u00f5es estar\u00e3o abertas no per\u00edodo de 08 &hellip;<\/p>\n","protected":false},"author":3,"featured_media":6808,"comment_status":"open","ping_status":"open","sticky":false,"template":"","format":"standard","meta":{"content-type":"","rop_custom_images_group":[],"rop_custom_messages_group":[],"rop_publish_now":"initial","rop_publish_now_accounts":{"facebook_2648258775420054_1618374048415101":""},"rop_publish_now_history":[],"rop_publish_now_status":"pending","footnotes":"","_jetpack_memberships_contains_paid_content":false},"categories":[109,136],"tags":[1956,1429,137],"yoast_head":"<!-- This site is optimized with the Yoast SEO plugin v22.3 - https:\/\/yoast.com\/wordpress\/plugins\/seo\/ -->\n<title>CMDCA de S\u00e3o Juli\u00e3o \u2013 PI divulga edital para elei\u00e7\u00e3o do Conselho Tutelar\u00a0 - Portal NPM<\/title>\n<meta name=\"robots\" content=\"index, follow, max-snippet:-1, max-image-preview:large, max-video-preview:-1\" \/>\n<link rel=\"canonical\" href=\"https:\/\/portalnpm.com\/index.php\/2019\/04\/06\/cmdca-de-sao-juliao-pi-divulga-edital-para-eleicao-do-conselho-tutelar\/\" \/>\n<meta property=\"og:locale\" content=\"pt_BR\" \/>\n<meta property=\"og:type\" content=\"article\" \/>\n<meta property=\"og:title\" content=\"CMDCA de S\u00e3o Juli\u00e3o \u2013 PI divulga edital para elei\u00e7\u00e3o do Conselho Tutelar\u00a0 - Portal NPM\" \/>\n<meta property=\"og:description\" content=\"O Conselho Municipal dos Direitos da Crian\u00e7a e do Adolescente \u2013 CMDCA, atrav\u00e9s da Secretaria Municipal de Assist\u00eancia Social de S\u00e3o Juli\u00e3o \u2013 PI acaba de divulgar o edital com as inscri\u00e7\u00f5es para a\u00a03\u00aa ELEI\u00c7\u00c3O DIRETA DE ESCOLHA DOS MEMBROS DO CONSELHO TUTELAR\u00a0que atuar\u00e3o no quadri\u00eanio 2020\/2023. As inscri\u00e7\u00f5es estar\u00e3o abertas no per\u00edodo de 08 &hellip;\" \/>\n<meta property=\"og:url\" content=\"https:\/\/portalnpm.com\/index.php\/2019\/04\/06\/cmdca-de-sao-juliao-pi-divulga-edital-para-eleicao-do-conselho-tutelar\/\" \/>\n<meta property=\"og:site_name\" content=\"Portal NPM\" \/>\n<meta property=\"article:published_time\" content=\"2019-04-06T12:10:50+00:00\" \/>\n<meta name=\"author\" content=\"Luis Alberto\" \/>\n<meta name=\"twitter:card\" content=\"summary_large_image\" \/>\n<meta name=\"twitter:label1\" content=\"Escrito por\" \/>\n\t<meta name=\"twitter:data1\" content=\"Luis Alberto\" \/>\n\t<meta name=\"twitter:label2\" content=\"Est. tempo de leitura\" \/>\n\t<meta name=\"twitter:data2\" content=\"2 minutos\" \/>\n<script type=\"application\/ld+json\" class=\"yoast-schema-graph\">{\"@context\":\"https:\/\/schema.org\",\"@graph\":[{\"@type\":\"WebPage\",\"@id\":\"https:\/\/portalnpm.com\/index.php\/2019\/04\/06\/cmdca-de-sao-juliao-pi-divulga-edital-para-eleicao-do-conselho-tutelar\/\",\"url\":\"https:\/\/portalnpm.com\/index.php\/2019\/04\/06\/cmdca-de-sao-juliao-pi-divulga-edital-para-eleicao-do-conselho-tutelar\/\",\"name\":\"CMDCA de S\u00e3o Juli\u00e3o \u2013 PI divulga edital para elei\u00e7\u00e3o do Conselho Tutelar\u00a0 - Portal NPM\",\"isPartOf\":{\"@id\":\"https:\/\/portalnpm.com\/#website\"},\"primaryImageOfPage\":{\"@id\":\"https:\/\/portalnpm.com\/index.php\/2019\/04\/06\/cmdca-de-sao-juliao-pi-divulga-edital-para-eleicao-do-conselho-tutelar\/#primaryimage\"},\"image\":{\"@id\":\"https:\/\/portalnpm.com\/index.php\/2019\/04\/06\/cmdca-de-sao-juliao-pi-divulga-edital-para-eleicao-do-conselho-tutelar\/#primaryimage\"},\"thumbnailUrl\":\"\",\"datePublished\":\"2019-04-06T12:10:50+00:00\",\"dateModified\":\"2019-04-06T12:10:50+00:00\",\"author\":{\"@id\":\"https:\/\/portalnpm.com\/#\/schema\/person\/5c8006acdf71774cd4e7a5ab98482152\"},\"breadcrumb\":{\"@id\":\"https:\/\/portalnpm.com\/index.php\/2019\/04\/06\/cmdca-de-sao-juliao-pi-divulga-edital-para-eleicao-do-conselho-tutelar\/#breadcrumb\"},\"inLanguage\":\"pt-BR\",\"potentialAction\":[{\"@type\":\"ReadAction\",\"target\":[\"https:\/\/portalnpm.com\/index.php\/2019\/04\/06\/cmdca-de-sao-juliao-pi-divulga-edital-para-eleicao-do-conselho-tutelar\/\"]}]},{\"@type\":\"ImageObject\",\"inLanguage\":\"pt-BR\",\"@id\":\"https:\/\/portalnpm.com\/index.php\/2019\/04\/06\/cmdca-de-sao-juliao-pi-divulga-edital-para-eleicao-do-conselho-tutelar\/#primaryimage\",\"url\":\"\",\"contentUrl\":\"\"},{\"@type\":\"BreadcrumbList\",\"@id\":\"https:\/\/portalnpm.com\/index.php\/2019\/04\/06\/cmdca-de-sao-juliao-pi-divulga-edital-para-eleicao-do-conselho-tutelar\/#breadcrumb\",\"itemListElement\":[{\"@type\":\"ListItem\",\"position\":1,\"name\":\"In\u00edcio\",\"item\":\"https:\/\/portalnpm.com\/\"},{\"@type\":\"ListItem\",\"position\":2,\"name\":\"CMDCA de S\u00e3o Juli\u00e3o \u2013 PI divulga edital para elei\u00e7\u00e3o do Conselho Tutelar\u00a0\"}]},{\"@type\":\"WebSite\",\"@id\":\"https:\/\/portalnpm.com\/#website\",\"url\":\"https:\/\/portalnpm.com\/\",\"name\":\"Portal NPM\",\"description\":\"Not\u00edcias em Primeira M\u00e3o\",\"potentialAction\":[{\"@type\":\"SearchAction\",\"target\":{\"@type\":\"EntryPoint\",\"urlTemplate\":\"https:\/\/portalnpm.com\/?s={search_term_string}\"},\"query-input\":\"required name=search_term_string\"}],\"inLanguage\":\"pt-BR\"},{\"@type\":\"Person\",\"@id\":\"https:\/\/portalnpm.com\/#\/schema\/person\/5c8006acdf71774cd4e7a5ab98482152\",\"name\":\"Luis Alberto\",\"image\":{\"@type\":\"ImageObject\",\"inLanguage\":\"pt-BR\",\"@id\":\"https:\/\/portalnpm.com\/#\/schema\/person\/image\/\",\"url\":\"https:\/\/portalnpm.com\/wp-content\/uploads\/2024\/12\/avatar_user_3_1734699769-96x96.jpeg\",\"contentUrl\":\"https:\/\/portalnpm.com\/wp-content\/uploads\/2024\/12\/avatar_user_3_1734699769-96x96.jpeg\",\"caption\":\"Luis Alberto\"},\"description\":\"Editor-geral do Portal NPM, \u00e9 formado como T\u00e9cnico em Seguran\u00e7a do Trabalho pela Escola Metropolitana de Cursos T\u00e9cnicos. Det\u00e9m ainda licenciatura em Educa\u00e7\u00e3o F\u00edsica e bacharelado em Ci\u00eancias Pol\u00edticas, ambos obtidos pela institui\u00e7\u00e3o Anhanguera\/UNOPAR.\",\"url\":\"https:\/\/portalnpm.com\/index.php\/author\/pereira\/\"}]}<\/script>\n<!-- \/ Yoast SEO plugin. -->","yoast_head_json":{"title":"CMDCA de S\u00e3o Juli\u00e3o \u2013 PI divulga edital para elei\u00e7\u00e3o do Conselho Tutelar\u00a0 - Portal NPM","robots":{"index":"index","follow":"follow","max-snippet":"max-snippet:-1","max-image-preview":"max-image-preview:large","max-video-preview":"max-video-preview:-1"},"canonical":"https:\/\/portalnpm.com\/index.php\/2019\/04\/06\/cmdca-de-sao-juliao-pi-divulga-edital-para-eleicao-do-conselho-tutelar\/","og_locale":"pt_BR","og_type":"article","og_title":"CMDCA de S\u00e3o Juli\u00e3o \u2013 PI divulga edital para elei\u00e7\u00e3o do Conselho Tutelar\u00a0 - Portal NPM","og_description":"O Conselho Municipal dos Direitos da Crian\u00e7a e do Adolescente \u2013 CMDCA, atrav\u00e9s da Secretaria Municipal de Assist\u00eancia Social de S\u00e3o Juli\u00e3o \u2013 PI acaba de divulgar o edital com as inscri\u00e7\u00f5es para a\u00a03\u00aa ELEI\u00c7\u00c3O DIRETA DE ESCOLHA DOS MEMBROS DO CONSELHO TUTELAR\u00a0que atuar\u00e3o no quadri\u00eanio 2020\/2023. As inscri\u00e7\u00f5es estar\u00e3o abertas no per\u00edodo de 08 &hellip;","og_url":"https:\/\/portalnpm.com\/index.php\/2019\/04\/06\/cmdca-de-sao-juliao-pi-divulga-edital-para-eleicao-do-conselho-tutelar\/","og_site_name":"Portal NPM","article_published_time":"2019-04-06T12:10:50+00:00","author":"Luis Alberto","twitter_card":"summary_large_image","twitter_misc":{"Escrito por":"Luis Alberto","Est. tempo de leitura":"2 minutos"},"schema":{"@context":"https:\/\/schema.org","@graph":[{"@type":"WebPage","@id":"https:\/\/portalnpm.com\/index.php\/2019\/04\/06\/cmdca-de-sao-juliao-pi-divulga-edital-para-eleicao-do-conselho-tutelar\/","url":"https:\/\/portalnpm.com\/index.php\/2019\/04\/06\/cmdca-de-sao-juliao-pi-divulga-edital-para-eleicao-do-conselho-tutelar\/","name":"CMDCA de S\u00e3o Juli\u00e3o \u2013 PI divulga edital para elei\u00e7\u00e3o do Conselho Tutelar\u00a0 - Portal NPM","isPartOf":{"@id":"https:\/\/portalnpm.com\/#website"},"primaryImageOfPage":{"@id":"https:\/\/portalnpm.com\/index.php\/2019\/04\/06\/cmdca-de-sao-juliao-pi-divulga-edital-para-eleicao-do-conselho-tutelar\/#primaryimage"},"image":{"@id":"https:\/\/portalnpm.com\/index.php\/2019\/04\/06\/cmdca-de-sao-juliao-pi-divulga-edital-para-eleicao-do-conselho-tutelar\/#primaryimage"},"thumbnailUrl":"","datePublished":"2019-04-06T12:10:50+00:00","dateModified":"2019-04-06T12:10:50+00:00","author":{"@id":"https:\/\/portalnpm.com\/#\/schema\/person\/5c8006acdf71774cd4e7a5ab98482152"},"breadcrumb":{"@id":"https:\/\/portalnpm.com\/index.php\/2019\/04\/06\/cmdca-de-sao-juliao-pi-divulga-edital-para-eleicao-do-conselho-tutelar\/#breadcrumb"},"inLanguage":"pt-BR","potentialAction":[{"@type":"ReadAction","target":["https:\/\/portalnpm.com\/index.php\/2019\/04\/06\/cmdca-de-sao-juliao-pi-divulga-edital-para-eleicao-do-conselho-tutelar\/"]}]},{"@type":"ImageObject","inLanguage":"pt-BR","@id":"https:\/\/portalnpm.com\/index.php\/2019\/04\/06\/cmdca-de-sao-juliao-pi-divulga-edital-para-eleicao-do-conselho-tutelar\/#primaryimage","url":"","contentUrl":""},{"@type":"BreadcrumbList","@id":"https:\/\/portalnpm.com\/index.php\/2019\/04\/06\/cmdca-de-sao-juliao-pi-divulga-edital-para-eleicao-do-conselho-tutelar\/#breadcrumb","itemListElement":[{"@type":"ListItem","position":1,"name":"In\u00edcio","item":"https:\/\/portalnpm.com\/"},{"@type":"ListItem","position":2,"name":"CMDCA de S\u00e3o Juli\u00e3o \u2013 PI divulga edital para elei\u00e7\u00e3o do Conselho Tutelar\u00a0"}]},{"@type":"WebSite","@id":"https:\/\/portalnpm.com\/#website","url":"https:\/\/portalnpm.com\/","name":"Portal NPM","description":"Not\u00edcias em Primeira M\u00e3o","potentialAction":[{"@type":"SearchAction","target":{"@type":"EntryPoint","urlTemplate":"https:\/\/portalnpm.com\/?s={search_term_string}"},"query-input":"required name=search_term_string"}],"inLanguage":"pt-BR"},{"@type":"Person","@id":"https:\/\/portalnpm.com\/#\/schema\/person\/5c8006acdf71774cd4e7a5ab98482152","name":"Luis Alberto","image":{"@type":"ImageObject","inLanguage":"pt-BR","@id":"https:\/\/portalnpm.com\/#\/schema\/person\/image\/","url":"https:\/\/portalnpm.com\/wp-content\/uploads\/2024\/12\/avatar_user_3_1734699769-96x96.jpeg","contentUrl":"https:\/\/portalnpm.com\/wp-content\/uploads\/2024\/12\/avatar_user_3_1734699769-96x96.jpeg","caption":"Luis Alberto"},"description":"Editor-geral do Portal NPM, \u00e9 formado como T\u00e9cnico em Seguran\u00e7a do Trabalho pela Escola Metropolitana de Cursos T\u00e9cnicos. Det\u00e9m ainda licenciatura em Educa\u00e7\u00e3o F\u00edsica e bacharelado em Ci\u00eancias Pol\u00edticas, ambos obtidos pela institui\u00e7\u00e3o Anhanguera\/UNOPAR.","url":"https:\/\/portalnpm.com\/index.php\/author\/pereira\/"}]}},"jetpack_sharing_enabled":true,"jetpack_featured_media_url":"","_links":{"self":[{"href":"https:\/\/portalnpm.com\/index.php\/wp-json\/wp\/v2\/posts\/6807"}],"collection":[{"href":"https:\/\/portalnpm.com\/index.php\/wp-json\/wp\/v2\/posts"}],"about":[{"href":"https:\/\/portalnpm.com\/index.php\/wp-json\/wp\/v2\/types\/post"}],"author":[{"embeddable":true,"href":"https:\/\/portalnpm.com\/index.php\/wp-json\/wp\/v2\/users\/3"}],"replies":[{"embeddable":true,"href":"https:\/\/portalnpm.com\/index.php\/wp-json\/wp\/v2\/comments?post=6807"}],"version-history":[{"count":0,"href":"https:\/\/portalnpm.com\/index.php\/wp-json\/wp\/v2\/posts\/6807\/revisions"}],"wp:featuredmedia":[{"embeddable":true,"href":"https:\/\/portalnpm.com\/index.php\/wp-json\/"}],"wp:attachment":[{"href":"https:\/\/portalnpm.com\/index.php\/wp-json\/wp\/v2\/media?parent=6807"}],"wp:term":[{"taxonomy":"category","embeddable":true,"href":"https:\/\/portalnpm.com\/index.php\/wp-json\/wp\/v2\/categories?post=6807"},{"taxonomy":"post_tag","embeddable":true,"href":"https:\/\/portalnpm.com\/index.php\/wp-json\/wp\/v2\/tags?post=6807"}],"curies":[{"name":"wp","href":"https:\/\/api.w.org\/{rel}","templated":true}]}}