{"id":71078,"date":"2024-02-12T01:42:32","date_gmt":"2024-02-12T04:42:32","guid":{"rendered":"https:\/\/portalnpm.com\/?p=71078"},"modified":"2024-02-12T01:42:32","modified_gmt":"2024-02-12T04:42:32","slug":"em-alegrete-do-piaui-mdb-realiza-convencao-e-lanca-pre-candidatura-de-manoel-filho-a-prefeito","status":"publish","type":"post","link":"https:\/\/portalnpm.com\/index.php\/2024\/02\/12\/em-alegrete-do-piaui-mdb-realiza-convencao-e-lanca-pre-candidatura-de-manoel-filho-a-prefeito\/","title":{"rendered":"Em Alegrete do Piau\u00ed, MDB realiza conven\u00e7\u00e3o e lan\u00e7a pr\u00e9-candidatura de Manoel Filho a prefeito"},"content":{"rendered":"<p>O Movimento Democr\u00e1tico Brasileiro, MDB, de Alegrete do Piau\u00ed, cidade \u00e0s margens da BR-316, realizou neste s\u00e1bado (10), a sua conven\u00e7\u00e3o partid\u00e1ria, onde tratou \u00e0s diretrizes do partido para \u00e0s elei\u00e7\u00f5es de 2024 no munic\u00edpio.<\/p>\n<p><img fetchpriority=\"high\" decoding=\"async\" class=\"alignnone size-medium wp-image-71082\" src=\"https:\/\/portalnpm.com\/wp-content\/uploads\/2024\/02\/IMG-20240212-WA0012-223x300.jpg\" alt=\"\" width=\"223\" height=\"300\" srcset=\"https:\/\/portalnpm.com\/wp-content\/uploads\/2024\/02\/IMG-20240212-WA0012-223x300.jpg 223w, https:\/\/portalnpm.com\/wp-content\/uploads\/2024\/02\/IMG-20240212-WA0012-760x1024.jpg 760w, https:\/\/portalnpm.com\/wp-content\/uploads\/2024\/02\/IMG-20240212-WA0012-768x1035.jpg 768w, https:\/\/portalnpm.com\/wp-content\/uploads\/2024\/02\/IMG-20240212-WA0012.jpg 1080w\" sizes=\"(max-width: 223px) 100vw, 223px\" \/><\/p>\n<p>Na pauta, a pr\u00e9-candidatura do l\u00edder pol\u00edtico Manoel Filho ao executivo local, al\u00e9m de v\u00e1rios postulantes ao legislativo municipal.<\/p>\n<p>Manoel Filho foi candidato a prefeito em 2020 pela oposi\u00e7\u00e3o e, visando \u00e0s elei\u00e7\u00f5es de 06 de outubro, o pol\u00edtico tem colocado novamente seu nome \u00e0 disposi\u00e7\u00e3o da popula\u00e7\u00e3o pelo campo oposicionista.<\/p>\n<p><img decoding=\"async\" class=\"alignnone size-medium wp-image-71083\" src=\"https:\/\/portalnpm.com\/wp-content\/uploads\/2024\/02\/IMG-20240212-WA0011-208x300.jpg\" alt=\"\" width=\"208\" height=\"300\" srcset=\"https:\/\/portalnpm.com\/wp-content\/uploads\/2024\/02\/IMG-20240212-WA0011-208x300.jpg 208w, https:\/\/portalnpm.com\/wp-content\/uploads\/2024\/02\/IMG-20240212-WA0011-712x1024.jpg 712w, https:\/\/portalnpm.com\/wp-content\/uploads\/2024\/02\/IMG-20240212-WA0011-768x1105.jpg 768w, https:\/\/portalnpm.com\/wp-content\/uploads\/2024\/02\/IMG-20240212-WA0011-1067x1536.jpg 1067w, https:\/\/portalnpm.com\/wp-content\/uploads\/2024\/02\/IMG-20240212-WA0011.jpg 1080w\" sizes=\"(max-width: 208px) 100vw, 208px\" \/><\/p>\n<p>At\u00e9 o exato momento, o munic\u00edpio de Alegrete do Piau\u00ed tem tr\u00eas pr\u00e9-candidatos a prefeito, sendo eles: o ex-prefeito M\u00e1rcio Alencar (PT), pelo grupo da situa\u00e7\u00e3o; o l\u00edder pol\u00edtico e ex-vereador Manoel Filho (MDB), e o vereador Mateus Vicente (que disputar\u00e1 pelo PSB ou PDT), ambos pelo campo oposicionista.<\/p>\n<p><strong>Com informa\u00e7\u00f5es do Portal Conexx\u00e3o X\u00a0<\/strong><\/p>\n","protected":false},"excerpt":{"rendered":"<p>O Movimento Democr\u00e1tico Brasileiro, MDB, de Alegrete do Piau\u00ed, cidade \u00e0s margens da BR-316, realizou neste s\u00e1bado (10), a sua conven\u00e7\u00e3o partid\u00e1ria, onde tratou \u00e0s diretrizes do partido para \u00e0s elei\u00e7\u00f5es de 2024 no munic\u00edpio. Na pauta, a pr\u00e9-candidatura do l\u00edder pol\u00edtico Manoel Filho ao executivo local, al\u00e9m de v\u00e1rios postulantes ao legislativo municipal. Manoel &hellip;<\/p>\n","protected":false},"author":3,"featured_media":71081,"comment_status":"open","ping_status":"open","sticky":false,"template":"","format":"standard","meta":{"content-type":"","rop_custom_images_group":[],"rop_custom_messages_group":[],"rop_publish_now":"initial","rop_publish_now_accounts":{"facebook_2648258775420054_1618374048415101":""},"rop_publish_now_history":[],"rop_publish_now_status":"pending","footnotes":"","_jetpack_memberships_contains_paid_content":false},"categories":[110,113,130],"tags":[196,5989,230,855,916,2668,5192,1265,187,950,135,1143],"yoast_head":"<!-- This site is optimized with the Yoast SEO plugin v22.3 - https:\/\/yoast.com\/wordpress\/plugins\/seo\/ -->\n<title>Em Alegrete do Piau\u00ed, MDB realiza conven\u00e7\u00e3o e lan\u00e7a pr\u00e9-candidatura de Manoel Filho a prefeito - Portal NPM<\/title>\n<meta name=\"robots\" content=\"index, follow, max-snippet:-1, max-image-preview:large, max-video-preview:-1\" \/>\n<link rel=\"canonical\" href=\"https:\/\/portalnpm.com\/index.php\/2024\/02\/12\/em-alegrete-do-piaui-mdb-realiza-convencao-e-lanca-pre-candidatura-de-manoel-filho-a-prefeito\/\" \/>\n<meta property=\"og:locale\" content=\"pt_BR\" \/>\n<meta property=\"og:type\" content=\"article\" \/>\n<meta property=\"og:title\" content=\"Em Alegrete do Piau\u00ed, MDB realiza conven\u00e7\u00e3o e lan\u00e7a pr\u00e9-candidatura de Manoel Filho a prefeito - Portal NPM\" \/>\n<meta property=\"og:description\" content=\"O Movimento Democr\u00e1tico Brasileiro, MDB, de Alegrete do Piau\u00ed, cidade \u00e0s margens da BR-316, realizou neste s\u00e1bado (10), a sua conven\u00e7\u00e3o partid\u00e1ria, onde tratou \u00e0s diretrizes do partido para \u00e0s elei\u00e7\u00f5es de 2024 no munic\u00edpio. Na pauta, a pr\u00e9-candidatura do l\u00edder pol\u00edtico Manoel Filho ao executivo local, al\u00e9m de v\u00e1rios postulantes ao legislativo municipal. Manoel &hellip;\" \/>\n<meta property=\"og:url\" content=\"https:\/\/portalnpm.com\/index.php\/2024\/02\/12\/em-alegrete-do-piaui-mdb-realiza-convencao-e-lanca-pre-candidatura-de-manoel-filho-a-prefeito\/\" \/>\n<meta property=\"og:site_name\" content=\"Portal NPM\" \/>\n<meta property=\"article:published_time\" content=\"2024-02-12T04:42:32+00:00\" \/>\n<meta property=\"og:image\" content=\"https:\/\/portalnpm.com\/wp-content\/uploads\/2024\/02\/IMG-20240212-WA0010.jpg\" \/>\n\t<meta property=\"og:image:width\" content=\"1006\" \/>\n\t<meta property=\"og:image:height\" content=\"1600\" \/>\n\t<meta property=\"og:image:type\" content=\"image\/jpeg\" \/>\n<meta name=\"author\" content=\"Luis Alberto\" \/>\n<meta name=\"twitter:card\" content=\"summary_large_image\" \/>\n<meta name=\"twitter:label1\" content=\"Escrito por\" \/>\n\t<meta name=\"twitter:data1\" content=\"Luis Alberto\" \/>\n\t<meta name=\"twitter:label2\" content=\"Est. tempo de leitura\" \/>\n\t<meta name=\"twitter:data2\" content=\"2 minutos\" \/>\n<script type=\"application\/ld+json\" class=\"yoast-schema-graph\">{\"@context\":\"https:\/\/schema.org\",\"@graph\":[{\"@type\":\"WebPage\",\"@id\":\"https:\/\/portalnpm.com\/index.php\/2024\/02\/12\/em-alegrete-do-piaui-mdb-realiza-convencao-e-lanca-pre-candidatura-de-manoel-filho-a-prefeito\/\",\"url\":\"https:\/\/portalnpm.com\/index.php\/2024\/02\/12\/em-alegrete-do-piaui-mdb-realiza-convencao-e-lanca-pre-candidatura-de-manoel-filho-a-prefeito\/\",\"name\":\"Em Alegrete do Piau\u00ed, MDB realiza conven\u00e7\u00e3o e lan\u00e7a pr\u00e9-candidatura de Manoel Filho a prefeito - Portal NPM\",\"isPartOf\":{\"@id\":\"https:\/\/portalnpm.com\/#website\"},\"primaryImageOfPage\":{\"@id\":\"https:\/\/portalnpm.com\/index.php\/2024\/02\/12\/em-alegrete-do-piaui-mdb-realiza-convencao-e-lanca-pre-candidatura-de-manoel-filho-a-prefeito\/#primaryimage\"},\"image\":{\"@id\":\"https:\/\/portalnpm.com\/index.php\/2024\/02\/12\/em-alegrete-do-piaui-mdb-realiza-convencao-e-lanca-pre-candidatura-de-manoel-filho-a-prefeito\/#primaryimage\"},\"thumbnailUrl\":\"https:\/\/portalnpm.com\/wp-content\/uploads\/2024\/02\/IMG-20240212-WA0010.jpg\",\"datePublished\":\"2024-02-12T04:42:32+00:00\",\"dateModified\":\"2024-02-12T04:42:32+00:00\",\"author\":{\"@id\":\"https:\/\/portalnpm.com\/#\/schema\/person\/5c8006acdf71774cd4e7a5ab98482152\"},\"breadcrumb\":{\"@id\":\"https:\/\/portalnpm.com\/index.php\/2024\/02\/12\/em-alegrete-do-piaui-mdb-realiza-convencao-e-lanca-pre-candidatura-de-manoel-filho-a-prefeito\/#breadcrumb\"},\"inLanguage\":\"pt-BR\",\"potentialAction\":[{\"@type\":\"ReadAction\",\"target\":[\"https:\/\/portalnpm.com\/index.php\/2024\/02\/12\/em-alegrete-do-piaui-mdb-realiza-convencao-e-lanca-pre-candidatura-de-manoel-filho-a-prefeito\/\"]}]},{\"@type\":\"ImageObject\",\"inLanguage\":\"pt-BR\",\"@id\":\"https:\/\/portalnpm.com\/index.php\/2024\/02\/12\/em-alegrete-do-piaui-mdb-realiza-convencao-e-lanca-pre-candidatura-de-manoel-filho-a-prefeito\/#primaryimage\",\"url\":\"https:\/\/portalnpm.com\/wp-content\/uploads\/2024\/02\/IMG-20240212-WA0010.jpg\",\"contentUrl\":\"https:\/\/portalnpm.com\/wp-content\/uploads\/2024\/02\/IMG-20240212-WA0010.jpg\",\"width\":1006,\"height\":1600},{\"@type\":\"BreadcrumbList\",\"@id\":\"https:\/\/portalnpm.com\/index.php\/2024\/02\/12\/em-alegrete-do-piaui-mdb-realiza-convencao-e-lanca-pre-candidatura-de-manoel-filho-a-prefeito\/#breadcrumb\",\"itemListElement\":[{\"@type\":\"ListItem\",\"position\":1,\"name\":\"In\u00edcio\",\"item\":\"https:\/\/portalnpm.com\/\"},{\"@type\":\"ListItem\",\"position\":2,\"name\":\"Em Alegrete do Piau\u00ed, MDB realiza conven\u00e7\u00e3o e lan\u00e7a pr\u00e9-candidatura de Manoel Filho a prefeito\"}]},{\"@type\":\"WebSite\",\"@id\":\"https:\/\/portalnpm.com\/#website\",\"url\":\"https:\/\/portalnpm.com\/\",\"name\":\"Portal NPM\",\"description\":\"Not\u00edcias em Primeira M\u00e3o\",\"potentialAction\":[{\"@type\":\"SearchAction\",\"target\":{\"@type\":\"EntryPoint\",\"urlTemplate\":\"https:\/\/portalnpm.com\/?s={search_term_string}\"},\"query-input\":\"required name=search_term_string\"}],\"inLanguage\":\"pt-BR\"},{\"@type\":\"Person\",\"@id\":\"https:\/\/portalnpm.com\/#\/schema\/person\/5c8006acdf71774cd4e7a5ab98482152\",\"name\":\"Luis Alberto\",\"image\":{\"@type\":\"ImageObject\",\"inLanguage\":\"pt-BR\",\"@id\":\"https:\/\/portalnpm.com\/#\/schema\/person\/image\/\",\"url\":\"https:\/\/portalnpm.com\/wp-content\/uploads\/2024\/12\/avatar_user_3_1734699769-96x96.jpeg\",\"contentUrl\":\"https:\/\/portalnpm.com\/wp-content\/uploads\/2024\/12\/avatar_user_3_1734699769-96x96.jpeg\",\"caption\":\"Luis Alberto\"},\"description\":\"Editor-geral do Portal NPM, \u00e9 formado como T\u00e9cnico em Seguran\u00e7a do Trabalho pela Escola Metropolitana de Cursos T\u00e9cnicos. Det\u00e9m ainda licenciatura em Educa\u00e7\u00e3o F\u00edsica e bacharelado em Ci\u00eancias Pol\u00edticas, ambos obtidos pela institui\u00e7\u00e3o Anhanguera\/UNOPAR.\",\"url\":\"https:\/\/portalnpm.com\/index.php\/author\/pereira\/\"}]}<\/script>\n<!-- \/ Yoast SEO plugin. -->","yoast_head_json":{"title":"Em Alegrete do Piau\u00ed, MDB realiza conven\u00e7\u00e3o e lan\u00e7a pr\u00e9-candidatura de Manoel Filho a prefeito - Portal NPM","robots":{"index":"index","follow":"follow","max-snippet":"max-snippet:-1","max-image-preview":"max-image-preview:large","max-video-preview":"max-video-preview:-1"},"canonical":"https:\/\/portalnpm.com\/index.php\/2024\/02\/12\/em-alegrete-do-piaui-mdb-realiza-convencao-e-lanca-pre-candidatura-de-manoel-filho-a-prefeito\/","og_locale":"pt_BR","og_type":"article","og_title":"Em Alegrete do Piau\u00ed, MDB realiza conven\u00e7\u00e3o e lan\u00e7a pr\u00e9-candidatura de Manoel Filho a prefeito - Portal NPM","og_description":"O Movimento Democr\u00e1tico Brasileiro, MDB, de Alegrete do Piau\u00ed, cidade \u00e0s margens da BR-316, realizou neste s\u00e1bado (10), a sua conven\u00e7\u00e3o partid\u00e1ria, onde tratou \u00e0s diretrizes do partido para \u00e0s elei\u00e7\u00f5es de 2024 no munic\u00edpio. Na pauta, a pr\u00e9-candidatura do l\u00edder pol\u00edtico Manoel Filho ao executivo local, al\u00e9m de v\u00e1rios postulantes ao legislativo municipal. Manoel &hellip;","og_url":"https:\/\/portalnpm.com\/index.php\/2024\/02\/12\/em-alegrete-do-piaui-mdb-realiza-convencao-e-lanca-pre-candidatura-de-manoel-filho-a-prefeito\/","og_site_name":"Portal NPM","article_published_time":"2024-02-12T04:42:32+00:00","og_image":[{"width":1006,"height":1600,"url":"https:\/\/portalnpm.com\/wp-content\/uploads\/2024\/02\/IMG-20240212-WA0010.jpg","type":"image\/jpeg"}],"author":"Luis Alberto","twitter_card":"summary_large_image","twitter_misc":{"Escrito por":"Luis Alberto","Est. tempo de leitura":"2 minutos"},"schema":{"@context":"https:\/\/schema.org","@graph":[{"@type":"WebPage","@id":"https:\/\/portalnpm.com\/index.php\/2024\/02\/12\/em-alegrete-do-piaui-mdb-realiza-convencao-e-lanca-pre-candidatura-de-manoel-filho-a-prefeito\/","url":"https:\/\/portalnpm.com\/index.php\/2024\/02\/12\/em-alegrete-do-piaui-mdb-realiza-convencao-e-lanca-pre-candidatura-de-manoel-filho-a-prefeito\/","name":"Em Alegrete do Piau\u00ed, MDB realiza conven\u00e7\u00e3o e lan\u00e7a pr\u00e9-candidatura de Manoel Filho a prefeito - Portal NPM","isPartOf":{"@id":"https:\/\/portalnpm.com\/#website"},"primaryImageOfPage":{"@id":"https:\/\/portalnpm.com\/index.php\/2024\/02\/12\/em-alegrete-do-piaui-mdb-realiza-convencao-e-lanca-pre-candidatura-de-manoel-filho-a-prefeito\/#primaryimage"},"image":{"@id":"https:\/\/portalnpm.com\/index.php\/2024\/02\/12\/em-alegrete-do-piaui-mdb-realiza-convencao-e-lanca-pre-candidatura-de-manoel-filho-a-prefeito\/#primaryimage"},"thumbnailUrl":"https:\/\/portalnpm.com\/wp-content\/uploads\/2024\/02\/IMG-20240212-WA0010.jpg","datePublished":"2024-02-12T04:42:32+00:00","dateModified":"2024-02-12T04:42:32+00:00","author":{"@id":"https:\/\/portalnpm.com\/#\/schema\/person\/5c8006acdf71774cd4e7a5ab98482152"},"breadcrumb":{"@id":"https:\/\/portalnpm.com\/index.php\/2024\/02\/12\/em-alegrete-do-piaui-mdb-realiza-convencao-e-lanca-pre-candidatura-de-manoel-filho-a-prefeito\/#breadcrumb"},"inLanguage":"pt-BR","potentialAction":[{"@type":"ReadAction","target":["https:\/\/portalnpm.com\/index.php\/2024\/02\/12\/em-alegrete-do-piaui-mdb-realiza-convencao-e-lanca-pre-candidatura-de-manoel-filho-a-prefeito\/"]}]},{"@type":"ImageObject","inLanguage":"pt-BR","@id":"https:\/\/portalnpm.com\/index.php\/2024\/02\/12\/em-alegrete-do-piaui-mdb-realiza-convencao-e-lanca-pre-candidatura-de-manoel-filho-a-prefeito\/#primaryimage","url":"https:\/\/portalnpm.com\/wp-content\/uploads\/2024\/02\/IMG-20240212-WA0010.jpg","contentUrl":"https:\/\/portalnpm.com\/wp-content\/uploads\/2024\/02\/IMG-20240212-WA0010.jpg","width":1006,"height":1600},{"@type":"BreadcrumbList","@id":"https:\/\/portalnpm.com\/index.php\/2024\/02\/12\/em-alegrete-do-piaui-mdb-realiza-convencao-e-lanca-pre-candidatura-de-manoel-filho-a-prefeito\/#breadcrumb","itemListElement":[{"@type":"ListItem","position":1,"name":"In\u00edcio","item":"https:\/\/portalnpm.com\/"},{"@type":"ListItem","position":2,"name":"Em Alegrete do Piau\u00ed, MDB realiza conven\u00e7\u00e3o e lan\u00e7a pr\u00e9-candidatura de Manoel Filho a prefeito"}]},{"@type":"WebSite","@id":"https:\/\/portalnpm.com\/#website","url":"https:\/\/portalnpm.com\/","name":"Portal NPM","description":"Not\u00edcias em Primeira M\u00e3o","potentialAction":[{"@type":"SearchAction","target":{"@type":"EntryPoint","urlTemplate":"https:\/\/portalnpm.com\/?s={search_term_string}"},"query-input":"required name=search_term_string"}],"inLanguage":"pt-BR"},{"@type":"Person","@id":"https:\/\/portalnpm.com\/#\/schema\/person\/5c8006acdf71774cd4e7a5ab98482152","name":"Luis Alberto","image":{"@type":"ImageObject","inLanguage":"pt-BR","@id":"https:\/\/portalnpm.com\/#\/schema\/person\/image\/","url":"https:\/\/portalnpm.com\/wp-content\/uploads\/2024\/12\/avatar_user_3_1734699769-96x96.jpeg","contentUrl":"https:\/\/portalnpm.com\/wp-content\/uploads\/2024\/12\/avatar_user_3_1734699769-96x96.jpeg","caption":"Luis Alberto"},"description":"Editor-geral do Portal NPM, \u00e9 formado como T\u00e9cnico em Seguran\u00e7a do Trabalho pela Escola Metropolitana de Cursos T\u00e9cnicos. Det\u00e9m ainda licenciatura em Educa\u00e7\u00e3o F\u00edsica e bacharelado em Ci\u00eancias Pol\u00edticas, ambos obtidos pela institui\u00e7\u00e3o Anhanguera\/UNOPAR.","url":"https:\/\/portalnpm.com\/index.php\/author\/pereira\/"}]}},"jetpack_sharing_enabled":true,"jetpack_featured_media_url":"https:\/\/portalnpm.com\/wp-content\/uploads\/2024\/02\/IMG-20240212-WA0010.jpg","_links":{"self":[{"href":"https:\/\/portalnpm.com\/index.php\/wp-json\/wp\/v2\/posts\/71078"}],"collection":[{"href":"https:\/\/portalnpm.com\/index.php\/wp-json\/wp\/v2\/posts"}],"about":[{"href":"https:\/\/portalnpm.com\/index.php\/wp-json\/wp\/v2\/types\/post"}],"author":[{"embeddable":true,"href":"https:\/\/portalnpm.com\/index.php\/wp-json\/wp\/v2\/users\/3"}],"replies":[{"embeddable":true,"href":"https:\/\/portalnpm.com\/index.php\/wp-json\/wp\/v2\/comments?post=71078"}],"version-history":[{"count":1,"href":"https:\/\/portalnpm.com\/index.php\/wp-json\/wp\/v2\/posts\/71078\/revisions"}],"predecessor-version":[{"id":71084,"href":"https:\/\/portalnpm.com\/index.php\/wp-json\/wp\/v2\/posts\/71078\/revisions\/71084"}],"wp:featuredmedia":[{"embeddable":true,"href":"https:\/\/portalnpm.com\/index.php\/wp-json\/wp\/v2\/media\/71081"}],"wp:attachment":[{"href":"https:\/\/portalnpm.com\/index.php\/wp-json\/wp\/v2\/media?parent=71078"}],"wp:term":[{"taxonomy":"category","embeddable":true,"href":"https:\/\/portalnpm.com\/index.php\/wp-json\/wp\/v2\/categories?post=71078"},{"taxonomy":"post_tag","embeddable":true,"href":"https:\/\/portalnpm.com\/index.php\/wp-json\/wp\/v2\/tags?post=71078"}],"curies":[{"name":"wp","href":"https:\/\/api.w.org\/{rel}","templated":true}]}}