{"id":71108,"date":"2024-02-12T11:12:07","date_gmt":"2024-02-12T14:12:07","guid":{"rendered":"https:\/\/portalnpm.com\/?p=71108"},"modified":"2024-02-12T11:13:35","modified_gmt":"2024-02-12T14:13:35","slug":"abertura-da-ii-copa-joao-de-sousa-de-fut7-movimenta-zona-rural-de-simoes-veja-como-foi","status":"publish","type":"post","link":"https:\/\/portalnpm.com\/index.php\/2024\/02\/12\/abertura-da-ii-copa-joao-de-sousa-de-fut7-movimenta-zona-rural-de-simoes-veja-como-foi\/","title":{"rendered":"Abertura da II Copa Jo\u00e3o de Sousa de Fut7 movimenta zona rural de Sim\u00f5es; veja como foi"},"content":{"rendered":"<div class=\"penci-entry-content entry-content\">\n<p>A comunidade s\u00edtio Jo\u00e3o de Sousa recebeu neste s\u00e1bado (10), a abertura da II Copa Jo\u00e3o de Sousa, uma competi\u00e7\u00e3o de Fut7 que envolve 16 equipes na categoria masculina. O torneio recebe a organiza\u00e7\u00e3o de Jo\u00e3o Paulo, Valdeir, Ayrlon e Paulo J\u00fanior, al\u00e9m de contar com o apoio integral da Prefeitura e da Secretaria de Esportes de Sim\u00f5es na gest\u00e3o do prefeito Z\u00e9 Wlisses.<\/p>\n<div id=\"gallery-1\" class=\"gallery galleryid-458511 gallery-columns-2 gallery-size-full\">\n<\/div>\n<p>A abertura contou com a presen\u00e7a de diversas autoridades municipais, como o prefeito Z\u00e9 Wlisses, acompanhado da primeira-dama e secret\u00e1ria de sa\u00fade Isamaria Dantas, o chefe de gabinete Magno Dantas, o secret\u00e1rio de de administra\u00e7\u00e3o Edilberto Abdias, a secret\u00e1ria de educa\u00e7\u00e3o \u00cdris Elaine, os vereadores Pedro Cust\u00f3dio, Luciano C\u00e9sar e Francisco \u00c2ngelo, al\u00e9m de outras lideran\u00e7as.<\/p>\n<div id=\"gallery-2\" class=\"gallery galleryid-458511 gallery-columns-1 gallery-size-full\"><\/div>\n<p>Para demonstrar o incentivo e apoio ao esporte local, o II Campeonato Jo\u00e3o de Sousa conta com a premia\u00e7\u00e3o total de R$ 8 mil, valor distribu\u00eddo entre o time campe\u00e3o (R$ 5 mil) e vice-campe\u00e3o (R$ 2 mil), bem como em pr\u00eamios individuais ao melhor jogador (R$ 200), artilheiro (R$ 150) e melhor goleiro (R$ 150).<\/p>\n<div id=\"gallery-3\" class=\"gallery galleryid-458511 gallery-columns-3 gallery-size-full\">\n<figure class=\"gallery-item\">\n<div class=\"gallery-icon landscape\"><a href=\"https:\/\/cidadesemfoco.com\/abertura-da-ii-copa-joao-de-sousa-de-fut7-movimenta-zona-rural-de-simoes-veja-fotos\/img_4413-7\/\"><img fetchpriority=\"high\" decoding=\"async\" class=\"attachment-full size-full\" src=\"https:\/\/cidadesemfoco.com\/wp-content\/uploads\/2024\/02\/IMG_4413-1.jpg\" sizes=\"(max-width: 900px) 100vw, 900px\" srcset=\"https:\/\/cidadesemfoco.com\/wp-content\/uploads\/2024\/02\/IMG_4413-1.jpg 900w, https:\/\/cidadesemfoco.com\/wp-content\/uploads\/2024\/02\/IMG_4413-1-300x200.jpg 300w, https:\/\/cidadesemfoco.com\/wp-content\/uploads\/2024\/02\/IMG_4413-1-768x512.jpg 768w, https:\/\/cidadesemfoco.com\/wp-content\/uploads\/2024\/02\/IMG_4413-1-480x320.jpg 480w, https:\/\/cidadesemfoco.com\/wp-content\/uploads\/2024\/02\/IMG_4413-1-280x186.jpg 280w, https:\/\/cidadesemfoco.com\/wp-content\/uploads\/2024\/02\/IMG_4413-1-600x400.jpg 600w, https:\/\/cidadesemfoco.com\/wp-content\/uploads\/2024\/02\/IMG_4413-1-585x390.jpg 585w\" alt=\"\" width=\"900\" height=\"600\" \/><\/a><\/div>\n<\/figure>\n<\/div>\n<p>O prefeito de Sim\u00f5es, Z\u00e9 Wlisses, destacou a import\u00e2ncia do evento para aproximar a cidade da zona rural, bem como para aquecer a economia local. Comentando sobre o incentivo da gest\u00e3o, o representante afirmou que a Prefeitura oferece apoio n\u00e3o apenas na premia\u00e7\u00e3o, mas de forma geral, identificando o esporte como uma \u00e1rea fundamental da cidade.<\/p>\n<div id=\"gallery-4\" class=\"gallery galleryid-458511 gallery-columns-1 gallery-size-full\">\n<figure class=\"gallery-item\">\n<div class=\"gallery-icon landscape\"><a href=\"https:\/\/cidadesemfoco.com\/abertura-da-ii-copa-joao-de-sousa-de-fut7-movimenta-zona-rural-de-simoes-veja-fotos\/img_4423-5\/\"><img decoding=\"async\" class=\"attachment-full size-full\" src=\"https:\/\/cidadesemfoco.com\/wp-content\/uploads\/2024\/02\/IMG_4423-1.jpg\" sizes=\"(max-width: 900px) 100vw, 900px\" srcset=\"https:\/\/cidadesemfoco.com\/wp-content\/uploads\/2024\/02\/IMG_4423-1.jpg 900w, https:\/\/cidadesemfoco.com\/wp-content\/uploads\/2024\/02\/IMG_4423-1-300x200.jpg 300w, https:\/\/cidadesemfoco.com\/wp-content\/uploads\/2024\/02\/IMG_4423-1-768x512.jpg 768w, https:\/\/cidadesemfoco.com\/wp-content\/uploads\/2024\/02\/IMG_4423-1-480x320.jpg 480w, https:\/\/cidadesemfoco.com\/wp-content\/uploads\/2024\/02\/IMG_4423-1-280x186.jpg 280w, https:\/\/cidadesemfoco.com\/wp-content\/uploads\/2024\/02\/IMG_4423-1-600x400.jpg 600w, https:\/\/cidadesemfoco.com\/wp-content\/uploads\/2024\/02\/IMG_4423-1-585x390.jpg 585w\" alt=\"\" width=\"900\" height=\"600\" \/><\/a><\/div>\n<\/figure>\n<\/div>\n<p>\u201cFicamos felizes com a abertura da Copa. N\u00e3o sou eu, mas a Prefeitura que patrocina 100% esse evento. Ficamos felizes em saber que est\u00e1 pr\u00f3ximo da cidade e as comunidades participam. N\u00f3s, como gestores, queremos o melhor para ver a popula\u00e7\u00e3o praticando esporte. Hoje vemos as pessoas com sua mesa e sua comida, isso \u00e9 importante\u201d, declarou o prefeito.<\/p>\n<div id=\"gallery-5\" class=\"gallery galleryid-458511 gallery-columns-2 gallery-size-full\">\n<figure class=\"gallery-item\">\n<div class=\"gallery-icon landscape\"><a href=\"https:\/\/cidadesemfoco.com\/abertura-da-ii-copa-joao-de-sousa-de-fut7-movimenta-zona-rural-de-simoes-veja-fotos\/img_4430-9\/\"><img decoding=\"async\" class=\"attachment-full size-full\" src=\"https:\/\/cidadesemfoco.com\/wp-content\/uploads\/2024\/02\/IMG_4430-1.jpg\" sizes=\"(max-width: 900px) 100vw, 900px\" srcset=\"https:\/\/cidadesemfoco.com\/wp-content\/uploads\/2024\/02\/IMG_4430-1.jpg 900w, https:\/\/cidadesemfoco.com\/wp-content\/uploads\/2024\/02\/IMG_4430-1-300x200.jpg 300w, https:\/\/cidadesemfoco.com\/wp-content\/uploads\/2024\/02\/IMG_4430-1-768x512.jpg 768w, https:\/\/cidadesemfoco.com\/wp-content\/uploads\/2024\/02\/IMG_4430-1-480x320.jpg 480w, https:\/\/cidadesemfoco.com\/wp-content\/uploads\/2024\/02\/IMG_4430-1-280x186.jpg 280w, https:\/\/cidadesemfoco.com\/wp-content\/uploads\/2024\/02\/IMG_4430-1-600x400.jpg 600w, https:\/\/cidadesemfoco.com\/wp-content\/uploads\/2024\/02\/IMG_4430-1-585x390.jpg 585w\" alt=\"\" width=\"900\" height=\"600\" \/><\/a><\/div>\n<\/figure>\n<\/div>\n<p>O chefe de gabinete da Prefeitura de Sim\u00f5es, Magno Dantas, ressaltou o apoio dado pela gest\u00e3o de Z\u00e9 Wlisses para que o campeonato acontecesse com um grande investimento, al\u00e9m de parabenizar a organiza\u00e7\u00e3o do evento. O chefe de gabinete frisou a tradi\u00e7\u00e3o conquistada e a import\u00e2ncia de manter o torneio.<\/p>\n<div id=\"gallery-6\" class=\"gallery galleryid-458511 gallery-columns-1 gallery-size-full\"><\/div>\n<p>\u201cO prefeito Z\u00e9 Wlisses, mais uma vez, se fez presente no Campeonato Jo\u00e3o de Sousa, muito bem organizado pelo amigo Jo\u00e3o Paulo. \u00c9 um campeonato que j\u00e1 virou tradi\u00e7\u00e3o, um dos mais pr\u00f3ximos da zona urbana, mas ainda \u00e9 zona rural. O prefeito reafirma o apoio, incentivo e investimento no esporte, independente da modalidade e localidade. Estamos aqui na segunda copa mostrando o nosso apoio e incentivo\u201d, afirmou.<\/p>\n<div id=\"gallery-7\" class=\"gallery galleryid-458511 gallery-columns-2 gallery-size-full\">\n<figure class=\"gallery-item\">\n<div class=\"gallery-icon landscape\"><a href=\"https:\/\/cidadesemfoco.com\/abertura-da-ii-copa-joao-de-sousa-de-fut7-movimenta-zona-rural-de-simoes-veja-fotos\/img_4430-10\/\"><img loading=\"lazy\" decoding=\"async\" class=\"attachment-full size-full\" src=\"https:\/\/cidadesemfoco.com\/wp-content\/uploads\/2024\/02\/IMG_4430-2.jpg\" sizes=\"(max-width: 900px) 100vw, 900px\" srcset=\"https:\/\/cidadesemfoco.com\/wp-content\/uploads\/2024\/02\/IMG_4430-2.jpg 900w, https:\/\/cidadesemfoco.com\/wp-content\/uploads\/2024\/02\/IMG_4430-2-300x200.jpg 300w, https:\/\/cidadesemfoco.com\/wp-content\/uploads\/2024\/02\/IMG_4430-2-768x512.jpg 768w, https:\/\/cidadesemfoco.com\/wp-content\/uploads\/2024\/02\/IMG_4430-2-480x320.jpg 480w, https:\/\/cidadesemfoco.com\/wp-content\/uploads\/2024\/02\/IMG_4430-2-280x186.jpg 280w, https:\/\/cidadesemfoco.com\/wp-content\/uploads\/2024\/02\/IMG_4430-2-600x400.jpg 600w, https:\/\/cidadesemfoco.com\/wp-content\/uploads\/2024\/02\/IMG_4430-2-585x390.jpg 585w\" alt=\"\" width=\"900\" height=\"600\" \/><\/a><\/div>\n<\/figure>\n<figure class=\"gallery-item\">\n<div class=\"gallery-icon landscape\"><a href=\"https:\/\/cidadesemfoco.com\/abertura-da-ii-copa-joao-de-sousa-de-fut7-movimenta-zona-rural-de-simoes-veja-fotos\/img_4490-8\/\"><img loading=\"lazy\" decoding=\"async\" class=\"attachment-full size-full\" src=\"https:\/\/cidadesemfoco.com\/wp-content\/uploads\/2024\/02\/IMG_4490-1.jpg\" sizes=\"(max-width: 900px) 100vw, 900px\" srcset=\"https:\/\/cidadesemfoco.com\/wp-content\/uploads\/2024\/02\/IMG_4490-1.jpg 900w, https:\/\/cidadesemfoco.com\/wp-content\/uploads\/2024\/02\/IMG_4490-1-300x200.jpg 300w, https:\/\/cidadesemfoco.com\/wp-content\/uploads\/2024\/02\/IMG_4490-1-768x512.jpg 768w, https:\/\/cidadesemfoco.com\/wp-content\/uploads\/2024\/02\/IMG_4490-1-480x320.jpg 480w, https:\/\/cidadesemfoco.com\/wp-content\/uploads\/2024\/02\/IMG_4490-1-280x186.jpg 280w, https:\/\/cidadesemfoco.com\/wp-content\/uploads\/2024\/02\/IMG_4490-1-600x400.jpg 600w, https:\/\/cidadesemfoco.com\/wp-content\/uploads\/2024\/02\/IMG_4490-1-585x390.jpg 585w\" alt=\"\" width=\"900\" height=\"600\" \/><\/a><\/div>\n<\/figure>\n<\/div>\n<p>O organizador da competi\u00e7\u00e3o, Jo\u00e3o Paulo, agradeceu a todos que abra\u00e7am a causa do esporte da regi\u00e3o, porque reflete a preocupa\u00e7\u00e3o com o futuro. Ainda na abertura, Jo\u00e3o Paulo j\u00e1 observa a terceira edi\u00e7\u00e3o, estando convicto de que ser\u00e1 ainda maior.<\/p>\n<div id=\"gallery-8\" class=\"gallery galleryid-458511 gallery-columns-1 gallery-size-full\">\n<figure class=\"gallery-item\">\n<div class=\"gallery-icon landscape\"><a href=\"https:\/\/cidadesemfoco.com\/abertura-da-ii-copa-joao-de-sousa-de-fut7-movimenta-zona-rural-de-simoes-veja-fotos\/img_4428-7\/\"><img loading=\"lazy\" decoding=\"async\" class=\"attachment-full size-full\" src=\"https:\/\/cidadesemfoco.com\/wp-content\/uploads\/2024\/02\/IMG_4428-1.jpg\" sizes=\"(max-width: 900px) 100vw, 900px\" srcset=\"https:\/\/cidadesemfoco.com\/wp-content\/uploads\/2024\/02\/IMG_4428-1.jpg 900w, https:\/\/cidadesemfoco.com\/wp-content\/uploads\/2024\/02\/IMG_4428-1-300x200.jpg 300w, https:\/\/cidadesemfoco.com\/wp-content\/uploads\/2024\/02\/IMG_4428-1-768x512.jpg 768w, https:\/\/cidadesemfoco.com\/wp-content\/uploads\/2024\/02\/IMG_4428-1-480x320.jpg 480w, https:\/\/cidadesemfoco.com\/wp-content\/uploads\/2024\/02\/IMG_4428-1-280x186.jpg 280w, https:\/\/cidadesemfoco.com\/wp-content\/uploads\/2024\/02\/IMG_4428-1-600x400.jpg 600w, https:\/\/cidadesemfoco.com\/wp-content\/uploads\/2024\/02\/IMG_4428-1-585x390.jpg 585w\" alt=\"\" width=\"900\" height=\"600\" \/><\/a><\/div>\n<\/figure>\n<\/div>\n<p>\u201cN\u00f3s temos que agradecer a Deus, em primeiro lugar, e ao prefeito Z\u00e9 Wlisses, que est\u00e1 nos apoiando, assim como os vereadores e a popula\u00e7\u00e3o. Sem a popula\u00e7\u00e3o n\u00e3o tem festa. Ano que vem, se Deus quiser, ser\u00e1 maior do que esse ano, tudo est\u00e1 indicando\u201d, comentou.<\/p>\n<p><strong>JOGOS DE ABERTURA<\/strong><\/p>\n<p>Os tr\u00eas primeiros duelos do II Campeonato Jo\u00e3o de Sousa marcaram a abertura da competi\u00e7\u00e3o, proporcionando muitos gols e um futebol bem jogado entre as equipes presentes na etapa.<\/p>\n<div id=\"gallery-9\" class=\"gallery galleryid-458511 gallery-columns-3 gallery-size-full\">\n<figure class=\"gallery-item\">\n<div class=\"gallery-icon landscape\"><a href=\"https:\/\/cidadesemfoco.com\/abertura-da-ii-copa-joao-de-sousa-de-fut7-movimenta-zona-rural-de-simoes-veja-fotos\/img_4470-4\/\"><img loading=\"lazy\" decoding=\"async\" class=\"attachment-full size-full\" src=\"https:\/\/cidadesemfoco.com\/wp-content\/uploads\/2024\/02\/IMG_4470-1.jpg\" sizes=\"(max-width: 900px) 100vw, 900px\" srcset=\"https:\/\/cidadesemfoco.com\/wp-content\/uploads\/2024\/02\/IMG_4470-1.jpg 900w, https:\/\/cidadesemfoco.com\/wp-content\/uploads\/2024\/02\/IMG_4470-1-300x200.jpg 300w, https:\/\/cidadesemfoco.com\/wp-content\/uploads\/2024\/02\/IMG_4470-1-768x512.jpg 768w, https:\/\/cidadesemfoco.com\/wp-content\/uploads\/2024\/02\/IMG_4470-1-480x320.jpg 480w, https:\/\/cidadesemfoco.com\/wp-content\/uploads\/2024\/02\/IMG_4470-1-280x186.jpg 280w, https:\/\/cidadesemfoco.com\/wp-content\/uploads\/2024\/02\/IMG_4470-1-600x400.jpg 600w, https:\/\/cidadesemfoco.com\/wp-content\/uploads\/2024\/02\/IMG_4470-1-585x390.jpg 585w\" alt=\"\" width=\"900\" height=\"600\" \/><\/a><\/div>\n<\/figure>\n<figure class=\"gallery-item\">\n<div class=\"gallery-icon landscape\"><a href=\"https:\/\/cidadesemfoco.com\/abertura-da-ii-copa-joao-de-sousa-de-fut7-movimenta-zona-rural-de-simoes-veja-fotos\/img_4475-3\/\"><img loading=\"lazy\" decoding=\"async\" class=\"attachment-full size-full\" src=\"https:\/\/cidadesemfoco.com\/wp-content\/uploads\/2024\/02\/IMG_4475-1.jpg\" sizes=\"(max-width: 900px) 100vw, 900px\" srcset=\"https:\/\/cidadesemfoco.com\/wp-content\/uploads\/2024\/02\/IMG_4475-1.jpg 900w, https:\/\/cidadesemfoco.com\/wp-content\/uploads\/2024\/02\/IMG_4475-1-300x200.jpg 300w, https:\/\/cidadesemfoco.com\/wp-content\/uploads\/2024\/02\/IMG_4475-1-768x512.jpg 768w, https:\/\/cidadesemfoco.com\/wp-content\/uploads\/2024\/02\/IMG_4475-1-480x320.jpg 480w, https:\/\/cidadesemfoco.com\/wp-content\/uploads\/2024\/02\/IMG_4475-1-280x186.jpg 280w, https:\/\/cidadesemfoco.com\/wp-content\/uploads\/2024\/02\/IMG_4475-1-600x400.jpg 600w, https:\/\/cidadesemfoco.com\/wp-content\/uploads\/2024\/02\/IMG_4475-1-585x390.jpg 585w\" alt=\"\" width=\"900\" height=\"600\" \/><\/a><\/div>\n<\/figure>\n<figure class=\"gallery-item\">\n<div class=\"gallery-icon landscape\"><a href=\"https:\/\/cidadesemfoco.com\/abertura-da-ii-copa-joao-de-sousa-de-fut7-movimenta-zona-rural-de-simoes-veja-fotos\/img_4473-5\/\"><img loading=\"lazy\" decoding=\"async\" class=\"attachment-full size-full\" src=\"https:\/\/cidadesemfoco.com\/wp-content\/uploads\/2024\/02\/IMG_4473-1.jpg\" sizes=\"(max-width: 900px) 100vw, 900px\" srcset=\"https:\/\/cidadesemfoco.com\/wp-content\/uploads\/2024\/02\/IMG_4473-1.jpg 900w, https:\/\/cidadesemfoco.com\/wp-content\/uploads\/2024\/02\/IMG_4473-1-300x200.jpg 300w, https:\/\/cidadesemfoco.com\/wp-content\/uploads\/2024\/02\/IMG_4473-1-768x512.jpg 768w, https:\/\/cidadesemfoco.com\/wp-content\/uploads\/2024\/02\/IMG_4473-1-480x320.jpg 480w, https:\/\/cidadesemfoco.com\/wp-content\/uploads\/2024\/02\/IMG_4473-1-280x186.jpg 280w, https:\/\/cidadesemfoco.com\/wp-content\/uploads\/2024\/02\/IMG_4473-1-600x400.jpg 600w, https:\/\/cidadesemfoco.com\/wp-content\/uploads\/2024\/02\/IMG_4473-1-585x390.jpg 585w\" alt=\"\" width=\"900\" height=\"600\" \/><\/a><\/div>\n<\/figure>\n<\/div>\n<p>O primeiro confronto do dia foi entre os times Juventus da Serra e Gavi\u00f5es. A equipe da Juventus abriu o placar logo cedo e foi ampliando o placar. Os Gavi\u00f5es descontaram na segunda etapa, mas o resultado acabou decretado, encerrando com o placar de 8 a 1 para a Juventus da Serra.<\/p>\n<div id=\"gallery-10\" class=\"gallery galleryid-458511 gallery-columns-2 gallery-size-full\">\n<figure class=\"gallery-item\">\n<div class=\"gallery-icon landscape\"><a href=\"https:\/\/cidadesemfoco.com\/abertura-da-ii-copa-joao-de-sousa-de-fut7-movimenta-zona-rural-de-simoes-veja-fotos\/img_4439-8\/\"><img loading=\"lazy\" decoding=\"async\" class=\"attachment-full size-full\" src=\"https:\/\/cidadesemfoco.com\/wp-content\/uploads\/2024\/02\/IMG_4439-1.jpg\" sizes=\"(max-width: 900px) 100vw, 900px\" srcset=\"https:\/\/cidadesemfoco.com\/wp-content\/uploads\/2024\/02\/IMG_4439-1.jpg 900w, https:\/\/cidadesemfoco.com\/wp-content\/uploads\/2024\/02\/IMG_4439-1-300x200.jpg 300w, https:\/\/cidadesemfoco.com\/wp-content\/uploads\/2024\/02\/IMG_4439-1-768x512.jpg 768w, https:\/\/cidadesemfoco.com\/wp-content\/uploads\/2024\/02\/IMG_4439-1-480x320.jpg 480w, https:\/\/cidadesemfoco.com\/wp-content\/uploads\/2024\/02\/IMG_4439-1-280x186.jpg 280w, https:\/\/cidadesemfoco.com\/wp-content\/uploads\/2024\/02\/IMG_4439-1-600x400.jpg 600w, https:\/\/cidadesemfoco.com\/wp-content\/uploads\/2024\/02\/IMG_4439-1-585x390.jpg 585w\" alt=\"\" width=\"900\" height=\"600\" \/><\/a><\/div>\n<\/figure>\n<figure class=\"gallery-item\">\n<div class=\"gallery-icon landscape\"><a href=\"https:\/\/cidadesemfoco.com\/abertura-da-ii-copa-joao-de-sousa-de-fut7-movimenta-zona-rural-de-simoes-veja-fotos\/img_4441-8\/\"><img loading=\"lazy\" decoding=\"async\" class=\"attachment-full size-full\" src=\"https:\/\/cidadesemfoco.com\/wp-content\/uploads\/2024\/02\/IMG_4441-1.jpg\" sizes=\"(max-width: 900px) 100vw, 900px\" srcset=\"https:\/\/cidadesemfoco.com\/wp-content\/uploads\/2024\/02\/IMG_4441-1.jpg 900w, https:\/\/cidadesemfoco.com\/wp-content\/uploads\/2024\/02\/IMG_4441-1-300x200.jpg 300w, https:\/\/cidadesemfoco.com\/wp-content\/uploads\/2024\/02\/IMG_4441-1-768x512.jpg 768w, https:\/\/cidadesemfoco.com\/wp-content\/uploads\/2024\/02\/IMG_4441-1-480x320.jpg 480w, https:\/\/cidadesemfoco.com\/wp-content\/uploads\/2024\/02\/IMG_4441-1-280x186.jpg 280w, https:\/\/cidadesemfoco.com\/wp-content\/uploads\/2024\/02\/IMG_4441-1-600x400.jpg 600w, https:\/\/cidadesemfoco.com\/wp-content\/uploads\/2024\/02\/IMG_4441-1-585x390.jpg 585w\" alt=\"\" width=\"900\" height=\"600\" \/><\/a><\/div>\n<\/figure>\n<\/div>\n<p>A segunda partida foi uma disputa entre as equipes Porto e Bragantino, jogo bem equilibrado e com boas defesas dos goleiros. O Porto foi o \u00fanico que conseguiu balan\u00e7ar a rede duas vezes, com o jogador Osmar Vitor, saindo com a vit\u00f3ria por 2 a 0.<\/p>\n<p>O terceiro e \u00faltimo jogo da noite foi entre o Junco FC e Bayer Futsal, onde as duas equipes protagonizaram uma bela partida. O Junco FC conseguiu sair na frente do placar, mas tomou a virada para tr\u00eas a um. Mesmo descontando no final, n\u00e3o deu mais tempo de buscar o triunfo e o placar final acabou em 3 a 2 para o Bayer Futsal.<\/p>\n<div id=\"gallery-11\" class=\"gallery galleryid-458511 gallery-columns-1 gallery-size-full\">\n<figure class=\"gallery-item\">\n<div class=\"gallery-icon landscape\"><a href=\"https:\/\/cidadesemfoco.com\/abertura-da-ii-copa-joao-de-sousa-de-fut7-movimenta-zona-rural-de-simoes-veja-fotos\/img_4316-4\/\"><img loading=\"lazy\" decoding=\"async\" class=\"attachment-full size-full\" src=\"https:\/\/cidadesemfoco.com\/wp-content\/uploads\/2024\/02\/IMG_4316.jpg\" sizes=\"(max-width: 900px) 100vw, 900px\" srcset=\"https:\/\/cidadesemfoco.com\/wp-content\/uploads\/2024\/02\/IMG_4316.jpg 900w, https:\/\/cidadesemfoco.com\/wp-content\/uploads\/2024\/02\/IMG_4316-300x200.jpg 300w, https:\/\/cidadesemfoco.com\/wp-content\/uploads\/2024\/02\/IMG_4316-768x512.jpg 768w, https:\/\/cidadesemfoco.com\/wp-content\/uploads\/2024\/02\/IMG_4316-480x320.jpg 480w, https:\/\/cidadesemfoco.com\/wp-content\/uploads\/2024\/02\/IMG_4316-280x186.jpg 280w, https:\/\/cidadesemfoco.com\/wp-content\/uploads\/2024\/02\/IMG_4316-600x400.jpg 600w, https:\/\/cidadesemfoco.com\/wp-content\/uploads\/2024\/02\/IMG_4316-585x390.jpg 585w\" alt=\"\" width=\"900\" height=\"600\" \/><\/a><\/div>\n<\/figure>\n<figure class=\"gallery-item\">\n<div class=\"gallery-icon landscape\"><a href=\"https:\/\/cidadesemfoco.com\/abertura-da-ii-copa-joao-de-sousa-de-fut7-movimenta-zona-rural-de-simoes-veja-fotos\/img_4311-3\/\"><img loading=\"lazy\" decoding=\"async\" class=\"attachment-full size-full\" src=\"https:\/\/cidadesemfoco.com\/wp-content\/uploads\/2024\/02\/IMG_4311.jpg\" sizes=\"(max-width: 900px) 100vw, 900px\" srcset=\"https:\/\/cidadesemfoco.com\/wp-content\/uploads\/2024\/02\/IMG_4311.jpg 900w, https:\/\/cidadesemfoco.com\/wp-content\/uploads\/2024\/02\/IMG_4311-300x200.jpg 300w, https:\/\/cidadesemfoco.com\/wp-content\/uploads\/2024\/02\/IMG_4311-768x512.jpg 768w, https:\/\/cidadesemfoco.com\/wp-content\/uploads\/2024\/02\/IMG_4311-480x320.jpg 480w, https:\/\/cidadesemfoco.com\/wp-content\/uploads\/2024\/02\/IMG_4311-280x186.jpg 280w, https:\/\/cidadesemfoco.com\/wp-content\/uploads\/2024\/02\/IMG_4311-600x400.jpg 600w, https:\/\/cidadesemfoco.com\/wp-content\/uploads\/2024\/02\/IMG_4311-585x390.jpg 585w\" alt=\"\" width=\"900\" height=\"600\" \/><\/a><\/div>\n<\/figure>\n<figure class=\"gallery-item\">\n<div class=\"gallery-icon landscape\"><a href=\"https:\/\/cidadesemfoco.com\/abertura-da-ii-copa-joao-de-sousa-de-fut7-movimenta-zona-rural-de-simoes-veja-fotos\/img_4306-4\/\"><img loading=\"lazy\" decoding=\"async\" class=\"attachment-full size-full\" src=\"https:\/\/cidadesemfoco.com\/wp-content\/uploads\/2024\/02\/IMG_4306.jpg\" sizes=\"(max-width: 900px) 100vw, 900px\" srcset=\"https:\/\/cidadesemfoco.com\/wp-content\/uploads\/2024\/02\/IMG_4306.jpg 900w, https:\/\/cidadesemfoco.com\/wp-content\/uploads\/2024\/02\/IMG_4306-300x200.jpg 300w, https:\/\/cidadesemfoco.com\/wp-content\/uploads\/2024\/02\/IMG_4306-768x512.jpg 768w, https:\/\/cidadesemfoco.com\/wp-content\/uploads\/2024\/02\/IMG_4306-480x320.jpg 480w, https:\/\/cidadesemfoco.com\/wp-content\/uploads\/2024\/02\/IMG_4306-280x186.jpg 280w, https:\/\/cidadesemfoco.com\/wp-content\/uploads\/2024\/02\/IMG_4306-600x400.jpg 600w, https:\/\/cidadesemfoco.com\/wp-content\/uploads\/2024\/02\/IMG_4306-585x390.jpg 585w\" alt=\"\" width=\"900\" height=\"600\" \/><\/a><\/div>\n<\/figure>\n<figure class=\"gallery-item\">\n<div class=\"gallery-icon landscape\"><a href=\"https:\/\/cidadesemfoco.com\/abertura-da-ii-copa-joao-de-sousa-de-fut7-movimenta-zona-rural-de-simoes-veja-fotos\/img_4308-3\/\"><img loading=\"lazy\" decoding=\"async\" class=\"attachment-full size-full\" src=\"https:\/\/cidadesemfoco.com\/wp-content\/uploads\/2024\/02\/IMG_4308.jpg\" sizes=\"(max-width: 900px) 100vw, 900px\" srcset=\"https:\/\/cidadesemfoco.com\/wp-content\/uploads\/2024\/02\/IMG_4308.jpg 900w, https:\/\/cidadesemfoco.com\/wp-content\/uploads\/2024\/02\/IMG_4308-300x200.jpg 300w, https:\/\/cidadesemfoco.com\/wp-content\/uploads\/2024\/02\/IMG_4308-768x512.jpg 768w, https:\/\/cidadesemfoco.com\/wp-content\/uploads\/2024\/02\/IMG_4308-480x320.jpg 480w, https:\/\/cidadesemfoco.com\/wp-content\/uploads\/2024\/02\/IMG_4308-280x186.jpg 280w, https:\/\/cidadesemfoco.com\/wp-content\/uploads\/2024\/02\/IMG_4308-600x400.jpg 600w, https:\/\/cidadesemfoco.com\/wp-content\/uploads\/2024\/02\/IMG_4308-585x390.jpg 585w\" alt=\"\" width=\"900\" height=\"600\" \/><\/a><\/div>\n<\/figure>\n<figure class=\"gallery-item\">\n<div class=\"gallery-icon landscape\"><a href=\"https:\/\/cidadesemfoco.com\/abertura-da-ii-copa-joao-de-sousa-de-fut7-movimenta-zona-rural-de-simoes-veja-fotos\/img_4313-5\/\"><img loading=\"lazy\" decoding=\"async\" class=\"attachment-full size-full\" src=\"https:\/\/cidadesemfoco.com\/wp-content\/uploads\/2024\/02\/IMG_4313.jpg\" sizes=\"(max-width: 900px) 100vw, 900px\" srcset=\"https:\/\/cidadesemfoco.com\/wp-content\/uploads\/2024\/02\/IMG_4313.jpg 900w, https:\/\/cidadesemfoco.com\/wp-content\/uploads\/2024\/02\/IMG_4313-300x200.jpg 300w, https:\/\/cidadesemfoco.com\/wp-content\/uploads\/2024\/02\/IMG_4313-768x512.jpg 768w, https:\/\/cidadesemfoco.com\/wp-content\/uploads\/2024\/02\/IMG_4313-480x320.jpg 480w, https:\/\/cidadesemfoco.com\/wp-content\/uploads\/2024\/02\/IMG_4313-280x186.jpg 280w, https:\/\/cidadesemfoco.com\/wp-content\/uploads\/2024\/02\/IMG_4313-600x400.jpg 600w, https:\/\/cidadesemfoco.com\/wp-content\/uploads\/2024\/02\/IMG_4313-585x390.jpg 585w\" alt=\"\" width=\"900\" height=\"600\" \/><\/a><\/div>\n<\/figure>\n<figure class=\"gallery-item\">\n<div class=\"gallery-icon landscape\"><a href=\"https:\/\/cidadesemfoco.com\/abertura-da-ii-copa-joao-de-sousa-de-fut7-movimenta-zona-rural-de-simoes-veja-fotos\/img_4315-6\/\"><img loading=\"lazy\" decoding=\"async\" class=\"attachment-full size-full\" src=\"https:\/\/cidadesemfoco.com\/wp-content\/uploads\/2024\/02\/IMG_4315.jpg\" sizes=\"(max-width: 900px) 100vw, 900px\" srcset=\"https:\/\/cidadesemfoco.com\/wp-content\/uploads\/2024\/02\/IMG_4315.jpg 900w, https:\/\/cidadesemfoco.com\/wp-content\/uploads\/2024\/02\/IMG_4315-300x200.jpg 300w, https:\/\/cidadesemfoco.com\/wp-content\/uploads\/2024\/02\/IMG_4315-768x512.jpg 768w, https:\/\/cidadesemfoco.com\/wp-content\/uploads\/2024\/02\/IMG_4315-480x320.jpg 480w, https:\/\/cidadesemfoco.com\/wp-content\/uploads\/2024\/02\/IMG_4315-280x186.jpg 280w, https:\/\/cidadesemfoco.com\/wp-content\/uploads\/2024\/02\/IMG_4315-600x400.jpg 600w, https:\/\/cidadesemfoco.com\/wp-content\/uploads\/2024\/02\/IMG_4315-585x390.jpg 585w\" alt=\"\" width=\"900\" height=\"600\" \/><\/a><\/div>\n<\/figure>\n<figure class=\"gallery-item\">\n<div class=\"gallery-icon landscape\"><a href=\"https:\/\/cidadesemfoco.com\/abertura-da-ii-copa-joao-de-sousa-de-fut7-movimenta-zona-rural-de-simoes-veja-fotos\/img_4318-6\/\"><img loading=\"lazy\" decoding=\"async\" class=\"attachment-full size-full\" src=\"https:\/\/cidadesemfoco.com\/wp-content\/uploads\/2024\/02\/IMG_4318.jpg\" sizes=\"(max-width: 900px) 100vw, 900px\" srcset=\"https:\/\/cidadesemfoco.com\/wp-content\/uploads\/2024\/02\/IMG_4318.jpg 900w, https:\/\/cidadesemfoco.com\/wp-content\/uploads\/2024\/02\/IMG_4318-300x200.jpg 300w, https:\/\/cidadesemfoco.com\/wp-content\/uploads\/2024\/02\/IMG_4318-768x512.jpg 768w, https:\/\/cidadesemfoco.com\/wp-content\/uploads\/2024\/02\/IMG_4318-480x320.jpg 480w, https:\/\/cidadesemfoco.com\/wp-content\/uploads\/2024\/02\/IMG_4318-280x186.jpg 280w, https:\/\/cidadesemfoco.com\/wp-content\/uploads\/2024\/02\/IMG_4318-600x400.jpg 600w, https:\/\/cidadesemfoco.com\/wp-content\/uploads\/2024\/02\/IMG_4318-585x390.jpg 585w\" alt=\"\" width=\"900\" height=\"600\" \/><\/a><\/div>\n<\/figure>\n<figure class=\"gallery-item\">\n<div class=\"gallery-icon landscape\"><a href=\"https:\/\/cidadesemfoco.com\/abertura-da-ii-copa-joao-de-sousa-de-fut7-movimenta-zona-rural-de-simoes-veja-fotos\/img_4320-5\/\"><img loading=\"lazy\" decoding=\"async\" class=\"attachment-full size-full\" src=\"https:\/\/cidadesemfoco.com\/wp-content\/uploads\/2024\/02\/IMG_4320.jpg\" sizes=\"(max-width: 900px) 100vw, 900px\" srcset=\"https:\/\/cidadesemfoco.com\/wp-content\/uploads\/2024\/02\/IMG_4320.jpg 900w, https:\/\/cidadesemfoco.com\/wp-content\/uploads\/2024\/02\/IMG_4320-300x200.jpg 300w, https:\/\/cidadesemfoco.com\/wp-content\/uploads\/2024\/02\/IMG_4320-768x512.jpg 768w, https:\/\/cidadesemfoco.com\/wp-content\/uploads\/2024\/02\/IMG_4320-480x320.jpg 480w, https:\/\/cidadesemfoco.com\/wp-content\/uploads\/2024\/02\/IMG_4320-280x186.jpg 280w, https:\/\/cidadesemfoco.com\/wp-content\/uploads\/2024\/02\/IMG_4320-600x400.jpg 600w, https:\/\/cidadesemfoco.com\/wp-content\/uploads\/2024\/02\/IMG_4320-585x390.jpg 585w\" alt=\"\" width=\"900\" height=\"600\" \/><\/a><\/div>\n<\/figure>\n<figure class=\"gallery-item\">\n<div class=\"gallery-icon landscape\"><a href=\"https:\/\/cidadesemfoco.com\/abertura-da-ii-copa-joao-de-sousa-de-fut7-movimenta-zona-rural-de-simoes-veja-fotos\/img_4322-5\/\"><img loading=\"lazy\" decoding=\"async\" class=\"attachment-full size-full\" src=\"https:\/\/cidadesemfoco.com\/wp-content\/uploads\/2024\/02\/IMG_4322.jpg\" sizes=\"(max-width: 900px) 100vw, 900px\" srcset=\"https:\/\/cidadesemfoco.com\/wp-content\/uploads\/2024\/02\/IMG_4322.jpg 900w, https:\/\/cidadesemfoco.com\/wp-content\/uploads\/2024\/02\/IMG_4322-300x200.jpg 300w, https:\/\/cidadesemfoco.com\/wp-content\/uploads\/2024\/02\/IMG_4322-768x512.jpg 768w, https:\/\/cidadesemfoco.com\/wp-content\/uploads\/2024\/02\/IMG_4322-480x320.jpg 480w, https:\/\/cidadesemfoco.com\/wp-content\/uploads\/2024\/02\/IMG_4322-280x186.jpg 280w, https:\/\/cidadesemfoco.com\/wp-content\/uploads\/2024\/02\/IMG_4322-600x400.jpg 600w, https:\/\/cidadesemfoco.com\/wp-content\/uploads\/2024\/02\/IMG_4322-585x390.jpg 585w\" alt=\"\" width=\"900\" height=\"600\" \/><\/a><\/div>\n<\/figure>\n<figure class=\"gallery-item\">\n<div class=\"gallery-icon landscape\"><a href=\"https:\/\/cidadesemfoco.com\/abertura-da-ii-copa-joao-de-sousa-de-fut7-movimenta-zona-rural-de-simoes-veja-fotos\/img_4323-6\/\"><img loading=\"lazy\" decoding=\"async\" class=\"attachment-full size-full\" src=\"https:\/\/cidadesemfoco.com\/wp-content\/uploads\/2024\/02\/IMG_4323.jpg\" sizes=\"(max-width: 900px) 100vw, 900px\" srcset=\"https:\/\/cidadesemfoco.com\/wp-content\/uploads\/2024\/02\/IMG_4323.jpg 900w, https:\/\/cidadesemfoco.com\/wp-content\/uploads\/2024\/02\/IMG_4323-300x200.jpg 300w, https:\/\/cidadesemfoco.com\/wp-content\/uploads\/2024\/02\/IMG_4323-768x512.jpg 768w, https:\/\/cidadesemfoco.com\/wp-content\/uploads\/2024\/02\/IMG_4323-480x320.jpg 480w, https:\/\/cidadesemfoco.com\/wp-content\/uploads\/2024\/02\/IMG_4323-280x186.jpg 280w, https:\/\/cidadesemfoco.com\/wp-content\/uploads\/2024\/02\/IMG_4323-600x400.jpg 600w, https:\/\/cidadesemfoco.com\/wp-content\/uploads\/2024\/02\/IMG_4323-585x390.jpg 585w\" alt=\"\" width=\"900\" height=\"600\" \/><\/a><\/div>\n<\/figure>\n<figure class=\"gallery-item\">\n<div class=\"gallery-icon landscape\"><a href=\"https:\/\/cidadesemfoco.com\/abertura-da-ii-copa-joao-de-sousa-de-fut7-movimenta-zona-rural-de-simoes-veja-fotos\/img_4324-5\/\"><img loading=\"lazy\" decoding=\"async\" class=\"attachment-full size-full\" src=\"https:\/\/cidadesemfoco.com\/wp-content\/uploads\/2024\/02\/IMG_4324.jpg\" sizes=\"(max-width: 900px) 100vw, 900px\" srcset=\"https:\/\/cidadesemfoco.com\/wp-content\/uploads\/2024\/02\/IMG_4324.jpg 900w, https:\/\/cidadesemfoco.com\/wp-content\/uploads\/2024\/02\/IMG_4324-300x200.jpg 300w, https:\/\/cidadesemfoco.com\/wp-content\/uploads\/2024\/02\/IMG_4324-768x512.jpg 768w, https:\/\/cidadesemfoco.com\/wp-content\/uploads\/2024\/02\/IMG_4324-480x320.jpg 480w, https:\/\/cidadesemfoco.com\/wp-content\/uploads\/2024\/02\/IMG_4324-280x186.jpg 280w, https:\/\/cidadesemfoco.com\/wp-content\/uploads\/2024\/02\/IMG_4324-600x400.jpg 600w, https:\/\/cidadesemfoco.com\/wp-content\/uploads\/2024\/02\/IMG_4324-585x390.jpg 585w\" alt=\"\" width=\"900\" height=\"600\" \/><\/a><\/div>\n<\/figure>\n<figure class=\"gallery-item\">\n<div class=\"gallery-icon landscape\"><a href=\"https:\/\/cidadesemfoco.com\/abertura-da-ii-copa-joao-de-sousa-de-fut7-movimenta-zona-rural-de-simoes-veja-fotos\/img_4326-6\/\"><img loading=\"lazy\" decoding=\"async\" class=\"attachment-full size-full\" src=\"https:\/\/cidadesemfoco.com\/wp-content\/uploads\/2024\/02\/IMG_4326.jpg\" sizes=\"(max-width: 900px) 100vw, 900px\" srcset=\"https:\/\/cidadesemfoco.com\/wp-content\/uploads\/2024\/02\/IMG_4326.jpg 900w, https:\/\/cidadesemfoco.com\/wp-content\/uploads\/2024\/02\/IMG_4326-300x200.jpg 300w, https:\/\/cidadesemfoco.com\/wp-content\/uploads\/2024\/02\/IMG_4326-768x512.jpg 768w, https:\/\/cidadesemfoco.com\/wp-content\/uploads\/2024\/02\/IMG_4326-480x320.jpg 480w, https:\/\/cidadesemfoco.com\/wp-content\/uploads\/2024\/02\/IMG_4326-280x186.jpg 280w, https:\/\/cidadesemfoco.com\/wp-content\/uploads\/2024\/02\/IMG_4326-600x400.jpg 600w, https:\/\/cidadesemfoco.com\/wp-content\/uploads\/2024\/02\/IMG_4326-585x390.jpg 585w\" alt=\"\" width=\"900\" height=\"600\" \/><\/a><\/div>\n<\/figure>\n<figure class=\"gallery-item\">\n<div class=\"gallery-icon landscape\"><a href=\"https:\/\/cidadesemfoco.com\/abertura-da-ii-copa-joao-de-sousa-de-fut7-movimenta-zona-rural-de-simoes-veja-fotos\/img_4327-6\/\"><img loading=\"lazy\" decoding=\"async\" class=\"attachment-full size-full\" src=\"https:\/\/cidadesemfoco.com\/wp-content\/uploads\/2024\/02\/IMG_4327.jpg\" sizes=\"(max-width: 900px) 100vw, 900px\" srcset=\"https:\/\/cidadesemfoco.com\/wp-content\/uploads\/2024\/02\/IMG_4327.jpg 900w, https:\/\/cidadesemfoco.com\/wp-content\/uploads\/2024\/02\/IMG_4327-300x200.jpg 300w, https:\/\/cidadesemfoco.com\/wp-content\/uploads\/2024\/02\/IMG_4327-768x512.jpg 768w, https:\/\/cidadesemfoco.com\/wp-content\/uploads\/2024\/02\/IMG_4327-480x320.jpg 480w, https:\/\/cidadesemfoco.com\/wp-content\/uploads\/2024\/02\/IMG_4327-280x186.jpg 280w, https:\/\/cidadesemfoco.com\/wp-content\/uploads\/2024\/02\/IMG_4327-600x400.jpg 600w, https:\/\/cidadesemfoco.com\/wp-content\/uploads\/2024\/02\/IMG_4327-585x390.jpg 585w\" alt=\"\" width=\"900\" height=\"600\" \/><\/a><\/div>\n<\/figure>\n<figure class=\"gallery-item\">\n<div class=\"gallery-icon landscape\"><a href=\"https:\/\/cidadesemfoco.com\/abertura-da-ii-copa-joao-de-sousa-de-fut7-movimenta-zona-rural-de-simoes-veja-fotos\/img_4330-6\/\"><img loading=\"lazy\" decoding=\"async\" class=\"attachment-full size-full\" src=\"https:\/\/cidadesemfoco.com\/wp-content\/uploads\/2024\/02\/IMG_4330.jpg\" sizes=\"(max-width: 900px) 100vw, 900px\" srcset=\"https:\/\/cidadesemfoco.com\/wp-content\/uploads\/2024\/02\/IMG_4330.jpg 900w, https:\/\/cidadesemfoco.com\/wp-content\/uploads\/2024\/02\/IMG_4330-300x200.jpg 300w, https:\/\/cidadesemfoco.com\/wp-content\/uploads\/2024\/02\/IMG_4330-768x512.jpg 768w, https:\/\/cidadesemfoco.com\/wp-content\/uploads\/2024\/02\/IMG_4330-480x320.jpg 480w, https:\/\/cidadesemfoco.com\/wp-content\/uploads\/2024\/02\/IMG_4330-280x186.jpg 280w, https:\/\/cidadesemfoco.com\/wp-content\/uploads\/2024\/02\/IMG_4330-600x400.jpg 600w, https:\/\/cidadesemfoco.com\/wp-content\/uploads\/2024\/02\/IMG_4330-585x390.jpg 585w\" alt=\"\" width=\"900\" height=\"600\" \/><\/a><\/div>\n<\/figure>\n<figure class=\"gallery-item\">\n<div class=\"gallery-icon landscape\"><a href=\"https:\/\/cidadesemfoco.com\/abertura-da-ii-copa-joao-de-sousa-de-fut7-movimenta-zona-rural-de-simoes-veja-fotos\/img_4331-5\/\"><img loading=\"lazy\" decoding=\"async\" class=\"attachment-full size-full\" src=\"https:\/\/cidadesemfoco.com\/wp-content\/uploads\/2024\/02\/IMG_4331.jpg\" sizes=\"(max-width: 900px) 100vw, 900px\" srcset=\"https:\/\/cidadesemfoco.com\/wp-content\/uploads\/2024\/02\/IMG_4331.jpg 900w, https:\/\/cidadesemfoco.com\/wp-content\/uploads\/2024\/02\/IMG_4331-300x200.jpg 300w, https:\/\/cidadesemfoco.com\/wp-content\/uploads\/2024\/02\/IMG_4331-768x512.jpg 768w, https:\/\/cidadesemfoco.com\/wp-content\/uploads\/2024\/02\/IMG_4331-480x320.jpg 480w, https:\/\/cidadesemfoco.com\/wp-content\/uploads\/2024\/02\/IMG_4331-280x186.jpg 280w, https:\/\/cidadesemfoco.com\/wp-content\/uploads\/2024\/02\/IMG_4331-600x400.jpg 600w, https:\/\/cidadesemfoco.com\/wp-content\/uploads\/2024\/02\/IMG_4331-585x390.jpg 585w\" alt=\"\" width=\"900\" height=\"600\" \/><\/a><\/div>\n<\/figure>\n<figure class=\"gallery-item\">\n<div class=\"gallery-icon landscape\"><a href=\"https:\/\/cidadesemfoco.com\/abertura-da-ii-copa-joao-de-sousa-de-fut7-movimenta-zona-rural-de-simoes-veja-fotos\/img_4333-4\/\"><img loading=\"lazy\" decoding=\"async\" class=\"attachment-full size-full\" src=\"https:\/\/cidadesemfoco.com\/wp-content\/uploads\/2024\/02\/IMG_4333.jpg\" sizes=\"(max-width: 900px) 100vw, 900px\" srcset=\"https:\/\/cidadesemfoco.com\/wp-content\/uploads\/2024\/02\/IMG_4333.jpg 900w, https:\/\/cidadesemfoco.com\/wp-content\/uploads\/2024\/02\/IMG_4333-300x200.jpg 300w, https:\/\/cidadesemfoco.com\/wp-content\/uploads\/2024\/02\/IMG_4333-768x512.jpg 768w, https:\/\/cidadesemfoco.com\/wp-content\/uploads\/2024\/02\/IMG_4333-480x320.jpg 480w, https:\/\/cidadesemfoco.com\/wp-content\/uploads\/2024\/02\/IMG_4333-280x186.jpg 280w, https:\/\/cidadesemfoco.com\/wp-content\/uploads\/2024\/02\/IMG_4333-600x400.jpg 600w, https:\/\/cidadesemfoco.com\/wp-content\/uploads\/2024\/02\/IMG_4333-585x390.jpg 585w\" alt=\"\" width=\"900\" height=\"600\" \/><\/a><\/div>\n<\/figure>\n<figure class=\"gallery-item\">\n<div class=\"gallery-icon landscape\"><a href=\"https:\/\/cidadesemfoco.com\/abertura-da-ii-copa-joao-de-sousa-de-fut7-movimenta-zona-rural-de-simoes-veja-fotos\/img_4335-7\/\"><img loading=\"lazy\" decoding=\"async\" class=\"attachment-full size-full\" src=\"https:\/\/cidadesemfoco.com\/wp-content\/uploads\/2024\/02\/IMG_4335.jpg\" sizes=\"(max-width: 900px) 100vw, 900px\" srcset=\"https:\/\/cidadesemfoco.com\/wp-content\/uploads\/2024\/02\/IMG_4335.jpg 900w, https:\/\/cidadesemfoco.com\/wp-content\/uploads\/2024\/02\/IMG_4335-300x200.jpg 300w, https:\/\/cidadesemfoco.com\/wp-content\/uploads\/2024\/02\/IMG_4335-768x512.jpg 768w, https:\/\/cidadesemfoco.com\/wp-content\/uploads\/2024\/02\/IMG_4335-480x320.jpg 480w, https:\/\/cidadesemfoco.com\/wp-content\/uploads\/2024\/02\/IMG_4335-280x186.jpg 280w, https:\/\/cidadesemfoco.com\/wp-content\/uploads\/2024\/02\/IMG_4335-600x400.jpg 600w, https:\/\/cidadesemfoco.com\/wp-content\/uploads\/2024\/02\/IMG_4335-585x390.jpg 585w\" alt=\"\" width=\"900\" height=\"600\" \/><\/a><\/div>\n<\/figure>\n<figure class=\"gallery-item\">\n<div class=\"gallery-icon landscape\"><a href=\"https:\/\/cidadesemfoco.com\/abertura-da-ii-copa-joao-de-sousa-de-fut7-movimenta-zona-rural-de-simoes-veja-fotos\/img_4338-5\/\"><img loading=\"lazy\" decoding=\"async\" class=\"attachment-full size-full\" src=\"https:\/\/cidadesemfoco.com\/wp-content\/uploads\/2024\/02\/IMG_4338.jpg\" sizes=\"(max-width: 900px) 100vw, 900px\" srcset=\"https:\/\/cidadesemfoco.com\/wp-content\/uploads\/2024\/02\/IMG_4338.jpg 900w, https:\/\/cidadesemfoco.com\/wp-content\/uploads\/2024\/02\/IMG_4338-300x200.jpg 300w, https:\/\/cidadesemfoco.com\/wp-content\/uploads\/2024\/02\/IMG_4338-768x512.jpg 768w, https:\/\/cidadesemfoco.com\/wp-content\/uploads\/2024\/02\/IMG_4338-480x320.jpg 480w, https:\/\/cidadesemfoco.com\/wp-content\/uploads\/2024\/02\/IMG_4338-280x186.jpg 280w, https:\/\/cidadesemfoco.com\/wp-content\/uploads\/2024\/02\/IMG_4338-600x400.jpg 600w, https:\/\/cidadesemfoco.com\/wp-content\/uploads\/2024\/02\/IMG_4338-585x390.jpg 585w\" alt=\"\" width=\"900\" height=\"600\" \/><\/a><\/div>\n<\/figure>\n<figure class=\"gallery-item\">\n<div class=\"gallery-icon landscape\"><a href=\"https:\/\/cidadesemfoco.com\/abertura-da-ii-copa-joao-de-sousa-de-fut7-movimenta-zona-rural-de-simoes-veja-fotos\/img_4339-4\/\"><img loading=\"lazy\" decoding=\"async\" class=\"attachment-full size-full\" src=\"https:\/\/cidadesemfoco.com\/wp-content\/uploads\/2024\/02\/IMG_4339.jpg\" sizes=\"(max-width: 900px) 100vw, 900px\" srcset=\"https:\/\/cidadesemfoco.com\/wp-content\/uploads\/2024\/02\/IMG_4339.jpg 900w, https:\/\/cidadesemfoco.com\/wp-content\/uploads\/2024\/02\/IMG_4339-300x200.jpg 300w, https:\/\/cidadesemfoco.com\/wp-content\/uploads\/2024\/02\/IMG_4339-768x512.jpg 768w, https:\/\/cidadesemfoco.com\/wp-content\/uploads\/2024\/02\/IMG_4339-480x320.jpg 480w, https:\/\/cidadesemfoco.com\/wp-content\/uploads\/2024\/02\/IMG_4339-280x186.jpg 280w, https:\/\/cidadesemfoco.com\/wp-content\/uploads\/2024\/02\/IMG_4339-600x400.jpg 600w, https:\/\/cidadesemfoco.com\/wp-content\/uploads\/2024\/02\/IMG_4339-585x390.jpg 585w\" alt=\"\" width=\"900\" height=\"600\" \/><\/a><\/div>\n<\/figure>\n<figure class=\"gallery-item\">\n<div class=\"gallery-icon landscape\"><a href=\"https:\/\/cidadesemfoco.com\/abertura-da-ii-copa-joao-de-sousa-de-fut7-movimenta-zona-rural-de-simoes-veja-fotos\/img_4341-5\/\"><img loading=\"lazy\" decoding=\"async\" class=\"attachment-full size-full\" src=\"https:\/\/cidadesemfoco.com\/wp-content\/uploads\/2024\/02\/IMG_4341.jpg\" sizes=\"(max-width: 900px) 100vw, 900px\" srcset=\"https:\/\/cidadesemfoco.com\/wp-content\/uploads\/2024\/02\/IMG_4341.jpg 900w, https:\/\/cidadesemfoco.com\/wp-content\/uploads\/2024\/02\/IMG_4341-300x200.jpg 300w, https:\/\/cidadesemfoco.com\/wp-content\/uploads\/2024\/02\/IMG_4341-768x512.jpg 768w, https:\/\/cidadesemfoco.com\/wp-content\/uploads\/2024\/02\/IMG_4341-480x320.jpg 480w, https:\/\/cidadesemfoco.com\/wp-content\/uploads\/2024\/02\/IMG_4341-280x186.jpg 280w, https:\/\/cidadesemfoco.com\/wp-content\/uploads\/2024\/02\/IMG_4341-600x400.jpg 600w, https:\/\/cidadesemfoco.com\/wp-content\/uploads\/2024\/02\/IMG_4341-585x390.jpg 585w\" alt=\"\" width=\"900\" height=\"600\" \/><\/a><\/div>\n<\/figure>\n<figure class=\"gallery-item\">\n<div class=\"gallery-icon landscape\"><a href=\"https:\/\/cidadesemfoco.com\/abertura-da-ii-copa-joao-de-sousa-de-fut7-movimenta-zona-rural-de-simoes-veja-fotos\/img_4344-3\/\"><img loading=\"lazy\" decoding=\"async\" class=\"attachment-full size-full\" src=\"https:\/\/cidadesemfoco.com\/wp-content\/uploads\/2024\/02\/IMG_4344.jpg\" sizes=\"(max-width: 900px) 100vw, 900px\" srcset=\"https:\/\/cidadesemfoco.com\/wp-content\/uploads\/2024\/02\/IMG_4344.jpg 900w, https:\/\/cidadesemfoco.com\/wp-content\/uploads\/2024\/02\/IMG_4344-300x200.jpg 300w, https:\/\/cidadesemfoco.com\/wp-content\/uploads\/2024\/02\/IMG_4344-768x512.jpg 768w, https:\/\/cidadesemfoco.com\/wp-content\/uploads\/2024\/02\/IMG_4344-480x320.jpg 480w, https:\/\/cidadesemfoco.com\/wp-content\/uploads\/2024\/02\/IMG_4344-280x186.jpg 280w, https:\/\/cidadesemfoco.com\/wp-content\/uploads\/2024\/02\/IMG_4344-600x400.jpg 600w, https:\/\/cidadesemfoco.com\/wp-content\/uploads\/2024\/02\/IMG_4344-585x390.jpg 585w\" alt=\"\" width=\"900\" height=\"600\" \/><\/a><\/div>\n<\/figure>\n<figure class=\"gallery-item\">\n<div class=\"gallery-icon landscape\"><a href=\"https:\/\/cidadesemfoco.com\/abertura-da-ii-copa-joao-de-sousa-de-fut7-movimenta-zona-rural-de-simoes-veja-fotos\/img_4346-2\/\"><img loading=\"lazy\" decoding=\"async\" class=\"attachment-full size-full\" src=\"https:\/\/cidadesemfoco.com\/wp-content\/uploads\/2024\/02\/IMG_4346.jpg\" sizes=\"(max-width: 900px) 100vw, 900px\" srcset=\"https:\/\/cidadesemfoco.com\/wp-content\/uploads\/2024\/02\/IMG_4346.jpg 900w, https:\/\/cidadesemfoco.com\/wp-content\/uploads\/2024\/02\/IMG_4346-300x200.jpg 300w, https:\/\/cidadesemfoco.com\/wp-content\/uploads\/2024\/02\/IMG_4346-768x512.jpg 768w, https:\/\/cidadesemfoco.com\/wp-content\/uploads\/2024\/02\/IMG_4346-480x320.jpg 480w, https:\/\/cidadesemfoco.com\/wp-content\/uploads\/2024\/02\/IMG_4346-280x186.jpg 280w, https:\/\/cidadesemfoco.com\/wp-content\/uploads\/2024\/02\/IMG_4346-600x400.jpg 600w, https:\/\/cidadesemfoco.com\/wp-content\/uploads\/2024\/02\/IMG_4346-585x390.jpg 585w\" alt=\"\" width=\"900\" height=\"600\" \/><\/a><\/div>\n<\/figure>\n<figure class=\"gallery-item\">\n<div class=\"gallery-icon landscape\"><a href=\"https:\/\/cidadesemfoco.com\/abertura-da-ii-copa-joao-de-sousa-de-fut7-movimenta-zona-rural-de-simoes-veja-fotos\/img_4348-6\/\"><img loading=\"lazy\" decoding=\"async\" class=\"attachment-full size-full\" src=\"https:\/\/cidadesemfoco.com\/wp-content\/uploads\/2024\/02\/IMG_4348.jpg\" sizes=\"(max-width: 900px) 100vw, 900px\" srcset=\"https:\/\/cidadesemfoco.com\/wp-content\/uploads\/2024\/02\/IMG_4348.jpg 900w, https:\/\/cidadesemfoco.com\/wp-content\/uploads\/2024\/02\/IMG_4348-300x200.jpg 300w, https:\/\/cidadesemfoco.com\/wp-content\/uploads\/2024\/02\/IMG_4348-768x512.jpg 768w, https:\/\/cidadesemfoco.com\/wp-content\/uploads\/2024\/02\/IMG_4348-480x320.jpg 480w, https:\/\/cidadesemfoco.com\/wp-content\/uploads\/2024\/02\/IMG_4348-280x186.jpg 280w, https:\/\/cidadesemfoco.com\/wp-content\/uploads\/2024\/02\/IMG_4348-600x400.jpg 600w, https:\/\/cidadesemfoco.com\/wp-content\/uploads\/2024\/02\/IMG_4348-585x390.jpg 585w\" alt=\"\" width=\"900\" height=\"600\" \/><\/a><\/div>\n<\/figure>\n<figure class=\"gallery-item\">\n<div class=\"gallery-icon landscape\"><a href=\"https:\/\/cidadesemfoco.com\/abertura-da-ii-copa-joao-de-sousa-de-fut7-movimenta-zona-rural-de-simoes-veja-fotos\/img_4349-6\/\"><img loading=\"lazy\" decoding=\"async\" class=\"attachment-full size-full\" src=\"https:\/\/cidadesemfoco.com\/wp-content\/uploads\/2024\/02\/IMG_4349.jpg\" sizes=\"(max-width: 900px) 100vw, 900px\" srcset=\"https:\/\/cidadesemfoco.com\/wp-content\/uploads\/2024\/02\/IMG_4349.jpg 900w, https:\/\/cidadesemfoco.com\/wp-content\/uploads\/2024\/02\/IMG_4349-300x200.jpg 300w, https:\/\/cidadesemfoco.com\/wp-content\/uploads\/2024\/02\/IMG_4349-768x512.jpg 768w, https:\/\/cidadesemfoco.com\/wp-content\/uploads\/2024\/02\/IMG_4349-480x320.jpg 480w, https:\/\/cidadesemfoco.com\/wp-content\/uploads\/2024\/02\/IMG_4349-280x186.jpg 280w, https:\/\/cidadesemfoco.com\/wp-content\/uploads\/2024\/02\/IMG_4349-600x400.jpg 600w, https:\/\/cidadesemfoco.com\/wp-content\/uploads\/2024\/02\/IMG_4349-585x390.jpg 585w\" alt=\"\" width=\"900\" height=\"600\" \/><\/a><\/div>\n<\/figure>\n<figure class=\"gallery-item\">\n<div class=\"gallery-icon landscape\"><a href=\"https:\/\/cidadesemfoco.com\/abertura-da-ii-copa-joao-de-sousa-de-fut7-movimenta-zona-rural-de-simoes-veja-fotos\/img_4352-6\/\"><img loading=\"lazy\" decoding=\"async\" class=\"attachment-full size-full\" src=\"https:\/\/cidadesemfoco.com\/wp-content\/uploads\/2024\/02\/IMG_4352.jpg\" sizes=\"(max-width: 900px) 100vw, 900px\" srcset=\"https:\/\/cidadesemfoco.com\/wp-content\/uploads\/2024\/02\/IMG_4352.jpg 900w, https:\/\/cidadesemfoco.com\/wp-content\/uploads\/2024\/02\/IMG_4352-300x200.jpg 300w, https:\/\/cidadesemfoco.com\/wp-content\/uploads\/2024\/02\/IMG_4352-768x512.jpg 768w, https:\/\/cidadesemfoco.com\/wp-content\/uploads\/2024\/02\/IMG_4352-480x320.jpg 480w, https:\/\/cidadesemfoco.com\/wp-content\/uploads\/2024\/02\/IMG_4352-280x186.jpg 280w, https:\/\/cidadesemfoco.com\/wp-content\/uploads\/2024\/02\/IMG_4352-600x400.jpg 600w, https:\/\/cidadesemfoco.com\/wp-content\/uploads\/2024\/02\/IMG_4352-585x390.jpg 585w\" alt=\"\" width=\"900\" height=\"600\" \/><\/a><\/div>\n<\/figure>\n<figure class=\"gallery-item\">\n<div class=\"gallery-icon landscape\"><a href=\"https:\/\/cidadesemfoco.com\/abertura-da-ii-copa-joao-de-sousa-de-fut7-movimenta-zona-rural-de-simoes-veja-fotos\/img_4355-5\/\"><img loading=\"lazy\" decoding=\"async\" class=\"attachment-full size-full\" src=\"https:\/\/cidadesemfoco.com\/wp-content\/uploads\/2024\/02\/IMG_4355.jpg\" sizes=\"(max-width: 900px) 100vw, 900px\" srcset=\"https:\/\/cidadesemfoco.com\/wp-content\/uploads\/2024\/02\/IMG_4355.jpg 900w, https:\/\/cidadesemfoco.com\/wp-content\/uploads\/2024\/02\/IMG_4355-300x200.jpg 300w, https:\/\/cidadesemfoco.com\/wp-content\/uploads\/2024\/02\/IMG_4355-768x512.jpg 768w, https:\/\/cidadesemfoco.com\/wp-content\/uploads\/2024\/02\/IMG_4355-480x320.jpg 480w, https:\/\/cidadesemfoco.com\/wp-content\/uploads\/2024\/02\/IMG_4355-280x186.jpg 280w, https:\/\/cidadesemfoco.com\/wp-content\/uploads\/2024\/02\/IMG_4355-600x400.jpg 600w, https:\/\/cidadesemfoco.com\/wp-content\/uploads\/2024\/02\/IMG_4355-585x390.jpg 585w\" alt=\"\" width=\"900\" height=\"600\" \/><\/a><\/div>\n<\/figure>\n<figure class=\"gallery-item\">\n<div class=\"gallery-icon landscape\"><a href=\"https:\/\/cidadesemfoco.com\/abertura-da-ii-copa-joao-de-sousa-de-fut7-movimenta-zona-rural-de-simoes-veja-fotos\/img_4356-8\/\"><img loading=\"lazy\" decoding=\"async\" class=\"attachment-full size-full\" src=\"https:\/\/cidadesemfoco.com\/wp-content\/uploads\/2024\/02\/IMG_4356.jpg\" sizes=\"(max-width: 900px) 100vw, 900px\" srcset=\"https:\/\/cidadesemfoco.com\/wp-content\/uploads\/2024\/02\/IMG_4356.jpg 900w, https:\/\/cidadesemfoco.com\/wp-content\/uploads\/2024\/02\/IMG_4356-300x200.jpg 300w, https:\/\/cidadesemfoco.com\/wp-content\/uploads\/2024\/02\/IMG_4356-768x512.jpg 768w, https:\/\/cidadesemfoco.com\/wp-content\/uploads\/2024\/02\/IMG_4356-480x320.jpg 480w, https:\/\/cidadesemfoco.com\/wp-content\/uploads\/2024\/02\/IMG_4356-280x186.jpg 280w, https:\/\/cidadesemfoco.com\/wp-content\/uploads\/2024\/02\/IMG_4356-600x400.jpg 600w, https:\/\/cidadesemfoco.com\/wp-content\/uploads\/2024\/02\/IMG_4356-585x390.jpg 585w\" alt=\"\" width=\"900\" height=\"600\" \/><\/a><\/div>\n<\/figure>\n<figure class=\"gallery-item\">\n<div class=\"gallery-icon landscape\"><a href=\"https:\/\/cidadesemfoco.com\/abertura-da-ii-copa-joao-de-sousa-de-fut7-movimenta-zona-rural-de-simoes-veja-fotos\/img_4360-6\/\"><img loading=\"lazy\" decoding=\"async\" class=\"attachment-full size-full\" src=\"https:\/\/cidadesemfoco.com\/wp-content\/uploads\/2024\/02\/IMG_4360.jpg\" sizes=\"(max-width: 900px) 100vw, 900px\" srcset=\"https:\/\/cidadesemfoco.com\/wp-content\/uploads\/2024\/02\/IMG_4360.jpg 900w, https:\/\/cidadesemfoco.com\/wp-content\/uploads\/2024\/02\/IMG_4360-300x200.jpg 300w, https:\/\/cidadesemfoco.com\/wp-content\/uploads\/2024\/02\/IMG_4360-768x512.jpg 768w, https:\/\/cidadesemfoco.com\/wp-content\/uploads\/2024\/02\/IMG_4360-480x320.jpg 480w, https:\/\/cidadesemfoco.com\/wp-content\/uploads\/2024\/02\/IMG_4360-280x186.jpg 280w, https:\/\/cidadesemfoco.com\/wp-content\/uploads\/2024\/02\/IMG_4360-600x400.jpg 600w, https:\/\/cidadesemfoco.com\/wp-content\/uploads\/2024\/02\/IMG_4360-585x390.jpg 585w\" alt=\"\" width=\"900\" height=\"600\" \/><\/a><\/div>\n<\/figure>\n<figure class=\"gallery-item\">\n<div class=\"gallery-icon landscape\"><a href=\"https:\/\/cidadesemfoco.com\/abertura-da-ii-copa-joao-de-sousa-de-fut7-movimenta-zona-rural-de-simoes-veja-fotos\/img_4362-5\/\"><img loading=\"lazy\" decoding=\"async\" class=\"attachment-full size-full\" src=\"https:\/\/cidadesemfoco.com\/wp-content\/uploads\/2024\/02\/IMG_4362.jpg\" sizes=\"(max-width: 900px) 100vw, 900px\" srcset=\"https:\/\/cidadesemfoco.com\/wp-content\/uploads\/2024\/02\/IMG_4362.jpg 900w, https:\/\/cidadesemfoco.com\/wp-content\/uploads\/2024\/02\/IMG_4362-300x200.jpg 300w, https:\/\/cidadesemfoco.com\/wp-content\/uploads\/2024\/02\/IMG_4362-768x512.jpg 768w, https:\/\/cidadesemfoco.com\/wp-content\/uploads\/2024\/02\/IMG_4362-480x320.jpg 480w, https:\/\/cidadesemfoco.com\/wp-content\/uploads\/2024\/02\/IMG_4362-280x186.jpg 280w, https:\/\/cidadesemfoco.com\/wp-content\/uploads\/2024\/02\/IMG_4362-600x400.jpg 600w, https:\/\/cidadesemfoco.com\/wp-content\/uploads\/2024\/02\/IMG_4362-585x390.jpg 585w\" alt=\"\" width=\"900\" height=\"600\" \/><\/a><\/div>\n<\/figure>\n<figure class=\"gallery-item\">\n<div class=\"gallery-icon landscape\"><a href=\"https:\/\/cidadesemfoco.com\/abertura-da-ii-copa-joao-de-sousa-de-fut7-movimenta-zona-rural-de-simoes-veja-fotos\/img_4363-3\/\"><img loading=\"lazy\" decoding=\"async\" class=\"attachment-full size-full\" src=\"https:\/\/cidadesemfoco.com\/wp-content\/uploads\/2024\/02\/IMG_4363.jpg\" sizes=\"(max-width: 900px) 100vw, 900px\" srcset=\"https:\/\/cidadesemfoco.com\/wp-content\/uploads\/2024\/02\/IMG_4363.jpg 900w, https:\/\/cidadesemfoco.com\/wp-content\/uploads\/2024\/02\/IMG_4363-300x200.jpg 300w, https:\/\/cidadesemfoco.com\/wp-content\/uploads\/2024\/02\/IMG_4363-768x512.jpg 768w, https:\/\/cidadesemfoco.com\/wp-content\/uploads\/2024\/02\/IMG_4363-480x320.jpg 480w, https:\/\/cidadesemfoco.com\/wp-content\/uploads\/2024\/02\/IMG_4363-280x186.jpg 280w, https:\/\/cidadesemfoco.com\/wp-content\/uploads\/2024\/02\/IMG_4363-600x400.jpg 600w, https:\/\/cidadesemfoco.com\/wp-content\/uploads\/2024\/02\/IMG_4363-585x390.jpg 585w\" alt=\"\" width=\"900\" height=\"600\" \/><\/a><\/div>\n<\/figure>\n<figure class=\"gallery-item\">\n<div class=\"gallery-icon landscape\"><a href=\"https:\/\/cidadesemfoco.com\/abertura-da-ii-copa-joao-de-sousa-de-fut7-movimenta-zona-rural-de-simoes-veja-fotos\/img_4364-4\/\"><img loading=\"lazy\" decoding=\"async\" class=\"attachment-full size-full\" src=\"https:\/\/cidadesemfoco.com\/wp-content\/uploads\/2024\/02\/IMG_4364.jpg\" sizes=\"(max-width: 900px) 100vw, 900px\" srcset=\"https:\/\/cidadesemfoco.com\/wp-content\/uploads\/2024\/02\/IMG_4364.jpg 900w, https:\/\/cidadesemfoco.com\/wp-content\/uploads\/2024\/02\/IMG_4364-300x200.jpg 300w, https:\/\/cidadesemfoco.com\/wp-content\/uploads\/2024\/02\/IMG_4364-768x512.jpg 768w, https:\/\/cidadesemfoco.com\/wp-content\/uploads\/2024\/02\/IMG_4364-480x320.jpg 480w, https:\/\/cidadesemfoco.com\/wp-content\/uploads\/2024\/02\/IMG_4364-280x186.jpg 280w, https:\/\/cidadesemfoco.com\/wp-content\/uploads\/2024\/02\/IMG_4364-600x400.jpg 600w, https:\/\/cidadesemfoco.com\/wp-content\/uploads\/2024\/02\/IMG_4364-585x390.jpg 585w\" alt=\"\" width=\"900\" height=\"600\" \/><\/a><\/div>\n<\/figure>\n<figure class=\"gallery-item\">\n<div class=\"gallery-icon landscape\"><a href=\"https:\/\/cidadesemfoco.com\/abertura-da-ii-copa-joao-de-sousa-de-fut7-movimenta-zona-rural-de-simoes-veja-fotos\/img_4366-5\/\"><img loading=\"lazy\" decoding=\"async\" class=\"attachment-full size-full\" src=\"https:\/\/cidadesemfoco.com\/wp-content\/uploads\/2024\/02\/IMG_4366.jpg\" sizes=\"(max-width: 900px) 100vw, 900px\" srcset=\"https:\/\/cidadesemfoco.com\/wp-content\/uploads\/2024\/02\/IMG_4366.jpg 900w, https:\/\/cidadesemfoco.com\/wp-content\/uploads\/2024\/02\/IMG_4366-300x200.jpg 300w, https:\/\/cidadesemfoco.com\/wp-content\/uploads\/2024\/02\/IMG_4366-768x512.jpg 768w, https:\/\/cidadesemfoco.com\/wp-content\/uploads\/2024\/02\/IMG_4366-480x320.jpg 480w, https:\/\/cidadesemfoco.com\/wp-content\/uploads\/2024\/02\/IMG_4366-280x186.jpg 280w, https:\/\/cidadesemfoco.com\/wp-content\/uploads\/2024\/02\/IMG_4366-600x400.jpg 600w, https:\/\/cidadesemfoco.com\/wp-content\/uploads\/2024\/02\/IMG_4366-585x390.jpg 585w\" alt=\"\" width=\"900\" height=\"600\" \/><\/a><\/div>\n<\/figure>\n<figure class=\"gallery-item\">\n<div class=\"gallery-icon landscape\"><a href=\"https:\/\/cidadesemfoco.com\/abertura-da-ii-copa-joao-de-sousa-de-fut7-movimenta-zona-rural-de-simoes-veja-fotos\/img_4367-5\/\"><img loading=\"lazy\" decoding=\"async\" class=\"attachment-full size-full\" src=\"https:\/\/cidadesemfoco.com\/wp-content\/uploads\/2024\/02\/IMG_4367.jpg\" sizes=\"(max-width: 900px) 100vw, 900px\" srcset=\"https:\/\/cidadesemfoco.com\/wp-content\/uploads\/2024\/02\/IMG_4367.jpg 900w, https:\/\/cidadesemfoco.com\/wp-content\/uploads\/2024\/02\/IMG_4367-300x200.jpg 300w, https:\/\/cidadesemfoco.com\/wp-content\/uploads\/2024\/02\/IMG_4367-768x512.jpg 768w, https:\/\/cidadesemfoco.com\/wp-content\/uploads\/2024\/02\/IMG_4367-480x320.jpg 480w, https:\/\/cidadesemfoco.com\/wp-content\/uploads\/2024\/02\/IMG_4367-280x186.jpg 280w, https:\/\/cidadesemfoco.com\/wp-content\/uploads\/2024\/02\/IMG_4367-600x400.jpg 600w, https:\/\/cidadesemfoco.com\/wp-content\/uploads\/2024\/02\/IMG_4367-585x390.jpg 585w\" alt=\"\" width=\"900\" height=\"600\" \/><\/a><\/div>\n<\/figure>\n<figure class=\"gallery-item\">\n<div class=\"gallery-icon landscape\"><a href=\"https:\/\/cidadesemfoco.com\/abertura-da-ii-copa-joao-de-sousa-de-fut7-movimenta-zona-rural-de-simoes-veja-fotos\/img_4370-5\/\"><img loading=\"lazy\" decoding=\"async\" class=\"attachment-full size-full\" src=\"https:\/\/cidadesemfoco.com\/wp-content\/uploads\/2024\/02\/IMG_4370.jpg\" sizes=\"(max-width: 900px) 100vw, 900px\" srcset=\"https:\/\/cidadesemfoco.com\/wp-content\/uploads\/2024\/02\/IMG_4370.jpg 900w, https:\/\/cidadesemfoco.com\/wp-content\/uploads\/2024\/02\/IMG_4370-300x200.jpg 300w, https:\/\/cidadesemfoco.com\/wp-content\/uploads\/2024\/02\/IMG_4370-768x512.jpg 768w, https:\/\/cidadesemfoco.com\/wp-content\/uploads\/2024\/02\/IMG_4370-480x320.jpg 480w, https:\/\/cidadesemfoco.com\/wp-content\/uploads\/2024\/02\/IMG_4370-280x186.jpg 280w, https:\/\/cidadesemfoco.com\/wp-content\/uploads\/2024\/02\/IMG_4370-600x400.jpg 600w, https:\/\/cidadesemfoco.com\/wp-content\/uploads\/2024\/02\/IMG_4370-585x390.jpg 585w\" alt=\"\" width=\"900\" height=\"600\" \/><\/a><\/div>\n<\/figure>\n<figure class=\"gallery-item\">\n<div class=\"gallery-icon landscape\"><a href=\"https:\/\/cidadesemfoco.com\/abertura-da-ii-copa-joao-de-sousa-de-fut7-movimenta-zona-rural-de-simoes-veja-fotos\/img_4371-4\/\"><img loading=\"lazy\" decoding=\"async\" class=\"attachment-full size-full\" src=\"https:\/\/cidadesemfoco.com\/wp-content\/uploads\/2024\/02\/IMG_4371.jpg\" sizes=\"(max-width: 900px) 100vw, 900px\" srcset=\"https:\/\/cidadesemfoco.com\/wp-content\/uploads\/2024\/02\/IMG_4371.jpg 900w, https:\/\/cidadesemfoco.com\/wp-content\/uploads\/2024\/02\/IMG_4371-300x200.jpg 300w, https:\/\/cidadesemfoco.com\/wp-content\/uploads\/2024\/02\/IMG_4371-768x512.jpg 768w, https:\/\/cidadesemfoco.com\/wp-content\/uploads\/2024\/02\/IMG_4371-480x320.jpg 480w, https:\/\/cidadesemfoco.com\/wp-content\/uploads\/2024\/02\/IMG_4371-280x186.jpg 280w, https:\/\/cidadesemfoco.com\/wp-content\/uploads\/2024\/02\/IMG_4371-600x400.jpg 600w, https:\/\/cidadesemfoco.com\/wp-content\/uploads\/2024\/02\/IMG_4371-585x390.jpg 585w\" alt=\"\" width=\"900\" height=\"600\" \/><\/a><\/div>\n<\/figure>\n<figure class=\"gallery-item\">\n<div class=\"gallery-icon landscape\"><a href=\"https:\/\/cidadesemfoco.com\/abertura-da-ii-copa-joao-de-sousa-de-fut7-movimenta-zona-rural-de-simoes-veja-fotos\/img_4373-6\/\"><img loading=\"lazy\" decoding=\"async\" class=\"attachment-full size-full\" src=\"https:\/\/cidadesemfoco.com\/wp-content\/uploads\/2024\/02\/IMG_4373.jpg\" sizes=\"(max-width: 900px) 100vw, 900px\" srcset=\"https:\/\/cidadesemfoco.com\/wp-content\/uploads\/2024\/02\/IMG_4373.jpg 900w, https:\/\/cidadesemfoco.com\/wp-content\/uploads\/2024\/02\/IMG_4373-300x200.jpg 300w, https:\/\/cidadesemfoco.com\/wp-content\/uploads\/2024\/02\/IMG_4373-768x512.jpg 768w, https:\/\/cidadesemfoco.com\/wp-content\/uploads\/2024\/02\/IMG_4373-480x320.jpg 480w, https:\/\/cidadesemfoco.com\/wp-content\/uploads\/2024\/02\/IMG_4373-280x186.jpg 280w, https:\/\/cidadesemfoco.com\/wp-content\/uploads\/2024\/02\/IMG_4373-600x400.jpg 600w, https:\/\/cidadesemfoco.com\/wp-content\/uploads\/2024\/02\/IMG_4373-585x390.jpg 585w\" alt=\"\" width=\"900\" height=\"600\" \/><\/a><\/div>\n<\/figure>\n<figure class=\"gallery-item\">\n<div class=\"gallery-icon landscape\"><a href=\"https:\/\/cidadesemfoco.com\/abertura-da-ii-copa-joao-de-sousa-de-fut7-movimenta-zona-rural-de-simoes-veja-fotos\/img_4375-6\/\"><img loading=\"lazy\" decoding=\"async\" class=\"attachment-full size-full\" src=\"https:\/\/cidadesemfoco.com\/wp-content\/uploads\/2024\/02\/IMG_4375.jpg\" sizes=\"(max-width: 900px) 100vw, 900px\" srcset=\"https:\/\/cidadesemfoco.com\/wp-content\/uploads\/2024\/02\/IMG_4375.jpg 900w, https:\/\/cidadesemfoco.com\/wp-content\/uploads\/2024\/02\/IMG_4375-300x200.jpg 300w, https:\/\/cidadesemfoco.com\/wp-content\/uploads\/2024\/02\/IMG_4375-768x512.jpg 768w, https:\/\/cidadesemfoco.com\/wp-content\/uploads\/2024\/02\/IMG_4375-480x320.jpg 480w, https:\/\/cidadesemfoco.com\/wp-content\/uploads\/2024\/02\/IMG_4375-280x186.jpg 280w, https:\/\/cidadesemfoco.com\/wp-content\/uploads\/2024\/02\/IMG_4375-600x400.jpg 600w, https:\/\/cidadesemfoco.com\/wp-content\/uploads\/2024\/02\/IMG_4375-585x390.jpg 585w\" alt=\"\" width=\"900\" height=\"600\" \/><\/a><\/div>\n<\/figure>\n<figure class=\"gallery-item\">\n<div class=\"gallery-icon landscape\"><a href=\"https:\/\/cidadesemfoco.com\/abertura-da-ii-copa-joao-de-sousa-de-fut7-movimenta-zona-rural-de-simoes-veja-fotos\/img_4376-4\/\"><img loading=\"lazy\" decoding=\"async\" class=\"attachment-full size-full\" src=\"https:\/\/cidadesemfoco.com\/wp-content\/uploads\/2024\/02\/IMG_4376.jpg\" sizes=\"(max-width: 900px) 100vw, 900px\" srcset=\"https:\/\/cidadesemfoco.com\/wp-content\/uploads\/2024\/02\/IMG_4376.jpg 900w, https:\/\/cidadesemfoco.com\/wp-content\/uploads\/2024\/02\/IMG_4376-300x200.jpg 300w, https:\/\/cidadesemfoco.com\/wp-content\/uploads\/2024\/02\/IMG_4376-768x512.jpg 768w, https:\/\/cidadesemfoco.com\/wp-content\/uploads\/2024\/02\/IMG_4376-480x320.jpg 480w, https:\/\/cidadesemfoco.com\/wp-content\/uploads\/2024\/02\/IMG_4376-280x186.jpg 280w, https:\/\/cidadesemfoco.com\/wp-content\/uploads\/2024\/02\/IMG_4376-600x400.jpg 600w, https:\/\/cidadesemfoco.com\/wp-content\/uploads\/2024\/02\/IMG_4376-585x390.jpg 585w\" alt=\"\" width=\"900\" height=\"600\" \/><\/a><\/div>\n<\/figure>\n<figure class=\"gallery-item\">\n<div class=\"gallery-icon landscape\"><a href=\"https:\/\/cidadesemfoco.com\/abertura-da-ii-copa-joao-de-sousa-de-fut7-movimenta-zona-rural-de-simoes-veja-fotos\/img_4379-2\/\"><img loading=\"lazy\" decoding=\"async\" class=\"attachment-full size-full\" src=\"https:\/\/cidadesemfoco.com\/wp-content\/uploads\/2024\/02\/IMG_4379.jpg\" sizes=\"(max-width: 900px) 100vw, 900px\" srcset=\"https:\/\/cidadesemfoco.com\/wp-content\/uploads\/2024\/02\/IMG_4379.jpg 900w, https:\/\/cidadesemfoco.com\/wp-content\/uploads\/2024\/02\/IMG_4379-300x200.jpg 300w, https:\/\/cidadesemfoco.com\/wp-content\/uploads\/2024\/02\/IMG_4379-768x512.jpg 768w, https:\/\/cidadesemfoco.com\/wp-content\/uploads\/2024\/02\/IMG_4379-480x320.jpg 480w, https:\/\/cidadesemfoco.com\/wp-content\/uploads\/2024\/02\/IMG_4379-280x186.jpg 280w, https:\/\/cidadesemfoco.com\/wp-content\/uploads\/2024\/02\/IMG_4379-600x400.jpg 600w, https:\/\/cidadesemfoco.com\/wp-content\/uploads\/2024\/02\/IMG_4379-585x390.jpg 585w\" alt=\"\" width=\"900\" height=\"600\" \/><\/a><\/div>\n<\/figure>\n<figure class=\"gallery-item\">\n<div class=\"gallery-icon landscape\"><a href=\"https:\/\/cidadesemfoco.com\/abertura-da-ii-copa-joao-de-sousa-de-fut7-movimenta-zona-rural-de-simoes-veja-fotos\/img_4380-5\/\"><img loading=\"lazy\" decoding=\"async\" class=\"attachment-full size-full\" src=\"https:\/\/cidadesemfoco.com\/wp-content\/uploads\/2024\/02\/IMG_4380.jpg\" sizes=\"(max-width: 900px) 100vw, 900px\" srcset=\"https:\/\/cidadesemfoco.com\/wp-content\/uploads\/2024\/02\/IMG_4380.jpg 900w, https:\/\/cidadesemfoco.com\/wp-content\/uploads\/2024\/02\/IMG_4380-300x200.jpg 300w, https:\/\/cidadesemfoco.com\/wp-content\/uploads\/2024\/02\/IMG_4380-768x512.jpg 768w, https:\/\/cidadesemfoco.com\/wp-content\/uploads\/2024\/02\/IMG_4380-480x320.jpg 480w, https:\/\/cidadesemfoco.com\/wp-content\/uploads\/2024\/02\/IMG_4380-280x186.jpg 280w, https:\/\/cidadesemfoco.com\/wp-content\/uploads\/2024\/02\/IMG_4380-600x400.jpg 600w, https:\/\/cidadesemfoco.com\/wp-content\/uploads\/2024\/02\/IMG_4380-585x390.jpg 585w\" alt=\"\" width=\"900\" height=\"600\" \/><\/a><\/div>\n<\/figure>\n<figure class=\"gallery-item\">\n<div class=\"gallery-icon landscape\"><a href=\"https:\/\/cidadesemfoco.com\/abertura-da-ii-copa-joao-de-sousa-de-fut7-movimenta-zona-rural-de-simoes-veja-fotos\/img_4381-5\/\"><img loading=\"lazy\" decoding=\"async\" class=\"attachment-full size-full\" src=\"https:\/\/cidadesemfoco.com\/wp-content\/uploads\/2024\/02\/IMG_4381.jpg\" sizes=\"(max-width: 900px) 100vw, 900px\" srcset=\"https:\/\/cidadesemfoco.com\/wp-content\/uploads\/2024\/02\/IMG_4381.jpg 900w, https:\/\/cidadesemfoco.com\/wp-content\/uploads\/2024\/02\/IMG_4381-300x200.jpg 300w, https:\/\/cidadesemfoco.com\/wp-content\/uploads\/2024\/02\/IMG_4381-768x512.jpg 768w, https:\/\/cidadesemfoco.com\/wp-content\/uploads\/2024\/02\/IMG_4381-480x320.jpg 480w, https:\/\/cidadesemfoco.com\/wp-content\/uploads\/2024\/02\/IMG_4381-280x186.jpg 280w, https:\/\/cidadesemfoco.com\/wp-content\/uploads\/2024\/02\/IMG_4381-600x400.jpg 600w, https:\/\/cidadesemfoco.com\/wp-content\/uploads\/2024\/02\/IMG_4381-585x390.jpg 585w\" alt=\"\" width=\"900\" height=\"600\" \/><\/a><\/div>\n<\/figure>\n<figure class=\"gallery-item\">\n<div class=\"gallery-icon landscape\"><a href=\"https:\/\/cidadesemfoco.com\/abertura-da-ii-copa-joao-de-sousa-de-fut7-movimenta-zona-rural-de-simoes-veja-fotos\/img_4383-5\/\"><img loading=\"lazy\" decoding=\"async\" class=\"attachment-full size-full\" src=\"https:\/\/cidadesemfoco.com\/wp-content\/uploads\/2024\/02\/IMG_4383.jpg\" sizes=\"(max-width: 900px) 100vw, 900px\" srcset=\"https:\/\/cidadesemfoco.com\/wp-content\/uploads\/2024\/02\/IMG_4383.jpg 900w, https:\/\/cidadesemfoco.com\/wp-content\/uploads\/2024\/02\/IMG_4383-300x200.jpg 300w, https:\/\/cidadesemfoco.com\/wp-content\/uploads\/2024\/02\/IMG_4383-768x512.jpg 768w, https:\/\/cidadesemfoco.com\/wp-content\/uploads\/2024\/02\/IMG_4383-480x320.jpg 480w, https:\/\/cidadesemfoco.com\/wp-content\/uploads\/2024\/02\/IMG_4383-280x186.jpg 280w, https:\/\/cidadesemfoco.com\/wp-content\/uploads\/2024\/02\/IMG_4383-600x400.jpg 600w, https:\/\/cidadesemfoco.com\/wp-content\/uploads\/2024\/02\/IMG_4383-585x390.jpg 585w\" alt=\"\" width=\"900\" height=\"600\" \/><\/a><\/div>\n<\/figure>\n<figure class=\"gallery-item\">\n<div class=\"gallery-icon landscape\"><a href=\"https:\/\/cidadesemfoco.com\/abertura-da-ii-copa-joao-de-sousa-de-fut7-movimenta-zona-rural-de-simoes-veja-fotos\/img_4384-6\/\"><img loading=\"lazy\" decoding=\"async\" class=\"attachment-full size-full\" src=\"https:\/\/cidadesemfoco.com\/wp-content\/uploads\/2024\/02\/IMG_4384.jpg\" sizes=\"(max-width: 900px) 100vw, 900px\" srcset=\"https:\/\/cidadesemfoco.com\/wp-content\/uploads\/2024\/02\/IMG_4384.jpg 900w, https:\/\/cidadesemfoco.com\/wp-content\/uploads\/2024\/02\/IMG_4384-300x200.jpg 300w, https:\/\/cidadesemfoco.com\/wp-content\/uploads\/2024\/02\/IMG_4384-768x512.jpg 768w, https:\/\/cidadesemfoco.com\/wp-content\/uploads\/2024\/02\/IMG_4384-480x320.jpg 480w, https:\/\/cidadesemfoco.com\/wp-content\/uploads\/2024\/02\/IMG_4384-280x186.jpg 280w, https:\/\/cidadesemfoco.com\/wp-content\/uploads\/2024\/02\/IMG_4384-600x400.jpg 600w, https:\/\/cidadesemfoco.com\/wp-content\/uploads\/2024\/02\/IMG_4384-585x390.jpg 585w\" alt=\"\" width=\"900\" height=\"600\" \/><\/a><\/div>\n<\/figure>\n<figure class=\"gallery-item\">\n<div class=\"gallery-icon landscape\"><a href=\"https:\/\/cidadesemfoco.com\/abertura-da-ii-copa-joao-de-sousa-de-fut7-movimenta-zona-rural-de-simoes-veja-fotos\/img_4385-6\/\"><img loading=\"lazy\" decoding=\"async\" class=\"attachment-full size-full\" src=\"https:\/\/cidadesemfoco.com\/wp-content\/uploads\/2024\/02\/IMG_4385.jpg\" sizes=\"(max-width: 900px) 100vw, 900px\" srcset=\"https:\/\/cidadesemfoco.com\/wp-content\/uploads\/2024\/02\/IMG_4385.jpg 900w, https:\/\/cidadesemfoco.com\/wp-content\/uploads\/2024\/02\/IMG_4385-300x200.jpg 300w, https:\/\/cidadesemfoco.com\/wp-content\/uploads\/2024\/02\/IMG_4385-768x512.jpg 768w, https:\/\/cidadesemfoco.com\/wp-content\/uploads\/2024\/02\/IMG_4385-480x320.jpg 480w, https:\/\/cidadesemfoco.com\/wp-content\/uploads\/2024\/02\/IMG_4385-280x186.jpg 280w, https:\/\/cidadesemfoco.com\/wp-content\/uploads\/2024\/02\/IMG_4385-600x400.jpg 600w, https:\/\/cidadesemfoco.com\/wp-content\/uploads\/2024\/02\/IMG_4385-585x390.jpg 585w\" alt=\"\" width=\"900\" height=\"600\" \/><\/a><\/div>\n<\/figure>\n<figure class=\"gallery-item\">\n<div class=\"gallery-icon landscape\"><a href=\"https:\/\/cidadesemfoco.com\/abertura-da-ii-copa-joao-de-sousa-de-fut7-movimenta-zona-rural-de-simoes-veja-fotos\/img_4387-7\/\"><img loading=\"lazy\" decoding=\"async\" class=\"attachment-full size-full\" src=\"https:\/\/cidadesemfoco.com\/wp-content\/uploads\/2024\/02\/IMG_4387.jpg\" sizes=\"(max-width: 900px) 100vw, 900px\" srcset=\"https:\/\/cidadesemfoco.com\/wp-content\/uploads\/2024\/02\/IMG_4387.jpg 900w, https:\/\/cidadesemfoco.com\/wp-content\/uploads\/2024\/02\/IMG_4387-300x200.jpg 300w, https:\/\/cidadesemfoco.com\/wp-content\/uploads\/2024\/02\/IMG_4387-768x512.jpg 768w, https:\/\/cidadesemfoco.com\/wp-content\/uploads\/2024\/02\/IMG_4387-480x320.jpg 480w, https:\/\/cidadesemfoco.com\/wp-content\/uploads\/2024\/02\/IMG_4387-280x186.jpg 280w, https:\/\/cidadesemfoco.com\/wp-content\/uploads\/2024\/02\/IMG_4387-600x400.jpg 600w, https:\/\/cidadesemfoco.com\/wp-content\/uploads\/2024\/02\/IMG_4387-585x390.jpg 585w\" alt=\"\" width=\"900\" height=\"600\" \/><\/a><\/div>\n<\/figure>\n<figure class=\"gallery-item\">\n<div class=\"gallery-icon landscape\"><a href=\"https:\/\/cidadesemfoco.com\/abertura-da-ii-copa-joao-de-sousa-de-fut7-movimenta-zona-rural-de-simoes-veja-fotos\/img_4388-4\/\"><img loading=\"lazy\" decoding=\"async\" class=\"attachment-full size-full\" src=\"https:\/\/cidadesemfoco.com\/wp-content\/uploads\/2024\/02\/IMG_4388.jpg\" sizes=\"(max-width: 900px) 100vw, 900px\" srcset=\"https:\/\/cidadesemfoco.com\/wp-content\/uploads\/2024\/02\/IMG_4388.jpg 900w, https:\/\/cidadesemfoco.com\/wp-content\/uploads\/2024\/02\/IMG_4388-300x200.jpg 300w, https:\/\/cidadesemfoco.com\/wp-content\/uploads\/2024\/02\/IMG_4388-768x512.jpg 768w, https:\/\/cidadesemfoco.com\/wp-content\/uploads\/2024\/02\/IMG_4388-480x320.jpg 480w, https:\/\/cidadesemfoco.com\/wp-content\/uploads\/2024\/02\/IMG_4388-280x186.jpg 280w, https:\/\/cidadesemfoco.com\/wp-content\/uploads\/2024\/02\/IMG_4388-600x400.jpg 600w, https:\/\/cidadesemfoco.com\/wp-content\/uploads\/2024\/02\/IMG_4388-585x390.jpg 585w\" alt=\"\" width=\"900\" height=\"600\" \/><\/a><\/div>\n<\/figure>\n<figure class=\"gallery-item\">\n<div class=\"gallery-icon landscape\"><a href=\"https:\/\/cidadesemfoco.com\/abertura-da-ii-copa-joao-de-sousa-de-fut7-movimenta-zona-rural-de-simoes-veja-fotos\/img_4389-4\/\"><img loading=\"lazy\" decoding=\"async\" class=\"attachment-full size-full\" src=\"https:\/\/cidadesemfoco.com\/wp-content\/uploads\/2024\/02\/IMG_4389.jpg\" sizes=\"(max-width: 900px) 100vw, 900px\" srcset=\"https:\/\/cidadesemfoco.com\/wp-content\/uploads\/2024\/02\/IMG_4389.jpg 900w, https:\/\/cidadesemfoco.com\/wp-content\/uploads\/2024\/02\/IMG_4389-300x200.jpg 300w, https:\/\/cidadesemfoco.com\/wp-content\/uploads\/2024\/02\/IMG_4389-768x512.jpg 768w, https:\/\/cidadesemfoco.com\/wp-content\/uploads\/2024\/02\/IMG_4389-480x320.jpg 480w, https:\/\/cidadesemfoco.com\/wp-content\/uploads\/2024\/02\/IMG_4389-280x186.jpg 280w, https:\/\/cidadesemfoco.com\/wp-content\/uploads\/2024\/02\/IMG_4389-600x400.jpg 600w, https:\/\/cidadesemfoco.com\/wp-content\/uploads\/2024\/02\/IMG_4389-585x390.jpg 585w\" alt=\"\" width=\"900\" height=\"600\" \/><\/a><\/div>\n<\/figure>\n<figure class=\"gallery-item\">\n<div class=\"gallery-icon landscape\"><a href=\"https:\/\/cidadesemfoco.com\/abertura-da-ii-copa-joao-de-sousa-de-fut7-movimenta-zona-rural-de-simoes-veja-fotos\/img_4390-4\/\"><img loading=\"lazy\" decoding=\"async\" class=\"attachment-full size-full\" src=\"https:\/\/cidadesemfoco.com\/wp-content\/uploads\/2024\/02\/IMG_4390.jpg\" sizes=\"(max-width: 900px) 100vw, 900px\" srcset=\"https:\/\/cidadesemfoco.com\/wp-content\/uploads\/2024\/02\/IMG_4390.jpg 900w, https:\/\/cidadesemfoco.com\/wp-content\/uploads\/2024\/02\/IMG_4390-300x200.jpg 300w, https:\/\/cidadesemfoco.com\/wp-content\/uploads\/2024\/02\/IMG_4390-768x512.jpg 768w, https:\/\/cidadesemfoco.com\/wp-content\/uploads\/2024\/02\/IMG_4390-480x320.jpg 480w, https:\/\/cidadesemfoco.com\/wp-content\/uploads\/2024\/02\/IMG_4390-280x186.jpg 280w, https:\/\/cidadesemfoco.com\/wp-content\/uploads\/2024\/02\/IMG_4390-600x400.jpg 600w, https:\/\/cidadesemfoco.com\/wp-content\/uploads\/2024\/02\/IMG_4390-585x390.jpg 585w\" alt=\"\" width=\"900\" height=\"600\" \/><\/a><\/div>\n<\/figure>\n<figure class=\"gallery-item\">\n<div class=\"gallery-icon landscape\"><a href=\"https:\/\/cidadesemfoco.com\/abertura-da-ii-copa-joao-de-sousa-de-fut7-movimenta-zona-rural-de-simoes-veja-fotos\/img_4392-3\/\"><img loading=\"lazy\" decoding=\"async\" class=\"attachment-full size-full\" src=\"https:\/\/cidadesemfoco.com\/wp-content\/uploads\/2024\/02\/IMG_4392.jpg\" sizes=\"(max-width: 900px) 100vw, 900px\" srcset=\"https:\/\/cidadesemfoco.com\/wp-content\/uploads\/2024\/02\/IMG_4392.jpg 900w, https:\/\/cidadesemfoco.com\/wp-content\/uploads\/2024\/02\/IMG_4392-300x200.jpg 300w, https:\/\/cidadesemfoco.com\/wp-content\/uploads\/2024\/02\/IMG_4392-768x512.jpg 768w, https:\/\/cidadesemfoco.com\/wp-content\/uploads\/2024\/02\/IMG_4392-480x320.jpg 480w, https:\/\/cidadesemfoco.com\/wp-content\/uploads\/2024\/02\/IMG_4392-280x186.jpg 280w, https:\/\/cidadesemfoco.com\/wp-content\/uploads\/2024\/02\/IMG_4392-600x400.jpg 600w, https:\/\/cidadesemfoco.com\/wp-content\/uploads\/2024\/02\/IMG_4392-585x390.jpg 585w\" alt=\"\" width=\"900\" height=\"600\" \/><\/a><\/div>\n<\/figure>\n<figure class=\"gallery-item\">\n<div class=\"gallery-icon landscape\"><a href=\"https:\/\/cidadesemfoco.com\/abertura-da-ii-copa-joao-de-sousa-de-fut7-movimenta-zona-rural-de-simoes-veja-fotos\/img_4393-4\/\"><img loading=\"lazy\" decoding=\"async\" class=\"attachment-full size-full\" src=\"https:\/\/cidadesemfoco.com\/wp-content\/uploads\/2024\/02\/IMG_4393.jpg\" sizes=\"(max-width: 900px) 100vw, 900px\" srcset=\"https:\/\/cidadesemfoco.com\/wp-content\/uploads\/2024\/02\/IMG_4393.jpg 900w, https:\/\/cidadesemfoco.com\/wp-content\/uploads\/2024\/02\/IMG_4393-300x200.jpg 300w, https:\/\/cidadesemfoco.com\/wp-content\/uploads\/2024\/02\/IMG_4393-768x512.jpg 768w, https:\/\/cidadesemfoco.com\/wp-content\/uploads\/2024\/02\/IMG_4393-480x320.jpg 480w, https:\/\/cidadesemfoco.com\/wp-content\/uploads\/2024\/02\/IMG_4393-280x186.jpg 280w, https:\/\/cidadesemfoco.com\/wp-content\/uploads\/2024\/02\/IMG_4393-600x400.jpg 600w, https:\/\/cidadesemfoco.com\/wp-content\/uploads\/2024\/02\/IMG_4393-585x390.jpg 585w\" alt=\"\" width=\"900\" height=\"600\" \/><\/a><\/div>\n<\/figure>\n<figure class=\"gallery-item\">\n<div class=\"gallery-icon landscape\"><a href=\"https:\/\/cidadesemfoco.com\/abertura-da-ii-copa-joao-de-sousa-de-fut7-movimenta-zona-rural-de-simoes-veja-fotos\/img_4395-4\/\"><img loading=\"lazy\" decoding=\"async\" class=\"attachment-full size-full\" src=\"https:\/\/cidadesemfoco.com\/wp-content\/uploads\/2024\/02\/IMG_4395.jpg\" sizes=\"(max-width: 900px) 100vw, 900px\" srcset=\"https:\/\/cidadesemfoco.com\/wp-content\/uploads\/2024\/02\/IMG_4395.jpg 900w, https:\/\/cidadesemfoco.com\/wp-content\/uploads\/2024\/02\/IMG_4395-300x200.jpg 300w, https:\/\/cidadesemfoco.com\/wp-content\/uploads\/2024\/02\/IMG_4395-768x512.jpg 768w, https:\/\/cidadesemfoco.com\/wp-content\/uploads\/2024\/02\/IMG_4395-480x320.jpg 480w, https:\/\/cidadesemfoco.com\/wp-content\/uploads\/2024\/02\/IMG_4395-280x186.jpg 280w, https:\/\/cidadesemfoco.com\/wp-content\/uploads\/2024\/02\/IMG_4395-600x400.jpg 600w, https:\/\/cidadesemfoco.com\/wp-content\/uploads\/2024\/02\/IMG_4395-585x390.jpg 585w\" alt=\"\" width=\"900\" height=\"600\" \/><\/a><\/div>\n<\/figure>\n<figure class=\"gallery-item\">\n<div class=\"gallery-icon landscape\"><a href=\"https:\/\/cidadesemfoco.com\/abertura-da-ii-copa-joao-de-sousa-de-fut7-movimenta-zona-rural-de-simoes-veja-fotos\/img_4396-6\/\"><img loading=\"lazy\" decoding=\"async\" class=\"attachment-full size-full\" src=\"https:\/\/cidadesemfoco.com\/wp-content\/uploads\/2024\/02\/IMG_4396.jpg\" sizes=\"(max-width: 900px) 100vw, 900px\" srcset=\"https:\/\/cidadesemfoco.com\/wp-content\/uploads\/2024\/02\/IMG_4396.jpg 900w, https:\/\/cidadesemfoco.com\/wp-content\/uploads\/2024\/02\/IMG_4396-300x200.jpg 300w, https:\/\/cidadesemfoco.com\/wp-content\/uploads\/2024\/02\/IMG_4396-768x512.jpg 768w, https:\/\/cidadesemfoco.com\/wp-content\/uploads\/2024\/02\/IMG_4396-480x320.jpg 480w, https:\/\/cidadesemfoco.com\/wp-content\/uploads\/2024\/02\/IMG_4396-280x186.jpg 280w, https:\/\/cidadesemfoco.com\/wp-content\/uploads\/2024\/02\/IMG_4396-600x400.jpg 600w, https:\/\/cidadesemfoco.com\/wp-content\/uploads\/2024\/02\/IMG_4396-585x390.jpg 585w\" alt=\"\" width=\"900\" height=\"600\" \/><\/a><\/div>\n<\/figure>\n<figure class=\"gallery-item\">\n<div class=\"gallery-icon portrait\"><a href=\"https:\/\/cidadesemfoco.com\/abertura-da-ii-copa-joao-de-sousa-de-fut7-movimenta-zona-rural-de-simoes-veja-fotos\/img_4397-4\/\"><img loading=\"lazy\" decoding=\"async\" class=\"attachment-full size-full\" src=\"https:\/\/cidadesemfoco.com\/wp-content\/uploads\/2024\/02\/IMG_4397.jpg\" sizes=\"(max-width: 400px) 100vw, 400px\" srcset=\"https:\/\/cidadesemfoco.com\/wp-content\/uploads\/2024\/02\/IMG_4397.jpg 400w, https:\/\/cidadesemfoco.com\/wp-content\/uploads\/2024\/02\/IMG_4397-200x300.jpg 200w, https:\/\/cidadesemfoco.com\/wp-content\/uploads\/2024\/02\/IMG_4397-267x400.jpg 267w\" alt=\"\" width=\"400\" height=\"600\" \/><\/a><\/div>\n<\/figure>\n<figure class=\"gallery-item\">\n<div class=\"gallery-icon landscape\"><a href=\"https:\/\/cidadesemfoco.com\/abertura-da-ii-copa-joao-de-sousa-de-fut7-movimenta-zona-rural-de-simoes-veja-fotos\/img_4398-6\/\"><img loading=\"lazy\" decoding=\"async\" class=\"attachment-full size-full\" src=\"https:\/\/cidadesemfoco.com\/wp-content\/uploads\/2024\/02\/IMG_4398.jpg\" sizes=\"(max-width: 900px) 100vw, 900px\" srcset=\"https:\/\/cidadesemfoco.com\/wp-content\/uploads\/2024\/02\/IMG_4398.jpg 900w, https:\/\/cidadesemfoco.com\/wp-content\/uploads\/2024\/02\/IMG_4398-300x200.jpg 300w, https:\/\/cidadesemfoco.com\/wp-content\/uploads\/2024\/02\/IMG_4398-768x512.jpg 768w, https:\/\/cidadesemfoco.com\/wp-content\/uploads\/2024\/02\/IMG_4398-480x320.jpg 480w, https:\/\/cidadesemfoco.com\/wp-content\/uploads\/2024\/02\/IMG_4398-280x186.jpg 280w, https:\/\/cidadesemfoco.com\/wp-content\/uploads\/2024\/02\/IMG_4398-600x400.jpg 600w, https:\/\/cidadesemfoco.com\/wp-content\/uploads\/2024\/02\/IMG_4398-585x390.jpg 585w\" alt=\"\" width=\"900\" height=\"600\" \/><\/a><\/div>\n<\/figure>\n<figure class=\"gallery-item\">\n<div class=\"gallery-icon landscape\"><a href=\"https:\/\/cidadesemfoco.com\/abertura-da-ii-copa-joao-de-sousa-de-fut7-movimenta-zona-rural-de-simoes-veja-fotos\/img_4399-5\/\"><img loading=\"lazy\" decoding=\"async\" class=\"attachment-full size-full\" src=\"https:\/\/cidadesemfoco.com\/wp-content\/uploads\/2024\/02\/IMG_4399.jpg\" sizes=\"(max-width: 900px) 100vw, 900px\" srcset=\"https:\/\/cidadesemfoco.com\/wp-content\/uploads\/2024\/02\/IMG_4399.jpg 900w, https:\/\/cidadesemfoco.com\/wp-content\/uploads\/2024\/02\/IMG_4399-300x200.jpg 300w, https:\/\/cidadesemfoco.com\/wp-content\/uploads\/2024\/02\/IMG_4399-768x512.jpg 768w, https:\/\/cidadesemfoco.com\/wp-content\/uploads\/2024\/02\/IMG_4399-480x320.jpg 480w, https:\/\/cidadesemfoco.com\/wp-content\/uploads\/2024\/02\/IMG_4399-280x186.jpg 280w, https:\/\/cidadesemfoco.com\/wp-content\/uploads\/2024\/02\/IMG_4399-600x400.jpg 600w, https:\/\/cidadesemfoco.com\/wp-content\/uploads\/2024\/02\/IMG_4399-585x390.jpg 585w\" alt=\"\" width=\"900\" height=\"600\" \/><\/a><\/div>\n<\/figure>\n<figure class=\"gallery-item\">\n<div class=\"gallery-icon landscape\"><a href=\"https:\/\/cidadesemfoco.com\/abertura-da-ii-copa-joao-de-sousa-de-fut7-movimenta-zona-rural-de-simoes-veja-fotos\/img_4402-4\/\"><img loading=\"lazy\" decoding=\"async\" class=\"attachment-full size-full\" src=\"https:\/\/cidadesemfoco.com\/wp-content\/uploads\/2024\/02\/IMG_4402.jpg\" sizes=\"(max-width: 900px) 100vw, 900px\" srcset=\"https:\/\/cidadesemfoco.com\/wp-content\/uploads\/2024\/02\/IMG_4402.jpg 900w, https:\/\/cidadesemfoco.com\/wp-content\/uploads\/2024\/02\/IMG_4402-300x200.jpg 300w, https:\/\/cidadesemfoco.com\/wp-content\/uploads\/2024\/02\/IMG_4402-768x512.jpg 768w, https:\/\/cidadesemfoco.com\/wp-content\/uploads\/2024\/02\/IMG_4402-480x320.jpg 480w, https:\/\/cidadesemfoco.com\/wp-content\/uploads\/2024\/02\/IMG_4402-280x186.jpg 280w, https:\/\/cidadesemfoco.com\/wp-content\/uploads\/2024\/02\/IMG_4402-600x400.jpg 600w, https:\/\/cidadesemfoco.com\/wp-content\/uploads\/2024\/02\/IMG_4402-585x390.jpg 585w\" alt=\"\" width=\"900\" height=\"600\" \/><\/a><\/div>\n<\/figure>\n<figure class=\"gallery-item\">\n<div class=\"gallery-icon landscape\"><a href=\"https:\/\/cidadesemfoco.com\/abertura-da-ii-copa-joao-de-sousa-de-fut7-movimenta-zona-rural-de-simoes-veja-fotos\/img_4404-5\/\"><img loading=\"lazy\" decoding=\"async\" class=\"attachment-full size-full\" src=\"https:\/\/cidadesemfoco.com\/wp-content\/uploads\/2024\/02\/IMG_4404.jpg\" sizes=\"(max-width: 900px) 100vw, 900px\" srcset=\"https:\/\/cidadesemfoco.com\/wp-content\/uploads\/2024\/02\/IMG_4404.jpg 900w, https:\/\/cidadesemfoco.com\/wp-content\/uploads\/2024\/02\/IMG_4404-300x200.jpg 300w, https:\/\/cidadesemfoco.com\/wp-content\/uploads\/2024\/02\/IMG_4404-768x512.jpg 768w, https:\/\/cidadesemfoco.com\/wp-content\/uploads\/2024\/02\/IMG_4404-480x320.jpg 480w, https:\/\/cidadesemfoco.com\/wp-content\/uploads\/2024\/02\/IMG_4404-280x186.jpg 280w, https:\/\/cidadesemfoco.com\/wp-content\/uploads\/2024\/02\/IMG_4404-600x400.jpg 600w, https:\/\/cidadesemfoco.com\/wp-content\/uploads\/2024\/02\/IMG_4404-585x390.jpg 585w\" alt=\"\" width=\"900\" height=\"600\" \/><\/a><\/div>\n<\/figure>\n<figure class=\"gallery-item\">\n<div class=\"gallery-icon landscape\"><a href=\"https:\/\/cidadesemfoco.com\/abertura-da-ii-copa-joao-de-sousa-de-fut7-movimenta-zona-rural-de-simoes-veja-fotos\/img_4407-5\/\"><img loading=\"lazy\" decoding=\"async\" class=\"attachment-full size-full\" src=\"https:\/\/cidadesemfoco.com\/wp-content\/uploads\/2024\/02\/IMG_4407.jpg\" sizes=\"(max-width: 900px) 100vw, 900px\" srcset=\"https:\/\/cidadesemfoco.com\/wp-content\/uploads\/2024\/02\/IMG_4407.jpg 900w, https:\/\/cidadesemfoco.com\/wp-content\/uploads\/2024\/02\/IMG_4407-300x200.jpg 300w, https:\/\/cidadesemfoco.com\/wp-content\/uploads\/2024\/02\/IMG_4407-768x512.jpg 768w, https:\/\/cidadesemfoco.com\/wp-content\/uploads\/2024\/02\/IMG_4407-480x320.jpg 480w, https:\/\/cidadesemfoco.com\/wp-content\/uploads\/2024\/02\/IMG_4407-280x186.jpg 280w, https:\/\/cidadesemfoco.com\/wp-content\/uploads\/2024\/02\/IMG_4407-600x400.jpg 600w, https:\/\/cidadesemfoco.com\/wp-content\/uploads\/2024\/02\/IMG_4407-585x390.jpg 585w\" alt=\"\" width=\"900\" height=\"600\" \/><\/a><\/div>\n<\/figure>\n<figure class=\"gallery-item\">\n<div class=\"gallery-icon landscape\"><a href=\"https:\/\/cidadesemfoco.com\/abertura-da-ii-copa-joao-de-sousa-de-fut7-movimenta-zona-rural-de-simoes-veja-fotos\/img_4409-7\/\"><img loading=\"lazy\" decoding=\"async\" class=\"attachment-full size-full\" src=\"https:\/\/cidadesemfoco.com\/wp-content\/uploads\/2024\/02\/IMG_4409.jpg\" sizes=\"(max-width: 900px) 100vw, 900px\" srcset=\"https:\/\/cidadesemfoco.com\/wp-content\/uploads\/2024\/02\/IMG_4409.jpg 900w, https:\/\/cidadesemfoco.com\/wp-content\/uploads\/2024\/02\/IMG_4409-300x200.jpg 300w, https:\/\/cidadesemfoco.com\/wp-content\/uploads\/2024\/02\/IMG_4409-768x512.jpg 768w, https:\/\/cidadesemfoco.com\/wp-content\/uploads\/2024\/02\/IMG_4409-480x320.jpg 480w, https:\/\/cidadesemfoco.com\/wp-content\/uploads\/2024\/02\/IMG_4409-280x186.jpg 280w, https:\/\/cidadesemfoco.com\/wp-content\/uploads\/2024\/02\/IMG_4409-600x400.jpg 600w, https:\/\/cidadesemfoco.com\/wp-content\/uploads\/2024\/02\/IMG_4409-585x390.jpg 585w\" alt=\"\" width=\"900\" height=\"600\" \/><\/a><\/div>\n<\/figure>\n<figure class=\"gallery-item\">\n<div class=\"gallery-icon landscape\"><a href=\"https:\/\/cidadesemfoco.com\/abertura-da-ii-copa-joao-de-sousa-de-fut7-movimenta-zona-rural-de-simoes-veja-fotos\/img_4410-5\/\"><img loading=\"lazy\" decoding=\"async\" class=\"attachment-full size-full\" src=\"https:\/\/cidadesemfoco.com\/wp-content\/uploads\/2024\/02\/IMG_4410.jpg\" sizes=\"(max-width: 900px) 100vw, 900px\" srcset=\"https:\/\/cidadesemfoco.com\/wp-content\/uploads\/2024\/02\/IMG_4410.jpg 900w, https:\/\/cidadesemfoco.com\/wp-content\/uploads\/2024\/02\/IMG_4410-300x200.jpg 300w, https:\/\/cidadesemfoco.com\/wp-content\/uploads\/2024\/02\/IMG_4410-768x512.jpg 768w, https:\/\/cidadesemfoco.com\/wp-content\/uploads\/2024\/02\/IMG_4410-480x320.jpg 480w, https:\/\/cidadesemfoco.com\/wp-content\/uploads\/2024\/02\/IMG_4410-280x186.jpg 280w, https:\/\/cidadesemfoco.com\/wp-content\/uploads\/2024\/02\/IMG_4410-600x400.jpg 600w, https:\/\/cidadesemfoco.com\/wp-content\/uploads\/2024\/02\/IMG_4410-585x390.jpg 585w\" alt=\"\" width=\"900\" height=\"600\" \/><\/a><\/div>\n<\/figure>\n<figure class=\"gallery-item\">\n<div class=\"gallery-icon landscape\"><a href=\"https:\/\/cidadesemfoco.com\/abertura-da-ii-copa-joao-de-sousa-de-fut7-movimenta-zona-rural-de-simoes-veja-fotos\/img_4413-6\/\"><img loading=\"lazy\" decoding=\"async\" class=\"attachment-full size-full\" src=\"https:\/\/cidadesemfoco.com\/wp-content\/uploads\/2024\/02\/IMG_4413.jpg\" sizes=\"(max-width: 900px) 100vw, 900px\" srcset=\"https:\/\/cidadesemfoco.com\/wp-content\/uploads\/2024\/02\/IMG_4413.jpg 900w, https:\/\/cidadesemfoco.com\/wp-content\/uploads\/2024\/02\/IMG_4413-300x200.jpg 300w, https:\/\/cidadesemfoco.com\/wp-content\/uploads\/2024\/02\/IMG_4413-768x512.jpg 768w, https:\/\/cidadesemfoco.com\/wp-content\/uploads\/2024\/02\/IMG_4413-480x320.jpg 480w, https:\/\/cidadesemfoco.com\/wp-content\/uploads\/2024\/02\/IMG_4413-280x186.jpg 280w, https:\/\/cidadesemfoco.com\/wp-content\/uploads\/2024\/02\/IMG_4413-600x400.jpg 600w, https:\/\/cidadesemfoco.com\/wp-content\/uploads\/2024\/02\/IMG_4413-585x390.jpg 585w\" alt=\"\" width=\"900\" height=\"600\" \/><\/a><\/div>\n<\/figure>\n<figure class=\"gallery-item\">\n<div class=\"gallery-icon landscape\"><a href=\"https:\/\/cidadesemfoco.com\/abertura-da-ii-copa-joao-de-sousa-de-fut7-movimenta-zona-rural-de-simoes-veja-fotos\/img_4418-6\/\"><img loading=\"lazy\" decoding=\"async\" class=\"attachment-full size-full\" src=\"https:\/\/cidadesemfoco.com\/wp-content\/uploads\/2024\/02\/IMG_4418.jpg\" sizes=\"(max-width: 900px) 100vw, 900px\" srcset=\"https:\/\/cidadesemfoco.com\/wp-content\/uploads\/2024\/02\/IMG_4418.jpg 900w, https:\/\/cidadesemfoco.com\/wp-content\/uploads\/2024\/02\/IMG_4418-300x200.jpg 300w, https:\/\/cidadesemfoco.com\/wp-content\/uploads\/2024\/02\/IMG_4418-768x512.jpg 768w, https:\/\/cidadesemfoco.com\/wp-content\/uploads\/2024\/02\/IMG_4418-480x320.jpg 480w, https:\/\/cidadesemfoco.com\/wp-content\/uploads\/2024\/02\/IMG_4418-280x186.jpg 280w, https:\/\/cidadesemfoco.com\/wp-content\/uploads\/2024\/02\/IMG_4418-600x400.jpg 600w, https:\/\/cidadesemfoco.com\/wp-content\/uploads\/2024\/02\/IMG_4418-585x390.jpg 585w\" alt=\"\" width=\"900\" height=\"600\" \/><\/a><\/div>\n<\/figure>\n<figure class=\"gallery-item\">\n<div class=\"gallery-icon landscape\"><a href=\"https:\/\/cidadesemfoco.com\/abertura-da-ii-copa-joao-de-sousa-de-fut7-movimenta-zona-rural-de-simoes-veja-fotos\/img_4419-6\/\"><img loading=\"lazy\" decoding=\"async\" class=\"attachment-full size-full\" src=\"https:\/\/cidadesemfoco.com\/wp-content\/uploads\/2024\/02\/IMG_4419.jpg\" sizes=\"(max-width: 900px) 100vw, 900px\" srcset=\"https:\/\/cidadesemfoco.com\/wp-content\/uploads\/2024\/02\/IMG_4419.jpg 900w, https:\/\/cidadesemfoco.com\/wp-content\/uploads\/2024\/02\/IMG_4419-300x200.jpg 300w, https:\/\/cidadesemfoco.com\/wp-content\/uploads\/2024\/02\/IMG_4419-768x512.jpg 768w, https:\/\/cidadesemfoco.com\/wp-content\/uploads\/2024\/02\/IMG_4419-480x320.jpg 480w, https:\/\/cidadesemfoco.com\/wp-content\/uploads\/2024\/02\/IMG_4419-280x186.jpg 280w, https:\/\/cidadesemfoco.com\/wp-content\/uploads\/2024\/02\/IMG_4419-600x400.jpg 600w, https:\/\/cidadesemfoco.com\/wp-content\/uploads\/2024\/02\/IMG_4419-585x390.jpg 585w\" alt=\"\" width=\"900\" height=\"600\" \/><\/a><\/div>\n<\/figure>\n<figure class=\"gallery-item\">\n<div class=\"gallery-icon landscape\"><a href=\"https:\/\/cidadesemfoco.com\/abertura-da-ii-copa-joao-de-sousa-de-fut7-movimenta-zona-rural-de-simoes-veja-fotos\/img_4421-6\/\"><img loading=\"lazy\" decoding=\"async\" class=\"attachment-full size-full\" src=\"https:\/\/cidadesemfoco.com\/wp-content\/uploads\/2024\/02\/IMG_4421.jpg\" sizes=\"(max-width: 900px) 100vw, 900px\" srcset=\"https:\/\/cidadesemfoco.com\/wp-content\/uploads\/2024\/02\/IMG_4421.jpg 900w, https:\/\/cidadesemfoco.com\/wp-content\/uploads\/2024\/02\/IMG_4421-300x200.jpg 300w, https:\/\/cidadesemfoco.com\/wp-content\/uploads\/2024\/02\/IMG_4421-768x512.jpg 768w, https:\/\/cidadesemfoco.com\/wp-content\/uploads\/2024\/02\/IMG_4421-480x320.jpg 480w, https:\/\/cidadesemfoco.com\/wp-content\/uploads\/2024\/02\/IMG_4421-280x186.jpg 280w, https:\/\/cidadesemfoco.com\/wp-content\/uploads\/2024\/02\/IMG_4421-600x400.jpg 600w, https:\/\/cidadesemfoco.com\/wp-content\/uploads\/2024\/02\/IMG_4421-585x390.jpg 585w\" alt=\"\" width=\"900\" height=\"600\" \/><\/a><\/div>\n<\/figure>\n<figure class=\"gallery-item\">\n<div class=\"gallery-icon landscape\"><a href=\"https:\/\/cidadesemfoco.com\/abertura-da-ii-copa-joao-de-sousa-de-fut7-movimenta-zona-rural-de-simoes-veja-fotos\/img_4423-4\/\"><img loading=\"lazy\" decoding=\"async\" class=\"attachment-full size-full\" src=\"https:\/\/cidadesemfoco.com\/wp-content\/uploads\/2024\/02\/IMG_4423.jpg\" sizes=\"(max-width: 900px) 100vw, 900px\" srcset=\"https:\/\/cidadesemfoco.com\/wp-content\/uploads\/2024\/02\/IMG_4423.jpg 900w, https:\/\/cidadesemfoco.com\/wp-content\/uploads\/2024\/02\/IMG_4423-300x200.jpg 300w, https:\/\/cidadesemfoco.com\/wp-content\/uploads\/2024\/02\/IMG_4423-768x512.jpg 768w, https:\/\/cidadesemfoco.com\/wp-content\/uploads\/2024\/02\/IMG_4423-480x320.jpg 480w, https:\/\/cidadesemfoco.com\/wp-content\/uploads\/2024\/02\/IMG_4423-280x186.jpg 280w, https:\/\/cidadesemfoco.com\/wp-content\/uploads\/2024\/02\/IMG_4423-600x400.jpg 600w, https:\/\/cidadesemfoco.com\/wp-content\/uploads\/2024\/02\/IMG_4423-585x390.jpg 585w\" alt=\"\" width=\"900\" height=\"600\" \/><\/a><\/div>\n<\/figure>\n<figure class=\"gallery-item\">\n<div class=\"gallery-icon landscape\"><a href=\"https:\/\/cidadesemfoco.com\/abertura-da-ii-copa-joao-de-sousa-de-fut7-movimenta-zona-rural-de-simoes-veja-fotos\/img_4424-7\/\"><img loading=\"lazy\" decoding=\"async\" class=\"attachment-full size-full\" src=\"https:\/\/cidadesemfoco.com\/wp-content\/uploads\/2024\/02\/IMG_4424.jpg\" sizes=\"(max-width: 900px) 100vw, 900px\" srcset=\"https:\/\/cidadesemfoco.com\/wp-content\/uploads\/2024\/02\/IMG_4424.jpg 900w, https:\/\/cidadesemfoco.com\/wp-content\/uploads\/2024\/02\/IMG_4424-300x200.jpg 300w, https:\/\/cidadesemfoco.com\/wp-content\/uploads\/2024\/02\/IMG_4424-768x512.jpg 768w, https:\/\/cidadesemfoco.com\/wp-content\/uploads\/2024\/02\/IMG_4424-480x320.jpg 480w, https:\/\/cidadesemfoco.com\/wp-content\/uploads\/2024\/02\/IMG_4424-280x186.jpg 280w, https:\/\/cidadesemfoco.com\/wp-content\/uploads\/2024\/02\/IMG_4424-600x400.jpg 600w, https:\/\/cidadesemfoco.com\/wp-content\/uploads\/2024\/02\/IMG_4424-585x390.jpg 585w\" alt=\"\" width=\"900\" height=\"600\" \/><\/a><\/div>\n<\/figure>\n<figure class=\"gallery-item\">\n<div class=\"gallery-icon portrait\"><a href=\"https:\/\/cidadesemfoco.com\/abertura-da-ii-copa-joao-de-sousa-de-fut7-movimenta-zona-rural-de-simoes-veja-fotos\/img_4425-6\/\"><img loading=\"lazy\" decoding=\"async\" class=\"attachment-full size-full\" src=\"https:\/\/cidadesemfoco.com\/wp-content\/uploads\/2024\/02\/IMG_4425.jpg\" sizes=\"(max-width: 400px) 100vw, 400px\" srcset=\"https:\/\/cidadesemfoco.com\/wp-content\/uploads\/2024\/02\/IMG_4425.jpg 400w, https:\/\/cidadesemfoco.com\/wp-content\/uploads\/2024\/02\/IMG_4425-200x300.jpg 200w, https:\/\/cidadesemfoco.com\/wp-content\/uploads\/2024\/02\/IMG_4425-267x400.jpg 267w\" alt=\"\" width=\"400\" height=\"600\" \/><\/a><\/div>\n<\/figure>\n<figure class=\"gallery-item\">\n<div class=\"gallery-icon landscape\"><a href=\"https:\/\/cidadesemfoco.com\/abertura-da-ii-copa-joao-de-sousa-de-fut7-movimenta-zona-rural-de-simoes-veja-fotos\/img_4426-5\/\"><img loading=\"lazy\" decoding=\"async\" class=\"attachment-full size-full\" src=\"https:\/\/cidadesemfoco.com\/wp-content\/uploads\/2024\/02\/IMG_4426.jpg\" sizes=\"(max-width: 900px) 100vw, 900px\" srcset=\"https:\/\/cidadesemfoco.com\/wp-content\/uploads\/2024\/02\/IMG_4426.jpg 900w, https:\/\/cidadesemfoco.com\/wp-content\/uploads\/2024\/02\/IMG_4426-300x200.jpg 300w, https:\/\/cidadesemfoco.com\/wp-content\/uploads\/2024\/02\/IMG_4426-768x512.jpg 768w, https:\/\/cidadesemfoco.com\/wp-content\/uploads\/2024\/02\/IMG_4426-480x320.jpg 480w, https:\/\/cidadesemfoco.com\/wp-content\/uploads\/2024\/02\/IMG_4426-280x186.jpg 280w, https:\/\/cidadesemfoco.com\/wp-content\/uploads\/2024\/02\/IMG_4426-600x400.jpg 600w, https:\/\/cidadesemfoco.com\/wp-content\/uploads\/2024\/02\/IMG_4426-585x390.jpg 585w\" alt=\"\" width=\"900\" height=\"600\" \/><\/a><\/div>\n<\/figure>\n<figure class=\"gallery-item\">\n<div class=\"gallery-icon landscape\"><a href=\"https:\/\/cidadesemfoco.com\/abertura-da-ii-copa-joao-de-sousa-de-fut7-movimenta-zona-rural-de-simoes-veja-fotos\/img_4428-6\/\"><img loading=\"lazy\" decoding=\"async\" class=\"attachment-full size-full\" src=\"https:\/\/cidadesemfoco.com\/wp-content\/uploads\/2024\/02\/IMG_4428.jpg\" sizes=\"(max-width: 900px) 100vw, 900px\" srcset=\"https:\/\/cidadesemfoco.com\/wp-content\/uploads\/2024\/02\/IMG_4428.jpg 900w, https:\/\/cidadesemfoco.com\/wp-content\/uploads\/2024\/02\/IMG_4428-300x200.jpg 300w, https:\/\/cidadesemfoco.com\/wp-content\/uploads\/2024\/02\/IMG_4428-768x512.jpg 768w, https:\/\/cidadesemfoco.com\/wp-content\/uploads\/2024\/02\/IMG_4428-480x320.jpg 480w, https:\/\/cidadesemfoco.com\/wp-content\/uploads\/2024\/02\/IMG_4428-280x186.jpg 280w, https:\/\/cidadesemfoco.com\/wp-content\/uploads\/2024\/02\/IMG_4428-600x400.jpg 600w, https:\/\/cidadesemfoco.com\/wp-content\/uploads\/2024\/02\/IMG_4428-585x390.jpg 585w\" alt=\"\" width=\"900\" height=\"600\" \/><\/a><\/div>\n<\/figure>\n<figure class=\"gallery-item\">\n<div class=\"gallery-icon landscape\"><a href=\"https:\/\/cidadesemfoco.com\/abertura-da-ii-copa-joao-de-sousa-de-fut7-movimenta-zona-rural-de-simoes-veja-fotos\/img_4430-8\/\"><img loading=\"lazy\" decoding=\"async\" class=\"attachment-full size-full\" src=\"https:\/\/cidadesemfoco.com\/wp-content\/uploads\/2024\/02\/IMG_4430.jpg\" sizes=\"(max-width: 900px) 100vw, 900px\" srcset=\"https:\/\/cidadesemfoco.com\/wp-content\/uploads\/2024\/02\/IMG_4430.jpg 900w, https:\/\/cidadesemfoco.com\/wp-content\/uploads\/2024\/02\/IMG_4430-300x200.jpg 300w, https:\/\/cidadesemfoco.com\/wp-content\/uploads\/2024\/02\/IMG_4430-768x512.jpg 768w, https:\/\/cidadesemfoco.com\/wp-content\/uploads\/2024\/02\/IMG_4430-480x320.jpg 480w, https:\/\/cidadesemfoco.com\/wp-content\/uploads\/2024\/02\/IMG_4430-280x186.jpg 280w, https:\/\/cidadesemfoco.com\/wp-content\/uploads\/2024\/02\/IMG_4430-600x400.jpg 600w, https:\/\/cidadesemfoco.com\/wp-content\/uploads\/2024\/02\/IMG_4430-585x390.jpg 585w\" alt=\"\" width=\"900\" height=\"600\" \/><\/a><\/div>\n<\/figure>\n<figure class=\"gallery-item\">\n<div class=\"gallery-icon landscape\"><a href=\"https:\/\/cidadesemfoco.com\/abertura-da-ii-copa-joao-de-sousa-de-fut7-movimenta-zona-rural-de-simoes-veja-fotos\/img_4431-6\/\"><img loading=\"lazy\" decoding=\"async\" class=\"attachment-full size-full\" src=\"https:\/\/cidadesemfoco.com\/wp-content\/uploads\/2024\/02\/IMG_4431.jpg\" sizes=\"(max-width: 900px) 100vw, 900px\" srcset=\"https:\/\/cidadesemfoco.com\/wp-content\/uploads\/2024\/02\/IMG_4431.jpg 900w, https:\/\/cidadesemfoco.com\/wp-content\/uploads\/2024\/02\/IMG_4431-300x200.jpg 300w, https:\/\/cidadesemfoco.com\/wp-content\/uploads\/2024\/02\/IMG_4431-768x512.jpg 768w, https:\/\/cidadesemfoco.com\/wp-content\/uploads\/2024\/02\/IMG_4431-480x320.jpg 480w, https:\/\/cidadesemfoco.com\/wp-content\/uploads\/2024\/02\/IMG_4431-280x186.jpg 280w, https:\/\/cidadesemfoco.com\/wp-content\/uploads\/2024\/02\/IMG_4431-600x400.jpg 600w, https:\/\/cidadesemfoco.com\/wp-content\/uploads\/2024\/02\/IMG_4431-585x390.jpg 585w\" alt=\"\" width=\"900\" height=\"600\" \/><\/a><\/div>\n<\/figure>\n<figure class=\"gallery-item\">\n<div class=\"gallery-icon landscape\"><a href=\"https:\/\/cidadesemfoco.com\/abertura-da-ii-copa-joao-de-sousa-de-fut7-movimenta-zona-rural-de-simoes-veja-fotos\/img_4434-6\/\"><img loading=\"lazy\" decoding=\"async\" class=\"attachment-full size-full\" src=\"https:\/\/cidadesemfoco.com\/wp-content\/uploads\/2024\/02\/IMG_4434.jpg\" sizes=\"(max-width: 900px) 100vw, 900px\" srcset=\"https:\/\/cidadesemfoco.com\/wp-content\/uploads\/2024\/02\/IMG_4434.jpg 900w, https:\/\/cidadesemfoco.com\/wp-content\/uploads\/2024\/02\/IMG_4434-300x200.jpg 300w, https:\/\/cidadesemfoco.com\/wp-content\/uploads\/2024\/02\/IMG_4434-768x512.jpg 768w, https:\/\/cidadesemfoco.com\/wp-content\/uploads\/2024\/02\/IMG_4434-480x320.jpg 480w, https:\/\/cidadesemfoco.com\/wp-content\/uploads\/2024\/02\/IMG_4434-280x186.jpg 280w, https:\/\/cidadesemfoco.com\/wp-content\/uploads\/2024\/02\/IMG_4434-600x400.jpg 600w, https:\/\/cidadesemfoco.com\/wp-content\/uploads\/2024\/02\/IMG_4434-585x390.jpg 585w\" alt=\"\" width=\"900\" height=\"600\" \/><\/a><\/div>\n<\/figure>\n<figure class=\"gallery-item\">\n<div class=\"gallery-icon landscape\"><a href=\"https:\/\/cidadesemfoco.com\/abertura-da-ii-copa-joao-de-sousa-de-fut7-movimenta-zona-rural-de-simoes-veja-fotos\/img_4435-7\/\"><img loading=\"lazy\" decoding=\"async\" class=\"attachment-full size-full\" src=\"https:\/\/cidadesemfoco.com\/wp-content\/uploads\/2024\/02\/IMG_4435.jpg\" sizes=\"(max-width: 900px) 100vw, 900px\" srcset=\"https:\/\/cidadesemfoco.com\/wp-content\/uploads\/2024\/02\/IMG_4435.jpg 900w, https:\/\/cidadesemfoco.com\/wp-content\/uploads\/2024\/02\/IMG_4435-300x200.jpg 300w, https:\/\/cidadesemfoco.com\/wp-content\/uploads\/2024\/02\/IMG_4435-768x512.jpg 768w, https:\/\/cidadesemfoco.com\/wp-content\/uploads\/2024\/02\/IMG_4435-480x320.jpg 480w, https:\/\/cidadesemfoco.com\/wp-content\/uploads\/2024\/02\/IMG_4435-280x186.jpg 280w, https:\/\/cidadesemfoco.com\/wp-content\/uploads\/2024\/02\/IMG_4435-600x400.jpg 600w, https:\/\/cidadesemfoco.com\/wp-content\/uploads\/2024\/02\/IMG_4435-585x390.jpg 585w\" alt=\"\" width=\"900\" height=\"600\" \/><\/a><\/div>\n<\/figure>\n<figure class=\"gallery-item\">\n<div class=\"gallery-icon landscape\"><a href=\"https:\/\/cidadesemfoco.com\/abertura-da-ii-copa-joao-de-sousa-de-fut7-movimenta-zona-rural-de-simoes-veja-fotos\/img_4437-7\/\"><img loading=\"lazy\" decoding=\"async\" class=\"attachment-full size-full\" src=\"https:\/\/cidadesemfoco.com\/wp-content\/uploads\/2024\/02\/IMG_4437.jpg\" sizes=\"(max-width: 900px) 100vw, 900px\" srcset=\"https:\/\/cidadesemfoco.com\/wp-content\/uploads\/2024\/02\/IMG_4437.jpg 900w, https:\/\/cidadesemfoco.com\/wp-content\/uploads\/2024\/02\/IMG_4437-300x200.jpg 300w, https:\/\/cidadesemfoco.com\/wp-content\/uploads\/2024\/02\/IMG_4437-768x512.jpg 768w, https:\/\/cidadesemfoco.com\/wp-content\/uploads\/2024\/02\/IMG_4437-480x320.jpg 480w, https:\/\/cidadesemfoco.com\/wp-content\/uploads\/2024\/02\/IMG_4437-280x186.jpg 280w, https:\/\/cidadesemfoco.com\/wp-content\/uploads\/2024\/02\/IMG_4437-600x400.jpg 600w, https:\/\/cidadesemfoco.com\/wp-content\/uploads\/2024\/02\/IMG_4437-585x390.jpg 585w\" alt=\"\" width=\"900\" height=\"600\" \/><\/a><\/div>\n<\/figure>\n<figure class=\"gallery-item\">\n<div class=\"gallery-icon landscape\"><a href=\"https:\/\/cidadesemfoco.com\/abertura-da-ii-copa-joao-de-sousa-de-fut7-movimenta-zona-rural-de-simoes-veja-fotos\/img_4439-7\/\"><img loading=\"lazy\" decoding=\"async\" class=\"attachment-full size-full\" src=\"https:\/\/cidadesemfoco.com\/wp-content\/uploads\/2024\/02\/IMG_4439.jpg\" sizes=\"(max-width: 900px) 100vw, 900px\" srcset=\"https:\/\/cidadesemfoco.com\/wp-content\/uploads\/2024\/02\/IMG_4439.jpg 900w, https:\/\/cidadesemfoco.com\/wp-content\/uploads\/2024\/02\/IMG_4439-300x200.jpg 300w, https:\/\/cidadesemfoco.com\/wp-content\/uploads\/2024\/02\/IMG_4439-768x512.jpg 768w, https:\/\/cidadesemfoco.com\/wp-content\/uploads\/2024\/02\/IMG_4439-480x320.jpg 480w, https:\/\/cidadesemfoco.com\/wp-content\/uploads\/2024\/02\/IMG_4439-280x186.jpg 280w, https:\/\/cidadesemfoco.com\/wp-content\/uploads\/2024\/02\/IMG_4439-600x400.jpg 600w, https:\/\/cidadesemfoco.com\/wp-content\/uploads\/2024\/02\/IMG_4439-585x390.jpg 585w\" alt=\"\" width=\"900\" height=\"600\" \/><\/a><\/div>\n<\/figure>\n<figure class=\"gallery-item\">\n<div class=\"gallery-icon landscape\"><a href=\"https:\/\/cidadesemfoco.com\/abertura-da-ii-copa-joao-de-sousa-de-fut7-movimenta-zona-rural-de-simoes-veja-fotos\/img_4441-7\/\"><img loading=\"lazy\" decoding=\"async\" class=\"attachment-full size-full\" src=\"https:\/\/cidadesemfoco.com\/wp-content\/uploads\/2024\/02\/IMG_4441.jpg\" sizes=\"(max-width: 900px) 100vw, 900px\" srcset=\"https:\/\/cidadesemfoco.com\/wp-content\/uploads\/2024\/02\/IMG_4441.jpg 900w, https:\/\/cidadesemfoco.com\/wp-content\/uploads\/2024\/02\/IMG_4441-300x200.jpg 300w, https:\/\/cidadesemfoco.com\/wp-content\/uploads\/2024\/02\/IMG_4441-768x512.jpg 768w, https:\/\/cidadesemfoco.com\/wp-content\/uploads\/2024\/02\/IMG_4441-480x320.jpg 480w, https:\/\/cidadesemfoco.com\/wp-content\/uploads\/2024\/02\/IMG_4441-280x186.jpg 280w, https:\/\/cidadesemfoco.com\/wp-content\/uploads\/2024\/02\/IMG_4441-600x400.jpg 600w, https:\/\/cidadesemfoco.com\/wp-content\/uploads\/2024\/02\/IMG_4441-585x390.jpg 585w\" alt=\"\" width=\"900\" height=\"600\" \/><\/a><\/div>\n<\/figure>\n<figure class=\"gallery-item\">\n<div class=\"gallery-icon landscape\"><a href=\"https:\/\/cidadesemfoco.com\/abertura-da-ii-copa-joao-de-sousa-de-fut7-movimenta-zona-rural-de-simoes-veja-fotos\/img_4443-5\/\"><img loading=\"lazy\" decoding=\"async\" class=\"attachment-full size-full\" src=\"https:\/\/cidadesemfoco.com\/wp-content\/uploads\/2024\/02\/IMG_4443.jpg\" sizes=\"(max-width: 900px) 100vw, 900px\" srcset=\"https:\/\/cidadesemfoco.com\/wp-content\/uploads\/2024\/02\/IMG_4443.jpg 900w, https:\/\/cidadesemfoco.com\/wp-content\/uploads\/2024\/02\/IMG_4443-300x200.jpg 300w, https:\/\/cidadesemfoco.com\/wp-content\/uploads\/2024\/02\/IMG_4443-768x512.jpg 768w, https:\/\/cidadesemfoco.com\/wp-content\/uploads\/2024\/02\/IMG_4443-480x320.jpg 480w, https:\/\/cidadesemfoco.com\/wp-content\/uploads\/2024\/02\/IMG_4443-280x186.jpg 280w, https:\/\/cidadesemfoco.com\/wp-content\/uploads\/2024\/02\/IMG_4443-600x400.jpg 600w, https:\/\/cidadesemfoco.com\/wp-content\/uploads\/2024\/02\/IMG_4443-585x390.jpg 585w\" alt=\"\" width=\"900\" height=\"600\" \/><\/a><\/div>\n<\/figure>\n<figure class=\"gallery-item\">\n<div class=\"gallery-icon landscape\"><a href=\"https:\/\/cidadesemfoco.com\/abertura-da-ii-copa-joao-de-sousa-de-fut7-movimenta-zona-rural-de-simoes-veja-fotos\/img_4444-6\/\"><img loading=\"lazy\" decoding=\"async\" class=\"attachment-full size-full\" src=\"https:\/\/cidadesemfoco.com\/wp-content\/uploads\/2024\/02\/IMG_4444.jpg\" sizes=\"(max-width: 900px) 100vw, 900px\" srcset=\"https:\/\/cidadesemfoco.com\/wp-content\/uploads\/2024\/02\/IMG_4444.jpg 900w, https:\/\/cidadesemfoco.com\/wp-content\/uploads\/2024\/02\/IMG_4444-300x200.jpg 300w, https:\/\/cidadesemfoco.com\/wp-content\/uploads\/2024\/02\/IMG_4444-768x512.jpg 768w, https:\/\/cidadesemfoco.com\/wp-content\/uploads\/2024\/02\/IMG_4444-480x320.jpg 480w, https:\/\/cidadesemfoco.com\/wp-content\/uploads\/2024\/02\/IMG_4444-280x186.jpg 280w, https:\/\/cidadesemfoco.com\/wp-content\/uploads\/2024\/02\/IMG_4444-600x400.jpg 600w, https:\/\/cidadesemfoco.com\/wp-content\/uploads\/2024\/02\/IMG_4444-585x390.jpg 585w\" alt=\"\" width=\"900\" height=\"600\" \/><\/a><\/div>\n<\/figure>\n<figure class=\"gallery-item\">\n<div class=\"gallery-icon landscape\"><a href=\"https:\/\/cidadesemfoco.com\/abertura-da-ii-copa-joao-de-sousa-de-fut7-movimenta-zona-rural-de-simoes-veja-fotos\/img_4447-6\/\"><img loading=\"lazy\" decoding=\"async\" class=\"attachment-full size-full\" src=\"https:\/\/cidadesemfoco.com\/wp-content\/uploads\/2024\/02\/IMG_4447.jpg\" sizes=\"(max-width: 900px) 100vw, 900px\" srcset=\"https:\/\/cidadesemfoco.com\/wp-content\/uploads\/2024\/02\/IMG_4447.jpg 900w, https:\/\/cidadesemfoco.com\/wp-content\/uploads\/2024\/02\/IMG_4447-300x200.jpg 300w, https:\/\/cidadesemfoco.com\/wp-content\/uploads\/2024\/02\/IMG_4447-768x512.jpg 768w, https:\/\/cidadesemfoco.com\/wp-content\/uploads\/2024\/02\/IMG_4447-480x320.jpg 480w, https:\/\/cidadesemfoco.com\/wp-content\/uploads\/2024\/02\/IMG_4447-280x186.jpg 280w, https:\/\/cidadesemfoco.com\/wp-content\/uploads\/2024\/02\/IMG_4447-600x400.jpg 600w, https:\/\/cidadesemfoco.com\/wp-content\/uploads\/2024\/02\/IMG_4447-585x390.jpg 585w\" alt=\"\" width=\"900\" height=\"600\" \/><\/a><\/div>\n<\/figure>\n<figure class=\"gallery-item\">\n<div class=\"gallery-icon landscape\"><a href=\"https:\/\/cidadesemfoco.com\/abertura-da-ii-copa-joao-de-sousa-de-fut7-movimenta-zona-rural-de-simoes-veja-fotos\/img_4449-6\/\"><img loading=\"lazy\" decoding=\"async\" class=\"attachment-full size-full\" src=\"https:\/\/cidadesemfoco.com\/wp-content\/uploads\/2024\/02\/IMG_4449.jpg\" sizes=\"(max-width: 900px) 100vw, 900px\" srcset=\"https:\/\/cidadesemfoco.com\/wp-content\/uploads\/2024\/02\/IMG_4449.jpg 900w, https:\/\/cidadesemfoco.com\/wp-content\/uploads\/2024\/02\/IMG_4449-300x200.jpg 300w, https:\/\/cidadesemfoco.com\/wp-content\/uploads\/2024\/02\/IMG_4449-768x512.jpg 768w, https:\/\/cidadesemfoco.com\/wp-content\/uploads\/2024\/02\/IMG_4449-480x320.jpg 480w, https:\/\/cidadesemfoco.com\/wp-content\/uploads\/2024\/02\/IMG_4449-280x186.jpg 280w, https:\/\/cidadesemfoco.com\/wp-content\/uploads\/2024\/02\/IMG_4449-600x400.jpg 600w, https:\/\/cidadesemfoco.com\/wp-content\/uploads\/2024\/02\/IMG_4449-585x390.jpg 585w\" alt=\"\" width=\"900\" height=\"600\" \/><\/a><\/div>\n<\/figure>\n<figure class=\"gallery-item\">\n<div class=\"gallery-icon landscape\"><a href=\"https:\/\/cidadesemfoco.com\/abertura-da-ii-copa-joao-de-sousa-de-fut7-movimenta-zona-rural-de-simoes-veja-fotos\/img_4450-4\/\"><img loading=\"lazy\" decoding=\"async\" class=\"attachment-full size-full\" src=\"https:\/\/cidadesemfoco.com\/wp-content\/uploads\/2024\/02\/IMG_4450.jpg\" sizes=\"(max-width: 900px) 100vw, 900px\" srcset=\"https:\/\/cidadesemfoco.com\/wp-content\/uploads\/2024\/02\/IMG_4450.jpg 900w, https:\/\/cidadesemfoco.com\/wp-content\/uploads\/2024\/02\/IMG_4450-300x200.jpg 300w, https:\/\/cidadesemfoco.com\/wp-content\/uploads\/2024\/02\/IMG_4450-768x512.jpg 768w, https:\/\/cidadesemfoco.com\/wp-content\/uploads\/2024\/02\/IMG_4450-480x320.jpg 480w, https:\/\/cidadesemfoco.com\/wp-content\/uploads\/2024\/02\/IMG_4450-280x186.jpg 280w, https:\/\/cidadesemfoco.com\/wp-content\/uploads\/2024\/02\/IMG_4450-600x400.jpg 600w, https:\/\/cidadesemfoco.com\/wp-content\/uploads\/2024\/02\/IMG_4450-585x390.jpg 585w\" alt=\"\" width=\"900\" height=\"600\" \/><\/a><\/div>\n<\/figure>\n<figure class=\"gallery-item\">\n<div class=\"gallery-icon landscape\"><a href=\"https:\/\/cidadesemfoco.com\/abertura-da-ii-copa-joao-de-sousa-de-fut7-movimenta-zona-rural-de-simoes-veja-fotos\/img_4451-5\/\"><img loading=\"lazy\" decoding=\"async\" class=\"attachment-full size-full\" src=\"https:\/\/cidadesemfoco.com\/wp-content\/uploads\/2024\/02\/IMG_4451.jpg\" sizes=\"(max-width: 900px) 100vw, 900px\" srcset=\"https:\/\/cidadesemfoco.com\/wp-content\/uploads\/2024\/02\/IMG_4451.jpg 900w, https:\/\/cidadesemfoco.com\/wp-content\/uploads\/2024\/02\/IMG_4451-300x200.jpg 300w, https:\/\/cidadesemfoco.com\/wp-content\/uploads\/2024\/02\/IMG_4451-768x512.jpg 768w, https:\/\/cidadesemfoco.com\/wp-content\/uploads\/2024\/02\/IMG_4451-480x320.jpg 480w, https:\/\/cidadesemfoco.com\/wp-content\/uploads\/2024\/02\/IMG_4451-280x186.jpg 280w, https:\/\/cidadesemfoco.com\/wp-content\/uploads\/2024\/02\/IMG_4451-600x400.jpg 600w, https:\/\/cidadesemfoco.com\/wp-content\/uploads\/2024\/02\/IMG_4451-585x390.jpg 585w\" alt=\"\" width=\"900\" height=\"600\" \/><\/a><\/div>\n<\/figure>\n<figure class=\"gallery-item\">\n<div class=\"gallery-icon landscape\"><a href=\"https:\/\/cidadesemfoco.com\/abertura-da-ii-copa-joao-de-sousa-de-fut7-movimenta-zona-rural-de-simoes-veja-fotos\/img_4452-8\/\"><img loading=\"lazy\" decoding=\"async\" class=\"attachment-full size-full\" src=\"https:\/\/cidadesemfoco.com\/wp-content\/uploads\/2024\/02\/IMG_4452.jpg\" sizes=\"(max-width: 900px) 100vw, 900px\" srcset=\"https:\/\/cidadesemfoco.com\/wp-content\/uploads\/2024\/02\/IMG_4452.jpg 900w, https:\/\/cidadesemfoco.com\/wp-content\/uploads\/2024\/02\/IMG_4452-300x200.jpg 300w, https:\/\/cidadesemfoco.com\/wp-content\/uploads\/2024\/02\/IMG_4452-768x512.jpg 768w, https:\/\/cidadesemfoco.com\/wp-content\/uploads\/2024\/02\/IMG_4452-480x320.jpg 480w, https:\/\/cidadesemfoco.com\/wp-content\/uploads\/2024\/02\/IMG_4452-280x186.jpg 280w, https:\/\/cidadesemfoco.com\/wp-content\/uploads\/2024\/02\/IMG_4452-600x400.jpg 600w, https:\/\/cidadesemfoco.com\/wp-content\/uploads\/2024\/02\/IMG_4452-585x390.jpg 585w\" alt=\"\" width=\"900\" height=\"600\" \/><\/a><\/div>\n<\/figure>\n<figure class=\"gallery-item\">\n<div class=\"gallery-icon landscape\"><a href=\"https:\/\/cidadesemfoco.com\/abertura-da-ii-copa-joao-de-sousa-de-fut7-movimenta-zona-rural-de-simoes-veja-fotos\/img_4453-6\/\"><img loading=\"lazy\" decoding=\"async\" class=\"attachment-full size-full\" src=\"https:\/\/cidadesemfoco.com\/wp-content\/uploads\/2024\/02\/IMG_4453.jpg\" sizes=\"(max-width: 900px) 100vw, 900px\" srcset=\"https:\/\/cidadesemfoco.com\/wp-content\/uploads\/2024\/02\/IMG_4453.jpg 900w, https:\/\/cidadesemfoco.com\/wp-content\/uploads\/2024\/02\/IMG_4453-300x200.jpg 300w, https:\/\/cidadesemfoco.com\/wp-content\/uploads\/2024\/02\/IMG_4453-768x512.jpg 768w, https:\/\/cidadesemfoco.com\/wp-content\/uploads\/2024\/02\/IMG_4453-480x320.jpg 480w, https:\/\/cidadesemfoco.com\/wp-content\/uploads\/2024\/02\/IMG_4453-280x186.jpg 280w, https:\/\/cidadesemfoco.com\/wp-content\/uploads\/2024\/02\/IMG_4453-600x400.jpg 600w, https:\/\/cidadesemfoco.com\/wp-content\/uploads\/2024\/02\/IMG_4453-585x390.jpg 585w\" alt=\"\" width=\"900\" height=\"600\" \/><\/a><\/div>\n<\/figure>\n<figure class=\"gallery-item\">\n<div class=\"gallery-icon landscape\"><a href=\"https:\/\/cidadesemfoco.com\/abertura-da-ii-copa-joao-de-sousa-de-fut7-movimenta-zona-rural-de-simoes-veja-fotos\/img_4454-5\/\"><img loading=\"lazy\" decoding=\"async\" class=\"attachment-full size-full\" src=\"https:\/\/cidadesemfoco.com\/wp-content\/uploads\/2024\/02\/IMG_4454.jpg\" sizes=\"(max-width: 900px) 100vw, 900px\" srcset=\"https:\/\/cidadesemfoco.com\/wp-content\/uploads\/2024\/02\/IMG_4454.jpg 900w, https:\/\/cidadesemfoco.com\/wp-content\/uploads\/2024\/02\/IMG_4454-300x200.jpg 300w, https:\/\/cidadesemfoco.com\/wp-content\/uploads\/2024\/02\/IMG_4454-768x512.jpg 768w, https:\/\/cidadesemfoco.com\/wp-content\/uploads\/2024\/02\/IMG_4454-480x320.jpg 480w, https:\/\/cidadesemfoco.com\/wp-content\/uploads\/2024\/02\/IMG_4454-280x186.jpg 280w, https:\/\/cidadesemfoco.com\/wp-content\/uploads\/2024\/02\/IMG_4454-600x400.jpg 600w, https:\/\/cidadesemfoco.com\/wp-content\/uploads\/2024\/02\/IMG_4454-585x390.jpg 585w\" alt=\"\" width=\"900\" height=\"600\" \/><\/a><\/div>\n<\/figure>\n<figure class=\"gallery-item\">\n<div class=\"gallery-icon landscape\"><a href=\"https:\/\/cidadesemfoco.com\/abertura-da-ii-copa-joao-de-sousa-de-fut7-movimenta-zona-rural-de-simoes-veja-fotos\/img_4455-7\/\"><img loading=\"lazy\" decoding=\"async\" class=\"attachment-full size-full\" src=\"https:\/\/cidadesemfoco.com\/wp-content\/uploads\/2024\/02\/IMG_4455.jpg\" sizes=\"(max-width: 900px) 100vw, 900px\" srcset=\"https:\/\/cidadesemfoco.com\/wp-content\/uploads\/2024\/02\/IMG_4455.jpg 900w, https:\/\/cidadesemfoco.com\/wp-content\/uploads\/2024\/02\/IMG_4455-300x200.jpg 300w, https:\/\/cidadesemfoco.com\/wp-content\/uploads\/2024\/02\/IMG_4455-768x512.jpg 768w, https:\/\/cidadesemfoco.com\/wp-content\/uploads\/2024\/02\/IMG_4455-480x320.jpg 480w, https:\/\/cidadesemfoco.com\/wp-content\/uploads\/2024\/02\/IMG_4455-280x186.jpg 280w, https:\/\/cidadesemfoco.com\/wp-content\/uploads\/2024\/02\/IMG_4455-600x400.jpg 600w, https:\/\/cidadesemfoco.com\/wp-content\/uploads\/2024\/02\/IMG_4455-585x390.jpg 585w\" alt=\"\" width=\"900\" height=\"600\" \/><\/a><\/div>\n<\/figure>\n<figure class=\"gallery-item\">\n<div class=\"gallery-icon landscape\"><a href=\"https:\/\/cidadesemfoco.com\/abertura-da-ii-copa-joao-de-sousa-de-fut7-movimenta-zona-rural-de-simoes-veja-fotos\/img_4457-5\/\"><img loading=\"lazy\" decoding=\"async\" class=\"attachment-full size-full\" src=\"https:\/\/cidadesemfoco.com\/wp-content\/uploads\/2024\/02\/IMG_4457.jpg\" sizes=\"(max-width: 900px) 100vw, 900px\" srcset=\"https:\/\/cidadesemfoco.com\/wp-content\/uploads\/2024\/02\/IMG_4457.jpg 900w, https:\/\/cidadesemfoco.com\/wp-content\/uploads\/2024\/02\/IMG_4457-300x200.jpg 300w, https:\/\/cidadesemfoco.com\/wp-content\/uploads\/2024\/02\/IMG_4457-768x512.jpg 768w, https:\/\/cidadesemfoco.com\/wp-content\/uploads\/2024\/02\/IMG_4457-480x320.jpg 480w, https:\/\/cidadesemfoco.com\/wp-content\/uploads\/2024\/02\/IMG_4457-280x186.jpg 280w, https:\/\/cidadesemfoco.com\/wp-content\/uploads\/2024\/02\/IMG_4457-600x400.jpg 600w, https:\/\/cidadesemfoco.com\/wp-content\/uploads\/2024\/02\/IMG_4457-585x390.jpg 585w\" alt=\"\" width=\"900\" height=\"600\" \/><\/a><\/div>\n<\/figure>\n<figure class=\"gallery-item\">\n<div class=\"gallery-icon landscape\"><a href=\"https:\/\/cidadesemfoco.com\/abertura-da-ii-copa-joao-de-sousa-de-fut7-movimenta-zona-rural-de-simoes-veja-fotos\/img_4462-6\/\"><img loading=\"lazy\" decoding=\"async\" class=\"attachment-full size-full\" src=\"https:\/\/cidadesemfoco.com\/wp-content\/uploads\/2024\/02\/IMG_4462.jpg\" sizes=\"(max-width: 900px) 100vw, 900px\" srcset=\"https:\/\/cidadesemfoco.com\/wp-content\/uploads\/2024\/02\/IMG_4462.jpg 900w, https:\/\/cidadesemfoco.com\/wp-content\/uploads\/2024\/02\/IMG_4462-300x200.jpg 300w, https:\/\/cidadesemfoco.com\/wp-content\/uploads\/2024\/02\/IMG_4462-768x512.jpg 768w, https:\/\/cidadesemfoco.com\/wp-content\/uploads\/2024\/02\/IMG_4462-480x320.jpg 480w, https:\/\/cidadesemfoco.com\/wp-content\/uploads\/2024\/02\/IMG_4462-280x186.jpg 280w, https:\/\/cidadesemfoco.com\/wp-content\/uploads\/2024\/02\/IMG_4462-600x400.jpg 600w, https:\/\/cidadesemfoco.com\/wp-content\/uploads\/2024\/02\/IMG_4462-585x390.jpg 585w\" alt=\"\" width=\"900\" height=\"600\" \/><\/a><\/div>\n<\/figure>\n<figure class=\"gallery-item\">\n<div class=\"gallery-icon landscape\"><a href=\"https:\/\/cidadesemfoco.com\/abertura-da-ii-copa-joao-de-sousa-de-fut7-movimenta-zona-rural-de-simoes-veja-fotos\/img_4463-7\/\"><img loading=\"lazy\" decoding=\"async\" class=\"attachment-full size-full\" src=\"https:\/\/cidadesemfoco.com\/wp-content\/uploads\/2024\/02\/IMG_4463.jpg\" sizes=\"(max-width: 900px) 100vw, 900px\" srcset=\"https:\/\/cidadesemfoco.com\/wp-content\/uploads\/2024\/02\/IMG_4463.jpg 900w, https:\/\/cidadesemfoco.com\/wp-content\/uploads\/2024\/02\/IMG_4463-300x200.jpg 300w, https:\/\/cidadesemfoco.com\/wp-content\/uploads\/2024\/02\/IMG_4463-768x512.jpg 768w, https:\/\/cidadesemfoco.com\/wp-content\/uploads\/2024\/02\/IMG_4463-480x320.jpg 480w, https:\/\/cidadesemfoco.com\/wp-content\/uploads\/2024\/02\/IMG_4463-280x186.jpg 280w, https:\/\/cidadesemfoco.com\/wp-content\/uploads\/2024\/02\/IMG_4463-600x400.jpg 600w, https:\/\/cidadesemfoco.com\/wp-content\/uploads\/2024\/02\/IMG_4463-585x390.jpg 585w\" alt=\"\" width=\"900\" height=\"600\" \/><\/a><\/div>\n<\/figure>\n<figure class=\"gallery-item\">\n<div class=\"gallery-icon landscape\"><a href=\"https:\/\/cidadesemfoco.com\/abertura-da-ii-copa-joao-de-sousa-de-fut7-movimenta-zona-rural-de-simoes-veja-fotos\/img_4464-4\/\"><img loading=\"lazy\" decoding=\"async\" class=\"attachment-full size-full\" src=\"https:\/\/cidadesemfoco.com\/wp-content\/uploads\/2024\/02\/IMG_4464.jpg\" sizes=\"(max-width: 900px) 100vw, 900px\" srcset=\"https:\/\/cidadesemfoco.com\/wp-content\/uploads\/2024\/02\/IMG_4464.jpg 900w, https:\/\/cidadesemfoco.com\/wp-content\/uploads\/2024\/02\/IMG_4464-300x200.jpg 300w, https:\/\/cidadesemfoco.com\/wp-content\/uploads\/2024\/02\/IMG_4464-768x512.jpg 768w, https:\/\/cidadesemfoco.com\/wp-content\/uploads\/2024\/02\/IMG_4464-480x320.jpg 480w, https:\/\/cidadesemfoco.com\/wp-content\/uploads\/2024\/02\/IMG_4464-280x186.jpg 280w, https:\/\/cidadesemfoco.com\/wp-content\/uploads\/2024\/02\/IMG_4464-600x400.jpg 600w, https:\/\/cidadesemfoco.com\/wp-content\/uploads\/2024\/02\/IMG_4464-585x390.jpg 585w\" alt=\"\" width=\"900\" height=\"600\" \/><\/a><\/div>\n<\/figure>\n<figure class=\"gallery-item\">\n<div class=\"gallery-icon landscape\"><a href=\"https:\/\/cidadesemfoco.com\/abertura-da-ii-copa-joao-de-sousa-de-fut7-movimenta-zona-rural-de-simoes-veja-fotos\/img_4465-2\/\"><img loading=\"lazy\" decoding=\"async\" class=\"attachment-full size-full\" src=\"https:\/\/cidadesemfoco.com\/wp-content\/uploads\/2024\/02\/IMG_4465.jpg\" sizes=\"(max-width: 900px) 100vw, 900px\" srcset=\"https:\/\/cidadesemfoco.com\/wp-content\/uploads\/2024\/02\/IMG_4465.jpg 900w, https:\/\/cidadesemfoco.com\/wp-content\/uploads\/2024\/02\/IMG_4465-300x200.jpg 300w, https:\/\/cidadesemfoco.com\/wp-content\/uploads\/2024\/02\/IMG_4465-768x512.jpg 768w, https:\/\/cidadesemfoco.com\/wp-content\/uploads\/2024\/02\/IMG_4465-480x320.jpg 480w, https:\/\/cidadesemfoco.com\/wp-content\/uploads\/2024\/02\/IMG_4465-280x186.jpg 280w, https:\/\/cidadesemfoco.com\/wp-content\/uploads\/2024\/02\/IMG_4465-600x400.jpg 600w, https:\/\/cidadesemfoco.com\/wp-content\/uploads\/2024\/02\/IMG_4465-585x390.jpg 585w\" alt=\"\" width=\"900\" height=\"600\" \/><\/a><\/div>\n<\/figure>\n<figure class=\"gallery-item\">\n<div class=\"gallery-icon landscape\"><a href=\"https:\/\/cidadesemfoco.com\/abertura-da-ii-copa-joao-de-sousa-de-fut7-movimenta-zona-rural-de-simoes-veja-fotos\/img_4468-5\/\"><img loading=\"lazy\" decoding=\"async\" class=\"attachment-full size-full\" src=\"https:\/\/cidadesemfoco.com\/wp-content\/uploads\/2024\/02\/IMG_4468.jpg\" sizes=\"(max-width: 900px) 100vw, 900px\" srcset=\"https:\/\/cidadesemfoco.com\/wp-content\/uploads\/2024\/02\/IMG_4468.jpg 900w, https:\/\/cidadesemfoco.com\/wp-content\/uploads\/2024\/02\/IMG_4468-300x200.jpg 300w, https:\/\/cidadesemfoco.com\/wp-content\/uploads\/2024\/02\/IMG_4468-768x512.jpg 768w, https:\/\/cidadesemfoco.com\/wp-content\/uploads\/2024\/02\/IMG_4468-480x320.jpg 480w, https:\/\/cidadesemfoco.com\/wp-content\/uploads\/2024\/02\/IMG_4468-280x186.jpg 280w, https:\/\/cidadesemfoco.com\/wp-content\/uploads\/2024\/02\/IMG_4468-600x400.jpg 600w, https:\/\/cidadesemfoco.com\/wp-content\/uploads\/2024\/02\/IMG_4468-585x390.jpg 585w\" alt=\"\" width=\"900\" height=\"600\" \/><\/a><\/div>\n<\/figure>\n<figure class=\"gallery-item\">\n<div class=\"gallery-icon landscape\"><a href=\"https:\/\/cidadesemfoco.com\/abertura-da-ii-copa-joao-de-sousa-de-fut7-movimenta-zona-rural-de-simoes-veja-fotos\/img_4469-5\/\"><img loading=\"lazy\" decoding=\"async\" class=\"attachment-full size-full\" src=\"https:\/\/cidadesemfoco.com\/wp-content\/uploads\/2024\/02\/IMG_4469.jpg\" sizes=\"(max-width: 900px) 100vw, 900px\" srcset=\"https:\/\/cidadesemfoco.com\/wp-content\/uploads\/2024\/02\/IMG_4469.jpg 900w, https:\/\/cidadesemfoco.com\/wp-content\/uploads\/2024\/02\/IMG_4469-300x200.jpg 300w, https:\/\/cidadesemfoco.com\/wp-content\/uploads\/2024\/02\/IMG_4469-768x512.jpg 768w, https:\/\/cidadesemfoco.com\/wp-content\/uploads\/2024\/02\/IMG_4469-480x320.jpg 480w, https:\/\/cidadesemfoco.com\/wp-content\/uploads\/2024\/02\/IMG_4469-280x186.jpg 280w, https:\/\/cidadesemfoco.com\/wp-content\/uploads\/2024\/02\/IMG_4469-600x400.jpg 600w, https:\/\/cidadesemfoco.com\/wp-content\/uploads\/2024\/02\/IMG_4469-585x390.jpg 585w\" alt=\"\" width=\"900\" height=\"600\" \/><\/a><\/div>\n<\/figure>\n<figure class=\"gallery-item\">\n<div class=\"gallery-icon landscape\"><a href=\"https:\/\/cidadesemfoco.com\/abertura-da-ii-copa-joao-de-sousa-de-fut7-movimenta-zona-rural-de-simoes-veja-fotos\/img_4470-3\/\"><img loading=\"lazy\" decoding=\"async\" class=\"attachment-full size-full\" src=\"https:\/\/cidadesemfoco.com\/wp-content\/uploads\/2024\/02\/IMG_4470.jpg\" sizes=\"(max-width: 900px) 100vw, 900px\" srcset=\"https:\/\/cidadesemfoco.com\/wp-content\/uploads\/2024\/02\/IMG_4470.jpg 900w, https:\/\/cidadesemfoco.com\/wp-content\/uploads\/2024\/02\/IMG_4470-300x200.jpg 300w, https:\/\/cidadesemfoco.com\/wp-content\/uploads\/2024\/02\/IMG_4470-768x512.jpg 768w, https:\/\/cidadesemfoco.com\/wp-content\/uploads\/2024\/02\/IMG_4470-480x320.jpg 480w, https:\/\/cidadesemfoco.com\/wp-content\/uploads\/2024\/02\/IMG_4470-280x186.jpg 280w, https:\/\/cidadesemfoco.com\/wp-content\/uploads\/2024\/02\/IMG_4470-600x400.jpg 600w, https:\/\/cidadesemfoco.com\/wp-content\/uploads\/2024\/02\/IMG_4470-585x390.jpg 585w\" alt=\"\" width=\"900\" height=\"600\" \/><\/a><\/div>\n<\/figure>\n<figure class=\"gallery-item\">\n<div class=\"gallery-icon landscape\"><a href=\"https:\/\/cidadesemfoco.com\/abertura-da-ii-copa-joao-de-sousa-de-fut7-movimenta-zona-rural-de-simoes-veja-fotos\/img_4472-2\/\"><img loading=\"lazy\" decoding=\"async\" class=\"attachment-full size-full\" src=\"https:\/\/cidadesemfoco.com\/wp-content\/uploads\/2024\/02\/IMG_4472.jpg\" sizes=\"(max-width: 900px) 100vw, 900px\" srcset=\"https:\/\/cidadesemfoco.com\/wp-content\/uploads\/2024\/02\/IMG_4472.jpg 900w, https:\/\/cidadesemfoco.com\/wp-content\/uploads\/2024\/02\/IMG_4472-300x200.jpg 300w, https:\/\/cidadesemfoco.com\/wp-content\/uploads\/2024\/02\/IMG_4472-768x512.jpg 768w, https:\/\/cidadesemfoco.com\/wp-content\/uploads\/2024\/02\/IMG_4472-480x320.jpg 480w, https:\/\/cidadesemfoco.com\/wp-content\/uploads\/2024\/02\/IMG_4472-280x186.jpg 280w, https:\/\/cidadesemfoco.com\/wp-content\/uploads\/2024\/02\/IMG_4472-600x400.jpg 600w, https:\/\/cidadesemfoco.com\/wp-content\/uploads\/2024\/02\/IMG_4472-585x390.jpg 585w\" alt=\"\" width=\"900\" height=\"600\" \/><\/a><\/div>\n<\/figure>\n<figure class=\"gallery-item\">\n<div class=\"gallery-icon landscape\"><a href=\"https:\/\/cidadesemfoco.com\/abertura-da-ii-copa-joao-de-sousa-de-fut7-movimenta-zona-rural-de-simoes-veja-fotos\/img_4473-4\/\"><img loading=\"lazy\" decoding=\"async\" class=\"attachment-full size-full\" src=\"https:\/\/cidadesemfoco.com\/wp-content\/uploads\/2024\/02\/IMG_4473.jpg\" sizes=\"(max-width: 900px) 100vw, 900px\" srcset=\"https:\/\/cidadesemfoco.com\/wp-content\/uploads\/2024\/02\/IMG_4473.jpg 900w, https:\/\/cidadesemfoco.com\/wp-content\/uploads\/2024\/02\/IMG_4473-300x200.jpg 300w, https:\/\/cidadesemfoco.com\/wp-content\/uploads\/2024\/02\/IMG_4473-768x512.jpg 768w, https:\/\/cidadesemfoco.com\/wp-content\/uploads\/2024\/02\/IMG_4473-480x320.jpg 480w, https:\/\/cidadesemfoco.com\/wp-content\/uploads\/2024\/02\/IMG_4473-280x186.jpg 280w, https:\/\/cidadesemfoco.com\/wp-content\/uploads\/2024\/02\/IMG_4473-600x400.jpg 600w, https:\/\/cidadesemfoco.com\/wp-content\/uploads\/2024\/02\/IMG_4473-585x390.jpg 585w\" alt=\"\" width=\"900\" height=\"600\" \/><\/a><\/div>\n<\/figure>\n<figure class=\"gallery-item\">\n<div class=\"gallery-icon landscape\"><a href=\"https:\/\/cidadesemfoco.com\/abertura-da-ii-copa-joao-de-sousa-de-fut7-movimenta-zona-rural-de-simoes-veja-fotos\/img_4475-2\/\"><img loading=\"lazy\" decoding=\"async\" class=\"attachment-full size-full\" src=\"https:\/\/cidadesemfoco.com\/wp-content\/uploads\/2024\/02\/IMG_4475.jpg\" sizes=\"(max-width: 900px) 100vw, 900px\" srcset=\"https:\/\/cidadesemfoco.com\/wp-content\/uploads\/2024\/02\/IMG_4475.jpg 900w, https:\/\/cidadesemfoco.com\/wp-content\/uploads\/2024\/02\/IMG_4475-300x200.jpg 300w, https:\/\/cidadesemfoco.com\/wp-content\/uploads\/2024\/02\/IMG_4475-768x512.jpg 768w, https:\/\/cidadesemfoco.com\/wp-content\/uploads\/2024\/02\/IMG_4475-480x320.jpg 480w, https:\/\/cidadesemfoco.com\/wp-content\/uploads\/2024\/02\/IMG_4475-280x186.jpg 280w, https:\/\/cidadesemfoco.com\/wp-content\/uploads\/2024\/02\/IMG_4475-600x400.jpg 600w, https:\/\/cidadesemfoco.com\/wp-content\/uploads\/2024\/02\/IMG_4475-585x390.jpg 585w\" alt=\"\" width=\"900\" height=\"600\" \/><\/a><\/div>\n<\/figure>\n<figure class=\"gallery-item\">\n<div class=\"gallery-icon portrait\"><a href=\"https:\/\/cidadesemfoco.com\/abertura-da-ii-copa-joao-de-sousa-de-fut7-movimenta-zona-rural-de-simoes-veja-fotos\/img_4476-5\/\"><img loading=\"lazy\" decoding=\"async\" class=\"attachment-full size-full\" src=\"https:\/\/cidadesemfoco.com\/wp-content\/uploads\/2024\/02\/IMG_4476.jpg\" sizes=\"(max-width: 400px) 100vw, 400px\" srcset=\"https:\/\/cidadesemfoco.com\/wp-content\/uploads\/2024\/02\/IMG_4476.jpg 400w, https:\/\/cidadesemfoco.com\/wp-content\/uploads\/2024\/02\/IMG_4476-200x300.jpg 200w, https:\/\/cidadesemfoco.com\/wp-content\/uploads\/2024\/02\/IMG_4476-267x400.jpg 267w\" alt=\"\" width=\"400\" height=\"600\" \/><\/a><\/div>\n<\/figure>\n<figure class=\"gallery-item\">\n<div class=\"gallery-icon portrait\"><a href=\"https:\/\/cidadesemfoco.com\/abertura-da-ii-copa-joao-de-sousa-de-fut7-movimenta-zona-rural-de-simoes-veja-fotos\/img_4477-3\/\"><img loading=\"lazy\" decoding=\"async\" class=\"attachment-full size-full\" src=\"https:\/\/cidadesemfoco.com\/wp-content\/uploads\/2024\/02\/IMG_4477.jpg\" sizes=\"(max-width: 400px) 100vw, 400px\" srcset=\"https:\/\/cidadesemfoco.com\/wp-content\/uploads\/2024\/02\/IMG_4477.jpg 400w, https:\/\/cidadesemfoco.com\/wp-content\/uploads\/2024\/02\/IMG_4477-200x300.jpg 200w, https:\/\/cidadesemfoco.com\/wp-content\/uploads\/2024\/02\/IMG_4477-267x400.jpg 267w\" alt=\"\" width=\"400\" height=\"600\" \/><\/a><\/div>\n<\/figure>\n<figure class=\"gallery-item\">\n<div class=\"gallery-icon portrait\"><a href=\"https:\/\/cidadesemfoco.com\/abertura-da-ii-copa-joao-de-sousa-de-fut7-movimenta-zona-rural-de-simoes-veja-fotos\/img_4478-7\/\"><img loading=\"lazy\" decoding=\"async\" class=\"attachment-full size-full\" src=\"https:\/\/cidadesemfoco.com\/wp-content\/uploads\/2024\/02\/IMG_4478.jpg\" sizes=\"(max-width: 400px) 100vw, 400px\" srcset=\"https:\/\/cidadesemfoco.com\/wp-content\/uploads\/2024\/02\/IMG_4478.jpg 400w, https:\/\/cidadesemfoco.com\/wp-content\/uploads\/2024\/02\/IMG_4478-200x300.jpg 200w, https:\/\/cidadesemfoco.com\/wp-content\/uploads\/2024\/02\/IMG_4478-267x400.jpg 267w\" alt=\"\" width=\"400\" height=\"600\" \/><\/a><\/div>\n<\/figure>\n<figure class=\"gallery-item\">\n<div class=\"gallery-icon landscape\"><a href=\"https:\/\/cidadesemfoco.com\/abertura-da-ii-copa-joao-de-sousa-de-fut7-movimenta-zona-rural-de-simoes-veja-fotos\/img_4479-5\/\"><img loading=\"lazy\" decoding=\"async\" class=\"attachment-full size-full\" src=\"https:\/\/cidadesemfoco.com\/wp-content\/uploads\/2024\/02\/IMG_4479.jpg\" sizes=\"(max-width: 900px) 100vw, 900px\" srcset=\"https:\/\/cidadesemfoco.com\/wp-content\/uploads\/2024\/02\/IMG_4479.jpg 900w, https:\/\/cidadesemfoco.com\/wp-content\/uploads\/2024\/02\/IMG_4479-300x200.jpg 300w, https:\/\/cidadesemfoco.com\/wp-content\/uploads\/2024\/02\/IMG_4479-768x512.jpg 768w, https:\/\/cidadesemfoco.com\/wp-content\/uploads\/2024\/02\/IMG_4479-480x320.jpg 480w, https:\/\/cidadesemfoco.com\/wp-content\/uploads\/2024\/02\/IMG_4479-280x186.jpg 280w, https:\/\/cidadesemfoco.com\/wp-content\/uploads\/2024\/02\/IMG_4479-600x400.jpg 600w, https:\/\/cidadesemfoco.com\/wp-content\/uploads\/2024\/02\/IMG_4479-585x390.jpg 585w\" alt=\"\" width=\"900\" height=\"600\" \/><\/a><\/div>\n<\/figure>\n<figure class=\"gallery-item\">\n<div class=\"gallery-icon landscape\"><a href=\"https:\/\/cidadesemfoco.com\/abertura-da-ii-copa-joao-de-sousa-de-fut7-movimenta-zona-rural-de-simoes-veja-fotos\/img_4481-6\/\"><img loading=\"lazy\" decoding=\"async\" class=\"attachment-full size-full\" src=\"https:\/\/cidadesemfoco.com\/wp-content\/uploads\/2024\/02\/IMG_4481.jpg\" sizes=\"(max-width: 900px) 100vw, 900px\" srcset=\"https:\/\/cidadesemfoco.com\/wp-content\/uploads\/2024\/02\/IMG_4481.jpg 900w, https:\/\/cidadesemfoco.com\/wp-content\/uploads\/2024\/02\/IMG_4481-300x200.jpg 300w, https:\/\/cidadesemfoco.com\/wp-content\/uploads\/2024\/02\/IMG_4481-768x512.jpg 768w, https:\/\/cidadesemfoco.com\/wp-content\/uploads\/2024\/02\/IMG_4481-480x320.jpg 480w, https:\/\/cidadesemfoco.com\/wp-content\/uploads\/2024\/02\/IMG_4481-280x186.jpg 280w, https:\/\/cidadesemfoco.com\/wp-content\/uploads\/2024\/02\/IMG_4481-600x400.jpg 600w, https:\/\/cidadesemfoco.com\/wp-content\/uploads\/2024\/02\/IMG_4481-585x390.jpg 585w\" alt=\"\" width=\"900\" height=\"600\" \/><\/a><\/div>\n<\/figure>\n<figure class=\"gallery-item\">\n<div class=\"gallery-icon landscape\"><a href=\"https:\/\/cidadesemfoco.com\/abertura-da-ii-copa-joao-de-sousa-de-fut7-movimenta-zona-rural-de-simoes-veja-fotos\/img_4482-4\/\"><img loading=\"lazy\" decoding=\"async\" class=\"attachment-full size-full\" src=\"https:\/\/cidadesemfoco.com\/wp-content\/uploads\/2024\/02\/IMG_4482.jpg\" sizes=\"(max-width: 900px) 100vw, 900px\" srcset=\"https:\/\/cidadesemfoco.com\/wp-content\/uploads\/2024\/02\/IMG_4482.jpg 900w, https:\/\/cidadesemfoco.com\/wp-content\/uploads\/2024\/02\/IMG_4482-300x200.jpg 300w, https:\/\/cidadesemfoco.com\/wp-content\/uploads\/2024\/02\/IMG_4482-768x512.jpg 768w, https:\/\/cidadesemfoco.com\/wp-content\/uploads\/2024\/02\/IMG_4482-480x320.jpg 480w, https:\/\/cidadesemfoco.com\/wp-content\/uploads\/2024\/02\/IMG_4482-280x186.jpg 280w, https:\/\/cidadesemfoco.com\/wp-content\/uploads\/2024\/02\/IMG_4482-600x400.jpg 600w, https:\/\/cidadesemfoco.com\/wp-content\/uploads\/2024\/02\/IMG_4482-585x390.jpg 585w\" alt=\"\" width=\"900\" height=\"600\" \/><\/a><\/div>\n<\/figure>\n<figure class=\"gallery-item\">\n<div class=\"gallery-icon landscape\"><a href=\"https:\/\/cidadesemfoco.com\/abertura-da-ii-copa-joao-de-sousa-de-fut7-movimenta-zona-rural-de-simoes-veja-fotos\/img_4483-5\/\"><img loading=\"lazy\" decoding=\"async\" class=\"attachment-full size-full\" src=\"https:\/\/cidadesemfoco.com\/wp-content\/uploads\/2024\/02\/IMG_4483.jpg\" sizes=\"(max-width: 900px) 100vw, 900px\" srcset=\"https:\/\/cidadesemfoco.com\/wp-content\/uploads\/2024\/02\/IMG_4483.jpg 900w, https:\/\/cidadesemfoco.com\/wp-content\/uploads\/2024\/02\/IMG_4483-300x200.jpg 300w, https:\/\/cidadesemfoco.com\/wp-content\/uploads\/2024\/02\/IMG_4483-768x512.jpg 768w, https:\/\/cidadesemfoco.com\/wp-content\/uploads\/2024\/02\/IMG_4483-480x320.jpg 480w, https:\/\/cidadesemfoco.com\/wp-content\/uploads\/2024\/02\/IMG_4483-280x186.jpg 280w, https:\/\/cidadesemfoco.com\/wp-content\/uploads\/2024\/02\/IMG_4483-600x400.jpg 600w, https:\/\/cidadesemfoco.com\/wp-content\/uploads\/2024\/02\/IMG_4483-585x390.jpg 585w\" alt=\"\" width=\"900\" height=\"600\" \/><\/a><\/div>\n<\/figure>\n<figure class=\"gallery-item\">\n<div class=\"gallery-icon landscape\"><a href=\"https:\/\/cidadesemfoco.com\/abertura-da-ii-copa-joao-de-sousa-de-fut7-movimenta-zona-rural-de-simoes-veja-fotos\/img_4486-6\/\"><img loading=\"lazy\" decoding=\"async\" class=\"attachment-full size-full\" src=\"https:\/\/cidadesemfoco.com\/wp-content\/uploads\/2024\/02\/IMG_4486.jpg\" sizes=\"(max-width: 900px) 100vw, 900px\" srcset=\"https:\/\/cidadesemfoco.com\/wp-content\/uploads\/2024\/02\/IMG_4486.jpg 900w, https:\/\/cidadesemfoco.com\/wp-content\/uploads\/2024\/02\/IMG_4486-300x200.jpg 300w, https:\/\/cidadesemfoco.com\/wp-content\/uploads\/2024\/02\/IMG_4486-768x512.jpg 768w, https:\/\/cidadesemfoco.com\/wp-content\/uploads\/2024\/02\/IMG_4486-480x320.jpg 480w, https:\/\/cidadesemfoco.com\/wp-content\/uploads\/2024\/02\/IMG_4486-280x186.jpg 280w, https:\/\/cidadesemfoco.com\/wp-content\/uploads\/2024\/02\/IMG_4486-600x400.jpg 600w, https:\/\/cidadesemfoco.com\/wp-content\/uploads\/2024\/02\/IMG_4486-585x390.jpg 585w\" alt=\"\" width=\"900\" height=\"600\" \/><\/a><\/div>\n<\/figure>\n<figure class=\"gallery-item\">\n<div class=\"gallery-icon portrait\"><a href=\"https:\/\/cidadesemfoco.com\/abertura-da-ii-copa-joao-de-sousa-de-fut7-movimenta-zona-rural-de-simoes-veja-fotos\/img_4487-6\/\"><img loading=\"lazy\" decoding=\"async\" class=\"attachment-full size-full\" src=\"https:\/\/cidadesemfoco.com\/wp-content\/uploads\/2024\/02\/IMG_4487.jpg\" sizes=\"(max-width: 400px) 100vw, 400px\" srcset=\"https:\/\/cidadesemfoco.com\/wp-content\/uploads\/2024\/02\/IMG_4487.jpg 400w, https:\/\/cidadesemfoco.com\/wp-content\/uploads\/2024\/02\/IMG_4487-200x300.jpg 200w, https:\/\/cidadesemfoco.com\/wp-content\/uploads\/2024\/02\/IMG_4487-267x400.jpg 267w\" alt=\"\" width=\"400\" height=\"600\" \/><\/a><\/div>\n<\/figure>\n<figure class=\"gallery-item\">\n<div class=\"gallery-icon portrait\"><a href=\"https:\/\/cidadesemfoco.com\/abertura-da-ii-copa-joao-de-sousa-de-fut7-movimenta-zona-rural-de-simoes-veja-fotos\/img_4488-3\/\"><img loading=\"lazy\" decoding=\"async\" class=\"attachment-full size-full\" src=\"https:\/\/cidadesemfoco.com\/wp-content\/uploads\/2024\/02\/IMG_4488.jpg\" sizes=\"(max-width: 400px) 100vw, 400px\" srcset=\"https:\/\/cidadesemfoco.com\/wp-content\/uploads\/2024\/02\/IMG_4488.jpg 400w, https:\/\/cidadesemfoco.com\/wp-content\/uploads\/2024\/02\/IMG_4488-200x300.jpg 200w, https:\/\/cidadesemfoco.com\/wp-content\/uploads\/2024\/02\/IMG_4488-267x400.jpg 267w\" alt=\"\" width=\"400\" height=\"600\" \/><\/a><\/div>\n<\/figure>\n<figure class=\"gallery-item\">\n<div class=\"gallery-icon landscape\"><a href=\"https:\/\/cidadesemfoco.com\/abertura-da-ii-copa-joao-de-sousa-de-fut7-movimenta-zona-rural-de-simoes-veja-fotos\/img_4489-5\/\"><img loading=\"lazy\" decoding=\"async\" class=\"attachment-full size-full\" src=\"https:\/\/cidadesemfoco.com\/wp-content\/uploads\/2024\/02\/IMG_4489.jpg\" sizes=\"(max-width: 900px) 100vw, 900px\" srcset=\"https:\/\/cidadesemfoco.com\/wp-content\/uploads\/2024\/02\/IMG_4489.jpg 900w, https:\/\/cidadesemfoco.com\/wp-content\/uploads\/2024\/02\/IMG_4489-300x200.jpg 300w, https:\/\/cidadesemfoco.com\/wp-content\/uploads\/2024\/02\/IMG_4489-768x512.jpg 768w, https:\/\/cidadesemfoco.com\/wp-content\/uploads\/2024\/02\/IMG_4489-480x320.jpg 480w, https:\/\/cidadesemfoco.com\/wp-content\/uploads\/2024\/02\/IMG_4489-280x186.jpg 280w, https:\/\/cidadesemfoco.com\/wp-content\/uploads\/2024\/02\/IMG_4489-600x400.jpg 600w, https:\/\/cidadesemfoco.com\/wp-content\/uploads\/2024\/02\/IMG_4489-585x390.jpg 585w\" alt=\"\" width=\"900\" height=\"600\" \/><\/a><\/div>\n<\/figure>\n<figure class=\"gallery-item\">\n<div class=\"gallery-icon landscape\"><a href=\"https:\/\/cidadesemfoco.com\/abertura-da-ii-copa-joao-de-sousa-de-fut7-movimenta-zona-rural-de-simoes-veja-fotos\/img_4490-7\/\"><img loading=\"lazy\" decoding=\"async\" class=\"attachment-full size-full\" src=\"https:\/\/cidadesemfoco.com\/wp-content\/uploads\/2024\/02\/IMG_4490.jpg\" sizes=\"(max-width: 900px) 100vw, 900px\" srcset=\"https:\/\/cidadesemfoco.com\/wp-content\/uploads\/2024\/02\/IMG_4490.jpg 900w, https:\/\/cidadesemfoco.com\/wp-content\/uploads\/2024\/02\/IMG_4490-300x200.jpg 300w, https:\/\/cidadesemfoco.com\/wp-content\/uploads\/2024\/02\/IMG_4490-768x512.jpg 768w, https:\/\/cidadesemfoco.com\/wp-content\/uploads\/2024\/02\/IMG_4490-480x320.jpg 480w, https:\/\/cidadesemfoco.com\/wp-content\/uploads\/2024\/02\/IMG_4490-280x186.jpg 280w, https:\/\/cidadesemfoco.com\/wp-content\/uploads\/2024\/02\/IMG_4490-600x400.jpg 600w, https:\/\/cidadesemfoco.com\/wp-content\/uploads\/2024\/02\/IMG_4490-585x390.jpg 585w\" alt=\"\" width=\"900\" height=\"600\" \/><\/a><\/div>\n<\/figure>\n<figure class=\"gallery-item\">\n<div class=\"gallery-icon landscape\"><a href=\"https:\/\/cidadesemfoco.com\/abertura-da-ii-copa-joao-de-sousa-de-fut7-movimenta-zona-rural-de-simoes-veja-fotos\/img_4491-4\/\"><img loading=\"lazy\" decoding=\"async\" class=\"attachment-full size-full\" src=\"https:\/\/cidadesemfoco.com\/wp-content\/uploads\/2024\/02\/IMG_4491.jpg\" sizes=\"(max-width: 900px) 100vw, 900px\" srcset=\"https:\/\/cidadesemfoco.com\/wp-content\/uploads\/2024\/02\/IMG_4491.jpg 900w, https:\/\/cidadesemfoco.com\/wp-content\/uploads\/2024\/02\/IMG_4491-300x200.jpg 300w, https:\/\/cidadesemfoco.com\/wp-content\/uploads\/2024\/02\/IMG_4491-768x512.jpg 768w, https:\/\/cidadesemfoco.com\/wp-content\/uploads\/2024\/02\/IMG_4491-480x320.jpg 480w, https:\/\/cidadesemfoco.com\/wp-content\/uploads\/2024\/02\/IMG_4491-280x186.jpg 280w, https:\/\/cidadesemfoco.com\/wp-content\/uploads\/2024\/02\/IMG_4491-600x400.jpg 600w, https:\/\/cidadesemfoco.com\/wp-content\/uploads\/2024\/02\/IMG_4491-585x390.jpg 585w\" alt=\"\" width=\"900\" height=\"600\" \/><\/a><\/div>\n<\/figure>\n<figure class=\"gallery-item\">\n<div class=\"gallery-icon landscape\"><a href=\"https:\/\/cidadesemfoco.com\/abertura-da-ii-copa-joao-de-sousa-de-fut7-movimenta-zona-rural-de-simoes-veja-fotos\/img_4492-5\/\"><img loading=\"lazy\" decoding=\"async\" class=\"attachment-full size-full\" src=\"https:\/\/cidadesemfoco.com\/wp-content\/uploads\/2024\/02\/IMG_4492.jpg\" sizes=\"(max-width: 900px) 100vw, 900px\" srcset=\"https:\/\/cidadesemfoco.com\/wp-content\/uploads\/2024\/02\/IMG_4492.jpg 900w, https:\/\/cidadesemfoco.com\/wp-content\/uploads\/2024\/02\/IMG_4492-300x200.jpg 300w, https:\/\/cidadesemfoco.com\/wp-content\/uploads\/2024\/02\/IMG_4492-768x512.jpg 768w, https:\/\/cidadesemfoco.com\/wp-content\/uploads\/2024\/02\/IMG_4492-480x320.jpg 480w, https:\/\/cidadesemfoco.com\/wp-content\/uploads\/2024\/02\/IMG_4492-280x186.jpg 280w, https:\/\/cidadesemfoco.com\/wp-content\/uploads\/2024\/02\/IMG_4492-600x400.jpg 600w, https:\/\/cidadesemfoco.com\/wp-content\/uploads\/2024\/02\/IMG_4492-585x390.jpg 585w\" alt=\"\" width=\"900\" height=\"600\" \/><\/a><\/div>\n<\/figure>\n<figure class=\"gallery-item\">\n<div class=\"gallery-icon landscape\"><a href=\"https:\/\/cidadesemfoco.com\/abertura-da-ii-copa-joao-de-sousa-de-fut7-movimenta-zona-rural-de-simoes-veja-fotos\/img_4493-4\/\"><img loading=\"lazy\" decoding=\"async\" class=\"attachment-full size-full\" src=\"https:\/\/cidadesemfoco.com\/wp-content\/uploads\/2024\/02\/IMG_4493.jpg\" sizes=\"(max-width: 900px) 100vw, 900px\" srcset=\"https:\/\/cidadesemfoco.com\/wp-content\/uploads\/2024\/02\/IMG_4493.jpg 900w, https:\/\/cidadesemfoco.com\/wp-content\/uploads\/2024\/02\/IMG_4493-300x200.jpg 300w, https:\/\/cidadesemfoco.com\/wp-content\/uploads\/2024\/02\/IMG_4493-768x512.jpg 768w, https:\/\/cidadesemfoco.com\/wp-content\/uploads\/2024\/02\/IMG_4493-480x320.jpg 480w, https:\/\/cidadesemfoco.com\/wp-content\/uploads\/2024\/02\/IMG_4493-280x186.jpg 280w, https:\/\/cidadesemfoco.com\/wp-content\/uploads\/2024\/02\/IMG_4493-600x400.jpg 600w, https:\/\/cidadesemfoco.com\/wp-content\/uploads\/2024\/02\/IMG_4493-585x390.jpg 585w\" alt=\"\" width=\"900\" height=\"600\" \/><\/a><\/div>\n<\/figure>\n<figure class=\"gallery-item\">\n<div class=\"gallery-icon landscape\"><a href=\"https:\/\/cidadesemfoco.com\/abertura-da-ii-copa-joao-de-sousa-de-fut7-movimenta-zona-rural-de-simoes-veja-fotos\/img_4495-5\/\"><img loading=\"lazy\" decoding=\"async\" class=\"attachment-full size-full\" src=\"https:\/\/cidadesemfoco.com\/wp-content\/uploads\/2024\/02\/IMG_4495.jpg\" sizes=\"(max-width: 900px) 100vw, 900px\" srcset=\"https:\/\/cidadesemfoco.com\/wp-content\/uploads\/2024\/02\/IMG_4495.jpg 900w, https:\/\/cidadesemfoco.com\/wp-content\/uploads\/2024\/02\/IMG_4495-300x200.jpg 300w, https:\/\/cidadesemfoco.com\/wp-content\/uploads\/2024\/02\/IMG_4495-768x512.jpg 768w, https:\/\/cidadesemfoco.com\/wp-content\/uploads\/2024\/02\/IMG_4495-480x320.jpg 480w, https:\/\/cidadesemfoco.com\/wp-content\/uploads\/2024\/02\/IMG_4495-280x186.jpg 280w, https:\/\/cidadesemfoco.com\/wp-content\/uploads\/2024\/02\/IMG_4495-600x400.jpg 600w, https:\/\/cidadesemfoco.com\/wp-content\/uploads\/2024\/02\/IMG_4495-585x390.jpg 585w\" alt=\"\" width=\"900\" height=\"600\" \/><\/a><\/div>\n<\/figure>\n<figure class=\"gallery-item\">\n<div class=\"gallery-icon landscape\"><a href=\"https:\/\/cidadesemfoco.com\/abertura-da-ii-copa-joao-de-sousa-de-fut7-movimenta-zona-rural-de-simoes-veja-fotos\/img_4496-7\/\"><img loading=\"lazy\" decoding=\"async\" class=\"attachment-full size-full\" src=\"https:\/\/cidadesemfoco.com\/wp-content\/uploads\/2024\/02\/IMG_4496.jpg\" sizes=\"(max-width: 900px) 100vw, 900px\" srcset=\"https:\/\/cidadesemfoco.com\/wp-content\/uploads\/2024\/02\/IMG_4496.jpg 900w, https:\/\/cidadesemfoco.com\/wp-content\/uploads\/2024\/02\/IMG_4496-300x200.jpg 300w, https:\/\/cidadesemfoco.com\/wp-content\/uploads\/2024\/02\/IMG_4496-768x512.jpg 768w, https:\/\/cidadesemfoco.com\/wp-content\/uploads\/2024\/02\/IMG_4496-480x320.jpg 480w, https:\/\/cidadesemfoco.com\/wp-content\/uploads\/2024\/02\/IMG_4496-280x186.jpg 280w, https:\/\/cidadesemfoco.com\/wp-content\/uploads\/2024\/02\/IMG_4496-600x400.jpg 600w, https:\/\/cidadesemfoco.com\/wp-content\/uploads\/2024\/02\/IMG_4496-585x390.jpg 585w\" alt=\"\" width=\"900\" height=\"600\" \/><\/a><\/div>\n<\/figure>\n<figure class=\"gallery-item\">\n<div class=\"gallery-icon portrait\"><a href=\"https:\/\/cidadesemfoco.com\/abertura-da-ii-copa-joao-de-sousa-de-fut7-movimenta-zona-rural-de-simoes-veja-fotos\/img_4497-5\/\"><img loading=\"lazy\" decoding=\"async\" class=\"attachment-full size-full\" src=\"https:\/\/cidadesemfoco.com\/wp-content\/uploads\/2024\/02\/IMG_4497.jpg\" sizes=\"(max-width: 400px) 100vw, 400px\" srcset=\"https:\/\/cidadesemfoco.com\/wp-content\/uploads\/2024\/02\/IMG_4497.jpg 400w, https:\/\/cidadesemfoco.com\/wp-content\/uploads\/2024\/02\/IMG_4497-200x300.jpg 200w, https:\/\/cidadesemfoco.com\/wp-content\/uploads\/2024\/02\/IMG_4497-267x400.jpg 267w\" alt=\"\" width=\"400\" height=\"600\" \/><\/a><\/div>\n<\/figure>\n<figure class=\"gallery-item\">\n<div class=\"gallery-icon portrait\"><a href=\"https:\/\/cidadesemfoco.com\/abertura-da-ii-copa-joao-de-sousa-de-fut7-movimenta-zona-rural-de-simoes-veja-fotos\/img_4499-4\/\"><img loading=\"lazy\" decoding=\"async\" class=\"attachment-full size-full\" src=\"https:\/\/cidadesemfoco.com\/wp-content\/uploads\/2024\/02\/IMG_4499.jpg\" sizes=\"(max-width: 400px) 100vw, 400px\" srcset=\"https:\/\/cidadesemfoco.com\/wp-content\/uploads\/2024\/02\/IMG_4499.jpg 400w, https:\/\/cidadesemfoco.com\/wp-content\/uploads\/2024\/02\/IMG_4499-200x300.jpg 200w, https:\/\/cidadesemfoco.com\/wp-content\/uploads\/2024\/02\/IMG_4499-267x400.jpg 267w\" alt=\"\" width=\"400\" height=\"600\" \/><\/a><\/div>\n<\/figure>\n<figure class=\"gallery-item\">\n<div class=\"gallery-icon portrait\"><a href=\"https:\/\/cidadesemfoco.com\/abertura-da-ii-copa-joao-de-sousa-de-fut7-movimenta-zona-rural-de-simoes-veja-fotos\/img_4501-6\/\"><img loading=\"lazy\" decoding=\"async\" class=\"attachment-full size-full\" src=\"https:\/\/cidadesemfoco.com\/wp-content\/uploads\/2024\/02\/IMG_4501.jpg\" sizes=\"(max-width: 400px) 100vw, 400px\" srcset=\"https:\/\/cidadesemfoco.com\/wp-content\/uploads\/2024\/02\/IMG_4501.jpg 400w, https:\/\/cidadesemfoco.com\/wp-content\/uploads\/2024\/02\/IMG_4501-200x300.jpg 200w, https:\/\/cidadesemfoco.com\/wp-content\/uploads\/2024\/02\/IMG_4501-267x400.jpg 267w\" alt=\"\" width=\"400\" height=\"600\" \/><\/a><\/div>\n<\/figure>\n<figure class=\"gallery-item\">\n<div class=\"gallery-icon landscape\"><a href=\"https:\/\/cidadesemfoco.com\/abertura-da-ii-copa-joao-de-sousa-de-fut7-movimenta-zona-rural-de-simoes-veja-fotos\/img_4503-4\/\"><img loading=\"lazy\" decoding=\"async\" class=\"attachment-full size-full\" src=\"https:\/\/cidadesemfoco.com\/wp-content\/uploads\/2024\/02\/IMG_4503.jpg\" sizes=\"(max-width: 900px) 100vw, 900px\" srcset=\"https:\/\/cidadesemfoco.com\/wp-content\/uploads\/2024\/02\/IMG_4503.jpg 900w, https:\/\/cidadesemfoco.com\/wp-content\/uploads\/2024\/02\/IMG_4503-300x200.jpg 300w, https:\/\/cidadesemfoco.com\/wp-content\/uploads\/2024\/02\/IMG_4503-768x512.jpg 768w, https:\/\/cidadesemfoco.com\/wp-content\/uploads\/2024\/02\/IMG_4503-480x320.jpg 480w, https:\/\/cidadesemfoco.com\/wp-content\/uploads\/2024\/02\/IMG_4503-280x186.jpg 280w, https:\/\/cidadesemfoco.com\/wp-content\/uploads\/2024\/02\/IMG_4503-600x400.jpg 600w, https:\/\/cidadesemfoco.com\/wp-content\/uploads\/2024\/02\/IMG_4503-585x390.jpg 585w\" alt=\"\" width=\"900\" height=\"600\" \/><\/a><\/div>\n<\/figure>\n<figure class=\"gallery-item\">\n<div class=\"gallery-icon landscape\"><a href=\"https:\/\/cidadesemfoco.com\/abertura-da-ii-copa-joao-de-sousa-de-fut7-movimenta-zona-rural-de-simoes-veja-fotos\/img_4504-5\/\"><img loading=\"lazy\" decoding=\"async\" class=\"attachment-full size-full\" src=\"https:\/\/cidadesemfoco.com\/wp-content\/uploads\/2024\/02\/IMG_4504.jpg\" sizes=\"(max-width: 900px) 100vw, 900px\" srcset=\"https:\/\/cidadesemfoco.com\/wp-content\/uploads\/2024\/02\/IMG_4504.jpg 900w, https:\/\/cidadesemfoco.com\/wp-content\/uploads\/2024\/02\/IMG_4504-300x200.jpg 300w, https:\/\/cidadesemfoco.com\/wp-content\/uploads\/2024\/02\/IMG_4504-768x512.jpg 768w, https:\/\/cidadesemfoco.com\/wp-content\/uploads\/2024\/02\/IMG_4504-480x320.jpg 480w, https:\/\/cidadesemfoco.com\/wp-content\/uploads\/2024\/02\/IMG_4504-280x186.jpg 280w, https:\/\/cidadesemfoco.com\/wp-content\/uploads\/2024\/02\/IMG_4504-600x400.jpg 600w, https:\/\/cidadesemfoco.com\/wp-content\/uploads\/2024\/02\/IMG_4504-585x390.jpg 585w\" alt=\"\" width=\"900\" height=\"600\" \/><\/a><\/div>\n<\/figure>\n<figure class=\"gallery-item\">\n<div class=\"gallery-icon portrait\"><a href=\"https:\/\/cidadesemfoco.com\/abertura-da-ii-copa-joao-de-sousa-de-fut7-movimenta-zona-rural-de-simoes-veja-fotos\/img_4505-7\/\"><img loading=\"lazy\" decoding=\"async\" class=\"attachment-full size-full\" src=\"https:\/\/cidadesemfoco.com\/wp-content\/uploads\/2024\/02\/IMG_4505.jpg\" sizes=\"(max-width: 400px) 100vw, 400px\" srcset=\"https:\/\/cidadesemfoco.com\/wp-content\/uploads\/2024\/02\/IMG_4505.jpg 400w, https:\/\/cidadesemfoco.com\/wp-content\/uploads\/2024\/02\/IMG_4505-200x300.jpg 200w, https:\/\/cidadesemfoco.com\/wp-content\/uploads\/2024\/02\/IMG_4505-267x400.jpg 267w\" alt=\"\" width=\"400\" height=\"600\" \/><\/a><\/div>\n<\/figure>\n<figure class=\"gallery-item\">\n<div class=\"gallery-icon portrait\"><a href=\"https:\/\/cidadesemfoco.com\/abertura-da-ii-copa-joao-de-sousa-de-fut7-movimenta-zona-rural-de-simoes-veja-fotos\/img_4506-6\/\"><img loading=\"lazy\" decoding=\"async\" class=\"attachment-full size-full\" src=\"https:\/\/cidadesemfoco.com\/wp-content\/uploads\/2024\/02\/IMG_4506.jpg\" sizes=\"(max-width: 400px) 100vw, 400px\" srcset=\"https:\/\/cidadesemfoco.com\/wp-content\/uploads\/2024\/02\/IMG_4506.jpg 400w, https:\/\/cidadesemfoco.com\/wp-content\/uploads\/2024\/02\/IMG_4506-200x300.jpg 200w, https:\/\/cidadesemfoco.com\/wp-content\/uploads\/2024\/02\/IMG_4506-267x400.jpg 267w\" alt=\"\" width=\"400\" height=\"600\" \/><\/a><\/div>\n<\/figure>\n<figure class=\"gallery-item\">\n<div class=\"gallery-icon portrait\"><a href=\"https:\/\/cidadesemfoco.com\/abertura-da-ii-copa-joao-de-sousa-de-fut7-movimenta-zona-rural-de-simoes-veja-fotos\/img_4507-4\/\"><img loading=\"lazy\" decoding=\"async\" class=\"attachment-full size-full\" src=\"https:\/\/cidadesemfoco.com\/wp-content\/uploads\/2024\/02\/IMG_4507.jpg\" sizes=\"(max-width: 400px) 100vw, 400px\" srcset=\"https:\/\/cidadesemfoco.com\/wp-content\/uploads\/2024\/02\/IMG_4507.jpg 400w, https:\/\/cidadesemfoco.com\/wp-content\/uploads\/2024\/02\/IMG_4507-200x300.jpg 200w, https:\/\/cidadesemfoco.com\/wp-content\/uploads\/2024\/02\/IMG_4507-267x400.jpg 267w\" alt=\"\" width=\"400\" height=\"600\" \/><\/a><\/div>\n<\/figure>\n<figure class=\"gallery-item\">\n<div class=\"gallery-icon portrait\"><a href=\"https:\/\/cidadesemfoco.com\/abertura-da-ii-copa-joao-de-sousa-de-fut7-movimenta-zona-rural-de-simoes-veja-fotos\/img_4508-3\/\"><img loading=\"lazy\" decoding=\"async\" class=\"attachment-full size-full\" src=\"https:\/\/cidadesemfoco.com\/wp-content\/uploads\/2024\/02\/IMG_4508.jpg\" sizes=\"(max-width: 400px) 100vw, 400px\" srcset=\"https:\/\/cidadesemfoco.com\/wp-content\/uploads\/2024\/02\/IMG_4508.jpg 400w, https:\/\/cidadesemfoco.com\/wp-content\/uploads\/2024\/02\/IMG_4508-200x300.jpg 200w, https:\/\/cidadesemfoco.com\/wp-content\/uploads\/2024\/02\/IMG_4508-267x400.jpg 267w\" alt=\"\" width=\"400\" height=\"600\" \/><\/a><\/div>\n<\/figure>\n<figure class=\"gallery-item\">\n<div class=\"gallery-icon landscape\"><a href=\"https:\/\/cidadesemfoco.com\/abertura-da-ii-copa-joao-de-sousa-de-fut7-movimenta-zona-rural-de-simoes-veja-fotos\/img_4510-6\/\"><img loading=\"lazy\" decoding=\"async\" class=\"attachment-full size-full\" src=\"https:\/\/cidadesemfoco.com\/wp-content\/uploads\/2024\/02\/IMG_4510.jpg\" sizes=\"(max-width: 900px) 100vw, 900px\" srcset=\"https:\/\/cidadesemfoco.com\/wp-content\/uploads\/2024\/02\/IMG_4510.jpg 900w, https:\/\/cidadesemfoco.com\/wp-content\/uploads\/2024\/02\/IMG_4510-300x200.jpg 300w, https:\/\/cidadesemfoco.com\/wp-content\/uploads\/2024\/02\/IMG_4510-768x512.jpg 768w, https:\/\/cidadesemfoco.com\/wp-content\/uploads\/2024\/02\/IMG_4510-480x320.jpg 480w, https:\/\/cidadesemfoco.com\/wp-content\/uploads\/2024\/02\/IMG_4510-280x186.jpg 280w, https:\/\/cidadesemfoco.com\/wp-content\/uploads\/2024\/02\/IMG_4510-600x400.jpg 600w, https:\/\/cidadesemfoco.com\/wp-content\/uploads\/2024\/02\/IMG_4510-585x390.jpg 585w\" alt=\"\" width=\"900\" height=\"600\" \/><\/a><\/div>\n<\/figure>\n<figure class=\"gallery-item\">\n<div class=\"gallery-icon landscape\"><a href=\"https:\/\/cidadesemfoco.com\/abertura-da-ii-copa-joao-de-sousa-de-fut7-movimenta-zona-rural-de-simoes-veja-fotos\/img_4512-6\/\"><img loading=\"lazy\" decoding=\"async\" class=\"attachment-full size-full\" src=\"https:\/\/cidadesemfoco.com\/wp-content\/uploads\/2024\/02\/IMG_4512.jpg\" sizes=\"(max-width: 900px) 100vw, 900px\" srcset=\"https:\/\/cidadesemfoco.com\/wp-content\/uploads\/2024\/02\/IMG_4512.jpg 900w, https:\/\/cidadesemfoco.com\/wp-content\/uploads\/2024\/02\/IMG_4512-300x200.jpg 300w, https:\/\/cidadesemfoco.com\/wp-content\/uploads\/2024\/02\/IMG_4512-768x512.jpg 768w, https:\/\/cidadesemfoco.com\/wp-content\/uploads\/2024\/02\/IMG_4512-480x320.jpg 480w, https:\/\/cidadesemfoco.com\/wp-content\/uploads\/2024\/02\/IMG_4512-280x186.jpg 280w, https:\/\/cidadesemfoco.com\/wp-content\/uploads\/2024\/02\/IMG_4512-600x400.jpg 600w, https:\/\/cidadesemfoco.com\/wp-content\/uploads\/2024\/02\/IMG_4512-585x390.jpg 585w\" alt=\"\" width=\"900\" height=\"600\" \/><\/a><\/div>\n<\/figure>\n<figure class=\"gallery-item\">\n<div class=\"gallery-icon landscape\"><a href=\"https:\/\/cidadesemfoco.com\/abertura-da-ii-copa-joao-de-sousa-de-fut7-movimenta-zona-rural-de-simoes-veja-fotos\/img_4514-5\/\"><img loading=\"lazy\" decoding=\"async\" class=\"attachment-full size-full\" src=\"https:\/\/cidadesemfoco.com\/wp-content\/uploads\/2024\/02\/IMG_4514.jpg\" sizes=\"(max-width: 900px) 100vw, 900px\" srcset=\"https:\/\/cidadesemfoco.com\/wp-content\/uploads\/2024\/02\/IMG_4514.jpg 900w, https:\/\/cidadesemfoco.com\/wp-content\/uploads\/2024\/02\/IMG_4514-300x200.jpg 300w, https:\/\/cidadesemfoco.com\/wp-content\/uploads\/2024\/02\/IMG_4514-768x512.jpg 768w, https:\/\/cidadesemfoco.com\/wp-content\/uploads\/2024\/02\/IMG_4514-480x320.jpg 480w, https:\/\/cidadesemfoco.com\/wp-content\/uploads\/2024\/02\/IMG_4514-280x186.jpg 280w, https:\/\/cidadesemfoco.com\/wp-content\/uploads\/2024\/02\/IMG_4514-600x400.jpg 600w, https:\/\/cidadesemfoco.com\/wp-content\/uploads\/2024\/02\/IMG_4514-585x390.jpg 585w\" alt=\"\" width=\"900\" height=\"600\" \/><\/a><\/div>\n<\/figure>\n<figure class=\"gallery-item\">\n<div class=\"gallery-icon landscape\"><a href=\"https:\/\/cidadesemfoco.com\/abertura-da-ii-copa-joao-de-sousa-de-fut7-movimenta-zona-rural-de-simoes-veja-fotos\/img_4515-5\/\"><img loading=\"lazy\" decoding=\"async\" class=\"attachment-full size-full\" src=\"https:\/\/cidadesemfoco.com\/wp-content\/uploads\/2024\/02\/IMG_4515.jpg\" sizes=\"(max-width: 900px) 100vw, 900px\" srcset=\"https:\/\/cidadesemfoco.com\/wp-content\/uploads\/2024\/02\/IMG_4515.jpg 900w, https:\/\/cidadesemfoco.com\/wp-content\/uploads\/2024\/02\/IMG_4515-300x200.jpg 300w, https:\/\/cidadesemfoco.com\/wp-content\/uploads\/2024\/02\/IMG_4515-768x512.jpg 768w, https:\/\/cidadesemfoco.com\/wp-content\/uploads\/2024\/02\/IMG_4515-480x320.jpg 480w, https:\/\/cidadesemfoco.com\/wp-content\/uploads\/2024\/02\/IMG_4515-280x186.jpg 280w, https:\/\/cidadesemfoco.com\/wp-content\/uploads\/2024\/02\/IMG_4515-600x400.jpg 600w, https:\/\/cidadesemfoco.com\/wp-content\/uploads\/2024\/02\/IMG_4515-585x390.jpg 585w\" alt=\"\" width=\"900\" height=\"600\" \/><\/a><\/div>\n<\/figure>\n<figure class=\"gallery-item\">\n<div class=\"gallery-icon landscape\"><a href=\"https:\/\/cidadesemfoco.com\/abertura-da-ii-copa-joao-de-sousa-de-fut7-movimenta-zona-rural-de-simoes-veja-fotos\/img_4517-4\/\"><img loading=\"lazy\" decoding=\"async\" class=\"attachment-full size-full\" src=\"https:\/\/cidadesemfoco.com\/wp-content\/uploads\/2024\/02\/IMG_4517.jpg\" sizes=\"(max-width: 900px) 100vw, 900px\" srcset=\"https:\/\/cidadesemfoco.com\/wp-content\/uploads\/2024\/02\/IMG_4517.jpg 900w, https:\/\/cidadesemfoco.com\/wp-content\/uploads\/2024\/02\/IMG_4517-300x200.jpg 300w, https:\/\/cidadesemfoco.com\/wp-content\/uploads\/2024\/02\/IMG_4517-768x512.jpg 768w, https:\/\/cidadesemfoco.com\/wp-content\/uploads\/2024\/02\/IMG_4517-480x320.jpg 480w, https:\/\/cidadesemfoco.com\/wp-content\/uploads\/2024\/02\/IMG_4517-280x186.jpg 280w, https:\/\/cidadesemfoco.com\/wp-content\/uploads\/2024\/02\/IMG_4517-600x400.jpg 600w, https:\/\/cidadesemfoco.com\/wp-content\/uploads\/2024\/02\/IMG_4517-585x390.jpg 585w\" alt=\"\" width=\"900\" height=\"600\" \/><\/a><\/div>\n<\/figure>\n<figure class=\"gallery-item\">\n<div class=\"gallery-icon landscape\"><a href=\"https:\/\/cidadesemfoco.com\/abertura-da-ii-copa-joao-de-sousa-de-fut7-movimenta-zona-rural-de-simoes-veja-fotos\/img_4519-5\/\"><img loading=\"lazy\" decoding=\"async\" class=\"attachment-full size-full\" src=\"https:\/\/cidadesemfoco.com\/wp-content\/uploads\/2024\/02\/IMG_4519.jpg\" sizes=\"(max-width: 900px) 100vw, 900px\" srcset=\"https:\/\/cidadesemfoco.com\/wp-content\/uploads\/2024\/02\/IMG_4519.jpg 900w, https:\/\/cidadesemfoco.com\/wp-content\/uploads\/2024\/02\/IMG_4519-300x200.jpg 300w, https:\/\/cidadesemfoco.com\/wp-content\/uploads\/2024\/02\/IMG_4519-768x512.jpg 768w, https:\/\/cidadesemfoco.com\/wp-content\/uploads\/2024\/02\/IMG_4519-480x320.jpg 480w, https:\/\/cidadesemfoco.com\/wp-content\/uploads\/2024\/02\/IMG_4519-280x186.jpg 280w, https:\/\/cidadesemfoco.com\/wp-content\/uploads\/2024\/02\/IMG_4519-600x400.jpg 600w, https:\/\/cidadesemfoco.com\/wp-content\/uploads\/2024\/02\/IMG_4519-585x390.jpg 585w\" alt=\"\" width=\"900\" height=\"600\" \/><\/a><\/div>\n<\/figure>\n<figure class=\"gallery-item\">\n<div class=\"gallery-icon landscape\"><a href=\"https:\/\/cidadesemfoco.com\/abertura-da-ii-copa-joao-de-sousa-de-fut7-movimenta-zona-rural-de-simoes-veja-fotos\/img_4521-2\/\"><img loading=\"lazy\" decoding=\"async\" class=\"attachment-full size-full\" src=\"https:\/\/cidadesemfoco.com\/wp-content\/uploads\/2024\/02\/IMG_4521.jpg\" sizes=\"(max-width: 900px) 100vw, 900px\" srcset=\"https:\/\/cidadesemfoco.com\/wp-content\/uploads\/2024\/02\/IMG_4521.jpg 900w, https:\/\/cidadesemfoco.com\/wp-content\/uploads\/2024\/02\/IMG_4521-300x200.jpg 300w, https:\/\/cidadesemfoco.com\/wp-content\/uploads\/2024\/02\/IMG_4521-768x512.jpg 768w, https:\/\/cidadesemfoco.com\/wp-content\/uploads\/2024\/02\/IMG_4521-480x320.jpg 480w, https:\/\/cidadesemfoco.com\/wp-content\/uploads\/2024\/02\/IMG_4521-280x186.jpg 280w, https:\/\/cidadesemfoco.com\/wp-content\/uploads\/2024\/02\/IMG_4521-600x400.jpg 600w, https:\/\/cidadesemfoco.com\/wp-content\/uploads\/2024\/02\/IMG_4521-585x390.jpg 585w\" alt=\"\" width=\"900\" height=\"600\" \/><\/a><\/div>\n<\/figure>\n<figure class=\"gallery-item\">\n<div class=\"gallery-icon landscape\"><a href=\"https:\/\/cidadesemfoco.com\/abertura-da-ii-copa-joao-de-sousa-de-fut7-movimenta-zona-rural-de-simoes-veja-fotos\/img_4522-5\/\"><img loading=\"lazy\" decoding=\"async\" class=\"attachment-full size-full\" src=\"https:\/\/cidadesemfoco.com\/wp-content\/uploads\/2024\/02\/IMG_4522.jpg\" sizes=\"(max-width: 900px) 100vw, 900px\" srcset=\"https:\/\/cidadesemfoco.com\/wp-content\/uploads\/2024\/02\/IMG_4522.jpg 900w, https:\/\/cidadesemfoco.com\/wp-content\/uploads\/2024\/02\/IMG_4522-300x200.jpg 300w, https:\/\/cidadesemfoco.com\/wp-content\/uploads\/2024\/02\/IMG_4522-768x512.jpg 768w, https:\/\/cidadesemfoco.com\/wp-content\/uploads\/2024\/02\/IMG_4522-480x320.jpg 480w, https:\/\/cidadesemfoco.com\/wp-content\/uploads\/2024\/02\/IMG_4522-280x186.jpg 280w, https:\/\/cidadesemfoco.com\/wp-content\/uploads\/2024\/02\/IMG_4522-600x400.jpg 600w, https:\/\/cidadesemfoco.com\/wp-content\/uploads\/2024\/02\/IMG_4522-585x390.jpg 585w\" alt=\"\" width=\"900\" height=\"600\" \/><\/a><\/div>\n<\/figure>\n<figure class=\"gallery-item\">\n<div class=\"gallery-icon landscape\"><a href=\"https:\/\/cidadesemfoco.com\/abertura-da-ii-copa-joao-de-sousa-de-fut7-movimenta-zona-rural-de-simoes-veja-fotos\/img_4524-4\/\"><img loading=\"lazy\" decoding=\"async\" class=\"attachment-full size-full\" src=\"https:\/\/cidadesemfoco.com\/wp-content\/uploads\/2024\/02\/IMG_4524.jpg\" sizes=\"(max-width: 900px) 100vw, 900px\" srcset=\"https:\/\/cidadesemfoco.com\/wp-content\/uploads\/2024\/02\/IMG_4524.jpg 900w, https:\/\/cidadesemfoco.com\/wp-content\/uploads\/2024\/02\/IMG_4524-300x200.jpg 300w, https:\/\/cidadesemfoco.com\/wp-content\/uploads\/2024\/02\/IMG_4524-768x512.jpg 768w, https:\/\/cidadesemfoco.com\/wp-content\/uploads\/2024\/02\/IMG_4524-480x320.jpg 480w, https:\/\/cidadesemfoco.com\/wp-content\/uploads\/2024\/02\/IMG_4524-280x186.jpg 280w, https:\/\/cidadesemfoco.com\/wp-content\/uploads\/2024\/02\/IMG_4524-600x400.jpg 600w, https:\/\/cidadesemfoco.com\/wp-content\/uploads\/2024\/02\/IMG_4524-585x390.jpg 585w\" alt=\"\" width=\"900\" height=\"600\" \/><\/a><\/div>\n<\/figure>\n<figure class=\"gallery-item\">\n<div class=\"gallery-icon landscape\"><a href=\"https:\/\/cidadesemfoco.com\/abertura-da-ii-copa-joao-de-sousa-de-fut7-movimenta-zona-rural-de-simoes-veja-fotos\/img_4526-3\/\"><img loading=\"lazy\" decoding=\"async\" class=\"attachment-full size-full\" src=\"https:\/\/cidadesemfoco.com\/wp-content\/uploads\/2024\/02\/IMG_4526.jpg\" sizes=\"(max-width: 900px) 100vw, 900px\" srcset=\"https:\/\/cidadesemfoco.com\/wp-content\/uploads\/2024\/02\/IMG_4526.jpg 900w, https:\/\/cidadesemfoco.com\/wp-content\/uploads\/2024\/02\/IMG_4526-300x200.jpg 300w, https:\/\/cidadesemfoco.com\/wp-content\/uploads\/2024\/02\/IMG_4526-768x512.jpg 768w, https:\/\/cidadesemfoco.com\/wp-content\/uploads\/2024\/02\/IMG_4526-480x320.jpg 480w, https:\/\/cidadesemfoco.com\/wp-content\/uploads\/2024\/02\/IMG_4526-280x186.jpg 280w, https:\/\/cidadesemfoco.com\/wp-content\/uploads\/2024\/02\/IMG_4526-600x400.jpg 600w, https:\/\/cidadesemfoco.com\/wp-content\/uploads\/2024\/02\/IMG_4526-585x390.jpg 585w\" alt=\"\" width=\"900\" height=\"600\" \/><\/a><\/div>\n<\/figure>\n<figure class=\"gallery-item\">\n<div class=\"gallery-icon landscape\"><a href=\"https:\/\/cidadesemfoco.com\/abertura-da-ii-copa-joao-de-sousa-de-fut7-movimenta-zona-rural-de-simoes-veja-fotos\/img_4528-5\/\"><img loading=\"lazy\" decoding=\"async\" class=\"attachment-full size-full\" src=\"https:\/\/cidadesemfoco.com\/wp-content\/uploads\/2024\/02\/IMG_4528.jpg\" sizes=\"(max-width: 900px) 100vw, 900px\" srcset=\"https:\/\/cidadesemfoco.com\/wp-content\/uploads\/2024\/02\/IMG_4528.jpg 900w, https:\/\/cidadesemfoco.com\/wp-content\/uploads\/2024\/02\/IMG_4528-300x200.jpg 300w, https:\/\/cidadesemfoco.com\/wp-content\/uploads\/2024\/02\/IMG_4528-768x512.jpg 768w, https:\/\/cidadesemfoco.com\/wp-content\/uploads\/2024\/02\/IMG_4528-480x320.jpg 480w, https:\/\/cidadesemfoco.com\/wp-content\/uploads\/2024\/02\/IMG_4528-280x186.jpg 280w, https:\/\/cidadesemfoco.com\/wp-content\/uploads\/2024\/02\/IMG_4528-600x400.jpg 600w, https:\/\/cidadesemfoco.com\/wp-content\/uploads\/2024\/02\/IMG_4528-585x390.jpg 585w\" alt=\"\" width=\"900\" height=\"600\" \/><\/a><\/div>\n<\/figure>\n<figure class=\"gallery-item\">\n<div class=\"gallery-icon portrait\"><a href=\"https:\/\/cidadesemfoco.com\/abertura-da-ii-copa-joao-de-sousa-de-fut7-movimenta-zona-rural-de-simoes-veja-fotos\/img_4529-6\/\"><img loading=\"lazy\" decoding=\"async\" class=\"attachment-full size-full\" src=\"https:\/\/cidadesemfoco.com\/wp-content\/uploads\/2024\/02\/IMG_4529.jpg\" sizes=\"(max-width: 400px) 100vw, 400px\" srcset=\"https:\/\/cidadesemfoco.com\/wp-content\/uploads\/2024\/02\/IMG_4529.jpg 400w, https:\/\/cidadesemfoco.com\/wp-content\/uploads\/2024\/02\/IMG_4529-200x300.jpg 200w, https:\/\/cidadesemfoco.com\/wp-content\/uploads\/2024\/02\/IMG_4529-267x400.jpg 267w\" alt=\"\" width=\"400\" height=\"600\" \/><\/a><\/div>\n<\/figure>\n<figure class=\"gallery-item\">\n<div class=\"gallery-icon landscape\"><a href=\"https:\/\/cidadesemfoco.com\/abertura-da-ii-copa-joao-de-sousa-de-fut7-movimenta-zona-rural-de-simoes-veja-fotos\/img_4531-3\/\"><img loading=\"lazy\" decoding=\"async\" class=\"attachment-full size-full\" src=\"https:\/\/cidadesemfoco.com\/wp-content\/uploads\/2024\/02\/IMG_4531.jpg\" sizes=\"(max-width: 900px) 100vw, 900px\" srcset=\"https:\/\/cidadesemfoco.com\/wp-content\/uploads\/2024\/02\/IMG_4531.jpg 900w, https:\/\/cidadesemfoco.com\/wp-content\/uploads\/2024\/02\/IMG_4531-300x200.jpg 300w, https:\/\/cidadesemfoco.com\/wp-content\/uploads\/2024\/02\/IMG_4531-768x512.jpg 768w, https:\/\/cidadesemfoco.com\/wp-content\/uploads\/2024\/02\/IMG_4531-480x320.jpg 480w, https:\/\/cidadesemfoco.com\/wp-content\/uploads\/2024\/02\/IMG_4531-280x186.jpg 280w, https:\/\/cidadesemfoco.com\/wp-content\/uploads\/2024\/02\/IMG_4531-600x400.jpg 600w, https:\/\/cidadesemfoco.com\/wp-content\/uploads\/2024\/02\/IMG_4531-585x390.jpg 585w\" alt=\"\" width=\"900\" height=\"600\" \/><\/a><\/div>\n<\/figure>\n<figure class=\"gallery-item\">\n<div class=\"gallery-icon landscape\"><a href=\"https:\/\/cidadesemfoco.com\/abertura-da-ii-copa-joao-de-sousa-de-fut7-movimenta-zona-rural-de-simoes-veja-fotos\/img_4532-2\/\"><img loading=\"lazy\" decoding=\"async\" class=\"attachment-full size-full\" src=\"https:\/\/cidadesemfoco.com\/wp-content\/uploads\/2024\/02\/IMG_4532.jpg\" sizes=\"(max-width: 900px) 100vw, 900px\" srcset=\"https:\/\/cidadesemfoco.com\/wp-content\/uploads\/2024\/02\/IMG_4532.jpg 900w, https:\/\/cidadesemfoco.com\/wp-content\/uploads\/2024\/02\/IMG_4532-300x200.jpg 300w, https:\/\/cidadesemfoco.com\/wp-content\/uploads\/2024\/02\/IMG_4532-768x512.jpg 768w, https:\/\/cidadesemfoco.com\/wp-content\/uploads\/2024\/02\/IMG_4532-480x320.jpg 480w, https:\/\/cidadesemfoco.com\/wp-content\/uploads\/2024\/02\/IMG_4532-280x186.jpg 280w, https:\/\/cidadesemfoco.com\/wp-content\/uploads\/2024\/02\/IMG_4532-600x400.jpg 600w, https:\/\/cidadesemfoco.com\/wp-content\/uploads\/2024\/02\/IMG_4532-585x390.jpg 585w\" alt=\"\" width=\"900\" height=\"600\" \/><\/a><\/div>\n<\/figure>\n<figure class=\"gallery-item\">\n<div class=\"gallery-icon landscape\"><a href=\"https:\/\/cidadesemfoco.com\/abertura-da-ii-copa-joao-de-sousa-de-fut7-movimenta-zona-rural-de-simoes-veja-fotos\/img_4534-4\/\"><img loading=\"lazy\" decoding=\"async\" class=\"attachment-full size-full\" src=\"https:\/\/cidadesemfoco.com\/wp-content\/uploads\/2024\/02\/IMG_4534.jpg\" sizes=\"(max-width: 900px) 100vw, 900px\" srcset=\"https:\/\/cidadesemfoco.com\/wp-content\/uploads\/2024\/02\/IMG_4534.jpg 900w, https:\/\/cidadesemfoco.com\/wp-content\/uploads\/2024\/02\/IMG_4534-300x200.jpg 300w, https:\/\/cidadesemfoco.com\/wp-content\/uploads\/2024\/02\/IMG_4534-768x512.jpg 768w, https:\/\/cidadesemfoco.com\/wp-content\/uploads\/2024\/02\/IMG_4534-480x320.jpg 480w, https:\/\/cidadesemfoco.com\/wp-content\/uploads\/2024\/02\/IMG_4534-280x186.jpg 280w, https:\/\/cidadesemfoco.com\/wp-content\/uploads\/2024\/02\/IMG_4534-600x400.jpg 600w, https:\/\/cidadesemfoco.com\/wp-content\/uploads\/2024\/02\/IMG_4534-585x390.jpg 585w\" alt=\"\" width=\"900\" height=\"600\" \/><\/a><\/div>\n<\/figure>\n<figure class=\"gallery-item\">\n<div class=\"gallery-icon landscape\"><a href=\"https:\/\/cidadesemfoco.com\/abertura-da-ii-copa-joao-de-sousa-de-fut7-movimenta-zona-rural-de-simoes-veja-fotos\/img_4536-4\/\"><img loading=\"lazy\" decoding=\"async\" class=\"attachment-full size-full\" src=\"https:\/\/cidadesemfoco.com\/wp-content\/uploads\/2024\/02\/IMG_4536.jpg\" sizes=\"(max-width: 900px) 100vw, 900px\" srcset=\"https:\/\/cidadesemfoco.com\/wp-content\/uploads\/2024\/02\/IMG_4536.jpg 900w, https:\/\/cidadesemfoco.com\/wp-content\/uploads\/2024\/02\/IMG_4536-300x200.jpg 300w, https:\/\/cidadesemfoco.com\/wp-content\/uploads\/2024\/02\/IMG_4536-768x512.jpg 768w, https:\/\/cidadesemfoco.com\/wp-content\/uploads\/2024\/02\/IMG_4536-480x320.jpg 480w, https:\/\/cidadesemfoco.com\/wp-content\/uploads\/2024\/02\/IMG_4536-280x186.jpg 280w, https:\/\/cidadesemfoco.com\/wp-content\/uploads\/2024\/02\/IMG_4536-600x400.jpg 600w, https:\/\/cidadesemfoco.com\/wp-content\/uploads\/2024\/02\/IMG_4536-585x390.jpg 585w\" alt=\"\" width=\"900\" height=\"600\" \/><\/a><\/div>\n<\/figure>\n<figure class=\"gallery-item\">\n<div class=\"gallery-icon landscape\"><a href=\"https:\/\/cidadesemfoco.com\/abertura-da-ii-copa-joao-de-sousa-de-fut7-movimenta-zona-rural-de-simoes-veja-fotos\/img_4537-5\/\"><img loading=\"lazy\" decoding=\"async\" class=\"attachment-full size-full\" src=\"https:\/\/cidadesemfoco.com\/wp-content\/uploads\/2024\/02\/IMG_4537.jpg\" sizes=\"(max-width: 900px) 100vw, 900px\" srcset=\"https:\/\/cidadesemfoco.com\/wp-content\/uploads\/2024\/02\/IMG_4537.jpg 900w, https:\/\/cidadesemfoco.com\/wp-content\/uploads\/2024\/02\/IMG_4537-300x200.jpg 300w, https:\/\/cidadesemfoco.com\/wp-content\/uploads\/2024\/02\/IMG_4537-768x512.jpg 768w, https:\/\/cidadesemfoco.com\/wp-content\/uploads\/2024\/02\/IMG_4537-480x320.jpg 480w, https:\/\/cidadesemfoco.com\/wp-content\/uploads\/2024\/02\/IMG_4537-280x186.jpg 280w, https:\/\/cidadesemfoco.com\/wp-content\/uploads\/2024\/02\/IMG_4537-600x400.jpg 600w, https:\/\/cidadesemfoco.com\/wp-content\/uploads\/2024\/02\/IMG_4537-585x390.jpg 585w\" alt=\"\" width=\"900\" height=\"600\" \/><\/a><\/div>\n<\/figure>\n<figure class=\"gallery-item\">\n<div class=\"gallery-icon landscape\"><a href=\"https:\/\/cidadesemfoco.com\/abertura-da-ii-copa-joao-de-sousa-de-fut7-movimenta-zona-rural-de-simoes-veja-fotos\/img_4539-4\/\"><img loading=\"lazy\" decoding=\"async\" class=\"attachment-full size-full\" src=\"https:\/\/cidadesemfoco.com\/wp-content\/uploads\/2024\/02\/IMG_4539.jpg\" sizes=\"(max-width: 900px) 100vw, 900px\" srcset=\"https:\/\/cidadesemfoco.com\/wp-content\/uploads\/2024\/02\/IMG_4539.jpg 900w, https:\/\/cidadesemfoco.com\/wp-content\/uploads\/2024\/02\/IMG_4539-300x200.jpg 300w, https:\/\/cidadesemfoco.com\/wp-content\/uploads\/2024\/02\/IMG_4539-768x512.jpg 768w, https:\/\/cidadesemfoco.com\/wp-content\/uploads\/2024\/02\/IMG_4539-480x320.jpg 480w, https:\/\/cidadesemfoco.com\/wp-content\/uploads\/2024\/02\/IMG_4539-280x186.jpg 280w, https:\/\/cidadesemfoco.com\/wp-content\/uploads\/2024\/02\/IMG_4539-600x400.jpg 600w, https:\/\/cidadesemfoco.com\/wp-content\/uploads\/2024\/02\/IMG_4539-585x390.jpg 585w\" alt=\"\" width=\"900\" height=\"600\" \/><\/a><\/div>\n<\/figure>\n<figure class=\"gallery-item\">\n<div class=\"gallery-icon landscape\"><a href=\"https:\/\/cidadesemfoco.com\/abertura-da-ii-copa-joao-de-sousa-de-fut7-movimenta-zona-rural-de-simoes-veja-fotos\/img_4541-2\/\"><img loading=\"lazy\" decoding=\"async\" class=\"attachment-full size-full\" src=\"https:\/\/cidadesemfoco.com\/wp-content\/uploads\/2024\/02\/IMG_4541.jpg\" sizes=\"(max-width: 900px) 100vw, 900px\" srcset=\"https:\/\/cidadesemfoco.com\/wp-content\/uploads\/2024\/02\/IMG_4541.jpg 900w, https:\/\/cidadesemfoco.com\/wp-content\/uploads\/2024\/02\/IMG_4541-300x200.jpg 300w, https:\/\/cidadesemfoco.com\/wp-content\/uploads\/2024\/02\/IMG_4541-768x512.jpg 768w, https:\/\/cidadesemfoco.com\/wp-content\/uploads\/2024\/02\/IMG_4541-480x320.jpg 480w, https:\/\/cidadesemfoco.com\/wp-content\/uploads\/2024\/02\/IMG_4541-280x186.jpg 280w, https:\/\/cidadesemfoco.com\/wp-content\/uploads\/2024\/02\/IMG_4541-600x400.jpg 600w, https:\/\/cidadesemfoco.com\/wp-content\/uploads\/2024\/02\/IMG_4541-585x390.jpg 585w\" alt=\"\" width=\"900\" height=\"600\" \/><\/a><\/div>\n<\/figure>\n<figure class=\"gallery-item\">\n<div class=\"gallery-icon landscape\"><a href=\"https:\/\/cidadesemfoco.com\/abertura-da-ii-copa-joao-de-sousa-de-fut7-movimenta-zona-rural-de-simoes-veja-fotos\/img_4542-3\/\"><img loading=\"lazy\" decoding=\"async\" class=\"attachment-full size-full\" src=\"https:\/\/cidadesemfoco.com\/wp-content\/uploads\/2024\/02\/IMG_4542.jpg\" sizes=\"(max-width: 900px) 100vw, 900px\" srcset=\"https:\/\/cidadesemfoco.com\/wp-content\/uploads\/2024\/02\/IMG_4542.jpg 900w, https:\/\/cidadesemfoco.com\/wp-content\/uploads\/2024\/02\/IMG_4542-300x200.jpg 300w, https:\/\/cidadesemfoco.com\/wp-content\/uploads\/2024\/02\/IMG_4542-768x512.jpg 768w, https:\/\/cidadesemfoco.com\/wp-content\/uploads\/2024\/02\/IMG_4542-480x320.jpg 480w, https:\/\/cidadesemfoco.com\/wp-content\/uploads\/2024\/02\/IMG_4542-280x186.jpg 280w, https:\/\/cidadesemfoco.com\/wp-content\/uploads\/2024\/02\/IMG_4542-600x400.jpg 600w, https:\/\/cidadesemfoco.com\/wp-content\/uploads\/2024\/02\/IMG_4542-585x390.jpg 585w\" alt=\"\" width=\"900\" height=\"600\" \/><\/a><\/div>\n<\/figure>\n<figure class=\"gallery-item\">\n<div class=\"gallery-icon landscape\"><a href=\"https:\/\/cidadesemfoco.com\/abertura-da-ii-copa-joao-de-sousa-de-fut7-movimenta-zona-rural-de-simoes-veja-fotos\/img_4543-4\/\"><img loading=\"lazy\" decoding=\"async\" class=\"attachment-full size-full\" src=\"https:\/\/cidadesemfoco.com\/wp-content\/uploads\/2024\/02\/IMG_4543.jpg\" sizes=\"(max-width: 900px) 100vw, 900px\" srcset=\"https:\/\/cidadesemfoco.com\/wp-content\/uploads\/2024\/02\/IMG_4543.jpg 900w, https:\/\/cidadesemfoco.com\/wp-content\/uploads\/2024\/02\/IMG_4543-300x200.jpg 300w, https:\/\/cidadesemfoco.com\/wp-content\/uploads\/2024\/02\/IMG_4543-768x512.jpg 768w, https:\/\/cidadesemfoco.com\/wp-content\/uploads\/2024\/02\/IMG_4543-480x320.jpg 480w, https:\/\/cidadesemfoco.com\/wp-content\/uploads\/2024\/02\/IMG_4543-280x186.jpg 280w, https:\/\/cidadesemfoco.com\/wp-content\/uploads\/2024\/02\/IMG_4543-600x400.jpg 600w, https:\/\/cidadesemfoco.com\/wp-content\/uploads\/2024\/02\/IMG_4543-585x390.jpg 585w\" alt=\"\" width=\"900\" height=\"600\" \/><\/a><\/div>\n<\/figure>\n<figure class=\"gallery-item\">\n<div class=\"gallery-icon landscape\"><a href=\"https:\/\/cidadesemfoco.com\/abertura-da-ii-copa-joao-de-sousa-de-fut7-movimenta-zona-rural-de-simoes-veja-fotos\/img_4544-3\/\"><img loading=\"lazy\" decoding=\"async\" class=\"attachment-full size-full\" src=\"https:\/\/cidadesemfoco.com\/wp-content\/uploads\/2024\/02\/IMG_4544.jpg\" sizes=\"(max-width: 900px) 100vw, 900px\" srcset=\"https:\/\/cidadesemfoco.com\/wp-content\/uploads\/2024\/02\/IMG_4544.jpg 900w, https:\/\/cidadesemfoco.com\/wp-content\/uploads\/2024\/02\/IMG_4544-300x200.jpg 300w, https:\/\/cidadesemfoco.com\/wp-content\/uploads\/2024\/02\/IMG_4544-768x512.jpg 768w, https:\/\/cidadesemfoco.com\/wp-content\/uploads\/2024\/02\/IMG_4544-480x320.jpg 480w, https:\/\/cidadesemfoco.com\/wp-content\/uploads\/2024\/02\/IMG_4544-280x186.jpg 280w, https:\/\/cidadesemfoco.com\/wp-content\/uploads\/2024\/02\/IMG_4544-600x400.jpg 600w, https:\/\/cidadesemfoco.com\/wp-content\/uploads\/2024\/02\/IMG_4544-585x390.jpg 585w\" alt=\"\" width=\"900\" height=\"600\" \/><\/a><\/div>\n<\/figure>\n<figure class=\"gallery-item\">\n<div class=\"gallery-icon landscape\"><a href=\"https:\/\/cidadesemfoco.com\/abertura-da-ii-copa-joao-de-sousa-de-fut7-movimenta-zona-rural-de-simoes-veja-fotos\/img_4545-4\/\"><img loading=\"lazy\" decoding=\"async\" class=\"attachment-full size-full\" src=\"https:\/\/cidadesemfoco.com\/wp-content\/uploads\/2024\/02\/IMG_4545.jpg\" sizes=\"(max-width: 900px) 100vw, 900px\" srcset=\"https:\/\/cidadesemfoco.com\/wp-content\/uploads\/2024\/02\/IMG_4545.jpg 900w, https:\/\/cidadesemfoco.com\/wp-content\/uploads\/2024\/02\/IMG_4545-300x200.jpg 300w, https:\/\/cidadesemfoco.com\/wp-content\/uploads\/2024\/02\/IMG_4545-768x512.jpg 768w, https:\/\/cidadesemfoco.com\/wp-content\/uploads\/2024\/02\/IMG_4545-480x320.jpg 480w, https:\/\/cidadesemfoco.com\/wp-content\/uploads\/2024\/02\/IMG_4545-280x186.jpg 280w, https:\/\/cidadesemfoco.com\/wp-content\/uploads\/2024\/02\/IMG_4545-600x400.jpg 600w, https:\/\/cidadesemfoco.com\/wp-content\/uploads\/2024\/02\/IMG_4545-585x390.jpg 585w\" alt=\"\" width=\"900\" height=\"600\" \/><\/a><\/div>\n<\/figure>\n<figure class=\"gallery-item\">\n<div class=\"gallery-icon landscape\"><a href=\"https:\/\/cidadesemfoco.com\/abertura-da-ii-copa-joao-de-sousa-de-fut7-movimenta-zona-rural-de-simoes-veja-fotos\/img_4546-6\/\"><img loading=\"lazy\" decoding=\"async\" class=\"attachment-full size-full\" src=\"https:\/\/cidadesemfoco.com\/wp-content\/uploads\/2024\/02\/IMG_4546.jpg\" sizes=\"(max-width: 900px) 100vw, 900px\" srcset=\"https:\/\/cidadesemfoco.com\/wp-content\/uploads\/2024\/02\/IMG_4546.jpg 900w, https:\/\/cidadesemfoco.com\/wp-content\/uploads\/2024\/02\/IMG_4546-300x200.jpg 300w, https:\/\/cidadesemfoco.com\/wp-content\/uploads\/2024\/02\/IMG_4546-768x512.jpg 768w, https:\/\/cidadesemfoco.com\/wp-content\/uploads\/2024\/02\/IMG_4546-480x320.jpg 480w, https:\/\/cidadesemfoco.com\/wp-content\/uploads\/2024\/02\/IMG_4546-280x186.jpg 280w, https:\/\/cidadesemfoco.com\/wp-content\/uploads\/2024\/02\/IMG_4546-600x400.jpg 600w, https:\/\/cidadesemfoco.com\/wp-content\/uploads\/2024\/02\/IMG_4546-585x390.jpg 585w\" alt=\"\" width=\"900\" height=\"600\" \/><\/a><\/div>\n<\/figure>\n<figure class=\"gallery-item\">\n<div class=\"gallery-icon landscape\"><a href=\"https:\/\/cidadesemfoco.com\/abertura-da-ii-copa-joao-de-sousa-de-fut7-movimenta-zona-rural-de-simoes-veja-fotos\/img_4549-3\/\"><img loading=\"lazy\" decoding=\"async\" class=\"attachment-full size-full\" src=\"https:\/\/cidadesemfoco.com\/wp-content\/uploads\/2024\/02\/IMG_4549.jpg\" sizes=\"(max-width: 900px) 100vw, 900px\" srcset=\"https:\/\/cidadesemfoco.com\/wp-content\/uploads\/2024\/02\/IMG_4549.jpg 900w, https:\/\/cidadesemfoco.com\/wp-content\/uploads\/2024\/02\/IMG_4549-300x200.jpg 300w, https:\/\/cidadesemfoco.com\/wp-content\/uploads\/2024\/02\/IMG_4549-768x512.jpg 768w, https:\/\/cidadesemfoco.com\/wp-content\/uploads\/2024\/02\/IMG_4549-480x320.jpg 480w, https:\/\/cidadesemfoco.com\/wp-content\/uploads\/2024\/02\/IMG_4549-280x186.jpg 280w, https:\/\/cidadesemfoco.com\/wp-content\/uploads\/2024\/02\/IMG_4549-600x400.jpg 600w, https:\/\/cidadesemfoco.com\/wp-content\/uploads\/2024\/02\/IMG_4549-585x390.jpg 585w\" alt=\"\" width=\"900\" height=\"600\" \/><\/a><\/div>\n<\/figure>\n<figure class=\"gallery-item\">\n<div class=\"gallery-icon landscape\"><a href=\"https:\/\/cidadesemfoco.com\/abertura-da-ii-copa-joao-de-sousa-de-fut7-movimenta-zona-rural-de-simoes-veja-fotos\/img_4551-3\/\"><img loading=\"lazy\" decoding=\"async\" class=\"attachment-full size-full\" src=\"https:\/\/cidadesemfoco.com\/wp-content\/uploads\/2024\/02\/IMG_4551.jpg\" sizes=\"(max-width: 900px) 100vw, 900px\" srcset=\"https:\/\/cidadesemfoco.com\/wp-content\/uploads\/2024\/02\/IMG_4551.jpg 900w, https:\/\/cidadesemfoco.com\/wp-content\/uploads\/2024\/02\/IMG_4551-300x200.jpg 300w, https:\/\/cidadesemfoco.com\/wp-content\/uploads\/2024\/02\/IMG_4551-768x512.jpg 768w, https:\/\/cidadesemfoco.com\/wp-content\/uploads\/2024\/02\/IMG_4551-480x320.jpg 480w, https:\/\/cidadesemfoco.com\/wp-content\/uploads\/2024\/02\/IMG_4551-280x186.jpg 280w, https:\/\/cidadesemfoco.com\/wp-content\/uploads\/2024\/02\/IMG_4551-600x400.jpg 600w, https:\/\/cidadesemfoco.com\/wp-content\/uploads\/2024\/02\/IMG_4551-585x390.jpg 585w\" alt=\"\" width=\"900\" height=\"600\" \/><\/a><\/div>\n<\/figure>\n<figure class=\"gallery-item\">\n<div class=\"gallery-icon landscape\"><a href=\"https:\/\/cidadesemfoco.com\/abertura-da-ii-copa-joao-de-sousa-de-fut7-movimenta-zona-rural-de-simoes-veja-fotos\/img_4552-3\/\"><img loading=\"lazy\" decoding=\"async\" class=\"attachment-full size-full\" src=\"https:\/\/cidadesemfoco.com\/wp-content\/uploads\/2024\/02\/IMG_4552.jpg\" sizes=\"(max-width: 900px) 100vw, 900px\" srcset=\"https:\/\/cidadesemfoco.com\/wp-content\/uploads\/2024\/02\/IMG_4552.jpg 900w, https:\/\/cidadesemfoco.com\/wp-content\/uploads\/2024\/02\/IMG_4552-300x200.jpg 300w, https:\/\/cidadesemfoco.com\/wp-content\/uploads\/2024\/02\/IMG_4552-768x512.jpg 768w, https:\/\/cidadesemfoco.com\/wp-content\/uploads\/2024\/02\/IMG_4552-480x320.jpg 480w, https:\/\/cidadesemfoco.com\/wp-content\/uploads\/2024\/02\/IMG_4552-280x186.jpg 280w, https:\/\/cidadesemfoco.com\/wp-content\/uploads\/2024\/02\/IMG_4552-600x400.jpg 600w, https:\/\/cidadesemfoco.com\/wp-content\/uploads\/2024\/02\/IMG_4552-585x390.jpg 585w\" alt=\"\" width=\"900\" height=\"600\" \/><\/a><\/div>\n<\/figure>\n<figure class=\"gallery-item\">\n<div class=\"gallery-icon landscape\"><a href=\"https:\/\/cidadesemfoco.com\/abertura-da-ii-copa-joao-de-sousa-de-fut7-movimenta-zona-rural-de-simoes-veja-fotos\/img_4553-4\/\"><img loading=\"lazy\" decoding=\"async\" class=\"attachment-full size-full\" src=\"https:\/\/cidadesemfoco.com\/wp-content\/uploads\/2024\/02\/IMG_4553.jpg\" sizes=\"(max-width: 900px) 100vw, 900px\" srcset=\"https:\/\/cidadesemfoco.com\/wp-content\/uploads\/2024\/02\/IMG_4553.jpg 900w, https:\/\/cidadesemfoco.com\/wp-content\/uploads\/2024\/02\/IMG_4553-300x200.jpg 300w, https:\/\/cidadesemfoco.com\/wp-content\/uploads\/2024\/02\/IMG_4553-768x512.jpg 768w, https:\/\/cidadesemfoco.com\/wp-content\/uploads\/2024\/02\/IMG_4553-480x320.jpg 480w, https:\/\/cidadesemfoco.com\/wp-content\/uploads\/2024\/02\/IMG_4553-280x186.jpg 280w, https:\/\/cidadesemfoco.com\/wp-content\/uploads\/2024\/02\/IMG_4553-600x400.jpg 600w, https:\/\/cidadesemfoco.com\/wp-content\/uploads\/2024\/02\/IMG_4553-585x390.jpg 585w\" alt=\"\" width=\"900\" height=\"600\" \/><\/a><\/div>\n<\/figure>\n<figure class=\"gallery-item\">\n<div class=\"gallery-icon landscape\"><a href=\"https:\/\/cidadesemfoco.com\/abertura-da-ii-copa-joao-de-sousa-de-fut7-movimenta-zona-rural-de-simoes-veja-fotos\/img_4554-6\/\"><img loading=\"lazy\" decoding=\"async\" class=\"attachment-full size-full\" src=\"https:\/\/cidadesemfoco.com\/wp-content\/uploads\/2024\/02\/IMG_4554.jpg\" sizes=\"(max-width: 900px) 100vw, 900px\" srcset=\"https:\/\/cidadesemfoco.com\/wp-content\/uploads\/2024\/02\/IMG_4554.jpg 900w, https:\/\/cidadesemfoco.com\/wp-content\/uploads\/2024\/02\/IMG_4554-300x200.jpg 300w, https:\/\/cidadesemfoco.com\/wp-content\/uploads\/2024\/02\/IMG_4554-768x512.jpg 768w, https:\/\/cidadesemfoco.com\/wp-content\/uploads\/2024\/02\/IMG_4554-480x320.jpg 480w, https:\/\/cidadesemfoco.com\/wp-content\/uploads\/2024\/02\/IMG_4554-280x186.jpg 280w, https:\/\/cidadesemfoco.com\/wp-content\/uploads\/2024\/02\/IMG_4554-600x400.jpg 600w, https:\/\/cidadesemfoco.com\/wp-content\/uploads\/2024\/02\/IMG_4554-585x390.jpg 585w\" alt=\"\" width=\"900\" height=\"600\" \/><\/a><\/div>\n<\/figure>\n<figure class=\"gallery-item\">\n<div class=\"gallery-icon landscape\"><a href=\"https:\/\/cidadesemfoco.com\/abertura-da-ii-copa-joao-de-sousa-de-fut7-movimenta-zona-rural-de-simoes-veja-fotos\/img_4555-4\/\"><img loading=\"lazy\" decoding=\"async\" class=\"attachment-full size-full\" src=\"https:\/\/cidadesemfoco.com\/wp-content\/uploads\/2024\/02\/IMG_4555.jpg\" sizes=\"(max-width: 900px) 100vw, 900px\" srcset=\"https:\/\/cidadesemfoco.com\/wp-content\/uploads\/2024\/02\/IMG_4555.jpg 900w, https:\/\/cidadesemfoco.com\/wp-content\/uploads\/2024\/02\/IMG_4555-300x200.jpg 300w, https:\/\/cidadesemfoco.com\/wp-content\/uploads\/2024\/02\/IMG_4555-768x512.jpg 768w, https:\/\/cidadesemfoco.com\/wp-content\/uploads\/2024\/02\/IMG_4555-480x320.jpg 480w, https:\/\/cidadesemfoco.com\/wp-content\/uploads\/2024\/02\/IMG_4555-280x186.jpg 280w, https:\/\/cidadesemfoco.com\/wp-content\/uploads\/2024\/02\/IMG_4555-600x400.jpg 600w, https:\/\/cidadesemfoco.com\/wp-content\/uploads\/2024\/02\/IMG_4555-585x390.jpg 585w\" alt=\"\" width=\"900\" height=\"600\" \/><\/a><\/div>\n<\/figure>\n<figure class=\"gallery-item\">\n<div class=\"gallery-icon landscape\"><a href=\"https:\/\/cidadesemfoco.com\/abertura-da-ii-copa-joao-de-sousa-de-fut7-movimenta-zona-rural-de-simoes-veja-fotos\/img_4556-4\/\"><img loading=\"lazy\" decoding=\"async\" class=\"attachment-full size-full\" src=\"https:\/\/cidadesemfoco.com\/wp-content\/uploads\/2024\/02\/IMG_4556.jpg\" sizes=\"(max-width: 900px) 100vw, 900px\" srcset=\"https:\/\/cidadesemfoco.com\/wp-content\/uploads\/2024\/02\/IMG_4556.jpg 900w, https:\/\/cidadesemfoco.com\/wp-content\/uploads\/2024\/02\/IMG_4556-300x200.jpg 300w, https:\/\/cidadesemfoco.com\/wp-content\/uploads\/2024\/02\/IMG_4556-768x512.jpg 768w, https:\/\/cidadesemfoco.com\/wp-content\/uploads\/2024\/02\/IMG_4556-480x320.jpg 480w, https:\/\/cidadesemfoco.com\/wp-content\/uploads\/2024\/02\/IMG_4556-280x186.jpg 280w, https:\/\/cidadesemfoco.com\/wp-content\/uploads\/2024\/02\/IMG_4556-600x400.jpg 600w, https:\/\/cidadesemfoco.com\/wp-content\/uploads\/2024\/02\/IMG_4556-585x390.jpg 585w\" alt=\"\" width=\"900\" height=\"600\" \/><\/a><\/div>\n<\/figure>\n<figure class=\"gallery-item\">\n<div class=\"gallery-icon landscape\"><a href=\"https:\/\/cidadesemfoco.com\/abertura-da-ii-copa-joao-de-sousa-de-fut7-movimenta-zona-rural-de-simoes-veja-fotos\/img_4557-5\/\"><img loading=\"lazy\" decoding=\"async\" class=\"attachment-full size-full\" src=\"https:\/\/cidadesemfoco.com\/wp-content\/uploads\/2024\/02\/IMG_4557.jpg\" sizes=\"(max-width: 900px) 100vw, 900px\" srcset=\"https:\/\/cidadesemfoco.com\/wp-content\/uploads\/2024\/02\/IMG_4557.jpg 900w, https:\/\/cidadesemfoco.com\/wp-content\/uploads\/2024\/02\/IMG_4557-300x200.jpg 300w, https:\/\/cidadesemfoco.com\/wp-content\/uploads\/2024\/02\/IMG_4557-768x512.jpg 768w, https:\/\/cidadesemfoco.com\/wp-content\/uploads\/2024\/02\/IMG_4557-480x320.jpg 480w, https:\/\/cidadesemfoco.com\/wp-content\/uploads\/2024\/02\/IMG_4557-280x186.jpg 280w, https:\/\/cidadesemfoco.com\/wp-content\/uploads\/2024\/02\/IMG_4557-600x400.jpg 600w, https:\/\/cidadesemfoco.com\/wp-content\/uploads\/2024\/02\/IMG_4557-585x390.jpg 585w\" alt=\"\" width=\"900\" height=\"600\" \/><\/a><\/div>\n<\/figure>\n<figure class=\"gallery-item\">\n<div class=\"gallery-icon landscape\"><a href=\"https:\/\/cidadesemfoco.com\/abertura-da-ii-copa-joao-de-sousa-de-fut7-movimenta-zona-rural-de-simoes-veja-fotos\/img_4558-6\/\"><img loading=\"lazy\" decoding=\"async\" class=\"attachment-full size-full\" src=\"https:\/\/cidadesemfoco.com\/wp-content\/uploads\/2024\/02\/IMG_4558.jpg\" sizes=\"(max-width: 900px) 100vw, 900px\" srcset=\"https:\/\/cidadesemfoco.com\/wp-content\/uploads\/2024\/02\/IMG_4558.jpg 900w, https:\/\/cidadesemfoco.com\/wp-content\/uploads\/2024\/02\/IMG_4558-300x200.jpg 300w, https:\/\/cidadesemfoco.com\/wp-content\/uploads\/2024\/02\/IMG_4558-768x512.jpg 768w, https:\/\/cidadesemfoco.com\/wp-content\/uploads\/2024\/02\/IMG_4558-480x320.jpg 480w, https:\/\/cidadesemfoco.com\/wp-content\/uploads\/2024\/02\/IMG_4558-280x186.jpg 280w, https:\/\/cidadesemfoco.com\/wp-content\/uploads\/2024\/02\/IMG_4558-600x400.jpg 600w, https:\/\/cidadesemfoco.com\/wp-content\/uploads\/2024\/02\/IMG_4558-585x390.jpg 585w\" alt=\"\" width=\"900\" height=\"600\" \/><\/a><\/div>\n<\/figure>\n<figure class=\"gallery-item\">\n<div class=\"gallery-icon landscape\"><a href=\"https:\/\/cidadesemfoco.com\/abertura-da-ii-copa-joao-de-sousa-de-fut7-movimenta-zona-rural-de-simoes-veja-fotos\/img_4560-7\/\"><img loading=\"lazy\" decoding=\"async\" class=\"attachment-full size-full\" src=\"https:\/\/cidadesemfoco.com\/wp-content\/uploads\/2024\/02\/IMG_4560.jpg\" sizes=\"(max-width: 900px) 100vw, 900px\" srcset=\"https:\/\/cidadesemfoco.com\/wp-content\/uploads\/2024\/02\/IMG_4560.jpg 900w, https:\/\/cidadesemfoco.com\/wp-content\/uploads\/2024\/02\/IMG_4560-300x200.jpg 300w, https:\/\/cidadesemfoco.com\/wp-content\/uploads\/2024\/02\/IMG_4560-768x512.jpg 768w, https:\/\/cidadesemfoco.com\/wp-content\/uploads\/2024\/02\/IMG_4560-480x320.jpg 480w, https:\/\/cidadesemfoco.com\/wp-content\/uploads\/2024\/02\/IMG_4560-280x186.jpg 280w, https:\/\/cidadesemfoco.com\/wp-content\/uploads\/2024\/02\/IMG_4560-600x400.jpg 600w, https:\/\/cidadesemfoco.com\/wp-content\/uploads\/2024\/02\/IMG_4560-585x390.jpg 585w\" alt=\"\" width=\"900\" height=\"600\" \/><\/a><\/div>\n<\/figure>\n<figure class=\"gallery-item\">\n<div class=\"gallery-icon landscape\"><a href=\"https:\/\/cidadesemfoco.com\/abertura-da-ii-copa-joao-de-sousa-de-fut7-movimenta-zona-rural-de-simoes-veja-fotos\/img_4561-7\/\"><img loading=\"lazy\" decoding=\"async\" class=\"attachment-full size-full\" src=\"https:\/\/cidadesemfoco.com\/wp-content\/uploads\/2024\/02\/IMG_4561.jpg\" sizes=\"(max-width: 900px) 100vw, 900px\" srcset=\"https:\/\/cidadesemfoco.com\/wp-content\/uploads\/2024\/02\/IMG_4561.jpg 900w, https:\/\/cidadesemfoco.com\/wp-content\/uploads\/2024\/02\/IMG_4561-300x200.jpg 300w, https:\/\/cidadesemfoco.com\/wp-content\/uploads\/2024\/02\/IMG_4561-768x512.jpg 768w, https:\/\/cidadesemfoco.com\/wp-content\/uploads\/2024\/02\/IMG_4561-480x320.jpg 480w, https:\/\/cidadesemfoco.com\/wp-content\/uploads\/2024\/02\/IMG_4561-280x186.jpg 280w, https:\/\/cidadesemfoco.com\/wp-content\/uploads\/2024\/02\/IMG_4561-600x400.jpg 600w, https:\/\/cidadesemfoco.com\/wp-content\/uploads\/2024\/02\/IMG_4561-585x390.jpg 585w\" alt=\"\" width=\"900\" height=\"600\" \/><\/a><\/div>\n<\/figure>\n<figure class=\"gallery-item\">\n<div class=\"gallery-icon landscape\"><a href=\"https:\/\/cidadesemfoco.com\/abertura-da-ii-copa-joao-de-sousa-de-fut7-movimenta-zona-rural-de-simoes-veja-fotos\/img_4562-7\/\"><img loading=\"lazy\" decoding=\"async\" class=\"attachment-full size-full\" src=\"https:\/\/cidadesemfoco.com\/wp-content\/uploads\/2024\/02\/IMG_4562.jpg\" sizes=\"(max-width: 900px) 100vw, 900px\" srcset=\"https:\/\/cidadesemfoco.com\/wp-content\/uploads\/2024\/02\/IMG_4562.jpg 900w, https:\/\/cidadesemfoco.com\/wp-content\/uploads\/2024\/02\/IMG_4562-300x200.jpg 300w, https:\/\/cidadesemfoco.com\/wp-content\/uploads\/2024\/02\/IMG_4562-768x512.jpg 768w, https:\/\/cidadesemfoco.com\/wp-content\/uploads\/2024\/02\/IMG_4562-480x320.jpg 480w, https:\/\/cidadesemfoco.com\/wp-content\/uploads\/2024\/02\/IMG_4562-280x186.jpg 280w, https:\/\/cidadesemfoco.com\/wp-content\/uploads\/2024\/02\/IMG_4562-600x400.jpg 600w, https:\/\/cidadesemfoco.com\/wp-content\/uploads\/2024\/02\/IMG_4562-585x390.jpg 585w\" alt=\"\" width=\"900\" height=\"600\" \/><\/a><\/div>\n<\/figure>\n<figure class=\"gallery-item\">\n<div class=\"gallery-icon landscape\"><a href=\"https:\/\/cidadesemfoco.com\/abertura-da-ii-copa-joao-de-sousa-de-fut7-movimenta-zona-rural-de-simoes-veja-fotos\/img_4563-5\/\"><img loading=\"lazy\" decoding=\"async\" class=\"attachment-full size-full\" src=\"https:\/\/cidadesemfoco.com\/wp-content\/uploads\/2024\/02\/IMG_4563.jpg\" sizes=\"(max-width: 900px) 100vw, 900px\" srcset=\"https:\/\/cidadesemfoco.com\/wp-content\/uploads\/2024\/02\/IMG_4563.jpg 900w, https:\/\/cidadesemfoco.com\/wp-content\/uploads\/2024\/02\/IMG_4563-300x200.jpg 300w, https:\/\/cidadesemfoco.com\/wp-content\/uploads\/2024\/02\/IMG_4563-768x512.jpg 768w, https:\/\/cidadesemfoco.com\/wp-content\/uploads\/2024\/02\/IMG_4563-480x320.jpg 480w, https:\/\/cidadesemfoco.com\/wp-content\/uploads\/2024\/02\/IMG_4563-280x186.jpg 280w, https:\/\/cidadesemfoco.com\/wp-content\/uploads\/2024\/02\/IMG_4563-600x400.jpg 600w, https:\/\/cidadesemfoco.com\/wp-content\/uploads\/2024\/02\/IMG_4563-585x390.jpg 585w\" alt=\"\" width=\"900\" height=\"600\" \/><\/a><\/div>\n<\/figure>\n<figure class=\"gallery-item\">\n<div class=\"gallery-icon landscape\"><a href=\"https:\/\/cidadesemfoco.com\/abertura-da-ii-copa-joao-de-sousa-de-fut7-movimenta-zona-rural-de-simoes-veja-fotos\/img_4564-5\/\"><img loading=\"lazy\" decoding=\"async\" class=\"attachment-full size-full\" src=\"https:\/\/cidadesemfoco.com\/wp-content\/uploads\/2024\/02\/IMG_4564.jpg\" sizes=\"(max-width: 900px) 100vw, 900px\" srcset=\"https:\/\/cidadesemfoco.com\/wp-content\/uploads\/2024\/02\/IMG_4564.jpg 900w, https:\/\/cidadesemfoco.com\/wp-content\/uploads\/2024\/02\/IMG_4564-300x200.jpg 300w, https:\/\/cidadesemfoco.com\/wp-content\/uploads\/2024\/02\/IMG_4564-768x512.jpg 768w, https:\/\/cidadesemfoco.com\/wp-content\/uploads\/2024\/02\/IMG_4564-480x320.jpg 480w, https:\/\/cidadesemfoco.com\/wp-content\/uploads\/2024\/02\/IMG_4564-280x186.jpg 280w, https:\/\/cidadesemfoco.com\/wp-content\/uploads\/2024\/02\/IMG_4564-600x400.jpg 600w, https:\/\/cidadesemfoco.com\/wp-content\/uploads\/2024\/02\/IMG_4564-585x390.jpg 585w\" alt=\"\" width=\"900\" height=\"600\" \/><\/a><\/div>\n<\/figure>\n<figure class=\"gallery-item\">\n<div class=\"gallery-icon landscape\"><a href=\"https:\/\/cidadesemfoco.com\/abertura-da-ii-copa-joao-de-sousa-de-fut7-movimenta-zona-rural-de-simoes-veja-fotos\/img_4565-5\/\"><img loading=\"lazy\" decoding=\"async\" class=\"attachment-full size-full\" src=\"https:\/\/cidadesemfoco.com\/wp-content\/uploads\/2024\/02\/IMG_4565.jpg\" sizes=\"(max-width: 900px) 100vw, 900px\" srcset=\"https:\/\/cidadesemfoco.com\/wp-content\/uploads\/2024\/02\/IMG_4565.jpg 900w, https:\/\/cidadesemfoco.com\/wp-content\/uploads\/2024\/02\/IMG_4565-300x200.jpg 300w, https:\/\/cidadesemfoco.com\/wp-content\/uploads\/2024\/02\/IMG_4565-768x512.jpg 768w, https:\/\/cidadesemfoco.com\/wp-content\/uploads\/2024\/02\/IMG_4565-480x320.jpg 480w, https:\/\/cidadesemfoco.com\/wp-content\/uploads\/2024\/02\/IMG_4565-280x186.jpg 280w, https:\/\/cidadesemfoco.com\/wp-content\/uploads\/2024\/02\/IMG_4565-600x400.jpg 600w, https:\/\/cidadesemfoco.com\/wp-content\/uploads\/2024\/02\/IMG_4565-585x390.jpg 585w\" alt=\"\" width=\"900\" height=\"600\" \/><\/a><\/div>\n<\/figure>\n<figure class=\"gallery-item\">\n<div class=\"gallery-icon landscape\"><a href=\"https:\/\/cidadesemfoco.com\/abertura-da-ii-copa-joao-de-sousa-de-fut7-movimenta-zona-rural-de-simoes-veja-fotos\/img_4566-3\/\"><img loading=\"lazy\" decoding=\"async\" class=\"attachment-full size-full\" src=\"https:\/\/cidadesemfoco.com\/wp-content\/uploads\/2024\/02\/IMG_4566.jpg\" sizes=\"(max-width: 900px) 100vw, 900px\" srcset=\"https:\/\/cidadesemfoco.com\/wp-content\/uploads\/2024\/02\/IMG_4566.jpg 900w, https:\/\/cidadesemfoco.com\/wp-content\/uploads\/2024\/02\/IMG_4566-300x200.jpg 300w, https:\/\/cidadesemfoco.com\/wp-content\/uploads\/2024\/02\/IMG_4566-768x512.jpg 768w, https:\/\/cidadesemfoco.com\/wp-content\/uploads\/2024\/02\/IMG_4566-480x320.jpg 480w, https:\/\/cidadesemfoco.com\/wp-content\/uploads\/2024\/02\/IMG_4566-280x186.jpg 280w, https:\/\/cidadesemfoco.com\/wp-content\/uploads\/2024\/02\/IMG_4566-600x400.jpg 600w, https:\/\/cidadesemfoco.com\/wp-content\/uploads\/2024\/02\/IMG_4566-585x390.jpg 585w\" alt=\"\" width=\"900\" height=\"600\" \/><\/a><\/div>\n<\/figure>\n<figure class=\"gallery-item\">\n<div class=\"gallery-icon landscape\"><a href=\"https:\/\/cidadesemfoco.com\/abertura-da-ii-copa-joao-de-sousa-de-fut7-movimenta-zona-rural-de-simoes-veja-fotos\/img_4567-7\/\"><img loading=\"lazy\" decoding=\"async\" class=\"attachment-full size-full\" src=\"https:\/\/cidadesemfoco.com\/wp-content\/uploads\/2024\/02\/IMG_4567.jpg\" sizes=\"(max-width: 900px) 100vw, 900px\" srcset=\"https:\/\/cidadesemfoco.com\/wp-content\/uploads\/2024\/02\/IMG_4567.jpg 900w, https:\/\/cidadesemfoco.com\/wp-content\/uploads\/2024\/02\/IMG_4567-300x200.jpg 300w, https:\/\/cidadesemfoco.com\/wp-content\/uploads\/2024\/02\/IMG_4567-768x512.jpg 768w, https:\/\/cidadesemfoco.com\/wp-content\/uploads\/2024\/02\/IMG_4567-480x320.jpg 480w, https:\/\/cidadesemfoco.com\/wp-content\/uploads\/2024\/02\/IMG_4567-280x186.jpg 280w, https:\/\/cidadesemfoco.com\/wp-content\/uploads\/2024\/02\/IMG_4567-600x400.jpg 600w, https:\/\/cidadesemfoco.com\/wp-content\/uploads\/2024\/02\/IMG_4567-585x390.jpg 585w\" alt=\"\" width=\"900\" height=\"600\" \/><\/a><\/div>\n<\/figure>\n<figure class=\"gallery-item\">\n<div class=\"gallery-icon landscape\"><a href=\"https:\/\/cidadesemfoco.com\/abertura-da-ii-copa-joao-de-sousa-de-fut7-movimenta-zona-rural-de-simoes-veja-fotos\/img_4568-6\/\"><img loading=\"lazy\" decoding=\"async\" class=\"attachment-full size-full\" src=\"https:\/\/cidadesemfoco.com\/wp-content\/uploads\/2024\/02\/IMG_4568.jpg\" sizes=\"(max-width: 900px) 100vw, 900px\" srcset=\"https:\/\/cidadesemfoco.com\/wp-content\/uploads\/2024\/02\/IMG_4568.jpg 900w, https:\/\/cidadesemfoco.com\/wp-content\/uploads\/2024\/02\/IMG_4568-300x200.jpg 300w, https:\/\/cidadesemfoco.com\/wp-content\/uploads\/2024\/02\/IMG_4568-768x512.jpg 768w, https:\/\/cidadesemfoco.com\/wp-content\/uploads\/2024\/02\/IMG_4568-480x320.jpg 480w, https:\/\/cidadesemfoco.com\/wp-content\/uploads\/2024\/02\/IMG_4568-280x186.jpg 280w, https:\/\/cidadesemfoco.com\/wp-content\/uploads\/2024\/02\/IMG_4568-600x400.jpg 600w, https:\/\/cidadesemfoco.com\/wp-content\/uploads\/2024\/02\/IMG_4568-585x390.jpg 585w\" alt=\"\" width=\"900\" height=\"600\" \/><\/a><\/div>\n<\/figure>\n<figure class=\"gallery-item\">\n<div class=\"gallery-icon landscape\"><a href=\"https:\/\/cidadesemfoco.com\/abertura-da-ii-copa-joao-de-sousa-de-fut7-movimenta-zona-rural-de-simoes-veja-fotos\/img_4569-6\/\"><img loading=\"lazy\" decoding=\"async\" class=\"attachment-full size-full\" src=\"https:\/\/cidadesemfoco.com\/wp-content\/uploads\/2024\/02\/IMG_4569.jpg\" sizes=\"(max-width: 900px) 100vw, 900px\" srcset=\"https:\/\/cidadesemfoco.com\/wp-content\/uploads\/2024\/02\/IMG_4569.jpg 900w, https:\/\/cidadesemfoco.com\/wp-content\/uploads\/2024\/02\/IMG_4569-300x200.jpg 300w, https:\/\/cidadesemfoco.com\/wp-content\/uploads\/2024\/02\/IMG_4569-768x512.jpg 768w, https:\/\/cidadesemfoco.com\/wp-content\/uploads\/2024\/02\/IMG_4569-480x320.jpg 480w, https:\/\/cidadesemfoco.com\/wp-content\/uploads\/2024\/02\/IMG_4569-280x186.jpg 280w, https:\/\/cidadesemfoco.com\/wp-content\/uploads\/2024\/02\/IMG_4569-600x400.jpg 600w, https:\/\/cidadesemfoco.com\/wp-content\/uploads\/2024\/02\/IMG_4569-585x390.jpg 585w\" alt=\"\" width=\"900\" height=\"600\" \/><\/a><\/div>\n<\/figure>\n<figure class=\"gallery-item\">\n<div class=\"gallery-icon landscape\"><a href=\"https:\/\/cidadesemfoco.com\/abertura-da-ii-copa-joao-de-sousa-de-fut7-movimenta-zona-rural-de-simoes-veja-fotos\/img_4570-4\/\"><img loading=\"lazy\" decoding=\"async\" class=\"attachment-full size-full\" src=\"https:\/\/cidadesemfoco.com\/wp-content\/uploads\/2024\/02\/IMG_4570.jpg\" sizes=\"(max-width: 900px) 100vw, 900px\" srcset=\"https:\/\/cidadesemfoco.com\/wp-content\/uploads\/2024\/02\/IMG_4570.jpg 900w, https:\/\/cidadesemfoco.com\/wp-content\/uploads\/2024\/02\/IMG_4570-300x200.jpg 300w, https:\/\/cidadesemfoco.com\/wp-content\/uploads\/2024\/02\/IMG_4570-768x512.jpg 768w, https:\/\/cidadesemfoco.com\/wp-content\/uploads\/2024\/02\/IMG_4570-480x320.jpg 480w, https:\/\/cidadesemfoco.com\/wp-content\/uploads\/2024\/02\/IMG_4570-280x186.jpg 280w, https:\/\/cidadesemfoco.com\/wp-content\/uploads\/2024\/02\/IMG_4570-600x400.jpg 600w, https:\/\/cidadesemfoco.com\/wp-content\/uploads\/2024\/02\/IMG_4570-585x390.jpg 585w\" alt=\"\" width=\"900\" height=\"600\" \/><\/a><\/div>\n<\/figure>\n<figure class=\"gallery-item\">\n<div class=\"gallery-icon landscape\"><a href=\"https:\/\/cidadesemfoco.com\/abertura-da-ii-copa-joao-de-sousa-de-fut7-movimenta-zona-rural-de-simoes-veja-fotos\/img_4571-5\/\"><img loading=\"lazy\" decoding=\"async\" class=\"attachment-full size-full\" src=\"https:\/\/cidadesemfoco.com\/wp-content\/uploads\/2024\/02\/IMG_4571.jpg\" sizes=\"(max-width: 900px) 100vw, 900px\" srcset=\"https:\/\/cidadesemfoco.com\/wp-content\/uploads\/2024\/02\/IMG_4571.jpg 900w, https:\/\/cidadesemfoco.com\/wp-content\/uploads\/2024\/02\/IMG_4571-300x200.jpg 300w, https:\/\/cidadesemfoco.com\/wp-content\/uploads\/2024\/02\/IMG_4571-768x512.jpg 768w, https:\/\/cidadesemfoco.com\/wp-content\/uploads\/2024\/02\/IMG_4571-480x320.jpg 480w, https:\/\/cidadesemfoco.com\/wp-content\/uploads\/2024\/02\/IMG_4571-280x186.jpg 280w, https:\/\/cidadesemfoco.com\/wp-content\/uploads\/2024\/02\/IMG_4571-600x400.jpg 600w, https:\/\/cidadesemfoco.com\/wp-content\/uploads\/2024\/02\/IMG_4571-585x390.jpg 585w\" alt=\"\" width=\"900\" height=\"600\" \/><\/a><\/div>\n<\/figure>\n<figure class=\"gallery-item\">\n<div class=\"gallery-icon landscape\"><a href=\"https:\/\/cidadesemfoco.com\/abertura-da-ii-copa-joao-de-sousa-de-fut7-movimenta-zona-rural-de-simoes-veja-fotos\/img_4572-5\/\"><img loading=\"lazy\" decoding=\"async\" class=\"attachment-full size-full\" src=\"https:\/\/cidadesemfoco.com\/wp-content\/uploads\/2024\/02\/IMG_4572.jpg\" sizes=\"(max-width: 900px) 100vw, 900px\" srcset=\"https:\/\/cidadesemfoco.com\/wp-content\/uploads\/2024\/02\/IMG_4572.jpg 900w, https:\/\/cidadesemfoco.com\/wp-content\/uploads\/2024\/02\/IMG_4572-300x200.jpg 300w, https:\/\/cidadesemfoco.com\/wp-content\/uploads\/2024\/02\/IMG_4572-768x512.jpg 768w, https:\/\/cidadesemfoco.com\/wp-content\/uploads\/2024\/02\/IMG_4572-480x320.jpg 480w, https:\/\/cidadesemfoco.com\/wp-content\/uploads\/2024\/02\/IMG_4572-280x186.jpg 280w, https:\/\/cidadesemfoco.com\/wp-content\/uploads\/2024\/02\/IMG_4572-600x400.jpg 600w, https:\/\/cidadesemfoco.com\/wp-content\/uploads\/2024\/02\/IMG_4572-585x390.jpg 585w\" alt=\"\" width=\"900\" height=\"600\" \/><\/a><\/div>\n<\/figure>\n<figure class=\"gallery-item\">\n<div class=\"gallery-icon landscape\"><a href=\"https:\/\/cidadesemfoco.com\/abertura-da-ii-copa-joao-de-sousa-de-fut7-movimenta-zona-rural-de-simoes-veja-fotos\/img_4573-7\/\"><img loading=\"lazy\" decoding=\"async\" class=\"attachment-full size-full\" src=\"https:\/\/cidadesemfoco.com\/wp-content\/uploads\/2024\/02\/IMG_4573.jpg\" sizes=\"(max-width: 900px) 100vw, 900px\" srcset=\"https:\/\/cidadesemfoco.com\/wp-content\/uploads\/2024\/02\/IMG_4573.jpg 900w, https:\/\/cidadesemfoco.com\/wp-content\/uploads\/2024\/02\/IMG_4573-300x200.jpg 300w, https:\/\/cidadesemfoco.com\/wp-content\/uploads\/2024\/02\/IMG_4573-768x512.jpg 768w, https:\/\/cidadesemfoco.com\/wp-content\/uploads\/2024\/02\/IMG_4573-480x320.jpg 480w, https:\/\/cidadesemfoco.com\/wp-content\/uploads\/2024\/02\/IMG_4573-280x186.jpg 280w, https:\/\/cidadesemfoco.com\/wp-content\/uploads\/2024\/02\/IMG_4573-600x400.jpg 600w, https:\/\/cidadesemfoco.com\/wp-content\/uploads\/2024\/02\/IMG_4573-585x390.jpg 585w\" alt=\"\" width=\"900\" height=\"600\" \/><\/a><\/div>\n<\/figure>\n<figure class=\"gallery-item\">\n<div class=\"gallery-icon landscape\"><a href=\"https:\/\/cidadesemfoco.com\/abertura-da-ii-copa-joao-de-sousa-de-fut7-movimenta-zona-rural-de-simoes-veja-fotos\/img_4574-4\/\"><img loading=\"lazy\" decoding=\"async\" class=\"attachment-full size-full\" src=\"https:\/\/cidadesemfoco.com\/wp-content\/uploads\/2024\/02\/IMG_4574.jpg\" sizes=\"(max-width: 900px) 100vw, 900px\" srcset=\"https:\/\/cidadesemfoco.com\/wp-content\/uploads\/2024\/02\/IMG_4574.jpg 900w, https:\/\/cidadesemfoco.com\/wp-content\/uploads\/2024\/02\/IMG_4574-300x200.jpg 300w, https:\/\/cidadesemfoco.com\/wp-content\/uploads\/2024\/02\/IMG_4574-768x512.jpg 768w, https:\/\/cidadesemfoco.com\/wp-content\/uploads\/2024\/02\/IMG_4574-480x320.jpg 480w, https:\/\/cidadesemfoco.com\/wp-content\/uploads\/2024\/02\/IMG_4574-280x186.jpg 280w, https:\/\/cidadesemfoco.com\/wp-content\/uploads\/2024\/02\/IMG_4574-600x400.jpg 600w, https:\/\/cidadesemfoco.com\/wp-content\/uploads\/2024\/02\/IMG_4574-585x390.jpg 585w\" alt=\"\" width=\"900\" height=\"600\" \/><\/a><\/div>\n<\/figure>\n<figure class=\"gallery-item\">\n<div class=\"gallery-icon landscape\"><a href=\"https:\/\/cidadesemfoco.com\/abertura-da-ii-copa-joao-de-sousa-de-fut7-movimenta-zona-rural-de-simoes-veja-fotos\/img_4575-3\/\"><img loading=\"lazy\" decoding=\"async\" class=\"attachment-full size-full\" src=\"https:\/\/cidadesemfoco.com\/wp-content\/uploads\/2024\/02\/IMG_4575.jpg\" sizes=\"(max-width: 900px) 100vw, 900px\" srcset=\"https:\/\/cidadesemfoco.com\/wp-content\/uploads\/2024\/02\/IMG_4575.jpg 900w, https:\/\/cidadesemfoco.com\/wp-content\/uploads\/2024\/02\/IMG_4575-300x200.jpg 300w, https:\/\/cidadesemfoco.com\/wp-content\/uploads\/2024\/02\/IMG_4575-768x512.jpg 768w, https:\/\/cidadesemfoco.com\/wp-content\/uploads\/2024\/02\/IMG_4575-480x320.jpg 480w, https:\/\/cidadesemfoco.com\/wp-content\/uploads\/2024\/02\/IMG_4575-280x186.jpg 280w, https:\/\/cidadesemfoco.com\/wp-content\/uploads\/2024\/02\/IMG_4575-600x400.jpg 600w, https:\/\/cidadesemfoco.com\/wp-content\/uploads\/2024\/02\/IMG_4575-585x390.jpg 585w\" alt=\"\" width=\"900\" height=\"600\" \/><\/a><\/div>\n<\/figure>\n<figure class=\"gallery-item\">\n<div class=\"gallery-icon landscape\"><a href=\"https:\/\/cidadesemfoco.com\/abertura-da-ii-copa-joao-de-sousa-de-fut7-movimenta-zona-rural-de-simoes-veja-fotos\/img_4576-5\/\"><img loading=\"lazy\" decoding=\"async\" class=\"attachment-full size-full\" src=\"https:\/\/cidadesemfoco.com\/wp-content\/uploads\/2024\/02\/IMG_4576.jpg\" sizes=\"(max-width: 900px) 100vw, 900px\" srcset=\"https:\/\/cidadesemfoco.com\/wp-content\/uploads\/2024\/02\/IMG_4576.jpg 900w, https:\/\/cidadesemfoco.com\/wp-content\/uploads\/2024\/02\/IMG_4576-300x200.jpg 300w, https:\/\/cidadesemfoco.com\/wp-content\/uploads\/2024\/02\/IMG_4576-768x512.jpg 768w, https:\/\/cidadesemfoco.com\/wp-content\/uploads\/2024\/02\/IMG_4576-480x320.jpg 480w, https:\/\/cidadesemfoco.com\/wp-content\/uploads\/2024\/02\/IMG_4576-280x186.jpg 280w, https:\/\/cidadesemfoco.com\/wp-content\/uploads\/2024\/02\/IMG_4576-600x400.jpg 600w, https:\/\/cidadesemfoco.com\/wp-content\/uploads\/2024\/02\/IMG_4576-585x390.jpg 585w\" alt=\"\" width=\"900\" height=\"600\" \/><\/a><\/div>\n<\/figure>\n<figure class=\"gallery-item\">\n<div class=\"gallery-icon landscape\"><a href=\"https:\/\/cidadesemfoco.com\/abertura-da-ii-copa-joao-de-sousa-de-fut7-movimenta-zona-rural-de-simoes-veja-fotos\/img_4577-6\/\"><img loading=\"lazy\" decoding=\"async\" class=\"attachment-full size-full\" src=\"https:\/\/cidadesemfoco.com\/wp-content\/uploads\/2024\/02\/IMG_4577.jpg\" sizes=\"(max-width: 900px) 100vw, 900px\" srcset=\"https:\/\/cidadesemfoco.com\/wp-content\/uploads\/2024\/02\/IMG_4577.jpg 900w, https:\/\/cidadesemfoco.com\/wp-content\/uploads\/2024\/02\/IMG_4577-300x200.jpg 300w, https:\/\/cidadesemfoco.com\/wp-content\/uploads\/2024\/02\/IMG_4577-768x512.jpg 768w, https:\/\/cidadesemfoco.com\/wp-content\/uploads\/2024\/02\/IMG_4577-480x320.jpg 480w, https:\/\/cidadesemfoco.com\/wp-content\/uploads\/2024\/02\/IMG_4577-280x186.jpg 280w, https:\/\/cidadesemfoco.com\/wp-content\/uploads\/2024\/02\/IMG_4577-600x400.jpg 600w, https:\/\/cidadesemfoco.com\/wp-content\/uploads\/2024\/02\/IMG_4577-585x390.jpg 585w\" alt=\"\" width=\"900\" height=\"600\" \/><\/a><\/div>\n<\/figure>\n<figure class=\"gallery-item\">\n<div class=\"gallery-icon landscape\"><a href=\"https:\/\/cidadesemfoco.com\/abertura-da-ii-copa-joao-de-sousa-de-fut7-movimenta-zona-rural-de-simoes-veja-fotos\/img_4578-5\/\"><img loading=\"lazy\" decoding=\"async\" class=\"attachment-full size-full\" src=\"https:\/\/cidadesemfoco.com\/wp-content\/uploads\/2024\/02\/IMG_4578.jpg\" sizes=\"(max-width: 900px) 100vw, 900px\" srcset=\"https:\/\/cidadesemfoco.com\/wp-content\/uploads\/2024\/02\/IMG_4578.jpg 900w, https:\/\/cidadesemfoco.com\/wp-content\/uploads\/2024\/02\/IMG_4578-300x200.jpg 300w, https:\/\/cidadesemfoco.com\/wp-content\/uploads\/2024\/02\/IMG_4578-768x512.jpg 768w, https:\/\/cidadesemfoco.com\/wp-content\/uploads\/2024\/02\/IMG_4578-480x320.jpg 480w, https:\/\/cidadesemfoco.com\/wp-content\/uploads\/2024\/02\/IMG_4578-280x186.jpg 280w, https:\/\/cidadesemfoco.com\/wp-content\/uploads\/2024\/02\/IMG_4578-600x400.jpg 600w, https:\/\/cidadesemfoco.com\/wp-content\/uploads\/2024\/02\/IMG_4578-585x390.jpg 585w\" alt=\"\" width=\"900\" height=\"600\" \/><\/a><\/div>\n<\/figure>\n<figure class=\"gallery-item\">\n<div class=\"gallery-icon landscape\"><a href=\"https:\/\/cidadesemfoco.com\/abertura-da-ii-copa-joao-de-sousa-de-fut7-movimenta-zona-rural-de-simoes-veja-fotos\/img_4579-3\/\"><img loading=\"lazy\" decoding=\"async\" class=\"attachment-full size-full\" src=\"https:\/\/cidadesemfoco.com\/wp-content\/uploads\/2024\/02\/IMG_4579.jpg\" sizes=\"(max-width: 900px) 100vw, 900px\" srcset=\"https:\/\/cidadesemfoco.com\/wp-content\/uploads\/2024\/02\/IMG_4579.jpg 900w, https:\/\/cidadesemfoco.com\/wp-content\/uploads\/2024\/02\/IMG_4579-300x200.jpg 300w, https:\/\/cidadesemfoco.com\/wp-content\/uploads\/2024\/02\/IMG_4579-768x512.jpg 768w, https:\/\/cidadesemfoco.com\/wp-content\/uploads\/2024\/02\/IMG_4579-480x320.jpg 480w, https:\/\/cidadesemfoco.com\/wp-content\/uploads\/2024\/02\/IMG_4579-280x186.jpg 280w, https:\/\/cidadesemfoco.com\/wp-content\/uploads\/2024\/02\/IMG_4579-600x400.jpg 600w, https:\/\/cidadesemfoco.com\/wp-content\/uploads\/2024\/02\/IMG_4579-585x390.jpg 585w\" alt=\"\" width=\"900\" height=\"600\" \/><\/a><\/div>\n<\/figure>\n<figure class=\"gallery-item\">\n<div class=\"gallery-icon landscape\"><a href=\"https:\/\/cidadesemfoco.com\/abertura-da-ii-copa-joao-de-sousa-de-fut7-movimenta-zona-rural-de-simoes-veja-fotos\/img_4580-5\/\"><img loading=\"lazy\" decoding=\"async\" class=\"attachment-full size-full\" src=\"https:\/\/cidadesemfoco.com\/wp-content\/uploads\/2024\/02\/IMG_4580.jpg\" sizes=\"(max-width: 900px) 100vw, 900px\" srcset=\"https:\/\/cidadesemfoco.com\/wp-content\/uploads\/2024\/02\/IMG_4580.jpg 900w, https:\/\/cidadesemfoco.com\/wp-content\/uploads\/2024\/02\/IMG_4580-300x200.jpg 300w, https:\/\/cidadesemfoco.com\/wp-content\/uploads\/2024\/02\/IMG_4580-768x512.jpg 768w, https:\/\/cidadesemfoco.com\/wp-content\/uploads\/2024\/02\/IMG_4580-480x320.jpg 480w, https:\/\/cidadesemfoco.com\/wp-content\/uploads\/2024\/02\/IMG_4580-280x186.jpg 280w, https:\/\/cidadesemfoco.com\/wp-content\/uploads\/2024\/02\/IMG_4580-600x400.jpg 600w, https:\/\/cidadesemfoco.com\/wp-content\/uploads\/2024\/02\/IMG_4580-585x390.jpg 585w\" alt=\"\" width=\"900\" height=\"600\" \/><\/a><\/div>\n<\/figure>\n<figure class=\"gallery-item\">\n<div class=\"gallery-icon landscape\"><a href=\"https:\/\/cidadesemfoco.com\/abertura-da-ii-copa-joao-de-sousa-de-fut7-movimenta-zona-rural-de-simoes-veja-fotos\/img_4581-5\/\"><img loading=\"lazy\" decoding=\"async\" class=\"attachment-full size-full\" src=\"https:\/\/cidadesemfoco.com\/wp-content\/uploads\/2024\/02\/IMG_4581.jpg\" sizes=\"(max-width: 900px) 100vw, 900px\" srcset=\"https:\/\/cidadesemfoco.com\/wp-content\/uploads\/2024\/02\/IMG_4581.jpg 900w, https:\/\/cidadesemfoco.com\/wp-content\/uploads\/2024\/02\/IMG_4581-300x200.jpg 300w, https:\/\/cidadesemfoco.com\/wp-content\/uploads\/2024\/02\/IMG_4581-768x512.jpg 768w, https:\/\/cidadesemfoco.com\/wp-content\/uploads\/2024\/02\/IMG_4581-480x320.jpg 480w, https:\/\/cidadesemfoco.com\/wp-content\/uploads\/2024\/02\/IMG_4581-280x186.jpg 280w, https:\/\/cidadesemfoco.com\/wp-content\/uploads\/2024\/02\/IMG_4581-600x400.jpg 600w, https:\/\/cidadesemfoco.com\/wp-content\/uploads\/2024\/02\/IMG_4581-585x390.jpg 585w\" alt=\"\" width=\"900\" height=\"600\" \/><\/a><\/div>\n<\/figure>\n<figure class=\"gallery-item\">\n<div class=\"gallery-icon landscape\"><a href=\"https:\/\/cidadesemfoco.com\/abertura-da-ii-copa-joao-de-sousa-de-fut7-movimenta-zona-rural-de-simoes-veja-fotos\/img_4582-6\/\"><img loading=\"lazy\" decoding=\"async\" class=\"attachment-full size-full\" src=\"https:\/\/cidadesemfoco.com\/wp-content\/uploads\/2024\/02\/IMG_4582.jpg\" sizes=\"(max-width: 900px) 100vw, 900px\" srcset=\"https:\/\/cidadesemfoco.com\/wp-content\/uploads\/2024\/02\/IMG_4582.jpg 900w, https:\/\/cidadesemfoco.com\/wp-content\/uploads\/2024\/02\/IMG_4582-300x200.jpg 300w, https:\/\/cidadesemfoco.com\/wp-content\/uploads\/2024\/02\/IMG_4582-768x512.jpg 768w, https:\/\/cidadesemfoco.com\/wp-content\/uploads\/2024\/02\/IMG_4582-480x320.jpg 480w, https:\/\/cidadesemfoco.com\/wp-content\/uploads\/2024\/02\/IMG_4582-280x186.jpg 280w, https:\/\/cidadesemfoco.com\/wp-content\/uploads\/2024\/02\/IMG_4582-600x400.jpg 600w, https:\/\/cidadesemfoco.com\/wp-content\/uploads\/2024\/02\/IMG_4582-585x390.jpg 585w\" alt=\"\" width=\"900\" height=\"600\" \/><\/a><\/div>\n<\/figure>\n<figure class=\"gallery-item\">\n<div class=\"gallery-icon landscape\"><a href=\"https:\/\/cidadesemfoco.com\/abertura-da-ii-copa-joao-de-sousa-de-fut7-movimenta-zona-rural-de-simoes-veja-fotos\/img_4583-3\/\"><img loading=\"lazy\" decoding=\"async\" class=\"attachment-full size-full\" src=\"https:\/\/cidadesemfoco.com\/wp-content\/uploads\/2024\/02\/IMG_4583.jpg\" sizes=\"(max-width: 900px) 100vw, 900px\" srcset=\"https:\/\/cidadesemfoco.com\/wp-content\/uploads\/2024\/02\/IMG_4583.jpg 900w, https:\/\/cidadesemfoco.com\/wp-content\/uploads\/2024\/02\/IMG_4583-300x200.jpg 300w, https:\/\/cidadesemfoco.com\/wp-content\/uploads\/2024\/02\/IMG_4583-768x512.jpg 768w, https:\/\/cidadesemfoco.com\/wp-content\/uploads\/2024\/02\/IMG_4583-480x320.jpg 480w, https:\/\/cidadesemfoco.com\/wp-content\/uploads\/2024\/02\/IMG_4583-280x186.jpg 280w, https:\/\/cidadesemfoco.com\/wp-content\/uploads\/2024\/02\/IMG_4583-600x400.jpg 600w, https:\/\/cidadesemfoco.com\/wp-content\/uploads\/2024\/02\/IMG_4583-585x390.jpg 585w\" alt=\"\" width=\"900\" height=\"600\" \/><\/a><\/div>\n<\/figure>\n<figure class=\"gallery-item\">\n<div class=\"gallery-icon landscape\"><a href=\"https:\/\/cidadesemfoco.com\/abertura-da-ii-copa-joao-de-sousa-de-fut7-movimenta-zona-rural-de-simoes-veja-fotos\/img_4584-6\/\"><img loading=\"lazy\" decoding=\"async\" class=\"attachment-full size-full\" src=\"https:\/\/cidadesemfoco.com\/wp-content\/uploads\/2024\/02\/IMG_4584.jpg\" sizes=\"(max-width: 900px) 100vw, 900px\" srcset=\"https:\/\/cidadesemfoco.com\/wp-content\/uploads\/2024\/02\/IMG_4584.jpg 900w, https:\/\/cidadesemfoco.com\/wp-content\/uploads\/2024\/02\/IMG_4584-300x200.jpg 300w, https:\/\/cidadesemfoco.com\/wp-content\/uploads\/2024\/02\/IMG_4584-768x512.jpg 768w, https:\/\/cidadesemfoco.com\/wp-content\/uploads\/2024\/02\/IMG_4584-480x320.jpg 480w, https:\/\/cidadesemfoco.com\/wp-content\/uploads\/2024\/02\/IMG_4584-280x186.jpg 280w, https:\/\/cidadesemfoco.com\/wp-content\/uploads\/2024\/02\/IMG_4584-600x400.jpg 600w, https:\/\/cidadesemfoco.com\/wp-content\/uploads\/2024\/02\/IMG_4584-585x390.jpg 585w\" alt=\"\" width=\"900\" height=\"600\" \/><\/a><\/div>\n<\/figure>\n<figure class=\"gallery-item\">\n<div class=\"gallery-icon landscape\"><a href=\"https:\/\/cidadesemfoco.com\/abertura-da-ii-copa-joao-de-sousa-de-fut7-movimenta-zona-rural-de-simoes-veja-fotos\/img_4585-3\/\"><img loading=\"lazy\" decoding=\"async\" class=\"attachment-full size-full\" src=\"https:\/\/cidadesemfoco.com\/wp-content\/uploads\/2024\/02\/IMG_4585.jpg\" sizes=\"(max-width: 900px) 100vw, 900px\" srcset=\"https:\/\/cidadesemfoco.com\/wp-content\/uploads\/2024\/02\/IMG_4585.jpg 900w, https:\/\/cidadesemfoco.com\/wp-content\/uploads\/2024\/02\/IMG_4585-300x200.jpg 300w, https:\/\/cidadesemfoco.com\/wp-content\/uploads\/2024\/02\/IMG_4585-768x512.jpg 768w, https:\/\/cidadesemfoco.com\/wp-content\/uploads\/2024\/02\/IMG_4585-480x320.jpg 480w, https:\/\/cidadesemfoco.com\/wp-content\/uploads\/2024\/02\/IMG_4585-280x186.jpg 280w, https:\/\/cidadesemfoco.com\/wp-content\/uploads\/2024\/02\/IMG_4585-600x400.jpg 600w, https:\/\/cidadesemfoco.com\/wp-content\/uploads\/2024\/02\/IMG_4585-585x390.jpg 585w\" alt=\"\" width=\"900\" height=\"600\" \/><\/a><\/div>\n<\/figure>\n<figure class=\"gallery-item\">\n<div class=\"gallery-icon landscape\"><a href=\"https:\/\/cidadesemfoco.com\/abertura-da-ii-copa-joao-de-sousa-de-fut7-movimenta-zona-rural-de-simoes-veja-fotos\/img_4586-4\/\"><img loading=\"lazy\" decoding=\"async\" class=\"attachment-full size-full\" src=\"https:\/\/cidadesemfoco.com\/wp-content\/uploads\/2024\/02\/IMG_4586.jpg\" sizes=\"(max-width: 900px) 100vw, 900px\" srcset=\"https:\/\/cidadesemfoco.com\/wp-content\/uploads\/2024\/02\/IMG_4586.jpg 900w, https:\/\/cidadesemfoco.com\/wp-content\/uploads\/2024\/02\/IMG_4586-300x200.jpg 300w, https:\/\/cidadesemfoco.com\/wp-content\/uploads\/2024\/02\/IMG_4586-768x512.jpg 768w, https:\/\/cidadesemfoco.com\/wp-content\/uploads\/2024\/02\/IMG_4586-480x320.jpg 480w, https:\/\/cidadesemfoco.com\/wp-content\/uploads\/2024\/02\/IMG_4586-280x186.jpg 280w, https:\/\/cidadesemfoco.com\/wp-content\/uploads\/2024\/02\/IMG_4586-600x400.jpg 600w, https:\/\/cidadesemfoco.com\/wp-content\/uploads\/2024\/02\/IMG_4586-585x390.jpg 585w\" alt=\"\" width=\"900\" height=\"600\" \/><\/a><\/div>\n<\/figure>\n<figure class=\"gallery-item\">\n<div class=\"gallery-icon landscape\"><a href=\"https:\/\/cidadesemfoco.com\/abertura-da-ii-copa-joao-de-sousa-de-fut7-movimenta-zona-rural-de-simoes-veja-fotos\/img_4587-7\/\"><img loading=\"lazy\" decoding=\"async\" class=\"attachment-full size-full\" src=\"https:\/\/cidadesemfoco.com\/wp-content\/uploads\/2024\/02\/IMG_4587.jpg\" sizes=\"(max-width: 900px) 100vw, 900px\" srcset=\"https:\/\/cidadesemfoco.com\/wp-content\/uploads\/2024\/02\/IMG_4587.jpg 900w, https:\/\/cidadesemfoco.com\/wp-content\/uploads\/2024\/02\/IMG_4587-300x200.jpg 300w, https:\/\/cidadesemfoco.com\/wp-content\/uploads\/2024\/02\/IMG_4587-768x512.jpg 768w, https:\/\/cidadesemfoco.com\/wp-content\/uploads\/2024\/02\/IMG_4587-480x320.jpg 480w, https:\/\/cidadesemfoco.com\/wp-content\/uploads\/2024\/02\/IMG_4587-280x186.jpg 280w, https:\/\/cidadesemfoco.com\/wp-content\/uploads\/2024\/02\/IMG_4587-600x400.jpg 600w, https:\/\/cidadesemfoco.com\/wp-content\/uploads\/2024\/02\/IMG_4587-585x390.jpg 585w\" alt=\"\" width=\"900\" height=\"600\" \/><\/a><\/div>\n<\/figure>\n<figure class=\"gallery-item\">\n<div class=\"gallery-icon portrait\"><a href=\"https:\/\/cidadesemfoco.com\/abertura-da-ii-copa-joao-de-sousa-de-fut7-movimenta-zona-rural-de-simoes-veja-fotos\/img_4588-5\/\"><img loading=\"lazy\" decoding=\"async\" class=\"attachment-full size-full\" src=\"https:\/\/cidadesemfoco.com\/wp-content\/uploads\/2024\/02\/IMG_4588.jpg\" sizes=\"(max-width: 400px) 100vw, 400px\" srcset=\"https:\/\/cidadesemfoco.com\/wp-content\/uploads\/2024\/02\/IMG_4588.jpg 400w, https:\/\/cidadesemfoco.com\/wp-content\/uploads\/2024\/02\/IMG_4588-200x300.jpg 200w, https:\/\/cidadesemfoco.com\/wp-content\/uploads\/2024\/02\/IMG_4588-267x400.jpg 267w\" alt=\"\" width=\"400\" height=\"600\" \/><\/a><\/div>\n<\/figure>\n<figure class=\"gallery-item\">\n<div class=\"gallery-icon landscape\"><a href=\"https:\/\/cidadesemfoco.com\/abertura-da-ii-copa-joao-de-sousa-de-fut7-movimenta-zona-rural-de-simoes-veja-fotos\/img_4589-5\/\"><img loading=\"lazy\" decoding=\"async\" class=\"attachment-full size-full\" src=\"https:\/\/cidadesemfoco.com\/wp-content\/uploads\/2024\/02\/IMG_4589.jpg\" sizes=\"(max-width: 900px) 100vw, 900px\" srcset=\"https:\/\/cidadesemfoco.com\/wp-content\/uploads\/2024\/02\/IMG_4589.jpg 900w, https:\/\/cidadesemfoco.com\/wp-content\/uploads\/2024\/02\/IMG_4589-300x200.jpg 300w, https:\/\/cidadesemfoco.com\/wp-content\/uploads\/2024\/02\/IMG_4589-768x512.jpg 768w, https:\/\/cidadesemfoco.com\/wp-content\/uploads\/2024\/02\/IMG_4589-480x320.jpg 480w, https:\/\/cidadesemfoco.com\/wp-content\/uploads\/2024\/02\/IMG_4589-280x186.jpg 280w, https:\/\/cidadesemfoco.com\/wp-content\/uploads\/2024\/02\/IMG_4589-600x400.jpg 600w, https:\/\/cidadesemfoco.com\/wp-content\/uploads\/2024\/02\/IMG_4589-585x390.jpg 585w\" alt=\"\" width=\"900\" height=\"600\" \/><\/a><\/div>\n<\/figure>\n<figure class=\"gallery-item\">\n<div class=\"gallery-icon landscape\"><a href=\"https:\/\/cidadesemfoco.com\/abertura-da-ii-copa-joao-de-sousa-de-fut7-movimenta-zona-rural-de-simoes-veja-fotos\/img_4590-5\/\"><img loading=\"lazy\" decoding=\"async\" class=\"attachment-full size-full\" src=\"https:\/\/cidadesemfoco.com\/wp-content\/uploads\/2024\/02\/IMG_4590.jpg\" sizes=\"(max-width: 900px) 100vw, 900px\" srcset=\"https:\/\/cidadesemfoco.com\/wp-content\/uploads\/2024\/02\/IMG_4590.jpg 900w, https:\/\/cidadesemfoco.com\/wp-content\/uploads\/2024\/02\/IMG_4590-300x200.jpg 300w, https:\/\/cidadesemfoco.com\/wp-content\/uploads\/2024\/02\/IMG_4590-768x512.jpg 768w, https:\/\/cidadesemfoco.com\/wp-content\/uploads\/2024\/02\/IMG_4590-480x320.jpg 480w, https:\/\/cidadesemfoco.com\/wp-content\/uploads\/2024\/02\/IMG_4590-280x186.jpg 280w, https:\/\/cidadesemfoco.com\/wp-content\/uploads\/2024\/02\/IMG_4590-600x400.jpg 600w, https:\/\/cidadesemfoco.com\/wp-content\/uploads\/2024\/02\/IMG_4590-585x390.jpg 585w\" alt=\"\" width=\"900\" height=\"600\" \/><\/a><\/div>\n<\/figure>\n<figure class=\"gallery-item\">\n<div class=\"gallery-icon landscape\"><a href=\"https:\/\/cidadesemfoco.com\/abertura-da-ii-copa-joao-de-sousa-de-fut7-movimenta-zona-rural-de-simoes-veja-fotos\/img_4591-5\/\"><img loading=\"lazy\" decoding=\"async\" class=\"attachment-full size-full\" src=\"https:\/\/cidadesemfoco.com\/wp-content\/uploads\/2024\/02\/IMG_4591.jpg\" sizes=\"(max-width: 900px) 100vw, 900px\" srcset=\"https:\/\/cidadesemfoco.com\/wp-content\/uploads\/2024\/02\/IMG_4591.jpg 900w, https:\/\/cidadesemfoco.com\/wp-content\/uploads\/2024\/02\/IMG_4591-300x200.jpg 300w, https:\/\/cidadesemfoco.com\/wp-content\/uploads\/2024\/02\/IMG_4591-768x512.jpg 768w, https:\/\/cidadesemfoco.com\/wp-content\/uploads\/2024\/02\/IMG_4591-480x320.jpg 480w, https:\/\/cidadesemfoco.com\/wp-content\/uploads\/2024\/02\/IMG_4591-280x186.jpg 280w, https:\/\/cidadesemfoco.com\/wp-content\/uploads\/2024\/02\/IMG_4591-600x400.jpg 600w, https:\/\/cidadesemfoco.com\/wp-content\/uploads\/2024\/02\/IMG_4591-585x390.jpg 585w\" alt=\"\" width=\"900\" height=\"600\" \/><\/a><\/div>\n<\/figure>\n<figure class=\"gallery-item\">\n<div class=\"gallery-icon portrait\"><a href=\"https:\/\/cidadesemfoco.com\/abertura-da-ii-copa-joao-de-sousa-de-fut7-movimenta-zona-rural-de-simoes-veja-fotos\/img_4592-6\/\"><img loading=\"lazy\" decoding=\"async\" class=\"attachment-full size-full\" src=\"https:\/\/cidadesemfoco.com\/wp-content\/uploads\/2024\/02\/IMG_4592.jpg\" sizes=\"(max-width: 400px) 100vw, 400px\" srcset=\"https:\/\/cidadesemfoco.com\/wp-content\/uploads\/2024\/02\/IMG_4592.jpg 400w, https:\/\/cidadesemfoco.com\/wp-content\/uploads\/2024\/02\/IMG_4592-200x300.jpg 200w, https:\/\/cidadesemfoco.com\/wp-content\/uploads\/2024\/02\/IMG_4592-267x400.jpg 267w\" alt=\"\" width=\"400\" height=\"600\" \/><\/a><\/div>\n<\/figure>\n<\/div>\n<\/div>\n<footer class=\"penci-entry-footer\">\n<div class=\"penci-source-via-tags-wrap\"><\/div>\n<p><span class=\"penci-social-buttons penci-social-share-footer\"><span class=\"penci-social-share-text\">Fonte: Cidades em Foco <\/span><\/span><\/p>\n<\/footer>\n","protected":false},"excerpt":{"rendered":"<p>A comunidade s\u00edtio Jo\u00e3o de Sousa recebeu neste s\u00e1bado (10), a abertura da II Copa Jo\u00e3o de Sousa, uma competi\u00e7\u00e3o de Fut7 que envolve 16 equipes na categoria masculina. O torneio recebe a organiza\u00e7\u00e3o de Jo\u00e3o Paulo, Valdeir, Ayrlon e Paulo J\u00fanior, al\u00e9m de contar com o apoio integral da Prefeitura e da Secretaria de &hellip;<\/p>\n","protected":false},"author":2,"featured_media":71109,"comment_status":"open","ping_status":"open","sticky":false,"template":"","format":"standard","meta":{"content-type":"","rop_custom_images_group":[],"rop_custom_messages_group":[],"rop_publish_now":"initial","rop_publish_now_accounts":{"facebook_2648258775420054_1618374048415101":""},"rop_publish_now_history":[],"rop_publish_now_status":"pending","footnotes":"","_jetpack_memberships_contains_paid_content":false},"categories":[108,109],"tags":[3515,1151,837,836,230,1218,15365,15342,5042,15366,4040,1467,4840,842,1454],"yoast_head":"<!-- This site is optimized with the Yoast SEO plugin v22.3 - https:\/\/yoast.com\/wordpress\/plugins\/seo\/ -->\n<title>Abertura da II Copa Jo\u00e3o de Sousa de Fut7 movimenta zona rural de Sim\u00f5es; veja como foi - Portal NPM<\/title>\n<meta name=\"robots\" content=\"index, follow, max-snippet:-1, max-image-preview:large, max-video-preview:-1\" \/>\n<link rel=\"canonical\" href=\"https:\/\/portalnpm.com\/index.php\/2024\/02\/12\/abertura-da-ii-copa-joao-de-sousa-de-fut7-movimenta-zona-rural-de-simoes-veja-como-foi\/\" \/>\n<meta property=\"og:locale\" content=\"pt_BR\" \/>\n<meta property=\"og:type\" content=\"article\" \/>\n<meta property=\"og:title\" content=\"Abertura da II Copa Jo\u00e3o de Sousa de Fut7 movimenta zona rural de Sim\u00f5es; veja como foi - Portal NPM\" \/>\n<meta property=\"og:description\" content=\"A comunidade s\u00edtio Jo\u00e3o de Sousa recebeu neste s\u00e1bado (10), a abertura da II Copa Jo\u00e3o de Sousa, uma competi\u00e7\u00e3o de Fut7 que envolve 16 equipes na categoria masculina. O torneio recebe a organiza\u00e7\u00e3o de Jo\u00e3o Paulo, Valdeir, Ayrlon e Paulo J\u00fanior, al\u00e9m de contar com o apoio integral da Prefeitura e da Secretaria de &hellip;\" \/>\n<meta property=\"og:url\" content=\"https:\/\/portalnpm.com\/index.php\/2024\/02\/12\/abertura-da-ii-copa-joao-de-sousa-de-fut7-movimenta-zona-rural-de-simoes-veja-como-foi\/\" \/>\n<meta property=\"og:site_name\" content=\"Portal NPM\" \/>\n<meta property=\"article:published_time\" content=\"2024-02-12T14:12:07+00:00\" \/>\n<meta property=\"article:modified_time\" content=\"2024-02-12T14:13:35+00:00\" \/>\n<meta property=\"og:image\" content=\"https:\/\/portalnpm.com\/wp-content\/uploads\/2024\/02\/D1-16.jpg\" \/>\n\t<meta property=\"og:image:width\" content=\"800\" \/>\n\t<meta property=\"og:image:height\" content=\"404\" \/>\n\t<meta property=\"og:image:type\" content=\"image\/jpeg\" \/>\n<meta name=\"author\" content=\"Genival Barbosa\" \/>\n<meta name=\"twitter:card\" content=\"summary_large_image\" \/>\n<meta name=\"twitter:label1\" content=\"Escrito por\" \/>\n\t<meta name=\"twitter:data1\" content=\"Genival Barbosa\" \/>\n\t<meta name=\"twitter:label2\" content=\"Est. tempo de leitura\" \/>\n\t<meta name=\"twitter:data2\" content=\"45 minutos\" \/>\n<script type=\"application\/ld+json\" class=\"yoast-schema-graph\">{\"@context\":\"https:\/\/schema.org\",\"@graph\":[{\"@type\":\"WebPage\",\"@id\":\"https:\/\/portalnpm.com\/index.php\/2024\/02\/12\/abertura-da-ii-copa-joao-de-sousa-de-fut7-movimenta-zona-rural-de-simoes-veja-como-foi\/\",\"url\":\"https:\/\/portalnpm.com\/index.php\/2024\/02\/12\/abertura-da-ii-copa-joao-de-sousa-de-fut7-movimenta-zona-rural-de-simoes-veja-como-foi\/\",\"name\":\"Abertura da II Copa Jo\u00e3o de Sousa de Fut7 movimenta zona rural de Sim\u00f5es; veja como foi - Portal NPM\",\"isPartOf\":{\"@id\":\"https:\/\/portalnpm.com\/#website\"},\"primaryImageOfPage\":{\"@id\":\"https:\/\/portalnpm.com\/index.php\/2024\/02\/12\/abertura-da-ii-copa-joao-de-sousa-de-fut7-movimenta-zona-rural-de-simoes-veja-como-foi\/#primaryimage\"},\"image\":{\"@id\":\"https:\/\/portalnpm.com\/index.php\/2024\/02\/12\/abertura-da-ii-copa-joao-de-sousa-de-fut7-movimenta-zona-rural-de-simoes-veja-como-foi\/#primaryimage\"},\"thumbnailUrl\":\"https:\/\/portalnpm.com\/wp-content\/uploads\/2024\/02\/D1-16.jpg\",\"datePublished\":\"2024-02-12T14:12:07+00:00\",\"dateModified\":\"2024-02-12T14:13:35+00:00\",\"author\":{\"@id\":\"https:\/\/portalnpm.com\/#\/schema\/person\/49313e563cfdefcc167f1ee4c017c294\"},\"breadcrumb\":{\"@id\":\"https:\/\/portalnpm.com\/index.php\/2024\/02\/12\/abertura-da-ii-copa-joao-de-sousa-de-fut7-movimenta-zona-rural-de-simoes-veja-como-foi\/#breadcrumb\"},\"inLanguage\":\"pt-BR\",\"potentialAction\":[{\"@type\":\"ReadAction\",\"target\":[\"https:\/\/portalnpm.com\/index.php\/2024\/02\/12\/abertura-da-ii-copa-joao-de-sousa-de-fut7-movimenta-zona-rural-de-simoes-veja-como-foi\/\"]}]},{\"@type\":\"ImageObject\",\"inLanguage\":\"pt-BR\",\"@id\":\"https:\/\/portalnpm.com\/index.php\/2024\/02\/12\/abertura-da-ii-copa-joao-de-sousa-de-fut7-movimenta-zona-rural-de-simoes-veja-como-foi\/#primaryimage\",\"url\":\"https:\/\/portalnpm.com\/wp-content\/uploads\/2024\/02\/D1-16.jpg\",\"contentUrl\":\"https:\/\/portalnpm.com\/wp-content\/uploads\/2024\/02\/D1-16.jpg\",\"width\":800,\"height\":404},{\"@type\":\"BreadcrumbList\",\"@id\":\"https:\/\/portalnpm.com\/index.php\/2024\/02\/12\/abertura-da-ii-copa-joao-de-sousa-de-fut7-movimenta-zona-rural-de-simoes-veja-como-foi\/#breadcrumb\",\"itemListElement\":[{\"@type\":\"ListItem\",\"position\":1,\"name\":\"In\u00edcio\",\"item\":\"https:\/\/portalnpm.com\/\"},{\"@type\":\"ListItem\",\"position\":2,\"name\":\"Abertura da II Copa Jo\u00e3o de Sousa de Fut7 movimenta zona rural de Sim\u00f5es; veja como foi\"}]},{\"@type\":\"WebSite\",\"@id\":\"https:\/\/portalnpm.com\/#website\",\"url\":\"https:\/\/portalnpm.com\/\",\"name\":\"Portal NPM\",\"description\":\"Not\u00edcias em Primeira M\u00e3o\",\"potentialAction\":[{\"@type\":\"SearchAction\",\"target\":{\"@type\":\"EntryPoint\",\"urlTemplate\":\"https:\/\/portalnpm.com\/?s={search_term_string}\"},\"query-input\":\"required name=search_term_string\"}],\"inLanguage\":\"pt-BR\"},{\"@type\":\"Person\",\"@id\":\"https:\/\/portalnpm.com\/#\/schema\/person\/49313e563cfdefcc167f1ee4c017c294\",\"name\":\"Genival Barbosa\",\"image\":{\"@type\":\"ImageObject\",\"inLanguage\":\"pt-BR\",\"@id\":\"https:\/\/portalnpm.com\/#\/schema\/person\/image\/\",\"url\":\"https:\/\/portalnpm.com\/wp-content\/uploads\/2024\/02\/avatar_user_2_1707743258-96x96.jpeg\",\"contentUrl\":\"https:\/\/portalnpm.com\/wp-content\/uploads\/2024\/02\/avatar_user_2_1707743258-96x96.jpeg\",\"caption\":\"Genival Barbosa\"},\"url\":\"https:\/\/portalnpm.com\/index.php\/author\/genival\/\"}]}<\/script>\n<!-- \/ Yoast SEO plugin. -->","yoast_head_json":{"title":"Abertura da II Copa Jo\u00e3o de Sousa de Fut7 movimenta zona rural de Sim\u00f5es; veja como foi - Portal NPM","robots":{"index":"index","follow":"follow","max-snippet":"max-snippet:-1","max-image-preview":"max-image-preview:large","max-video-preview":"max-video-preview:-1"},"canonical":"https:\/\/portalnpm.com\/index.php\/2024\/02\/12\/abertura-da-ii-copa-joao-de-sousa-de-fut7-movimenta-zona-rural-de-simoes-veja-como-foi\/","og_locale":"pt_BR","og_type":"article","og_title":"Abertura da II Copa Jo\u00e3o de Sousa de Fut7 movimenta zona rural de Sim\u00f5es; veja como foi - Portal NPM","og_description":"A comunidade s\u00edtio Jo\u00e3o de Sousa recebeu neste s\u00e1bado (10), a abertura da II Copa Jo\u00e3o de Sousa, uma competi\u00e7\u00e3o de Fut7 que envolve 16 equipes na categoria masculina. O torneio recebe a organiza\u00e7\u00e3o de Jo\u00e3o Paulo, Valdeir, Ayrlon e Paulo J\u00fanior, al\u00e9m de contar com o apoio integral da Prefeitura e da Secretaria de &hellip;","og_url":"https:\/\/portalnpm.com\/index.php\/2024\/02\/12\/abertura-da-ii-copa-joao-de-sousa-de-fut7-movimenta-zona-rural-de-simoes-veja-como-foi\/","og_site_name":"Portal NPM","article_published_time":"2024-02-12T14:12:07+00:00","article_modified_time":"2024-02-12T14:13:35+00:00","og_image":[{"width":800,"height":404,"url":"https:\/\/portalnpm.com\/wp-content\/uploads\/2024\/02\/D1-16.jpg","type":"image\/jpeg"}],"author":"Genival Barbosa","twitter_card":"summary_large_image","twitter_misc":{"Escrito por":"Genival Barbosa","Est. tempo de leitura":"45 minutos"},"schema":{"@context":"https:\/\/schema.org","@graph":[{"@type":"WebPage","@id":"https:\/\/portalnpm.com\/index.php\/2024\/02\/12\/abertura-da-ii-copa-joao-de-sousa-de-fut7-movimenta-zona-rural-de-simoes-veja-como-foi\/","url":"https:\/\/portalnpm.com\/index.php\/2024\/02\/12\/abertura-da-ii-copa-joao-de-sousa-de-fut7-movimenta-zona-rural-de-simoes-veja-como-foi\/","name":"Abertura da II Copa Jo\u00e3o de Sousa de Fut7 movimenta zona rural de Sim\u00f5es; veja como foi - Portal NPM","isPartOf":{"@id":"https:\/\/portalnpm.com\/#website"},"primaryImageOfPage":{"@id":"https:\/\/portalnpm.com\/index.php\/2024\/02\/12\/abertura-da-ii-copa-joao-de-sousa-de-fut7-movimenta-zona-rural-de-simoes-veja-como-foi\/#primaryimage"},"image":{"@id":"https:\/\/portalnpm.com\/index.php\/2024\/02\/12\/abertura-da-ii-copa-joao-de-sousa-de-fut7-movimenta-zona-rural-de-simoes-veja-como-foi\/#primaryimage"},"thumbnailUrl":"https:\/\/portalnpm.com\/wp-content\/uploads\/2024\/02\/D1-16.jpg","datePublished":"2024-02-12T14:12:07+00:00","dateModified":"2024-02-12T14:13:35+00:00","author":{"@id":"https:\/\/portalnpm.com\/#\/schema\/person\/49313e563cfdefcc167f1ee4c017c294"},"breadcrumb":{"@id":"https:\/\/portalnpm.com\/index.php\/2024\/02\/12\/abertura-da-ii-copa-joao-de-sousa-de-fut7-movimenta-zona-rural-de-simoes-veja-como-foi\/#breadcrumb"},"inLanguage":"pt-BR","potentialAction":[{"@type":"ReadAction","target":["https:\/\/portalnpm.com\/index.php\/2024\/02\/12\/abertura-da-ii-copa-joao-de-sousa-de-fut7-movimenta-zona-rural-de-simoes-veja-como-foi\/"]}]},{"@type":"ImageObject","inLanguage":"pt-BR","@id":"https:\/\/portalnpm.com\/index.php\/2024\/02\/12\/abertura-da-ii-copa-joao-de-sousa-de-fut7-movimenta-zona-rural-de-simoes-veja-como-foi\/#primaryimage","url":"https:\/\/portalnpm.com\/wp-content\/uploads\/2024\/02\/D1-16.jpg","contentUrl":"https:\/\/portalnpm.com\/wp-content\/uploads\/2024\/02\/D1-16.jpg","width":800,"height":404},{"@type":"BreadcrumbList","@id":"https:\/\/portalnpm.com\/index.php\/2024\/02\/12\/abertura-da-ii-copa-joao-de-sousa-de-fut7-movimenta-zona-rural-de-simoes-veja-como-foi\/#breadcrumb","itemListElement":[{"@type":"ListItem","position":1,"name":"In\u00edcio","item":"https:\/\/portalnpm.com\/"},{"@type":"ListItem","position":2,"name":"Abertura da II Copa Jo\u00e3o de Sousa de Fut7 movimenta zona rural de Sim\u00f5es; veja como foi"}]},{"@type":"WebSite","@id":"https:\/\/portalnpm.com\/#website","url":"https:\/\/portalnpm.com\/","name":"Portal NPM","description":"Not\u00edcias em Primeira M\u00e3o","potentialAction":[{"@type":"SearchAction","target":{"@type":"EntryPoint","urlTemplate":"https:\/\/portalnpm.com\/?s={search_term_string}"},"query-input":"required name=search_term_string"}],"inLanguage":"pt-BR"},{"@type":"Person","@id":"https:\/\/portalnpm.com\/#\/schema\/person\/49313e563cfdefcc167f1ee4c017c294","name":"Genival Barbosa","image":{"@type":"ImageObject","inLanguage":"pt-BR","@id":"https:\/\/portalnpm.com\/#\/schema\/person\/image\/","url":"https:\/\/portalnpm.com\/wp-content\/uploads\/2024\/02\/avatar_user_2_1707743258-96x96.jpeg","contentUrl":"https:\/\/portalnpm.com\/wp-content\/uploads\/2024\/02\/avatar_user_2_1707743258-96x96.jpeg","caption":"Genival Barbosa"},"url":"https:\/\/portalnpm.com\/index.php\/author\/genival\/"}]}},"jetpack_sharing_enabled":true,"jetpack_featured_media_url":"https:\/\/portalnpm.com\/wp-content\/uploads\/2024\/02\/D1-16.jpg","_links":{"self":[{"href":"https:\/\/portalnpm.com\/index.php\/wp-json\/wp\/v2\/posts\/71108"}],"collection":[{"href":"https:\/\/portalnpm.com\/index.php\/wp-json\/wp\/v2\/posts"}],"about":[{"href":"https:\/\/portalnpm.com\/index.php\/wp-json\/wp\/v2\/types\/post"}],"author":[{"embeddable":true,"href":"https:\/\/portalnpm.com\/index.php\/wp-json\/wp\/v2\/users\/2"}],"replies":[{"embeddable":true,"href":"https:\/\/portalnpm.com\/index.php\/wp-json\/wp\/v2\/comments?post=71108"}],"version-history":[{"count":2,"href":"https:\/\/portalnpm.com\/index.php\/wp-json\/wp\/v2\/posts\/71108\/revisions"}],"predecessor-version":[{"id":71111,"href":"https:\/\/portalnpm.com\/index.php\/wp-json\/wp\/v2\/posts\/71108\/revisions\/71111"}],"wp:featuredmedia":[{"embeddable":true,"href":"https:\/\/portalnpm.com\/index.php\/wp-json\/wp\/v2\/media\/71109"}],"wp:attachment":[{"href":"https:\/\/portalnpm.com\/index.php\/wp-json\/wp\/v2\/media?parent=71108"}],"wp:term":[{"taxonomy":"category","embeddable":true,"href":"https:\/\/portalnpm.com\/index.php\/wp-json\/wp\/v2\/categories?post=71108"},{"taxonomy":"post_tag","embeddable":true,"href":"https:\/\/portalnpm.com\/index.php\/wp-json\/wp\/v2\/tags?post=71108"}],"curies":[{"name":"wp","href":"https:\/\/api.w.org\/{rel}","templated":true}]}}