{"id":71158,"date":"2024-02-13T14:10:01","date_gmt":"2024-02-13T17:10:01","guid":{"rendered":"https:\/\/portalnpm.com\/?p=71158"},"modified":"2024-02-13T14:10:01","modified_gmt":"2024-02-13T17:10:01","slug":"santo-antonio-de-lisboa-grupo-de-situacao-lanca-pre-candidaturas-de-erivaldo-lopes-para-prefeito-e-giovan-sousa-para-vice","status":"publish","type":"post","link":"https:\/\/portalnpm.com\/index.php\/2024\/02\/13\/santo-antonio-de-lisboa-grupo-de-situacao-lanca-pre-candidaturas-de-erivaldo-lopes-para-prefeito-e-giovan-sousa-para-vice\/","title":{"rendered":"SANTO ANT\u00d4NIO DE LISBOA: grupo de situa\u00e7\u00e3o lan\u00e7a pr\u00e9-candidaturas de Erivaldo Lopes para prefeito e Giovan Sousa para vice"},"content":{"rendered":"<p>O grupo situacionista do munic\u00edpio de Santo Ant\u00f4nio de Lisboa anunciou as pr\u00e9-candidaturas de Erivaldo Lopes (PT) para prefeito e Giovan Sousa para vice-prefeito. O an\u00fancio foi feito ap\u00f3s reuni\u00e3o realizada na \u00faltima sexta-feira, 09 de fevereiro, que contou com a presen\u00e7a do pr\u00e9-candidato Erivaldo Lopes; do atual prefeito, Dr. Karl\u00e3o; o pr\u00e9-candidato a vice-prefeito Giovan Sousa; o ex-prefeito Assis Cipriano; o ex-vice-prefeito Jos\u00e9 Rivaldo; o coordenador do DNOCS, Assis Rocha; e lideran\u00e7as pol\u00edticas.<\/p>\n<p>Em suas redes sociais, Erivaldo Lopes confirmou as pr\u00e9-candidaturas e anunciou as coliga\u00e7\u00f5es entre PT, MDB e PSD em Santo Ant\u00f4nio de Lisboa.<\/p>\n<p>\u201c\u00c9 com grande satisfa\u00e7\u00e3o que informamos que as coliga\u00e7\u00f5es PT, MDB e PSD no munic\u00edpio de Santo Ant\u00f4nio de Lisboa chegaram a um consenso em rela\u00e7\u00e3o aos nomes que representar\u00e3o essa uni\u00e3o nas elei\u00e7\u00f5es de outubro. Erivaldo Lopes foi escolhido como pr\u00e9-candidato a prefeito, enquanto Giovan Sousa assume a posi\u00e7\u00e3o de pr\u00e9-candidato a vice-prefeito, formando uma chapa comprometida com o progresso e o bem-estar da nossa cidade\u201d, afirmou.<\/p>\n<p>Em comunicado divulgado, Erivaldo Lopes ainda destacou que a uni\u00e3o entre os grupos pol\u00edtico fortalece a sua pr\u00e9-candidatura. \u201cAcreditamos que essa uni\u00e3o fortalece n\u00e3o apenas nossas chances eleitorais, mas tamb\u00e9m a capacidade de implementarmos mudan\u00e7as positivas em Santo Ant\u00f4nio de Lisboa\u201d, garantiu.<\/p>\n<p>Fonte: Riach\u00e3oNet<\/p>\n","protected":false},"excerpt":{"rendered":"<p>O grupo situacionista do munic\u00edpio de Santo Ant\u00f4nio de Lisboa anunciou as pr\u00e9-candidaturas de Erivaldo Lopes (PT) para prefeito e Giovan Sousa para vice-prefeito. O an\u00fancio foi feito ap\u00f3s reuni\u00e3o realizada na \u00faltima sexta-feira, 09 de fevereiro, que contou com a presen\u00e7a do pr\u00e9-candidato Erivaldo Lopes; do atual prefeito, Dr. Karl\u00e3o; o pr\u00e9-candidato a vice-prefeito &hellip;<\/p>\n","protected":false},"author":2,"featured_media":71159,"comment_status":"open","ping_status":"open","sticky":false,"template":"","format":"standard","meta":{"content-type":"","rop_custom_images_group":[],"rop_custom_messages_group":[],"rop_publish_now":"initial","rop_publish_now_accounts":{"facebook_2648258775420054_1618374048415101":""},"rop_publish_now_history":[],"rop_publish_now_status":"pending","footnotes":"","_jetpack_memberships_contains_paid_content":false},"categories":[109,130,4397],"tags":[5090,230,15383,15384,592,2668,5091,9523,852,4637,135,5089,1549,4840,476],"yoast_head":"<!-- This site is optimized with the Yoast SEO plugin v22.3 - https:\/\/yoast.com\/wordpress\/plugins\/seo\/ -->\n<title>SANTO ANT\u00d4NIO DE LISBOA: grupo de situa\u00e7\u00e3o lan\u00e7a pr\u00e9-candidaturas de Erivaldo Lopes para prefeito e Giovan Sousa para vice - Portal NPM<\/title>\n<meta name=\"robots\" content=\"index, follow, max-snippet:-1, max-image-preview:large, max-video-preview:-1\" \/>\n<link rel=\"canonical\" href=\"https:\/\/portalnpm.com\/index.php\/2024\/02\/13\/santo-antonio-de-lisboa-grupo-de-situacao-lanca-pre-candidaturas-de-erivaldo-lopes-para-prefeito-e-giovan-sousa-para-vice\/\" \/>\n<meta property=\"og:locale\" content=\"pt_BR\" \/>\n<meta property=\"og:type\" content=\"article\" \/>\n<meta property=\"og:title\" content=\"SANTO ANT\u00d4NIO DE LISBOA: grupo de situa\u00e7\u00e3o lan\u00e7a pr\u00e9-candidaturas de Erivaldo Lopes para prefeito e Giovan Sousa para vice - Portal NPM\" \/>\n<meta property=\"og:description\" content=\"O grupo situacionista do munic\u00edpio de Santo Ant\u00f4nio de Lisboa anunciou as pr\u00e9-candidaturas de Erivaldo Lopes (PT) para prefeito e Giovan Sousa para vice-prefeito. O an\u00fancio foi feito ap\u00f3s reuni\u00e3o realizada na \u00faltima sexta-feira, 09 de fevereiro, que contou com a presen\u00e7a do pr\u00e9-candidato Erivaldo Lopes; do atual prefeito, Dr. Karl\u00e3o; o pr\u00e9-candidato a vice-prefeito &hellip;\" \/>\n<meta property=\"og:url\" content=\"https:\/\/portalnpm.com\/index.php\/2024\/02\/13\/santo-antonio-de-lisboa-grupo-de-situacao-lanca-pre-candidaturas-de-erivaldo-lopes-para-prefeito-e-giovan-sousa-para-vice\/\" \/>\n<meta property=\"og:site_name\" content=\"Portal NPM\" \/>\n<meta property=\"article:published_time\" content=\"2024-02-13T17:10:01+00:00\" \/>\n<meta property=\"og:image\" content=\"https:\/\/portalnpm.com\/wp-content\/uploads\/2024\/02\/cats-163.jpg\" \/>\n\t<meta property=\"og:image:width\" content=\"780\" \/>\n\t<meta property=\"og:image:height\" content=\"445\" \/>\n\t<meta property=\"og:image:type\" content=\"image\/jpeg\" \/>\n<meta name=\"author\" content=\"Genival Barbosa\" \/>\n<meta name=\"twitter:card\" content=\"summary_large_image\" \/>\n<meta name=\"twitter:label1\" content=\"Escrito por\" \/>\n\t<meta name=\"twitter:data1\" content=\"Genival Barbosa\" \/>\n\t<meta name=\"twitter:label2\" content=\"Est. tempo de leitura\" \/>\n\t<meta name=\"twitter:data2\" content=\"2 minutos\" \/>\n<script type=\"application\/ld+json\" class=\"yoast-schema-graph\">{\"@context\":\"https:\/\/schema.org\",\"@graph\":[{\"@type\":\"WebPage\",\"@id\":\"https:\/\/portalnpm.com\/index.php\/2024\/02\/13\/santo-antonio-de-lisboa-grupo-de-situacao-lanca-pre-candidaturas-de-erivaldo-lopes-para-prefeito-e-giovan-sousa-para-vice\/\",\"url\":\"https:\/\/portalnpm.com\/index.php\/2024\/02\/13\/santo-antonio-de-lisboa-grupo-de-situacao-lanca-pre-candidaturas-de-erivaldo-lopes-para-prefeito-e-giovan-sousa-para-vice\/\",\"name\":\"SANTO ANT\u00d4NIO DE LISBOA: grupo de situa\u00e7\u00e3o lan\u00e7a pr\u00e9-candidaturas de Erivaldo Lopes para prefeito e Giovan Sousa para vice - Portal NPM\",\"isPartOf\":{\"@id\":\"https:\/\/portalnpm.com\/#website\"},\"primaryImageOfPage\":{\"@id\":\"https:\/\/portalnpm.com\/index.php\/2024\/02\/13\/santo-antonio-de-lisboa-grupo-de-situacao-lanca-pre-candidaturas-de-erivaldo-lopes-para-prefeito-e-giovan-sousa-para-vice\/#primaryimage\"},\"image\":{\"@id\":\"https:\/\/portalnpm.com\/index.php\/2024\/02\/13\/santo-antonio-de-lisboa-grupo-de-situacao-lanca-pre-candidaturas-de-erivaldo-lopes-para-prefeito-e-giovan-sousa-para-vice\/#primaryimage\"},\"thumbnailUrl\":\"https:\/\/portalnpm.com\/wp-content\/uploads\/2024\/02\/cats-163.jpg\",\"datePublished\":\"2024-02-13T17:10:01+00:00\",\"dateModified\":\"2024-02-13T17:10:01+00:00\",\"author\":{\"@id\":\"https:\/\/portalnpm.com\/#\/schema\/person\/49313e563cfdefcc167f1ee4c017c294\"},\"breadcrumb\":{\"@id\":\"https:\/\/portalnpm.com\/index.php\/2024\/02\/13\/santo-antonio-de-lisboa-grupo-de-situacao-lanca-pre-candidaturas-de-erivaldo-lopes-para-prefeito-e-giovan-sousa-para-vice\/#breadcrumb\"},\"inLanguage\":\"pt-BR\",\"potentialAction\":[{\"@type\":\"ReadAction\",\"target\":[\"https:\/\/portalnpm.com\/index.php\/2024\/02\/13\/santo-antonio-de-lisboa-grupo-de-situacao-lanca-pre-candidaturas-de-erivaldo-lopes-para-prefeito-e-giovan-sousa-para-vice\/\"]}]},{\"@type\":\"ImageObject\",\"inLanguage\":\"pt-BR\",\"@id\":\"https:\/\/portalnpm.com\/index.php\/2024\/02\/13\/santo-antonio-de-lisboa-grupo-de-situacao-lanca-pre-candidaturas-de-erivaldo-lopes-para-prefeito-e-giovan-sousa-para-vice\/#primaryimage\",\"url\":\"https:\/\/portalnpm.com\/wp-content\/uploads\/2024\/02\/cats-163.jpg\",\"contentUrl\":\"https:\/\/portalnpm.com\/wp-content\/uploads\/2024\/02\/cats-163.jpg\",\"width\":780,\"height\":445},{\"@type\":\"BreadcrumbList\",\"@id\":\"https:\/\/portalnpm.com\/index.php\/2024\/02\/13\/santo-antonio-de-lisboa-grupo-de-situacao-lanca-pre-candidaturas-de-erivaldo-lopes-para-prefeito-e-giovan-sousa-para-vice\/#breadcrumb\",\"itemListElement\":[{\"@type\":\"ListItem\",\"position\":1,\"name\":\"In\u00edcio\",\"item\":\"https:\/\/portalnpm.com\/\"},{\"@type\":\"ListItem\",\"position\":2,\"name\":\"SANTO ANT\u00d4NIO DE LISBOA: grupo de situa\u00e7\u00e3o lan\u00e7a pr\u00e9-candidaturas de Erivaldo Lopes para prefeito e Giovan Sousa para vice\"}]},{\"@type\":\"WebSite\",\"@id\":\"https:\/\/portalnpm.com\/#website\",\"url\":\"https:\/\/portalnpm.com\/\",\"name\":\"Portal NPM\",\"description\":\"Not\u00edcias em Primeira M\u00e3o\",\"potentialAction\":[{\"@type\":\"SearchAction\",\"target\":{\"@type\":\"EntryPoint\",\"urlTemplate\":\"https:\/\/portalnpm.com\/?s={search_term_string}\"},\"query-input\":\"required name=search_term_string\"}],\"inLanguage\":\"pt-BR\"},{\"@type\":\"Person\",\"@id\":\"https:\/\/portalnpm.com\/#\/schema\/person\/49313e563cfdefcc167f1ee4c017c294\",\"name\":\"Genival Barbosa\",\"image\":{\"@type\":\"ImageObject\",\"inLanguage\":\"pt-BR\",\"@id\":\"https:\/\/portalnpm.com\/#\/schema\/person\/image\/\",\"url\":\"https:\/\/portalnpm.com\/wp-content\/uploads\/2024\/02\/avatar_user_2_1707743258-96x96.jpeg\",\"contentUrl\":\"https:\/\/portalnpm.com\/wp-content\/uploads\/2024\/02\/avatar_user_2_1707743258-96x96.jpeg\",\"caption\":\"Genival Barbosa\"},\"url\":\"https:\/\/portalnpm.com\/index.php\/author\/genival\/\"}]}<\/script>\n<!-- \/ Yoast SEO plugin. -->","yoast_head_json":{"title":"SANTO ANT\u00d4NIO DE LISBOA: grupo de situa\u00e7\u00e3o lan\u00e7a pr\u00e9-candidaturas de Erivaldo Lopes para prefeito e Giovan Sousa para vice - Portal NPM","robots":{"index":"index","follow":"follow","max-snippet":"max-snippet:-1","max-image-preview":"max-image-preview:large","max-video-preview":"max-video-preview:-1"},"canonical":"https:\/\/portalnpm.com\/index.php\/2024\/02\/13\/santo-antonio-de-lisboa-grupo-de-situacao-lanca-pre-candidaturas-de-erivaldo-lopes-para-prefeito-e-giovan-sousa-para-vice\/","og_locale":"pt_BR","og_type":"article","og_title":"SANTO ANT\u00d4NIO DE LISBOA: grupo de situa\u00e7\u00e3o lan\u00e7a pr\u00e9-candidaturas de Erivaldo Lopes para prefeito e Giovan Sousa para vice - Portal NPM","og_description":"O grupo situacionista do munic\u00edpio de Santo Ant\u00f4nio de Lisboa anunciou as pr\u00e9-candidaturas de Erivaldo Lopes (PT) para prefeito e Giovan Sousa para vice-prefeito. O an\u00fancio foi feito ap\u00f3s reuni\u00e3o realizada na \u00faltima sexta-feira, 09 de fevereiro, que contou com a presen\u00e7a do pr\u00e9-candidato Erivaldo Lopes; do atual prefeito, Dr. Karl\u00e3o; o pr\u00e9-candidato a vice-prefeito &hellip;","og_url":"https:\/\/portalnpm.com\/index.php\/2024\/02\/13\/santo-antonio-de-lisboa-grupo-de-situacao-lanca-pre-candidaturas-de-erivaldo-lopes-para-prefeito-e-giovan-sousa-para-vice\/","og_site_name":"Portal NPM","article_published_time":"2024-02-13T17:10:01+00:00","og_image":[{"width":780,"height":445,"url":"https:\/\/portalnpm.com\/wp-content\/uploads\/2024\/02\/cats-163.jpg","type":"image\/jpeg"}],"author":"Genival Barbosa","twitter_card":"summary_large_image","twitter_misc":{"Escrito por":"Genival Barbosa","Est. tempo de leitura":"2 minutos"},"schema":{"@context":"https:\/\/schema.org","@graph":[{"@type":"WebPage","@id":"https:\/\/portalnpm.com\/index.php\/2024\/02\/13\/santo-antonio-de-lisboa-grupo-de-situacao-lanca-pre-candidaturas-de-erivaldo-lopes-para-prefeito-e-giovan-sousa-para-vice\/","url":"https:\/\/portalnpm.com\/index.php\/2024\/02\/13\/santo-antonio-de-lisboa-grupo-de-situacao-lanca-pre-candidaturas-de-erivaldo-lopes-para-prefeito-e-giovan-sousa-para-vice\/","name":"SANTO ANT\u00d4NIO DE LISBOA: grupo de situa\u00e7\u00e3o lan\u00e7a pr\u00e9-candidaturas de Erivaldo Lopes para prefeito e Giovan Sousa para vice - Portal NPM","isPartOf":{"@id":"https:\/\/portalnpm.com\/#website"},"primaryImageOfPage":{"@id":"https:\/\/portalnpm.com\/index.php\/2024\/02\/13\/santo-antonio-de-lisboa-grupo-de-situacao-lanca-pre-candidaturas-de-erivaldo-lopes-para-prefeito-e-giovan-sousa-para-vice\/#primaryimage"},"image":{"@id":"https:\/\/portalnpm.com\/index.php\/2024\/02\/13\/santo-antonio-de-lisboa-grupo-de-situacao-lanca-pre-candidaturas-de-erivaldo-lopes-para-prefeito-e-giovan-sousa-para-vice\/#primaryimage"},"thumbnailUrl":"https:\/\/portalnpm.com\/wp-content\/uploads\/2024\/02\/cats-163.jpg","datePublished":"2024-02-13T17:10:01+00:00","dateModified":"2024-02-13T17:10:01+00:00","author":{"@id":"https:\/\/portalnpm.com\/#\/schema\/person\/49313e563cfdefcc167f1ee4c017c294"},"breadcrumb":{"@id":"https:\/\/portalnpm.com\/index.php\/2024\/02\/13\/santo-antonio-de-lisboa-grupo-de-situacao-lanca-pre-candidaturas-de-erivaldo-lopes-para-prefeito-e-giovan-sousa-para-vice\/#breadcrumb"},"inLanguage":"pt-BR","potentialAction":[{"@type":"ReadAction","target":["https:\/\/portalnpm.com\/index.php\/2024\/02\/13\/santo-antonio-de-lisboa-grupo-de-situacao-lanca-pre-candidaturas-de-erivaldo-lopes-para-prefeito-e-giovan-sousa-para-vice\/"]}]},{"@type":"ImageObject","inLanguage":"pt-BR","@id":"https:\/\/portalnpm.com\/index.php\/2024\/02\/13\/santo-antonio-de-lisboa-grupo-de-situacao-lanca-pre-candidaturas-de-erivaldo-lopes-para-prefeito-e-giovan-sousa-para-vice\/#primaryimage","url":"https:\/\/portalnpm.com\/wp-content\/uploads\/2024\/02\/cats-163.jpg","contentUrl":"https:\/\/portalnpm.com\/wp-content\/uploads\/2024\/02\/cats-163.jpg","width":780,"height":445},{"@type":"BreadcrumbList","@id":"https:\/\/portalnpm.com\/index.php\/2024\/02\/13\/santo-antonio-de-lisboa-grupo-de-situacao-lanca-pre-candidaturas-de-erivaldo-lopes-para-prefeito-e-giovan-sousa-para-vice\/#breadcrumb","itemListElement":[{"@type":"ListItem","position":1,"name":"In\u00edcio","item":"https:\/\/portalnpm.com\/"},{"@type":"ListItem","position":2,"name":"SANTO ANT\u00d4NIO DE LISBOA: grupo de situa\u00e7\u00e3o lan\u00e7a pr\u00e9-candidaturas de Erivaldo Lopes para prefeito e Giovan Sousa para vice"}]},{"@type":"WebSite","@id":"https:\/\/portalnpm.com\/#website","url":"https:\/\/portalnpm.com\/","name":"Portal NPM","description":"Not\u00edcias em Primeira M\u00e3o","potentialAction":[{"@type":"SearchAction","target":{"@type":"EntryPoint","urlTemplate":"https:\/\/portalnpm.com\/?s={search_term_string}"},"query-input":"required name=search_term_string"}],"inLanguage":"pt-BR"},{"@type":"Person","@id":"https:\/\/portalnpm.com\/#\/schema\/person\/49313e563cfdefcc167f1ee4c017c294","name":"Genival Barbosa","image":{"@type":"ImageObject","inLanguage":"pt-BR","@id":"https:\/\/portalnpm.com\/#\/schema\/person\/image\/","url":"https:\/\/portalnpm.com\/wp-content\/uploads\/2024\/02\/avatar_user_2_1707743258-96x96.jpeg","contentUrl":"https:\/\/portalnpm.com\/wp-content\/uploads\/2024\/02\/avatar_user_2_1707743258-96x96.jpeg","caption":"Genival Barbosa"},"url":"https:\/\/portalnpm.com\/index.php\/author\/genival\/"}]}},"jetpack_sharing_enabled":true,"jetpack_featured_media_url":"https:\/\/portalnpm.com\/wp-content\/uploads\/2024\/02\/cats-163.jpg","_links":{"self":[{"href":"https:\/\/portalnpm.com\/index.php\/wp-json\/wp\/v2\/posts\/71158"}],"collection":[{"href":"https:\/\/portalnpm.com\/index.php\/wp-json\/wp\/v2\/posts"}],"about":[{"href":"https:\/\/portalnpm.com\/index.php\/wp-json\/wp\/v2\/types\/post"}],"author":[{"embeddable":true,"href":"https:\/\/portalnpm.com\/index.php\/wp-json\/wp\/v2\/users\/2"}],"replies":[{"embeddable":true,"href":"https:\/\/portalnpm.com\/index.php\/wp-json\/wp\/v2\/comments?post=71158"}],"version-history":[{"count":1,"href":"https:\/\/portalnpm.com\/index.php\/wp-json\/wp\/v2\/posts\/71158\/revisions"}],"predecessor-version":[{"id":71160,"href":"https:\/\/portalnpm.com\/index.php\/wp-json\/wp\/v2\/posts\/71158\/revisions\/71160"}],"wp:featuredmedia":[{"embeddable":true,"href":"https:\/\/portalnpm.com\/index.php\/wp-json\/wp\/v2\/media\/71159"}],"wp:attachment":[{"href":"https:\/\/portalnpm.com\/index.php\/wp-json\/wp\/v2\/media?parent=71158"}],"wp:term":[{"taxonomy":"category","embeddable":true,"href":"https:\/\/portalnpm.com\/index.php\/wp-json\/wp\/v2\/categories?post=71158"},{"taxonomy":"post_tag","embeddable":true,"href":"https:\/\/portalnpm.com\/index.php\/wp-json\/wp\/v2\/tags?post=71158"}],"curies":[{"name":"wp","href":"https:\/\/api.w.org\/{rel}","templated":true}]}}