{"id":71270,"date":"2024-02-16T18:48:54","date_gmt":"2024-02-16T21:48:54","guid":{"rendered":"https:\/\/portalnpm.com\/?p=71270"},"modified":"2024-02-16T18:48:54","modified_gmt":"2024-02-16T21:48:54","slug":"jovem-advogado-eliaquim-nunes-tem-nome-cotado-para-disputar-a-prefeitura-de-parnaiba","status":"publish","type":"post","link":"https:\/\/portalnpm.com\/index.php\/2024\/02\/16\/jovem-advogado-eliaquim-nunes-tem-nome-cotado-para-disputar-a-prefeitura-de-parnaiba\/","title":{"rendered":"Jovem advogado Eliaquim Nunes tem nome cotado para disputar \u00e0 prefeitura de Parna\u00edba"},"content":{"rendered":"<p>O segundo maior col\u00e9gio eleitoral do Piau\u00ed caminha para ter uma disputa bem acirrada pelo poder executivo local.<\/p>\n<p>E entre tantos nomes citados para disputar o poder p\u00fablico municipal, cogitam nos bastidores da pol\u00edtica local o jovem advogado <strong>Eliaquim Nunes<\/strong>, Procurador Geral da Secretaria Municipal de Sa\u00fade de Parna\u00edba, que vem sendo cotado como poss\u00edvel pr\u00e9-candidato a prefeito da cidade.<\/p>\n<p>Eliaquim \u00e9 suplente de vereador e bem aceito no meio pol\u00edtico, podendo ser a surpresa da elei\u00e7\u00e3o na segunda maior cidade do estado. O jovem advogado tem um perfil de articulador, conciliador e de um bom gestor.<\/p>\n<p>O prefeito M\u00e3o Santa (Uni\u00e3o Brasil), ainda n\u00e3o definiu o seu sucessor. Al\u00e9m de Eliaquim Nunes, outros nomes s\u00e3o cotados no meio pol\u00edtico dentro do seu grupo pol\u00edtico.<\/p>\n<p>Pela oposi\u00e7\u00e3o, o nome do deputado estadual Dr. H\u00e9lio (MDB), apoiado pelo governador Rafael Fonteles. No Grupo Esperan\u00e7a, apesar de algumas ades\u00f5es para a pr\u00e9-candidatura de Dr. H\u00e9lio, o ex-prefeito Jos\u00e9 Hamilton (PRD), est\u00e1 com seu nome \u00e0 disposi\u00e7\u00e3o e tem afirmado que ir\u00e1 para a disputa.<\/p>\n","protected":false},"excerpt":{"rendered":"<p>O segundo maior col\u00e9gio eleitoral do Piau\u00ed caminha para ter uma disputa bem acirrada pelo poder executivo local. E entre tantos nomes citados para disputar o poder p\u00fablico municipal, cogitam nos bastidores da pol\u00edtica local o jovem advogado Eliaquim Nunes, Procurador Geral da Secretaria Municipal de Sa\u00fade de Parna\u00edba, que vem sendo cotado como poss\u00edvel &hellip;<\/p>\n","protected":false},"author":3,"featured_media":71271,"comment_status":"open","ping_status":"open","sticky":false,"template":"","format":"standard","meta":{"content-type":"","rop_custom_images_group":[],"rop_custom_messages_group":[],"rop_publish_now":"initial","rop_publish_now_accounts":{"facebook_2648258775420054_1618374048415101":""},"rop_publish_now_history":[],"rop_publish_now_status":"pending","footnotes":"","_jetpack_memberships_contains_paid_content":false},"categories":[113,109,130],"tags":[883,206,1252,230,4606,12433,172,2211,2238,852,598,222,4215],"yoast_head":"<!-- This site is optimized with the Yoast SEO plugin v22.3 - https:\/\/yoast.com\/wordpress\/plugins\/seo\/ -->\n<title>Jovem advogado Eliaquim Nunes tem nome cotado para disputar \u00e0 prefeitura de Parna\u00edba - Portal NPM<\/title>\n<meta name=\"robots\" content=\"index, follow, max-snippet:-1, max-image-preview:large, max-video-preview:-1\" \/>\n<link rel=\"canonical\" href=\"https:\/\/portalnpm.com\/index.php\/2024\/02\/16\/jovem-advogado-eliaquim-nunes-tem-nome-cotado-para-disputar-a-prefeitura-de-parnaiba\/\" \/>\n<meta property=\"og:locale\" content=\"pt_BR\" \/>\n<meta property=\"og:type\" content=\"article\" \/>\n<meta property=\"og:title\" content=\"Jovem advogado Eliaquim Nunes tem nome cotado para disputar \u00e0 prefeitura de Parna\u00edba - Portal NPM\" \/>\n<meta property=\"og:description\" content=\"O segundo maior col\u00e9gio eleitoral do Piau\u00ed caminha para ter uma disputa bem acirrada pelo poder executivo local. E entre tantos nomes citados para disputar o poder p\u00fablico municipal, cogitam nos bastidores da pol\u00edtica local o jovem advogado Eliaquim Nunes, Procurador Geral da Secretaria Municipal de Sa\u00fade de Parna\u00edba, que vem sendo cotado como poss\u00edvel &hellip;\" \/>\n<meta property=\"og:url\" content=\"https:\/\/portalnpm.com\/index.php\/2024\/02\/16\/jovem-advogado-eliaquim-nunes-tem-nome-cotado-para-disputar-a-prefeitura-de-parnaiba\/\" \/>\n<meta property=\"og:site_name\" content=\"Portal NPM\" \/>\n<meta property=\"article:published_time\" content=\"2024-02-16T21:48:54+00:00\" \/>\n<meta property=\"og:image\" content=\"https:\/\/portalnpm.com\/wp-content\/uploads\/2024\/02\/IMG-20240215-WA0658.jpg\" \/>\n\t<meta property=\"og:image:width\" content=\"1080\" \/>\n\t<meta property=\"og:image:height\" content=\"1080\" \/>\n\t<meta property=\"og:image:type\" content=\"image\/jpeg\" \/>\n<meta name=\"author\" content=\"Luis Alberto\" \/>\n<meta name=\"twitter:card\" content=\"summary_large_image\" \/>\n<meta name=\"twitter:label1\" content=\"Escrito por\" \/>\n\t<meta name=\"twitter:data1\" content=\"Luis Alberto\" \/>\n\t<meta name=\"twitter:label2\" content=\"Est. tempo de leitura\" \/>\n\t<meta name=\"twitter:data2\" content=\"2 minutos\" \/>\n<script type=\"application\/ld+json\" class=\"yoast-schema-graph\">{\"@context\":\"https:\/\/schema.org\",\"@graph\":[{\"@type\":\"WebPage\",\"@id\":\"https:\/\/portalnpm.com\/index.php\/2024\/02\/16\/jovem-advogado-eliaquim-nunes-tem-nome-cotado-para-disputar-a-prefeitura-de-parnaiba\/\",\"url\":\"https:\/\/portalnpm.com\/index.php\/2024\/02\/16\/jovem-advogado-eliaquim-nunes-tem-nome-cotado-para-disputar-a-prefeitura-de-parnaiba\/\",\"name\":\"Jovem advogado Eliaquim Nunes tem nome cotado para disputar \u00e0 prefeitura de Parna\u00edba - Portal NPM\",\"isPartOf\":{\"@id\":\"https:\/\/portalnpm.com\/#website\"},\"primaryImageOfPage\":{\"@id\":\"https:\/\/portalnpm.com\/index.php\/2024\/02\/16\/jovem-advogado-eliaquim-nunes-tem-nome-cotado-para-disputar-a-prefeitura-de-parnaiba\/#primaryimage\"},\"image\":{\"@id\":\"https:\/\/portalnpm.com\/index.php\/2024\/02\/16\/jovem-advogado-eliaquim-nunes-tem-nome-cotado-para-disputar-a-prefeitura-de-parnaiba\/#primaryimage\"},\"thumbnailUrl\":\"https:\/\/portalnpm.com\/wp-content\/uploads\/2024\/02\/IMG-20240215-WA0658.jpg\",\"datePublished\":\"2024-02-16T21:48:54+00:00\",\"dateModified\":\"2024-02-16T21:48:54+00:00\",\"author\":{\"@id\":\"https:\/\/portalnpm.com\/#\/schema\/person\/5c8006acdf71774cd4e7a5ab98482152\"},\"breadcrumb\":{\"@id\":\"https:\/\/portalnpm.com\/index.php\/2024\/02\/16\/jovem-advogado-eliaquim-nunes-tem-nome-cotado-para-disputar-a-prefeitura-de-parnaiba\/#breadcrumb\"},\"inLanguage\":\"pt-BR\",\"potentialAction\":[{\"@type\":\"ReadAction\",\"target\":[\"https:\/\/portalnpm.com\/index.php\/2024\/02\/16\/jovem-advogado-eliaquim-nunes-tem-nome-cotado-para-disputar-a-prefeitura-de-parnaiba\/\"]}]},{\"@type\":\"ImageObject\",\"inLanguage\":\"pt-BR\",\"@id\":\"https:\/\/portalnpm.com\/index.php\/2024\/02\/16\/jovem-advogado-eliaquim-nunes-tem-nome-cotado-para-disputar-a-prefeitura-de-parnaiba\/#primaryimage\",\"url\":\"https:\/\/portalnpm.com\/wp-content\/uploads\/2024\/02\/IMG-20240215-WA0658.jpg\",\"contentUrl\":\"https:\/\/portalnpm.com\/wp-content\/uploads\/2024\/02\/IMG-20240215-WA0658.jpg\",\"width\":1080,\"height\":1080},{\"@type\":\"BreadcrumbList\",\"@id\":\"https:\/\/portalnpm.com\/index.php\/2024\/02\/16\/jovem-advogado-eliaquim-nunes-tem-nome-cotado-para-disputar-a-prefeitura-de-parnaiba\/#breadcrumb\",\"itemListElement\":[{\"@type\":\"ListItem\",\"position\":1,\"name\":\"In\u00edcio\",\"item\":\"https:\/\/portalnpm.com\/\"},{\"@type\":\"ListItem\",\"position\":2,\"name\":\"Jovem advogado Eliaquim Nunes tem nome cotado para disputar \u00e0 prefeitura de Parna\u00edba\"}]},{\"@type\":\"WebSite\",\"@id\":\"https:\/\/portalnpm.com\/#website\",\"url\":\"https:\/\/portalnpm.com\/\",\"name\":\"Portal NPM\",\"description\":\"Not\u00edcias em Primeira M\u00e3o\",\"potentialAction\":[{\"@type\":\"SearchAction\",\"target\":{\"@type\":\"EntryPoint\",\"urlTemplate\":\"https:\/\/portalnpm.com\/?s={search_term_string}\"},\"query-input\":\"required name=search_term_string\"}],\"inLanguage\":\"pt-BR\"},{\"@type\":\"Person\",\"@id\":\"https:\/\/portalnpm.com\/#\/schema\/person\/5c8006acdf71774cd4e7a5ab98482152\",\"name\":\"Luis Alberto\",\"image\":{\"@type\":\"ImageObject\",\"inLanguage\":\"pt-BR\",\"@id\":\"https:\/\/portalnpm.com\/#\/schema\/person\/image\/\",\"url\":\"https:\/\/portalnpm.com\/wp-content\/uploads\/2024\/12\/avatar_user_3_1734699769-96x96.jpeg\",\"contentUrl\":\"https:\/\/portalnpm.com\/wp-content\/uploads\/2024\/12\/avatar_user_3_1734699769-96x96.jpeg\",\"caption\":\"Luis Alberto\"},\"description\":\"Editor-geral do Portal NPM, \u00e9 formado como T\u00e9cnico em Seguran\u00e7a do Trabalho pela Escola Metropolitana de Cursos T\u00e9cnicos. Det\u00e9m ainda licenciatura em Educa\u00e7\u00e3o F\u00edsica e bacharelado em Ci\u00eancias Pol\u00edticas, ambos obtidos pela institui\u00e7\u00e3o Anhanguera\/UNOPAR.\",\"url\":\"https:\/\/portalnpm.com\/index.php\/author\/pereira\/\"}]}<\/script>\n<!-- \/ Yoast SEO plugin. -->","yoast_head_json":{"title":"Jovem advogado Eliaquim Nunes tem nome cotado para disputar \u00e0 prefeitura de Parna\u00edba - Portal NPM","robots":{"index":"index","follow":"follow","max-snippet":"max-snippet:-1","max-image-preview":"max-image-preview:large","max-video-preview":"max-video-preview:-1"},"canonical":"https:\/\/portalnpm.com\/index.php\/2024\/02\/16\/jovem-advogado-eliaquim-nunes-tem-nome-cotado-para-disputar-a-prefeitura-de-parnaiba\/","og_locale":"pt_BR","og_type":"article","og_title":"Jovem advogado Eliaquim Nunes tem nome cotado para disputar \u00e0 prefeitura de Parna\u00edba - Portal NPM","og_description":"O segundo maior col\u00e9gio eleitoral do Piau\u00ed caminha para ter uma disputa bem acirrada pelo poder executivo local. E entre tantos nomes citados para disputar o poder p\u00fablico municipal, cogitam nos bastidores da pol\u00edtica local o jovem advogado Eliaquim Nunes, Procurador Geral da Secretaria Municipal de Sa\u00fade de Parna\u00edba, que vem sendo cotado como poss\u00edvel &hellip;","og_url":"https:\/\/portalnpm.com\/index.php\/2024\/02\/16\/jovem-advogado-eliaquim-nunes-tem-nome-cotado-para-disputar-a-prefeitura-de-parnaiba\/","og_site_name":"Portal NPM","article_published_time":"2024-02-16T21:48:54+00:00","og_image":[{"width":1080,"height":1080,"url":"https:\/\/portalnpm.com\/wp-content\/uploads\/2024\/02\/IMG-20240215-WA0658.jpg","type":"image\/jpeg"}],"author":"Luis Alberto","twitter_card":"summary_large_image","twitter_misc":{"Escrito por":"Luis Alberto","Est. tempo de leitura":"2 minutos"},"schema":{"@context":"https:\/\/schema.org","@graph":[{"@type":"WebPage","@id":"https:\/\/portalnpm.com\/index.php\/2024\/02\/16\/jovem-advogado-eliaquim-nunes-tem-nome-cotado-para-disputar-a-prefeitura-de-parnaiba\/","url":"https:\/\/portalnpm.com\/index.php\/2024\/02\/16\/jovem-advogado-eliaquim-nunes-tem-nome-cotado-para-disputar-a-prefeitura-de-parnaiba\/","name":"Jovem advogado Eliaquim Nunes tem nome cotado para disputar \u00e0 prefeitura de Parna\u00edba - Portal NPM","isPartOf":{"@id":"https:\/\/portalnpm.com\/#website"},"primaryImageOfPage":{"@id":"https:\/\/portalnpm.com\/index.php\/2024\/02\/16\/jovem-advogado-eliaquim-nunes-tem-nome-cotado-para-disputar-a-prefeitura-de-parnaiba\/#primaryimage"},"image":{"@id":"https:\/\/portalnpm.com\/index.php\/2024\/02\/16\/jovem-advogado-eliaquim-nunes-tem-nome-cotado-para-disputar-a-prefeitura-de-parnaiba\/#primaryimage"},"thumbnailUrl":"https:\/\/portalnpm.com\/wp-content\/uploads\/2024\/02\/IMG-20240215-WA0658.jpg","datePublished":"2024-02-16T21:48:54+00:00","dateModified":"2024-02-16T21:48:54+00:00","author":{"@id":"https:\/\/portalnpm.com\/#\/schema\/person\/5c8006acdf71774cd4e7a5ab98482152"},"breadcrumb":{"@id":"https:\/\/portalnpm.com\/index.php\/2024\/02\/16\/jovem-advogado-eliaquim-nunes-tem-nome-cotado-para-disputar-a-prefeitura-de-parnaiba\/#breadcrumb"},"inLanguage":"pt-BR","potentialAction":[{"@type":"ReadAction","target":["https:\/\/portalnpm.com\/index.php\/2024\/02\/16\/jovem-advogado-eliaquim-nunes-tem-nome-cotado-para-disputar-a-prefeitura-de-parnaiba\/"]}]},{"@type":"ImageObject","inLanguage":"pt-BR","@id":"https:\/\/portalnpm.com\/index.php\/2024\/02\/16\/jovem-advogado-eliaquim-nunes-tem-nome-cotado-para-disputar-a-prefeitura-de-parnaiba\/#primaryimage","url":"https:\/\/portalnpm.com\/wp-content\/uploads\/2024\/02\/IMG-20240215-WA0658.jpg","contentUrl":"https:\/\/portalnpm.com\/wp-content\/uploads\/2024\/02\/IMG-20240215-WA0658.jpg","width":1080,"height":1080},{"@type":"BreadcrumbList","@id":"https:\/\/portalnpm.com\/index.php\/2024\/02\/16\/jovem-advogado-eliaquim-nunes-tem-nome-cotado-para-disputar-a-prefeitura-de-parnaiba\/#breadcrumb","itemListElement":[{"@type":"ListItem","position":1,"name":"In\u00edcio","item":"https:\/\/portalnpm.com\/"},{"@type":"ListItem","position":2,"name":"Jovem advogado Eliaquim Nunes tem nome cotado para disputar \u00e0 prefeitura de Parna\u00edba"}]},{"@type":"WebSite","@id":"https:\/\/portalnpm.com\/#website","url":"https:\/\/portalnpm.com\/","name":"Portal NPM","description":"Not\u00edcias em Primeira M\u00e3o","potentialAction":[{"@type":"SearchAction","target":{"@type":"EntryPoint","urlTemplate":"https:\/\/portalnpm.com\/?s={search_term_string}"},"query-input":"required name=search_term_string"}],"inLanguage":"pt-BR"},{"@type":"Person","@id":"https:\/\/portalnpm.com\/#\/schema\/person\/5c8006acdf71774cd4e7a5ab98482152","name":"Luis Alberto","image":{"@type":"ImageObject","inLanguage":"pt-BR","@id":"https:\/\/portalnpm.com\/#\/schema\/person\/image\/","url":"https:\/\/portalnpm.com\/wp-content\/uploads\/2024\/12\/avatar_user_3_1734699769-96x96.jpeg","contentUrl":"https:\/\/portalnpm.com\/wp-content\/uploads\/2024\/12\/avatar_user_3_1734699769-96x96.jpeg","caption":"Luis Alberto"},"description":"Editor-geral do Portal NPM, \u00e9 formado como T\u00e9cnico em Seguran\u00e7a do Trabalho pela Escola Metropolitana de Cursos T\u00e9cnicos. Det\u00e9m ainda licenciatura em Educa\u00e7\u00e3o F\u00edsica e bacharelado em Ci\u00eancias Pol\u00edticas, ambos obtidos pela institui\u00e7\u00e3o Anhanguera\/UNOPAR.","url":"https:\/\/portalnpm.com\/index.php\/author\/pereira\/"}]}},"jetpack_sharing_enabled":true,"jetpack_featured_media_url":"https:\/\/portalnpm.com\/wp-content\/uploads\/2024\/02\/IMG-20240215-WA0658.jpg","_links":{"self":[{"href":"https:\/\/portalnpm.com\/index.php\/wp-json\/wp\/v2\/posts\/71270"}],"collection":[{"href":"https:\/\/portalnpm.com\/index.php\/wp-json\/wp\/v2\/posts"}],"about":[{"href":"https:\/\/portalnpm.com\/index.php\/wp-json\/wp\/v2\/types\/post"}],"author":[{"embeddable":true,"href":"https:\/\/portalnpm.com\/index.php\/wp-json\/wp\/v2\/users\/3"}],"replies":[{"embeddable":true,"href":"https:\/\/portalnpm.com\/index.php\/wp-json\/wp\/v2\/comments?post=71270"}],"version-history":[{"count":2,"href":"https:\/\/portalnpm.com\/index.php\/wp-json\/wp\/v2\/posts\/71270\/revisions"}],"predecessor-version":[{"id":71273,"href":"https:\/\/portalnpm.com\/index.php\/wp-json\/wp\/v2\/posts\/71270\/revisions\/71273"}],"wp:featuredmedia":[{"embeddable":true,"href":"https:\/\/portalnpm.com\/index.php\/wp-json\/wp\/v2\/media\/71271"}],"wp:attachment":[{"href":"https:\/\/portalnpm.com\/index.php\/wp-json\/wp\/v2\/media?parent=71270"}],"wp:term":[{"taxonomy":"category","embeddable":true,"href":"https:\/\/portalnpm.com\/index.php\/wp-json\/wp\/v2\/categories?post=71270"},{"taxonomy":"post_tag","embeddable":true,"href":"https:\/\/portalnpm.com\/index.php\/wp-json\/wp\/v2\/tags?post=71270"}],"curies":[{"name":"wp","href":"https:\/\/api.w.org\/{rel}","templated":true}]}}