{"id":71289,"date":"2024-02-16T19:08:54","date_gmt":"2024-02-16T22:08:54","guid":{"rendered":"https:\/\/portalnpm.com\/?p=71289"},"modified":"2024-02-16T19:08:54","modified_gmt":"2024-02-16T22:08:54","slug":"no-piaui-vereador-sofre-queda-ao-descer-do-carro-e-lesiona-vertebra","status":"publish","type":"post","link":"https:\/\/portalnpm.com\/index.php\/2024\/02\/16\/no-piaui-vereador-sofre-queda-ao-descer-do-carro-e-lesiona-vertebra\/","title":{"rendered":"No Piau\u00ed, Vereador sofre queda ao descer do carro e lesiona v\u00e9rtebra"},"content":{"rendered":"<p>O vereador\u00a0<strong>Joaquim Caldas (MDB) sofreu um acidente nesta quinta-feira (15), durante uma viagem, e acabou lesionando uma v\u00e9rtebra<\/strong>. Segundo a assessoria do parlamentar, ao descer do ve\u00edculo onde estava durante uma forte chuva, ele acabou escorregando no piso molhado e caiu.<\/p>\n<p>Joaquim\u00a0<strong>foi socorrido por uma equipe do Corpo de Bombeiros e levado para a urg\u00eancia do hospital local<\/strong>. Ap\u00f3s um exame de raio-x, os m\u00e9dicos constataram uma\u00a0<strong>pequena les\u00e3o na v\u00e9rtebra L1<\/strong>.<\/p>\n<p><img decoding=\"async\" class=\"i-amphtml-fill-content i-amphtml-replaced-content entered lazyloaded \" src=\"https:\/\/i0.wp.com\/www.meionorte.com\/uploads\/imagens\/2024\/2\/16\/0c754352-c948-4135-93df-69c0750b5987-c33a9a96-e871-48af-b1d7-07f72515d298.jpg?w=708&amp;ssl=1\" alt=\"Vereador de Teresina sofre queda ao descer do carro e lesiona v\u00e9rtebra - Imagem 1\" data-recalc-dims=\"1\" data-lazy-=\"\" data-ll-status=\"loaded\" data-src=\"https:\/\/i0.wp.com\/www.meionorte.com\/uploads\/imagens\/2024\/2\/16\/0c754352-c948-4135-93df-69c0750b5987-c33a9a96-e871-48af-b1d7-07f72515d298.jpg?w=708&amp;ssl=1\" \/><\/p>\n<p>Ainda na nota, a assessoria informa que\u00a0<strong>\u201co vereador est\u00e1 sentindo dores, mas j\u00e1 foi liberado para tratamento em Teresina, pr\u00f3ximo de familiares e amigos\u201d<\/strong>.<\/p>\n<p><strong>Fonte: Meio Norte<\/strong><\/p>\n","protected":false},"excerpt":{"rendered":"<p>O vereador\u00a0Joaquim Caldas (MDB) sofreu um acidente nesta quinta-feira (15), durante uma viagem, e acabou lesionando uma v\u00e9rtebra. Segundo a assessoria do parlamentar, ao descer do ve\u00edculo onde estava durante uma forte chuva, ele acabou escorregando no piso molhado e caiu. Joaquim\u00a0foi socorrido por uma equipe do Corpo de Bombeiros e levado para a urg\u00eancia &hellip;<\/p>\n","protected":false},"author":2,"featured_media":71290,"comment_status":"open","ping_status":"open","sticky":false,"template":"","format":"standard","meta":{"content-type":"","rop_custom_images_group":[],"rop_custom_messages_group":[],"rop_publish_now":"initial","rop_publish_now_accounts":{"facebook_2648258775420054_1618374048415101":""},"rop_publish_now_history":[],"rop_publish_now_status":"pending","footnotes":"","_jetpack_memberships_contains_paid_content":false},"categories":[118],"tags":[1204,412,4669,15419,187,1871,2522,194,15420],"yoast_head":"<!-- This site is optimized with the Yoast SEO plugin v22.3 - https:\/\/yoast.com\/wordpress\/plugins\/seo\/ -->\n<title>No Piau\u00ed, Vereador sofre queda ao descer do carro e lesiona v\u00e9rtebra - Portal NPM<\/title>\n<meta name=\"robots\" content=\"index, follow, max-snippet:-1, max-image-preview:large, max-video-preview:-1\" \/>\n<link rel=\"canonical\" href=\"https:\/\/portalnpm.com\/index.php\/2024\/02\/16\/no-piaui-vereador-sofre-queda-ao-descer-do-carro-e-lesiona-vertebra\/\" \/>\n<meta property=\"og:locale\" content=\"pt_BR\" \/>\n<meta property=\"og:type\" content=\"article\" \/>\n<meta property=\"og:title\" content=\"No Piau\u00ed, Vereador sofre queda ao descer do carro e lesiona v\u00e9rtebra - Portal NPM\" \/>\n<meta property=\"og:description\" content=\"O vereador\u00a0Joaquim Caldas (MDB) sofreu um acidente nesta quinta-feira (15), durante uma viagem, e acabou lesionando uma v\u00e9rtebra. Segundo a assessoria do parlamentar, ao descer do ve\u00edculo onde estava durante uma forte chuva, ele acabou escorregando no piso molhado e caiu. Joaquim\u00a0foi socorrido por uma equipe do Corpo de Bombeiros e levado para a urg\u00eancia &hellip;\" \/>\n<meta property=\"og:url\" content=\"https:\/\/portalnpm.com\/index.php\/2024\/02\/16\/no-piaui-vereador-sofre-queda-ao-descer-do-carro-e-lesiona-vertebra\/\" \/>\n<meta property=\"og:site_name\" content=\"Portal NPM\" \/>\n<meta property=\"article:published_time\" content=\"2024-02-16T22:08:54+00:00\" \/>\n<meta property=\"og:image\" content=\"https:\/\/portalnpm.com\/wp-content\/uploads\/2024\/02\/0c754352-c948-4135-93df-69c0750b5987-c33a9a96-e871-48af-b1d7-07f72515d298.webp\" \/>\n\t<meta property=\"og:image:width\" content=\"708\" \/>\n\t<meta property=\"og:image:height\" content=\"398\" \/>\n\t<meta property=\"og:image:type\" content=\"image\/webp\" \/>\n<meta name=\"author\" content=\"Genival Barbosa\" \/>\n<meta name=\"twitter:card\" content=\"summary_large_image\" \/>\n<meta name=\"twitter:label1\" content=\"Escrito por\" \/>\n\t<meta name=\"twitter:data1\" content=\"Genival Barbosa\" \/>\n\t<meta name=\"twitter:label2\" content=\"Est. tempo de leitura\" \/>\n\t<meta name=\"twitter:data2\" content=\"1 minuto\" \/>\n<script type=\"application\/ld+json\" class=\"yoast-schema-graph\">{\"@context\":\"https:\/\/schema.org\",\"@graph\":[{\"@type\":\"WebPage\",\"@id\":\"https:\/\/portalnpm.com\/index.php\/2024\/02\/16\/no-piaui-vereador-sofre-queda-ao-descer-do-carro-e-lesiona-vertebra\/\",\"url\":\"https:\/\/portalnpm.com\/index.php\/2024\/02\/16\/no-piaui-vereador-sofre-queda-ao-descer-do-carro-e-lesiona-vertebra\/\",\"name\":\"No Piau\u00ed, Vereador sofre queda ao descer do carro e lesiona v\u00e9rtebra - Portal NPM\",\"isPartOf\":{\"@id\":\"https:\/\/portalnpm.com\/#website\"},\"primaryImageOfPage\":{\"@id\":\"https:\/\/portalnpm.com\/index.php\/2024\/02\/16\/no-piaui-vereador-sofre-queda-ao-descer-do-carro-e-lesiona-vertebra\/#primaryimage\"},\"image\":{\"@id\":\"https:\/\/portalnpm.com\/index.php\/2024\/02\/16\/no-piaui-vereador-sofre-queda-ao-descer-do-carro-e-lesiona-vertebra\/#primaryimage\"},\"thumbnailUrl\":\"https:\/\/portalnpm.com\/wp-content\/uploads\/2024\/02\/0c754352-c948-4135-93df-69c0750b5987-c33a9a96-e871-48af-b1d7-07f72515d298.webp\",\"datePublished\":\"2024-02-16T22:08:54+00:00\",\"dateModified\":\"2024-02-16T22:08:54+00:00\",\"author\":{\"@id\":\"https:\/\/portalnpm.com\/#\/schema\/person\/49313e563cfdefcc167f1ee4c017c294\"},\"breadcrumb\":{\"@id\":\"https:\/\/portalnpm.com\/index.php\/2024\/02\/16\/no-piaui-vereador-sofre-queda-ao-descer-do-carro-e-lesiona-vertebra\/#breadcrumb\"},\"inLanguage\":\"pt-BR\",\"potentialAction\":[{\"@type\":\"ReadAction\",\"target\":[\"https:\/\/portalnpm.com\/index.php\/2024\/02\/16\/no-piaui-vereador-sofre-queda-ao-descer-do-carro-e-lesiona-vertebra\/\"]}]},{\"@type\":\"ImageObject\",\"inLanguage\":\"pt-BR\",\"@id\":\"https:\/\/portalnpm.com\/index.php\/2024\/02\/16\/no-piaui-vereador-sofre-queda-ao-descer-do-carro-e-lesiona-vertebra\/#primaryimage\",\"url\":\"https:\/\/portalnpm.com\/wp-content\/uploads\/2024\/02\/0c754352-c948-4135-93df-69c0750b5987-c33a9a96-e871-48af-b1d7-07f72515d298.webp\",\"contentUrl\":\"https:\/\/portalnpm.com\/wp-content\/uploads\/2024\/02\/0c754352-c948-4135-93df-69c0750b5987-c33a9a96-e871-48af-b1d7-07f72515d298.webp\",\"width\":708,\"height\":398},{\"@type\":\"BreadcrumbList\",\"@id\":\"https:\/\/portalnpm.com\/index.php\/2024\/02\/16\/no-piaui-vereador-sofre-queda-ao-descer-do-carro-e-lesiona-vertebra\/#breadcrumb\",\"itemListElement\":[{\"@type\":\"ListItem\",\"position\":1,\"name\":\"In\u00edcio\",\"item\":\"https:\/\/portalnpm.com\/\"},{\"@type\":\"ListItem\",\"position\":2,\"name\":\"No Piau\u00ed, Vereador sofre queda ao descer do carro e lesiona v\u00e9rtebra\"}]},{\"@type\":\"WebSite\",\"@id\":\"https:\/\/portalnpm.com\/#website\",\"url\":\"https:\/\/portalnpm.com\/\",\"name\":\"Portal NPM\",\"description\":\"Not\u00edcias em Primeira M\u00e3o\",\"potentialAction\":[{\"@type\":\"SearchAction\",\"target\":{\"@type\":\"EntryPoint\",\"urlTemplate\":\"https:\/\/portalnpm.com\/?s={search_term_string}\"},\"query-input\":\"required name=search_term_string\"}],\"inLanguage\":\"pt-BR\"},{\"@type\":\"Person\",\"@id\":\"https:\/\/portalnpm.com\/#\/schema\/person\/49313e563cfdefcc167f1ee4c017c294\",\"name\":\"Genival Barbosa\",\"image\":{\"@type\":\"ImageObject\",\"inLanguage\":\"pt-BR\",\"@id\":\"https:\/\/portalnpm.com\/#\/schema\/person\/image\/\",\"url\":\"https:\/\/portalnpm.com\/wp-content\/uploads\/2024\/02\/avatar_user_2_1707743258-96x96.jpeg\",\"contentUrl\":\"https:\/\/portalnpm.com\/wp-content\/uploads\/2024\/02\/avatar_user_2_1707743258-96x96.jpeg\",\"caption\":\"Genival Barbosa\"},\"url\":\"https:\/\/portalnpm.com\/index.php\/author\/genival\/\"}]}<\/script>\n<!-- \/ Yoast SEO plugin. -->","yoast_head_json":{"title":"No Piau\u00ed, Vereador sofre queda ao descer do carro e lesiona v\u00e9rtebra - Portal NPM","robots":{"index":"index","follow":"follow","max-snippet":"max-snippet:-1","max-image-preview":"max-image-preview:large","max-video-preview":"max-video-preview:-1"},"canonical":"https:\/\/portalnpm.com\/index.php\/2024\/02\/16\/no-piaui-vereador-sofre-queda-ao-descer-do-carro-e-lesiona-vertebra\/","og_locale":"pt_BR","og_type":"article","og_title":"No Piau\u00ed, Vereador sofre queda ao descer do carro e lesiona v\u00e9rtebra - Portal NPM","og_description":"O vereador\u00a0Joaquim Caldas (MDB) sofreu um acidente nesta quinta-feira (15), durante uma viagem, e acabou lesionando uma v\u00e9rtebra. Segundo a assessoria do parlamentar, ao descer do ve\u00edculo onde estava durante uma forte chuva, ele acabou escorregando no piso molhado e caiu. Joaquim\u00a0foi socorrido por uma equipe do Corpo de Bombeiros e levado para a urg\u00eancia &hellip;","og_url":"https:\/\/portalnpm.com\/index.php\/2024\/02\/16\/no-piaui-vereador-sofre-queda-ao-descer-do-carro-e-lesiona-vertebra\/","og_site_name":"Portal NPM","article_published_time":"2024-02-16T22:08:54+00:00","og_image":[{"width":708,"height":398,"url":"https:\/\/portalnpm.com\/wp-content\/uploads\/2024\/02\/0c754352-c948-4135-93df-69c0750b5987-c33a9a96-e871-48af-b1d7-07f72515d298.webp","type":"image\/webp"}],"author":"Genival Barbosa","twitter_card":"summary_large_image","twitter_misc":{"Escrito por":"Genival Barbosa","Est. tempo de leitura":"1 minuto"},"schema":{"@context":"https:\/\/schema.org","@graph":[{"@type":"WebPage","@id":"https:\/\/portalnpm.com\/index.php\/2024\/02\/16\/no-piaui-vereador-sofre-queda-ao-descer-do-carro-e-lesiona-vertebra\/","url":"https:\/\/portalnpm.com\/index.php\/2024\/02\/16\/no-piaui-vereador-sofre-queda-ao-descer-do-carro-e-lesiona-vertebra\/","name":"No Piau\u00ed, Vereador sofre queda ao descer do carro e lesiona v\u00e9rtebra - Portal NPM","isPartOf":{"@id":"https:\/\/portalnpm.com\/#website"},"primaryImageOfPage":{"@id":"https:\/\/portalnpm.com\/index.php\/2024\/02\/16\/no-piaui-vereador-sofre-queda-ao-descer-do-carro-e-lesiona-vertebra\/#primaryimage"},"image":{"@id":"https:\/\/portalnpm.com\/index.php\/2024\/02\/16\/no-piaui-vereador-sofre-queda-ao-descer-do-carro-e-lesiona-vertebra\/#primaryimage"},"thumbnailUrl":"https:\/\/portalnpm.com\/wp-content\/uploads\/2024\/02\/0c754352-c948-4135-93df-69c0750b5987-c33a9a96-e871-48af-b1d7-07f72515d298.webp","datePublished":"2024-02-16T22:08:54+00:00","dateModified":"2024-02-16T22:08:54+00:00","author":{"@id":"https:\/\/portalnpm.com\/#\/schema\/person\/49313e563cfdefcc167f1ee4c017c294"},"breadcrumb":{"@id":"https:\/\/portalnpm.com\/index.php\/2024\/02\/16\/no-piaui-vereador-sofre-queda-ao-descer-do-carro-e-lesiona-vertebra\/#breadcrumb"},"inLanguage":"pt-BR","potentialAction":[{"@type":"ReadAction","target":["https:\/\/portalnpm.com\/index.php\/2024\/02\/16\/no-piaui-vereador-sofre-queda-ao-descer-do-carro-e-lesiona-vertebra\/"]}]},{"@type":"ImageObject","inLanguage":"pt-BR","@id":"https:\/\/portalnpm.com\/index.php\/2024\/02\/16\/no-piaui-vereador-sofre-queda-ao-descer-do-carro-e-lesiona-vertebra\/#primaryimage","url":"https:\/\/portalnpm.com\/wp-content\/uploads\/2024\/02\/0c754352-c948-4135-93df-69c0750b5987-c33a9a96-e871-48af-b1d7-07f72515d298.webp","contentUrl":"https:\/\/portalnpm.com\/wp-content\/uploads\/2024\/02\/0c754352-c948-4135-93df-69c0750b5987-c33a9a96-e871-48af-b1d7-07f72515d298.webp","width":708,"height":398},{"@type":"BreadcrumbList","@id":"https:\/\/portalnpm.com\/index.php\/2024\/02\/16\/no-piaui-vereador-sofre-queda-ao-descer-do-carro-e-lesiona-vertebra\/#breadcrumb","itemListElement":[{"@type":"ListItem","position":1,"name":"In\u00edcio","item":"https:\/\/portalnpm.com\/"},{"@type":"ListItem","position":2,"name":"No Piau\u00ed, Vereador sofre queda ao descer do carro e lesiona v\u00e9rtebra"}]},{"@type":"WebSite","@id":"https:\/\/portalnpm.com\/#website","url":"https:\/\/portalnpm.com\/","name":"Portal NPM","description":"Not\u00edcias em Primeira M\u00e3o","potentialAction":[{"@type":"SearchAction","target":{"@type":"EntryPoint","urlTemplate":"https:\/\/portalnpm.com\/?s={search_term_string}"},"query-input":"required name=search_term_string"}],"inLanguage":"pt-BR"},{"@type":"Person","@id":"https:\/\/portalnpm.com\/#\/schema\/person\/49313e563cfdefcc167f1ee4c017c294","name":"Genival Barbosa","image":{"@type":"ImageObject","inLanguage":"pt-BR","@id":"https:\/\/portalnpm.com\/#\/schema\/person\/image\/","url":"https:\/\/portalnpm.com\/wp-content\/uploads\/2024\/02\/avatar_user_2_1707743258-96x96.jpeg","contentUrl":"https:\/\/portalnpm.com\/wp-content\/uploads\/2024\/02\/avatar_user_2_1707743258-96x96.jpeg","caption":"Genival Barbosa"},"url":"https:\/\/portalnpm.com\/index.php\/author\/genival\/"}]}},"jetpack_sharing_enabled":true,"jetpack_featured_media_url":"https:\/\/portalnpm.com\/wp-content\/uploads\/2024\/02\/0c754352-c948-4135-93df-69c0750b5987-c33a9a96-e871-48af-b1d7-07f72515d298.webp","_links":{"self":[{"href":"https:\/\/portalnpm.com\/index.php\/wp-json\/wp\/v2\/posts\/71289"}],"collection":[{"href":"https:\/\/portalnpm.com\/index.php\/wp-json\/wp\/v2\/posts"}],"about":[{"href":"https:\/\/portalnpm.com\/index.php\/wp-json\/wp\/v2\/types\/post"}],"author":[{"embeddable":true,"href":"https:\/\/portalnpm.com\/index.php\/wp-json\/wp\/v2\/users\/2"}],"replies":[{"embeddable":true,"href":"https:\/\/portalnpm.com\/index.php\/wp-json\/wp\/v2\/comments?post=71289"}],"version-history":[{"count":1,"href":"https:\/\/portalnpm.com\/index.php\/wp-json\/wp\/v2\/posts\/71289\/revisions"}],"predecessor-version":[{"id":71291,"href":"https:\/\/portalnpm.com\/index.php\/wp-json\/wp\/v2\/posts\/71289\/revisions\/71291"}],"wp:featuredmedia":[{"embeddable":true,"href":"https:\/\/portalnpm.com\/index.php\/wp-json\/wp\/v2\/media\/71290"}],"wp:attachment":[{"href":"https:\/\/portalnpm.com\/index.php\/wp-json\/wp\/v2\/media?parent=71289"}],"wp:term":[{"taxonomy":"category","embeddable":true,"href":"https:\/\/portalnpm.com\/index.php\/wp-json\/wp\/v2\/categories?post=71289"},{"taxonomy":"post_tag","embeddable":true,"href":"https:\/\/portalnpm.com\/index.php\/wp-json\/wp\/v2\/tags?post=71289"}],"curies":[{"name":"wp","href":"https:\/\/api.w.org\/{rel}","templated":true}]}}