{"id":71307,"date":"2024-02-17T11:53:01","date_gmt":"2024-02-17T14:53:01","guid":{"rendered":"https:\/\/portalnpm.com\/?p=71307"},"modified":"2024-02-17T11:53:01","modified_gmt":"2024-02-17T14:53:01","slug":"piaui-apresenta-menor-taxa-de-desocupacao-dos-ultimos-sete-anos-revela-ibge","status":"publish","type":"post","link":"https:\/\/portalnpm.com\/index.php\/2024\/02\/17\/piaui-apresenta-menor-taxa-de-desocupacao-dos-ultimos-sete-anos-revela-ibge\/","title":{"rendered":"Piau\u00ed apresenta menor taxa de desocupa\u00e7\u00e3o dos \u00faltimos sete anos, revela IBGE"},"content":{"rendered":"<p>O Piau\u00ed apresentou, em 2023, a menor taxa de desocupa\u00e7\u00e3o dos \u00faltimos sete anos, de 9,8%. Segundo o resultado trimestral da Pesquisa Nacional por Amostra de Domic\u00edlios Cont\u00ednua (PNAD Cont\u00ednua) do IBGE, no ano passado, o total de desocupa\u00e7\u00e3o no Piau\u00ed passou de 142 mil pessoas no 3\u00ba trimestre para 148 mil pessoas no 4\u00ba trimestre. Em raz\u00e3o disso, a taxa de desocupa\u00e7\u00e3o do estado apresentou um leve incremento, passando de 9,9% no 3\u00ba trimestre para 10,6% no 4\u00ba trimestre.<\/p>\n<p>Apesar desse aumento na taxa durante o 4\u00ba trimestre, o ano de 2023 teve uma taxa de desocupa\u00e7\u00e3o de 9,8%, a menor dos \u00faltimos sete anos, de acordo com a &#8220;s\u00e9rie hist\u00f3rica da taxa de desocupa\u00e7\u00e3o no Piau\u00ed&#8221;.<\/p>\n<figure id=\"attachment_71308\" aria-describedby=\"caption-attachment-71308\" style=\"width: 300px\" class=\"wp-caption alignnone\"><img decoding=\"async\" class=\"size-medium wp-image-71308\" src=\"https:\/\/portalnpm.com\/wp-content\/uploads\/2024\/02\/IMG_9925-300x161.jpeg\" alt=\"\" width=\"300\" height=\"161\" srcset=\"https:\/\/portalnpm.com\/wp-content\/uploads\/2024\/02\/IMG_9925-300x161.jpeg 300w, https:\/\/portalnpm.com\/wp-content\/uploads\/2024\/02\/IMG_9925.jpeg 708w\" sizes=\"(max-width: 300px) 100vw, 300px\" \/><figcaption id=\"caption-attachment-71308\" class=\"wp-caption-text\">Reprodu\u00e7\u00e3o<\/figcaption><\/figure>\n<p>No Brasil, o mercado de trabalho registrou um aumento no quantitativo de pessoas ocupadas, passando de 99,8 milh\u00f5es no 3\u00ba trimestre para 100,9 milh\u00f5es no 4\u00ba trimestre, com cerca de 1,146 milh\u00e3o de pessoas com nova ocupa\u00e7\u00e3o.<\/p>\n<p>A taxa de desocupa\u00e7\u00e3o do pa\u00eds passou de 7,7% no 3\u00ba trimestre de 2023 para 7,4% no 4\u00ba trimestre. Em termos quantitativos, a desocupa\u00e7\u00e3o no Brasil caiu de 8,316 milh\u00f5es de pessoas no 3\u00ba trimestre para 8,082 milh\u00f5es no 4\u00ba trimestre, uma redu\u00e7\u00e3o de 234 mil pessoas.<\/p>\n<p>Os estados com a maior taxa de desocupa\u00e7\u00e3o no 4\u00ba trimestre foram Pernambuco, com 13,4%, e Bahia, com 13,2%. As menores taxas de desocupa\u00e7\u00e3o ficaram com Mato Grosso, com 3,3%, e Rond\u00f4nia, com 3,2%.<\/p>\n<p><strong>Piau\u00ed tem a terceira maior taxa de informalidade no mercado de trabalho do pa\u00eds<\/strong><\/p>\n<p>No 4\u00ba trimestre de 2023, a taxa de informalidade no mercado de trabalho do Piau\u00ed foi de 54,4%, apresentando uma leve redu\u00e7\u00e3o de 0,6 pontos percentuais em rela\u00e7\u00e3o \u00e0 taxa observada no 3\u00ba trimestre, que havia sido de 55%. A taxa de informalidade do Piau\u00ed foi a terceira maior entre as unidades da federa\u00e7\u00e3o no 4\u00ba trimestre do ano e ficou cerca de 15,2 pontos percentuais acima da m\u00e9dia brasileira, que foi de 39,2%.<\/p>\n<p>Superaram o Piau\u00ed os estados do Maranh\u00e3o (56,5%) e Par\u00e1 (56,5%), que apresentaram taxas de informalidade iguais. As menores taxas de informalidade ficaram com o Distrito Federal (29,7%) e Santa Catarina (26,4%).<\/p>\n<figure id=\"attachment_71309\" aria-describedby=\"caption-attachment-71309\" style=\"width: 300px\" class=\"wp-caption alignnone\"><img decoding=\"async\" class=\"size-medium wp-image-71309\" src=\"https:\/\/portalnpm.com\/wp-content\/uploads\/2024\/02\/IMG_9926-300x166.jpeg\" alt=\"\" width=\"300\" height=\"166\" srcset=\"https:\/\/portalnpm.com\/wp-content\/uploads\/2024\/02\/IMG_9926-300x166.jpeg 300w, https:\/\/portalnpm.com\/wp-content\/uploads\/2024\/02\/IMG_9926-768x424.jpeg 768w, https:\/\/portalnpm.com\/wp-content\/uploads\/2024\/02\/IMG_9926.jpeg 790w\" sizes=\"(max-width: 300px) 100vw, 300px\" \/><figcaption id=\"caption-attachment-71309\" class=\"wp-caption-text\">Reprodu\u00e7\u00e3o<\/figcaption><\/figure>\n<p>No Piau\u00ed, o maior contingente de pessoas ocupadas na informalidade \u00e9 constitu\u00eddo por: trabalhadores por conta pr\u00f3pria sem registro no CNPJ, 294 mil pessoas (44,3%); pessoas ocupadas no setor privado da economia sem registro na carteira de trabalho, 249 mil pessoas (37,6%); trabalhadores dom\u00e9sticos sem registro na carteira de trabalho, 75 mil pessoas ocupadas (11,3%); trabalhadores de cunho &#8220;familiar auxiliar&#8221;, 32 mil pessoas (4,8%); e os empregadores sem registro no Cadastro Nacional da Pessoa Jur\u00eddica (CNPJ), com 13 mil pessoas (2%).<\/p>\n<p><strong>Da Reda\u00e7\u00e3o cidade verde (Com informa\u00e7\u00f5es do IBGE)<\/strong><\/p>\n","protected":false},"excerpt":{"rendered":"<p>O Piau\u00ed apresentou, em 2023, a menor taxa de desocupa\u00e7\u00e3o dos \u00faltimos sete anos, de 9,8%. Segundo o resultado trimestral da Pesquisa Nacional por Amostra de Domic\u00edlios Cont\u00ednua (PNAD Cont\u00ednua) do IBGE, no ano passado, o total de desocupa\u00e7\u00e3o no Piau\u00ed passou de 142 mil pessoas no 3\u00ba trimestre para 148 mil pessoas no 4\u00ba &hellip;<\/p>\n","protected":false},"author":8,"featured_media":71310,"comment_status":"open","ping_status":"open","sticky":false,"template":"","format":"standard","meta":{"content-type":"","rop_custom_images_group":[],"rop_custom_messages_group":[],"rop_publish_now":"initial","rop_publish_now_accounts":{"facebook_2648258775420054_1618374048415101":""},"rop_publish_now_history":[],"rop_publish_now_status":"pending","footnotes":"","_jetpack_memberships_contains_paid_content":false},"categories":[125,118],"tags":[221,1288,230,15425,926,676,1513,187,1556,4503,1268,7205],"yoast_head":"<!-- This site is optimized with the Yoast SEO plugin v22.3 - https:\/\/yoast.com\/wordpress\/plugins\/seo\/ -->\n<title>Piau\u00ed apresenta menor taxa de desocupa\u00e7\u00e3o dos \u00faltimos sete anos, revela IBGE - Portal NPM<\/title>\n<meta name=\"robots\" content=\"index, follow, max-snippet:-1, max-image-preview:large, max-video-preview:-1\" \/>\n<link rel=\"canonical\" href=\"https:\/\/portalnpm.com\/index.php\/2024\/02\/17\/piaui-apresenta-menor-taxa-de-desocupacao-dos-ultimos-sete-anos-revela-ibge\/\" \/>\n<meta property=\"og:locale\" content=\"pt_BR\" \/>\n<meta property=\"og:type\" content=\"article\" \/>\n<meta property=\"og:title\" content=\"Piau\u00ed apresenta menor taxa de desocupa\u00e7\u00e3o dos \u00faltimos sete anos, revela IBGE - Portal NPM\" \/>\n<meta property=\"og:description\" content=\"O Piau\u00ed apresentou, em 2023, a menor taxa de desocupa\u00e7\u00e3o dos \u00faltimos sete anos, de 9,8%. Segundo o resultado trimestral da Pesquisa Nacional por Amostra de Domic\u00edlios Cont\u00ednua (PNAD Cont\u00ednua) do IBGE, no ano passado, o total de desocupa\u00e7\u00e3o no Piau\u00ed passou de 142 mil pessoas no 3\u00ba trimestre para 148 mil pessoas no 4\u00ba &hellip;\" \/>\n<meta property=\"og:url\" content=\"https:\/\/portalnpm.com\/index.php\/2024\/02\/17\/piaui-apresenta-menor-taxa-de-desocupacao-dos-ultimos-sete-anos-revela-ibge\/\" \/>\n<meta property=\"og:site_name\" content=\"Portal NPM\" \/>\n<meta property=\"article:published_time\" content=\"2024-02-17T14:53:01+00:00\" \/>\n<meta property=\"og:image\" content=\"https:\/\/portalnpm.com\/wp-content\/uploads\/2024\/02\/IMG_9927.jpeg\" \/>\n\t<meta property=\"og:image:width\" content=\"790\" \/>\n\t<meta property=\"og:image:height\" content=\"450\" \/>\n\t<meta property=\"og:image:type\" content=\"image\/jpeg\" \/>\n<meta name=\"author\" content=\"Zenilton Lima\" \/>\n<meta name=\"twitter:card\" content=\"summary_large_image\" \/>\n<meta name=\"twitter:label1\" content=\"Escrito por\" \/>\n\t<meta name=\"twitter:data1\" content=\"Zenilton Lima\" \/>\n\t<meta name=\"twitter:label2\" content=\"Est. tempo de leitura\" \/>\n\t<meta name=\"twitter:data2\" content=\"4 minutos\" \/>\n<script type=\"application\/ld+json\" class=\"yoast-schema-graph\">{\"@context\":\"https:\/\/schema.org\",\"@graph\":[{\"@type\":\"WebPage\",\"@id\":\"https:\/\/portalnpm.com\/index.php\/2024\/02\/17\/piaui-apresenta-menor-taxa-de-desocupacao-dos-ultimos-sete-anos-revela-ibge\/\",\"url\":\"https:\/\/portalnpm.com\/index.php\/2024\/02\/17\/piaui-apresenta-menor-taxa-de-desocupacao-dos-ultimos-sete-anos-revela-ibge\/\",\"name\":\"Piau\u00ed apresenta menor taxa de desocupa\u00e7\u00e3o dos \u00faltimos sete anos, revela IBGE - Portal NPM\",\"isPartOf\":{\"@id\":\"https:\/\/portalnpm.com\/#website\"},\"primaryImageOfPage\":{\"@id\":\"https:\/\/portalnpm.com\/index.php\/2024\/02\/17\/piaui-apresenta-menor-taxa-de-desocupacao-dos-ultimos-sete-anos-revela-ibge\/#primaryimage\"},\"image\":{\"@id\":\"https:\/\/portalnpm.com\/index.php\/2024\/02\/17\/piaui-apresenta-menor-taxa-de-desocupacao-dos-ultimos-sete-anos-revela-ibge\/#primaryimage\"},\"thumbnailUrl\":\"https:\/\/portalnpm.com\/wp-content\/uploads\/2024\/02\/IMG_9927.jpeg\",\"datePublished\":\"2024-02-17T14:53:01+00:00\",\"dateModified\":\"2024-02-17T14:53:01+00:00\",\"author\":{\"@id\":\"https:\/\/portalnpm.com\/#\/schema\/person\/35cb55186eae3f074b6783da6d35591e\"},\"breadcrumb\":{\"@id\":\"https:\/\/portalnpm.com\/index.php\/2024\/02\/17\/piaui-apresenta-menor-taxa-de-desocupacao-dos-ultimos-sete-anos-revela-ibge\/#breadcrumb\"},\"inLanguage\":\"pt-BR\",\"potentialAction\":[{\"@type\":\"ReadAction\",\"target\":[\"https:\/\/portalnpm.com\/index.php\/2024\/02\/17\/piaui-apresenta-menor-taxa-de-desocupacao-dos-ultimos-sete-anos-revela-ibge\/\"]}]},{\"@type\":\"ImageObject\",\"inLanguage\":\"pt-BR\",\"@id\":\"https:\/\/portalnpm.com\/index.php\/2024\/02\/17\/piaui-apresenta-menor-taxa-de-desocupacao-dos-ultimos-sete-anos-revela-ibge\/#primaryimage\",\"url\":\"https:\/\/portalnpm.com\/wp-content\/uploads\/2024\/02\/IMG_9927.jpeg\",\"contentUrl\":\"https:\/\/portalnpm.com\/wp-content\/uploads\/2024\/02\/IMG_9927.jpeg\",\"width\":790,\"height\":450,\"caption\":\"Foto: Arquivo\/Cidadeverde.com\"},{\"@type\":\"BreadcrumbList\",\"@id\":\"https:\/\/portalnpm.com\/index.php\/2024\/02\/17\/piaui-apresenta-menor-taxa-de-desocupacao-dos-ultimos-sete-anos-revela-ibge\/#breadcrumb\",\"itemListElement\":[{\"@type\":\"ListItem\",\"position\":1,\"name\":\"In\u00edcio\",\"item\":\"https:\/\/portalnpm.com\/\"},{\"@type\":\"ListItem\",\"position\":2,\"name\":\"Piau\u00ed apresenta menor taxa de desocupa\u00e7\u00e3o dos \u00faltimos sete anos, revela IBGE\"}]},{\"@type\":\"WebSite\",\"@id\":\"https:\/\/portalnpm.com\/#website\",\"url\":\"https:\/\/portalnpm.com\/\",\"name\":\"Portal NPM\",\"description\":\"Not\u00edcias em Primeira M\u00e3o\",\"potentialAction\":[{\"@type\":\"SearchAction\",\"target\":{\"@type\":\"EntryPoint\",\"urlTemplate\":\"https:\/\/portalnpm.com\/?s={search_term_string}\"},\"query-input\":\"required name=search_term_string\"}],\"inLanguage\":\"pt-BR\"},{\"@type\":\"Person\",\"@id\":\"https:\/\/portalnpm.com\/#\/schema\/person\/35cb55186eae3f074b6783da6d35591e\",\"name\":\"Zenilton Lima\",\"image\":{\"@type\":\"ImageObject\",\"inLanguage\":\"pt-BR\",\"@id\":\"https:\/\/portalnpm.com\/#\/schema\/person\/image\/\",\"url\":\"https:\/\/portalnpm.com\/wp-content\/uploads\/2024\/12\/avatar_user_8_1733658137-96x96.jpeg\",\"contentUrl\":\"https:\/\/portalnpm.com\/wp-content\/uploads\/2024\/12\/avatar_user_8_1733658137-96x96.jpeg\",\"caption\":\"Zenilton Lima\"},\"url\":\"https:\/\/portalnpm.com\/index.php\/author\/zenilton\/\"}]}<\/script>\n<!-- \/ Yoast SEO plugin. -->","yoast_head_json":{"title":"Piau\u00ed apresenta menor taxa de desocupa\u00e7\u00e3o dos \u00faltimos sete anos, revela IBGE - Portal NPM","robots":{"index":"index","follow":"follow","max-snippet":"max-snippet:-1","max-image-preview":"max-image-preview:large","max-video-preview":"max-video-preview:-1"},"canonical":"https:\/\/portalnpm.com\/index.php\/2024\/02\/17\/piaui-apresenta-menor-taxa-de-desocupacao-dos-ultimos-sete-anos-revela-ibge\/","og_locale":"pt_BR","og_type":"article","og_title":"Piau\u00ed apresenta menor taxa de desocupa\u00e7\u00e3o dos \u00faltimos sete anos, revela IBGE - Portal NPM","og_description":"O Piau\u00ed apresentou, em 2023, a menor taxa de desocupa\u00e7\u00e3o dos \u00faltimos sete anos, de 9,8%. Segundo o resultado trimestral da Pesquisa Nacional por Amostra de Domic\u00edlios Cont\u00ednua (PNAD Cont\u00ednua) do IBGE, no ano passado, o total de desocupa\u00e7\u00e3o no Piau\u00ed passou de 142 mil pessoas no 3\u00ba trimestre para 148 mil pessoas no 4\u00ba &hellip;","og_url":"https:\/\/portalnpm.com\/index.php\/2024\/02\/17\/piaui-apresenta-menor-taxa-de-desocupacao-dos-ultimos-sete-anos-revela-ibge\/","og_site_name":"Portal NPM","article_published_time":"2024-02-17T14:53:01+00:00","og_image":[{"width":790,"height":450,"url":"https:\/\/portalnpm.com\/wp-content\/uploads\/2024\/02\/IMG_9927.jpeg","type":"image\/jpeg"}],"author":"Zenilton Lima","twitter_card":"summary_large_image","twitter_misc":{"Escrito por":"Zenilton Lima","Est. tempo de leitura":"4 minutos"},"schema":{"@context":"https:\/\/schema.org","@graph":[{"@type":"WebPage","@id":"https:\/\/portalnpm.com\/index.php\/2024\/02\/17\/piaui-apresenta-menor-taxa-de-desocupacao-dos-ultimos-sete-anos-revela-ibge\/","url":"https:\/\/portalnpm.com\/index.php\/2024\/02\/17\/piaui-apresenta-menor-taxa-de-desocupacao-dos-ultimos-sete-anos-revela-ibge\/","name":"Piau\u00ed apresenta menor taxa de desocupa\u00e7\u00e3o dos \u00faltimos sete anos, revela IBGE - Portal NPM","isPartOf":{"@id":"https:\/\/portalnpm.com\/#website"},"primaryImageOfPage":{"@id":"https:\/\/portalnpm.com\/index.php\/2024\/02\/17\/piaui-apresenta-menor-taxa-de-desocupacao-dos-ultimos-sete-anos-revela-ibge\/#primaryimage"},"image":{"@id":"https:\/\/portalnpm.com\/index.php\/2024\/02\/17\/piaui-apresenta-menor-taxa-de-desocupacao-dos-ultimos-sete-anos-revela-ibge\/#primaryimage"},"thumbnailUrl":"https:\/\/portalnpm.com\/wp-content\/uploads\/2024\/02\/IMG_9927.jpeg","datePublished":"2024-02-17T14:53:01+00:00","dateModified":"2024-02-17T14:53:01+00:00","author":{"@id":"https:\/\/portalnpm.com\/#\/schema\/person\/35cb55186eae3f074b6783da6d35591e"},"breadcrumb":{"@id":"https:\/\/portalnpm.com\/index.php\/2024\/02\/17\/piaui-apresenta-menor-taxa-de-desocupacao-dos-ultimos-sete-anos-revela-ibge\/#breadcrumb"},"inLanguage":"pt-BR","potentialAction":[{"@type":"ReadAction","target":["https:\/\/portalnpm.com\/index.php\/2024\/02\/17\/piaui-apresenta-menor-taxa-de-desocupacao-dos-ultimos-sete-anos-revela-ibge\/"]}]},{"@type":"ImageObject","inLanguage":"pt-BR","@id":"https:\/\/portalnpm.com\/index.php\/2024\/02\/17\/piaui-apresenta-menor-taxa-de-desocupacao-dos-ultimos-sete-anos-revela-ibge\/#primaryimage","url":"https:\/\/portalnpm.com\/wp-content\/uploads\/2024\/02\/IMG_9927.jpeg","contentUrl":"https:\/\/portalnpm.com\/wp-content\/uploads\/2024\/02\/IMG_9927.jpeg","width":790,"height":450,"caption":"Foto: Arquivo\/Cidadeverde.com"},{"@type":"BreadcrumbList","@id":"https:\/\/portalnpm.com\/index.php\/2024\/02\/17\/piaui-apresenta-menor-taxa-de-desocupacao-dos-ultimos-sete-anos-revela-ibge\/#breadcrumb","itemListElement":[{"@type":"ListItem","position":1,"name":"In\u00edcio","item":"https:\/\/portalnpm.com\/"},{"@type":"ListItem","position":2,"name":"Piau\u00ed apresenta menor taxa de desocupa\u00e7\u00e3o dos \u00faltimos sete anos, revela IBGE"}]},{"@type":"WebSite","@id":"https:\/\/portalnpm.com\/#website","url":"https:\/\/portalnpm.com\/","name":"Portal NPM","description":"Not\u00edcias em Primeira M\u00e3o","potentialAction":[{"@type":"SearchAction","target":{"@type":"EntryPoint","urlTemplate":"https:\/\/portalnpm.com\/?s={search_term_string}"},"query-input":"required name=search_term_string"}],"inLanguage":"pt-BR"},{"@type":"Person","@id":"https:\/\/portalnpm.com\/#\/schema\/person\/35cb55186eae3f074b6783da6d35591e","name":"Zenilton Lima","image":{"@type":"ImageObject","inLanguage":"pt-BR","@id":"https:\/\/portalnpm.com\/#\/schema\/person\/image\/","url":"https:\/\/portalnpm.com\/wp-content\/uploads\/2024\/12\/avatar_user_8_1733658137-96x96.jpeg","contentUrl":"https:\/\/portalnpm.com\/wp-content\/uploads\/2024\/12\/avatar_user_8_1733658137-96x96.jpeg","caption":"Zenilton Lima"},"url":"https:\/\/portalnpm.com\/index.php\/author\/zenilton\/"}]}},"jetpack_sharing_enabled":true,"jetpack_featured_media_url":"https:\/\/portalnpm.com\/wp-content\/uploads\/2024\/02\/IMG_9927.jpeg","_links":{"self":[{"href":"https:\/\/portalnpm.com\/index.php\/wp-json\/wp\/v2\/posts\/71307"}],"collection":[{"href":"https:\/\/portalnpm.com\/index.php\/wp-json\/wp\/v2\/posts"}],"about":[{"href":"https:\/\/portalnpm.com\/index.php\/wp-json\/wp\/v2\/types\/post"}],"author":[{"embeddable":true,"href":"https:\/\/portalnpm.com\/index.php\/wp-json\/wp\/v2\/users\/8"}],"replies":[{"embeddable":true,"href":"https:\/\/portalnpm.com\/index.php\/wp-json\/wp\/v2\/comments?post=71307"}],"version-history":[{"count":1,"href":"https:\/\/portalnpm.com\/index.php\/wp-json\/wp\/v2\/posts\/71307\/revisions"}],"predecessor-version":[{"id":71311,"href":"https:\/\/portalnpm.com\/index.php\/wp-json\/wp\/v2\/posts\/71307\/revisions\/71311"}],"wp:featuredmedia":[{"embeddable":true,"href":"https:\/\/portalnpm.com\/index.php\/wp-json\/wp\/v2\/media\/71310"}],"wp:attachment":[{"href":"https:\/\/portalnpm.com\/index.php\/wp-json\/wp\/v2\/media?parent=71307"}],"wp:term":[{"taxonomy":"category","embeddable":true,"href":"https:\/\/portalnpm.com\/index.php\/wp-json\/wp\/v2\/categories?post=71307"},{"taxonomy":"post_tag","embeddable":true,"href":"https:\/\/portalnpm.com\/index.php\/wp-json\/wp\/v2\/tags?post=71307"}],"curies":[{"name":"wp","href":"https:\/\/api.w.org\/{rel}","templated":true}]}}