{"id":71329,"date":"2024-02-18T12:09:36","date_gmt":"2024-02-18T15:09:36","guid":{"rendered":"https:\/\/portalnpm.com\/?p=71329"},"modified":"2024-02-18T12:09:36","modified_gmt":"2024-02-18T15:09:36","slug":"corpo-do-atleta-livio-santos-e-sepultado-sob-forte-comocao-em-jose-de-freitas","status":"publish","type":"post","link":"https:\/\/portalnpm.com\/index.php\/2024\/02\/18\/corpo-do-atleta-livio-santos-e-sepultado-sob-forte-comocao-em-jose-de-freitas\/","title":{"rendered":"Corpo do atleta L\u00edvio Santos \u00e9 sepultado sob forte como\u00e7\u00e3o em Jos\u00e9 de Freitas"},"content":{"rendered":"<div class=\"row align-items-center justify-content-center\">\n<div class=\"col-12\">\n<hr \/>\n<\/div>\n<\/div>\n<section class=\"row align-items-stretch justify-content-center pt-lg-2\">\n<div class=\"col-lg-9 col-sm-12 order-first\">\n<div class=\"article-texto\">\n<div class=\"article-texto-box block-copy\">\n<p>Foi sob muita como\u00e7\u00e3o que parentes e amigos se despediram do jovem atleta de canoagem,\u00a0<a href=\"https:\/\/www.gp1.com.br\/noticias-sobre\/esportes\/livio-claudene-sales-santos\/\" target=\"_blank\" rel=\"noopener\">L\u00edvio Claudinei Sales Santos<\/a>, de 15 anos, que morreu na \u00faltima quinta-feira (15), v\u00edtima de afogamento na Barragem do Bezerro, em Jos\u00e9 de Freitas.<\/p>\n<p>O vel\u00f3rio foi realizado no fim da tarde deste s\u00e1bado (17) na Igreja de Nossa Senhora do Livramento, em Jos\u00e9 de Freitas, onde foi feita uma r\u00e1pida celebra\u00e7\u00e3o e, posteriormente, o corpo saiu em cortejo, que foi acompanhado por centenas de pessoas, para o cemit\u00e9rio da cidade, onde houve o sepultamento.<\/p>\n<div data-oembed-url=\"https:\/\/www.instagram.com\/reel\/C3dr5yLLG4g\/?utm_source=ig_web_copy_link\"><iframe id=\"instagram-embed-0\" class=\"instagram-media instagram-media-rendered\" src=\"https:\/\/www.instagram.com\/reel\/C3dr5yLLG4g\/embed\/?cr=1&amp;v=14&amp;wp=990&amp;rd=https%3A%2F%2Fwww.gp1.com.br&amp;rp=%2Fpi%2Fpiaui%2Fnoticia%2F2024%2F2%2F17%2Fcorpo-do-atleta-livio-santos-e-sepultado-sob-forte-comocao-em-jose-de-freitas-565088.html#%7B%22ci%22%3A0%2C%22os%22%3A2084.9000000953674%2C%22ls%22%3A315.90000009536743%2C%22le%22%3A350.90000009536743%7D\" height=\"649\" frameborder=\"0\" scrolling=\"no\" allowfullscreen=\"allowfullscreen\" data-instgrm-payload-id=\"instagram-media-payload-0\" data-mce-fragment=\"1\"><\/iframe><\/div>\n<p>Ap\u00f3s o enterro, muitos bal\u00f5es brancos foram soltos ao som da m\u00fasica Terra Seca, um momento de muita emo\u00e7\u00e3o para todos que estavam presentes.<\/p>\n<p><strong>Afogamento<\/strong><\/p>\n<p>O adolescente desapareceu, na quinta-feira (15), ap\u00f3s uma forte ventania, no momento em que participava de um dos treinos da Escola de Canoagem Iporanga. Ele estava com outras quatro pessoas, incluindo o instrutor. Por conta dos fortes ventos, a canoa acabou virando com todos e apenas L\u00edvio n\u00e3o conseguiu retornar \u00e0 margem.<\/p>\n<div class=\"r89-outstream-video\">\n<div id=\"r89-video-outstream-wrapper\">\n<div id=\"r89-video-outstream\" data-google-query-id=\"CJGKk8CVtYQDFdKIlQIdnjMDww\">\n<div id=\"google_ads_iframe_\/15748617,12635228\/Gp1combr\/Gp1combr-Video-Outstream_0__container__\"><\/div>\n<\/div>\n<\/div>\n<\/div>\n<div class=\"small-image-noticia\"><span class=\"credit\">Foto: Reprodu\u00e7\u00e3o\/Instagram<\/span><img fetchpriority=\"high\" decoding=\"async\" src=\"https:\/\/www.gp1.com.br\/media\/image_bank\/2024\/2\/livio-claudene-era-aluno-da-escolinha-de-canoagem-iporanga531141_U9vnQ7E.jpg.950x0_q95_crop.webp\" alt=\"L\u00edvio Claudinei era aluno da escolinha de canoagem Iporanga\" width=\"950\" height=\"587\" \/><\/p>\n<div class=\"legend\">L\u00edvio Claudinei era aluno da escolinha de canoagem Iporanga<\/div>\n<\/div>\n<p>O corpo do jovem foi localizado por populares, que auxiliavam os bombeiros nas buscas, na manh\u00e3 deste s\u00e1bado (17).<\/p>\n<p><strong>Quem era L\u00edvio Sales<\/strong><\/p>\n<p>L\u00edvio Sales era um atleta profissional de canoagem de velocidade, da categoria cadete. Em 2023, ele figurava na 7\u00aa posi\u00e7\u00e3o do ranking nacional da categoria C1 1000 metros masculino.<\/p>\n<p>O jovem atleta participou da Copa Brasil de Canoagem Velocidade, tendo ganhado a medalha de bronze na primeira etapa da competi\u00e7\u00e3o, ocorrida em Capit\u00f3lio, em Minas Gerais, juntamente com outro cano\u00edsta, na categoria C2 500m e 200m cadete.<\/p>\n<div class=\"relacionadas\"><strong class=\"title\">FONTE: GP1<\/strong><\/div>\n<\/div>\n<\/div>\n<\/div>\n<\/section>\n","protected":false},"excerpt":{"rendered":"<p>Foi sob muita como\u00e7\u00e3o que parentes e amigos se despediram do jovem atleta de canoagem,\u00a0L\u00edvio Claudinei Sales Santos, de 15 anos, que morreu na \u00faltima quinta-feira (15), v\u00edtima de afogamento na Barragem do Bezerro, em Jos\u00e9 de Freitas. O vel\u00f3rio foi realizado no fim da tarde deste s\u00e1bado (17) na Igreja de Nossa Senhora do &hellip;<\/p>\n","protected":false},"author":2,"featured_media":71330,"comment_status":"open","ping_status":"open","sticky":false,"template":"","format":"standard","meta":{"content-type":"","rop_custom_images_group":[],"rop_custom_messages_group":[],"rop_publish_now":"initial","rop_publish_now_accounts":{"facebook_2648258775420054_1618374048415101":""},"rop_publish_now_history":[],"rop_publish_now_status":"pending","footnotes":"","_jetpack_memberships_contains_paid_content":false},"categories":[108],"tags":[450,11493,1989,230,925,855,1278,11160,4150,15427,166,15428,12953],"yoast_head":"<!-- This site is optimized with the Yoast SEO plugin v22.3 - https:\/\/yoast.com\/wordpress\/plugins\/seo\/ -->\n<title>Corpo do atleta L\u00edvio Santos \u00e9 sepultado sob forte como\u00e7\u00e3o em Jos\u00e9 de Freitas - Portal NPM<\/title>\n<meta name=\"robots\" content=\"index, follow, max-snippet:-1, max-image-preview:large, max-video-preview:-1\" \/>\n<link rel=\"canonical\" href=\"https:\/\/portalnpm.com\/index.php\/2024\/02\/18\/corpo-do-atleta-livio-santos-e-sepultado-sob-forte-comocao-em-jose-de-freitas\/\" \/>\n<meta property=\"og:locale\" content=\"pt_BR\" \/>\n<meta property=\"og:type\" content=\"article\" \/>\n<meta property=\"og:title\" content=\"Corpo do atleta L\u00edvio Santos \u00e9 sepultado sob forte como\u00e7\u00e3o em Jos\u00e9 de Freitas - Portal NPM\" \/>\n<meta property=\"og:description\" content=\"Foi sob muita como\u00e7\u00e3o que parentes e amigos se despediram do jovem atleta de canoagem,\u00a0L\u00edvio Claudinei Sales Santos, de 15 anos, que morreu na \u00faltima quinta-feira (15), v\u00edtima de afogamento na Barragem do Bezerro, em Jos\u00e9 de Freitas. O vel\u00f3rio foi realizado no fim da tarde deste s\u00e1bado (17) na Igreja de Nossa Senhora do &hellip;\" \/>\n<meta property=\"og:url\" content=\"https:\/\/portalnpm.com\/index.php\/2024\/02\/18\/corpo-do-atleta-livio-santos-e-sepultado-sob-forte-comocao-em-jose-de-freitas\/\" \/>\n<meta property=\"og:site_name\" content=\"Portal NPM\" \/>\n<meta property=\"article:published_time\" content=\"2024-02-18T15:09:36+00:00\" \/>\n<meta property=\"og:image\" content=\"https:\/\/portalnpm.com\/wp-content\/uploads\/2024\/02\/corpo-do-atleta-livio-santos-e-enterrado-sob-forte-comocao-enone.jpg.400x264_q85_crop-top.webp\" \/>\n\t<meta property=\"og:image:width\" content=\"400\" \/>\n\t<meta property=\"og:image:height\" content=\"264\" \/>\n\t<meta property=\"og:image:type\" content=\"image\/webp\" \/>\n<meta name=\"author\" content=\"Genival Barbosa\" \/>\n<meta name=\"twitter:card\" content=\"summary_large_image\" \/>\n<meta name=\"twitter:label1\" content=\"Escrito por\" \/>\n\t<meta name=\"twitter:data1\" content=\"Genival Barbosa\" \/>\n\t<meta name=\"twitter:label2\" content=\"Est. tempo de leitura\" \/>\n\t<meta name=\"twitter:data2\" content=\"2 minutos\" \/>\n<script type=\"application\/ld+json\" class=\"yoast-schema-graph\">{\"@context\":\"https:\/\/schema.org\",\"@graph\":[{\"@type\":\"WebPage\",\"@id\":\"https:\/\/portalnpm.com\/index.php\/2024\/02\/18\/corpo-do-atleta-livio-santos-e-sepultado-sob-forte-comocao-em-jose-de-freitas\/\",\"url\":\"https:\/\/portalnpm.com\/index.php\/2024\/02\/18\/corpo-do-atleta-livio-santos-e-sepultado-sob-forte-comocao-em-jose-de-freitas\/\",\"name\":\"Corpo do atleta L\u00edvio Santos \u00e9 sepultado sob forte como\u00e7\u00e3o em Jos\u00e9 de Freitas - Portal NPM\",\"isPartOf\":{\"@id\":\"https:\/\/portalnpm.com\/#website\"},\"primaryImageOfPage\":{\"@id\":\"https:\/\/portalnpm.com\/index.php\/2024\/02\/18\/corpo-do-atleta-livio-santos-e-sepultado-sob-forte-comocao-em-jose-de-freitas\/#primaryimage\"},\"image\":{\"@id\":\"https:\/\/portalnpm.com\/index.php\/2024\/02\/18\/corpo-do-atleta-livio-santos-e-sepultado-sob-forte-comocao-em-jose-de-freitas\/#primaryimage\"},\"thumbnailUrl\":\"https:\/\/portalnpm.com\/wp-content\/uploads\/2024\/02\/corpo-do-atleta-livio-santos-e-enterrado-sob-forte-comocao-enone.jpg.400x264_q85_crop-top.webp\",\"datePublished\":\"2024-02-18T15:09:36+00:00\",\"dateModified\":\"2024-02-18T15:09:36+00:00\",\"author\":{\"@id\":\"https:\/\/portalnpm.com\/#\/schema\/person\/49313e563cfdefcc167f1ee4c017c294\"},\"breadcrumb\":{\"@id\":\"https:\/\/portalnpm.com\/index.php\/2024\/02\/18\/corpo-do-atleta-livio-santos-e-sepultado-sob-forte-comocao-em-jose-de-freitas\/#breadcrumb\"},\"inLanguage\":\"pt-BR\",\"potentialAction\":[{\"@type\":\"ReadAction\",\"target\":[\"https:\/\/portalnpm.com\/index.php\/2024\/02\/18\/corpo-do-atleta-livio-santos-e-sepultado-sob-forte-comocao-em-jose-de-freitas\/\"]}]},{\"@type\":\"ImageObject\",\"inLanguage\":\"pt-BR\",\"@id\":\"https:\/\/portalnpm.com\/index.php\/2024\/02\/18\/corpo-do-atleta-livio-santos-e-sepultado-sob-forte-comocao-em-jose-de-freitas\/#primaryimage\",\"url\":\"https:\/\/portalnpm.com\/wp-content\/uploads\/2024\/02\/corpo-do-atleta-livio-santos-e-enterrado-sob-forte-comocao-enone.jpg.400x264_q85_crop-top.webp\",\"contentUrl\":\"https:\/\/portalnpm.com\/wp-content\/uploads\/2024\/02\/corpo-do-atleta-livio-santos-e-enterrado-sob-forte-comocao-enone.jpg.400x264_q85_crop-top.webp\",\"width\":400,\"height\":264},{\"@type\":\"BreadcrumbList\",\"@id\":\"https:\/\/portalnpm.com\/index.php\/2024\/02\/18\/corpo-do-atleta-livio-santos-e-sepultado-sob-forte-comocao-em-jose-de-freitas\/#breadcrumb\",\"itemListElement\":[{\"@type\":\"ListItem\",\"position\":1,\"name\":\"In\u00edcio\",\"item\":\"https:\/\/portalnpm.com\/\"},{\"@type\":\"ListItem\",\"position\":2,\"name\":\"Corpo do atleta L\u00edvio Santos \u00e9 sepultado sob forte como\u00e7\u00e3o em Jos\u00e9 de Freitas\"}]},{\"@type\":\"WebSite\",\"@id\":\"https:\/\/portalnpm.com\/#website\",\"url\":\"https:\/\/portalnpm.com\/\",\"name\":\"Portal NPM\",\"description\":\"Not\u00edcias em Primeira M\u00e3o\",\"potentialAction\":[{\"@type\":\"SearchAction\",\"target\":{\"@type\":\"EntryPoint\",\"urlTemplate\":\"https:\/\/portalnpm.com\/?s={search_term_string}\"},\"query-input\":\"required name=search_term_string\"}],\"inLanguage\":\"pt-BR\"},{\"@type\":\"Person\",\"@id\":\"https:\/\/portalnpm.com\/#\/schema\/person\/49313e563cfdefcc167f1ee4c017c294\",\"name\":\"Genival Barbosa\",\"image\":{\"@type\":\"ImageObject\",\"inLanguage\":\"pt-BR\",\"@id\":\"https:\/\/portalnpm.com\/#\/schema\/person\/image\/\",\"url\":\"https:\/\/portalnpm.com\/wp-content\/uploads\/2024\/02\/avatar_user_2_1707743258-96x96.jpeg\",\"contentUrl\":\"https:\/\/portalnpm.com\/wp-content\/uploads\/2024\/02\/avatar_user_2_1707743258-96x96.jpeg\",\"caption\":\"Genival Barbosa\"},\"url\":\"https:\/\/portalnpm.com\/index.php\/author\/genival\/\"}]}<\/script>\n<!-- \/ Yoast SEO plugin. -->","yoast_head_json":{"title":"Corpo do atleta L\u00edvio Santos \u00e9 sepultado sob forte como\u00e7\u00e3o em Jos\u00e9 de Freitas - Portal NPM","robots":{"index":"index","follow":"follow","max-snippet":"max-snippet:-1","max-image-preview":"max-image-preview:large","max-video-preview":"max-video-preview:-1"},"canonical":"https:\/\/portalnpm.com\/index.php\/2024\/02\/18\/corpo-do-atleta-livio-santos-e-sepultado-sob-forte-comocao-em-jose-de-freitas\/","og_locale":"pt_BR","og_type":"article","og_title":"Corpo do atleta L\u00edvio Santos \u00e9 sepultado sob forte como\u00e7\u00e3o em Jos\u00e9 de Freitas - Portal NPM","og_description":"Foi sob muita como\u00e7\u00e3o que parentes e amigos se despediram do jovem atleta de canoagem,\u00a0L\u00edvio Claudinei Sales Santos, de 15 anos, que morreu na \u00faltima quinta-feira (15), v\u00edtima de afogamento na Barragem do Bezerro, em Jos\u00e9 de Freitas. O vel\u00f3rio foi realizado no fim da tarde deste s\u00e1bado (17) na Igreja de Nossa Senhora do &hellip;","og_url":"https:\/\/portalnpm.com\/index.php\/2024\/02\/18\/corpo-do-atleta-livio-santos-e-sepultado-sob-forte-comocao-em-jose-de-freitas\/","og_site_name":"Portal NPM","article_published_time":"2024-02-18T15:09:36+00:00","og_image":[{"width":400,"height":264,"url":"https:\/\/portalnpm.com\/wp-content\/uploads\/2024\/02\/corpo-do-atleta-livio-santos-e-enterrado-sob-forte-comocao-enone.jpg.400x264_q85_crop-top.webp","type":"image\/webp"}],"author":"Genival Barbosa","twitter_card":"summary_large_image","twitter_misc":{"Escrito por":"Genival Barbosa","Est. tempo de leitura":"2 minutos"},"schema":{"@context":"https:\/\/schema.org","@graph":[{"@type":"WebPage","@id":"https:\/\/portalnpm.com\/index.php\/2024\/02\/18\/corpo-do-atleta-livio-santos-e-sepultado-sob-forte-comocao-em-jose-de-freitas\/","url":"https:\/\/portalnpm.com\/index.php\/2024\/02\/18\/corpo-do-atleta-livio-santos-e-sepultado-sob-forte-comocao-em-jose-de-freitas\/","name":"Corpo do atleta L\u00edvio Santos \u00e9 sepultado sob forte como\u00e7\u00e3o em Jos\u00e9 de Freitas - Portal NPM","isPartOf":{"@id":"https:\/\/portalnpm.com\/#website"},"primaryImageOfPage":{"@id":"https:\/\/portalnpm.com\/index.php\/2024\/02\/18\/corpo-do-atleta-livio-santos-e-sepultado-sob-forte-comocao-em-jose-de-freitas\/#primaryimage"},"image":{"@id":"https:\/\/portalnpm.com\/index.php\/2024\/02\/18\/corpo-do-atleta-livio-santos-e-sepultado-sob-forte-comocao-em-jose-de-freitas\/#primaryimage"},"thumbnailUrl":"https:\/\/portalnpm.com\/wp-content\/uploads\/2024\/02\/corpo-do-atleta-livio-santos-e-enterrado-sob-forte-comocao-enone.jpg.400x264_q85_crop-top.webp","datePublished":"2024-02-18T15:09:36+00:00","dateModified":"2024-02-18T15:09:36+00:00","author":{"@id":"https:\/\/portalnpm.com\/#\/schema\/person\/49313e563cfdefcc167f1ee4c017c294"},"breadcrumb":{"@id":"https:\/\/portalnpm.com\/index.php\/2024\/02\/18\/corpo-do-atleta-livio-santos-e-sepultado-sob-forte-comocao-em-jose-de-freitas\/#breadcrumb"},"inLanguage":"pt-BR","potentialAction":[{"@type":"ReadAction","target":["https:\/\/portalnpm.com\/index.php\/2024\/02\/18\/corpo-do-atleta-livio-santos-e-sepultado-sob-forte-comocao-em-jose-de-freitas\/"]}]},{"@type":"ImageObject","inLanguage":"pt-BR","@id":"https:\/\/portalnpm.com\/index.php\/2024\/02\/18\/corpo-do-atleta-livio-santos-e-sepultado-sob-forte-comocao-em-jose-de-freitas\/#primaryimage","url":"https:\/\/portalnpm.com\/wp-content\/uploads\/2024\/02\/corpo-do-atleta-livio-santos-e-enterrado-sob-forte-comocao-enone.jpg.400x264_q85_crop-top.webp","contentUrl":"https:\/\/portalnpm.com\/wp-content\/uploads\/2024\/02\/corpo-do-atleta-livio-santos-e-enterrado-sob-forte-comocao-enone.jpg.400x264_q85_crop-top.webp","width":400,"height":264},{"@type":"BreadcrumbList","@id":"https:\/\/portalnpm.com\/index.php\/2024\/02\/18\/corpo-do-atleta-livio-santos-e-sepultado-sob-forte-comocao-em-jose-de-freitas\/#breadcrumb","itemListElement":[{"@type":"ListItem","position":1,"name":"In\u00edcio","item":"https:\/\/portalnpm.com\/"},{"@type":"ListItem","position":2,"name":"Corpo do atleta L\u00edvio Santos \u00e9 sepultado sob forte como\u00e7\u00e3o em Jos\u00e9 de Freitas"}]},{"@type":"WebSite","@id":"https:\/\/portalnpm.com\/#website","url":"https:\/\/portalnpm.com\/","name":"Portal NPM","description":"Not\u00edcias em Primeira M\u00e3o","potentialAction":[{"@type":"SearchAction","target":{"@type":"EntryPoint","urlTemplate":"https:\/\/portalnpm.com\/?s={search_term_string}"},"query-input":"required name=search_term_string"}],"inLanguage":"pt-BR"},{"@type":"Person","@id":"https:\/\/portalnpm.com\/#\/schema\/person\/49313e563cfdefcc167f1ee4c017c294","name":"Genival Barbosa","image":{"@type":"ImageObject","inLanguage":"pt-BR","@id":"https:\/\/portalnpm.com\/#\/schema\/person\/image\/","url":"https:\/\/portalnpm.com\/wp-content\/uploads\/2024\/02\/avatar_user_2_1707743258-96x96.jpeg","contentUrl":"https:\/\/portalnpm.com\/wp-content\/uploads\/2024\/02\/avatar_user_2_1707743258-96x96.jpeg","caption":"Genival Barbosa"},"url":"https:\/\/portalnpm.com\/index.php\/author\/genival\/"}]}},"jetpack_sharing_enabled":true,"jetpack_featured_media_url":"https:\/\/portalnpm.com\/wp-content\/uploads\/2024\/02\/corpo-do-atleta-livio-santos-e-enterrado-sob-forte-comocao-enone.jpg.400x264_q85_crop-top.webp","_links":{"self":[{"href":"https:\/\/portalnpm.com\/index.php\/wp-json\/wp\/v2\/posts\/71329"}],"collection":[{"href":"https:\/\/portalnpm.com\/index.php\/wp-json\/wp\/v2\/posts"}],"about":[{"href":"https:\/\/portalnpm.com\/index.php\/wp-json\/wp\/v2\/types\/post"}],"author":[{"embeddable":true,"href":"https:\/\/portalnpm.com\/index.php\/wp-json\/wp\/v2\/users\/2"}],"replies":[{"embeddable":true,"href":"https:\/\/portalnpm.com\/index.php\/wp-json\/wp\/v2\/comments?post=71329"}],"version-history":[{"count":1,"href":"https:\/\/portalnpm.com\/index.php\/wp-json\/wp\/v2\/posts\/71329\/revisions"}],"predecessor-version":[{"id":71331,"href":"https:\/\/portalnpm.com\/index.php\/wp-json\/wp\/v2\/posts\/71329\/revisions\/71331"}],"wp:featuredmedia":[{"embeddable":true,"href":"https:\/\/portalnpm.com\/index.php\/wp-json\/wp\/v2\/media\/71330"}],"wp:attachment":[{"href":"https:\/\/portalnpm.com\/index.php\/wp-json\/wp\/v2\/media?parent=71329"}],"wp:term":[{"taxonomy":"category","embeddable":true,"href":"https:\/\/portalnpm.com\/index.php\/wp-json\/wp\/v2\/categories?post=71329"},{"taxonomy":"post_tag","embeddable":true,"href":"https:\/\/portalnpm.com\/index.php\/wp-json\/wp\/v2\/tags?post=71329"}],"curies":[{"name":"wp","href":"https:\/\/api.w.org\/{rel}","templated":true}]}}