{"id":71340,"date":"2024-02-18T22:33:47","date_gmt":"2024-02-19T01:33:47","guid":{"rendered":"https:\/\/portalnpm.com\/?p=71340"},"modified":"2024-02-18T22:33:47","modified_gmt":"2024-02-19T01:33:47","slug":"campeonato-tem-inicio-em-caldeirao-grande-do-piaui-com-a-participacao-de-18-equipes","status":"publish","type":"post","link":"https:\/\/portalnpm.com\/index.php\/2024\/02\/18\/campeonato-tem-inicio-em-caldeirao-grande-do-piaui-com-a-participacao-de-18-equipes\/","title":{"rendered":"Campeonato tem in\u00edcio em Caldeir\u00e3o Grande do Piau\u00ed com a participa\u00e7\u00e3o de 18 equipes"},"content":{"rendered":"<div class=\"td-header-template-wrap\">\n<div class=\"td-header-desktop-wrap \">\n<div id=\"tdi_14\" class=\"tdc-zone\">\n<div class=\"tdc_zone tdi_15  wpb_row td-pb-row tdc-element-style\">\n<div id=\"tdi_16\" class=\"tdc-row stretch_row_1400 td-stretch-content\">\n<div class=\"vc_row tdi_17  wpb_row td-pb-row tdc-element-style\">\n<div class=\"tdi_16_rand_style td-element-style\"><\/div>\n<\/div>\n<\/div>\n<\/div>\n<\/div>\n<\/div>\n<\/div>\n<div id=\"tdb-autoload-article\" data-autoload=\"off\" data-autoload-org-post-id=\"486875\" data-autoload-type=\"\" data-autoload-count=\"5\">\n<div class=\"td-main-content-wrap td-container-wrap\">\n<div class=\"tdc-content-wrap\">\n<article id=\"template-id-226975\" class=\"post-226975 tdb_templates type-tdb_templates status-publish post\">\n<div id=\"tdi_46\" class=\"tdc-zone\">\n<div class=\"tdc_zone tdi_47  wpb_row td-pb-row\">\n<div id=\"tdi_69\" class=\"tdc-row stretch_row_1200 td-stretch-content\">\n<div class=\"vc_row tdi_70  wpb_row td-pb-row\">\n<div class=\"vc_column tdi_72  wpb_column vc_column_container tdc-column td-pb-span12\">\n<div class=\"wpb_wrapper\">\n<div class=\"vc_row_inner tdi_76  vc_row vc_inner wpb_row td-pb-row\">\n<div class=\"vc_column_inner tdi_78  wpb_column vc_column_container tdc-inner-column td-pb-span12\">\n<div class=\"vc_column-inner\">\n<div class=\"wpb_wrapper\">\n<div class=\"td_block_wrap tdb_single_date tdi_80 td-pb-border-top td_block_template_1 tdb-post-meta\" data-td-block-uid=\"tdi_80\">\n<div class=\"tdb-block-inner td-fix-index\"><\/div>\n<\/div>\n<\/div>\n<\/div>\n<\/div>\n<\/div>\n<\/div>\n<\/div>\n<\/div>\n<\/div>\n<div id=\"tdi_97\" class=\"tdc-row\">\n<div class=\"vc_row tdi_98  wpb_row td-pb-row\">\n<div class=\"vc_column tdi_100  wpb_column vc_column_container tdc-column td-pb-span8\">\n<div class=\"wpb_wrapper\">\n<div class=\"td_block_wrap tdb_single_content tdi_103 td-pb-border-top td_block_template_1 td-post-content tagdiv-type\" data-td-block-uid=\"tdi_103\">\n<div class=\"tdb-block-inner td-fix-index\">\n<p>A Prefeitura de Caldeir\u00e3o Grande do Piau\u00ed, por meio da Secretaria Municipal de Esporte, realizou na tarde deste s\u00e1bado, 17 de fevereiro, a abertura do 31\u00ba Campeonato Municipal de Futebol Amador, onde neste ano a competi\u00e7\u00e3o conta com 18 equipes disputando o t\u00edtulo de melhor time do munic\u00edpio.<\/p>\n<p>Participam da competi\u00e7\u00e3o as equipes Juventude, Haja \u00c1lcool, Serra dos Pereiros, Cachoeirinha, Caboclos, S\u00e3o Bento, Camisa 10, Juvenil, PJG, Atl\u00e9tico Lambedor, Sete Lapada, Inter Junior, Guerreiros, Palmeirinha, Serra dos Pereiros, Atl\u00e9tico Serra de Coco, Vit\u00f3ria e Time dos Amigos.<\/p>\n<p><img fetchpriority=\"high\" decoding=\"async\" class=\" lazyloaded\" src=\"https:\/\/folhaatual.com.br\/userfiles\/images\/DSC_1124(14).JPG\" alt=\"\" width=\"787\" height=\"526\" data-src=\"https:\/\/folhaatual.com.br\/userfiles\/images\/DSC_1124(14).JPG\" \/><\/p>\n<p>As equipes est\u00e3o divididas em quatro grupos, onde os dois melhores de cada grupo se classificam para pr\u00f3xima fase da competi\u00e7\u00e3o. A grande final ir\u00e1 acontecer no dia 27 de abril, dentro da programa\u00e7\u00e3o do 32\u00ba anivers\u00e1rio de emancipa\u00e7\u00e3o pol\u00edtica e administrativa da cidade.<\/p>\n<p><img decoding=\"async\" class=\" lazyloaded\" src=\"https:\/\/folhaatual.com.br\/userfiles\/images\/DSC_1295(8).JPG\" alt=\"\" width=\"778\" height=\"520\" data-src=\"https:\/\/folhaatual.com.br\/userfiles\/images\/DSC_1295(8).JPG\" \/><\/p>\n<p><img decoding=\"async\" class=\" lazyloaded\" src=\"https:\/\/folhaatual.com.br\/userfiles\/images\/DSC_1316(10).JPG\" alt=\"\" width=\"788\" height=\"527\" data-src=\"https:\/\/folhaatual.com.br\/userfiles\/images\/DSC_1316(10).JPG\" \/><\/p>\n<p>Antes da bola rolar, a gest\u00e3o municipal fez uma homenagem ao desportista Jo\u00e3o Erisvaldo Diniz, que foi durante sua vida uma apoiador e incentivador do esporte amador no munic\u00edpio.<\/p>\n<p><img loading=\"lazy\" decoding=\"async\" class=\" lazyloaded\" src=\"https:\/\/folhaatual.com.br\/userfiles\/images\/DSC_1143(9).JPG\" alt=\"\" width=\"757\" height=\"506\" data-src=\"https:\/\/folhaatual.com.br\/userfiles\/images\/DSC_1143(9).JPG\" \/><\/p>\n<p>Em seguida, teve in\u00edcio o primeiro confronto da competi\u00e7\u00e3o entre as equipes PJG X Sete Lapada, com a vit\u00f3ria por 2X1 da equipe PJG.<\/p>\n<p><img loading=\"lazy\" decoding=\"async\" class=\" lazyloaded\" src=\"https:\/\/folhaatual.com.br\/userfiles\/images\/DSC_1332(11).JPG\" alt=\"\" width=\"748\" height=\"500\" data-src=\"https:\/\/folhaatual.com.br\/userfiles\/images\/DSC_1332(11).JPG\" \/><\/p>\n<p><img loading=\"lazy\" decoding=\"async\" class=\" lazyloaded\" src=\"https:\/\/folhaatual.com.br\/userfiles\/images\/DSC_1175(11).JPG\" alt=\"\" width=\"758\" height=\"507\" data-src=\"https:\/\/folhaatual.com.br\/userfiles\/images\/DSC_1175(11).JPG\" \/><\/p>\n<p><strong><img loading=\"lazy\" decoding=\"async\" class=\" lazyloaded\" src=\"https:\/\/folhaatual.com.br\/userfiles\/images\/DSC_1254(9).JPG\" alt=\"\" width=\"758\" height=\"507\" data-src=\"https:\/\/folhaatual.com.br\/userfiles\/images\/DSC_1254(9).JPG\" \/><\/strong><\/p>\n<p>\u00c0s 16h00, ap\u00f3s um jogo com muitos gols, o Juventude conquistou os tr\u00eas primeiros pontos ao derrotar a equipe Haja \u00c1lcool pelo placar de 6X1. Nos dois jogos, o quarteto de arbitragem foi formado por Nilton Galv\u00e3o e Ramon F\u00e9lix (\u00e1rbitros centrais) e por Rafael e Fabr\u00edcio (\u00e1rbitros auxiliares).<\/p>\n<p><img loading=\"lazy\" decoding=\"async\" class=\" lazyloaded\" src=\"https:\/\/folhaatual.com.br\/userfiles\/images\/DSC_1254(10).JPG\" alt=\"\" width=\"778\" height=\"520\" data-src=\"https:\/\/folhaatual.com.br\/userfiles\/images\/DSC_1254(10).JPG\" \/><\/p>\n<p><strong><img loading=\"lazy\" decoding=\"async\" class=\" lazyloaded\" src=\"https:\/\/folhaatual.com.br\/userfiles\/images\/DSC_1252(7).JPG\" alt=\"\" width=\"748\" height=\"500\" data-src=\"https:\/\/folhaatual.com.br\/userfiles\/images\/DSC_1252(7).JPG\" \/><\/strong><\/p>\n<p>Em entrevista, o prefeito Filipe Gon\u00e7alves, destacou a import\u00e2ncia da realiza\u00e7\u00e3o da competi\u00e7\u00e3o. \u201cHoje damos in\u00edcio a programa\u00e7\u00e3o alusiva ao 32\u00ba anivers\u00e1rio de emancipa\u00e7\u00e3o pol\u00edtica do munic\u00edpio de Caldeir\u00e3o Grande com este tradicional Campeonato de Futebol Amador, onde proporcionamos para nossa comunidade esportiva momentos de lazer, entretenimento e de valoriza\u00e7\u00e3o do esporte caldeir\u00e3ograndense. Temos um est\u00e1dio que n\u00e3o deixa a desejar em nada, como tamb\u00e9m oferecemos todo apoio necess\u00e1rio para a realiza\u00e7\u00e3o desta competi\u00e7\u00e3o\u201d, destacou o prefeito Filipe Gon\u00e7alves.<\/p>\n<p><img loading=\"lazy\" decoding=\"async\" class=\" lazyloaded\" src=\"https:\/\/folhaatual.com.br\/userfiles\/images\/DSC_1303(6).JPG\" alt=\"\" width=\"748\" height=\"500\" data-src=\"https:\/\/folhaatual.com.br\/userfiles\/images\/DSC_1303(6).JPG\" \/><\/p>\n<p>Filipe falou ainda da homenagem a Jo\u00e3o Erisvaldo, afirmando ser uma justa homenagem. \u201cJo\u00e3o Erisvaldo sempre foi um amante e incentivador do esporte em nosso munic\u00edpio, era uma figura que todos gostavam dele, que acompanhava a Sele\u00e7\u00e3o de Caldeir\u00e3o em todos os campeonatos, ent\u00e3o uma justa homenagem a uma pessoa que muito contribuiu com o esporte em nosso munic\u00edpio. Tenho certeza que onde ele estiver estar muito feliz com esta homenagem\u201d, pontuou Filipe Gon\u00e7alves.<\/p>\n<p><img loading=\"lazy\" decoding=\"async\" class=\" lazyloaded\" src=\"https:\/\/folhaatual.com.br\/userfiles\/images\/DSC_1117(6).JPG\" alt=\"\" width=\"791\" height=\"529\" data-src=\"https:\/\/folhaatual.com.br\/userfiles\/images\/DSC_1117(6).JPG\" \/><\/p>\n<p>O Secret\u00e1rio Municipal de Esporte, Rinaldo Oliveira, tamb\u00e9m destacou positivamente a realiza\u00e7\u00e3o de mais um campeonato no munic\u00edpio. \u201cHoje damos o pontap\u00e9 inicial ao 31\u00ba Campeonato Municipal de Futebol Amador em nossa cidade. Para a gente que faz a organiza\u00e7\u00e3o, e para o prefeito Filipe, \u00e9 motivo de alegria estar incentivando esses desportistas. Todos os atletas do munic\u00edpio foram convidados e tivemos a felicidade de contar este ano com a participa\u00e7\u00e3o de 18 equipes\u201d, disse.<\/p>\n<p><img loading=\"lazy\" decoding=\"async\" class=\" lazyloaded\" src=\"https:\/\/folhaatual.com.br\/userfiles\/images\/DSC_1242(9).JPG\" alt=\"\" width=\"742\" height=\"496\" data-src=\"https:\/\/folhaatual.com.br\/userfiles\/images\/DSC_1242(9).JPG\" \/><\/p>\n<p>&nbsp;<\/p>\n<p>J\u00e1 Rangel Santiago, um dos organizadores da competi\u00e7\u00e3o, disse que a expectativa da realiza\u00e7\u00e3o do campeonato s\u00e3o as melhores, onde segundo ele, a gest\u00e3o municipal estar\u00e1 distribuindo mais de 25 mil reais em premia\u00e7\u00f5es para as equipes e atletas que se destacarem na competi\u00e7\u00e3o. \u201cMais uma vez ser\u00e1 um sucesso\u201d, finalizou.<\/p>\n<p><img loading=\"lazy\" decoding=\"async\" class=\" lazyloaded\" src=\"https:\/\/folhaatual.com.br\/userfiles\/images\/DSC_1243(3).JPG\" alt=\"\" width=\"748\" height=\"500\" data-src=\"https:\/\/folhaatual.com.br\/userfiles\/images\/DSC_1243(3).JPG\" \/><\/p>\n<p><strong>Mais fotos;<\/strong><\/p>\n<p><strong><img loading=\"lazy\" decoding=\"async\" class=\" lazyloaded\" src=\"https:\/\/folhaatual.com.br\/userfiles\/images\/DSC_1235(11).JPG\" alt=\"\" width=\"784\" height=\"524\" data-src=\"https:\/\/folhaatual.com.br\/userfiles\/images\/DSC_1235(11).JPG\" \/><\/strong><\/p>\n<p><img loading=\"lazy\" decoding=\"async\" class=\" lazyloaded\" src=\"https:\/\/folhaatual.com.br\/userfiles\/images\/DSC_1191(5).JPG\" alt=\"\" width=\"760\" height=\"508\" data-src=\"https:\/\/folhaatual.com.br\/userfiles\/images\/DSC_1191(5).JPG\" \/><\/p>\n<p><img loading=\"lazy\" decoding=\"async\" class=\" lazyloaded\" src=\"https:\/\/folhaatual.com.br\/userfiles\/images\/DSC_1309(5).JPG\" alt=\"\" width=\"760\" height=\"508\" data-src=\"https:\/\/folhaatual.com.br\/userfiles\/images\/DSC_1309(5).JPG\" \/><\/p>\n<p><img loading=\"lazy\" decoding=\"async\" class=\" lazyloaded\" src=\"https:\/\/folhaatual.com.br\/userfiles\/images\/DSC_1364(8).JPG\" alt=\"\" width=\"751\" height=\"502\" data-src=\"https:\/\/folhaatual.com.br\/userfiles\/images\/DSC_1364(8).JPG\" \/><\/p>\n<p><img loading=\"lazy\" decoding=\"async\" class=\" lazyloaded\" src=\"https:\/\/folhaatual.com.br\/galeria\/eventos\/camp24caldeirao\/DSC_1124.JPG\" width=\"742\" height=\"496\" data-src=\"https:\/\/folhaatual.com.br\/galeria\/eventos\/camp24caldeirao\/DSC_1124.JPG\" \/><\/p>\n<p><img loading=\"lazy\" decoding=\"async\" class=\" lazyloaded\" src=\"https:\/\/folhaatual.com.br\/galeria\/eventos\/camp24caldeirao\/DSC_1152.JPG\" width=\"775\" height=\"518\" data-src=\"https:\/\/folhaatual.com.br\/galeria\/eventos\/camp24caldeirao\/DSC_1152.JPG\" \/><\/p>\n<p><img loading=\"lazy\" decoding=\"async\" class=\" lazyloaded\" src=\"https:\/\/folhaatual.com.br\/galeria\/eventos\/camp24caldeirao\/DSC_1182.JPG\" width=\"749\" height=\"501\" data-src=\"https:\/\/folhaatual.com.br\/galeria\/eventos\/camp24caldeirao\/DSC_1182.JPG\" \/><\/p>\n<p><img loading=\"lazy\" decoding=\"async\" class=\" lazyloaded\" src=\"https:\/\/folhaatual.com.br\/galeria\/eventos\/camp24caldeirao\/DSC_1201.JPG\" width=\"751\" height=\"502\" data-src=\"https:\/\/folhaatual.com.br\/galeria\/eventos\/camp24caldeirao\/DSC_1201.JPG\" \/><\/p>\n<p><img loading=\"lazy\" decoding=\"async\" class=\" lazyloaded\" src=\"https:\/\/folhaatual.com.br\/galeria\/eventos\/camp24caldeirao\/DSC_1332.JPG\" width=\"766\" height=\"512\" data-src=\"https:\/\/folhaatual.com.br\/galeria\/eventos\/camp24caldeirao\/DSC_1332.JPG\" \/><\/p>\n<p><img loading=\"lazy\" decoding=\"async\" class=\" lazyloaded\" src=\"https:\/\/folhaatual.com.br\/galeria\/eventos\/camp24caldeirao\/DSC_1355.JPG\" width=\"748\" height=\"500\" data-src=\"https:\/\/folhaatual.com.br\/galeria\/eventos\/camp24caldeirao\/DSC_1355.JPG\" \/><\/p>\n<p>Fonte: Folha Atual<\/p>\n<\/div>\n<\/div>\n<\/div>\n<\/div>\n<\/div>\n<\/div>\n<\/div>\n<\/div>\n<\/article>\n<\/div>\n<\/div>\n<\/div>\n","protected":false},"excerpt":{"rendered":"<p>A Prefeitura de Caldeir\u00e3o Grande do Piau\u00ed, por meio da Secretaria Municipal de Esporte, realizou na tarde deste s\u00e1bado, 17 de fevereiro, a abertura do 31\u00ba Campeonato Municipal de Futebol Amador, onde neste ano a competi\u00e7\u00e3o conta com 18 equipes disputando o t\u00edtulo de melhor time do munic\u00edpio. Participam da competi\u00e7\u00e3o as equipes Juventude, Haja &hellip;<\/p>\n","protected":false},"author":2,"featured_media":71341,"comment_status":"open","ping_status":"open","sticky":false,"template":"","format":"standard","meta":{"content-type":"","rop_custom_images_group":[],"rop_custom_messages_group":[],"rop_publish_now":"initial","rop_publish_now_accounts":{"facebook_2648258775420054_1618374048415101":""},"rop_publish_now_history":[],"rop_publish_now_status":"pending","footnotes":"","_jetpack_memberships_contains_paid_content":false},"categories":[723,108,109],"tags":[267,4677,107,230,855,9484,944,4800,6776,187,4215],"yoast_head":"<!-- This site is optimized with the Yoast SEO plugin v22.3 - https:\/\/yoast.com\/wordpress\/plugins\/seo\/ -->\n<title>Campeonato tem in\u00edcio em Caldeir\u00e3o Grande do Piau\u00ed com a participa\u00e7\u00e3o de 18 equipes - Portal NPM<\/title>\n<meta name=\"robots\" content=\"index, follow, max-snippet:-1, max-image-preview:large, max-video-preview:-1\" \/>\n<link rel=\"canonical\" href=\"https:\/\/portalnpm.com\/index.php\/2024\/02\/18\/campeonato-tem-inicio-em-caldeirao-grande-do-piaui-com-a-participacao-de-18-equipes\/\" \/>\n<meta property=\"og:locale\" content=\"pt_BR\" \/>\n<meta property=\"og:type\" content=\"article\" \/>\n<meta property=\"og:title\" content=\"Campeonato tem in\u00edcio em Caldeir\u00e3o Grande do Piau\u00ed com a participa\u00e7\u00e3o de 18 equipes - Portal NPM\" \/>\n<meta property=\"og:description\" content=\"A Prefeitura de Caldeir\u00e3o Grande do Piau\u00ed, por meio da Secretaria Municipal de Esporte, realizou na tarde deste s\u00e1bado, 17 de fevereiro, a abertura do 31\u00ba Campeonato Municipal de Futebol Amador, onde neste ano a competi\u00e7\u00e3o conta com 18 equipes disputando o t\u00edtulo de melhor time do munic\u00edpio. Participam da competi\u00e7\u00e3o as equipes Juventude, Haja &hellip;\" \/>\n<meta property=\"og:url\" content=\"https:\/\/portalnpm.com\/index.php\/2024\/02\/18\/campeonato-tem-inicio-em-caldeirao-grande-do-piaui-com-a-participacao-de-18-equipes\/\" \/>\n<meta property=\"og:site_name\" content=\"Portal NPM\" \/>\n<meta property=\"article:published_time\" content=\"2024-02-19T01:33:47+00:00\" \/>\n<meta property=\"og:image\" content=\"https:\/\/portalnpm.com\/wp-content\/uploads\/2024\/02\/DSC_12549.jpeg\" \/>\n\t<meta property=\"og:image:width\" content=\"640\" \/>\n\t<meta property=\"og:image:height\" content=\"428\" \/>\n\t<meta property=\"og:image:type\" content=\"image\/jpeg\" \/>\n<meta name=\"author\" content=\"Genival Barbosa\" \/>\n<meta name=\"twitter:card\" content=\"summary_large_image\" \/>\n<meta name=\"twitter:label1\" content=\"Escrito por\" \/>\n\t<meta name=\"twitter:data1\" content=\"Genival Barbosa\" \/>\n\t<meta name=\"twitter:label2\" content=\"Est. tempo de leitura\" \/>\n\t<meta name=\"twitter:data2\" content=\"8 minutos\" \/>\n<script type=\"application\/ld+json\" class=\"yoast-schema-graph\">{\"@context\":\"https:\/\/schema.org\",\"@graph\":[{\"@type\":\"WebPage\",\"@id\":\"https:\/\/portalnpm.com\/index.php\/2024\/02\/18\/campeonato-tem-inicio-em-caldeirao-grande-do-piaui-com-a-participacao-de-18-equipes\/\",\"url\":\"https:\/\/portalnpm.com\/index.php\/2024\/02\/18\/campeonato-tem-inicio-em-caldeirao-grande-do-piaui-com-a-participacao-de-18-equipes\/\",\"name\":\"Campeonato tem in\u00edcio em Caldeir\u00e3o Grande do Piau\u00ed com a participa\u00e7\u00e3o de 18 equipes - Portal NPM\",\"isPartOf\":{\"@id\":\"https:\/\/portalnpm.com\/#website\"},\"primaryImageOfPage\":{\"@id\":\"https:\/\/portalnpm.com\/index.php\/2024\/02\/18\/campeonato-tem-inicio-em-caldeirao-grande-do-piaui-com-a-participacao-de-18-equipes\/#primaryimage\"},\"image\":{\"@id\":\"https:\/\/portalnpm.com\/index.php\/2024\/02\/18\/campeonato-tem-inicio-em-caldeirao-grande-do-piaui-com-a-participacao-de-18-equipes\/#primaryimage\"},\"thumbnailUrl\":\"https:\/\/portalnpm.com\/wp-content\/uploads\/2024\/02\/DSC_12549.jpeg\",\"datePublished\":\"2024-02-19T01:33:47+00:00\",\"dateModified\":\"2024-02-19T01:33:47+00:00\",\"author\":{\"@id\":\"https:\/\/portalnpm.com\/#\/schema\/person\/49313e563cfdefcc167f1ee4c017c294\"},\"breadcrumb\":{\"@id\":\"https:\/\/portalnpm.com\/index.php\/2024\/02\/18\/campeonato-tem-inicio-em-caldeirao-grande-do-piaui-com-a-participacao-de-18-equipes\/#breadcrumb\"},\"inLanguage\":\"pt-BR\",\"potentialAction\":[{\"@type\":\"ReadAction\",\"target\":[\"https:\/\/portalnpm.com\/index.php\/2024\/02\/18\/campeonato-tem-inicio-em-caldeirao-grande-do-piaui-com-a-participacao-de-18-equipes\/\"]}]},{\"@type\":\"ImageObject\",\"inLanguage\":\"pt-BR\",\"@id\":\"https:\/\/portalnpm.com\/index.php\/2024\/02\/18\/campeonato-tem-inicio-em-caldeirao-grande-do-piaui-com-a-participacao-de-18-equipes\/#primaryimage\",\"url\":\"https:\/\/portalnpm.com\/wp-content\/uploads\/2024\/02\/DSC_12549.jpeg\",\"contentUrl\":\"https:\/\/portalnpm.com\/wp-content\/uploads\/2024\/02\/DSC_12549.jpeg\",\"width\":640,\"height\":428,\"caption\":\"????????????????????????????????????\"},{\"@type\":\"BreadcrumbList\",\"@id\":\"https:\/\/portalnpm.com\/index.php\/2024\/02\/18\/campeonato-tem-inicio-em-caldeirao-grande-do-piaui-com-a-participacao-de-18-equipes\/#breadcrumb\",\"itemListElement\":[{\"@type\":\"ListItem\",\"position\":1,\"name\":\"In\u00edcio\",\"item\":\"https:\/\/portalnpm.com\/\"},{\"@type\":\"ListItem\",\"position\":2,\"name\":\"Campeonato tem in\u00edcio em Caldeir\u00e3o Grande do Piau\u00ed com a participa\u00e7\u00e3o de 18 equipes\"}]},{\"@type\":\"WebSite\",\"@id\":\"https:\/\/portalnpm.com\/#website\",\"url\":\"https:\/\/portalnpm.com\/\",\"name\":\"Portal NPM\",\"description\":\"Not\u00edcias em Primeira M\u00e3o\",\"potentialAction\":[{\"@type\":\"SearchAction\",\"target\":{\"@type\":\"EntryPoint\",\"urlTemplate\":\"https:\/\/portalnpm.com\/?s={search_term_string}\"},\"query-input\":\"required name=search_term_string\"}],\"inLanguage\":\"pt-BR\"},{\"@type\":\"Person\",\"@id\":\"https:\/\/portalnpm.com\/#\/schema\/person\/49313e563cfdefcc167f1ee4c017c294\",\"name\":\"Genival Barbosa\",\"image\":{\"@type\":\"ImageObject\",\"inLanguage\":\"pt-BR\",\"@id\":\"https:\/\/portalnpm.com\/#\/schema\/person\/image\/\",\"url\":\"https:\/\/portalnpm.com\/wp-content\/uploads\/2024\/02\/avatar_user_2_1707743258-96x96.jpeg\",\"contentUrl\":\"https:\/\/portalnpm.com\/wp-content\/uploads\/2024\/02\/avatar_user_2_1707743258-96x96.jpeg\",\"caption\":\"Genival Barbosa\"},\"url\":\"https:\/\/portalnpm.com\/index.php\/author\/genival\/\"}]}<\/script>\n<!-- \/ Yoast SEO plugin. -->","yoast_head_json":{"title":"Campeonato tem in\u00edcio em Caldeir\u00e3o Grande do Piau\u00ed com a participa\u00e7\u00e3o de 18 equipes - Portal NPM","robots":{"index":"index","follow":"follow","max-snippet":"max-snippet:-1","max-image-preview":"max-image-preview:large","max-video-preview":"max-video-preview:-1"},"canonical":"https:\/\/portalnpm.com\/index.php\/2024\/02\/18\/campeonato-tem-inicio-em-caldeirao-grande-do-piaui-com-a-participacao-de-18-equipes\/","og_locale":"pt_BR","og_type":"article","og_title":"Campeonato tem in\u00edcio em Caldeir\u00e3o Grande do Piau\u00ed com a participa\u00e7\u00e3o de 18 equipes - Portal NPM","og_description":"A Prefeitura de Caldeir\u00e3o Grande do Piau\u00ed, por meio da Secretaria Municipal de Esporte, realizou na tarde deste s\u00e1bado, 17 de fevereiro, a abertura do 31\u00ba Campeonato Municipal de Futebol Amador, onde neste ano a competi\u00e7\u00e3o conta com 18 equipes disputando o t\u00edtulo de melhor time do munic\u00edpio. Participam da competi\u00e7\u00e3o as equipes Juventude, Haja &hellip;","og_url":"https:\/\/portalnpm.com\/index.php\/2024\/02\/18\/campeonato-tem-inicio-em-caldeirao-grande-do-piaui-com-a-participacao-de-18-equipes\/","og_site_name":"Portal NPM","article_published_time":"2024-02-19T01:33:47+00:00","og_image":[{"width":640,"height":428,"url":"https:\/\/portalnpm.com\/wp-content\/uploads\/2024\/02\/DSC_12549.jpeg","type":"image\/jpeg"}],"author":"Genival Barbosa","twitter_card":"summary_large_image","twitter_misc":{"Escrito por":"Genival Barbosa","Est. tempo de leitura":"8 minutos"},"schema":{"@context":"https:\/\/schema.org","@graph":[{"@type":"WebPage","@id":"https:\/\/portalnpm.com\/index.php\/2024\/02\/18\/campeonato-tem-inicio-em-caldeirao-grande-do-piaui-com-a-participacao-de-18-equipes\/","url":"https:\/\/portalnpm.com\/index.php\/2024\/02\/18\/campeonato-tem-inicio-em-caldeirao-grande-do-piaui-com-a-participacao-de-18-equipes\/","name":"Campeonato tem in\u00edcio em Caldeir\u00e3o Grande do Piau\u00ed com a participa\u00e7\u00e3o de 18 equipes - Portal NPM","isPartOf":{"@id":"https:\/\/portalnpm.com\/#website"},"primaryImageOfPage":{"@id":"https:\/\/portalnpm.com\/index.php\/2024\/02\/18\/campeonato-tem-inicio-em-caldeirao-grande-do-piaui-com-a-participacao-de-18-equipes\/#primaryimage"},"image":{"@id":"https:\/\/portalnpm.com\/index.php\/2024\/02\/18\/campeonato-tem-inicio-em-caldeirao-grande-do-piaui-com-a-participacao-de-18-equipes\/#primaryimage"},"thumbnailUrl":"https:\/\/portalnpm.com\/wp-content\/uploads\/2024\/02\/DSC_12549.jpeg","datePublished":"2024-02-19T01:33:47+00:00","dateModified":"2024-02-19T01:33:47+00:00","author":{"@id":"https:\/\/portalnpm.com\/#\/schema\/person\/49313e563cfdefcc167f1ee4c017c294"},"breadcrumb":{"@id":"https:\/\/portalnpm.com\/index.php\/2024\/02\/18\/campeonato-tem-inicio-em-caldeirao-grande-do-piaui-com-a-participacao-de-18-equipes\/#breadcrumb"},"inLanguage":"pt-BR","potentialAction":[{"@type":"ReadAction","target":["https:\/\/portalnpm.com\/index.php\/2024\/02\/18\/campeonato-tem-inicio-em-caldeirao-grande-do-piaui-com-a-participacao-de-18-equipes\/"]}]},{"@type":"ImageObject","inLanguage":"pt-BR","@id":"https:\/\/portalnpm.com\/index.php\/2024\/02\/18\/campeonato-tem-inicio-em-caldeirao-grande-do-piaui-com-a-participacao-de-18-equipes\/#primaryimage","url":"https:\/\/portalnpm.com\/wp-content\/uploads\/2024\/02\/DSC_12549.jpeg","contentUrl":"https:\/\/portalnpm.com\/wp-content\/uploads\/2024\/02\/DSC_12549.jpeg","width":640,"height":428,"caption":"????????????????????????????????????"},{"@type":"BreadcrumbList","@id":"https:\/\/portalnpm.com\/index.php\/2024\/02\/18\/campeonato-tem-inicio-em-caldeirao-grande-do-piaui-com-a-participacao-de-18-equipes\/#breadcrumb","itemListElement":[{"@type":"ListItem","position":1,"name":"In\u00edcio","item":"https:\/\/portalnpm.com\/"},{"@type":"ListItem","position":2,"name":"Campeonato tem in\u00edcio em Caldeir\u00e3o Grande do Piau\u00ed com a participa\u00e7\u00e3o de 18 equipes"}]},{"@type":"WebSite","@id":"https:\/\/portalnpm.com\/#website","url":"https:\/\/portalnpm.com\/","name":"Portal NPM","description":"Not\u00edcias em Primeira M\u00e3o","potentialAction":[{"@type":"SearchAction","target":{"@type":"EntryPoint","urlTemplate":"https:\/\/portalnpm.com\/?s={search_term_string}"},"query-input":"required name=search_term_string"}],"inLanguage":"pt-BR"},{"@type":"Person","@id":"https:\/\/portalnpm.com\/#\/schema\/person\/49313e563cfdefcc167f1ee4c017c294","name":"Genival Barbosa","image":{"@type":"ImageObject","inLanguage":"pt-BR","@id":"https:\/\/portalnpm.com\/#\/schema\/person\/image\/","url":"https:\/\/portalnpm.com\/wp-content\/uploads\/2024\/02\/avatar_user_2_1707743258-96x96.jpeg","contentUrl":"https:\/\/portalnpm.com\/wp-content\/uploads\/2024\/02\/avatar_user_2_1707743258-96x96.jpeg","caption":"Genival Barbosa"},"url":"https:\/\/portalnpm.com\/index.php\/author\/genival\/"}]}},"jetpack_sharing_enabled":true,"jetpack_featured_media_url":"https:\/\/portalnpm.com\/wp-content\/uploads\/2024\/02\/DSC_12549.jpeg","_links":{"self":[{"href":"https:\/\/portalnpm.com\/index.php\/wp-json\/wp\/v2\/posts\/71340"}],"collection":[{"href":"https:\/\/portalnpm.com\/index.php\/wp-json\/wp\/v2\/posts"}],"about":[{"href":"https:\/\/portalnpm.com\/index.php\/wp-json\/wp\/v2\/types\/post"}],"author":[{"embeddable":true,"href":"https:\/\/portalnpm.com\/index.php\/wp-json\/wp\/v2\/users\/2"}],"replies":[{"embeddable":true,"href":"https:\/\/portalnpm.com\/index.php\/wp-json\/wp\/v2\/comments?post=71340"}],"version-history":[{"count":1,"href":"https:\/\/portalnpm.com\/index.php\/wp-json\/wp\/v2\/posts\/71340\/revisions"}],"predecessor-version":[{"id":71342,"href":"https:\/\/portalnpm.com\/index.php\/wp-json\/wp\/v2\/posts\/71340\/revisions\/71342"}],"wp:featuredmedia":[{"embeddable":true,"href":"https:\/\/portalnpm.com\/index.php\/wp-json\/wp\/v2\/media\/71341"}],"wp:attachment":[{"href":"https:\/\/portalnpm.com\/index.php\/wp-json\/wp\/v2\/media?parent=71340"}],"wp:term":[{"taxonomy":"category","embeddable":true,"href":"https:\/\/portalnpm.com\/index.php\/wp-json\/wp\/v2\/categories?post=71340"},{"taxonomy":"post_tag","embeddable":true,"href":"https:\/\/portalnpm.com\/index.php\/wp-json\/wp\/v2\/tags?post=71340"}],"curies":[{"name":"wp","href":"https:\/\/api.w.org\/{rel}","templated":true}]}}